{"id":87491,"date":"2026-04-28T16:23:32","date_gmt":"2026-04-28T20:23:32","guid":{"rendered":"https:\/\/noti-america.com\/site\/principal\/?p=87491"},"modified":"2026-04-28T16:23:32","modified_gmt":"2026-04-28T20:23:32","slug":"el-diablo-viste-a-la-moda-2-promete-un-espectaculo-de-glamour-hazme-una-noticia-de-esto","status":"publish","type":"post","link":"https:\/\/noti-america.com\/site\/principal\/2026\/04\/28\/el-diablo-viste-a-la-moda-2-promete-un-espectaculo-de-glamour-hazme-una-noticia-de-esto\/","title":{"rendered":"El diablo viste a la moda 2 promete un espect\u00e1culo de glamour hazme una noticia de esto"},"content":{"rendered":"<p data-path-to-node=\"0\">NOTI-AMERICA.COM | ESPA\u00d1A<\/p>\n<p style=\"text-align: justify\" data-path-to-node=\"0\">\u00a1Es oficial! El mundo de la alta costura y las rivalidades editoriales est\u00e1 por recibir una nueva dosis de drama. Casi dos d\u00e9cadas despu\u00e9s de que Miranda Priestly hiciera del \u00abcer\u00faleo\u00bb el color m\u00e1s importante del mundo, <b data-path-to-node=\"0\" data-index-in-node=\"220\">El Diablo Viste a la Moda 2<\/b> (The Devil Wears Prada 2) ha sido confirmada, prometiendo elevar el est\u00e1ndar del glamour en la gran pantalla.<\/p>\n<p style=\"text-align: justify\" data-path-to-node=\"1\">Aqu\u00ed tienes los detalles clave de esta esperada secuela:<\/p>\n<h2 style=\"text-align: justify\" data-path-to-node=\"3\"><b data-path-to-node=\"3\" data-index-in-node=\"0\">Miranda Priestly ante el declive de las revistas impresas<\/b><\/h2>\n<p style=\"text-align: justify\" data-path-to-node=\"4\">La trama de esta nueva entrega se sit\u00faa en el contexto actual, donde el prestigio de las revistas de moda tradicionales se enfrenta al dominio implacable del <b data-path-to-node=\"4\" data-index-in-node=\"158\">mundo digital<\/b>. Miranda Priestly, la legendaria e intimidante editora de <i data-path-to-node=\"4\" data-index-in-node=\"230\">Runway<\/i>, deber\u00e1 navegar por un panorama medi\u00e1tico que ya no reconoce su autoridad absoluta.<\/p>\n<h3 style=\"text-align: justify\" data-path-to-node=\"5\"><b data-path-to-node=\"5\" data-index-in-node=\"0\">El regreso de las protagonistas<\/b><\/h3>\n<p style=\"text-align: justify\" data-path-to-node=\"6\">Lo que m\u00e1s ha emocionado a los seguidores es el retorno del elenco original:<\/p>\n<ul style=\"text-align: justify\" data-path-to-node=\"7\">\n<li>\n<p data-path-to-node=\"7,0,0\"><b data-path-to-node=\"7,0,0\" data-index-in-node=\"0\">Meryl Streep:<\/b> Regresa para encarnar a la ic\u00f3nica Miranda.<\/p>\n<\/li>\n<li>\n<p data-path-to-node=\"7,1,0\"><b data-path-to-node=\"7,1,0\" data-index-in-node=\"0\">Emily Blunt:<\/b> Vuelve como Emily Charlton, quien ahora ocupa un puesto de alto mando en un conglomerado de lujo.<\/p>\n<\/li>\n<li>\n<p data-path-to-node=\"7,2,0\"><b data-path-to-node=\"7,2,0\" data-index-in-node=\"0\">Anne Hathaway:<\/b> Se espera que retome su papel como Andy Sachs, cerrando el tri\u00e1ngulo de poder que cautiv\u00f3 al p\u00fablico en 2006.<\/p>\n<\/li>\n<\/ul>\n<h2 style=\"text-align: justify\" data-path-to-node=\"9\"><b data-path-to-node=\"9\" data-index-in-node=\"0\">El conflicto central: \u00bfQui\u00e9n tiene el poder?<\/b><\/h2>\n<p style=\"text-align: justify\" data-path-to-node=\"10\">La secuela no solo se centrar\u00e1 en desfiles y sesiones fotogr\u00e1ficas de lujo. El n\u00facleo de la historia ser\u00e1 el enfrentamiento entre <b data-path-to-node=\"10\" data-index-in-node=\"130\">Miranda y Emily<\/b>. Con las revistas impresas en crisis, Miranda se ver\u00e1 obligada a pedir ayuda a su antigua asistente, Emily, quien ahora controla los presupuestos de publicidad que <i data-path-to-node=\"10\" data-index-in-node=\"310\">Runway<\/i> necesita desesperadamente para sobrevivir.<\/p>\n<h2 style=\"text-align: justify\" data-path-to-node=\"12\"><b data-path-to-node=\"12\" data-index-in-node=\"0\">\u00bfQu\u00e9 esperar a nivel visual?<\/b><\/h2>\n<p style=\"text-align: justify\" data-path-to-node=\"13\">Si la primera pel\u00edcula defini\u00f3 la est\u00e9tica de mediados de los 2000, esta secuela promete:<\/p>\n<ul style=\"text-align: justify\" data-path-to-node=\"14\">\n<li>\n<p data-path-to-node=\"14,0,0\"><b data-path-to-node=\"14,0,0\" data-index-in-node=\"0\">Moda de vanguardia:<\/b> Una curadur\u00eda de vestuario que refleje la transici\u00f3n del lujo cl\u00e1sico a la era de los <i data-path-to-node=\"14,0,0\" data-index-in-node=\"106\">influencers<\/i> y el <i data-path-to-node=\"14,0,0\" data-index-in-node=\"123\">streetwear<\/i> de alta gama.<\/p>\n<\/li>\n<li>\n<p data-path-to-node=\"14,1,0\"><b data-path-to-node=\"14,1,0\" data-index-in-node=\"0\">Escenarios internacionales:<\/b> Rumores apuntan a que las capitales de la moda como Par\u00eds y Mil\u00e1n ser\u00e1n protagonistas de las escenas m\u00e1s tensas.<\/p>\n<\/li>\n<li>\n<p data-path-to-node=\"14,2,0\"><b data-path-to-node=\"14,2,0\" data-index-in-node=\"0\">Humor \u00e1cido:<\/b> El guion original de Aline Brosh McKenna est\u00e1 de vuelta, asegurando esos di\u00e1logos afilados que se convirtieron en cultura pop.<\/p>\n<\/li>\n<\/ul>\n<blockquote data-path-to-node=\"15\">\n<p style=\"text-align: justify\" data-path-to-node=\"15,0\">\u00abEn un mundo donde cualquiera puede ser cr\u00edtico de moda desde su tel\u00e9fono, Miranda Priestly est\u00e1 a punto de demostrar que el estilo no es una tendencia, sino una dictadura.\u00bb<\/p>\n<\/blockquote>\n","protected":false},"excerpt":{"rendered":"<p>NOTI-AMERICA.COM | ESPA\u00d1A \u00a1Es oficial! El mundo de la alta costura y las rivalidades editoriales est\u00e1 por recibir una nueva dosis de drama. Casi dos d\u00e9cadas despu\u00e9s de que Miranda Priestly hiciera del \u00abcer\u00faleo\u00bb&#46;&#46;&#46;<\/p>\n","protected":false},"author":133,"featured_media":87492,"comment_status":"","ping_status":"open","sticky":false,"template":"","format":"image","meta":{"_acf_changed":false,"rop_custom_images_group":[],"rop_custom_messages_group":[],"rop_publish_now":"no","rop_publish_now_accounts":{"facebook_10219548024599422_1632221337088128":"","twitter_242054905_242054905":""},"rop_publish_now_history":[{"account":"twitter_242054905_242054905","service":"twitter","timestamp":1777407889,"status":"success"}],"rop_publish_now_status":"done","footnotes":""},"categories":[663],"tags":[],"class_list":["post-87491","post","type-post","status-publish","format-image","has-post-thumbnail","hentry","category-actualidad","post_format-post-format-image"],"acf":[],"yoast_head":"<!-- This site is optimized with the Yoast SEO Premium plugin v24.9 (Yoast SEO v27.2) - https:\/\/yoast.com\/product\/yoast-seo-premium-wordpress\/ -->\n<title>El diablo viste a la moda 2 promete un espect\u00e1culo de glamour hazme una noticia de esto - Noti-America.com<\/title>\n<meta name=\"robots\" content=\"index, follow, max-snippet:-1, max-image-preview:large, max-video-preview:-1\" \/>\n<link rel=\"canonical\" href=\"https:\/\/noti-america.com\/site\/principal\/2026\/04\/28\/el-diablo-viste-a-la-moda-2-promete-un-espectaculo-de-glamour-hazme-una-noticia-de-esto\/\" \/>\n<meta property=\"og:locale\" content=\"es_ES\" \/>\n<meta property=\"og:type\" content=\"article\" \/>\n<meta property=\"og:title\" content=\"El diablo viste a la moda 2 promete un espect\u00e1culo de glamour hazme una noticia de esto\" \/>\n<meta property=\"og:description\" content=\"NOTI-AMERICA.COM | ESPA\u00d1A \u00a1Es oficial! El mundo de la alta costura y las rivalidades editoriales est\u00e1 por recibir una nueva dosis de drama. Casi dos d\u00e9cadas despu\u00e9s de que Miranda Priestly hiciera del \u00abcer\u00faleo\u00bb&#046;&#046;&#046;\" \/>\n<meta property=\"og:url\" content=\"https:\/\/noti-america.com\/site\/principal\/2026\/04\/28\/el-diablo-viste-a-la-moda-2-promete-un-espectaculo-de-glamour-hazme-una-noticia-de-esto\/\" \/>\n<meta property=\"og:site_name\" content=\"Noti-America.com\" \/>\n<meta property=\"article:author\" content=\"Mar\u00eda Valentina Noguera\" \/>\n<meta property=\"article:published_time\" content=\"2026-04-28T20:23:32+00:00\" \/>\n<meta property=\"og:image\" content=\"https:\/\/noti-america.com\/site\/principal\/wp-content\/uploads\/sites\/26\/2026\/04\/Screenshot_28-4-2026_122223_cdn.tatlerasia.com_.jpeg\" \/>\n\t<meta property=\"og:image:width\" content=\"1249\" \/>\n\t<meta property=\"og:image:height\" content=\"634\" \/>\n\t<meta property=\"og:image:type\" content=\"image\/jpeg\" \/>\n<meta name=\"author\" content=\"Maria Valentina Noguera Medina\" \/>\n<meta name=\"twitter:card\" content=\"summary_large_image\" \/>\n<meta name=\"twitter:label1\" content=\"Escrito por\" \/>\n\t<meta name=\"twitter:data1\" content=\"Maria Valentina Noguera Medina\" \/>\n\t<meta name=\"twitter:label2\" content=\"Tiempo estimado de lectura\" \/>\n\t<meta name=\"twitter:data2\" content=\"2 minutos\" \/>\n<script type=\"application\/ld+json\" class=\"yoast-schema-graph\">{\"@context\":\"https:\/\/schema.org\",\"@graph\":[{\"@type\":\"Article\",\"@id\":\"https:\/\/noti-america.com\/site\/principal\/2026\/04\/28\/el-diablo-viste-a-la-moda-2-promete-un-espectaculo-de-glamour-hazme-una-noticia-de-esto\/#article\",\"isPartOf\":{\"@id\":\"https:\/\/noti-america.com\/site\/principal\/2026\/04\/28\/el-diablo-viste-a-la-moda-2-promete-un-espectaculo-de-glamour-hazme-una-noticia-de-esto\/\"},\"author\":{\"name\":\"Maria Valentina Noguera Medina\",\"@id\":\"https:\/\/noti-america.com\/site\/principal\/#\/schema\/person\/22806efcc2cfc4b45efb0e17be210ea8\"},\"headline\":\"El diablo viste a la moda 2 promete un espect\u00e1culo de glamour hazme una noticia de esto\",\"datePublished\":\"2026-04-28T20:23:32+00:00\",\"mainEntityOfPage\":{\"@id\":\"https:\/\/noti-america.com\/site\/principal\/2026\/04\/28\/el-diablo-viste-a-la-moda-2-promete-un-espectaculo-de-glamour-hazme-una-noticia-de-esto\/\"},\"wordCount\":426,\"image\":{\"@id\":\"https:\/\/noti-america.com\/site\/principal\/2026\/04\/28\/el-diablo-viste-a-la-moda-2-promete-un-espectaculo-de-glamour-hazme-una-noticia-de-esto\/#primaryimage\"},\"thumbnailUrl\":\"https:\/\/noti-america.com\/site\/principal\/wp-content\/uploads\/sites\/26\/2026\/04\/Screenshot_28-4-2026_122223_cdn.tatlerasia.com_.jpeg\",\"articleSection\":[\"Actualidad\"],\"inLanguage\":\"es\"},{\"@type\":\"WebPage\",\"@id\":\"https:\/\/noti-america.com\/site\/principal\/2026\/04\/28\/el-diablo-viste-a-la-moda-2-promete-un-espectaculo-de-glamour-hazme-una-noticia-de-esto\/\",\"url\":\"https:\/\/noti-america.com\/site\/principal\/2026\/04\/28\/el-diablo-viste-a-la-moda-2-promete-un-espectaculo-de-glamour-hazme-una-noticia-de-esto\/\",\"name\":\"El diablo viste a la moda 2 promete un espect\u00e1culo de glamour hazme una noticia de esto - Noti-America.com\",\"isPartOf\":{\"@id\":\"https:\/\/noti-america.com\/site\/principal\/#website\"},\"primaryImageOfPage\":{\"@id\":\"https:\/\/noti-america.com\/site\/principal\/2026\/04\/28\/el-diablo-viste-a-la-moda-2-promete-un-espectaculo-de-glamour-hazme-una-noticia-de-esto\/#primaryimage\"},\"image\":{\"@id\":\"https:\/\/noti-america.com\/site\/principal\/2026\/04\/28\/el-diablo-viste-a-la-moda-2-promete-un-espectaculo-de-glamour-hazme-una-noticia-de-esto\/#primaryimage\"},\"thumbnailUrl\":\"https:\/\/noti-america.com\/site\/principal\/wp-content\/uploads\/sites\/26\/2026\/04\/Screenshot_28-4-2026_122223_cdn.tatlerasia.com_.jpeg\",\"datePublished\":\"2026-04-28T20:23:32+00:00\",\"author\":{\"@id\":\"https:\/\/noti-america.com\/site\/principal\/#\/schema\/person\/22806efcc2cfc4b45efb0e17be210ea8\"},\"breadcrumb\":{\"@id\":\"https:\/\/noti-america.com\/site\/principal\/2026\/04\/28\/el-diablo-viste-a-la-moda-2-promete-un-espectaculo-de-glamour-hazme-una-noticia-de-esto\/#breadcrumb\"},\"inLanguage\":\"es\",\"potentialAction\":[{\"@type\":\"ReadAction\",\"target\":[\"https:\/\/noti-america.com\/site\/principal\/2026\/04\/28\/el-diablo-viste-a-la-moda-2-promete-un-espectaculo-de-glamour-hazme-una-noticia-de-esto\/\"]}]},{\"@type\":\"ImageObject\",\"inLanguage\":\"es\",\"@id\":\"https:\/\/noti-america.com\/site\/principal\/2026\/04\/28\/el-diablo-viste-a-la-moda-2-promete-un-espectaculo-de-glamour-hazme-una-noticia-de-esto\/#primaryimage\",\"url\":\"https:\/\/noti-america.com\/site\/principal\/wp-content\/uploads\/sites\/26\/2026\/04\/Screenshot_28-4-2026_122223_cdn.tatlerasia.com_.jpeg\",\"contentUrl\":\"https:\/\/noti-america.com\/site\/principal\/wp-content\/uploads\/sites\/26\/2026\/04\/Screenshot_28-4-2026_122223_cdn.tatlerasia.com_.jpeg\",\"width\":1249,\"height\":634},{\"@type\":\"BreadcrumbList\",\"@id\":\"https:\/\/noti-america.com\/site\/principal\/2026\/04\/28\/el-diablo-viste-a-la-moda-2-promete-un-espectaculo-de-glamour-hazme-una-noticia-de-esto\/#breadcrumb\",\"itemListElement\":[{\"@type\":\"ListItem\",\"position\":1,\"name\":\"Portada\",\"item\":\"https:\/\/noti-america.com\/site\/principal\/\"},{\"@type\":\"ListItem\",\"position\":2,\"name\":\"El diablo viste a la moda 2 promete un espect\u00e1culo de glamour hazme una noticia de esto\"}]},{\"@type\":\"WebSite\",\"@id\":\"https:\/\/noti-america.com\/site\/principal\/#website\",\"url\":\"https:\/\/noti-america.com\/site\/principal\/\",\"name\":\"Noti-America.com\",\"description\":\"El Noticiero Digital M\u00e1s Grande de Am\u00e9rica\",\"potentialAction\":[{\"@type\":\"SearchAction\",\"target\":{\"@type\":\"EntryPoint\",\"urlTemplate\":\"https:\/\/noti-america.com\/site\/principal\/?s={search_term_string}\"},\"query-input\":{\"@type\":\"PropertyValueSpecification\",\"valueRequired\":true,\"valueName\":\"search_term_string\"}}],\"inLanguage\":\"es\"},{\"@type\":\"Person\",\"@id\":\"https:\/\/noti-america.com\/site\/principal\/#\/schema\/person\/22806efcc2cfc4b45efb0e17be210ea8\",\"name\":\"Maria Valentina Noguera Medina\",\"image\":{\"@type\":\"ImageObject\",\"inLanguage\":\"es\",\"@id\":\"https:\/\/secure.gravatar.com\/avatar\/4ec5eb9d099f2608a49c9df6f7341f66f04f819cdffa09d56a7a0e91d2819d56?s=96&d=mm&r=g\",\"url\":\"https:\/\/secure.gravatar.com\/avatar\/4ec5eb9d099f2608a49c9df6f7341f66f04f819cdffa09d56a7a0e91d2819d56?s=96&d=mm&r=g\",\"contentUrl\":\"https:\/\/secure.gravatar.com\/avatar\/4ec5eb9d099f2608a49c9df6f7341f66f04f819cdffa09d56a7a0e91d2819d56?s=96&d=mm&r=g\",\"caption\":\"Maria Valentina Noguera Medina\"},\"description\":\"Periodista - noti-america - Promar Community Manager - Talento Plus Dise\u00f1adora\/ creadora de contenido...\",\"sameAs\":[\"Mar\u00eda Valentina Noguera\",\"https:\/\/www.facebook.com\/mariavalentina.noguera\",\"https:\/\/www.linkedin.com\/in\/mara-valentina-noguera-medina-373075165\/\",\"https:\/\/www.pinterest.es\/valentinanoguera95\/\",\"https:\/\/www.youtube.com\/channel\/UCdek6mbUZ-Tqqw0I63i4nmQ\"],\"url\":\"https:\/\/noti-america.com\/site\/principal\/author\/mnoguera\/\"}]}<\/script>\n<!-- \/ Yoast SEO Premium plugin. -->","yoast_head_json":{"title":"El diablo viste a la moda 2 promete un espect\u00e1culo de glamour hazme una noticia de esto - Noti-America.com","robots":{"index":"index","follow":"follow","max-snippet":"max-snippet:-1","max-image-preview":"max-image-preview:large","max-video-preview":"max-video-preview:-1"},"canonical":"https:\/\/noti-america.com\/site\/principal\/2026\/04\/28\/el-diablo-viste-a-la-moda-2-promete-un-espectaculo-de-glamour-hazme-una-noticia-de-esto\/","og_locale":"es_ES","og_type":"article","og_title":"El diablo viste a la moda 2 promete un espect\u00e1culo de glamour hazme una noticia de esto","og_description":"NOTI-AMERICA.COM | ESPA\u00d1A \u00a1Es oficial! El mundo de la alta costura y las rivalidades editoriales est\u00e1 por recibir una nueva dosis de drama. Casi dos d\u00e9cadas despu\u00e9s de que Miranda Priestly hiciera del \u00abcer\u00faleo\u00bb&#46;&#46;&#46;","og_url":"https:\/\/noti-america.com\/site\/principal\/2026\/04\/28\/el-diablo-viste-a-la-moda-2-promete-un-espectaculo-de-glamour-hazme-una-noticia-de-esto\/","og_site_name":"Noti-America.com","article_author":"Mar\u00eda Valentina Noguera","article_published_time":"2026-04-28T20:23:32+00:00","og_image":[{"width":1249,"height":634,"url":"https:\/\/noti-america.com\/site\/principal\/wp-content\/uploads\/sites\/26\/2026\/04\/Screenshot_28-4-2026_122223_cdn.tatlerasia.com_.jpeg","type":"image\/jpeg"}],"author":"Maria Valentina Noguera Medina","twitter_card":"summary_large_image","twitter_misc":{"Escrito por":"Maria Valentina Noguera Medina","Tiempo estimado de lectura":"2 minutos"},"schema":{"@context":"https:\/\/schema.org","@graph":[{"@type":"Article","@id":"https:\/\/noti-america.com\/site\/principal\/2026\/04\/28\/el-diablo-viste-a-la-moda-2-promete-un-espectaculo-de-glamour-hazme-una-noticia-de-esto\/#article","isPartOf":{"@id":"https:\/\/noti-america.com\/site\/principal\/2026\/04\/28\/el-diablo-viste-a-la-moda-2-promete-un-espectaculo-de-glamour-hazme-una-noticia-de-esto\/"},"author":{"name":"Maria Valentina Noguera Medina","@id":"https:\/\/noti-america.com\/site\/principal\/#\/schema\/person\/22806efcc2cfc4b45efb0e17be210ea8"},"headline":"El diablo viste a la moda 2 promete un espect\u00e1culo de glamour hazme una noticia de esto","datePublished":"2026-04-28T20:23:32+00:00","mainEntityOfPage":{"@id":"https:\/\/noti-america.com\/site\/principal\/2026\/04\/28\/el-diablo-viste-a-la-moda-2-promete-un-espectaculo-de-glamour-hazme-una-noticia-de-esto\/"},"wordCount":426,"image":{"@id":"https:\/\/noti-america.com\/site\/principal\/2026\/04\/28\/el-diablo-viste-a-la-moda-2-promete-un-espectaculo-de-glamour-hazme-una-noticia-de-esto\/#primaryimage"},"thumbnailUrl":"https:\/\/noti-america.com\/site\/principal\/wp-content\/uploads\/sites\/26\/2026\/04\/Screenshot_28-4-2026_122223_cdn.tatlerasia.com_.jpeg","articleSection":["Actualidad"],"inLanguage":"es"},{"@type":"WebPage","@id":"https:\/\/noti-america.com\/site\/principal\/2026\/04\/28\/el-diablo-viste-a-la-moda-2-promete-un-espectaculo-de-glamour-hazme-una-noticia-de-esto\/","url":"https:\/\/noti-america.com\/site\/principal\/2026\/04\/28\/el-diablo-viste-a-la-moda-2-promete-un-espectaculo-de-glamour-hazme-una-noticia-de-esto\/","name":"El diablo viste a la moda 2 promete un espect\u00e1culo de glamour hazme una noticia de esto - Noti-America.com","isPartOf":{"@id":"https:\/\/noti-america.com\/site\/principal\/#website"},"primaryImageOfPage":{"@id":"https:\/\/noti-america.com\/site\/principal\/2026\/04\/28\/el-diablo-viste-a-la-moda-2-promete-un-espectaculo-de-glamour-hazme-una-noticia-de-esto\/#primaryimage"},"image":{"@id":"https:\/\/noti-america.com\/site\/principal\/2026\/04\/28\/el-diablo-viste-a-la-moda-2-promete-un-espectaculo-de-glamour-hazme-una-noticia-de-esto\/#primaryimage"},"thumbnailUrl":"https:\/\/noti-america.com\/site\/principal\/wp-content\/uploads\/sites\/26\/2026\/04\/Screenshot_28-4-2026_122223_cdn.tatlerasia.com_.jpeg","datePublished":"2026-04-28T20:23:32+00:00","author":{"@id":"https:\/\/noti-america.com\/site\/principal\/#\/schema\/person\/22806efcc2cfc4b45efb0e17be210ea8"},"breadcrumb":{"@id":"https:\/\/noti-america.com\/site\/principal\/2026\/04\/28\/el-diablo-viste-a-la-moda-2-promete-un-espectaculo-de-glamour-hazme-una-noticia-de-esto\/#breadcrumb"},"inLanguage":"es","potentialAction":[{"@type":"ReadAction","target":["https:\/\/noti-america.com\/site\/principal\/2026\/04\/28\/el-diablo-viste-a-la-moda-2-promete-un-espectaculo-de-glamour-hazme-una-noticia-de-esto\/"]}]},{"@type":"ImageObject","inLanguage":"es","@id":"https:\/\/noti-america.com\/site\/principal\/2026\/04\/28\/el-diablo-viste-a-la-moda-2-promete-un-espectaculo-de-glamour-hazme-una-noticia-de-esto\/#primaryimage","url":"https:\/\/noti-america.com\/site\/principal\/wp-content\/uploads\/sites\/26\/2026\/04\/Screenshot_28-4-2026_122223_cdn.tatlerasia.com_.jpeg","contentUrl":"https:\/\/noti-america.com\/site\/principal\/wp-content\/uploads\/sites\/26\/2026\/04\/Screenshot_28-4-2026_122223_cdn.tatlerasia.com_.jpeg","width":1249,"height":634},{"@type":"BreadcrumbList","@id":"https:\/\/noti-america.com\/site\/principal\/2026\/04\/28\/el-diablo-viste-a-la-moda-2-promete-un-espectaculo-de-glamour-hazme-una-noticia-de-esto\/#breadcrumb","itemListElement":[{"@type":"ListItem","position":1,"name":"Portada","item":"https:\/\/noti-america.com\/site\/principal\/"},{"@type":"ListItem","position":2,"name":"El diablo viste a la moda 2 promete un espect\u00e1culo de glamour hazme una noticia de esto"}]},{"@type":"WebSite","@id":"https:\/\/noti-america.com\/site\/principal\/#website","url":"https:\/\/noti-america.com\/site\/principal\/","name":"Noti-America.com","description":"El Noticiero Digital M\u00e1s Grande de Am\u00e9rica","potentialAction":[{"@type":"SearchAction","target":{"@type":"EntryPoint","urlTemplate":"https:\/\/noti-america.com\/site\/principal\/?s={search_term_string}"},"query-input":{"@type":"PropertyValueSpecification","valueRequired":true,"valueName":"search_term_string"}}],"inLanguage":"es"},{"@type":"Person","@id":"https:\/\/noti-america.com\/site\/principal\/#\/schema\/person\/22806efcc2cfc4b45efb0e17be210ea8","name":"Maria Valentina Noguera Medina","image":{"@type":"ImageObject","inLanguage":"es","@id":"https:\/\/secure.gravatar.com\/avatar\/4ec5eb9d099f2608a49c9df6f7341f66f04f819cdffa09d56a7a0e91d2819d56?s=96&d=mm&r=g","url":"https:\/\/secure.gravatar.com\/avatar\/4ec5eb9d099f2608a49c9df6f7341f66f04f819cdffa09d56a7a0e91d2819d56?s=96&d=mm&r=g","contentUrl":"https:\/\/secure.gravatar.com\/avatar\/4ec5eb9d099f2608a49c9df6f7341f66f04f819cdffa09d56a7a0e91d2819d56?s=96&d=mm&r=g","caption":"Maria Valentina Noguera Medina"},"description":"Periodista - noti-america - Promar Community Manager - Talento Plus Dise\u00f1adora\/ creadora de contenido...","sameAs":["Mar\u00eda Valentina Noguera","https:\/\/www.facebook.com\/mariavalentina.noguera","https:\/\/www.linkedin.com\/in\/mara-valentina-noguera-medina-373075165\/","https:\/\/www.pinterest.es\/valentinanoguera95\/","https:\/\/www.youtube.com\/channel\/UCdek6mbUZ-Tqqw0I63i4nmQ"],"url":"https:\/\/noti-america.com\/site\/principal\/author\/mnoguera\/"}]}},"_links":{"self":[{"href":"https:\/\/noti-america.com\/site\/principal\/wp-json\/wp\/v2\/posts\/87491","targetHints":{"allow":["GET"]}}],"collection":[{"href":"https:\/\/noti-america.com\/site\/principal\/wp-json\/wp\/v2\/posts"}],"about":[{"href":"https:\/\/noti-america.com\/site\/principal\/wp-json\/wp\/v2\/types\/post"}],"author":[{"embeddable":true,"href":"https:\/\/noti-america.com\/site\/principal\/wp-json\/wp\/v2\/users\/133"}],"replies":[{"embeddable":true,"href":"https:\/\/noti-america.com\/site\/principal\/wp-json\/wp\/v2\/comments?post=87491"}],"version-history":[{"count":1,"href":"https:\/\/noti-america.com\/site\/principal\/wp-json\/wp\/v2\/posts\/87491\/revisions"}],"predecessor-version":[{"id":87517,"href":"https:\/\/noti-america.com\/site\/principal\/wp-json\/wp\/v2\/posts\/87491\/revisions\/87517"}],"wp:featuredmedia":[{"embeddable":true,"href":"https:\/\/noti-america.com\/site\/principal\/wp-json\/wp\/v2\/media\/87492"}],"wp:attachment":[{"href":"https:\/\/noti-america.com\/site\/principal\/wp-json\/wp\/v2\/media?parent=87491"}],"wp:term":[{"taxonomy":"category","embeddable":true,"href":"https:\/\/noti-america.com\/site\/principal\/wp-json\/wp\/v2\/categories?post=87491"},{"taxonomy":"post_tag","embeddable":true,"href":"https:\/\/noti-america.com\/site\/principal\/wp-json\/wp\/v2\/tags?post=87491"}],"curies":[{"name":"wp","href":"https:\/\/api.w.org\/{rel}","templated":true}]}}