{"id":87489,"date":"2026-04-28T15:28:00","date_gmt":"2026-04-28T19:28:00","guid":{"rendered":"https:\/\/noti-america.com\/site\/principal\/?p=87489"},"modified":"2026-04-28T15:28:00","modified_gmt":"2026-04-28T19:28:00","slug":"taylor-swift-se-sincera-sobre-las-criticas-a-su-musica-y-lo-agotada-que-se-sintio-con-tan-solo-22-anos","status":"publish","type":"post","link":"https:\/\/noti-america.com\/site\/principal\/2026\/04\/28\/taylor-swift-se-sincera-sobre-las-criticas-a-su-musica-y-lo-agotada-que-se-sintio-con-tan-solo-22-anos\/","title":{"rendered":"Taylor Swift se sincera sobre las cr\u00edticas a su m\u00fasica y lo agotada que se sinti\u00f3 con tan solo 22 a\u00f1os"},"content":{"rendered":"<p>NOTI-AMERICA.COM | M\u00c9XICO<\/p>\n<p style=\"text-align: justify\">Taylor Swift ha sido declarada por\u00a0<i>The New York Times\u00a0<\/i>como\u00a0<b>uno de los 30 compositores estadounidenses vivos m\u00e1s importantes<\/b>.<\/p>\n<p style=\"text-align: justify\">Por este motivo, ha sido entrevistada por el medio y ha abarcado cuestiones como el proceso de creaci\u00f3n de sus letras, c\u00f3mo ha vivido durante su carrera las cr\u00edticas y lo agotada que se ha sentido en algunos momentos de su carrera.<\/p>\n<h3 class=\"article-title-1\" style=\"text-align: justify\">Decidida con su pasi\u00f3n<\/h3>\n<p style=\"text-align: justify\">Durante su carrera, Taylor Swift ha tenido que enfrentarse a todo tipo de cr\u00edticas, incluso antes de recibirlas: \u00abLa primera vez que pens\u00e9\u00a0<b>&#8216;No me importa si la gente odia esto porque a m\u00ed me encanta&#8217;<\/b>\u00a0fue cuando escrib\u00ed la canci\u00f3n &#8216;Love Story&#8217;, cuando ten\u00eda 17 a\u00f1os y estaba en mi habitaci\u00f3n, enfadada con mis padres porque no me dejar\u00edan ir a una cita con un chico que era demasiado mayor\u00bb.<\/p>\n<p style=\"text-align: justify\">Con esta an\u00e9cdota, la cantante aprovech\u00f3 para hacer una peque\u00f1a broma: \u00ab<b>Esta es la raz\u00f3n por la que necesitas disciplinar a tus hijos<\/b>, porque quiz\u00e1s escriban canciones que se conviertan en n\u00famero uno\u00bb.<\/p>\n<h3 class=\"article-title-1\" style=\"text-align: justify\">Unida a sus sentimientos de adolescente<\/h3>\n<p style=\"text-align: justify\">Taylor Swift ha confesado que a\u00fan es un \u00abmisterio\u00bb para ella el proceso de creaci\u00f3n de su m\u00fasica, pero si algo tiene claro es que\u00a0<b>quiere seguir escribiendo como una adolescente<\/b>, pero sin parecer \u00abun adulto completamente desquiciado\u00bb.<\/p>\n<p style=\"text-align: justify\">\u00abTengo una opini\u00f3n muy fuerte de que\u00a0<b>cuando eres joven sientes las cosas de una forma muy intensa y detallada<\/b>. Hay una atenci\u00f3n al detalle cuando tienes entre 17 y 22 a\u00f1os y est\u00e1s deseando algo profundamente o est\u00e1s intentando alcanzar y coger algo, pero nunca sosteni\u00e9ndolo\u00bb.<\/p>\n<h3 class=\"article-title-1\" style=\"text-align: justify\">Su reacci\u00f3n ante las cr\u00edticas<\/h3>\n<p style=\"text-align: justify\"><b>Cr\u00edticas\u00a0<\/b>y Taylor Swift son dos conceptos que pr\u00e1cticamente van de la mano, pero, para ella,\u00a0<b>en ocasiones han sido un \u00abcombustible\u00bb<\/b>.<\/p>\n<p style=\"text-align: justify\">\u00abHan sido un punto de partida,\u00a0<b>como un\u00a0<i>pront\u00a0<\/i>de escritura creativa<\/b>. Hay muchas canciones en mi carrera que no existir\u00edan, como &#8216;Blank Space&#8217;, que no existir\u00eda si no hubiese habido personas diciendo: &#8216;Aqu\u00ed est\u00e1 una diapositiva de todos sus novios'\u00bb.<\/p>\n<p style=\"text-align: justify\">Adem\u00e1s, para Taylor,\u00a0<b>quien te critica solamente est\u00e1 proyectando sus inseguridades sobre t\u00ed<\/b>: \u00abUn personaje p\u00fablico que hace arte es una bola de discoteca y eso es parte de por qu\u00e9 he estado siendo capaz de mantener la cabeza fr\u00eda a trav\u00e9s de todo esto\u00bb.<\/p>\n<p style=\"text-align: justify\">Concretamente, Taylor ha puesto el foco en\u00a0<b>el hate que recibi\u00f3\u00a0<i>reputation<\/i><\/b>: \u00abYo estaba como: &#8216;Digan lo que quieran. Yo s\u00e9 lo que hice, lo amo. Vayan con Dios. Lo siento. Pueden unirse si quieren. Est\u00e1 bien si no lo hacen'\u00bb<\/p>\n<p style=\"text-align: justify\">Con el tiempo, la gente cambi\u00f3 de parecer sobre el disco, pero ella siempre lo tuvo claro, sobre todo con<i><b>Ready For It?<\/b><\/i><b>, la cual considera que fue subestimada<\/b>.<\/p>\n<h3 class=\"article-title-1\" style=\"text-align: justify\">Agotada cuando lanz\u00f3 &#8216;Red&#8217;<\/h3>\n<p style=\"text-align: justify\">Sin embargo, uno de los momentos en los que Taylor se sinti\u00f3 m\u00e1s afectada por la cr\u00edtica fue estaba escribiendo los temas de\u00a0<i>Red<\/i>.<\/p>\n<p style=\"text-align: justify\">\u00abHab\u00eda una canci\u00f3n que escrib\u00ed sola en una habitaci\u00f3n de hotel cuando ten\u00eda 22\u00bb, comenz\u00f3 expresando, \u00abllamada\u00a0<i>Nothing New<\/i>. Suena rid\u00edculo, pero\u00a0<b>a mis 22 a\u00f1os me sent\u00ed completamente agotada<\/b>. Sent\u00ed que quiz\u00e1s la \u00fanica cosa que me hac\u00eda especial era ser este fen\u00f3meno adolescente\u00bb.<\/p>\n<p style=\"text-align: justify\">Cuando Taylor ten\u00eda 18 a\u00f1os, public\u00f3 el \u00e1lbum\u00a0<i>Fearless\u00a0<\/i>reci\u00e9n salido y ya contaba con sus primeros n\u00fameros uno internacionales, a la par que recib\u00eda buenas cr\u00edticas por su trabajo. Sin embargo, todo cambi\u00f3 muy r\u00e1pido:\u00bbHubo este cambio brusco de: &#8216;No, no merece estar ah\u00ed. Ella apesta realmente&#8217;.<\/p>\n<p style=\"text-align: justify\">\u00abRealmente\u00a0<b>cambi\u00f3 mi percepci\u00f3n de c\u00f3mo el amor te puede ser entregado tan r\u00e1pidamente y arrebatado<\/b>. Es esta cosa extra\u00f1a con la fama, y esta fue la primera vez que me enfrent\u00e9 con esto\u00bb comparti\u00f3 sobre c\u00f3mo funciona la industria del entretenimiento.<\/p>\n<h3 class=\"article-title-1\" style=\"text-align: justify\">Su indecisi\u00f3n y la elecci\u00f3n de cada palabra<\/h3>\n<p style=\"text-align: justify\">En sus comienzos, Taylor ha confesado que ten\u00eda muchas dudas sobre si querer expresar y compartir ciertas cosas, pero algo la hiz\u00f3 cambiar de parecer: \u00abPens\u00e9: &#8216;Realmente creo que\u00a0<b>mucha gente se siente de esa forma<\/b>&#8216;. Eso siempre anula mi incomodidad si una frase suena demasiado real, porque realmente no creo que haya algo que sea demasiado real\u00bb.<\/p>\n<p style=\"text-align: justify\">Adem\u00e1s, ha confesado que<b>\u00a0le encanta jugar fon\u00e9tica y gramaticalmente<\/b>\u00a0con sus letras, trabajando mucho en la elecci\u00f3n de cada palabra. Tanto es as\u00ed que<b>\u00a0tiene un documento que utiliza para escribir las palabras que le han gustado\u00a0<\/b>o las frases que se le ocurrieron de repente, incluso aquella l\u00ednea que pens\u00f3 \u00abhace cuatro a\u00f1os a las tres de la ma\u00f1ana\u00bb.<\/p>\n<p style=\"text-align: justify\">\n","protected":false},"excerpt":{"rendered":"<p>NOTI-AMERICA.COM | M\u00c9XICO Taylor Swift ha sido declarada por\u00a0The New York Times\u00a0como\u00a0uno de los 30 compositores estadounidenses vivos m\u00e1s importantes. Por este motivo, ha sido entrevistada por el medio y ha abarcado cuestiones como&#46;&#46;&#46;<\/p>\n","protected":false},"author":133,"featured_media":87490,"comment_status":"","ping_status":"open","sticky":false,"template":"","format":"image","meta":{"_acf_changed":false,"rop_custom_images_group":[],"rop_custom_messages_group":[],"rop_publish_now":"no","rop_publish_now_accounts":{"facebook_10219548024599422_1632221337088128":"","twitter_242054905_242054905":""},"rop_publish_now_history":[{"account":"twitter_242054905_242054905","service":"twitter","timestamp":1777404595,"status":"success"}],"rop_publish_now_status":"done","footnotes":""},"categories":[663],"tags":[],"class_list":["post-87489","post","type-post","status-publish","format-image","has-post-thumbnail","hentry","category-actualidad","post_format-post-format-image"],"acf":[],"yoast_head":"<!-- This site is optimized with the Yoast SEO Premium plugin v24.9 (Yoast SEO v27.2) - https:\/\/yoast.com\/product\/yoast-seo-premium-wordpress\/ -->\n<title>Taylor Swift se sincera sobre las cr\u00edticas a su m\u00fasica y lo agotada que se sinti\u00f3 con tan solo 22 a\u00f1os - Noti-America.com<\/title>\n<meta name=\"robots\" content=\"index, follow, max-snippet:-1, max-image-preview:large, max-video-preview:-1\" \/>\n<link rel=\"canonical\" href=\"https:\/\/noti-america.com\/site\/principal\/2026\/04\/28\/taylor-swift-se-sincera-sobre-las-criticas-a-su-musica-y-lo-agotada-que-se-sintio-con-tan-solo-22-anos\/\" \/>\n<meta property=\"og:locale\" content=\"es_ES\" \/>\n<meta property=\"og:type\" content=\"article\" \/>\n<meta property=\"og:title\" content=\"Taylor Swift se sincera sobre las cr\u00edticas a su m\u00fasica y lo agotada que se sinti\u00f3 con tan solo 22 a\u00f1os\" \/>\n<meta property=\"og:description\" content=\"NOTI-AMERICA.COM | M\u00c9XICO Taylor Swift ha sido declarada por\u00a0The New York Times\u00a0como\u00a0uno de los 30 compositores estadounidenses vivos m\u00e1s importantes. Por este motivo, ha sido entrevistada por el medio y ha abarcado cuestiones como&#046;&#046;&#046;\" \/>\n<meta property=\"og:url\" content=\"https:\/\/noti-america.com\/site\/principal\/2026\/04\/28\/taylor-swift-se-sincera-sobre-las-criticas-a-su-musica-y-lo-agotada-que-se-sintio-con-tan-solo-22-anos\/\" \/>\n<meta property=\"og:site_name\" content=\"Noti-America.com\" \/>\n<meta property=\"article:author\" content=\"Mar\u00eda Valentina Noguera\" \/>\n<meta property=\"article:published_time\" content=\"2026-04-28T19:28:00+00:00\" \/>\n<meta property=\"og:image\" content=\"https:\/\/noti-america.com\/site\/principal\/wp-content\/uploads\/sites\/26\/2026\/04\/Screenshot_28-4-2026_112546_www.manilatimes.net_.jpeg\" \/>\n\t<meta property=\"og:image:width\" content=\"965\" \/>\n\t<meta property=\"og:image:height\" content=\"633\" \/>\n\t<meta property=\"og:image:type\" content=\"image\/jpeg\" \/>\n<meta name=\"author\" content=\"Maria Valentina Noguera Medina\" \/>\n<meta name=\"twitter:card\" content=\"summary_large_image\" \/>\n<meta name=\"twitter:label1\" content=\"Escrito por\" \/>\n\t<meta name=\"twitter:data1\" content=\"Maria Valentina Noguera Medina\" \/>\n\t<meta name=\"twitter:label2\" content=\"Tiempo estimado de lectura\" \/>\n\t<meta name=\"twitter:data2\" content=\"4 minutos\" \/>\n<script type=\"application\/ld+json\" class=\"yoast-schema-graph\">{\"@context\":\"https:\/\/schema.org\",\"@graph\":[{\"@type\":\"Article\",\"@id\":\"https:\/\/noti-america.com\/site\/principal\/2026\/04\/28\/taylor-swift-se-sincera-sobre-las-criticas-a-su-musica-y-lo-agotada-que-se-sintio-con-tan-solo-22-anos\/#article\",\"isPartOf\":{\"@id\":\"https:\/\/noti-america.com\/site\/principal\/2026\/04\/28\/taylor-swift-se-sincera-sobre-las-criticas-a-su-musica-y-lo-agotada-que-se-sintio-con-tan-solo-22-anos\/\"},\"author\":{\"name\":\"Maria Valentina Noguera Medina\",\"@id\":\"https:\/\/noti-america.com\/site\/principal\/#\/schema\/person\/22806efcc2cfc4b45efb0e17be210ea8\"},\"headline\":\"Taylor Swift se sincera sobre las cr\u00edticas a su m\u00fasica y lo agotada que se sinti\u00f3 con tan solo 22 a\u00f1os\",\"datePublished\":\"2026-04-28T19:28:00+00:00\",\"mainEntityOfPage\":{\"@id\":\"https:\/\/noti-america.com\/site\/principal\/2026\/04\/28\/taylor-swift-se-sincera-sobre-las-criticas-a-su-musica-y-lo-agotada-que-se-sintio-con-tan-solo-22-anos\/\"},\"wordCount\":822,\"image\":{\"@id\":\"https:\/\/noti-america.com\/site\/principal\/2026\/04\/28\/taylor-swift-se-sincera-sobre-las-criticas-a-su-musica-y-lo-agotada-que-se-sintio-con-tan-solo-22-anos\/#primaryimage\"},\"thumbnailUrl\":\"https:\/\/noti-america.com\/site\/principal\/wp-content\/uploads\/sites\/26\/2026\/04\/Screenshot_28-4-2026_112546_www.manilatimes.net_.jpeg\",\"articleSection\":[\"Actualidad\"],\"inLanguage\":\"es\"},{\"@type\":\"WebPage\",\"@id\":\"https:\/\/noti-america.com\/site\/principal\/2026\/04\/28\/taylor-swift-se-sincera-sobre-las-criticas-a-su-musica-y-lo-agotada-que-se-sintio-con-tan-solo-22-anos\/\",\"url\":\"https:\/\/noti-america.com\/site\/principal\/2026\/04\/28\/taylor-swift-se-sincera-sobre-las-criticas-a-su-musica-y-lo-agotada-que-se-sintio-con-tan-solo-22-anos\/\",\"name\":\"Taylor Swift se sincera sobre las cr\u00edticas a su m\u00fasica y lo agotada que se sinti\u00f3 con tan solo 22 a\u00f1os - Noti-America.com\",\"isPartOf\":{\"@id\":\"https:\/\/noti-america.com\/site\/principal\/#website\"},\"primaryImageOfPage\":{\"@id\":\"https:\/\/noti-america.com\/site\/principal\/2026\/04\/28\/taylor-swift-se-sincera-sobre-las-criticas-a-su-musica-y-lo-agotada-que-se-sintio-con-tan-solo-22-anos\/#primaryimage\"},\"image\":{\"@id\":\"https:\/\/noti-america.com\/site\/principal\/2026\/04\/28\/taylor-swift-se-sincera-sobre-las-criticas-a-su-musica-y-lo-agotada-que-se-sintio-con-tan-solo-22-anos\/#primaryimage\"},\"thumbnailUrl\":\"https:\/\/noti-america.com\/site\/principal\/wp-content\/uploads\/sites\/26\/2026\/04\/Screenshot_28-4-2026_112546_www.manilatimes.net_.jpeg\",\"datePublished\":\"2026-04-28T19:28:00+00:00\",\"author\":{\"@id\":\"https:\/\/noti-america.com\/site\/principal\/#\/schema\/person\/22806efcc2cfc4b45efb0e17be210ea8\"},\"breadcrumb\":{\"@id\":\"https:\/\/noti-america.com\/site\/principal\/2026\/04\/28\/taylor-swift-se-sincera-sobre-las-criticas-a-su-musica-y-lo-agotada-que-se-sintio-con-tan-solo-22-anos\/#breadcrumb\"},\"inLanguage\":\"es\",\"potentialAction\":[{\"@type\":\"ReadAction\",\"target\":[\"https:\/\/noti-america.com\/site\/principal\/2026\/04\/28\/taylor-swift-se-sincera-sobre-las-criticas-a-su-musica-y-lo-agotada-que-se-sintio-con-tan-solo-22-anos\/\"]}]},{\"@type\":\"ImageObject\",\"inLanguage\":\"es\",\"@id\":\"https:\/\/noti-america.com\/site\/principal\/2026\/04\/28\/taylor-swift-se-sincera-sobre-las-criticas-a-su-musica-y-lo-agotada-que-se-sintio-con-tan-solo-22-anos\/#primaryimage\",\"url\":\"https:\/\/noti-america.com\/site\/principal\/wp-content\/uploads\/sites\/26\/2026\/04\/Screenshot_28-4-2026_112546_www.manilatimes.net_.jpeg\",\"contentUrl\":\"https:\/\/noti-america.com\/site\/principal\/wp-content\/uploads\/sites\/26\/2026\/04\/Screenshot_28-4-2026_112546_www.manilatimes.net_.jpeg\",\"width\":965,\"height\":633},{\"@type\":\"BreadcrumbList\",\"@id\":\"https:\/\/noti-america.com\/site\/principal\/2026\/04\/28\/taylor-swift-se-sincera-sobre-las-criticas-a-su-musica-y-lo-agotada-que-se-sintio-con-tan-solo-22-anos\/#breadcrumb\",\"itemListElement\":[{\"@type\":\"ListItem\",\"position\":1,\"name\":\"Portada\",\"item\":\"https:\/\/noti-america.com\/site\/principal\/\"},{\"@type\":\"ListItem\",\"position\":2,\"name\":\"Taylor Swift se sincera sobre las cr\u00edticas a su m\u00fasica y lo agotada que se sinti\u00f3 con tan solo 22 a\u00f1os\"}]},{\"@type\":\"WebSite\",\"@id\":\"https:\/\/noti-america.com\/site\/principal\/#website\",\"url\":\"https:\/\/noti-america.com\/site\/principal\/\",\"name\":\"Noti-America.com\",\"description\":\"El Noticiero Digital M\u00e1s Grande de Am\u00e9rica\",\"potentialAction\":[{\"@type\":\"SearchAction\",\"target\":{\"@type\":\"EntryPoint\",\"urlTemplate\":\"https:\/\/noti-america.com\/site\/principal\/?s={search_term_string}\"},\"query-input\":{\"@type\":\"PropertyValueSpecification\",\"valueRequired\":true,\"valueName\":\"search_term_string\"}}],\"inLanguage\":\"es\"},{\"@type\":\"Person\",\"@id\":\"https:\/\/noti-america.com\/site\/principal\/#\/schema\/person\/22806efcc2cfc4b45efb0e17be210ea8\",\"name\":\"Maria Valentina Noguera Medina\",\"image\":{\"@type\":\"ImageObject\",\"inLanguage\":\"es\",\"@id\":\"https:\/\/secure.gravatar.com\/avatar\/4ec5eb9d099f2608a49c9df6f7341f66f04f819cdffa09d56a7a0e91d2819d56?s=96&d=mm&r=g\",\"url\":\"https:\/\/secure.gravatar.com\/avatar\/4ec5eb9d099f2608a49c9df6f7341f66f04f819cdffa09d56a7a0e91d2819d56?s=96&d=mm&r=g\",\"contentUrl\":\"https:\/\/secure.gravatar.com\/avatar\/4ec5eb9d099f2608a49c9df6f7341f66f04f819cdffa09d56a7a0e91d2819d56?s=96&d=mm&r=g\",\"caption\":\"Maria Valentina Noguera Medina\"},\"description\":\"Periodista - noti-america - Promar Community Manager - Talento Plus Dise\u00f1adora\/ creadora de contenido...\",\"sameAs\":[\"Mar\u00eda Valentina Noguera\",\"https:\/\/www.facebook.com\/mariavalentina.noguera\",\"https:\/\/www.linkedin.com\/in\/mara-valentina-noguera-medina-373075165\/\",\"https:\/\/www.pinterest.es\/valentinanoguera95\/\",\"https:\/\/www.youtube.com\/channel\/UCdek6mbUZ-Tqqw0I63i4nmQ\"],\"url\":\"https:\/\/noti-america.com\/site\/principal\/author\/mnoguera\/\"}]}<\/script>\n<!-- \/ Yoast SEO Premium plugin. -->","yoast_head_json":{"title":"Taylor Swift se sincera sobre las cr\u00edticas a su m\u00fasica y lo agotada que se sinti\u00f3 con tan solo 22 a\u00f1os - Noti-America.com","robots":{"index":"index","follow":"follow","max-snippet":"max-snippet:-1","max-image-preview":"max-image-preview:large","max-video-preview":"max-video-preview:-1"},"canonical":"https:\/\/noti-america.com\/site\/principal\/2026\/04\/28\/taylor-swift-se-sincera-sobre-las-criticas-a-su-musica-y-lo-agotada-que-se-sintio-con-tan-solo-22-anos\/","og_locale":"es_ES","og_type":"article","og_title":"Taylor Swift se sincera sobre las cr\u00edticas a su m\u00fasica y lo agotada que se sinti\u00f3 con tan solo 22 a\u00f1os","og_description":"NOTI-AMERICA.COM | M\u00c9XICO Taylor Swift ha sido declarada por\u00a0The New York Times\u00a0como\u00a0uno de los 30 compositores estadounidenses vivos m\u00e1s importantes. Por este motivo, ha sido entrevistada por el medio y ha abarcado cuestiones como&#46;&#46;&#46;","og_url":"https:\/\/noti-america.com\/site\/principal\/2026\/04\/28\/taylor-swift-se-sincera-sobre-las-criticas-a-su-musica-y-lo-agotada-que-se-sintio-con-tan-solo-22-anos\/","og_site_name":"Noti-America.com","article_author":"Mar\u00eda Valentina Noguera","article_published_time":"2026-04-28T19:28:00+00:00","og_image":[{"width":965,"height":633,"url":"https:\/\/noti-america.com\/site\/principal\/wp-content\/uploads\/sites\/26\/2026\/04\/Screenshot_28-4-2026_112546_www.manilatimes.net_.jpeg","type":"image\/jpeg"}],"author":"Maria Valentina Noguera Medina","twitter_card":"summary_large_image","twitter_misc":{"Escrito por":"Maria Valentina Noguera Medina","Tiempo estimado de lectura":"4 minutos"},"schema":{"@context":"https:\/\/schema.org","@graph":[{"@type":"Article","@id":"https:\/\/noti-america.com\/site\/principal\/2026\/04\/28\/taylor-swift-se-sincera-sobre-las-criticas-a-su-musica-y-lo-agotada-que-se-sintio-con-tan-solo-22-anos\/#article","isPartOf":{"@id":"https:\/\/noti-america.com\/site\/principal\/2026\/04\/28\/taylor-swift-se-sincera-sobre-las-criticas-a-su-musica-y-lo-agotada-que-se-sintio-con-tan-solo-22-anos\/"},"author":{"name":"Maria Valentina Noguera Medina","@id":"https:\/\/noti-america.com\/site\/principal\/#\/schema\/person\/22806efcc2cfc4b45efb0e17be210ea8"},"headline":"Taylor Swift se sincera sobre las cr\u00edticas a su m\u00fasica y lo agotada que se sinti\u00f3 con tan solo 22 a\u00f1os","datePublished":"2026-04-28T19:28:00+00:00","mainEntityOfPage":{"@id":"https:\/\/noti-america.com\/site\/principal\/2026\/04\/28\/taylor-swift-se-sincera-sobre-las-criticas-a-su-musica-y-lo-agotada-que-se-sintio-con-tan-solo-22-anos\/"},"wordCount":822,"image":{"@id":"https:\/\/noti-america.com\/site\/principal\/2026\/04\/28\/taylor-swift-se-sincera-sobre-las-criticas-a-su-musica-y-lo-agotada-que-se-sintio-con-tan-solo-22-anos\/#primaryimage"},"thumbnailUrl":"https:\/\/noti-america.com\/site\/principal\/wp-content\/uploads\/sites\/26\/2026\/04\/Screenshot_28-4-2026_112546_www.manilatimes.net_.jpeg","articleSection":["Actualidad"],"inLanguage":"es"},{"@type":"WebPage","@id":"https:\/\/noti-america.com\/site\/principal\/2026\/04\/28\/taylor-swift-se-sincera-sobre-las-criticas-a-su-musica-y-lo-agotada-que-se-sintio-con-tan-solo-22-anos\/","url":"https:\/\/noti-america.com\/site\/principal\/2026\/04\/28\/taylor-swift-se-sincera-sobre-las-criticas-a-su-musica-y-lo-agotada-que-se-sintio-con-tan-solo-22-anos\/","name":"Taylor Swift se sincera sobre las cr\u00edticas a su m\u00fasica y lo agotada que se sinti\u00f3 con tan solo 22 a\u00f1os - Noti-America.com","isPartOf":{"@id":"https:\/\/noti-america.com\/site\/principal\/#website"},"primaryImageOfPage":{"@id":"https:\/\/noti-america.com\/site\/principal\/2026\/04\/28\/taylor-swift-se-sincera-sobre-las-criticas-a-su-musica-y-lo-agotada-que-se-sintio-con-tan-solo-22-anos\/#primaryimage"},"image":{"@id":"https:\/\/noti-america.com\/site\/principal\/2026\/04\/28\/taylor-swift-se-sincera-sobre-las-criticas-a-su-musica-y-lo-agotada-que-se-sintio-con-tan-solo-22-anos\/#primaryimage"},"thumbnailUrl":"https:\/\/noti-america.com\/site\/principal\/wp-content\/uploads\/sites\/26\/2026\/04\/Screenshot_28-4-2026_112546_www.manilatimes.net_.jpeg","datePublished":"2026-04-28T19:28:00+00:00","author":{"@id":"https:\/\/noti-america.com\/site\/principal\/#\/schema\/person\/22806efcc2cfc4b45efb0e17be210ea8"},"breadcrumb":{"@id":"https:\/\/noti-america.com\/site\/principal\/2026\/04\/28\/taylor-swift-se-sincera-sobre-las-criticas-a-su-musica-y-lo-agotada-que-se-sintio-con-tan-solo-22-anos\/#breadcrumb"},"inLanguage":"es","potentialAction":[{"@type":"ReadAction","target":["https:\/\/noti-america.com\/site\/principal\/2026\/04\/28\/taylor-swift-se-sincera-sobre-las-criticas-a-su-musica-y-lo-agotada-que-se-sintio-con-tan-solo-22-anos\/"]}]},{"@type":"ImageObject","inLanguage":"es","@id":"https:\/\/noti-america.com\/site\/principal\/2026\/04\/28\/taylor-swift-se-sincera-sobre-las-criticas-a-su-musica-y-lo-agotada-que-se-sintio-con-tan-solo-22-anos\/#primaryimage","url":"https:\/\/noti-america.com\/site\/principal\/wp-content\/uploads\/sites\/26\/2026\/04\/Screenshot_28-4-2026_112546_www.manilatimes.net_.jpeg","contentUrl":"https:\/\/noti-america.com\/site\/principal\/wp-content\/uploads\/sites\/26\/2026\/04\/Screenshot_28-4-2026_112546_www.manilatimes.net_.jpeg","width":965,"height":633},{"@type":"BreadcrumbList","@id":"https:\/\/noti-america.com\/site\/principal\/2026\/04\/28\/taylor-swift-se-sincera-sobre-las-criticas-a-su-musica-y-lo-agotada-que-se-sintio-con-tan-solo-22-anos\/#breadcrumb","itemListElement":[{"@type":"ListItem","position":1,"name":"Portada","item":"https:\/\/noti-america.com\/site\/principal\/"},{"@type":"ListItem","position":2,"name":"Taylor Swift se sincera sobre las cr\u00edticas a su m\u00fasica y lo agotada que se sinti\u00f3 con tan solo 22 a\u00f1os"}]},{"@type":"WebSite","@id":"https:\/\/noti-america.com\/site\/principal\/#website","url":"https:\/\/noti-america.com\/site\/principal\/","name":"Noti-America.com","description":"El Noticiero Digital M\u00e1s Grande de Am\u00e9rica","potentialAction":[{"@type":"SearchAction","target":{"@type":"EntryPoint","urlTemplate":"https:\/\/noti-america.com\/site\/principal\/?s={search_term_string}"},"query-input":{"@type":"PropertyValueSpecification","valueRequired":true,"valueName":"search_term_string"}}],"inLanguage":"es"},{"@type":"Person","@id":"https:\/\/noti-america.com\/site\/principal\/#\/schema\/person\/22806efcc2cfc4b45efb0e17be210ea8","name":"Maria Valentina Noguera Medina","image":{"@type":"ImageObject","inLanguage":"es","@id":"https:\/\/secure.gravatar.com\/avatar\/4ec5eb9d099f2608a49c9df6f7341f66f04f819cdffa09d56a7a0e91d2819d56?s=96&d=mm&r=g","url":"https:\/\/secure.gravatar.com\/avatar\/4ec5eb9d099f2608a49c9df6f7341f66f04f819cdffa09d56a7a0e91d2819d56?s=96&d=mm&r=g","contentUrl":"https:\/\/secure.gravatar.com\/avatar\/4ec5eb9d099f2608a49c9df6f7341f66f04f819cdffa09d56a7a0e91d2819d56?s=96&d=mm&r=g","caption":"Maria Valentina Noguera Medina"},"description":"Periodista - noti-america - Promar Community Manager - Talento Plus Dise\u00f1adora\/ creadora de contenido...","sameAs":["Mar\u00eda Valentina Noguera","https:\/\/www.facebook.com\/mariavalentina.noguera","https:\/\/www.linkedin.com\/in\/mara-valentina-noguera-medina-373075165\/","https:\/\/www.pinterest.es\/valentinanoguera95\/","https:\/\/www.youtube.com\/channel\/UCdek6mbUZ-Tqqw0I63i4nmQ"],"url":"https:\/\/noti-america.com\/site\/principal\/author\/mnoguera\/"}]}},"_links":{"self":[{"href":"https:\/\/noti-america.com\/site\/principal\/wp-json\/wp\/v2\/posts\/87489","targetHints":{"allow":["GET"]}}],"collection":[{"href":"https:\/\/noti-america.com\/site\/principal\/wp-json\/wp\/v2\/posts"}],"about":[{"href":"https:\/\/noti-america.com\/site\/principal\/wp-json\/wp\/v2\/types\/post"}],"author":[{"embeddable":true,"href":"https:\/\/noti-america.com\/site\/principal\/wp-json\/wp\/v2\/users\/133"}],"replies":[{"embeddable":true,"href":"https:\/\/noti-america.com\/site\/principal\/wp-json\/wp\/v2\/comments?post=87489"}],"version-history":[{"count":1,"href":"https:\/\/noti-america.com\/site\/principal\/wp-json\/wp\/v2\/posts\/87489\/revisions"}],"predecessor-version":[{"id":87516,"href":"https:\/\/noti-america.com\/site\/principal\/wp-json\/wp\/v2\/posts\/87489\/revisions\/87516"}],"wp:featuredmedia":[{"embeddable":true,"href":"https:\/\/noti-america.com\/site\/principal\/wp-json\/wp\/v2\/media\/87490"}],"wp:attachment":[{"href":"https:\/\/noti-america.com\/site\/principal\/wp-json\/wp\/v2\/media?parent=87489"}],"wp:term":[{"taxonomy":"category","embeddable":true,"href":"https:\/\/noti-america.com\/site\/principal\/wp-json\/wp\/v2\/categories?post=87489"},{"taxonomy":"post_tag","embeddable":true,"href":"https:\/\/noti-america.com\/site\/principal\/wp-json\/wp\/v2\/tags?post=87489"}],"curies":[{"name":"wp","href":"https:\/\/api.w.org\/{rel}","templated":true}]}}