{"id":87477,"date":"2026-04-28T14:54:15","date_gmt":"2026-04-28T18:54:15","guid":{"rendered":"https:\/\/noti-america.com\/site\/principal\/?p=87477"},"modified":"2026-04-28T14:54:15","modified_gmt":"2026-04-28T18:54:15","slug":"nueva-serie-live-action-de-scooby-doo-origins-comenzo-produccion-netflix-revelo-la-primera-imagen-oficial-que-muestra-al-elenco-principal-caracterizado","status":"publish","type":"post","link":"https:\/\/noti-america.com\/site\/principal\/2026\/04\/28\/nueva-serie-live-action-de-scooby-doo-origins-comenzo-produccion-netflix-revelo-la-primera-imagen-oficial-que-muestra-al-elenco-principal-caracterizado\/","title":{"rendered":"Nueva serie live-action de \u00abScooby-Doo: Origins\u00bb comenz\u00f3 producci\u00f3n: Netflix revel\u00f3 la primera imagen oficial que muestra al elenco principal caracterizado"},"content":{"rendered":"<p>NOTI-AMERICA.COM | CHILE<\/p>\n<p style=\"text-align: justify\">La plataforma de streaming Netflix ha anunciado oficialmente el inicio del rodaje de \u00abScooby-Doo: Origins\u00bb, una ambiciosa serie en formato live-action (imagen real) que explorar\u00e1 los inicios de la emblem\u00e1tica pandilla de \u00abMisterios S.A.\u00bb. Para celebrar el comienzo de la producci\u00f3n en la ciudad de Atlanta, la plataforma revel\u00f3 la primera imagen oficial que muestra al elenco principal caracterizado como los ic\u00f3nicos personajes creados por Hanna-Barbera.<\/p>\n<p style=\"text-align: justify\">A diferencia de versiones anteriores, esta propuesta ofrecer\u00e1 una perspectiva moderna y m\u00e1s oscura sobre c\u00f3mo se form\u00f3 el grupo durante su \u00faltimo verano en un campamento: La historia comienza con Shaggy y Daphne investigando la desaparici\u00f3n de un cachorro de gran dan\u00e9s, la cual parece estar ligada a un asesinato de tintes sobrenaturales. Durante la investigaci\u00f3n, se sumar\u00e1n Velma y Freddy para desentra\u00f1ar secretos ocultos en una trama descrita como inquietante.<\/p>\n<p style=\"text-align: justify\">La producci\u00f3n cuenta con un reparto de j\u00f3venes promesas de Hollywood: Tanner Hagen interpretar\u00e1 a Shaggy Rogers. Mckenna Grace dar\u00e1 vida a Daphne Blake. Abby Ryder Fortson ser\u00e1 Velma Dinkley. Maxwell Jenkins encarnar\u00e1 a Freddy Jones. Aunque no se ha fijado una fecha de estreno definitiva, se estima que la serie llegue al cat\u00e1logo de Netflix para el a\u00f1o 2027.<\/p>\n","protected":false},"excerpt":{"rendered":"<p>NOTI-AMERICA.COM | CHILE La plataforma de streaming Netflix ha anunciado oficialmente el inicio del rodaje de \u00abScooby-Doo: Origins\u00bb, una ambiciosa serie en formato live-action (imagen real) que explorar\u00e1 los inicios de la emblem\u00e1tica pandilla&#46;&#46;&#46;<\/p>\n","protected":false},"author":133,"featured_media":87478,"comment_status":"","ping_status":"open","sticky":false,"template":"","format":"image","meta":{"_acf_changed":false,"rop_custom_images_group":[],"rop_custom_messages_group":[],"rop_publish_now":"no","rop_publish_now_accounts":{"facebook_10219548024599422_1632221337088128":"","twitter_242054905_242054905":""},"rop_publish_now_history":[{"account":"twitter_242054905_242054905","service":"twitter","timestamp":1777402508,"status":"success"}],"rop_publish_now_status":"done","footnotes":""},"categories":[663],"tags":[],"class_list":["post-87477","post","type-post","status-publish","format-image","has-post-thumbnail","hentry","category-actualidad","post_format-post-format-image"],"acf":[],"yoast_head":"<!-- This site is optimized with the Yoast SEO Premium plugin v24.9 (Yoast SEO v27.2) - https:\/\/yoast.com\/product\/yoast-seo-premium-wordpress\/ -->\n<title>Nueva serie live-action de \u00abScooby-Doo: Origins\u00bb comenz\u00f3 producci\u00f3n: Netflix revel\u00f3 la primera imagen oficial que muestra al elenco principal caracterizado - Noti-America.com<\/title>\n<meta name=\"robots\" content=\"index, follow, max-snippet:-1, max-image-preview:large, max-video-preview:-1\" \/>\n<link rel=\"canonical\" href=\"https:\/\/noti-america.com\/site\/principal\/2026\/04\/28\/nueva-serie-live-action-de-scooby-doo-origins-comenzo-produccion-netflix-revelo-la-primera-imagen-oficial-que-muestra-al-elenco-principal-caracterizado\/\" \/>\n<meta property=\"og:locale\" content=\"es_ES\" \/>\n<meta property=\"og:type\" content=\"article\" \/>\n<meta property=\"og:title\" content=\"Nueva serie live-action de \u00abScooby-Doo: Origins\u00bb comenz\u00f3 producci\u00f3n: Netflix revel\u00f3 la primera imagen oficial que muestra al elenco principal caracterizado\" \/>\n<meta property=\"og:description\" content=\"NOTI-AMERICA.COM | CHILE La plataforma de streaming Netflix ha anunciado oficialmente el inicio del rodaje de \u00abScooby-Doo: Origins\u00bb, una ambiciosa serie en formato live-action (imagen real) que explorar\u00e1 los inicios de la emblem\u00e1tica pandilla&#046;&#046;&#046;\" \/>\n<meta property=\"og:url\" content=\"https:\/\/noti-america.com\/site\/principal\/2026\/04\/28\/nueva-serie-live-action-de-scooby-doo-origins-comenzo-produccion-netflix-revelo-la-primera-imagen-oficial-que-muestra-al-elenco-principal-caracterizado\/\" \/>\n<meta property=\"og:site_name\" content=\"Noti-America.com\" \/>\n<meta property=\"article:author\" content=\"Mar\u00eda Valentina Noguera\" \/>\n<meta property=\"article:published_time\" content=\"2026-04-28T18:54:15+00:00\" \/>\n<meta property=\"og:image\" content=\"https:\/\/noti-america.com\/site\/principal\/wp-content\/uploads\/sites\/26\/2026\/04\/Screenshot_28-4-2026_104918_www.noticias24hrs.com_.ve_.jpeg\" \/>\n\t<meta property=\"og:image:width\" content=\"1352\" \/>\n\t<meta property=\"og:image:height\" content=\"632\" \/>\n\t<meta property=\"og:image:type\" content=\"image\/jpeg\" \/>\n<meta name=\"author\" content=\"Maria Valentina Noguera Medina\" \/>\n<meta name=\"twitter:card\" content=\"summary_large_image\" \/>\n<meta name=\"twitter:label1\" content=\"Escrito por\" \/>\n\t<meta name=\"twitter:data1\" content=\"Maria Valentina Noguera Medina\" \/>\n\t<meta name=\"twitter:label2\" content=\"Tiempo estimado de lectura\" \/>\n\t<meta name=\"twitter:data2\" content=\"1 minuto\" \/>\n<script type=\"application\/ld+json\" class=\"yoast-schema-graph\">{\"@context\":\"https:\/\/schema.org\",\"@graph\":[{\"@type\":\"Article\",\"@id\":\"https:\/\/noti-america.com\/site\/principal\/2026\/04\/28\/nueva-serie-live-action-de-scooby-doo-origins-comenzo-produccion-netflix-revelo-la-primera-imagen-oficial-que-muestra-al-elenco-principal-caracterizado\/#article\",\"isPartOf\":{\"@id\":\"https:\/\/noti-america.com\/site\/principal\/2026\/04\/28\/nueva-serie-live-action-de-scooby-doo-origins-comenzo-produccion-netflix-revelo-la-primera-imagen-oficial-que-muestra-al-elenco-principal-caracterizado\/\"},\"author\":{\"name\":\"Maria Valentina Noguera Medina\",\"@id\":\"https:\/\/noti-america.com\/site\/principal\/#\/schema\/person\/22806efcc2cfc4b45efb0e17be210ea8\"},\"headline\":\"Nueva serie live-action de \u00abScooby-Doo: Origins\u00bb comenz\u00f3 producci\u00f3n: Netflix revel\u00f3 la primera imagen oficial que muestra al elenco principal caracterizado\",\"datePublished\":\"2026-04-28T18:54:15+00:00\",\"mainEntityOfPage\":{\"@id\":\"https:\/\/noti-america.com\/site\/principal\/2026\/04\/28\/nueva-serie-live-action-de-scooby-doo-origins-comenzo-produccion-netflix-revelo-la-primera-imagen-oficial-que-muestra-al-elenco-principal-caracterizado\/\"},\"wordCount\":236,\"image\":{\"@id\":\"https:\/\/noti-america.com\/site\/principal\/2026\/04\/28\/nueva-serie-live-action-de-scooby-doo-origins-comenzo-produccion-netflix-revelo-la-primera-imagen-oficial-que-muestra-al-elenco-principal-caracterizado\/#primaryimage\"},\"thumbnailUrl\":\"https:\/\/noti-america.com\/site\/principal\/wp-content\/uploads\/sites\/26\/2026\/04\/Screenshot_28-4-2026_104918_www.noticias24hrs.com_.ve_.jpeg\",\"articleSection\":[\"Actualidad\"],\"inLanguage\":\"es\"},{\"@type\":\"WebPage\",\"@id\":\"https:\/\/noti-america.com\/site\/principal\/2026\/04\/28\/nueva-serie-live-action-de-scooby-doo-origins-comenzo-produccion-netflix-revelo-la-primera-imagen-oficial-que-muestra-al-elenco-principal-caracterizado\/\",\"url\":\"https:\/\/noti-america.com\/site\/principal\/2026\/04\/28\/nueva-serie-live-action-de-scooby-doo-origins-comenzo-produccion-netflix-revelo-la-primera-imagen-oficial-que-muestra-al-elenco-principal-caracterizado\/\",\"name\":\"Nueva serie live-action de \u00abScooby-Doo: Origins\u00bb comenz\u00f3 producci\u00f3n: Netflix revel\u00f3 la primera imagen oficial que muestra al elenco principal caracterizado - Noti-America.com\",\"isPartOf\":{\"@id\":\"https:\/\/noti-america.com\/site\/principal\/#website\"},\"primaryImageOfPage\":{\"@id\":\"https:\/\/noti-america.com\/site\/principal\/2026\/04\/28\/nueva-serie-live-action-de-scooby-doo-origins-comenzo-produccion-netflix-revelo-la-primera-imagen-oficial-que-muestra-al-elenco-principal-caracterizado\/#primaryimage\"},\"image\":{\"@id\":\"https:\/\/noti-america.com\/site\/principal\/2026\/04\/28\/nueva-serie-live-action-de-scooby-doo-origins-comenzo-produccion-netflix-revelo-la-primera-imagen-oficial-que-muestra-al-elenco-principal-caracterizado\/#primaryimage\"},\"thumbnailUrl\":\"https:\/\/noti-america.com\/site\/principal\/wp-content\/uploads\/sites\/26\/2026\/04\/Screenshot_28-4-2026_104918_www.noticias24hrs.com_.ve_.jpeg\",\"datePublished\":\"2026-04-28T18:54:15+00:00\",\"author\":{\"@id\":\"https:\/\/noti-america.com\/site\/principal\/#\/schema\/person\/22806efcc2cfc4b45efb0e17be210ea8\"},\"breadcrumb\":{\"@id\":\"https:\/\/noti-america.com\/site\/principal\/2026\/04\/28\/nueva-serie-live-action-de-scooby-doo-origins-comenzo-produccion-netflix-revelo-la-primera-imagen-oficial-que-muestra-al-elenco-principal-caracterizado\/#breadcrumb\"},\"inLanguage\":\"es\",\"potentialAction\":[{\"@type\":\"ReadAction\",\"target\":[\"https:\/\/noti-america.com\/site\/principal\/2026\/04\/28\/nueva-serie-live-action-de-scooby-doo-origins-comenzo-produccion-netflix-revelo-la-primera-imagen-oficial-que-muestra-al-elenco-principal-caracterizado\/\"]}]},{\"@type\":\"ImageObject\",\"inLanguage\":\"es\",\"@id\":\"https:\/\/noti-america.com\/site\/principal\/2026\/04\/28\/nueva-serie-live-action-de-scooby-doo-origins-comenzo-produccion-netflix-revelo-la-primera-imagen-oficial-que-muestra-al-elenco-principal-caracterizado\/#primaryimage\",\"url\":\"https:\/\/noti-america.com\/site\/principal\/wp-content\/uploads\/sites\/26\/2026\/04\/Screenshot_28-4-2026_104918_www.noticias24hrs.com_.ve_.jpeg\",\"contentUrl\":\"https:\/\/noti-america.com\/site\/principal\/wp-content\/uploads\/sites\/26\/2026\/04\/Screenshot_28-4-2026_104918_www.noticias24hrs.com_.ve_.jpeg\",\"width\":1352,\"height\":632},{\"@type\":\"BreadcrumbList\",\"@id\":\"https:\/\/noti-america.com\/site\/principal\/2026\/04\/28\/nueva-serie-live-action-de-scooby-doo-origins-comenzo-produccion-netflix-revelo-la-primera-imagen-oficial-que-muestra-al-elenco-principal-caracterizado\/#breadcrumb\",\"itemListElement\":[{\"@type\":\"ListItem\",\"position\":1,\"name\":\"Portada\",\"item\":\"https:\/\/noti-america.com\/site\/principal\/\"},{\"@type\":\"ListItem\",\"position\":2,\"name\":\"Nueva serie live-action de \u00abScooby-Doo: Origins\u00bb comenz\u00f3 producci\u00f3n: Netflix revel\u00f3 la primera imagen oficial que muestra al elenco principal caracterizado\"}]},{\"@type\":\"WebSite\",\"@id\":\"https:\/\/noti-america.com\/site\/principal\/#website\",\"url\":\"https:\/\/noti-america.com\/site\/principal\/\",\"name\":\"Noti-America.com\",\"description\":\"El Noticiero Digital M\u00e1s Grande de Am\u00e9rica\",\"potentialAction\":[{\"@type\":\"SearchAction\",\"target\":{\"@type\":\"EntryPoint\",\"urlTemplate\":\"https:\/\/noti-america.com\/site\/principal\/?s={search_term_string}\"},\"query-input\":{\"@type\":\"PropertyValueSpecification\",\"valueRequired\":true,\"valueName\":\"search_term_string\"}}],\"inLanguage\":\"es\"},{\"@type\":\"Person\",\"@id\":\"https:\/\/noti-america.com\/site\/principal\/#\/schema\/person\/22806efcc2cfc4b45efb0e17be210ea8\",\"name\":\"Maria Valentina Noguera Medina\",\"image\":{\"@type\":\"ImageObject\",\"inLanguage\":\"es\",\"@id\":\"https:\/\/secure.gravatar.com\/avatar\/4ec5eb9d099f2608a49c9df6f7341f66f04f819cdffa09d56a7a0e91d2819d56?s=96&d=mm&r=g\",\"url\":\"https:\/\/secure.gravatar.com\/avatar\/4ec5eb9d099f2608a49c9df6f7341f66f04f819cdffa09d56a7a0e91d2819d56?s=96&d=mm&r=g\",\"contentUrl\":\"https:\/\/secure.gravatar.com\/avatar\/4ec5eb9d099f2608a49c9df6f7341f66f04f819cdffa09d56a7a0e91d2819d56?s=96&d=mm&r=g\",\"caption\":\"Maria Valentina Noguera Medina\"},\"description\":\"Periodista - noti-america - Promar Community Manager - Talento Plus Dise\u00f1adora\/ creadora de contenido...\",\"sameAs\":[\"Mar\u00eda Valentina Noguera\",\"https:\/\/www.facebook.com\/mariavalentina.noguera\",\"https:\/\/www.linkedin.com\/in\/mara-valentina-noguera-medina-373075165\/\",\"https:\/\/www.pinterest.es\/valentinanoguera95\/\",\"https:\/\/www.youtube.com\/channel\/UCdek6mbUZ-Tqqw0I63i4nmQ\"],\"url\":\"https:\/\/noti-america.com\/site\/principal\/author\/mnoguera\/\"}]}<\/script>\n<!-- \/ Yoast SEO Premium plugin. -->","yoast_head_json":{"title":"Nueva serie live-action de \u00abScooby-Doo: Origins\u00bb comenz\u00f3 producci\u00f3n: Netflix revel\u00f3 la primera imagen oficial que muestra al elenco principal caracterizado - Noti-America.com","robots":{"index":"index","follow":"follow","max-snippet":"max-snippet:-1","max-image-preview":"max-image-preview:large","max-video-preview":"max-video-preview:-1"},"canonical":"https:\/\/noti-america.com\/site\/principal\/2026\/04\/28\/nueva-serie-live-action-de-scooby-doo-origins-comenzo-produccion-netflix-revelo-la-primera-imagen-oficial-que-muestra-al-elenco-principal-caracterizado\/","og_locale":"es_ES","og_type":"article","og_title":"Nueva serie live-action de \u00abScooby-Doo: Origins\u00bb comenz\u00f3 producci\u00f3n: Netflix revel\u00f3 la primera imagen oficial que muestra al elenco principal caracterizado","og_description":"NOTI-AMERICA.COM | CHILE La plataforma de streaming Netflix ha anunciado oficialmente el inicio del rodaje de \u00abScooby-Doo: Origins\u00bb, una ambiciosa serie en formato live-action (imagen real) que explorar\u00e1 los inicios de la emblem\u00e1tica pandilla&#46;&#46;&#46;","og_url":"https:\/\/noti-america.com\/site\/principal\/2026\/04\/28\/nueva-serie-live-action-de-scooby-doo-origins-comenzo-produccion-netflix-revelo-la-primera-imagen-oficial-que-muestra-al-elenco-principal-caracterizado\/","og_site_name":"Noti-America.com","article_author":"Mar\u00eda Valentina Noguera","article_published_time":"2026-04-28T18:54:15+00:00","og_image":[{"width":1352,"height":632,"url":"https:\/\/noti-america.com\/site\/principal\/wp-content\/uploads\/sites\/26\/2026\/04\/Screenshot_28-4-2026_104918_www.noticias24hrs.com_.ve_.jpeg","type":"image\/jpeg"}],"author":"Maria Valentina Noguera Medina","twitter_card":"summary_large_image","twitter_misc":{"Escrito por":"Maria Valentina Noguera Medina","Tiempo estimado de lectura":"1 minuto"},"schema":{"@context":"https:\/\/schema.org","@graph":[{"@type":"Article","@id":"https:\/\/noti-america.com\/site\/principal\/2026\/04\/28\/nueva-serie-live-action-de-scooby-doo-origins-comenzo-produccion-netflix-revelo-la-primera-imagen-oficial-que-muestra-al-elenco-principal-caracterizado\/#article","isPartOf":{"@id":"https:\/\/noti-america.com\/site\/principal\/2026\/04\/28\/nueva-serie-live-action-de-scooby-doo-origins-comenzo-produccion-netflix-revelo-la-primera-imagen-oficial-que-muestra-al-elenco-principal-caracterizado\/"},"author":{"name":"Maria Valentina Noguera Medina","@id":"https:\/\/noti-america.com\/site\/principal\/#\/schema\/person\/22806efcc2cfc4b45efb0e17be210ea8"},"headline":"Nueva serie live-action de \u00abScooby-Doo: Origins\u00bb comenz\u00f3 producci\u00f3n: Netflix revel\u00f3 la primera imagen oficial que muestra al elenco principal caracterizado","datePublished":"2026-04-28T18:54:15+00:00","mainEntityOfPage":{"@id":"https:\/\/noti-america.com\/site\/principal\/2026\/04\/28\/nueva-serie-live-action-de-scooby-doo-origins-comenzo-produccion-netflix-revelo-la-primera-imagen-oficial-que-muestra-al-elenco-principal-caracterizado\/"},"wordCount":236,"image":{"@id":"https:\/\/noti-america.com\/site\/principal\/2026\/04\/28\/nueva-serie-live-action-de-scooby-doo-origins-comenzo-produccion-netflix-revelo-la-primera-imagen-oficial-que-muestra-al-elenco-principal-caracterizado\/#primaryimage"},"thumbnailUrl":"https:\/\/noti-america.com\/site\/principal\/wp-content\/uploads\/sites\/26\/2026\/04\/Screenshot_28-4-2026_104918_www.noticias24hrs.com_.ve_.jpeg","articleSection":["Actualidad"],"inLanguage":"es"},{"@type":"WebPage","@id":"https:\/\/noti-america.com\/site\/principal\/2026\/04\/28\/nueva-serie-live-action-de-scooby-doo-origins-comenzo-produccion-netflix-revelo-la-primera-imagen-oficial-que-muestra-al-elenco-principal-caracterizado\/","url":"https:\/\/noti-america.com\/site\/principal\/2026\/04\/28\/nueva-serie-live-action-de-scooby-doo-origins-comenzo-produccion-netflix-revelo-la-primera-imagen-oficial-que-muestra-al-elenco-principal-caracterizado\/","name":"Nueva serie live-action de \u00abScooby-Doo: Origins\u00bb comenz\u00f3 producci\u00f3n: Netflix revel\u00f3 la primera imagen oficial que muestra al elenco principal caracterizado - Noti-America.com","isPartOf":{"@id":"https:\/\/noti-america.com\/site\/principal\/#website"},"primaryImageOfPage":{"@id":"https:\/\/noti-america.com\/site\/principal\/2026\/04\/28\/nueva-serie-live-action-de-scooby-doo-origins-comenzo-produccion-netflix-revelo-la-primera-imagen-oficial-que-muestra-al-elenco-principal-caracterizado\/#primaryimage"},"image":{"@id":"https:\/\/noti-america.com\/site\/principal\/2026\/04\/28\/nueva-serie-live-action-de-scooby-doo-origins-comenzo-produccion-netflix-revelo-la-primera-imagen-oficial-que-muestra-al-elenco-principal-caracterizado\/#primaryimage"},"thumbnailUrl":"https:\/\/noti-america.com\/site\/principal\/wp-content\/uploads\/sites\/26\/2026\/04\/Screenshot_28-4-2026_104918_www.noticias24hrs.com_.ve_.jpeg","datePublished":"2026-04-28T18:54:15+00:00","author":{"@id":"https:\/\/noti-america.com\/site\/principal\/#\/schema\/person\/22806efcc2cfc4b45efb0e17be210ea8"},"breadcrumb":{"@id":"https:\/\/noti-america.com\/site\/principal\/2026\/04\/28\/nueva-serie-live-action-de-scooby-doo-origins-comenzo-produccion-netflix-revelo-la-primera-imagen-oficial-que-muestra-al-elenco-principal-caracterizado\/#breadcrumb"},"inLanguage":"es","potentialAction":[{"@type":"ReadAction","target":["https:\/\/noti-america.com\/site\/principal\/2026\/04\/28\/nueva-serie-live-action-de-scooby-doo-origins-comenzo-produccion-netflix-revelo-la-primera-imagen-oficial-que-muestra-al-elenco-principal-caracterizado\/"]}]},{"@type":"ImageObject","inLanguage":"es","@id":"https:\/\/noti-america.com\/site\/principal\/2026\/04\/28\/nueva-serie-live-action-de-scooby-doo-origins-comenzo-produccion-netflix-revelo-la-primera-imagen-oficial-que-muestra-al-elenco-principal-caracterizado\/#primaryimage","url":"https:\/\/noti-america.com\/site\/principal\/wp-content\/uploads\/sites\/26\/2026\/04\/Screenshot_28-4-2026_104918_www.noticias24hrs.com_.ve_.jpeg","contentUrl":"https:\/\/noti-america.com\/site\/principal\/wp-content\/uploads\/sites\/26\/2026\/04\/Screenshot_28-4-2026_104918_www.noticias24hrs.com_.ve_.jpeg","width":1352,"height":632},{"@type":"BreadcrumbList","@id":"https:\/\/noti-america.com\/site\/principal\/2026\/04\/28\/nueva-serie-live-action-de-scooby-doo-origins-comenzo-produccion-netflix-revelo-la-primera-imagen-oficial-que-muestra-al-elenco-principal-caracterizado\/#breadcrumb","itemListElement":[{"@type":"ListItem","position":1,"name":"Portada","item":"https:\/\/noti-america.com\/site\/principal\/"},{"@type":"ListItem","position":2,"name":"Nueva serie live-action de \u00abScooby-Doo: Origins\u00bb comenz\u00f3 producci\u00f3n: Netflix revel\u00f3 la primera imagen oficial que muestra al elenco principal caracterizado"}]},{"@type":"WebSite","@id":"https:\/\/noti-america.com\/site\/principal\/#website","url":"https:\/\/noti-america.com\/site\/principal\/","name":"Noti-America.com","description":"El Noticiero Digital M\u00e1s Grande de Am\u00e9rica","potentialAction":[{"@type":"SearchAction","target":{"@type":"EntryPoint","urlTemplate":"https:\/\/noti-america.com\/site\/principal\/?s={search_term_string}"},"query-input":{"@type":"PropertyValueSpecification","valueRequired":true,"valueName":"search_term_string"}}],"inLanguage":"es"},{"@type":"Person","@id":"https:\/\/noti-america.com\/site\/principal\/#\/schema\/person\/22806efcc2cfc4b45efb0e17be210ea8","name":"Maria Valentina Noguera Medina","image":{"@type":"ImageObject","inLanguage":"es","@id":"https:\/\/secure.gravatar.com\/avatar\/4ec5eb9d099f2608a49c9df6f7341f66f04f819cdffa09d56a7a0e91d2819d56?s=96&d=mm&r=g","url":"https:\/\/secure.gravatar.com\/avatar\/4ec5eb9d099f2608a49c9df6f7341f66f04f819cdffa09d56a7a0e91d2819d56?s=96&d=mm&r=g","contentUrl":"https:\/\/secure.gravatar.com\/avatar\/4ec5eb9d099f2608a49c9df6f7341f66f04f819cdffa09d56a7a0e91d2819d56?s=96&d=mm&r=g","caption":"Maria Valentina Noguera Medina"},"description":"Periodista - noti-america - Promar Community Manager - Talento Plus Dise\u00f1adora\/ creadora de contenido...","sameAs":["Mar\u00eda Valentina Noguera","https:\/\/www.facebook.com\/mariavalentina.noguera","https:\/\/www.linkedin.com\/in\/mara-valentina-noguera-medina-373075165\/","https:\/\/www.pinterest.es\/valentinanoguera95\/","https:\/\/www.youtube.com\/channel\/UCdek6mbUZ-Tqqw0I63i4nmQ"],"url":"https:\/\/noti-america.com\/site\/principal\/author\/mnoguera\/"}]}},"_links":{"self":[{"href":"https:\/\/noti-america.com\/site\/principal\/wp-json\/wp\/v2\/posts\/87477","targetHints":{"allow":["GET"]}}],"collection":[{"href":"https:\/\/noti-america.com\/site\/principal\/wp-json\/wp\/v2\/posts"}],"about":[{"href":"https:\/\/noti-america.com\/site\/principal\/wp-json\/wp\/v2\/types\/post"}],"author":[{"embeddable":true,"href":"https:\/\/noti-america.com\/site\/principal\/wp-json\/wp\/v2\/users\/133"}],"replies":[{"embeddable":true,"href":"https:\/\/noti-america.com\/site\/principal\/wp-json\/wp\/v2\/comments?post=87477"}],"version-history":[{"count":1,"href":"https:\/\/noti-america.com\/site\/principal\/wp-json\/wp\/v2\/posts\/87477\/revisions"}],"predecessor-version":[{"id":87512,"href":"https:\/\/noti-america.com\/site\/principal\/wp-json\/wp\/v2\/posts\/87477\/revisions\/87512"}],"wp:featuredmedia":[{"embeddable":true,"href":"https:\/\/noti-america.com\/site\/principal\/wp-json\/wp\/v2\/media\/87478"}],"wp:attachment":[{"href":"https:\/\/noti-america.com\/site\/principal\/wp-json\/wp\/v2\/media?parent=87477"}],"wp:term":[{"taxonomy":"category","embeddable":true,"href":"https:\/\/noti-america.com\/site\/principal\/wp-json\/wp\/v2\/categories?post=87477"},{"taxonomy":"post_tag","embeddable":true,"href":"https:\/\/noti-america.com\/site\/principal\/wp-json\/wp\/v2\/tags?post=87477"}],"curies":[{"name":"wp","href":"https:\/\/api.w.org\/{rel}","templated":true}]}}