{"id":87475,"date":"2026-04-28T14:48:36","date_gmt":"2026-04-28T18:48:36","guid":{"rendered":"https:\/\/noti-america.com\/site\/principal\/?p=87475"},"modified":"2026-04-28T14:48:36","modified_gmt":"2026-04-28T18:48:36","slug":"italia-se-prepara-para-la-boda-del-ano-dua-lipa-y-callum-turner-eligen-el-pais-europeo-para-su-compromiso","status":"publish","type":"post","link":"https:\/\/noti-america.com\/site\/principal\/2026\/04\/28\/italia-se-prepara-para-la-boda-del-ano-dua-lipa-y-callum-turner-eligen-el-pais-europeo-para-su-compromiso\/","title":{"rendered":"Italia se prepara para \u00abla boda del a\u00f1o\u00bb: Dua Lipa y Callum Turner eligen el pa\u00eds europeo para su compromiso"},"content":{"rendered":"<p>NOTI-AMERICA.COM | CHILE<\/p>\n<p style=\"text-align: justify\">La c\u00e9lebre estrella del pop Dua Lipa y el actor brit\u00e1nico Callum Turner habr\u00edan elegido Palermo, capital de Sicilia, para su boda, y la prensa italiana est\u00e1 entusiasmada con la que ya se ha bautizado como \u00abla boda del a\u00f1o\u00bb. La cantante de \u2018Levitating\u2019, de 30 a\u00f1os, y el actor, uno de los favoritos para ser el pr\u00f3ximo James Bond, de 36, anunciaron su compromiso el a\u00f1o pasado, y los rumores apuntan a que la boda en Italia podr\u00eda celebrarse este mes de junio.<\/p>\n<p style=\"text-align: justify\">Antes se hab\u00eda especulado sobre el lugar y la fecha de la ceremonia, y el peri\u00f3dico \u2018Giornale di Sicilia\u2019 aseguraba que la celebraci\u00f3n estaba prevista para septiembre, con fiestas que se prolongar\u00edan durante tres d\u00edas e incluir\u00edan cenas de gala, paseos en barco y toda una planta de suites en el hotel de cinco estrellas Villa Igiea. Por su parte, el tabloide brit\u00e1nico \u2018The Sun\u2019 especulaba con que la lista de invitados podr\u00eda incluir nombres de alto perfil como Elton John, Olivia Dean y Charli XCX.<\/p>\n<p style=\"text-align: justify\">Las conjeturas sobre la boda en junio contin\u00faan y a\u00fan no hay ninguna confirmaci\u00f3n oficial. Sin embargo, la elecci\u00f3n de Palermo tiene sentido para la pareja, ya que ambos fueron vistos all\u00ed el verano pasado, cuando Dua Lipa public\u00f3 una serie de fotos en Instagram. Antes, en 2023, Foot Locker Europe difundi\u00f3 una serie de im\u00e1genes de Dua Lipa con la camiseta del club de f\u00fatbol Palermo para promocionar las zapatillas \u2018Puma Palermo\u2019.<\/p>\n","protected":false},"excerpt":{"rendered":"<p>NOTI-AMERICA.COM | CHILE La c\u00e9lebre estrella del pop Dua Lipa y el actor brit\u00e1nico Callum Turner habr\u00edan elegido Palermo, capital de Sicilia, para su boda, y la prensa italiana est\u00e1 entusiasmada con la que&#46;&#46;&#46;<\/p>\n","protected":false},"author":133,"featured_media":87476,"comment_status":"","ping_status":"open","sticky":false,"template":"","format":"image","meta":{"_acf_changed":false,"rop_custom_images_group":[],"rop_custom_messages_group":[],"rop_publish_now":"no","rop_publish_now_accounts":{"facebook_10219548024599422_1632221337088128":"","twitter_242054905_242054905":""},"rop_publish_now_history":[{"account":"twitter_242054905_242054905","service":"twitter","timestamp":1777402129,"status":"success"}],"rop_publish_now_status":"done","footnotes":""},"categories":[663],"tags":[],"class_list":["post-87475","post","type-post","status-publish","format-image","has-post-thumbnail","hentry","category-actualidad","post_format-post-format-image"],"acf":[],"yoast_head":"<!-- This site is optimized with the Yoast SEO Premium plugin v24.9 (Yoast SEO v27.2) - https:\/\/yoast.com\/product\/yoast-seo-premium-wordpress\/ -->\n<title>Italia se prepara para \u00abla boda del a\u00f1o\u00bb: Dua Lipa y Callum Turner eligen el pa\u00eds europeo para su compromiso - Noti-America.com<\/title>\n<meta name=\"robots\" content=\"index, follow, max-snippet:-1, max-image-preview:large, max-video-preview:-1\" \/>\n<link rel=\"canonical\" href=\"https:\/\/noti-america.com\/site\/principal\/2026\/04\/28\/italia-se-prepara-para-la-boda-del-ano-dua-lipa-y-callum-turner-eligen-el-pais-europeo-para-su-compromiso\/\" \/>\n<meta property=\"og:locale\" content=\"es_ES\" \/>\n<meta property=\"og:type\" content=\"article\" \/>\n<meta property=\"og:title\" content=\"Italia se prepara para \u00abla boda del a\u00f1o\u00bb: Dua Lipa y Callum Turner eligen el pa\u00eds europeo para su compromiso\" \/>\n<meta property=\"og:description\" content=\"NOTI-AMERICA.COM | CHILE La c\u00e9lebre estrella del pop Dua Lipa y el actor brit\u00e1nico Callum Turner habr\u00edan elegido Palermo, capital de Sicilia, para su boda, y la prensa italiana est\u00e1 entusiasmada con la que&#046;&#046;&#046;\" \/>\n<meta property=\"og:url\" content=\"https:\/\/noti-america.com\/site\/principal\/2026\/04\/28\/italia-se-prepara-para-la-boda-del-ano-dua-lipa-y-callum-turner-eligen-el-pais-europeo-para-su-compromiso\/\" \/>\n<meta property=\"og:site_name\" content=\"Noti-America.com\" \/>\n<meta property=\"article:author\" content=\"Mar\u00eda Valentina Noguera\" \/>\n<meta property=\"article:published_time\" content=\"2026-04-28T18:48:36+00:00\" \/>\n<meta property=\"og:image\" content=\"https:\/\/noti-america.com\/site\/principal\/wp-content\/uploads\/sites\/26\/2026\/04\/Screenshot_28-4-2026_104741_editorialtelevisa.brightspotcdn.com_.jpeg\" \/>\n\t<meta property=\"og:image:width\" content=\"1357\" \/>\n\t<meta property=\"og:image:height\" content=\"633\" \/>\n\t<meta property=\"og:image:type\" content=\"image\/jpeg\" \/>\n<meta name=\"author\" content=\"Maria Valentina Noguera Medina\" \/>\n<meta name=\"twitter:card\" content=\"summary_large_image\" \/>\n<meta name=\"twitter:label1\" content=\"Escrito por\" \/>\n\t<meta name=\"twitter:data1\" content=\"Maria Valentina Noguera Medina\" \/>\n\t<meta name=\"twitter:label2\" content=\"Tiempo estimado de lectura\" \/>\n\t<meta name=\"twitter:data2\" content=\"1 minuto\" \/>\n<script type=\"application\/ld+json\" class=\"yoast-schema-graph\">{\"@context\":\"https:\/\/schema.org\",\"@graph\":[{\"@type\":\"Article\",\"@id\":\"https:\/\/noti-america.com\/site\/principal\/2026\/04\/28\/italia-se-prepara-para-la-boda-del-ano-dua-lipa-y-callum-turner-eligen-el-pais-europeo-para-su-compromiso\/#article\",\"isPartOf\":{\"@id\":\"https:\/\/noti-america.com\/site\/principal\/2026\/04\/28\/italia-se-prepara-para-la-boda-del-ano-dua-lipa-y-callum-turner-eligen-el-pais-europeo-para-su-compromiso\/\"},\"author\":{\"name\":\"Maria Valentina Noguera Medina\",\"@id\":\"https:\/\/noti-america.com\/site\/principal\/#\/schema\/person\/22806efcc2cfc4b45efb0e17be210ea8\"},\"headline\":\"Italia se prepara para \u00abla boda del a\u00f1o\u00bb: Dua Lipa y Callum Turner eligen el pa\u00eds europeo para su compromiso\",\"datePublished\":\"2026-04-28T18:48:36+00:00\",\"mainEntityOfPage\":{\"@id\":\"https:\/\/noti-america.com\/site\/principal\/2026\/04\/28\/italia-se-prepara-para-la-boda-del-ano-dua-lipa-y-callum-turner-eligen-el-pais-europeo-para-su-compromiso\/\"},\"wordCount\":287,\"image\":{\"@id\":\"https:\/\/noti-america.com\/site\/principal\/2026\/04\/28\/italia-se-prepara-para-la-boda-del-ano-dua-lipa-y-callum-turner-eligen-el-pais-europeo-para-su-compromiso\/#primaryimage\"},\"thumbnailUrl\":\"https:\/\/noti-america.com\/site\/principal\/wp-content\/uploads\/sites\/26\/2026\/04\/Screenshot_28-4-2026_104741_editorialtelevisa.brightspotcdn.com_.jpeg\",\"articleSection\":[\"Actualidad\"],\"inLanguage\":\"es\"},{\"@type\":\"WebPage\",\"@id\":\"https:\/\/noti-america.com\/site\/principal\/2026\/04\/28\/italia-se-prepara-para-la-boda-del-ano-dua-lipa-y-callum-turner-eligen-el-pais-europeo-para-su-compromiso\/\",\"url\":\"https:\/\/noti-america.com\/site\/principal\/2026\/04\/28\/italia-se-prepara-para-la-boda-del-ano-dua-lipa-y-callum-turner-eligen-el-pais-europeo-para-su-compromiso\/\",\"name\":\"Italia se prepara para \u00abla boda del a\u00f1o\u00bb: Dua Lipa y Callum Turner eligen el pa\u00eds europeo para su compromiso - Noti-America.com\",\"isPartOf\":{\"@id\":\"https:\/\/noti-america.com\/site\/principal\/#website\"},\"primaryImageOfPage\":{\"@id\":\"https:\/\/noti-america.com\/site\/principal\/2026\/04\/28\/italia-se-prepara-para-la-boda-del-ano-dua-lipa-y-callum-turner-eligen-el-pais-europeo-para-su-compromiso\/#primaryimage\"},\"image\":{\"@id\":\"https:\/\/noti-america.com\/site\/principal\/2026\/04\/28\/italia-se-prepara-para-la-boda-del-ano-dua-lipa-y-callum-turner-eligen-el-pais-europeo-para-su-compromiso\/#primaryimage\"},\"thumbnailUrl\":\"https:\/\/noti-america.com\/site\/principal\/wp-content\/uploads\/sites\/26\/2026\/04\/Screenshot_28-4-2026_104741_editorialtelevisa.brightspotcdn.com_.jpeg\",\"datePublished\":\"2026-04-28T18:48:36+00:00\",\"author\":{\"@id\":\"https:\/\/noti-america.com\/site\/principal\/#\/schema\/person\/22806efcc2cfc4b45efb0e17be210ea8\"},\"breadcrumb\":{\"@id\":\"https:\/\/noti-america.com\/site\/principal\/2026\/04\/28\/italia-se-prepara-para-la-boda-del-ano-dua-lipa-y-callum-turner-eligen-el-pais-europeo-para-su-compromiso\/#breadcrumb\"},\"inLanguage\":\"es\",\"potentialAction\":[{\"@type\":\"ReadAction\",\"target\":[\"https:\/\/noti-america.com\/site\/principal\/2026\/04\/28\/italia-se-prepara-para-la-boda-del-ano-dua-lipa-y-callum-turner-eligen-el-pais-europeo-para-su-compromiso\/\"]}]},{\"@type\":\"ImageObject\",\"inLanguage\":\"es\",\"@id\":\"https:\/\/noti-america.com\/site\/principal\/2026\/04\/28\/italia-se-prepara-para-la-boda-del-ano-dua-lipa-y-callum-turner-eligen-el-pais-europeo-para-su-compromiso\/#primaryimage\",\"url\":\"https:\/\/noti-america.com\/site\/principal\/wp-content\/uploads\/sites\/26\/2026\/04\/Screenshot_28-4-2026_104741_editorialtelevisa.brightspotcdn.com_.jpeg\",\"contentUrl\":\"https:\/\/noti-america.com\/site\/principal\/wp-content\/uploads\/sites\/26\/2026\/04\/Screenshot_28-4-2026_104741_editorialtelevisa.brightspotcdn.com_.jpeg\",\"width\":1357,\"height\":633},{\"@type\":\"BreadcrumbList\",\"@id\":\"https:\/\/noti-america.com\/site\/principal\/2026\/04\/28\/italia-se-prepara-para-la-boda-del-ano-dua-lipa-y-callum-turner-eligen-el-pais-europeo-para-su-compromiso\/#breadcrumb\",\"itemListElement\":[{\"@type\":\"ListItem\",\"position\":1,\"name\":\"Portada\",\"item\":\"https:\/\/noti-america.com\/site\/principal\/\"},{\"@type\":\"ListItem\",\"position\":2,\"name\":\"Italia se prepara para \u00abla boda del a\u00f1o\u00bb: Dua Lipa y Callum Turner eligen el pa\u00eds europeo para su compromiso\"}]},{\"@type\":\"WebSite\",\"@id\":\"https:\/\/noti-america.com\/site\/principal\/#website\",\"url\":\"https:\/\/noti-america.com\/site\/principal\/\",\"name\":\"Noti-America.com\",\"description\":\"El Noticiero Digital M\u00e1s Grande de Am\u00e9rica\",\"potentialAction\":[{\"@type\":\"SearchAction\",\"target\":{\"@type\":\"EntryPoint\",\"urlTemplate\":\"https:\/\/noti-america.com\/site\/principal\/?s={search_term_string}\"},\"query-input\":{\"@type\":\"PropertyValueSpecification\",\"valueRequired\":true,\"valueName\":\"search_term_string\"}}],\"inLanguage\":\"es\"},{\"@type\":\"Person\",\"@id\":\"https:\/\/noti-america.com\/site\/principal\/#\/schema\/person\/22806efcc2cfc4b45efb0e17be210ea8\",\"name\":\"Maria Valentina Noguera Medina\",\"image\":{\"@type\":\"ImageObject\",\"inLanguage\":\"es\",\"@id\":\"https:\/\/secure.gravatar.com\/avatar\/4ec5eb9d099f2608a49c9df6f7341f66f04f819cdffa09d56a7a0e91d2819d56?s=96&d=mm&r=g\",\"url\":\"https:\/\/secure.gravatar.com\/avatar\/4ec5eb9d099f2608a49c9df6f7341f66f04f819cdffa09d56a7a0e91d2819d56?s=96&d=mm&r=g\",\"contentUrl\":\"https:\/\/secure.gravatar.com\/avatar\/4ec5eb9d099f2608a49c9df6f7341f66f04f819cdffa09d56a7a0e91d2819d56?s=96&d=mm&r=g\",\"caption\":\"Maria Valentina Noguera Medina\"},\"description\":\"Periodista - noti-america - Promar Community Manager - Talento Plus Dise\u00f1adora\/ creadora de contenido...\",\"sameAs\":[\"Mar\u00eda Valentina Noguera\",\"https:\/\/www.facebook.com\/mariavalentina.noguera\",\"https:\/\/www.linkedin.com\/in\/mara-valentina-noguera-medina-373075165\/\",\"https:\/\/www.pinterest.es\/valentinanoguera95\/\",\"https:\/\/www.youtube.com\/channel\/UCdek6mbUZ-Tqqw0I63i4nmQ\"],\"url\":\"https:\/\/noti-america.com\/site\/principal\/author\/mnoguera\/\"}]}<\/script>\n<!-- \/ Yoast SEO Premium plugin. -->","yoast_head_json":{"title":"Italia se prepara para \u00abla boda del a\u00f1o\u00bb: Dua Lipa y Callum Turner eligen el pa\u00eds europeo para su compromiso - Noti-America.com","robots":{"index":"index","follow":"follow","max-snippet":"max-snippet:-1","max-image-preview":"max-image-preview:large","max-video-preview":"max-video-preview:-1"},"canonical":"https:\/\/noti-america.com\/site\/principal\/2026\/04\/28\/italia-se-prepara-para-la-boda-del-ano-dua-lipa-y-callum-turner-eligen-el-pais-europeo-para-su-compromiso\/","og_locale":"es_ES","og_type":"article","og_title":"Italia se prepara para \u00abla boda del a\u00f1o\u00bb: Dua Lipa y Callum Turner eligen el pa\u00eds europeo para su compromiso","og_description":"NOTI-AMERICA.COM | CHILE La c\u00e9lebre estrella del pop Dua Lipa y el actor brit\u00e1nico Callum Turner habr\u00edan elegido Palermo, capital de Sicilia, para su boda, y la prensa italiana est\u00e1 entusiasmada con la que&#46;&#46;&#46;","og_url":"https:\/\/noti-america.com\/site\/principal\/2026\/04\/28\/italia-se-prepara-para-la-boda-del-ano-dua-lipa-y-callum-turner-eligen-el-pais-europeo-para-su-compromiso\/","og_site_name":"Noti-America.com","article_author":"Mar\u00eda Valentina Noguera","article_published_time":"2026-04-28T18:48:36+00:00","og_image":[{"width":1357,"height":633,"url":"https:\/\/noti-america.com\/site\/principal\/wp-content\/uploads\/sites\/26\/2026\/04\/Screenshot_28-4-2026_104741_editorialtelevisa.brightspotcdn.com_.jpeg","type":"image\/jpeg"}],"author":"Maria Valentina Noguera Medina","twitter_card":"summary_large_image","twitter_misc":{"Escrito por":"Maria Valentina Noguera Medina","Tiempo estimado de lectura":"1 minuto"},"schema":{"@context":"https:\/\/schema.org","@graph":[{"@type":"Article","@id":"https:\/\/noti-america.com\/site\/principal\/2026\/04\/28\/italia-se-prepara-para-la-boda-del-ano-dua-lipa-y-callum-turner-eligen-el-pais-europeo-para-su-compromiso\/#article","isPartOf":{"@id":"https:\/\/noti-america.com\/site\/principal\/2026\/04\/28\/italia-se-prepara-para-la-boda-del-ano-dua-lipa-y-callum-turner-eligen-el-pais-europeo-para-su-compromiso\/"},"author":{"name":"Maria Valentina Noguera Medina","@id":"https:\/\/noti-america.com\/site\/principal\/#\/schema\/person\/22806efcc2cfc4b45efb0e17be210ea8"},"headline":"Italia se prepara para \u00abla boda del a\u00f1o\u00bb: Dua Lipa y Callum Turner eligen el pa\u00eds europeo para su compromiso","datePublished":"2026-04-28T18:48:36+00:00","mainEntityOfPage":{"@id":"https:\/\/noti-america.com\/site\/principal\/2026\/04\/28\/italia-se-prepara-para-la-boda-del-ano-dua-lipa-y-callum-turner-eligen-el-pais-europeo-para-su-compromiso\/"},"wordCount":287,"image":{"@id":"https:\/\/noti-america.com\/site\/principal\/2026\/04\/28\/italia-se-prepara-para-la-boda-del-ano-dua-lipa-y-callum-turner-eligen-el-pais-europeo-para-su-compromiso\/#primaryimage"},"thumbnailUrl":"https:\/\/noti-america.com\/site\/principal\/wp-content\/uploads\/sites\/26\/2026\/04\/Screenshot_28-4-2026_104741_editorialtelevisa.brightspotcdn.com_.jpeg","articleSection":["Actualidad"],"inLanguage":"es"},{"@type":"WebPage","@id":"https:\/\/noti-america.com\/site\/principal\/2026\/04\/28\/italia-se-prepara-para-la-boda-del-ano-dua-lipa-y-callum-turner-eligen-el-pais-europeo-para-su-compromiso\/","url":"https:\/\/noti-america.com\/site\/principal\/2026\/04\/28\/italia-se-prepara-para-la-boda-del-ano-dua-lipa-y-callum-turner-eligen-el-pais-europeo-para-su-compromiso\/","name":"Italia se prepara para \u00abla boda del a\u00f1o\u00bb: Dua Lipa y Callum Turner eligen el pa\u00eds europeo para su compromiso - Noti-America.com","isPartOf":{"@id":"https:\/\/noti-america.com\/site\/principal\/#website"},"primaryImageOfPage":{"@id":"https:\/\/noti-america.com\/site\/principal\/2026\/04\/28\/italia-se-prepara-para-la-boda-del-ano-dua-lipa-y-callum-turner-eligen-el-pais-europeo-para-su-compromiso\/#primaryimage"},"image":{"@id":"https:\/\/noti-america.com\/site\/principal\/2026\/04\/28\/italia-se-prepara-para-la-boda-del-ano-dua-lipa-y-callum-turner-eligen-el-pais-europeo-para-su-compromiso\/#primaryimage"},"thumbnailUrl":"https:\/\/noti-america.com\/site\/principal\/wp-content\/uploads\/sites\/26\/2026\/04\/Screenshot_28-4-2026_104741_editorialtelevisa.brightspotcdn.com_.jpeg","datePublished":"2026-04-28T18:48:36+00:00","author":{"@id":"https:\/\/noti-america.com\/site\/principal\/#\/schema\/person\/22806efcc2cfc4b45efb0e17be210ea8"},"breadcrumb":{"@id":"https:\/\/noti-america.com\/site\/principal\/2026\/04\/28\/italia-se-prepara-para-la-boda-del-ano-dua-lipa-y-callum-turner-eligen-el-pais-europeo-para-su-compromiso\/#breadcrumb"},"inLanguage":"es","potentialAction":[{"@type":"ReadAction","target":["https:\/\/noti-america.com\/site\/principal\/2026\/04\/28\/italia-se-prepara-para-la-boda-del-ano-dua-lipa-y-callum-turner-eligen-el-pais-europeo-para-su-compromiso\/"]}]},{"@type":"ImageObject","inLanguage":"es","@id":"https:\/\/noti-america.com\/site\/principal\/2026\/04\/28\/italia-se-prepara-para-la-boda-del-ano-dua-lipa-y-callum-turner-eligen-el-pais-europeo-para-su-compromiso\/#primaryimage","url":"https:\/\/noti-america.com\/site\/principal\/wp-content\/uploads\/sites\/26\/2026\/04\/Screenshot_28-4-2026_104741_editorialtelevisa.brightspotcdn.com_.jpeg","contentUrl":"https:\/\/noti-america.com\/site\/principal\/wp-content\/uploads\/sites\/26\/2026\/04\/Screenshot_28-4-2026_104741_editorialtelevisa.brightspotcdn.com_.jpeg","width":1357,"height":633},{"@type":"BreadcrumbList","@id":"https:\/\/noti-america.com\/site\/principal\/2026\/04\/28\/italia-se-prepara-para-la-boda-del-ano-dua-lipa-y-callum-turner-eligen-el-pais-europeo-para-su-compromiso\/#breadcrumb","itemListElement":[{"@type":"ListItem","position":1,"name":"Portada","item":"https:\/\/noti-america.com\/site\/principal\/"},{"@type":"ListItem","position":2,"name":"Italia se prepara para \u00abla boda del a\u00f1o\u00bb: Dua Lipa y Callum Turner eligen el pa\u00eds europeo para su compromiso"}]},{"@type":"WebSite","@id":"https:\/\/noti-america.com\/site\/principal\/#website","url":"https:\/\/noti-america.com\/site\/principal\/","name":"Noti-America.com","description":"El Noticiero Digital M\u00e1s Grande de Am\u00e9rica","potentialAction":[{"@type":"SearchAction","target":{"@type":"EntryPoint","urlTemplate":"https:\/\/noti-america.com\/site\/principal\/?s={search_term_string}"},"query-input":{"@type":"PropertyValueSpecification","valueRequired":true,"valueName":"search_term_string"}}],"inLanguage":"es"},{"@type":"Person","@id":"https:\/\/noti-america.com\/site\/principal\/#\/schema\/person\/22806efcc2cfc4b45efb0e17be210ea8","name":"Maria Valentina Noguera Medina","image":{"@type":"ImageObject","inLanguage":"es","@id":"https:\/\/secure.gravatar.com\/avatar\/4ec5eb9d099f2608a49c9df6f7341f66f04f819cdffa09d56a7a0e91d2819d56?s=96&d=mm&r=g","url":"https:\/\/secure.gravatar.com\/avatar\/4ec5eb9d099f2608a49c9df6f7341f66f04f819cdffa09d56a7a0e91d2819d56?s=96&d=mm&r=g","contentUrl":"https:\/\/secure.gravatar.com\/avatar\/4ec5eb9d099f2608a49c9df6f7341f66f04f819cdffa09d56a7a0e91d2819d56?s=96&d=mm&r=g","caption":"Maria Valentina Noguera Medina"},"description":"Periodista - noti-america - Promar Community Manager - Talento Plus Dise\u00f1adora\/ creadora de contenido...","sameAs":["Mar\u00eda Valentina Noguera","https:\/\/www.facebook.com\/mariavalentina.noguera","https:\/\/www.linkedin.com\/in\/mara-valentina-noguera-medina-373075165\/","https:\/\/www.pinterest.es\/valentinanoguera95\/","https:\/\/www.youtube.com\/channel\/UCdek6mbUZ-Tqqw0I63i4nmQ"],"url":"https:\/\/noti-america.com\/site\/principal\/author\/mnoguera\/"}]}},"_links":{"self":[{"href":"https:\/\/noti-america.com\/site\/principal\/wp-json\/wp\/v2\/posts\/87475","targetHints":{"allow":["GET"]}}],"collection":[{"href":"https:\/\/noti-america.com\/site\/principal\/wp-json\/wp\/v2\/posts"}],"about":[{"href":"https:\/\/noti-america.com\/site\/principal\/wp-json\/wp\/v2\/types\/post"}],"author":[{"embeddable":true,"href":"https:\/\/noti-america.com\/site\/principal\/wp-json\/wp\/v2\/users\/133"}],"replies":[{"embeddable":true,"href":"https:\/\/noti-america.com\/site\/principal\/wp-json\/wp\/v2\/comments?post=87475"}],"version-history":[{"count":1,"href":"https:\/\/noti-america.com\/site\/principal\/wp-json\/wp\/v2\/posts\/87475\/revisions"}],"predecessor-version":[{"id":87511,"href":"https:\/\/noti-america.com\/site\/principal\/wp-json\/wp\/v2\/posts\/87475\/revisions\/87511"}],"wp:featuredmedia":[{"embeddable":true,"href":"https:\/\/noti-america.com\/site\/principal\/wp-json\/wp\/v2\/media\/87476"}],"wp:attachment":[{"href":"https:\/\/noti-america.com\/site\/principal\/wp-json\/wp\/v2\/media?parent=87475"}],"wp:term":[{"taxonomy":"category","embeddable":true,"href":"https:\/\/noti-america.com\/site\/principal\/wp-json\/wp\/v2\/categories?post=87475"},{"taxonomy":"post_tag","embeddable":true,"href":"https:\/\/noti-america.com\/site\/principal\/wp-json\/wp\/v2\/tags?post=87475"}],"curies":[{"name":"wp","href":"https:\/\/api.w.org\/{rel}","templated":true}]}}