{"id":87473,"date":"2026-04-28T14:46:19","date_gmt":"2026-04-28T18:46:19","guid":{"rendered":"https:\/\/noti-america.com\/site\/principal\/?p=87473"},"modified":"2026-04-28T14:46:19","modified_gmt":"2026-04-28T18:46:19","slug":"karol-g-lanzo-nuevo-sencillo-despues-de-ti-junto-a-greg-gonzalez-una-balada-que-reflexiona-sobre-la-perdida-y-el-duelo","status":"publish","type":"post","link":"https:\/\/noti-america.com\/site\/principal\/2026\/04\/28\/karol-g-lanzo-nuevo-sencillo-despues-de-ti-junto-a-greg-gonzalez-una-balada-que-reflexiona-sobre-la-perdida-y-el-duelo\/","title":{"rendered":"Karol G lanz\u00f3 nuevo sencillo \u2018Despu\u00e9s de ti\u2019 junto a Greg Gonz\u00e1lez: una balada que reflexiona sobre la p\u00e9rdida y el duel\u00f8"},"content":{"rendered":"<p>NOTI-AMERICA.COM | CHILE<\/p>\n<p style=\"text-align: justify\">Karol G ha lanzado \u2018Despu\u00e9s de ti\u2019, un tema junto al vocalista de la banga Cigarettes After Sex, Greg Gonz\u00e1lez, que presentaron durante su actuaci\u00f3n en el festival Coachella. El tema \u2018Despu\u00e9s de ti\u2019, que ya est\u00e1 disponible en todas las plataformas, es una balada que reflexiona sobre la p\u00e9rdida y el duel\u00f8.<\/p>\n<p style=\"text-align: justify\">El lanzamiento coincide con el anuncio de \u2018Viajando por el Mundo TropiTour\u2019, la gira mundial de la artista con la que visitar\u00e1 a su Colombia natal, Espa\u00f1a, Estados Unidos, Canad\u00e1, M\u00e9xico, Argentina, Brasil, Per\u00fa, Chile, Rep\u00fablica Dominicana, Costa Rica, Italia, Francia, Alemania, Polonia, Pa\u00edses Bajos, Ecuador, Portugal y Puerto Rico.<\/p>\n<p style=\"text-align: justify\">\u2018Viajando por el Mundo TropiTour\u2019 comenzar\u00e1 el pr\u00f3ximo 24 de julio en el estadio Soldier Field de Chicago y culminar\u00e1 exactamente un a\u00f1o despu\u00e9s en el estadio San Siro de Mil\u00e1n (Italia). Al finalizar su actuaci\u00f3n el domingo por la noche en el escenario principal de Coachella, en California, la artista proyect\u00f3 en las pantallas gigantes un mensaje que desat\u00f3 la euforia entre los miles de asistentes: \u00abNos vamos de tour\u00bb.<\/p>\n","protected":false},"excerpt":{"rendered":"<p>NOTI-AMERICA.COM | CHILE Karol G ha lanzado \u2018Despu\u00e9s de ti\u2019, un tema junto al vocalista de la banga Cigarettes After Sex, Greg Gonz\u00e1lez, que presentaron durante su actuaci\u00f3n en el festival Coachella. El tema&#46;&#46;&#46;<\/p>\n","protected":false},"author":133,"featured_media":87474,"comment_status":"","ping_status":"open","sticky":false,"template":"","format":"image","meta":{"_acf_changed":false,"rop_custom_images_group":[],"rop_custom_messages_group":[],"rop_publish_now":"no","rop_publish_now_accounts":{"facebook_10219548024599422_1632221337088128":"","twitter_242054905_242054905":""},"rop_publish_now_history":[{"account":"twitter_242054905_242054905","service":"twitter","timestamp":1777402012,"status":"success"}],"rop_publish_now_status":"done","footnotes":""},"categories":[853],"tags":[],"class_list":["post-87473","post","type-post","status-publish","format-image","has-post-thumbnail","hentry","category-entretenimiento","post_format-post-format-image"],"acf":[],"yoast_head":"<!-- This site is optimized with the Yoast SEO Premium plugin v24.9 (Yoast SEO v27.2) - https:\/\/yoast.com\/product\/yoast-seo-premium-wordpress\/ -->\n<title>Karol G lanz\u00f3 nuevo sencillo \u2018Despu\u00e9s de ti\u2019 junto a Greg Gonz\u00e1lez: una balada que reflexiona sobre la p\u00e9rdida y el duel\u00f8 - Noti-America.com<\/title>\n<meta name=\"robots\" content=\"index, follow, max-snippet:-1, max-image-preview:large, max-video-preview:-1\" \/>\n<link rel=\"canonical\" href=\"https:\/\/noti-america.com\/site\/principal\/2026\/04\/28\/karol-g-lanzo-nuevo-sencillo-despues-de-ti-junto-a-greg-gonzalez-una-balada-que-reflexiona-sobre-la-perdida-y-el-duelo\/\" \/>\n<meta property=\"og:locale\" content=\"es_ES\" \/>\n<meta property=\"og:type\" content=\"article\" \/>\n<meta property=\"og:title\" content=\"Karol G lanz\u00f3 nuevo sencillo \u2018Despu\u00e9s de ti\u2019 junto a Greg Gonz\u00e1lez: una balada que reflexiona sobre la p\u00e9rdida y el duel\u00f8\" \/>\n<meta property=\"og:description\" content=\"NOTI-AMERICA.COM | CHILE Karol G ha lanzado \u2018Despu\u00e9s de ti\u2019, un tema junto al vocalista de la banga Cigarettes After Sex, Greg Gonz\u00e1lez, que presentaron durante su actuaci\u00f3n en el festival Coachella. El tema&#046;&#046;&#046;\" \/>\n<meta property=\"og:url\" content=\"https:\/\/noti-america.com\/site\/principal\/2026\/04\/28\/karol-g-lanzo-nuevo-sencillo-despues-de-ti-junto-a-greg-gonzalez-una-balada-que-reflexiona-sobre-la-perdida-y-el-duelo\/\" \/>\n<meta property=\"og:site_name\" content=\"Noti-America.com\" \/>\n<meta property=\"article:author\" content=\"Mar\u00eda Valentina Noguera\" \/>\n<meta property=\"article:published_time\" content=\"2026-04-28T18:46:19+00:00\" \/>\n<meta property=\"og:image\" content=\"https:\/\/noti-america.com\/site\/principal\/wp-content\/uploads\/sites\/26\/2026\/04\/IMG_20260425_103528.jpg\" \/>\n\t<meta property=\"og:image:width\" content=\"1080\" \/>\n\t<meta property=\"og:image:height\" content=\"692\" \/>\n\t<meta property=\"og:image:type\" content=\"image\/jpeg\" \/>\n<meta name=\"author\" content=\"Maria Valentina Noguera Medina\" \/>\n<meta name=\"twitter:card\" content=\"summary_large_image\" \/>\n<meta name=\"twitter:label1\" content=\"Escrito por\" \/>\n\t<meta name=\"twitter:data1\" content=\"Maria Valentina Noguera Medina\" \/>\n\t<meta name=\"twitter:label2\" content=\"Tiempo estimado de lectura\" \/>\n\t<meta name=\"twitter:data2\" content=\"1 minuto\" \/>\n<script type=\"application\/ld+json\" class=\"yoast-schema-graph\">{\"@context\":\"https:\/\/schema.org\",\"@graph\":[{\"@type\":\"Article\",\"@id\":\"https:\/\/noti-america.com\/site\/principal\/2026\/04\/28\/karol-g-lanzo-nuevo-sencillo-despues-de-ti-junto-a-greg-gonzalez-una-balada-que-reflexiona-sobre-la-perdida-y-el-duelo\/#article\",\"isPartOf\":{\"@id\":\"https:\/\/noti-america.com\/site\/principal\/2026\/04\/28\/karol-g-lanzo-nuevo-sencillo-despues-de-ti-junto-a-greg-gonzalez-una-balada-que-reflexiona-sobre-la-perdida-y-el-duelo\/\"},\"author\":{\"name\":\"Maria Valentina Noguera Medina\",\"@id\":\"https:\/\/noti-america.com\/site\/principal\/#\/schema\/person\/22806efcc2cfc4b45efb0e17be210ea8\"},\"headline\":\"Karol G lanz\u00f3 nuevo sencillo \u2018Despu\u00e9s de ti\u2019 junto a Greg Gonz\u00e1lez: una balada que reflexiona sobre la p\u00e9rdida y el duel\u00f8\",\"datePublished\":\"2026-04-28T18:46:19+00:00\",\"mainEntityOfPage\":{\"@id\":\"https:\/\/noti-america.com\/site\/principal\/2026\/04\/28\/karol-g-lanzo-nuevo-sencillo-despues-de-ti-junto-a-greg-gonzalez-una-balada-que-reflexiona-sobre-la-perdida-y-el-duelo\/\"},\"wordCount\":215,\"image\":{\"@id\":\"https:\/\/noti-america.com\/site\/principal\/2026\/04\/28\/karol-g-lanzo-nuevo-sencillo-despues-de-ti-junto-a-greg-gonzalez-una-balada-que-reflexiona-sobre-la-perdida-y-el-duelo\/#primaryimage\"},\"thumbnailUrl\":\"https:\/\/noti-america.com\/site\/principal\/wp-content\/uploads\/sites\/26\/2026\/04\/IMG_20260425_103528.jpg\",\"articleSection\":[\"Entretenimiento\"],\"inLanguage\":\"es\"},{\"@type\":\"WebPage\",\"@id\":\"https:\/\/noti-america.com\/site\/principal\/2026\/04\/28\/karol-g-lanzo-nuevo-sencillo-despues-de-ti-junto-a-greg-gonzalez-una-balada-que-reflexiona-sobre-la-perdida-y-el-duelo\/\",\"url\":\"https:\/\/noti-america.com\/site\/principal\/2026\/04\/28\/karol-g-lanzo-nuevo-sencillo-despues-de-ti-junto-a-greg-gonzalez-una-balada-que-reflexiona-sobre-la-perdida-y-el-duelo\/\",\"name\":\"Karol G lanz\u00f3 nuevo sencillo \u2018Despu\u00e9s de ti\u2019 junto a Greg Gonz\u00e1lez: una balada que reflexiona sobre la p\u00e9rdida y el duel\u00f8 - Noti-America.com\",\"isPartOf\":{\"@id\":\"https:\/\/noti-america.com\/site\/principal\/#website\"},\"primaryImageOfPage\":{\"@id\":\"https:\/\/noti-america.com\/site\/principal\/2026\/04\/28\/karol-g-lanzo-nuevo-sencillo-despues-de-ti-junto-a-greg-gonzalez-una-balada-que-reflexiona-sobre-la-perdida-y-el-duelo\/#primaryimage\"},\"image\":{\"@id\":\"https:\/\/noti-america.com\/site\/principal\/2026\/04\/28\/karol-g-lanzo-nuevo-sencillo-despues-de-ti-junto-a-greg-gonzalez-una-balada-que-reflexiona-sobre-la-perdida-y-el-duelo\/#primaryimage\"},\"thumbnailUrl\":\"https:\/\/noti-america.com\/site\/principal\/wp-content\/uploads\/sites\/26\/2026\/04\/IMG_20260425_103528.jpg\",\"datePublished\":\"2026-04-28T18:46:19+00:00\",\"author\":{\"@id\":\"https:\/\/noti-america.com\/site\/principal\/#\/schema\/person\/22806efcc2cfc4b45efb0e17be210ea8\"},\"breadcrumb\":{\"@id\":\"https:\/\/noti-america.com\/site\/principal\/2026\/04\/28\/karol-g-lanzo-nuevo-sencillo-despues-de-ti-junto-a-greg-gonzalez-una-balada-que-reflexiona-sobre-la-perdida-y-el-duelo\/#breadcrumb\"},\"inLanguage\":\"es\",\"potentialAction\":[{\"@type\":\"ReadAction\",\"target\":[\"https:\/\/noti-america.com\/site\/principal\/2026\/04\/28\/karol-g-lanzo-nuevo-sencillo-despues-de-ti-junto-a-greg-gonzalez-una-balada-que-reflexiona-sobre-la-perdida-y-el-duelo\/\"]}]},{\"@type\":\"ImageObject\",\"inLanguage\":\"es\",\"@id\":\"https:\/\/noti-america.com\/site\/principal\/2026\/04\/28\/karol-g-lanzo-nuevo-sencillo-despues-de-ti-junto-a-greg-gonzalez-una-balada-que-reflexiona-sobre-la-perdida-y-el-duelo\/#primaryimage\",\"url\":\"https:\/\/noti-america.com\/site\/principal\/wp-content\/uploads\/sites\/26\/2026\/04\/IMG_20260425_103528.jpg\",\"contentUrl\":\"https:\/\/noti-america.com\/site\/principal\/wp-content\/uploads\/sites\/26\/2026\/04\/IMG_20260425_103528.jpg\",\"width\":1080,\"height\":692},{\"@type\":\"BreadcrumbList\",\"@id\":\"https:\/\/noti-america.com\/site\/principal\/2026\/04\/28\/karol-g-lanzo-nuevo-sencillo-despues-de-ti-junto-a-greg-gonzalez-una-balada-que-reflexiona-sobre-la-perdida-y-el-duelo\/#breadcrumb\",\"itemListElement\":[{\"@type\":\"ListItem\",\"position\":1,\"name\":\"Portada\",\"item\":\"https:\/\/noti-america.com\/site\/principal\/\"},{\"@type\":\"ListItem\",\"position\":2,\"name\":\"Karol G lanz\u00f3 nuevo sencillo \u2018Despu\u00e9s de ti\u2019 junto a Greg Gonz\u00e1lez: una balada que reflexiona sobre la p\u00e9rdida y el duel\u00f8\"}]},{\"@type\":\"WebSite\",\"@id\":\"https:\/\/noti-america.com\/site\/principal\/#website\",\"url\":\"https:\/\/noti-america.com\/site\/principal\/\",\"name\":\"Noti-America.com\",\"description\":\"El Noticiero Digital M\u00e1s Grande de Am\u00e9rica\",\"potentialAction\":[{\"@type\":\"SearchAction\",\"target\":{\"@type\":\"EntryPoint\",\"urlTemplate\":\"https:\/\/noti-america.com\/site\/principal\/?s={search_term_string}\"},\"query-input\":{\"@type\":\"PropertyValueSpecification\",\"valueRequired\":true,\"valueName\":\"search_term_string\"}}],\"inLanguage\":\"es\"},{\"@type\":\"Person\",\"@id\":\"https:\/\/noti-america.com\/site\/principal\/#\/schema\/person\/22806efcc2cfc4b45efb0e17be210ea8\",\"name\":\"Maria Valentina Noguera Medina\",\"image\":{\"@type\":\"ImageObject\",\"inLanguage\":\"es\",\"@id\":\"https:\/\/secure.gravatar.com\/avatar\/4ec5eb9d099f2608a49c9df6f7341f66f04f819cdffa09d56a7a0e91d2819d56?s=96&d=mm&r=g\",\"url\":\"https:\/\/secure.gravatar.com\/avatar\/4ec5eb9d099f2608a49c9df6f7341f66f04f819cdffa09d56a7a0e91d2819d56?s=96&d=mm&r=g\",\"contentUrl\":\"https:\/\/secure.gravatar.com\/avatar\/4ec5eb9d099f2608a49c9df6f7341f66f04f819cdffa09d56a7a0e91d2819d56?s=96&d=mm&r=g\",\"caption\":\"Maria Valentina Noguera Medina\"},\"description\":\"Periodista - noti-america - Promar Community Manager - Talento Plus Dise\u00f1adora\/ creadora de contenido...\",\"sameAs\":[\"Mar\u00eda Valentina Noguera\",\"https:\/\/www.facebook.com\/mariavalentina.noguera\",\"https:\/\/www.linkedin.com\/in\/mara-valentina-noguera-medina-373075165\/\",\"https:\/\/www.pinterest.es\/valentinanoguera95\/\",\"https:\/\/www.youtube.com\/channel\/UCdek6mbUZ-Tqqw0I63i4nmQ\"],\"url\":\"https:\/\/noti-america.com\/site\/principal\/author\/mnoguera\/\"}]}<\/script>\n<!-- \/ Yoast SEO Premium plugin. -->","yoast_head_json":{"title":"Karol G lanz\u00f3 nuevo sencillo \u2018Despu\u00e9s de ti\u2019 junto a Greg Gonz\u00e1lez: una balada que reflexiona sobre la p\u00e9rdida y el duel\u00f8 - Noti-America.com","robots":{"index":"index","follow":"follow","max-snippet":"max-snippet:-1","max-image-preview":"max-image-preview:large","max-video-preview":"max-video-preview:-1"},"canonical":"https:\/\/noti-america.com\/site\/principal\/2026\/04\/28\/karol-g-lanzo-nuevo-sencillo-despues-de-ti-junto-a-greg-gonzalez-una-balada-que-reflexiona-sobre-la-perdida-y-el-duelo\/","og_locale":"es_ES","og_type":"article","og_title":"Karol G lanz\u00f3 nuevo sencillo \u2018Despu\u00e9s de ti\u2019 junto a Greg Gonz\u00e1lez: una balada que reflexiona sobre la p\u00e9rdida y el duel\u00f8","og_description":"NOTI-AMERICA.COM | CHILE Karol G ha lanzado \u2018Despu\u00e9s de ti\u2019, un tema junto al vocalista de la banga Cigarettes After Sex, Greg Gonz\u00e1lez, que presentaron durante su actuaci\u00f3n en el festival Coachella. El tema&#46;&#46;&#46;","og_url":"https:\/\/noti-america.com\/site\/principal\/2026\/04\/28\/karol-g-lanzo-nuevo-sencillo-despues-de-ti-junto-a-greg-gonzalez-una-balada-que-reflexiona-sobre-la-perdida-y-el-duelo\/","og_site_name":"Noti-America.com","article_author":"Mar\u00eda Valentina Noguera","article_published_time":"2026-04-28T18:46:19+00:00","og_image":[{"width":1080,"height":692,"url":"https:\/\/noti-america.com\/site\/principal\/wp-content\/uploads\/sites\/26\/2026\/04\/IMG_20260425_103528.jpg","type":"image\/jpeg"}],"author":"Maria Valentina Noguera Medina","twitter_card":"summary_large_image","twitter_misc":{"Escrito por":"Maria Valentina Noguera Medina","Tiempo estimado de lectura":"1 minuto"},"schema":{"@context":"https:\/\/schema.org","@graph":[{"@type":"Article","@id":"https:\/\/noti-america.com\/site\/principal\/2026\/04\/28\/karol-g-lanzo-nuevo-sencillo-despues-de-ti-junto-a-greg-gonzalez-una-balada-que-reflexiona-sobre-la-perdida-y-el-duelo\/#article","isPartOf":{"@id":"https:\/\/noti-america.com\/site\/principal\/2026\/04\/28\/karol-g-lanzo-nuevo-sencillo-despues-de-ti-junto-a-greg-gonzalez-una-balada-que-reflexiona-sobre-la-perdida-y-el-duelo\/"},"author":{"name":"Maria Valentina Noguera Medina","@id":"https:\/\/noti-america.com\/site\/principal\/#\/schema\/person\/22806efcc2cfc4b45efb0e17be210ea8"},"headline":"Karol G lanz\u00f3 nuevo sencillo \u2018Despu\u00e9s de ti\u2019 junto a Greg Gonz\u00e1lez: una balada que reflexiona sobre la p\u00e9rdida y el duel\u00f8","datePublished":"2026-04-28T18:46:19+00:00","mainEntityOfPage":{"@id":"https:\/\/noti-america.com\/site\/principal\/2026\/04\/28\/karol-g-lanzo-nuevo-sencillo-despues-de-ti-junto-a-greg-gonzalez-una-balada-que-reflexiona-sobre-la-perdida-y-el-duelo\/"},"wordCount":215,"image":{"@id":"https:\/\/noti-america.com\/site\/principal\/2026\/04\/28\/karol-g-lanzo-nuevo-sencillo-despues-de-ti-junto-a-greg-gonzalez-una-balada-que-reflexiona-sobre-la-perdida-y-el-duelo\/#primaryimage"},"thumbnailUrl":"https:\/\/noti-america.com\/site\/principal\/wp-content\/uploads\/sites\/26\/2026\/04\/IMG_20260425_103528.jpg","articleSection":["Entretenimiento"],"inLanguage":"es"},{"@type":"WebPage","@id":"https:\/\/noti-america.com\/site\/principal\/2026\/04\/28\/karol-g-lanzo-nuevo-sencillo-despues-de-ti-junto-a-greg-gonzalez-una-balada-que-reflexiona-sobre-la-perdida-y-el-duelo\/","url":"https:\/\/noti-america.com\/site\/principal\/2026\/04\/28\/karol-g-lanzo-nuevo-sencillo-despues-de-ti-junto-a-greg-gonzalez-una-balada-que-reflexiona-sobre-la-perdida-y-el-duelo\/","name":"Karol G lanz\u00f3 nuevo sencillo \u2018Despu\u00e9s de ti\u2019 junto a Greg Gonz\u00e1lez: una balada que reflexiona sobre la p\u00e9rdida y el duel\u00f8 - Noti-America.com","isPartOf":{"@id":"https:\/\/noti-america.com\/site\/principal\/#website"},"primaryImageOfPage":{"@id":"https:\/\/noti-america.com\/site\/principal\/2026\/04\/28\/karol-g-lanzo-nuevo-sencillo-despues-de-ti-junto-a-greg-gonzalez-una-balada-que-reflexiona-sobre-la-perdida-y-el-duelo\/#primaryimage"},"image":{"@id":"https:\/\/noti-america.com\/site\/principal\/2026\/04\/28\/karol-g-lanzo-nuevo-sencillo-despues-de-ti-junto-a-greg-gonzalez-una-balada-que-reflexiona-sobre-la-perdida-y-el-duelo\/#primaryimage"},"thumbnailUrl":"https:\/\/noti-america.com\/site\/principal\/wp-content\/uploads\/sites\/26\/2026\/04\/IMG_20260425_103528.jpg","datePublished":"2026-04-28T18:46:19+00:00","author":{"@id":"https:\/\/noti-america.com\/site\/principal\/#\/schema\/person\/22806efcc2cfc4b45efb0e17be210ea8"},"breadcrumb":{"@id":"https:\/\/noti-america.com\/site\/principal\/2026\/04\/28\/karol-g-lanzo-nuevo-sencillo-despues-de-ti-junto-a-greg-gonzalez-una-balada-que-reflexiona-sobre-la-perdida-y-el-duelo\/#breadcrumb"},"inLanguage":"es","potentialAction":[{"@type":"ReadAction","target":["https:\/\/noti-america.com\/site\/principal\/2026\/04\/28\/karol-g-lanzo-nuevo-sencillo-despues-de-ti-junto-a-greg-gonzalez-una-balada-que-reflexiona-sobre-la-perdida-y-el-duelo\/"]}]},{"@type":"ImageObject","inLanguage":"es","@id":"https:\/\/noti-america.com\/site\/principal\/2026\/04\/28\/karol-g-lanzo-nuevo-sencillo-despues-de-ti-junto-a-greg-gonzalez-una-balada-que-reflexiona-sobre-la-perdida-y-el-duelo\/#primaryimage","url":"https:\/\/noti-america.com\/site\/principal\/wp-content\/uploads\/sites\/26\/2026\/04\/IMG_20260425_103528.jpg","contentUrl":"https:\/\/noti-america.com\/site\/principal\/wp-content\/uploads\/sites\/26\/2026\/04\/IMG_20260425_103528.jpg","width":1080,"height":692},{"@type":"BreadcrumbList","@id":"https:\/\/noti-america.com\/site\/principal\/2026\/04\/28\/karol-g-lanzo-nuevo-sencillo-despues-de-ti-junto-a-greg-gonzalez-una-balada-que-reflexiona-sobre-la-perdida-y-el-duelo\/#breadcrumb","itemListElement":[{"@type":"ListItem","position":1,"name":"Portada","item":"https:\/\/noti-america.com\/site\/principal\/"},{"@type":"ListItem","position":2,"name":"Karol G lanz\u00f3 nuevo sencillo \u2018Despu\u00e9s de ti\u2019 junto a Greg Gonz\u00e1lez: una balada que reflexiona sobre la p\u00e9rdida y el duel\u00f8"}]},{"@type":"WebSite","@id":"https:\/\/noti-america.com\/site\/principal\/#website","url":"https:\/\/noti-america.com\/site\/principal\/","name":"Noti-America.com","description":"El Noticiero Digital M\u00e1s Grande de Am\u00e9rica","potentialAction":[{"@type":"SearchAction","target":{"@type":"EntryPoint","urlTemplate":"https:\/\/noti-america.com\/site\/principal\/?s={search_term_string}"},"query-input":{"@type":"PropertyValueSpecification","valueRequired":true,"valueName":"search_term_string"}}],"inLanguage":"es"},{"@type":"Person","@id":"https:\/\/noti-america.com\/site\/principal\/#\/schema\/person\/22806efcc2cfc4b45efb0e17be210ea8","name":"Maria Valentina Noguera Medina","image":{"@type":"ImageObject","inLanguage":"es","@id":"https:\/\/secure.gravatar.com\/avatar\/4ec5eb9d099f2608a49c9df6f7341f66f04f819cdffa09d56a7a0e91d2819d56?s=96&d=mm&r=g","url":"https:\/\/secure.gravatar.com\/avatar\/4ec5eb9d099f2608a49c9df6f7341f66f04f819cdffa09d56a7a0e91d2819d56?s=96&d=mm&r=g","contentUrl":"https:\/\/secure.gravatar.com\/avatar\/4ec5eb9d099f2608a49c9df6f7341f66f04f819cdffa09d56a7a0e91d2819d56?s=96&d=mm&r=g","caption":"Maria Valentina Noguera Medina"},"description":"Periodista - noti-america - Promar Community Manager - Talento Plus Dise\u00f1adora\/ creadora de contenido...","sameAs":["Mar\u00eda Valentina Noguera","https:\/\/www.facebook.com\/mariavalentina.noguera","https:\/\/www.linkedin.com\/in\/mara-valentina-noguera-medina-373075165\/","https:\/\/www.pinterest.es\/valentinanoguera95\/","https:\/\/www.youtube.com\/channel\/UCdek6mbUZ-Tqqw0I63i4nmQ"],"url":"https:\/\/noti-america.com\/site\/principal\/author\/mnoguera\/"}]}},"_links":{"self":[{"href":"https:\/\/noti-america.com\/site\/principal\/wp-json\/wp\/v2\/posts\/87473","targetHints":{"allow":["GET"]}}],"collection":[{"href":"https:\/\/noti-america.com\/site\/principal\/wp-json\/wp\/v2\/posts"}],"about":[{"href":"https:\/\/noti-america.com\/site\/principal\/wp-json\/wp\/v2\/types\/post"}],"author":[{"embeddable":true,"href":"https:\/\/noti-america.com\/site\/principal\/wp-json\/wp\/v2\/users\/133"}],"replies":[{"embeddable":true,"href":"https:\/\/noti-america.com\/site\/principal\/wp-json\/wp\/v2\/comments?post=87473"}],"version-history":[{"count":1,"href":"https:\/\/noti-america.com\/site\/principal\/wp-json\/wp\/v2\/posts\/87473\/revisions"}],"predecessor-version":[{"id":87510,"href":"https:\/\/noti-america.com\/site\/principal\/wp-json\/wp\/v2\/posts\/87473\/revisions\/87510"}],"wp:featuredmedia":[{"embeddable":true,"href":"https:\/\/noti-america.com\/site\/principal\/wp-json\/wp\/v2\/media\/87474"}],"wp:attachment":[{"href":"https:\/\/noti-america.com\/site\/principal\/wp-json\/wp\/v2\/media?parent=87473"}],"wp:term":[{"taxonomy":"category","embeddable":true,"href":"https:\/\/noti-america.com\/site\/principal\/wp-json\/wp\/v2\/categories?post=87473"},{"taxonomy":"post_tag","embeddable":true,"href":"https:\/\/noti-america.com\/site\/principal\/wp-json\/wp\/v2\/tags?post=87473"}],"curies":[{"name":"wp","href":"https:\/\/api.w.org\/{rel}","templated":true}]}}