{"id":87465,"date":"2026-04-28T11:25:00","date_gmt":"2026-04-28T15:25:00","guid":{"rendered":"https:\/\/noti-america.com\/site\/principal\/?p=87465"},"modified":"2026-04-28T11:25:00","modified_gmt":"2026-04-28T15:25:00","slug":"shakira-en-copacabana-o-the-devil-wears-prada-2-eventos-culturales-de-la-semana","status":"publish","type":"post","link":"https:\/\/noti-america.com\/site\/principal\/2026\/04\/28\/shakira-en-copacabana-o-the-devil-wears-prada-2-eventos-culturales-de-la-semana\/","title":{"rendered":"Shakira en Copacabana o &#8216;The Devil Wears Prada 2&#8217;, eventos culturales de la semana"},"content":{"rendered":"<div><\/div>\n<div>NOTI-AMERICA.COM | ARGENTINA<\/div>\n<div><\/div>\n<div style=\"text-align: justify\">De la m\u00fasica al arte, el megaconcierto gratuito de\u00a0<strong>Shakira en la playa de Copacabana<\/strong>, el estreno de la esperada secuela de\u00a0<strong>&#8216;The Devil Wears Prada&#8217;<\/strong>, la adaptaci\u00f3n a serie de &#8216;La casa de los esp\u00edritus&#8217; o una exposici\u00f3n de Zurbar\u00e1n marcan las cuatro citas culturales m\u00e1s esperadas de esta semana.<\/p>\n<\/div>\n<div style=\"text-align: justify\"><strong>Shakira toma Copacabana<\/strong><\/p>\n<\/div>\n<div style=\"text-align: justify\">La cantante colombiana ofrecer\u00e1 este 3 de mayo una actuaci\u00f3n hist\u00f3rica en Brasil con un multitudinario concierto gratuito -&#8216;Todo Mundo No Rio&#8217;- en la emblem\u00e1tica playa de Copacabana, en R\u00edo de Janeiro, al que las autoridades prev\u00e9n que asistan al menos dos millones de personas.<\/p>\n<\/div>\n<div style=\"text-align: justify\">El evento, que se ha consolidado como una de las grandes citas musicales al aire libre del pa\u00eds, aspira a igualar o incluso superar la afluencia registrada en a\u00f1os anteriores, cuando reuni\u00f3 a 1,6 millones de personas en el concierto de Madonna de 2024 o los 2,1 millones en la presentaci\u00f3n de Lady Gaga en 2025.<\/p>\n<\/div>\n<div style=\"text-align: justify\"><strong>Meryl Streep vuelve a emular a Anna Wintour<\/strong><\/p>\n<\/div>\n<div style=\"text-align: justify\">Veinte a\u00f1os despu\u00e9s de encarnar a los ic\u00f3nicos personajes de Miranda (Meryl Streep), Andy (Anne Hathaway), Emily (Emily Blunt) y Nigel (Stanley Tucci), vuelven el 30 de abril a la gran pantalla con \u00abEl Diablo viste de Prada 2\u00bb, un filme que vuelven a marcar tendencia.<\/p>\n<\/div>\n<div style=\"text-align: justify\">Mucho ha cambiado desde 2006. Miranda Priestley -el personaje de Streep, inspirado en Wintour- ya no dirige Vogue y las revistas est\u00e1n lejos de tener el poder que ten\u00edan hace veinte a\u00f1os, pero &#8216;The Devil Wears Prada&#8217; ha conseguido perdurar en el imaginario de toda una generaci\u00f3n. El filme promete cameos estelares de Lady Gaga, Donatella Versace y Naomi Campbell.<\/p>\n<\/div>\n<div style=\"text-align: justify\"><strong>&#8216;La casa de los esp\u00edritus&#8217; abre sus puertas en Amazon Prime<\/strong><\/p>\n<\/div>\n<div style=\"text-align: justify\">El famoso libro de Isabel Allende es el eje central de la serie que llega el 29 de abril a Prime Video con un proyecto formado por ocho cap\u00edtulos, en los que ha participado la autora del libro, Isabel Allende, adem\u00e1s de la actriz Eva Longoria y Courtney Saladino, como productoras ejecutivas.<\/p>\n<\/div>\n<div style=\"text-align: justify\">La historia de la familia Trueba, que combina el realismo m\u00e1gico con la historia pol\u00edtica de Chile, vio la luz hace cuarenta a\u00f1os, pero su \u00e9xito internacional -fue traducido a 42 idiomas- la ha convertido en una de las novelas m\u00e1s importante del \u00faltimo medio siglo. El reparto est\u00e1 encabezado por Alfonso Herrera\u00a0(Esteban), y Nicole Wallace y Dolores Fonzi, que interpretar\u00e1n a Clara del Valle en distintas etapas de su vida.<\/p>\n<\/div>\n<div style=\"text-align: justify\"><strong>Radiograf\u00eda de Zurbar\u00e1n en la National Gallery<\/strong><\/p>\n<\/div>\n<div style=\"text-align: justify\">La National Gallery acoge del 2 mayo al 23 agosto una destacada exposici\u00f3n dedicada al pintor espa\u00f1ol Francisco de Zurbar\u00e1n, y que se trata de la primera gran exposici\u00f3n del pintor espa\u00f1ol celebrada en Reino Unido. La exhibici\u00f3n ofrece una oportunidad excepcional para contemplar el juego de luces y sombras que caracteriza sus bodegones \u00edntimos e imponentes retablos religiosos.<\/p>\n<\/div>\n<div style=\"text-align: justify\">La muestra, organizada junto al Louvre y el Art Institute of Chicago, re\u00fane piezas procedentes de importantes colecciones de Europa y Estados Unidos, que permite recorrer la evoluci\u00f3n art\u00edstica de Zurbar\u00e1n.<\/div>\n","protected":false},"excerpt":{"rendered":"<p>NOTI-AMERICA.COM | ARGENTINA De la m\u00fasica al arte, el megaconcierto gratuito de\u00a0Shakira en la playa de Copacabana, el estreno de la esperada secuela de\u00a0&#8216;The Devil Wears Prada&#8217;, la adaptaci\u00f3n a serie de &#8216;La casa&#46;&#46;&#46;<\/p>\n","protected":false},"author":133,"featured_media":87466,"comment_status":"","ping_status":"open","sticky":false,"template":"","format":"image","meta":{"_acf_changed":false,"rop_custom_images_group":[],"rop_custom_messages_group":[],"rop_publish_now":"no","rop_publish_now_accounts":[],"rop_publish_now_history":[],"rop_publish_now_status":"pending","footnotes":""},"categories":[853],"tags":[],"class_list":["post-87465","post","type-post","status-publish","format-image","has-post-thumbnail","hentry","category-entretenimiento","post_format-post-format-image"],"acf":[],"yoast_head":"<!-- This site is optimized with the Yoast SEO Premium plugin v24.9 (Yoast SEO v27.2) - https:\/\/yoast.com\/product\/yoast-seo-premium-wordpress\/ -->\n<title>Shakira en Copacabana o &#8216;The Devil Wears Prada 2&#8217;, eventos culturales de la semana - Noti-America.com<\/title>\n<meta name=\"robots\" content=\"index, follow, max-snippet:-1, max-image-preview:large, max-video-preview:-1\" \/>\n<link rel=\"canonical\" href=\"https:\/\/noti-america.com\/site\/principal\/2026\/04\/28\/shakira-en-copacabana-o-the-devil-wears-prada-2-eventos-culturales-de-la-semana\/\" \/>\n<meta property=\"og:locale\" content=\"es_ES\" \/>\n<meta property=\"og:type\" content=\"article\" \/>\n<meta property=\"og:title\" content=\"Shakira en Copacabana o &#8216;The Devil Wears Prada 2&#8217;, eventos culturales de la semana\" \/>\n<meta property=\"og:description\" content=\"NOTI-AMERICA.COM | ARGENTINA De la m\u00fasica al arte, el megaconcierto gratuito de\u00a0Shakira en la playa de Copacabana, el estreno de la esperada secuela de\u00a0&#8216;The Devil Wears Prada&#8217;, la adaptaci\u00f3n a serie de &#8216;La casa&#046;&#046;&#046;\" \/>\n<meta property=\"og:url\" content=\"https:\/\/noti-america.com\/site\/principal\/2026\/04\/28\/shakira-en-copacabana-o-the-devil-wears-prada-2-eventos-culturales-de-la-semana\/\" \/>\n<meta property=\"og:site_name\" content=\"Noti-America.com\" \/>\n<meta property=\"article:author\" content=\"Mar\u00eda Valentina Noguera\" \/>\n<meta property=\"article:published_time\" content=\"2026-04-28T15:25:00+00:00\" \/>\n<meta property=\"og:image\" content=\"https:\/\/noti-america.com\/site\/principal\/wp-content\/uploads\/sites\/26\/2026\/04\/Screenshot_28-4-2026_102358_www.newspr.com_.jpeg\" \/>\n\t<meta property=\"og:image:width\" content=\"871\" \/>\n\t<meta property=\"og:image:height\" content=\"636\" \/>\n\t<meta property=\"og:image:type\" content=\"image\/jpeg\" \/>\n<meta name=\"author\" content=\"Maria Valentina Noguera Medina\" \/>\n<meta name=\"twitter:card\" content=\"summary_large_image\" \/>\n<meta name=\"twitter:label1\" content=\"Escrito por\" \/>\n\t<meta name=\"twitter:data1\" content=\"Maria Valentina Noguera Medina\" \/>\n\t<meta name=\"twitter:label2\" content=\"Tiempo estimado de lectura\" \/>\n\t<meta name=\"twitter:data2\" content=\"3 minutos\" \/>\n<script type=\"application\/ld+json\" class=\"yoast-schema-graph\">{\"@context\":\"https:\/\/schema.org\",\"@graph\":[{\"@type\":\"Article\",\"@id\":\"https:\/\/noti-america.com\/site\/principal\/2026\/04\/28\/shakira-en-copacabana-o-the-devil-wears-prada-2-eventos-culturales-de-la-semana\/#article\",\"isPartOf\":{\"@id\":\"https:\/\/noti-america.com\/site\/principal\/2026\/04\/28\/shakira-en-copacabana-o-the-devil-wears-prada-2-eventos-culturales-de-la-semana\/\"},\"author\":{\"name\":\"Maria Valentina Noguera Medina\",\"@id\":\"https:\/\/noti-america.com\/site\/principal\/#\/schema\/person\/22806efcc2cfc4b45efb0e17be210ea8\"},\"headline\":\"Shakira en Copacabana o &#8216;The Devil Wears Prada 2&#8217;, eventos culturales de la semana\",\"datePublished\":\"2026-04-28T15:25:00+00:00\",\"mainEntityOfPage\":{\"@id\":\"https:\/\/noti-america.com\/site\/principal\/2026\/04\/28\/shakira-en-copacabana-o-the-devil-wears-prada-2-eventos-culturales-de-la-semana\/\"},\"wordCount\":548,\"image\":{\"@id\":\"https:\/\/noti-america.com\/site\/principal\/2026\/04\/28\/shakira-en-copacabana-o-the-devil-wears-prada-2-eventos-culturales-de-la-semana\/#primaryimage\"},\"thumbnailUrl\":\"https:\/\/noti-america.com\/site\/principal\/wp-content\/uploads\/sites\/26\/2026\/04\/Screenshot_28-4-2026_102358_www.newspr.com_.jpeg\",\"articleSection\":[\"Entretenimiento\"],\"inLanguage\":\"es\"},{\"@type\":\"WebPage\",\"@id\":\"https:\/\/noti-america.com\/site\/principal\/2026\/04\/28\/shakira-en-copacabana-o-the-devil-wears-prada-2-eventos-culturales-de-la-semana\/\",\"url\":\"https:\/\/noti-america.com\/site\/principal\/2026\/04\/28\/shakira-en-copacabana-o-the-devil-wears-prada-2-eventos-culturales-de-la-semana\/\",\"name\":\"Shakira en Copacabana o &#8216;The Devil Wears Prada 2&#8217;, eventos culturales de la semana - Noti-America.com\",\"isPartOf\":{\"@id\":\"https:\/\/noti-america.com\/site\/principal\/#website\"},\"primaryImageOfPage\":{\"@id\":\"https:\/\/noti-america.com\/site\/principal\/2026\/04\/28\/shakira-en-copacabana-o-the-devil-wears-prada-2-eventos-culturales-de-la-semana\/#primaryimage\"},\"image\":{\"@id\":\"https:\/\/noti-america.com\/site\/principal\/2026\/04\/28\/shakira-en-copacabana-o-the-devil-wears-prada-2-eventos-culturales-de-la-semana\/#primaryimage\"},\"thumbnailUrl\":\"https:\/\/noti-america.com\/site\/principal\/wp-content\/uploads\/sites\/26\/2026\/04\/Screenshot_28-4-2026_102358_www.newspr.com_.jpeg\",\"datePublished\":\"2026-04-28T15:25:00+00:00\",\"author\":{\"@id\":\"https:\/\/noti-america.com\/site\/principal\/#\/schema\/person\/22806efcc2cfc4b45efb0e17be210ea8\"},\"breadcrumb\":{\"@id\":\"https:\/\/noti-america.com\/site\/principal\/2026\/04\/28\/shakira-en-copacabana-o-the-devil-wears-prada-2-eventos-culturales-de-la-semana\/#breadcrumb\"},\"inLanguage\":\"es\",\"potentialAction\":[{\"@type\":\"ReadAction\",\"target\":[\"https:\/\/noti-america.com\/site\/principal\/2026\/04\/28\/shakira-en-copacabana-o-the-devil-wears-prada-2-eventos-culturales-de-la-semana\/\"]}]},{\"@type\":\"ImageObject\",\"inLanguage\":\"es\",\"@id\":\"https:\/\/noti-america.com\/site\/principal\/2026\/04\/28\/shakira-en-copacabana-o-the-devil-wears-prada-2-eventos-culturales-de-la-semana\/#primaryimage\",\"url\":\"https:\/\/noti-america.com\/site\/principal\/wp-content\/uploads\/sites\/26\/2026\/04\/Screenshot_28-4-2026_102358_www.newspr.com_.jpeg\",\"contentUrl\":\"https:\/\/noti-america.com\/site\/principal\/wp-content\/uploads\/sites\/26\/2026\/04\/Screenshot_28-4-2026_102358_www.newspr.com_.jpeg\",\"width\":871,\"height\":636},{\"@type\":\"BreadcrumbList\",\"@id\":\"https:\/\/noti-america.com\/site\/principal\/2026\/04\/28\/shakira-en-copacabana-o-the-devil-wears-prada-2-eventos-culturales-de-la-semana\/#breadcrumb\",\"itemListElement\":[{\"@type\":\"ListItem\",\"position\":1,\"name\":\"Portada\",\"item\":\"https:\/\/noti-america.com\/site\/principal\/\"},{\"@type\":\"ListItem\",\"position\":2,\"name\":\"Shakira en Copacabana o &#8216;The Devil Wears Prada 2&#8217;, eventos culturales de la semana\"}]},{\"@type\":\"WebSite\",\"@id\":\"https:\/\/noti-america.com\/site\/principal\/#website\",\"url\":\"https:\/\/noti-america.com\/site\/principal\/\",\"name\":\"Noti-America.com\",\"description\":\"El Noticiero Digital M\u00e1s Grande de Am\u00e9rica\",\"potentialAction\":[{\"@type\":\"SearchAction\",\"target\":{\"@type\":\"EntryPoint\",\"urlTemplate\":\"https:\/\/noti-america.com\/site\/principal\/?s={search_term_string}\"},\"query-input\":{\"@type\":\"PropertyValueSpecification\",\"valueRequired\":true,\"valueName\":\"search_term_string\"}}],\"inLanguage\":\"es\"},{\"@type\":\"Person\",\"@id\":\"https:\/\/noti-america.com\/site\/principal\/#\/schema\/person\/22806efcc2cfc4b45efb0e17be210ea8\",\"name\":\"Maria Valentina Noguera Medina\",\"image\":{\"@type\":\"ImageObject\",\"inLanguage\":\"es\",\"@id\":\"https:\/\/secure.gravatar.com\/avatar\/4ec5eb9d099f2608a49c9df6f7341f66f04f819cdffa09d56a7a0e91d2819d56?s=96&d=mm&r=g\",\"url\":\"https:\/\/secure.gravatar.com\/avatar\/4ec5eb9d099f2608a49c9df6f7341f66f04f819cdffa09d56a7a0e91d2819d56?s=96&d=mm&r=g\",\"contentUrl\":\"https:\/\/secure.gravatar.com\/avatar\/4ec5eb9d099f2608a49c9df6f7341f66f04f819cdffa09d56a7a0e91d2819d56?s=96&d=mm&r=g\",\"caption\":\"Maria Valentina Noguera Medina\"},\"description\":\"Periodista - noti-america - Promar Community Manager - Talento Plus Dise\u00f1adora\/ creadora de contenido...\",\"sameAs\":[\"Mar\u00eda Valentina Noguera\",\"https:\/\/www.facebook.com\/mariavalentina.noguera\",\"https:\/\/www.linkedin.com\/in\/mara-valentina-noguera-medina-373075165\/\",\"https:\/\/www.pinterest.es\/valentinanoguera95\/\",\"https:\/\/www.youtube.com\/channel\/UCdek6mbUZ-Tqqw0I63i4nmQ\"],\"url\":\"https:\/\/noti-america.com\/site\/principal\/author\/mnoguera\/\"}]}<\/script>\n<!-- \/ Yoast SEO Premium plugin. -->","yoast_head_json":{"title":"Shakira en Copacabana o &#8216;The Devil Wears Prada 2&#8217;, eventos culturales de la semana - Noti-America.com","robots":{"index":"index","follow":"follow","max-snippet":"max-snippet:-1","max-image-preview":"max-image-preview:large","max-video-preview":"max-video-preview:-1"},"canonical":"https:\/\/noti-america.com\/site\/principal\/2026\/04\/28\/shakira-en-copacabana-o-the-devil-wears-prada-2-eventos-culturales-de-la-semana\/","og_locale":"es_ES","og_type":"article","og_title":"Shakira en Copacabana o &#8216;The Devil Wears Prada 2&#8217;, eventos culturales de la semana","og_description":"NOTI-AMERICA.COM | ARGENTINA De la m\u00fasica al arte, el megaconcierto gratuito de\u00a0Shakira en la playa de Copacabana, el estreno de la esperada secuela de\u00a0&#8216;The Devil Wears Prada&#8217;, la adaptaci\u00f3n a serie de &#8216;La casa&#46;&#46;&#46;","og_url":"https:\/\/noti-america.com\/site\/principal\/2026\/04\/28\/shakira-en-copacabana-o-the-devil-wears-prada-2-eventos-culturales-de-la-semana\/","og_site_name":"Noti-America.com","article_author":"Mar\u00eda Valentina Noguera","article_published_time":"2026-04-28T15:25:00+00:00","og_image":[{"width":871,"height":636,"url":"https:\/\/noti-america.com\/site\/principal\/wp-content\/uploads\/sites\/26\/2026\/04\/Screenshot_28-4-2026_102358_www.newspr.com_.jpeg","type":"image\/jpeg"}],"author":"Maria Valentina Noguera Medina","twitter_card":"summary_large_image","twitter_misc":{"Escrito por":"Maria Valentina Noguera Medina","Tiempo estimado de lectura":"3 minutos"},"schema":{"@context":"https:\/\/schema.org","@graph":[{"@type":"Article","@id":"https:\/\/noti-america.com\/site\/principal\/2026\/04\/28\/shakira-en-copacabana-o-the-devil-wears-prada-2-eventos-culturales-de-la-semana\/#article","isPartOf":{"@id":"https:\/\/noti-america.com\/site\/principal\/2026\/04\/28\/shakira-en-copacabana-o-the-devil-wears-prada-2-eventos-culturales-de-la-semana\/"},"author":{"name":"Maria Valentina Noguera Medina","@id":"https:\/\/noti-america.com\/site\/principal\/#\/schema\/person\/22806efcc2cfc4b45efb0e17be210ea8"},"headline":"Shakira en Copacabana o &#8216;The Devil Wears Prada 2&#8217;, eventos culturales de la semana","datePublished":"2026-04-28T15:25:00+00:00","mainEntityOfPage":{"@id":"https:\/\/noti-america.com\/site\/principal\/2026\/04\/28\/shakira-en-copacabana-o-the-devil-wears-prada-2-eventos-culturales-de-la-semana\/"},"wordCount":548,"image":{"@id":"https:\/\/noti-america.com\/site\/principal\/2026\/04\/28\/shakira-en-copacabana-o-the-devil-wears-prada-2-eventos-culturales-de-la-semana\/#primaryimage"},"thumbnailUrl":"https:\/\/noti-america.com\/site\/principal\/wp-content\/uploads\/sites\/26\/2026\/04\/Screenshot_28-4-2026_102358_www.newspr.com_.jpeg","articleSection":["Entretenimiento"],"inLanguage":"es"},{"@type":"WebPage","@id":"https:\/\/noti-america.com\/site\/principal\/2026\/04\/28\/shakira-en-copacabana-o-the-devil-wears-prada-2-eventos-culturales-de-la-semana\/","url":"https:\/\/noti-america.com\/site\/principal\/2026\/04\/28\/shakira-en-copacabana-o-the-devil-wears-prada-2-eventos-culturales-de-la-semana\/","name":"Shakira en Copacabana o &#8216;The Devil Wears Prada 2&#8217;, eventos culturales de la semana - Noti-America.com","isPartOf":{"@id":"https:\/\/noti-america.com\/site\/principal\/#website"},"primaryImageOfPage":{"@id":"https:\/\/noti-america.com\/site\/principal\/2026\/04\/28\/shakira-en-copacabana-o-the-devil-wears-prada-2-eventos-culturales-de-la-semana\/#primaryimage"},"image":{"@id":"https:\/\/noti-america.com\/site\/principal\/2026\/04\/28\/shakira-en-copacabana-o-the-devil-wears-prada-2-eventos-culturales-de-la-semana\/#primaryimage"},"thumbnailUrl":"https:\/\/noti-america.com\/site\/principal\/wp-content\/uploads\/sites\/26\/2026\/04\/Screenshot_28-4-2026_102358_www.newspr.com_.jpeg","datePublished":"2026-04-28T15:25:00+00:00","author":{"@id":"https:\/\/noti-america.com\/site\/principal\/#\/schema\/person\/22806efcc2cfc4b45efb0e17be210ea8"},"breadcrumb":{"@id":"https:\/\/noti-america.com\/site\/principal\/2026\/04\/28\/shakira-en-copacabana-o-the-devil-wears-prada-2-eventos-culturales-de-la-semana\/#breadcrumb"},"inLanguage":"es","potentialAction":[{"@type":"ReadAction","target":["https:\/\/noti-america.com\/site\/principal\/2026\/04\/28\/shakira-en-copacabana-o-the-devil-wears-prada-2-eventos-culturales-de-la-semana\/"]}]},{"@type":"ImageObject","inLanguage":"es","@id":"https:\/\/noti-america.com\/site\/principal\/2026\/04\/28\/shakira-en-copacabana-o-the-devil-wears-prada-2-eventos-culturales-de-la-semana\/#primaryimage","url":"https:\/\/noti-america.com\/site\/principal\/wp-content\/uploads\/sites\/26\/2026\/04\/Screenshot_28-4-2026_102358_www.newspr.com_.jpeg","contentUrl":"https:\/\/noti-america.com\/site\/principal\/wp-content\/uploads\/sites\/26\/2026\/04\/Screenshot_28-4-2026_102358_www.newspr.com_.jpeg","width":871,"height":636},{"@type":"BreadcrumbList","@id":"https:\/\/noti-america.com\/site\/principal\/2026\/04\/28\/shakira-en-copacabana-o-the-devil-wears-prada-2-eventos-culturales-de-la-semana\/#breadcrumb","itemListElement":[{"@type":"ListItem","position":1,"name":"Portada","item":"https:\/\/noti-america.com\/site\/principal\/"},{"@type":"ListItem","position":2,"name":"Shakira en Copacabana o &#8216;The Devil Wears Prada 2&#8217;, eventos culturales de la semana"}]},{"@type":"WebSite","@id":"https:\/\/noti-america.com\/site\/principal\/#website","url":"https:\/\/noti-america.com\/site\/principal\/","name":"Noti-America.com","description":"El Noticiero Digital M\u00e1s Grande de Am\u00e9rica","potentialAction":[{"@type":"SearchAction","target":{"@type":"EntryPoint","urlTemplate":"https:\/\/noti-america.com\/site\/principal\/?s={search_term_string}"},"query-input":{"@type":"PropertyValueSpecification","valueRequired":true,"valueName":"search_term_string"}}],"inLanguage":"es"},{"@type":"Person","@id":"https:\/\/noti-america.com\/site\/principal\/#\/schema\/person\/22806efcc2cfc4b45efb0e17be210ea8","name":"Maria Valentina Noguera Medina","image":{"@type":"ImageObject","inLanguage":"es","@id":"https:\/\/secure.gravatar.com\/avatar\/4ec5eb9d099f2608a49c9df6f7341f66f04f819cdffa09d56a7a0e91d2819d56?s=96&d=mm&r=g","url":"https:\/\/secure.gravatar.com\/avatar\/4ec5eb9d099f2608a49c9df6f7341f66f04f819cdffa09d56a7a0e91d2819d56?s=96&d=mm&r=g","contentUrl":"https:\/\/secure.gravatar.com\/avatar\/4ec5eb9d099f2608a49c9df6f7341f66f04f819cdffa09d56a7a0e91d2819d56?s=96&d=mm&r=g","caption":"Maria Valentina Noguera Medina"},"description":"Periodista - noti-america - Promar Community Manager - Talento Plus Dise\u00f1adora\/ creadora de contenido...","sameAs":["Mar\u00eda Valentina Noguera","https:\/\/www.facebook.com\/mariavalentina.noguera","https:\/\/www.linkedin.com\/in\/mara-valentina-noguera-medina-373075165\/","https:\/\/www.pinterest.es\/valentinanoguera95\/","https:\/\/www.youtube.com\/channel\/UCdek6mbUZ-Tqqw0I63i4nmQ"],"url":"https:\/\/noti-america.com\/site\/principal\/author\/mnoguera\/"}]}},"_links":{"self":[{"href":"https:\/\/noti-america.com\/site\/principal\/wp-json\/wp\/v2\/posts\/87465","targetHints":{"allow":["GET"]}}],"collection":[{"href":"https:\/\/noti-america.com\/site\/principal\/wp-json\/wp\/v2\/posts"}],"about":[{"href":"https:\/\/noti-america.com\/site\/principal\/wp-json\/wp\/v2\/types\/post"}],"author":[{"embeddable":true,"href":"https:\/\/noti-america.com\/site\/principal\/wp-json\/wp\/v2\/users\/133"}],"replies":[{"embeddable":true,"href":"https:\/\/noti-america.com\/site\/principal\/wp-json\/wp\/v2\/comments?post=87465"}],"version-history":[{"count":1,"href":"https:\/\/noti-america.com\/site\/principal\/wp-json\/wp\/v2\/posts\/87465\/revisions"}],"predecessor-version":[{"id":87484,"href":"https:\/\/noti-america.com\/site\/principal\/wp-json\/wp\/v2\/posts\/87465\/revisions\/87484"}],"wp:featuredmedia":[{"embeddable":true,"href":"https:\/\/noti-america.com\/site\/principal\/wp-json\/wp\/v2\/media\/87466"}],"wp:attachment":[{"href":"https:\/\/noti-america.com\/site\/principal\/wp-json\/wp\/v2\/media?parent=87465"}],"wp:term":[{"taxonomy":"category","embeddable":true,"href":"https:\/\/noti-america.com\/site\/principal\/wp-json\/wp\/v2\/categories?post=87465"},{"taxonomy":"post_tag","embeddable":true,"href":"https:\/\/noti-america.com\/site\/principal\/wp-json\/wp\/v2\/tags?post=87465"}],"curies":[{"name":"wp","href":"https:\/\/api.w.org\/{rel}","templated":true}]}}