{"id":87459,"date":"2026-04-28T13:57:58","date_gmt":"2026-04-28T17:57:58","guid":{"rendered":"https:\/\/noti-america.com\/site\/principal\/?p=87459"},"modified":"2026-04-28T13:57:58","modified_gmt":"2026-04-28T17:57:58","slug":"lady-gaga-y-doechii-estrenan-el-videoclip-de-runway-como-parte-de-la-secuela-de-el-diablo-viste-a-la-moda","status":"publish","type":"post","link":"https:\/\/noti-america.com\/site\/principal\/2026\/04\/28\/lady-gaga-y-doechii-estrenan-el-videoclip-de-runway-como-parte-de-la-secuela-de-el-diablo-viste-a-la-moda\/","title":{"rendered":"Lady Gaga y Doechii estrenan el videoclip de \u00abRunway\u00bb como parte de la secuela de El Diablo Viste a la Moda"},"content":{"rendered":"<p>NOTI-AMERICA.COM | VENEZUELA<\/p>\n<p style=\"text-align: justify\">La cantante Lady Gaga y la rapera Doechii presentaron el video musical de \u00abRunway\u00bb, una colaboraci\u00f3n que utiliza la alta moda y la est\u00e9tica de pasarela como eje conceptual. Bajo la direcci\u00f3n de Parris Goebel, la pieza audiovisual se establece como un componente fundamental de la banda sonora de la segunda parte de El Diablo Viste a la Moda, reforzando la identidad visual del proyecto.<\/p>\n<p style=\"text-align: justify\">Esta producci\u00f3n musical forma parte de la secuela del filme original, que contar\u00e1 nuevamente con Meryl Streep en el papel de Miranda Priestly. Asimismo, se ha confirmado una participaci\u00f3n especial de Lady Gaga.<\/p>\n<p style=\"text-align: justify\">Con este estreno, ambas artistas formalizan una alianza que integra m\u00fasica y narrativa visual, coincidiendo con una tendencia en la industria donde los videoclips retoman una factura cinematogr\u00e1fica para acompa\u00f1ar lanzamientos de gran escala en la gran pantalla.<\/p>\n","protected":false},"excerpt":{"rendered":"<p>NOTI-AMERICA.COM | VENEZUELA La cantante Lady Gaga y la rapera Doechii presentaron el video musical de \u00abRunway\u00bb, una colaboraci\u00f3n que utiliza la alta moda y la est\u00e9tica de pasarela como eje conceptual. Bajo la&#46;&#46;&#46;<\/p>\n","protected":false},"author":133,"featured_media":87460,"comment_status":"","ping_status":"open","sticky":false,"template":"","format":"image","meta":{"_acf_changed":false,"rop_custom_images_group":[],"rop_custom_messages_group":[],"rop_publish_now":"no","rop_publish_now_accounts":[],"rop_publish_now_history":[],"rop_publish_now_status":"pending","footnotes":""},"categories":[886],"tags":[],"class_list":["post-87459","post","type-post","status-publish","format-image","has-post-thumbnail","hentry","category-acturalidad","post_format-post-format-image"],"acf":[],"yoast_head":"<!-- This site is optimized with the Yoast SEO Premium plugin v24.9 (Yoast SEO v27.2) - https:\/\/yoast.com\/product\/yoast-seo-premium-wordpress\/ -->\n<title>Lady Gaga y Doechii estrenan el videoclip de \u00abRunway\u00bb como parte de la secuela de El Diablo Viste a la Moda - Noti-America.com<\/title>\n<meta name=\"robots\" content=\"index, follow, max-snippet:-1, max-image-preview:large, max-video-preview:-1\" \/>\n<link rel=\"canonical\" href=\"https:\/\/noti-america.com\/site\/principal\/2026\/04\/28\/lady-gaga-y-doechii-estrenan-el-videoclip-de-runway-como-parte-de-la-secuela-de-el-diablo-viste-a-la-moda\/\" \/>\n<meta property=\"og:locale\" content=\"es_ES\" \/>\n<meta property=\"og:type\" content=\"article\" \/>\n<meta property=\"og:title\" content=\"Lady Gaga y Doechii estrenan el videoclip de \u00abRunway\u00bb como parte de la secuela de El Diablo Viste a la Moda\" \/>\n<meta property=\"og:description\" content=\"NOTI-AMERICA.COM | VENEZUELA La cantante Lady Gaga y la rapera Doechii presentaron el video musical de \u00abRunway\u00bb, una colaboraci\u00f3n que utiliza la alta moda y la est\u00e9tica de pasarela como eje conceptual. Bajo la&#046;&#046;&#046;\" \/>\n<meta property=\"og:url\" content=\"https:\/\/noti-america.com\/site\/principal\/2026\/04\/28\/lady-gaga-y-doechii-estrenan-el-videoclip-de-runway-como-parte-de-la-secuela-de-el-diablo-viste-a-la-moda\/\" \/>\n<meta property=\"og:site_name\" content=\"Noti-America.com\" \/>\n<meta property=\"article:author\" content=\"Mar\u00eda Valentina Noguera\" \/>\n<meta property=\"article:published_time\" content=\"2026-04-28T17:57:58+00:00\" \/>\n<meta property=\"og:image\" content=\"https:\/\/noti-america.com\/site\/principal\/wp-content\/uploads\/sites\/26\/2026\/04\/doechii-lady-gaga-2025-iheartradio-music-awards_104-d25f40.png\" \/>\n\t<meta property=\"og:image:width\" content=\"800\" \/>\n\t<meta property=\"og:image:height\" content=\"500\" \/>\n\t<meta property=\"og:image:type\" content=\"image\/png\" \/>\n<meta name=\"author\" content=\"Maria Valentina Noguera Medina\" \/>\n<meta name=\"twitter:card\" content=\"summary_large_image\" \/>\n<meta name=\"twitter:label1\" content=\"Escrito por\" \/>\n\t<meta name=\"twitter:data1\" content=\"Maria Valentina Noguera Medina\" \/>\n\t<meta name=\"twitter:label2\" content=\"Tiempo estimado de lectura\" \/>\n\t<meta name=\"twitter:data2\" content=\"1 minuto\" \/>\n<script type=\"application\/ld+json\" class=\"yoast-schema-graph\">{\"@context\":\"https:\/\/schema.org\",\"@graph\":[{\"@type\":\"Article\",\"@id\":\"https:\/\/noti-america.com\/site\/principal\/2026\/04\/28\/lady-gaga-y-doechii-estrenan-el-videoclip-de-runway-como-parte-de-la-secuela-de-el-diablo-viste-a-la-moda\/#article\",\"isPartOf\":{\"@id\":\"https:\/\/noti-america.com\/site\/principal\/2026\/04\/28\/lady-gaga-y-doechii-estrenan-el-videoclip-de-runway-como-parte-de-la-secuela-de-el-diablo-viste-a-la-moda\/\"},\"author\":{\"name\":\"Maria Valentina Noguera Medina\",\"@id\":\"https:\/\/noti-america.com\/site\/principal\/#\/schema\/person\/22806efcc2cfc4b45efb0e17be210ea8\"},\"headline\":\"Lady Gaga y Doechii estrenan el videoclip de \u00abRunway\u00bb como parte de la secuela de El Diablo Viste a la Moda\",\"datePublished\":\"2026-04-28T17:57:58+00:00\",\"mainEntityOfPage\":{\"@id\":\"https:\/\/noti-america.com\/site\/principal\/2026\/04\/28\/lady-gaga-y-doechii-estrenan-el-videoclip-de-runway-como-parte-de-la-secuela-de-el-diablo-viste-a-la-moda\/\"},\"wordCount\":168,\"image\":{\"@id\":\"https:\/\/noti-america.com\/site\/principal\/2026\/04\/28\/lady-gaga-y-doechii-estrenan-el-videoclip-de-runway-como-parte-de-la-secuela-de-el-diablo-viste-a-la-moda\/#primaryimage\"},\"thumbnailUrl\":\"https:\/\/noti-america.com\/site\/principal\/wp-content\/uploads\/sites\/26\/2026\/04\/doechii-lady-gaga-2025-iheartradio-music-awards_104-d25f40.png\",\"articleSection\":[\"Actualidad\"],\"inLanguage\":\"es\"},{\"@type\":\"WebPage\",\"@id\":\"https:\/\/noti-america.com\/site\/principal\/2026\/04\/28\/lady-gaga-y-doechii-estrenan-el-videoclip-de-runway-como-parte-de-la-secuela-de-el-diablo-viste-a-la-moda\/\",\"url\":\"https:\/\/noti-america.com\/site\/principal\/2026\/04\/28\/lady-gaga-y-doechii-estrenan-el-videoclip-de-runway-como-parte-de-la-secuela-de-el-diablo-viste-a-la-moda\/\",\"name\":\"Lady Gaga y Doechii estrenan el videoclip de \u00abRunway\u00bb como parte de la secuela de El Diablo Viste a la Moda - Noti-America.com\",\"isPartOf\":{\"@id\":\"https:\/\/noti-america.com\/site\/principal\/#website\"},\"primaryImageOfPage\":{\"@id\":\"https:\/\/noti-america.com\/site\/principal\/2026\/04\/28\/lady-gaga-y-doechii-estrenan-el-videoclip-de-runway-como-parte-de-la-secuela-de-el-diablo-viste-a-la-moda\/#primaryimage\"},\"image\":{\"@id\":\"https:\/\/noti-america.com\/site\/principal\/2026\/04\/28\/lady-gaga-y-doechii-estrenan-el-videoclip-de-runway-como-parte-de-la-secuela-de-el-diablo-viste-a-la-moda\/#primaryimage\"},\"thumbnailUrl\":\"https:\/\/noti-america.com\/site\/principal\/wp-content\/uploads\/sites\/26\/2026\/04\/doechii-lady-gaga-2025-iheartradio-music-awards_104-d25f40.png\",\"datePublished\":\"2026-04-28T17:57:58+00:00\",\"author\":{\"@id\":\"https:\/\/noti-america.com\/site\/principal\/#\/schema\/person\/22806efcc2cfc4b45efb0e17be210ea8\"},\"breadcrumb\":{\"@id\":\"https:\/\/noti-america.com\/site\/principal\/2026\/04\/28\/lady-gaga-y-doechii-estrenan-el-videoclip-de-runway-como-parte-de-la-secuela-de-el-diablo-viste-a-la-moda\/#breadcrumb\"},\"inLanguage\":\"es\",\"potentialAction\":[{\"@type\":\"ReadAction\",\"target\":[\"https:\/\/noti-america.com\/site\/principal\/2026\/04\/28\/lady-gaga-y-doechii-estrenan-el-videoclip-de-runway-como-parte-de-la-secuela-de-el-diablo-viste-a-la-moda\/\"]}]},{\"@type\":\"ImageObject\",\"inLanguage\":\"es\",\"@id\":\"https:\/\/noti-america.com\/site\/principal\/2026\/04\/28\/lady-gaga-y-doechii-estrenan-el-videoclip-de-runway-como-parte-de-la-secuela-de-el-diablo-viste-a-la-moda\/#primaryimage\",\"url\":\"https:\/\/noti-america.com\/site\/principal\/wp-content\/uploads\/sites\/26\/2026\/04\/doechii-lady-gaga-2025-iheartradio-music-awards_104-d25f40.png\",\"contentUrl\":\"https:\/\/noti-america.com\/site\/principal\/wp-content\/uploads\/sites\/26\/2026\/04\/doechii-lady-gaga-2025-iheartradio-music-awards_104-d25f40.png\",\"width\":800,\"height\":500},{\"@type\":\"BreadcrumbList\",\"@id\":\"https:\/\/noti-america.com\/site\/principal\/2026\/04\/28\/lady-gaga-y-doechii-estrenan-el-videoclip-de-runway-como-parte-de-la-secuela-de-el-diablo-viste-a-la-moda\/#breadcrumb\",\"itemListElement\":[{\"@type\":\"ListItem\",\"position\":1,\"name\":\"Portada\",\"item\":\"https:\/\/noti-america.com\/site\/principal\/\"},{\"@type\":\"ListItem\",\"position\":2,\"name\":\"Lady Gaga y Doechii estrenan el videoclip de \u00abRunway\u00bb como parte de la secuela de El Diablo Viste a la Moda\"}]},{\"@type\":\"WebSite\",\"@id\":\"https:\/\/noti-america.com\/site\/principal\/#website\",\"url\":\"https:\/\/noti-america.com\/site\/principal\/\",\"name\":\"Noti-America.com\",\"description\":\"El Noticiero Digital M\u00e1s Grande de Am\u00e9rica\",\"potentialAction\":[{\"@type\":\"SearchAction\",\"target\":{\"@type\":\"EntryPoint\",\"urlTemplate\":\"https:\/\/noti-america.com\/site\/principal\/?s={search_term_string}\"},\"query-input\":{\"@type\":\"PropertyValueSpecification\",\"valueRequired\":true,\"valueName\":\"search_term_string\"}}],\"inLanguage\":\"es\"},{\"@type\":\"Person\",\"@id\":\"https:\/\/noti-america.com\/site\/principal\/#\/schema\/person\/22806efcc2cfc4b45efb0e17be210ea8\",\"name\":\"Maria Valentina Noguera Medina\",\"image\":{\"@type\":\"ImageObject\",\"inLanguage\":\"es\",\"@id\":\"https:\/\/secure.gravatar.com\/avatar\/4ec5eb9d099f2608a49c9df6f7341f66f04f819cdffa09d56a7a0e91d2819d56?s=96&d=mm&r=g\",\"url\":\"https:\/\/secure.gravatar.com\/avatar\/4ec5eb9d099f2608a49c9df6f7341f66f04f819cdffa09d56a7a0e91d2819d56?s=96&d=mm&r=g\",\"contentUrl\":\"https:\/\/secure.gravatar.com\/avatar\/4ec5eb9d099f2608a49c9df6f7341f66f04f819cdffa09d56a7a0e91d2819d56?s=96&d=mm&r=g\",\"caption\":\"Maria Valentina Noguera Medina\"},\"description\":\"Periodista - noti-america - Promar Community Manager - Talento Plus Dise\u00f1adora\/ creadora de contenido...\",\"sameAs\":[\"Mar\u00eda Valentina Noguera\",\"https:\/\/www.facebook.com\/mariavalentina.noguera\",\"https:\/\/www.linkedin.com\/in\/mara-valentina-noguera-medina-373075165\/\",\"https:\/\/www.pinterest.es\/valentinanoguera95\/\",\"https:\/\/www.youtube.com\/channel\/UCdek6mbUZ-Tqqw0I63i4nmQ\"],\"url\":\"https:\/\/noti-america.com\/site\/principal\/author\/mnoguera\/\"}]}<\/script>\n<!-- \/ Yoast SEO Premium plugin. -->","yoast_head_json":{"title":"Lady Gaga y Doechii estrenan el videoclip de \u00abRunway\u00bb como parte de la secuela de El Diablo Viste a la Moda - Noti-America.com","robots":{"index":"index","follow":"follow","max-snippet":"max-snippet:-1","max-image-preview":"max-image-preview:large","max-video-preview":"max-video-preview:-1"},"canonical":"https:\/\/noti-america.com\/site\/principal\/2026\/04\/28\/lady-gaga-y-doechii-estrenan-el-videoclip-de-runway-como-parte-de-la-secuela-de-el-diablo-viste-a-la-moda\/","og_locale":"es_ES","og_type":"article","og_title":"Lady Gaga y Doechii estrenan el videoclip de \u00abRunway\u00bb como parte de la secuela de El Diablo Viste a la Moda","og_description":"NOTI-AMERICA.COM | VENEZUELA La cantante Lady Gaga y la rapera Doechii presentaron el video musical de \u00abRunway\u00bb, una colaboraci\u00f3n que utiliza la alta moda y la est\u00e9tica de pasarela como eje conceptual. Bajo la&#46;&#46;&#46;","og_url":"https:\/\/noti-america.com\/site\/principal\/2026\/04\/28\/lady-gaga-y-doechii-estrenan-el-videoclip-de-runway-como-parte-de-la-secuela-de-el-diablo-viste-a-la-moda\/","og_site_name":"Noti-America.com","article_author":"Mar\u00eda Valentina Noguera","article_published_time":"2026-04-28T17:57:58+00:00","og_image":[{"width":800,"height":500,"url":"https:\/\/noti-america.com\/site\/principal\/wp-content\/uploads\/sites\/26\/2026\/04\/doechii-lady-gaga-2025-iheartradio-music-awards_104-d25f40.png","type":"image\/png"}],"author":"Maria Valentina Noguera Medina","twitter_card":"summary_large_image","twitter_misc":{"Escrito por":"Maria Valentina Noguera Medina","Tiempo estimado de lectura":"1 minuto"},"schema":{"@context":"https:\/\/schema.org","@graph":[{"@type":"Article","@id":"https:\/\/noti-america.com\/site\/principal\/2026\/04\/28\/lady-gaga-y-doechii-estrenan-el-videoclip-de-runway-como-parte-de-la-secuela-de-el-diablo-viste-a-la-moda\/#article","isPartOf":{"@id":"https:\/\/noti-america.com\/site\/principal\/2026\/04\/28\/lady-gaga-y-doechii-estrenan-el-videoclip-de-runway-como-parte-de-la-secuela-de-el-diablo-viste-a-la-moda\/"},"author":{"name":"Maria Valentina Noguera Medina","@id":"https:\/\/noti-america.com\/site\/principal\/#\/schema\/person\/22806efcc2cfc4b45efb0e17be210ea8"},"headline":"Lady Gaga y Doechii estrenan el videoclip de \u00abRunway\u00bb como parte de la secuela de El Diablo Viste a la Moda","datePublished":"2026-04-28T17:57:58+00:00","mainEntityOfPage":{"@id":"https:\/\/noti-america.com\/site\/principal\/2026\/04\/28\/lady-gaga-y-doechii-estrenan-el-videoclip-de-runway-como-parte-de-la-secuela-de-el-diablo-viste-a-la-moda\/"},"wordCount":168,"image":{"@id":"https:\/\/noti-america.com\/site\/principal\/2026\/04\/28\/lady-gaga-y-doechii-estrenan-el-videoclip-de-runway-como-parte-de-la-secuela-de-el-diablo-viste-a-la-moda\/#primaryimage"},"thumbnailUrl":"https:\/\/noti-america.com\/site\/principal\/wp-content\/uploads\/sites\/26\/2026\/04\/doechii-lady-gaga-2025-iheartradio-music-awards_104-d25f40.png","articleSection":["Actualidad"],"inLanguage":"es"},{"@type":"WebPage","@id":"https:\/\/noti-america.com\/site\/principal\/2026\/04\/28\/lady-gaga-y-doechii-estrenan-el-videoclip-de-runway-como-parte-de-la-secuela-de-el-diablo-viste-a-la-moda\/","url":"https:\/\/noti-america.com\/site\/principal\/2026\/04\/28\/lady-gaga-y-doechii-estrenan-el-videoclip-de-runway-como-parte-de-la-secuela-de-el-diablo-viste-a-la-moda\/","name":"Lady Gaga y Doechii estrenan el videoclip de \u00abRunway\u00bb como parte de la secuela de El Diablo Viste a la Moda - Noti-America.com","isPartOf":{"@id":"https:\/\/noti-america.com\/site\/principal\/#website"},"primaryImageOfPage":{"@id":"https:\/\/noti-america.com\/site\/principal\/2026\/04\/28\/lady-gaga-y-doechii-estrenan-el-videoclip-de-runway-como-parte-de-la-secuela-de-el-diablo-viste-a-la-moda\/#primaryimage"},"image":{"@id":"https:\/\/noti-america.com\/site\/principal\/2026\/04\/28\/lady-gaga-y-doechii-estrenan-el-videoclip-de-runway-como-parte-de-la-secuela-de-el-diablo-viste-a-la-moda\/#primaryimage"},"thumbnailUrl":"https:\/\/noti-america.com\/site\/principal\/wp-content\/uploads\/sites\/26\/2026\/04\/doechii-lady-gaga-2025-iheartradio-music-awards_104-d25f40.png","datePublished":"2026-04-28T17:57:58+00:00","author":{"@id":"https:\/\/noti-america.com\/site\/principal\/#\/schema\/person\/22806efcc2cfc4b45efb0e17be210ea8"},"breadcrumb":{"@id":"https:\/\/noti-america.com\/site\/principal\/2026\/04\/28\/lady-gaga-y-doechii-estrenan-el-videoclip-de-runway-como-parte-de-la-secuela-de-el-diablo-viste-a-la-moda\/#breadcrumb"},"inLanguage":"es","potentialAction":[{"@type":"ReadAction","target":["https:\/\/noti-america.com\/site\/principal\/2026\/04\/28\/lady-gaga-y-doechii-estrenan-el-videoclip-de-runway-como-parte-de-la-secuela-de-el-diablo-viste-a-la-moda\/"]}]},{"@type":"ImageObject","inLanguage":"es","@id":"https:\/\/noti-america.com\/site\/principal\/2026\/04\/28\/lady-gaga-y-doechii-estrenan-el-videoclip-de-runway-como-parte-de-la-secuela-de-el-diablo-viste-a-la-moda\/#primaryimage","url":"https:\/\/noti-america.com\/site\/principal\/wp-content\/uploads\/sites\/26\/2026\/04\/doechii-lady-gaga-2025-iheartradio-music-awards_104-d25f40.png","contentUrl":"https:\/\/noti-america.com\/site\/principal\/wp-content\/uploads\/sites\/26\/2026\/04\/doechii-lady-gaga-2025-iheartradio-music-awards_104-d25f40.png","width":800,"height":500},{"@type":"BreadcrumbList","@id":"https:\/\/noti-america.com\/site\/principal\/2026\/04\/28\/lady-gaga-y-doechii-estrenan-el-videoclip-de-runway-como-parte-de-la-secuela-de-el-diablo-viste-a-la-moda\/#breadcrumb","itemListElement":[{"@type":"ListItem","position":1,"name":"Portada","item":"https:\/\/noti-america.com\/site\/principal\/"},{"@type":"ListItem","position":2,"name":"Lady Gaga y Doechii estrenan el videoclip de \u00abRunway\u00bb como parte de la secuela de El Diablo Viste a la Moda"}]},{"@type":"WebSite","@id":"https:\/\/noti-america.com\/site\/principal\/#website","url":"https:\/\/noti-america.com\/site\/principal\/","name":"Noti-America.com","description":"El Noticiero Digital M\u00e1s Grande de Am\u00e9rica","potentialAction":[{"@type":"SearchAction","target":{"@type":"EntryPoint","urlTemplate":"https:\/\/noti-america.com\/site\/principal\/?s={search_term_string}"},"query-input":{"@type":"PropertyValueSpecification","valueRequired":true,"valueName":"search_term_string"}}],"inLanguage":"es"},{"@type":"Person","@id":"https:\/\/noti-america.com\/site\/principal\/#\/schema\/person\/22806efcc2cfc4b45efb0e17be210ea8","name":"Maria Valentina Noguera Medina","image":{"@type":"ImageObject","inLanguage":"es","@id":"https:\/\/secure.gravatar.com\/avatar\/4ec5eb9d099f2608a49c9df6f7341f66f04f819cdffa09d56a7a0e91d2819d56?s=96&d=mm&r=g","url":"https:\/\/secure.gravatar.com\/avatar\/4ec5eb9d099f2608a49c9df6f7341f66f04f819cdffa09d56a7a0e91d2819d56?s=96&d=mm&r=g","contentUrl":"https:\/\/secure.gravatar.com\/avatar\/4ec5eb9d099f2608a49c9df6f7341f66f04f819cdffa09d56a7a0e91d2819d56?s=96&d=mm&r=g","caption":"Maria Valentina Noguera Medina"},"description":"Periodista - noti-america - Promar Community Manager - Talento Plus Dise\u00f1adora\/ creadora de contenido...","sameAs":["Mar\u00eda Valentina Noguera","https:\/\/www.facebook.com\/mariavalentina.noguera","https:\/\/www.linkedin.com\/in\/mara-valentina-noguera-medina-373075165\/","https:\/\/www.pinterest.es\/valentinanoguera95\/","https:\/\/www.youtube.com\/channel\/UCdek6mbUZ-Tqqw0I63i4nmQ"],"url":"https:\/\/noti-america.com\/site\/principal\/author\/mnoguera\/"}]}},"_links":{"self":[{"href":"https:\/\/noti-america.com\/site\/principal\/wp-json\/wp\/v2\/posts\/87459","targetHints":{"allow":["GET"]}}],"collection":[{"href":"https:\/\/noti-america.com\/site\/principal\/wp-json\/wp\/v2\/posts"}],"about":[{"href":"https:\/\/noti-america.com\/site\/principal\/wp-json\/wp\/v2\/types\/post"}],"author":[{"embeddable":true,"href":"https:\/\/noti-america.com\/site\/principal\/wp-json\/wp\/v2\/users\/133"}],"replies":[{"embeddable":true,"href":"https:\/\/noti-america.com\/site\/principal\/wp-json\/wp\/v2\/comments?post=87459"}],"version-history":[{"count":1,"href":"https:\/\/noti-america.com\/site\/principal\/wp-json\/wp\/v2\/posts\/87459\/revisions"}],"predecessor-version":[{"id":87503,"href":"https:\/\/noti-america.com\/site\/principal\/wp-json\/wp\/v2\/posts\/87459\/revisions\/87503"}],"wp:featuredmedia":[{"embeddable":true,"href":"https:\/\/noti-america.com\/site\/principal\/wp-json\/wp\/v2\/media\/87460"}],"wp:attachment":[{"href":"https:\/\/noti-america.com\/site\/principal\/wp-json\/wp\/v2\/media?parent=87459"}],"wp:term":[{"taxonomy":"category","embeddable":true,"href":"https:\/\/noti-america.com\/site\/principal\/wp-json\/wp\/v2\/categories?post=87459"},{"taxonomy":"post_tag","embeddable":true,"href":"https:\/\/noti-america.com\/site\/principal\/wp-json\/wp\/v2\/tags?post=87459"}],"curies":[{"name":"wp","href":"https:\/\/api.w.org\/{rel}","templated":true}]}}