{"id":87457,"date":"2026-04-28T13:56:59","date_gmt":"2026-04-28T17:56:59","guid":{"rendered":"https:\/\/noti-america.com\/site\/principal\/?p=87457"},"modified":"2026-04-28T13:56:59","modified_gmt":"2026-04-28T17:56:59","slug":"taylor-swift-solicita-registro-de-su-voz-e-imagen-como-marca-ante-la-amenaza-de-la-ia","status":"publish","type":"post","link":"https:\/\/noti-america.com\/site\/principal\/2026\/04\/28\/taylor-swift-solicita-registro-de-su-voz-e-imagen-como-marca-ante-la-amenaza-de-la-ia\/","title":{"rendered":"Taylor Swift solicita registro de su voz e imagen como marca, ante la amenaza de la IA"},"content":{"rendered":"<p>NOTI-AMERICA.COM | VENEZUELA<\/p>\n<p style=\"text-align: justify\">Ante las amenazas que plantea la inteligencia artificial (IA) la cantante Taylor Swift ha presentado nuevas solicitudes de registro de marca para blindar su voz e imagen, inform\u00f3 el despacho de abogados Gerben IP.<\/p>\n<p style=\"text-align: justify\">Los documentos fueron presentados en nombre de TAS Rights Management el 24 de abril y suponen \u00abun cambio m\u00e1s amplio en la forma en que las celebridades est\u00e1n aplicando la ley de marcas para luchar contra la IA\u00bb, de acuerdo con una publicaci\u00f3n escrita por el abogado especializado en propiedad intelectual Josh Gerben.<\/p>\n<p style=\"text-align: justify\">Entre las solicitudes de la cantante, dos corresponden a marcas sonoras que cubren su voz: \u00abHey, it\u2019s Taylor Swift\u00bb y \u00abHey, it\u2019s Taylor\u00bb.<\/p>\n<p style=\"text-align: justify\">La tercera es una marca visual que abarca \u00abuna fotograf\u00eda de Taylor Swift sosteniendo una guitarra rosa con una correa negra, mientras viste un body iridiscente multicolor y botas plateadas\u00bb, un atuendo que est\u00e1 relacionado con sus actuaciones durante &#8216;The Eras Tour&#8217;.<\/p>\n<p style=\"text-align: justify\">De acuerdo con el abogado, la medida de Swift puede proporcionar una capa adicional de protecci\u00f3n a la que ofrecen las leyes vigentes sobre el \u00abDerecho a la propia imagen\u00bb contra el uso no autorizado de la imagen de una persona famosa.<\/p>\n<p style=\"text-align: justify\">\u00abAl registrar frases espec\u00edficas vinculadas a su voz, Swift podr\u00eda impugnar no solo las reproducciones id\u00e9nticas, sino tambi\u00e9n las imitaciones que sean &#8216;confusamente similares&#8217;, un criterio clave en la legislaci\u00f3n sobre marcas registradas\u00bb, explica el escrito de Gerben.<\/p>\n<p style=\"text-align: justify\">Sobre la presentaci\u00f3n de demandas basada en im\u00e1genes, el abogado detall\u00f3 que \u00abal proteger un elemento visual distintivo, como el mono (prenda de vestir de una pieza) que Swift suele usar y su pose, el equipo de Swift puede obtener argumentos adicionales para presentar demandas contra im\u00e1genes manipuladas o generadas por IA que evoquen su imagen\u00bb.<\/p>\n<p>La imagen de Taylor Swift ha sido utilizada sin su consentimiento en distintos contenidos falsos creados con inteligencia artificial que circulan en internet.<\/p>\n<p>Swift se suma en esta medida al actor Matthew McConaughey, quien registr\u00f3 marcas similares en los \u00faltimos meses para proteger su voz e imagen. En 2025, la Oficina de Patentes y Marcas de Estados Unidos concedi\u00f3 ocho marcas registradas al actor.<\/p>\n","protected":false},"excerpt":{"rendered":"<p>NOTI-AMERICA.COM | VENEZUELA Ante las amenazas que plantea la inteligencia artificial (IA) la cantante Taylor Swift ha presentado nuevas solicitudes de registro de marca para blindar su voz e imagen, inform\u00f3 el despacho de&#46;&#46;&#46;<\/p>\n","protected":false},"author":133,"featured_media":87458,"comment_status":"","ping_status":"open","sticky":false,"template":"","format":"image","meta":{"_acf_changed":false,"rop_custom_images_group":[],"rop_custom_messages_group":[],"rop_publish_now":"no","rop_publish_now_accounts":[],"rop_publish_now_history":[],"rop_publish_now_status":"pending","footnotes":""},"categories":[853],"tags":[],"class_list":["post-87457","post","type-post","status-publish","format-image","has-post-thumbnail","hentry","category-entretenimiento","post_format-post-format-image"],"acf":[],"yoast_head":"<!-- This site is optimized with the Yoast SEO Premium plugin v24.9 (Yoast SEO v27.2) - https:\/\/yoast.com\/product\/yoast-seo-premium-wordpress\/ -->\n<title>Taylor Swift solicita registro de su voz e imagen como marca, ante la amenaza de la IA - Noti-America.com<\/title>\n<meta name=\"robots\" content=\"index, follow, max-snippet:-1, max-image-preview:large, max-video-preview:-1\" \/>\n<link rel=\"canonical\" href=\"https:\/\/noti-america.com\/site\/principal\/2026\/04\/28\/taylor-swift-solicita-registro-de-su-voz-e-imagen-como-marca-ante-la-amenaza-de-la-ia\/\" \/>\n<meta property=\"og:locale\" content=\"es_ES\" \/>\n<meta property=\"og:type\" content=\"article\" \/>\n<meta property=\"og:title\" content=\"Taylor Swift solicita registro de su voz e imagen como marca, ante la amenaza de la IA\" \/>\n<meta property=\"og:description\" content=\"NOTI-AMERICA.COM | VENEZUELA Ante las amenazas que plantea la inteligencia artificial (IA) la cantante Taylor Swift ha presentado nuevas solicitudes de registro de marca para blindar su voz e imagen, inform\u00f3 el despacho de&#046;&#046;&#046;\" \/>\n<meta property=\"og:url\" content=\"https:\/\/noti-america.com\/site\/principal\/2026\/04\/28\/taylor-swift-solicita-registro-de-su-voz-e-imagen-como-marca-ante-la-amenaza-de-la-ia\/\" \/>\n<meta property=\"og:site_name\" content=\"Noti-America.com\" \/>\n<meta property=\"article:author\" content=\"Mar\u00eda Valentina Noguera\" \/>\n<meta property=\"article:published_time\" content=\"2026-04-28T17:56:59+00:00\" \/>\n<meta property=\"og:image\" content=\"https:\/\/noti-america.com\/site\/principal\/wp-content\/uploads\/sites\/26\/2026\/04\/img_1261.jpg-1-9d754d.jpeg\" \/>\n\t<meta property=\"og:image:width\" content=\"800\" \/>\n\t<meta property=\"og:image:height\" content=\"500\" \/>\n\t<meta property=\"og:image:type\" content=\"image\/jpeg\" \/>\n<meta name=\"author\" content=\"Maria Valentina Noguera Medina\" \/>\n<meta name=\"twitter:card\" content=\"summary_large_image\" \/>\n<meta name=\"twitter:label1\" content=\"Escrito por\" \/>\n\t<meta name=\"twitter:data1\" content=\"Maria Valentina Noguera Medina\" \/>\n\t<meta name=\"twitter:label2\" content=\"Tiempo estimado de lectura\" \/>\n\t<meta name=\"twitter:data2\" content=\"2 minutos\" \/>\n<script type=\"application\/ld+json\" class=\"yoast-schema-graph\">{\"@context\":\"https:\/\/schema.org\",\"@graph\":[{\"@type\":\"Article\",\"@id\":\"https:\/\/noti-america.com\/site\/principal\/2026\/04\/28\/taylor-swift-solicita-registro-de-su-voz-e-imagen-como-marca-ante-la-amenaza-de-la-ia\/#article\",\"isPartOf\":{\"@id\":\"https:\/\/noti-america.com\/site\/principal\/2026\/04\/28\/taylor-swift-solicita-registro-de-su-voz-e-imagen-como-marca-ante-la-amenaza-de-la-ia\/\"},\"author\":{\"name\":\"Maria Valentina Noguera Medina\",\"@id\":\"https:\/\/noti-america.com\/site\/principal\/#\/schema\/person\/22806efcc2cfc4b45efb0e17be210ea8\"},\"headline\":\"Taylor Swift solicita registro de su voz e imagen como marca, ante la amenaza de la IA\",\"datePublished\":\"2026-04-28T17:56:59+00:00\",\"mainEntityOfPage\":{\"@id\":\"https:\/\/noti-america.com\/site\/principal\/2026\/04\/28\/taylor-swift-solicita-registro-de-su-voz-e-imagen-como-marca-ante-la-amenaza-de-la-ia\/\"},\"wordCount\":385,\"image\":{\"@id\":\"https:\/\/noti-america.com\/site\/principal\/2026\/04\/28\/taylor-swift-solicita-registro-de-su-voz-e-imagen-como-marca-ante-la-amenaza-de-la-ia\/#primaryimage\"},\"thumbnailUrl\":\"https:\/\/noti-america.com\/site\/principal\/wp-content\/uploads\/sites\/26\/2026\/04\/img_1261.jpg-1-9d754d.jpeg\",\"articleSection\":[\"Entretenimiento\"],\"inLanguage\":\"es\"},{\"@type\":\"WebPage\",\"@id\":\"https:\/\/noti-america.com\/site\/principal\/2026\/04\/28\/taylor-swift-solicita-registro-de-su-voz-e-imagen-como-marca-ante-la-amenaza-de-la-ia\/\",\"url\":\"https:\/\/noti-america.com\/site\/principal\/2026\/04\/28\/taylor-swift-solicita-registro-de-su-voz-e-imagen-como-marca-ante-la-amenaza-de-la-ia\/\",\"name\":\"Taylor Swift solicita registro de su voz e imagen como marca, ante la amenaza de la IA - Noti-America.com\",\"isPartOf\":{\"@id\":\"https:\/\/noti-america.com\/site\/principal\/#website\"},\"primaryImageOfPage\":{\"@id\":\"https:\/\/noti-america.com\/site\/principal\/2026\/04\/28\/taylor-swift-solicita-registro-de-su-voz-e-imagen-como-marca-ante-la-amenaza-de-la-ia\/#primaryimage\"},\"image\":{\"@id\":\"https:\/\/noti-america.com\/site\/principal\/2026\/04\/28\/taylor-swift-solicita-registro-de-su-voz-e-imagen-como-marca-ante-la-amenaza-de-la-ia\/#primaryimage\"},\"thumbnailUrl\":\"https:\/\/noti-america.com\/site\/principal\/wp-content\/uploads\/sites\/26\/2026\/04\/img_1261.jpg-1-9d754d.jpeg\",\"datePublished\":\"2026-04-28T17:56:59+00:00\",\"author\":{\"@id\":\"https:\/\/noti-america.com\/site\/principal\/#\/schema\/person\/22806efcc2cfc4b45efb0e17be210ea8\"},\"breadcrumb\":{\"@id\":\"https:\/\/noti-america.com\/site\/principal\/2026\/04\/28\/taylor-swift-solicita-registro-de-su-voz-e-imagen-como-marca-ante-la-amenaza-de-la-ia\/#breadcrumb\"},\"inLanguage\":\"es\",\"potentialAction\":[{\"@type\":\"ReadAction\",\"target\":[\"https:\/\/noti-america.com\/site\/principal\/2026\/04\/28\/taylor-swift-solicita-registro-de-su-voz-e-imagen-como-marca-ante-la-amenaza-de-la-ia\/\"]}]},{\"@type\":\"ImageObject\",\"inLanguage\":\"es\",\"@id\":\"https:\/\/noti-america.com\/site\/principal\/2026\/04\/28\/taylor-swift-solicita-registro-de-su-voz-e-imagen-como-marca-ante-la-amenaza-de-la-ia\/#primaryimage\",\"url\":\"https:\/\/noti-america.com\/site\/principal\/wp-content\/uploads\/sites\/26\/2026\/04\/img_1261.jpg-1-9d754d.jpeg\",\"contentUrl\":\"https:\/\/noti-america.com\/site\/principal\/wp-content\/uploads\/sites\/26\/2026\/04\/img_1261.jpg-1-9d754d.jpeg\",\"width\":800,\"height\":500},{\"@type\":\"BreadcrumbList\",\"@id\":\"https:\/\/noti-america.com\/site\/principal\/2026\/04\/28\/taylor-swift-solicita-registro-de-su-voz-e-imagen-como-marca-ante-la-amenaza-de-la-ia\/#breadcrumb\",\"itemListElement\":[{\"@type\":\"ListItem\",\"position\":1,\"name\":\"Portada\",\"item\":\"https:\/\/noti-america.com\/site\/principal\/\"},{\"@type\":\"ListItem\",\"position\":2,\"name\":\"Taylor Swift solicita registro de su voz e imagen como marca, ante la amenaza de la IA\"}]},{\"@type\":\"WebSite\",\"@id\":\"https:\/\/noti-america.com\/site\/principal\/#website\",\"url\":\"https:\/\/noti-america.com\/site\/principal\/\",\"name\":\"Noti-America.com\",\"description\":\"El Noticiero Digital M\u00e1s Grande de Am\u00e9rica\",\"potentialAction\":[{\"@type\":\"SearchAction\",\"target\":{\"@type\":\"EntryPoint\",\"urlTemplate\":\"https:\/\/noti-america.com\/site\/principal\/?s={search_term_string}\"},\"query-input\":{\"@type\":\"PropertyValueSpecification\",\"valueRequired\":true,\"valueName\":\"search_term_string\"}}],\"inLanguage\":\"es\"},{\"@type\":\"Person\",\"@id\":\"https:\/\/noti-america.com\/site\/principal\/#\/schema\/person\/22806efcc2cfc4b45efb0e17be210ea8\",\"name\":\"Maria Valentina Noguera Medina\",\"image\":{\"@type\":\"ImageObject\",\"inLanguage\":\"es\",\"@id\":\"https:\/\/secure.gravatar.com\/avatar\/4ec5eb9d099f2608a49c9df6f7341f66f04f819cdffa09d56a7a0e91d2819d56?s=96&d=mm&r=g\",\"url\":\"https:\/\/secure.gravatar.com\/avatar\/4ec5eb9d099f2608a49c9df6f7341f66f04f819cdffa09d56a7a0e91d2819d56?s=96&d=mm&r=g\",\"contentUrl\":\"https:\/\/secure.gravatar.com\/avatar\/4ec5eb9d099f2608a49c9df6f7341f66f04f819cdffa09d56a7a0e91d2819d56?s=96&d=mm&r=g\",\"caption\":\"Maria Valentina Noguera Medina\"},\"description\":\"Periodista - noti-america - Promar Community Manager - Talento Plus Dise\u00f1adora\/ creadora de contenido...\",\"sameAs\":[\"Mar\u00eda Valentina Noguera\",\"https:\/\/www.facebook.com\/mariavalentina.noguera\",\"https:\/\/www.linkedin.com\/in\/mara-valentina-noguera-medina-373075165\/\",\"https:\/\/www.pinterest.es\/valentinanoguera95\/\",\"https:\/\/www.youtube.com\/channel\/UCdek6mbUZ-Tqqw0I63i4nmQ\"],\"url\":\"https:\/\/noti-america.com\/site\/principal\/author\/mnoguera\/\"}]}<\/script>\n<!-- \/ Yoast SEO Premium plugin. -->","yoast_head_json":{"title":"Taylor Swift solicita registro de su voz e imagen como marca, ante la amenaza de la IA - Noti-America.com","robots":{"index":"index","follow":"follow","max-snippet":"max-snippet:-1","max-image-preview":"max-image-preview:large","max-video-preview":"max-video-preview:-1"},"canonical":"https:\/\/noti-america.com\/site\/principal\/2026\/04\/28\/taylor-swift-solicita-registro-de-su-voz-e-imagen-como-marca-ante-la-amenaza-de-la-ia\/","og_locale":"es_ES","og_type":"article","og_title":"Taylor Swift solicita registro de su voz e imagen como marca, ante la amenaza de la IA","og_description":"NOTI-AMERICA.COM | VENEZUELA Ante las amenazas que plantea la inteligencia artificial (IA) la cantante Taylor Swift ha presentado nuevas solicitudes de registro de marca para blindar su voz e imagen, inform\u00f3 el despacho de&#46;&#46;&#46;","og_url":"https:\/\/noti-america.com\/site\/principal\/2026\/04\/28\/taylor-swift-solicita-registro-de-su-voz-e-imagen-como-marca-ante-la-amenaza-de-la-ia\/","og_site_name":"Noti-America.com","article_author":"Mar\u00eda Valentina Noguera","article_published_time":"2026-04-28T17:56:59+00:00","og_image":[{"width":800,"height":500,"url":"https:\/\/noti-america.com\/site\/principal\/wp-content\/uploads\/sites\/26\/2026\/04\/img_1261.jpg-1-9d754d.jpeg","type":"image\/jpeg"}],"author":"Maria Valentina Noguera Medina","twitter_card":"summary_large_image","twitter_misc":{"Escrito por":"Maria Valentina Noguera Medina","Tiempo estimado de lectura":"2 minutos"},"schema":{"@context":"https:\/\/schema.org","@graph":[{"@type":"Article","@id":"https:\/\/noti-america.com\/site\/principal\/2026\/04\/28\/taylor-swift-solicita-registro-de-su-voz-e-imagen-como-marca-ante-la-amenaza-de-la-ia\/#article","isPartOf":{"@id":"https:\/\/noti-america.com\/site\/principal\/2026\/04\/28\/taylor-swift-solicita-registro-de-su-voz-e-imagen-como-marca-ante-la-amenaza-de-la-ia\/"},"author":{"name":"Maria Valentina Noguera Medina","@id":"https:\/\/noti-america.com\/site\/principal\/#\/schema\/person\/22806efcc2cfc4b45efb0e17be210ea8"},"headline":"Taylor Swift solicita registro de su voz e imagen como marca, ante la amenaza de la IA","datePublished":"2026-04-28T17:56:59+00:00","mainEntityOfPage":{"@id":"https:\/\/noti-america.com\/site\/principal\/2026\/04\/28\/taylor-swift-solicita-registro-de-su-voz-e-imagen-como-marca-ante-la-amenaza-de-la-ia\/"},"wordCount":385,"image":{"@id":"https:\/\/noti-america.com\/site\/principal\/2026\/04\/28\/taylor-swift-solicita-registro-de-su-voz-e-imagen-como-marca-ante-la-amenaza-de-la-ia\/#primaryimage"},"thumbnailUrl":"https:\/\/noti-america.com\/site\/principal\/wp-content\/uploads\/sites\/26\/2026\/04\/img_1261.jpg-1-9d754d.jpeg","articleSection":["Entretenimiento"],"inLanguage":"es"},{"@type":"WebPage","@id":"https:\/\/noti-america.com\/site\/principal\/2026\/04\/28\/taylor-swift-solicita-registro-de-su-voz-e-imagen-como-marca-ante-la-amenaza-de-la-ia\/","url":"https:\/\/noti-america.com\/site\/principal\/2026\/04\/28\/taylor-swift-solicita-registro-de-su-voz-e-imagen-como-marca-ante-la-amenaza-de-la-ia\/","name":"Taylor Swift solicita registro de su voz e imagen como marca, ante la amenaza de la IA - Noti-America.com","isPartOf":{"@id":"https:\/\/noti-america.com\/site\/principal\/#website"},"primaryImageOfPage":{"@id":"https:\/\/noti-america.com\/site\/principal\/2026\/04\/28\/taylor-swift-solicita-registro-de-su-voz-e-imagen-como-marca-ante-la-amenaza-de-la-ia\/#primaryimage"},"image":{"@id":"https:\/\/noti-america.com\/site\/principal\/2026\/04\/28\/taylor-swift-solicita-registro-de-su-voz-e-imagen-como-marca-ante-la-amenaza-de-la-ia\/#primaryimage"},"thumbnailUrl":"https:\/\/noti-america.com\/site\/principal\/wp-content\/uploads\/sites\/26\/2026\/04\/img_1261.jpg-1-9d754d.jpeg","datePublished":"2026-04-28T17:56:59+00:00","author":{"@id":"https:\/\/noti-america.com\/site\/principal\/#\/schema\/person\/22806efcc2cfc4b45efb0e17be210ea8"},"breadcrumb":{"@id":"https:\/\/noti-america.com\/site\/principal\/2026\/04\/28\/taylor-swift-solicita-registro-de-su-voz-e-imagen-como-marca-ante-la-amenaza-de-la-ia\/#breadcrumb"},"inLanguage":"es","potentialAction":[{"@type":"ReadAction","target":["https:\/\/noti-america.com\/site\/principal\/2026\/04\/28\/taylor-swift-solicita-registro-de-su-voz-e-imagen-como-marca-ante-la-amenaza-de-la-ia\/"]}]},{"@type":"ImageObject","inLanguage":"es","@id":"https:\/\/noti-america.com\/site\/principal\/2026\/04\/28\/taylor-swift-solicita-registro-de-su-voz-e-imagen-como-marca-ante-la-amenaza-de-la-ia\/#primaryimage","url":"https:\/\/noti-america.com\/site\/principal\/wp-content\/uploads\/sites\/26\/2026\/04\/img_1261.jpg-1-9d754d.jpeg","contentUrl":"https:\/\/noti-america.com\/site\/principal\/wp-content\/uploads\/sites\/26\/2026\/04\/img_1261.jpg-1-9d754d.jpeg","width":800,"height":500},{"@type":"BreadcrumbList","@id":"https:\/\/noti-america.com\/site\/principal\/2026\/04\/28\/taylor-swift-solicita-registro-de-su-voz-e-imagen-como-marca-ante-la-amenaza-de-la-ia\/#breadcrumb","itemListElement":[{"@type":"ListItem","position":1,"name":"Portada","item":"https:\/\/noti-america.com\/site\/principal\/"},{"@type":"ListItem","position":2,"name":"Taylor Swift solicita registro de su voz e imagen como marca, ante la amenaza de la IA"}]},{"@type":"WebSite","@id":"https:\/\/noti-america.com\/site\/principal\/#website","url":"https:\/\/noti-america.com\/site\/principal\/","name":"Noti-America.com","description":"El Noticiero Digital M\u00e1s Grande de Am\u00e9rica","potentialAction":[{"@type":"SearchAction","target":{"@type":"EntryPoint","urlTemplate":"https:\/\/noti-america.com\/site\/principal\/?s={search_term_string}"},"query-input":{"@type":"PropertyValueSpecification","valueRequired":true,"valueName":"search_term_string"}}],"inLanguage":"es"},{"@type":"Person","@id":"https:\/\/noti-america.com\/site\/principal\/#\/schema\/person\/22806efcc2cfc4b45efb0e17be210ea8","name":"Maria Valentina Noguera Medina","image":{"@type":"ImageObject","inLanguage":"es","@id":"https:\/\/secure.gravatar.com\/avatar\/4ec5eb9d099f2608a49c9df6f7341f66f04f819cdffa09d56a7a0e91d2819d56?s=96&d=mm&r=g","url":"https:\/\/secure.gravatar.com\/avatar\/4ec5eb9d099f2608a49c9df6f7341f66f04f819cdffa09d56a7a0e91d2819d56?s=96&d=mm&r=g","contentUrl":"https:\/\/secure.gravatar.com\/avatar\/4ec5eb9d099f2608a49c9df6f7341f66f04f819cdffa09d56a7a0e91d2819d56?s=96&d=mm&r=g","caption":"Maria Valentina Noguera Medina"},"description":"Periodista - noti-america - Promar Community Manager - Talento Plus Dise\u00f1adora\/ creadora de contenido...","sameAs":["Mar\u00eda Valentina Noguera","https:\/\/www.facebook.com\/mariavalentina.noguera","https:\/\/www.linkedin.com\/in\/mara-valentina-noguera-medina-373075165\/","https:\/\/www.pinterest.es\/valentinanoguera95\/","https:\/\/www.youtube.com\/channel\/UCdek6mbUZ-Tqqw0I63i4nmQ"],"url":"https:\/\/noti-america.com\/site\/principal\/author\/mnoguera\/"}]}},"_links":{"self":[{"href":"https:\/\/noti-america.com\/site\/principal\/wp-json\/wp\/v2\/posts\/87457","targetHints":{"allow":["GET"]}}],"collection":[{"href":"https:\/\/noti-america.com\/site\/principal\/wp-json\/wp\/v2\/posts"}],"about":[{"href":"https:\/\/noti-america.com\/site\/principal\/wp-json\/wp\/v2\/types\/post"}],"author":[{"embeddable":true,"href":"https:\/\/noti-america.com\/site\/principal\/wp-json\/wp\/v2\/users\/133"}],"replies":[{"embeddable":true,"href":"https:\/\/noti-america.com\/site\/principal\/wp-json\/wp\/v2\/comments?post=87457"}],"version-history":[{"count":1,"href":"https:\/\/noti-america.com\/site\/principal\/wp-json\/wp\/v2\/posts\/87457\/revisions"}],"predecessor-version":[{"id":87502,"href":"https:\/\/noti-america.com\/site\/principal\/wp-json\/wp\/v2\/posts\/87457\/revisions\/87502"}],"wp:featuredmedia":[{"embeddable":true,"href":"https:\/\/noti-america.com\/site\/principal\/wp-json\/wp\/v2\/media\/87458"}],"wp:attachment":[{"href":"https:\/\/noti-america.com\/site\/principal\/wp-json\/wp\/v2\/media?parent=87457"}],"wp:term":[{"taxonomy":"category","embeddable":true,"href":"https:\/\/noti-america.com\/site\/principal\/wp-json\/wp\/v2\/categories?post=87457"},{"taxonomy":"post_tag","embeddable":true,"href":"https:\/\/noti-america.com\/site\/principal\/wp-json\/wp\/v2\/tags?post=87457"}],"curies":[{"name":"wp","href":"https:\/\/api.w.org\/{rel}","templated":true}]}}