{"id":87428,"date":"2026-04-27T14:38:48","date_gmt":"2026-04-27T18:38:48","guid":{"rendered":"https:\/\/noti-america.com\/site\/principal\/?p=87428"},"modified":"2026-04-27T14:38:48","modified_gmt":"2026-04-27T18:38:48","slug":"met-gala-de-los-bezos-promete-una-noche-de-arte-moda-y-polemica-en-nueva-york","status":"publish","type":"post","link":"https:\/\/noti-america.com\/site\/principal\/2026\/04\/27\/met-gala-de-los-bezos-promete-una-noche-de-arte-moda-y-polemica-en-nueva-york\/","title":{"rendered":"\u2018Met Gala de los Bezos\u2019 promete una noche de arte, moda y pol\u00e9mica en Nueva York"},"content":{"rendered":"<p data-path-to-node=\"3\">NOTI-AMERICA.COM | VENEZUELA<\/p>\n<p style=\"text-align: justify\" data-path-to-node=\"3\">La\u00a0<strong data-path-to-node=\"3\" data-index-in-node=\"3\">Met Gala 2026<\/strong>, el evento de moda m\u00e1s exclusivo del mundo que se celebrar\u00e1 este 4 de mayo, se encuentra en el centro de la pol\u00e9mica. En esta edici\u00f3n, el patrocinio ha pasado de las grandes marcas de lujo a las manos de\u00a0<strong data-path-to-node=\"3\" data-index-in-node=\"221\">Jeff Bezos<\/strong>, fundador de Amazon, y su esposa\u00a0<strong data-path-to-node=\"3\" data-index-in-node=\"265\">Lauren S\u00e1nchez<\/strong>, una decisi\u00f3n que ha desatado una ola de protestas en las calles de Nueva York.<\/p>\n<h3 style=\"text-align: justify\" data-path-to-node=\"4\"><strong data-path-to-node=\"4\" data-index-in-node=\"0\">Los motivos del boicot<\/strong><\/h3>\n<p style=\"text-align: justify\" data-path-to-node=\"5\">Diversos grupos activistas han empapelado la \u00abGran Manzana\u00bb con carteles que llaman a boicotear el evento. Las cr\u00edticas se centran en dos ejes principales:<\/p>\n<ul style=\"text-align: justify\" data-path-to-node=\"6\">\n<li>\n<p data-path-to-node=\"6,0,0\"><strong data-path-to-node=\"6,0,0\" data-index-in-node=\"0\">V\u00ednculos con el ICE:<\/strong>\u00a0Acusan a Amazon de financiar y prestar soporte tecnol\u00f3gico al Servicio de Inmigraci\u00f3n de Estados Unidos.<\/p>\n<\/li>\n<li>\n<p data-path-to-node=\"6,1,0\"><strong data-path-to-node=\"6,1,0\" data-index-in-node=\"0\">Explotaci\u00f3n laboral:<\/strong>\u00a0Los carteles aluden a las denuncias sobre las condiciones de trabajo en los centros log\u00edsticos de Amazon.<\/p>\n<\/li>\n<\/ul>\n<h3 style=\"text-align: justify\" data-path-to-node=\"7\"><strong data-path-to-node=\"7\" data-index-in-node=\"0\">Un patrocinio inusual<\/strong><\/h3>\n<p style=\"text-align: justify\" data-path-to-node=\"8\">Aunque el evento siempre ha contado con el respaldo de firmas como Apple o TikTok, es la primera vez que un empresario lo hace a t\u00edtulo personal. Para los cr\u00edticos, esta contribuci\u00f3n es una estrategia de relaciones p\u00fablicas que permite a Bezos \u00ablimpiar su imagen\u00bb y codearse con estrellas como\u00a0<strong data-path-to-node=\"8\" data-index-in-node=\"294\">Beyonc\u00e9 y Zendaya<\/strong>\u00a0a cambio de una fracci\u00f3n m\u00ednima de su fortuna de 200.000 millones de d\u00f3lares.<\/p>\n<p>A pesar de las protestas, la gala dirigida por\u00a0<strong data-path-to-node=\"10\" data-index-in-node=\"47\">Anna Wintour<\/strong>\u00a0bajo el tema\u00a0<em data-path-to-node=\"10\" data-index-in-node=\"73\">\u00abLa moda es arte\u00bb<\/em>, sigue en marcha. Con entradas que alcanzan los\u00a0<strong data-path-to-node=\"10\" data-index-in-node=\"139\">75.000 d\u00f3lares<\/strong>, se espera la asistencia de figuras como Nicole Kidman, Bad Bunny y Shakira.<\/p>\n<p style=\"text-align: justify\" data-path-to-node=\"11\">Por su parte, el nuevo alcalde de Nueva York, el socialista\u00a0<strong data-path-to-node=\"11\" data-index-in-node=\"60\">Zohran Mamdani<\/strong>, ya anunci\u00f3 que rechaz\u00f3 la invitaci\u00f3n al evento, manteniendo su postura de priorizar pol\u00edticas que hagan la ciudad m\u00e1s asequible en lugar de asistir a citas de la \u00e9lite financiera.<\/p>\n","protected":false},"excerpt":{"rendered":"<p>NOTI-AMERICA.COM | VENEZUELA La\u00a0Met Gala 2026, el evento de moda m\u00e1s exclusivo del mundo que se celebrar\u00e1 este 4 de mayo, se encuentra en el centro de la pol\u00e9mica. En esta edici\u00f3n, el patrocinio&#46;&#46;&#46;<\/p>\n","protected":false},"author":133,"featured_media":87429,"comment_status":"","ping_status":"open","sticky":false,"template":"","format":"image","meta":{"_acf_changed":false,"rop_custom_images_group":[],"rop_custom_messages_group":[],"rop_publish_now":"no","rop_publish_now_accounts":[],"rop_publish_now_history":[],"rop_publish_now_status":"pending","footnotes":""},"categories":[853],"tags":[],"class_list":["post-87428","post","type-post","status-publish","format-image","has-post-thumbnail","hentry","category-entretenimiento","post_format-post-format-image"],"acf":[],"yoast_head":"<!-- This site is optimized with the Yoast SEO Premium plugin v24.9 (Yoast SEO v27.2) - https:\/\/yoast.com\/product\/yoast-seo-premium-wordpress\/ -->\n<title>\u2018Met Gala de los Bezos\u2019 promete una noche de arte, moda y pol\u00e9mica en Nueva York - Noti-America.com<\/title>\n<meta name=\"robots\" content=\"index, follow, max-snippet:-1, max-image-preview:large, max-video-preview:-1\" \/>\n<link rel=\"canonical\" href=\"https:\/\/noti-america.com\/site\/principal\/2026\/04\/27\/met-gala-de-los-bezos-promete-una-noche-de-arte-moda-y-polemica-en-nueva-york\/\" \/>\n<meta property=\"og:locale\" content=\"es_ES\" \/>\n<meta property=\"og:type\" content=\"article\" \/>\n<meta property=\"og:title\" content=\"\u2018Met Gala de los Bezos\u2019 promete una noche de arte, moda y pol\u00e9mica en Nueva York\" \/>\n<meta property=\"og:description\" content=\"NOTI-AMERICA.COM | VENEZUELA La\u00a0Met Gala 2026, el evento de moda m\u00e1s exclusivo del mundo que se celebrar\u00e1 este 4 de mayo, se encuentra en el centro de la pol\u00e9mica. En esta edici\u00f3n, el patrocinio&#046;&#046;&#046;\" \/>\n<meta property=\"og:url\" content=\"https:\/\/noti-america.com\/site\/principal\/2026\/04\/27\/met-gala-de-los-bezos-promete-una-noche-de-arte-moda-y-polemica-en-nueva-york\/\" \/>\n<meta property=\"og:site_name\" content=\"Noti-America.com\" \/>\n<meta property=\"article:author\" content=\"Mar\u00eda Valentina Noguera\" \/>\n<meta property=\"article:published_time\" content=\"2026-04-27T18:38:48+00:00\" \/>\n<meta property=\"og:image\" content=\"https:\/\/noti-america.com\/site\/principal\/wp-content\/uploads\/sites\/26\/2026\/04\/whatsapp-image-2026-04-25-at-11.31.42-am-c1564e.jpeg\" \/>\n\t<meta property=\"og:image:width\" content=\"800\" \/>\n\t<meta property=\"og:image:height\" content=\"500\" \/>\n\t<meta property=\"og:image:type\" content=\"image\/jpeg\" \/>\n<meta name=\"author\" content=\"Maria Valentina Noguera Medina\" \/>\n<meta name=\"twitter:card\" content=\"summary_large_image\" \/>\n<meta name=\"twitter:label1\" content=\"Escrito por\" \/>\n\t<meta name=\"twitter:data1\" content=\"Maria Valentina Noguera Medina\" \/>\n\t<meta name=\"twitter:label2\" content=\"Tiempo estimado de lectura\" \/>\n\t<meta name=\"twitter:data2\" content=\"2 minutos\" \/>\n<script type=\"application\/ld+json\" class=\"yoast-schema-graph\">{\"@context\":\"https:\/\/schema.org\",\"@graph\":[{\"@type\":\"Article\",\"@id\":\"https:\/\/noti-america.com\/site\/principal\/2026\/04\/27\/met-gala-de-los-bezos-promete-una-noche-de-arte-moda-y-polemica-en-nueva-york\/#article\",\"isPartOf\":{\"@id\":\"https:\/\/noti-america.com\/site\/principal\/2026\/04\/27\/met-gala-de-los-bezos-promete-una-noche-de-arte-moda-y-polemica-en-nueva-york\/\"},\"author\":{\"name\":\"Maria Valentina Noguera Medina\",\"@id\":\"https:\/\/noti-america.com\/site\/principal\/#\/schema\/person\/22806efcc2cfc4b45efb0e17be210ea8\"},\"headline\":\"\u2018Met Gala de los Bezos\u2019 promete una noche de arte, moda y pol\u00e9mica en Nueva York\",\"datePublished\":\"2026-04-27T18:38:48+00:00\",\"mainEntityOfPage\":{\"@id\":\"https:\/\/noti-america.com\/site\/principal\/2026\/04\/27\/met-gala-de-los-bezos-promete-una-noche-de-arte-moda-y-polemica-en-nueva-york\/\"},\"wordCount\":328,\"image\":{\"@id\":\"https:\/\/noti-america.com\/site\/principal\/2026\/04\/27\/met-gala-de-los-bezos-promete-una-noche-de-arte-moda-y-polemica-en-nueva-york\/#primaryimage\"},\"thumbnailUrl\":\"https:\/\/noti-america.com\/site\/principal\/wp-content\/uploads\/sites\/26\/2026\/04\/whatsapp-image-2026-04-25-at-11.31.42-am-c1564e.jpeg\",\"articleSection\":[\"Entretenimiento\"],\"inLanguage\":\"es\"},{\"@type\":\"WebPage\",\"@id\":\"https:\/\/noti-america.com\/site\/principal\/2026\/04\/27\/met-gala-de-los-bezos-promete-una-noche-de-arte-moda-y-polemica-en-nueva-york\/\",\"url\":\"https:\/\/noti-america.com\/site\/principal\/2026\/04\/27\/met-gala-de-los-bezos-promete-una-noche-de-arte-moda-y-polemica-en-nueva-york\/\",\"name\":\"\u2018Met Gala de los Bezos\u2019 promete una noche de arte, moda y pol\u00e9mica en Nueva York - Noti-America.com\",\"isPartOf\":{\"@id\":\"https:\/\/noti-america.com\/site\/principal\/#website\"},\"primaryImageOfPage\":{\"@id\":\"https:\/\/noti-america.com\/site\/principal\/2026\/04\/27\/met-gala-de-los-bezos-promete-una-noche-de-arte-moda-y-polemica-en-nueva-york\/#primaryimage\"},\"image\":{\"@id\":\"https:\/\/noti-america.com\/site\/principal\/2026\/04\/27\/met-gala-de-los-bezos-promete-una-noche-de-arte-moda-y-polemica-en-nueva-york\/#primaryimage\"},\"thumbnailUrl\":\"https:\/\/noti-america.com\/site\/principal\/wp-content\/uploads\/sites\/26\/2026\/04\/whatsapp-image-2026-04-25-at-11.31.42-am-c1564e.jpeg\",\"datePublished\":\"2026-04-27T18:38:48+00:00\",\"author\":{\"@id\":\"https:\/\/noti-america.com\/site\/principal\/#\/schema\/person\/22806efcc2cfc4b45efb0e17be210ea8\"},\"breadcrumb\":{\"@id\":\"https:\/\/noti-america.com\/site\/principal\/2026\/04\/27\/met-gala-de-los-bezos-promete-una-noche-de-arte-moda-y-polemica-en-nueva-york\/#breadcrumb\"},\"inLanguage\":\"es\",\"potentialAction\":[{\"@type\":\"ReadAction\",\"target\":[\"https:\/\/noti-america.com\/site\/principal\/2026\/04\/27\/met-gala-de-los-bezos-promete-una-noche-de-arte-moda-y-polemica-en-nueva-york\/\"]}]},{\"@type\":\"ImageObject\",\"inLanguage\":\"es\",\"@id\":\"https:\/\/noti-america.com\/site\/principal\/2026\/04\/27\/met-gala-de-los-bezos-promete-una-noche-de-arte-moda-y-polemica-en-nueva-york\/#primaryimage\",\"url\":\"https:\/\/noti-america.com\/site\/principal\/wp-content\/uploads\/sites\/26\/2026\/04\/whatsapp-image-2026-04-25-at-11.31.42-am-c1564e.jpeg\",\"contentUrl\":\"https:\/\/noti-america.com\/site\/principal\/wp-content\/uploads\/sites\/26\/2026\/04\/whatsapp-image-2026-04-25-at-11.31.42-am-c1564e.jpeg\",\"width\":800,\"height\":500},{\"@type\":\"BreadcrumbList\",\"@id\":\"https:\/\/noti-america.com\/site\/principal\/2026\/04\/27\/met-gala-de-los-bezos-promete-una-noche-de-arte-moda-y-polemica-en-nueva-york\/#breadcrumb\",\"itemListElement\":[{\"@type\":\"ListItem\",\"position\":1,\"name\":\"Portada\",\"item\":\"https:\/\/noti-america.com\/site\/principal\/\"},{\"@type\":\"ListItem\",\"position\":2,\"name\":\"\u2018Met Gala de los Bezos\u2019 promete una noche de arte, moda y pol\u00e9mica en Nueva York\"}]},{\"@type\":\"WebSite\",\"@id\":\"https:\/\/noti-america.com\/site\/principal\/#website\",\"url\":\"https:\/\/noti-america.com\/site\/principal\/\",\"name\":\"Noti-America.com\",\"description\":\"El Noticiero Digital M\u00e1s Grande de Am\u00e9rica\",\"potentialAction\":[{\"@type\":\"SearchAction\",\"target\":{\"@type\":\"EntryPoint\",\"urlTemplate\":\"https:\/\/noti-america.com\/site\/principal\/?s={search_term_string}\"},\"query-input\":{\"@type\":\"PropertyValueSpecification\",\"valueRequired\":true,\"valueName\":\"search_term_string\"}}],\"inLanguage\":\"es\"},{\"@type\":\"Person\",\"@id\":\"https:\/\/noti-america.com\/site\/principal\/#\/schema\/person\/22806efcc2cfc4b45efb0e17be210ea8\",\"name\":\"Maria Valentina Noguera Medina\",\"image\":{\"@type\":\"ImageObject\",\"inLanguage\":\"es\",\"@id\":\"https:\/\/secure.gravatar.com\/avatar\/4ec5eb9d099f2608a49c9df6f7341f66f04f819cdffa09d56a7a0e91d2819d56?s=96&d=mm&r=g\",\"url\":\"https:\/\/secure.gravatar.com\/avatar\/4ec5eb9d099f2608a49c9df6f7341f66f04f819cdffa09d56a7a0e91d2819d56?s=96&d=mm&r=g\",\"contentUrl\":\"https:\/\/secure.gravatar.com\/avatar\/4ec5eb9d099f2608a49c9df6f7341f66f04f819cdffa09d56a7a0e91d2819d56?s=96&d=mm&r=g\",\"caption\":\"Maria Valentina Noguera Medina\"},\"description\":\"Periodista - noti-america - Promar Community Manager - Talento Plus Dise\u00f1adora\/ creadora de contenido...\",\"sameAs\":[\"Mar\u00eda Valentina Noguera\",\"https:\/\/www.facebook.com\/mariavalentina.noguera\",\"https:\/\/www.linkedin.com\/in\/mara-valentina-noguera-medina-373075165\/\",\"https:\/\/www.pinterest.es\/valentinanoguera95\/\",\"https:\/\/www.youtube.com\/channel\/UCdek6mbUZ-Tqqw0I63i4nmQ\"],\"url\":\"https:\/\/noti-america.com\/site\/principal\/author\/mnoguera\/\"}]}<\/script>\n<!-- \/ Yoast SEO Premium plugin. -->","yoast_head_json":{"title":"\u2018Met Gala de los Bezos\u2019 promete una noche de arte, moda y pol\u00e9mica en Nueva York - Noti-America.com","robots":{"index":"index","follow":"follow","max-snippet":"max-snippet:-1","max-image-preview":"max-image-preview:large","max-video-preview":"max-video-preview:-1"},"canonical":"https:\/\/noti-america.com\/site\/principal\/2026\/04\/27\/met-gala-de-los-bezos-promete-una-noche-de-arte-moda-y-polemica-en-nueva-york\/","og_locale":"es_ES","og_type":"article","og_title":"\u2018Met Gala de los Bezos\u2019 promete una noche de arte, moda y pol\u00e9mica en Nueva York","og_description":"NOTI-AMERICA.COM | VENEZUELA La\u00a0Met Gala 2026, el evento de moda m\u00e1s exclusivo del mundo que se celebrar\u00e1 este 4 de mayo, se encuentra en el centro de la pol\u00e9mica. En esta edici\u00f3n, el patrocinio&#46;&#46;&#46;","og_url":"https:\/\/noti-america.com\/site\/principal\/2026\/04\/27\/met-gala-de-los-bezos-promete-una-noche-de-arte-moda-y-polemica-en-nueva-york\/","og_site_name":"Noti-America.com","article_author":"Mar\u00eda Valentina Noguera","article_published_time":"2026-04-27T18:38:48+00:00","og_image":[{"width":800,"height":500,"url":"https:\/\/noti-america.com\/site\/principal\/wp-content\/uploads\/sites\/26\/2026\/04\/whatsapp-image-2026-04-25-at-11.31.42-am-c1564e.jpeg","type":"image\/jpeg"}],"author":"Maria Valentina Noguera Medina","twitter_card":"summary_large_image","twitter_misc":{"Escrito por":"Maria Valentina Noguera Medina","Tiempo estimado de lectura":"2 minutos"},"schema":{"@context":"https:\/\/schema.org","@graph":[{"@type":"Article","@id":"https:\/\/noti-america.com\/site\/principal\/2026\/04\/27\/met-gala-de-los-bezos-promete-una-noche-de-arte-moda-y-polemica-en-nueva-york\/#article","isPartOf":{"@id":"https:\/\/noti-america.com\/site\/principal\/2026\/04\/27\/met-gala-de-los-bezos-promete-una-noche-de-arte-moda-y-polemica-en-nueva-york\/"},"author":{"name":"Maria Valentina Noguera Medina","@id":"https:\/\/noti-america.com\/site\/principal\/#\/schema\/person\/22806efcc2cfc4b45efb0e17be210ea8"},"headline":"\u2018Met Gala de los Bezos\u2019 promete una noche de arte, moda y pol\u00e9mica en Nueva York","datePublished":"2026-04-27T18:38:48+00:00","mainEntityOfPage":{"@id":"https:\/\/noti-america.com\/site\/principal\/2026\/04\/27\/met-gala-de-los-bezos-promete-una-noche-de-arte-moda-y-polemica-en-nueva-york\/"},"wordCount":328,"image":{"@id":"https:\/\/noti-america.com\/site\/principal\/2026\/04\/27\/met-gala-de-los-bezos-promete-una-noche-de-arte-moda-y-polemica-en-nueva-york\/#primaryimage"},"thumbnailUrl":"https:\/\/noti-america.com\/site\/principal\/wp-content\/uploads\/sites\/26\/2026\/04\/whatsapp-image-2026-04-25-at-11.31.42-am-c1564e.jpeg","articleSection":["Entretenimiento"],"inLanguage":"es"},{"@type":"WebPage","@id":"https:\/\/noti-america.com\/site\/principal\/2026\/04\/27\/met-gala-de-los-bezos-promete-una-noche-de-arte-moda-y-polemica-en-nueva-york\/","url":"https:\/\/noti-america.com\/site\/principal\/2026\/04\/27\/met-gala-de-los-bezos-promete-una-noche-de-arte-moda-y-polemica-en-nueva-york\/","name":"\u2018Met Gala de los Bezos\u2019 promete una noche de arte, moda y pol\u00e9mica en Nueva York - Noti-America.com","isPartOf":{"@id":"https:\/\/noti-america.com\/site\/principal\/#website"},"primaryImageOfPage":{"@id":"https:\/\/noti-america.com\/site\/principal\/2026\/04\/27\/met-gala-de-los-bezos-promete-una-noche-de-arte-moda-y-polemica-en-nueva-york\/#primaryimage"},"image":{"@id":"https:\/\/noti-america.com\/site\/principal\/2026\/04\/27\/met-gala-de-los-bezos-promete-una-noche-de-arte-moda-y-polemica-en-nueva-york\/#primaryimage"},"thumbnailUrl":"https:\/\/noti-america.com\/site\/principal\/wp-content\/uploads\/sites\/26\/2026\/04\/whatsapp-image-2026-04-25-at-11.31.42-am-c1564e.jpeg","datePublished":"2026-04-27T18:38:48+00:00","author":{"@id":"https:\/\/noti-america.com\/site\/principal\/#\/schema\/person\/22806efcc2cfc4b45efb0e17be210ea8"},"breadcrumb":{"@id":"https:\/\/noti-america.com\/site\/principal\/2026\/04\/27\/met-gala-de-los-bezos-promete-una-noche-de-arte-moda-y-polemica-en-nueva-york\/#breadcrumb"},"inLanguage":"es","potentialAction":[{"@type":"ReadAction","target":["https:\/\/noti-america.com\/site\/principal\/2026\/04\/27\/met-gala-de-los-bezos-promete-una-noche-de-arte-moda-y-polemica-en-nueva-york\/"]}]},{"@type":"ImageObject","inLanguage":"es","@id":"https:\/\/noti-america.com\/site\/principal\/2026\/04\/27\/met-gala-de-los-bezos-promete-una-noche-de-arte-moda-y-polemica-en-nueva-york\/#primaryimage","url":"https:\/\/noti-america.com\/site\/principal\/wp-content\/uploads\/sites\/26\/2026\/04\/whatsapp-image-2026-04-25-at-11.31.42-am-c1564e.jpeg","contentUrl":"https:\/\/noti-america.com\/site\/principal\/wp-content\/uploads\/sites\/26\/2026\/04\/whatsapp-image-2026-04-25-at-11.31.42-am-c1564e.jpeg","width":800,"height":500},{"@type":"BreadcrumbList","@id":"https:\/\/noti-america.com\/site\/principal\/2026\/04\/27\/met-gala-de-los-bezos-promete-una-noche-de-arte-moda-y-polemica-en-nueva-york\/#breadcrumb","itemListElement":[{"@type":"ListItem","position":1,"name":"Portada","item":"https:\/\/noti-america.com\/site\/principal\/"},{"@type":"ListItem","position":2,"name":"\u2018Met Gala de los Bezos\u2019 promete una noche de arte, moda y pol\u00e9mica en Nueva York"}]},{"@type":"WebSite","@id":"https:\/\/noti-america.com\/site\/principal\/#website","url":"https:\/\/noti-america.com\/site\/principal\/","name":"Noti-America.com","description":"El Noticiero Digital M\u00e1s Grande de Am\u00e9rica","potentialAction":[{"@type":"SearchAction","target":{"@type":"EntryPoint","urlTemplate":"https:\/\/noti-america.com\/site\/principal\/?s={search_term_string}"},"query-input":{"@type":"PropertyValueSpecification","valueRequired":true,"valueName":"search_term_string"}}],"inLanguage":"es"},{"@type":"Person","@id":"https:\/\/noti-america.com\/site\/principal\/#\/schema\/person\/22806efcc2cfc4b45efb0e17be210ea8","name":"Maria Valentina Noguera Medina","image":{"@type":"ImageObject","inLanguage":"es","@id":"https:\/\/secure.gravatar.com\/avatar\/4ec5eb9d099f2608a49c9df6f7341f66f04f819cdffa09d56a7a0e91d2819d56?s=96&d=mm&r=g","url":"https:\/\/secure.gravatar.com\/avatar\/4ec5eb9d099f2608a49c9df6f7341f66f04f819cdffa09d56a7a0e91d2819d56?s=96&d=mm&r=g","contentUrl":"https:\/\/secure.gravatar.com\/avatar\/4ec5eb9d099f2608a49c9df6f7341f66f04f819cdffa09d56a7a0e91d2819d56?s=96&d=mm&r=g","caption":"Maria Valentina Noguera Medina"},"description":"Periodista - noti-america - Promar Community Manager - Talento Plus Dise\u00f1adora\/ creadora de contenido...","sameAs":["Mar\u00eda Valentina Noguera","https:\/\/www.facebook.com\/mariavalentina.noguera","https:\/\/www.linkedin.com\/in\/mara-valentina-noguera-medina-373075165\/","https:\/\/www.pinterest.es\/valentinanoguera95\/","https:\/\/www.youtube.com\/channel\/UCdek6mbUZ-Tqqw0I63i4nmQ"],"url":"https:\/\/noti-america.com\/site\/principal\/author\/mnoguera\/"}]}},"_links":{"self":[{"href":"https:\/\/noti-america.com\/site\/principal\/wp-json\/wp\/v2\/posts\/87428","targetHints":{"allow":["GET"]}}],"collection":[{"href":"https:\/\/noti-america.com\/site\/principal\/wp-json\/wp\/v2\/posts"}],"about":[{"href":"https:\/\/noti-america.com\/site\/principal\/wp-json\/wp\/v2\/types\/post"}],"author":[{"embeddable":true,"href":"https:\/\/noti-america.com\/site\/principal\/wp-json\/wp\/v2\/users\/133"}],"replies":[{"embeddable":true,"href":"https:\/\/noti-america.com\/site\/principal\/wp-json\/wp\/v2\/comments?post=87428"}],"version-history":[{"count":1,"href":"https:\/\/noti-america.com\/site\/principal\/wp-json\/wp\/v2\/posts\/87428\/revisions"}],"predecessor-version":[{"id":87447,"href":"https:\/\/noti-america.com\/site\/principal\/wp-json\/wp\/v2\/posts\/87428\/revisions\/87447"}],"wp:featuredmedia":[{"embeddable":true,"href":"https:\/\/noti-america.com\/site\/principal\/wp-json\/wp\/v2\/media\/87429"}],"wp:attachment":[{"href":"https:\/\/noti-america.com\/site\/principal\/wp-json\/wp\/v2\/media?parent=87428"}],"wp:term":[{"taxonomy":"category","embeddable":true,"href":"https:\/\/noti-america.com\/site\/principal\/wp-json\/wp\/v2\/categories?post=87428"},{"taxonomy":"post_tag","embeddable":true,"href":"https:\/\/noti-america.com\/site\/principal\/wp-json\/wp\/v2\/tags?post=87428"}],"curies":[{"name":"wp","href":"https:\/\/api.w.org\/{rel}","templated":true}]}}