{"id":87422,"date":"2026-04-27T13:21:28","date_gmt":"2026-04-27T17:21:28","guid":{"rendered":"https:\/\/noti-america.com\/site\/principal\/?p=87422"},"modified":"2026-04-27T13:21:28","modified_gmt":"2026-04-27T17:21:28","slug":"reduccion-de-vuelos-en-berlin-evidencia-tensiones-en-el-sector-aereo","status":"publish","type":"post","link":"https:\/\/noti-america.com\/site\/principal\/2026\/04\/27\/reduccion-de-vuelos-en-berlin-evidencia-tensiones-en-el-sector-aereo\/","title":{"rendered":"Reducci\u00f3n de vuelos en Berl\u00edn evidencia tensiones en el sector a\u00e9reo"},"content":{"rendered":"<p align=\"justify\">ALEMANIA | NOTI-AMERICA.COM<\/p>\n<p align=\"justify\">Una aerol\u00ednea de bajo coste ha anunciado una importante reducci\u00f3n de sus operaciones en Berl\u00edn, incluyendo el cierre de una de sus bases. La decisi\u00f3n ha generado debate sobre la competitividad del sector a\u00e9reo en Alemania.<\/p>\n<p align=\"justify\">El principal punto de conflicto radica en los costes operativos. Alemania aplica impuestos relativamente altos al transporte a\u00e9reo, adem\u00e1s de tasas aeroportuarias que, seg\u00fan diversas compa\u00f1\u00edas del sector, superan las de otros pa\u00edses europeos.<\/p>\n<p align=\"justify\">El Aeropuerto de Berl\u00edn Brandeburgo, que ya hab\u00eda sido objeto de cr\u00edticas por retrasos y sobrecostes durante su construcci\u00f3n, vuelve a situarse en el centro del debate. Para las aerol\u00edneas de bajo coste, cuyo modelo depende de m\u00e1rgenes ajustados, este tipo de entorno resulta especialmente complejo.<\/p>\n<p align=\"justify\">M\u00e1s all\u00e1 del caso concreto, la situaci\u00f3n plantea una pregunta m\u00e1s amplia: si Alemania puede seguir siendo un mercado atractivo para el transporte a\u00e9reo econ\u00f3mico en un contexto de presi\u00f3n fiscal y regulatoria.<\/p>\n","protected":false},"excerpt":{"rendered":"<p>ALEMANIA | NOTI-AMERICA.COM Una aerol\u00ednea de bajo coste ha anunciado una importante reducci\u00f3n de sus operaciones en Berl\u00edn, incluyendo el cierre de una de sus bases. La decisi\u00f3n ha generado debate sobre la competitividad&#46;&#46;&#46;<\/p>\n","protected":false},"author":159,"featured_media":85851,"comment_status":"","ping_status":"open","sticky":false,"template":"","format":"image","meta":{"_acf_changed":false,"rop_custom_images_group":[],"rop_custom_messages_group":[],"rop_publish_now":"no","rop_publish_now_accounts":[],"rop_publish_now_history":[],"rop_publish_now_status":"pending","footnotes":""},"categories":[663],"tags":[],"class_list":["post-87422","post","type-post","status-publish","format-image","has-post-thumbnail","hentry","category-actualidad","post_format-post-format-image"],"acf":[],"yoast_head":"<!-- This site is optimized with the Yoast SEO Premium plugin v24.9 (Yoast SEO v27.2) - https:\/\/yoast.com\/product\/yoast-seo-premium-wordpress\/ -->\n<title>Reducci\u00f3n de vuelos en Berl\u00edn evidencia tensiones en el sector a\u00e9reo - Noti-America.com<\/title>\n<meta name=\"robots\" content=\"index, follow, max-snippet:-1, max-image-preview:large, max-video-preview:-1\" \/>\n<link rel=\"canonical\" href=\"https:\/\/noti-america.com\/site\/principal\/2026\/04\/27\/reduccion-de-vuelos-en-berlin-evidencia-tensiones-en-el-sector-aereo\/\" \/>\n<meta property=\"og:locale\" content=\"es_ES\" \/>\n<meta property=\"og:type\" content=\"article\" \/>\n<meta property=\"og:title\" content=\"Reducci\u00f3n de vuelos en Berl\u00edn evidencia tensiones en el sector a\u00e9reo\" \/>\n<meta property=\"og:description\" content=\"ALEMANIA | NOTI-AMERICA.COM Una aerol\u00ednea de bajo coste ha anunciado una importante reducci\u00f3n de sus operaciones en Berl\u00edn, incluyendo el cierre de una de sus bases. La decisi\u00f3n ha generado debate sobre la competitividad&#046;&#046;&#046;\" \/>\n<meta property=\"og:url\" content=\"https:\/\/noti-america.com\/site\/principal\/2026\/04\/27\/reduccion-de-vuelos-en-berlin-evidencia-tensiones-en-el-sector-aereo\/\" \/>\n<meta property=\"og:site_name\" content=\"Noti-America.com\" \/>\n<meta property=\"article:published_time\" content=\"2026-04-27T17:21:28+00:00\" \/>\n<meta property=\"og:image\" content=\"https:\/\/noti-america.com\/site\/principal\/wp-content\/uploads\/sites\/26\/2026\/04\/Reloj_Mundial_Berlin_Alemania_2016-04-22_DD_46-48_HDR.jpg\" \/>\n\t<meta property=\"og:image:width\" content=\"640\" \/>\n\t<meta property=\"og:image:height\" content=\"427\" \/>\n\t<meta property=\"og:image:type\" content=\"image\/jpeg\" \/>\n<meta name=\"author\" content=\"Edcris Machado\" \/>\n<meta name=\"twitter:card\" content=\"summary_large_image\" \/>\n<meta name=\"twitter:creator\" content=\"@edcrismachado\" \/>\n<meta name=\"twitter:label1\" content=\"Escrito por\" \/>\n\t<meta name=\"twitter:data1\" content=\"Edcris Machado\" \/>\n\t<meta name=\"twitter:label2\" content=\"Tiempo estimado de lectura\" \/>\n\t<meta name=\"twitter:data2\" content=\"1 minuto\" \/>\n<script type=\"application\/ld+json\" class=\"yoast-schema-graph\">{\"@context\":\"https:\/\/schema.org\",\"@graph\":[{\"@type\":\"Article\",\"@id\":\"https:\/\/noti-america.com\/site\/principal\/2026\/04\/27\/reduccion-de-vuelos-en-berlin-evidencia-tensiones-en-el-sector-aereo\/#article\",\"isPartOf\":{\"@id\":\"https:\/\/noti-america.com\/site\/principal\/2026\/04\/27\/reduccion-de-vuelos-en-berlin-evidencia-tensiones-en-el-sector-aereo\/\"},\"author\":{\"name\":\"Edcris Machado\",\"@id\":\"https:\/\/noti-america.com\/site\/principal\/#\/schema\/person\/2c8d119440090d2d2a880904475295bb\"},\"headline\":\"Reducci\u00f3n de vuelos en Berl\u00edn evidencia tensiones en el sector a\u00e9reo\",\"datePublished\":\"2026-04-27T17:21:28+00:00\",\"mainEntityOfPage\":{\"@id\":\"https:\/\/noti-america.com\/site\/principal\/2026\/04\/27\/reduccion-de-vuelos-en-berlin-evidencia-tensiones-en-el-sector-aereo\/\"},\"wordCount\":188,\"image\":{\"@id\":\"https:\/\/noti-america.com\/site\/principal\/2026\/04\/27\/reduccion-de-vuelos-en-berlin-evidencia-tensiones-en-el-sector-aereo\/#primaryimage\"},\"thumbnailUrl\":\"https:\/\/noti-america.com\/site\/principal\/wp-content\/uploads\/sites\/26\/2026\/04\/Reloj_Mundial_Berlin_Alemania_2016-04-22_DD_46-48_HDR.jpg\",\"articleSection\":[\"Actualidad\"],\"inLanguage\":\"es\"},{\"@type\":\"WebPage\",\"@id\":\"https:\/\/noti-america.com\/site\/principal\/2026\/04\/27\/reduccion-de-vuelos-en-berlin-evidencia-tensiones-en-el-sector-aereo\/\",\"url\":\"https:\/\/noti-america.com\/site\/principal\/2026\/04\/27\/reduccion-de-vuelos-en-berlin-evidencia-tensiones-en-el-sector-aereo\/\",\"name\":\"Reducci\u00f3n de vuelos en Berl\u00edn evidencia tensiones en el sector a\u00e9reo - Noti-America.com\",\"isPartOf\":{\"@id\":\"https:\/\/noti-america.com\/site\/principal\/#website\"},\"primaryImageOfPage\":{\"@id\":\"https:\/\/noti-america.com\/site\/principal\/2026\/04\/27\/reduccion-de-vuelos-en-berlin-evidencia-tensiones-en-el-sector-aereo\/#primaryimage\"},\"image\":{\"@id\":\"https:\/\/noti-america.com\/site\/principal\/2026\/04\/27\/reduccion-de-vuelos-en-berlin-evidencia-tensiones-en-el-sector-aereo\/#primaryimage\"},\"thumbnailUrl\":\"https:\/\/noti-america.com\/site\/principal\/wp-content\/uploads\/sites\/26\/2026\/04\/Reloj_Mundial_Berlin_Alemania_2016-04-22_DD_46-48_HDR.jpg\",\"datePublished\":\"2026-04-27T17:21:28+00:00\",\"author\":{\"@id\":\"https:\/\/noti-america.com\/site\/principal\/#\/schema\/person\/2c8d119440090d2d2a880904475295bb\"},\"breadcrumb\":{\"@id\":\"https:\/\/noti-america.com\/site\/principal\/2026\/04\/27\/reduccion-de-vuelos-en-berlin-evidencia-tensiones-en-el-sector-aereo\/#breadcrumb\"},\"inLanguage\":\"es\",\"potentialAction\":[{\"@type\":\"ReadAction\",\"target\":[\"https:\/\/noti-america.com\/site\/principal\/2026\/04\/27\/reduccion-de-vuelos-en-berlin-evidencia-tensiones-en-el-sector-aereo\/\"]}]},{\"@type\":\"ImageObject\",\"inLanguage\":\"es\",\"@id\":\"https:\/\/noti-america.com\/site\/principal\/2026\/04\/27\/reduccion-de-vuelos-en-berlin-evidencia-tensiones-en-el-sector-aereo\/#primaryimage\",\"url\":\"https:\/\/noti-america.com\/site\/principal\/wp-content\/uploads\/sites\/26\/2026\/04\/Reloj_Mundial_Berlin_Alemania_2016-04-22_DD_46-48_HDR.jpg\",\"contentUrl\":\"https:\/\/noti-america.com\/site\/principal\/wp-content\/uploads\/sites\/26\/2026\/04\/Reloj_Mundial_Berlin_Alemania_2016-04-22_DD_46-48_HDR.jpg\",\"width\":640,\"height\":427,\"caption\":\"Foto: Diego Delso - Reloj Mundial, Berl\u00edn, Alemania\"},{\"@type\":\"BreadcrumbList\",\"@id\":\"https:\/\/noti-america.com\/site\/principal\/2026\/04\/27\/reduccion-de-vuelos-en-berlin-evidencia-tensiones-en-el-sector-aereo\/#breadcrumb\",\"itemListElement\":[{\"@type\":\"ListItem\",\"position\":1,\"name\":\"Portada\",\"item\":\"https:\/\/noti-america.com\/site\/principal\/\"},{\"@type\":\"ListItem\",\"position\":2,\"name\":\"Reducci\u00f3n de vuelos en Berl\u00edn evidencia tensiones en el sector a\u00e9reo\"}]},{\"@type\":\"WebSite\",\"@id\":\"https:\/\/noti-america.com\/site\/principal\/#website\",\"url\":\"https:\/\/noti-america.com\/site\/principal\/\",\"name\":\"Noti-America.com\",\"description\":\"El Noticiero Digital M\u00e1s Grande de Am\u00e9rica\",\"potentialAction\":[{\"@type\":\"SearchAction\",\"target\":{\"@type\":\"EntryPoint\",\"urlTemplate\":\"https:\/\/noti-america.com\/site\/principal\/?s={search_term_string}\"},\"query-input\":{\"@type\":\"PropertyValueSpecification\",\"valueRequired\":true,\"valueName\":\"search_term_string\"}}],\"inLanguage\":\"es\"},{\"@type\":\"Person\",\"@id\":\"https:\/\/noti-america.com\/site\/principal\/#\/schema\/person\/2c8d119440090d2d2a880904475295bb\",\"name\":\"Edcris Machado\",\"image\":{\"@type\":\"ImageObject\",\"inLanguage\":\"es\",\"@id\":\"https:\/\/secure.gravatar.com\/avatar\/a38b45f8b815a71e5782bb09fdc2302cf360723d562841917495b747d85c4781?s=96&d=mm&r=g\",\"url\":\"https:\/\/secure.gravatar.com\/avatar\/a38b45f8b815a71e5782bb09fdc2302cf360723d562841917495b747d85c4781?s=96&d=mm&r=g\",\"contentUrl\":\"https:\/\/secure.gravatar.com\/avatar\/a38b45f8b815a71e5782bb09fdc2302cf360723d562841917495b747d85c4781?s=96&d=mm&r=g\",\"caption\":\"Edcris Machado\"},\"description\":\"Edcris Machado es ingeniera, docente, periodista y autora venezolana residenciada en Alemania. Su trabajo se centra en la comunicaci\u00f3n, la cultura y las experiencias interculturales, con una mirada que busca ir m\u00e1s all\u00e1 de las noticias.\",\"sameAs\":[\"https:\/\/www.edcrismachado.com\",\"https:\/\/www.instagram.com\/edcrismachado?utm_source=qr&igsh=amducjB1emh0ZDZ0\",\"https:\/\/x.com\/edcrismachado\"],\"jobTitle\":\"Directora Noti-America Alemania\",\"url\":\"https:\/\/noti-america.com\/site\/principal\/author\/emachado\/\"}]}<\/script>\n<!-- \/ Yoast SEO Premium plugin. -->","yoast_head_json":{"title":"Reducci\u00f3n de vuelos en Berl\u00edn evidencia tensiones en el sector a\u00e9reo - Noti-America.com","robots":{"index":"index","follow":"follow","max-snippet":"max-snippet:-1","max-image-preview":"max-image-preview:large","max-video-preview":"max-video-preview:-1"},"canonical":"https:\/\/noti-america.com\/site\/principal\/2026\/04\/27\/reduccion-de-vuelos-en-berlin-evidencia-tensiones-en-el-sector-aereo\/","og_locale":"es_ES","og_type":"article","og_title":"Reducci\u00f3n de vuelos en Berl\u00edn evidencia tensiones en el sector a\u00e9reo","og_description":"ALEMANIA | NOTI-AMERICA.COM Una aerol\u00ednea de bajo coste ha anunciado una importante reducci\u00f3n de sus operaciones en Berl\u00edn, incluyendo el cierre de una de sus bases. La decisi\u00f3n ha generado debate sobre la competitividad&#46;&#46;&#46;","og_url":"https:\/\/noti-america.com\/site\/principal\/2026\/04\/27\/reduccion-de-vuelos-en-berlin-evidencia-tensiones-en-el-sector-aereo\/","og_site_name":"Noti-America.com","article_published_time":"2026-04-27T17:21:28+00:00","og_image":[{"width":640,"height":427,"url":"https:\/\/noti-america.com\/site\/principal\/wp-content\/uploads\/sites\/26\/2026\/04\/Reloj_Mundial_Berlin_Alemania_2016-04-22_DD_46-48_HDR.jpg","type":"image\/jpeg"}],"author":"Edcris Machado","twitter_card":"summary_large_image","twitter_creator":"@edcrismachado","twitter_misc":{"Escrito por":"Edcris Machado","Tiempo estimado de lectura":"1 minuto"},"schema":{"@context":"https:\/\/schema.org","@graph":[{"@type":"Article","@id":"https:\/\/noti-america.com\/site\/principal\/2026\/04\/27\/reduccion-de-vuelos-en-berlin-evidencia-tensiones-en-el-sector-aereo\/#article","isPartOf":{"@id":"https:\/\/noti-america.com\/site\/principal\/2026\/04\/27\/reduccion-de-vuelos-en-berlin-evidencia-tensiones-en-el-sector-aereo\/"},"author":{"name":"Edcris Machado","@id":"https:\/\/noti-america.com\/site\/principal\/#\/schema\/person\/2c8d119440090d2d2a880904475295bb"},"headline":"Reducci\u00f3n de vuelos en Berl\u00edn evidencia tensiones en el sector a\u00e9reo","datePublished":"2026-04-27T17:21:28+00:00","mainEntityOfPage":{"@id":"https:\/\/noti-america.com\/site\/principal\/2026\/04\/27\/reduccion-de-vuelos-en-berlin-evidencia-tensiones-en-el-sector-aereo\/"},"wordCount":188,"image":{"@id":"https:\/\/noti-america.com\/site\/principal\/2026\/04\/27\/reduccion-de-vuelos-en-berlin-evidencia-tensiones-en-el-sector-aereo\/#primaryimage"},"thumbnailUrl":"https:\/\/noti-america.com\/site\/principal\/wp-content\/uploads\/sites\/26\/2026\/04\/Reloj_Mundial_Berlin_Alemania_2016-04-22_DD_46-48_HDR.jpg","articleSection":["Actualidad"],"inLanguage":"es"},{"@type":"WebPage","@id":"https:\/\/noti-america.com\/site\/principal\/2026\/04\/27\/reduccion-de-vuelos-en-berlin-evidencia-tensiones-en-el-sector-aereo\/","url":"https:\/\/noti-america.com\/site\/principal\/2026\/04\/27\/reduccion-de-vuelos-en-berlin-evidencia-tensiones-en-el-sector-aereo\/","name":"Reducci\u00f3n de vuelos en Berl\u00edn evidencia tensiones en el sector a\u00e9reo - Noti-America.com","isPartOf":{"@id":"https:\/\/noti-america.com\/site\/principal\/#website"},"primaryImageOfPage":{"@id":"https:\/\/noti-america.com\/site\/principal\/2026\/04\/27\/reduccion-de-vuelos-en-berlin-evidencia-tensiones-en-el-sector-aereo\/#primaryimage"},"image":{"@id":"https:\/\/noti-america.com\/site\/principal\/2026\/04\/27\/reduccion-de-vuelos-en-berlin-evidencia-tensiones-en-el-sector-aereo\/#primaryimage"},"thumbnailUrl":"https:\/\/noti-america.com\/site\/principal\/wp-content\/uploads\/sites\/26\/2026\/04\/Reloj_Mundial_Berlin_Alemania_2016-04-22_DD_46-48_HDR.jpg","datePublished":"2026-04-27T17:21:28+00:00","author":{"@id":"https:\/\/noti-america.com\/site\/principal\/#\/schema\/person\/2c8d119440090d2d2a880904475295bb"},"breadcrumb":{"@id":"https:\/\/noti-america.com\/site\/principal\/2026\/04\/27\/reduccion-de-vuelos-en-berlin-evidencia-tensiones-en-el-sector-aereo\/#breadcrumb"},"inLanguage":"es","potentialAction":[{"@type":"ReadAction","target":["https:\/\/noti-america.com\/site\/principal\/2026\/04\/27\/reduccion-de-vuelos-en-berlin-evidencia-tensiones-en-el-sector-aereo\/"]}]},{"@type":"ImageObject","inLanguage":"es","@id":"https:\/\/noti-america.com\/site\/principal\/2026\/04\/27\/reduccion-de-vuelos-en-berlin-evidencia-tensiones-en-el-sector-aereo\/#primaryimage","url":"https:\/\/noti-america.com\/site\/principal\/wp-content\/uploads\/sites\/26\/2026\/04\/Reloj_Mundial_Berlin_Alemania_2016-04-22_DD_46-48_HDR.jpg","contentUrl":"https:\/\/noti-america.com\/site\/principal\/wp-content\/uploads\/sites\/26\/2026\/04\/Reloj_Mundial_Berlin_Alemania_2016-04-22_DD_46-48_HDR.jpg","width":640,"height":427,"caption":"Foto: Diego Delso - Reloj Mundial, Berl\u00edn, Alemania"},{"@type":"BreadcrumbList","@id":"https:\/\/noti-america.com\/site\/principal\/2026\/04\/27\/reduccion-de-vuelos-en-berlin-evidencia-tensiones-en-el-sector-aereo\/#breadcrumb","itemListElement":[{"@type":"ListItem","position":1,"name":"Portada","item":"https:\/\/noti-america.com\/site\/principal\/"},{"@type":"ListItem","position":2,"name":"Reducci\u00f3n de vuelos en Berl\u00edn evidencia tensiones en el sector a\u00e9reo"}]},{"@type":"WebSite","@id":"https:\/\/noti-america.com\/site\/principal\/#website","url":"https:\/\/noti-america.com\/site\/principal\/","name":"Noti-America.com","description":"El Noticiero Digital M\u00e1s Grande de Am\u00e9rica","potentialAction":[{"@type":"SearchAction","target":{"@type":"EntryPoint","urlTemplate":"https:\/\/noti-america.com\/site\/principal\/?s={search_term_string}"},"query-input":{"@type":"PropertyValueSpecification","valueRequired":true,"valueName":"search_term_string"}}],"inLanguage":"es"},{"@type":"Person","@id":"https:\/\/noti-america.com\/site\/principal\/#\/schema\/person\/2c8d119440090d2d2a880904475295bb","name":"Edcris Machado","image":{"@type":"ImageObject","inLanguage":"es","@id":"https:\/\/secure.gravatar.com\/avatar\/a38b45f8b815a71e5782bb09fdc2302cf360723d562841917495b747d85c4781?s=96&d=mm&r=g","url":"https:\/\/secure.gravatar.com\/avatar\/a38b45f8b815a71e5782bb09fdc2302cf360723d562841917495b747d85c4781?s=96&d=mm&r=g","contentUrl":"https:\/\/secure.gravatar.com\/avatar\/a38b45f8b815a71e5782bb09fdc2302cf360723d562841917495b747d85c4781?s=96&d=mm&r=g","caption":"Edcris Machado"},"description":"Edcris Machado es ingeniera, docente, periodista y autora venezolana residenciada en Alemania. Su trabajo se centra en la comunicaci\u00f3n, la cultura y las experiencias interculturales, con una mirada que busca ir m\u00e1s all\u00e1 de las noticias.","sameAs":["https:\/\/www.edcrismachado.com","https:\/\/www.instagram.com\/edcrismachado?utm_source=qr&igsh=amducjB1emh0ZDZ0","https:\/\/x.com\/edcrismachado"],"jobTitle":"Directora Noti-America Alemania","url":"https:\/\/noti-america.com\/site\/principal\/author\/emachado\/"}]}},"_links":{"self":[{"href":"https:\/\/noti-america.com\/site\/principal\/wp-json\/wp\/v2\/posts\/87422","targetHints":{"allow":["GET"]}}],"collection":[{"href":"https:\/\/noti-america.com\/site\/principal\/wp-json\/wp\/v2\/posts"}],"about":[{"href":"https:\/\/noti-america.com\/site\/principal\/wp-json\/wp\/v2\/types\/post"}],"author":[{"embeddable":true,"href":"https:\/\/noti-america.com\/site\/principal\/wp-json\/wp\/v2\/users\/159"}],"replies":[{"embeddable":true,"href":"https:\/\/noti-america.com\/site\/principal\/wp-json\/wp\/v2\/comments?post=87422"}],"version-history":[{"count":1,"href":"https:\/\/noti-america.com\/site\/principal\/wp-json\/wp\/v2\/posts\/87422\/revisions"}],"predecessor-version":[{"id":87439,"href":"https:\/\/noti-america.com\/site\/principal\/wp-json\/wp\/v2\/posts\/87422\/revisions\/87439"}],"wp:featuredmedia":[{"embeddable":true,"href":"https:\/\/noti-america.com\/site\/principal\/wp-json\/wp\/v2\/media\/85851"}],"wp:attachment":[{"href":"https:\/\/noti-america.com\/site\/principal\/wp-json\/wp\/v2\/media?parent=87422"}],"wp:term":[{"taxonomy":"category","embeddable":true,"href":"https:\/\/noti-america.com\/site\/principal\/wp-json\/wp\/v2\/categories?post=87422"},{"taxonomy":"post_tag","embeddable":true,"href":"https:\/\/noti-america.com\/site\/principal\/wp-json\/wp\/v2\/tags?post=87422"}],"curies":[{"name":"wp","href":"https:\/\/api.w.org\/{rel}","templated":true}]}}