{"id":87405,"date":"2026-04-27T01:04:27","date_gmt":"2026-04-27T05:04:27","guid":{"rendered":"https:\/\/noti-america.com\/site\/principal\/?p=87405"},"modified":"2026-04-27T01:04:27","modified_gmt":"2026-04-27T05:04:27","slug":"policia-de-ecuador-detiene-a-7-sujetos-por-el-delito-de-extorsion","status":"publish","type":"post","link":"https:\/\/noti-america.com\/site\/principal\/2026\/04\/27\/policia-de-ecuador-detiene-a-7-sujetos-por-el-delito-de-extorsion\/","title":{"rendered":"Policia de Ecuador detiene a 7 sujetos por el delito de extorsi\u00f3n"},"content":{"rendered":"<p><em><strong>REDACCI\u00d3N NOTI-AM\u00c9RICA (ECUADOR)<\/strong><\/em><\/p>\n<div style=\"width: 1290px\" class=\"wp-caption alignnone\"><img loading=\"lazy\" decoding=\"async\" class=\"img-fluid wp-post-image lazy entered loaded\" src=\"https:\/\/noticias.policia.gob.ec\/wp-content\/uploads\/2026\/04\/HGxnFU_awAEz_k5.jpg\" alt=\"\" width=\"1280\" height=\"1280\" data-src=\"https:\/\/noticias.policia.gob.ec\/wp-content\/uploads\/2026\/04\/HGxnFU_awAEz_k5.jpg\" data-srcset=\"https:\/\/noticias.policia.gob.ec\/wp-content\/uploads\/2026\/04\/HGxnFU_awAEz_k5.jpg 1280w, https:\/\/noticias.policia.gob.ec\/wp-content\/uploads\/2026\/04\/HGxnFU_awAEz_k5-300x300.jpg 300w, https:\/\/noticias.policia.gob.ec\/wp-content\/uploads\/2026\/04\/HGxnFU_awAEz_k5-1024x1024.jpg 1024w, https:\/\/noticias.policia.gob.ec\/wp-content\/uploads\/2026\/04\/HGxnFU_awAEz_k5-150x150.jpg 150w, https:\/\/noticias.policia.gob.ec\/wp-content\/uploads\/2026\/04\/HGxnFU_awAEz_k5-768x768.jpg 768w\" data-sizes=\"(max-width: 1280px) 100vw, 1280px\" data-ll-status=\"loaded\" \/><p class=\"wp-caption-text\">7 presuntos extorsionadores que exig\u00edan altas sumas de dinero a sus v\u00edctimas fueron aprehendidos<\/p><\/div>\n<article class=\"page-content-single small single\">\n<p style=\"text-align: justify\">La Polic\u00eda Nacional del Ecuador, a trav\u00e9s de la la Unidad Nacional de Investigaci\u00f3n Antisecuestros y Extorsi\u00f3n (UNASE), ejecut\u00f3 varios operativos en la provincia del Guayas, entre el 24 y 25 de abril de 2026, logrando la aprehensi\u00f3n de siete sujetos presuntamente vinculadas al delito de extorsi\u00f3n, en el marco de las operaciones \u201cLibertad\u201d.<\/p>\n<p style=\"text-align: justify\">Las intervenciones policiales se desarrollaron en los sectores de Samborond\u00f3n, Florida, El Triunfo, y CPL Guayas, tras denuncias ciudadanas que alertaban sobre amenazas e intimidaciones, en las que los antisociales exig\u00edan altas sumas de dinero a cambio de no atentar contra la integridad de las v\u00edctimas y sus familias.<\/p>\n<p style=\"text-align: justify\">Las investigaciones permitieron determinar distintos modos de operaci\u00f3n. En uno de los casos, los implicados exig\u00edan hasta 60.000 d\u00f3lares, utilizando amenazas relacionadas con la difusi\u00f3n de informaci\u00f3n personal de la v\u00edctima. En otro hecho, los presuntos responsables solicitaban un pago inicial de 2.000 d\u00f3lares, adem\u00e1s de valores semanales, bajo amenazas de muerte. Mientras que, en un tercer caso, las exigencias ascend\u00edan a 10.000 d\u00f3lares, mediante mensajes intimidatorios enviados a trav\u00e9s de medios digitales.<\/p>\n<p style=\"text-align: justify\">Gracias a labores investigativas, an\u00e1lisis de informaci\u00f3n y protocolos de atenci\u00f3n a v\u00edctimas, los servidores policiales lograron identificar a los presuntos responsables y ejecutar intervenciones oportunas que permitieron su captura.<\/p>\n<p style=\"text-align: justify\">Aprehendidos:<\/p>\n<ul style=\"text-align: justify\">\n<li>Jorge A.<\/li>\n<li>Alexandr M.<\/li>\n<li>Francisco M., registra antecedentes por tr\u00e1fico il\u00edcito de sustancias sujetas a fiscalizaci\u00f3n y asesinato.<\/li>\n<li>Jostyn M.<\/li>\n<li>S.O.V., adolescente.<\/li>\n<li>Jessica B.<\/li>\n<li>Joselin M.<\/li>\n<\/ul>\n<p style=\"text-align: justify\">Como resultado de los operativos se encontraron los siguientes indicios:<\/p>\n<ul style=\"text-align: justify\">\n<li>09 terminales m\u00f3viles<\/li>\n<li>02 comprobantes de pago<\/li>\n<li>Dinero en efectivo<\/li>\n<\/ul>\n<p style=\"text-align: justify\">Los aprehendidos fueron puestos a \u00f3rdenes de la autoridad competente, con el fin de continuar con el proceso legal correspondiente y determinar su grado de participaci\u00f3n en estos hechos delictivos.<\/p>\n<p style=\"text-align: justify\">La Polic\u00eda Nacional del Ecuador ratifica su compromiso de combatir de manera frontal el delito de extorsi\u00f3n, mediante acciones operativas orientadas a debilitar, desorganizar y desarticular estructuras criminales que afectan la seguridad ciudadana.<\/p>\n<\/article>\n","protected":false},"excerpt":{"rendered":"<p>REDACCI\u00d3N NOTI-AM\u00c9RICA (ECUADOR) La Polic\u00eda Nacional del Ecuador, a trav\u00e9s de la la Unidad Nacional de Investigaci\u00f3n Antisecuestros y Extorsi\u00f3n (UNASE), ejecut\u00f3 varios operativos en la provincia del Guayas, entre el 24 y 25&#46;&#46;&#46;<\/p>\n","protected":false},"author":17,"featured_media":87406,"comment_status":"","ping_status":"open","sticky":false,"template":"","format":"standard","meta":{"_acf_changed":false,"rop_custom_images_group":[],"rop_custom_messages_group":[],"rop_publish_now":"no","rop_publish_now_accounts":[],"rop_publish_now_history":[],"rop_publish_now_status":"pending","footnotes":""},"categories":[930],"tags":[],"class_list":["post-87405","post","type-post","status-publish","format-standard","has-post-thumbnail","hentry","category-seguridad"],"acf":[],"yoast_head":"<!-- This site is optimized with the Yoast SEO Premium plugin v24.9 (Yoast SEO v27.2) - https:\/\/yoast.com\/product\/yoast-seo-premium-wordpress\/ -->\n<title>Policia de Ecuador detiene a 7 sujetos por el delito de extorsi\u00f3n - Noti-America.com<\/title>\n<meta name=\"robots\" content=\"index, follow, max-snippet:-1, max-image-preview:large, max-video-preview:-1\" \/>\n<link rel=\"canonical\" href=\"https:\/\/noti-america.com\/site\/principal\/2026\/04\/27\/policia-de-ecuador-detiene-a-7-sujetos-por-el-delito-de-extorsion\/\" \/>\n<meta property=\"og:locale\" content=\"es_ES\" \/>\n<meta property=\"og:type\" content=\"article\" \/>\n<meta property=\"og:title\" content=\"Policia de Ecuador detiene a 7 sujetos por el delito de extorsi\u00f3n\" \/>\n<meta property=\"og:description\" content=\"REDACCI\u00d3N NOTI-AM\u00c9RICA (ECUADOR) La Polic\u00eda Nacional del Ecuador, a trav\u00e9s de la la Unidad Nacional de Investigaci\u00f3n Antisecuestros y Extorsi\u00f3n (UNASE), ejecut\u00f3 varios operativos en la provincia del Guayas, entre el 24 y 25&#046;&#046;&#046;\" \/>\n<meta property=\"og:url\" content=\"https:\/\/noti-america.com\/site\/principal\/2026\/04\/27\/policia-de-ecuador-detiene-a-7-sujetos-por-el-delito-de-extorsion\/\" \/>\n<meta property=\"og:site_name\" content=\"Noti-America.com\" \/>\n<meta property=\"article:published_time\" content=\"2026-04-27T05:04:27+00:00\" \/>\n<meta property=\"og:image\" content=\"https:\/\/noti-america.com\/site\/principal\/wp-content\/uploads\/sites\/26\/2026\/04\/Detenidos-por-extorsion.jpg\" \/>\n\t<meta property=\"og:image:width\" content=\"1280\" \/>\n\t<meta property=\"og:image:height\" content=\"1280\" \/>\n\t<meta property=\"og:image:type\" content=\"image\/jpeg\" \/>\n<meta name=\"author\" content=\"Gregory Quintana Montiel\" \/>\n<meta name=\"twitter:card\" content=\"summary_large_image\" \/>\n<meta name=\"twitter:creator\" content=\"@gdgregori1\" \/>\n<meta name=\"twitter:label1\" content=\"Escrito por\" \/>\n\t<meta name=\"twitter:data1\" content=\"Gregory Quintana Montiel\" \/>\n\t<meta name=\"twitter:label2\" content=\"Tiempo estimado de lectura\" \/>\n\t<meta name=\"twitter:data2\" content=\"2 minutos\" \/>\n<script type=\"application\/ld+json\" class=\"yoast-schema-graph\">{\"@context\":\"https:\/\/schema.org\",\"@graph\":[{\"@type\":\"Article\",\"@id\":\"https:\/\/noti-america.com\/site\/principal\/2026\/04\/27\/policia-de-ecuador-detiene-a-7-sujetos-por-el-delito-de-extorsion\/#article\",\"isPartOf\":{\"@id\":\"https:\/\/noti-america.com\/site\/principal\/2026\/04\/27\/policia-de-ecuador-detiene-a-7-sujetos-por-el-delito-de-extorsion\/\"},\"author\":{\"name\":\"Gregory Quintana Montiel\",\"@id\":\"https:\/\/noti-america.com\/site\/principal\/#\/schema\/person\/3b975e42f15abfe64bfe3abdd916efda\"},\"headline\":\"Policia de Ecuador detiene a 7 sujetos por el delito de extorsi\u00f3n\",\"datePublished\":\"2026-04-27T05:04:27+00:00\",\"mainEntityOfPage\":{\"@id\":\"https:\/\/noti-america.com\/site\/principal\/2026\/04\/27\/policia-de-ecuador-detiene-a-7-sujetos-por-el-delito-de-extorsion\/\"},\"wordCount\":379,\"image\":{\"@id\":\"https:\/\/noti-america.com\/site\/principal\/2026\/04\/27\/policia-de-ecuador-detiene-a-7-sujetos-por-el-delito-de-extorsion\/#primaryimage\"},\"thumbnailUrl\":\"https:\/\/noti-america.com\/site\/principal\/wp-content\/uploads\/sites\/26\/2026\/04\/Detenidos-por-extorsion.jpg\",\"articleSection\":[\"Seguridad\"],\"inLanguage\":\"es\"},{\"@type\":\"WebPage\",\"@id\":\"https:\/\/noti-america.com\/site\/principal\/2026\/04\/27\/policia-de-ecuador-detiene-a-7-sujetos-por-el-delito-de-extorsion\/\",\"url\":\"https:\/\/noti-america.com\/site\/principal\/2026\/04\/27\/policia-de-ecuador-detiene-a-7-sujetos-por-el-delito-de-extorsion\/\",\"name\":\"Policia de Ecuador detiene a 7 sujetos por el delito de extorsi\u00f3n - Noti-America.com\",\"isPartOf\":{\"@id\":\"https:\/\/noti-america.com\/site\/principal\/#website\"},\"primaryImageOfPage\":{\"@id\":\"https:\/\/noti-america.com\/site\/principal\/2026\/04\/27\/policia-de-ecuador-detiene-a-7-sujetos-por-el-delito-de-extorsion\/#primaryimage\"},\"image\":{\"@id\":\"https:\/\/noti-america.com\/site\/principal\/2026\/04\/27\/policia-de-ecuador-detiene-a-7-sujetos-por-el-delito-de-extorsion\/#primaryimage\"},\"thumbnailUrl\":\"https:\/\/noti-america.com\/site\/principal\/wp-content\/uploads\/sites\/26\/2026\/04\/Detenidos-por-extorsion.jpg\",\"datePublished\":\"2026-04-27T05:04:27+00:00\",\"author\":{\"@id\":\"https:\/\/noti-america.com\/site\/principal\/#\/schema\/person\/3b975e42f15abfe64bfe3abdd916efda\"},\"breadcrumb\":{\"@id\":\"https:\/\/noti-america.com\/site\/principal\/2026\/04\/27\/policia-de-ecuador-detiene-a-7-sujetos-por-el-delito-de-extorsion\/#breadcrumb\"},\"inLanguage\":\"es\",\"potentialAction\":[{\"@type\":\"ReadAction\",\"target\":[\"https:\/\/noti-america.com\/site\/principal\/2026\/04\/27\/policia-de-ecuador-detiene-a-7-sujetos-por-el-delito-de-extorsion\/\"]}]},{\"@type\":\"ImageObject\",\"inLanguage\":\"es\",\"@id\":\"https:\/\/noti-america.com\/site\/principal\/2026\/04\/27\/policia-de-ecuador-detiene-a-7-sujetos-por-el-delito-de-extorsion\/#primaryimage\",\"url\":\"https:\/\/noti-america.com\/site\/principal\/wp-content\/uploads\/sites\/26\/2026\/04\/Detenidos-por-extorsion.jpg\",\"contentUrl\":\"https:\/\/noti-america.com\/site\/principal\/wp-content\/uploads\/sites\/26\/2026\/04\/Detenidos-por-extorsion.jpg\",\"width\":1280,\"height\":1280},{\"@type\":\"BreadcrumbList\",\"@id\":\"https:\/\/noti-america.com\/site\/principal\/2026\/04\/27\/policia-de-ecuador-detiene-a-7-sujetos-por-el-delito-de-extorsion\/#breadcrumb\",\"itemListElement\":[{\"@type\":\"ListItem\",\"position\":1,\"name\":\"Portada\",\"item\":\"https:\/\/noti-america.com\/site\/principal\/\"},{\"@type\":\"ListItem\",\"position\":2,\"name\":\"Policia de Ecuador detiene a 7 sujetos por el delito de extorsi\u00f3n\"}]},{\"@type\":\"WebSite\",\"@id\":\"https:\/\/noti-america.com\/site\/principal\/#website\",\"url\":\"https:\/\/noti-america.com\/site\/principal\/\",\"name\":\"Noti-America.com\",\"description\":\"El Noticiero Digital M\u00e1s Grande de Am\u00e9rica\",\"potentialAction\":[{\"@type\":\"SearchAction\",\"target\":{\"@type\":\"EntryPoint\",\"urlTemplate\":\"https:\/\/noti-america.com\/site\/principal\/?s={search_term_string}\"},\"query-input\":{\"@type\":\"PropertyValueSpecification\",\"valueRequired\":true,\"valueName\":\"search_term_string\"}}],\"inLanguage\":\"es\"},{\"@type\":\"Person\",\"@id\":\"https:\/\/noti-america.com\/site\/principal\/#\/schema\/person\/3b975e42f15abfe64bfe3abdd916efda\",\"name\":\"Gregory Quintana Montiel\",\"image\":{\"@type\":\"ImageObject\",\"inLanguage\":\"es\",\"@id\":\"https:\/\/secure.gravatar.com\/avatar\/2d6b802f7720c2ec7744dcbe608cc2f3417aeb964d58b443c6d612b77531de1d?s=96&d=mm&r=g\",\"url\":\"https:\/\/secure.gravatar.com\/avatar\/2d6b802f7720c2ec7744dcbe608cc2f3417aeb964d58b443c6d612b77531de1d?s=96&d=mm&r=g\",\"contentUrl\":\"https:\/\/secure.gravatar.com\/avatar\/2d6b802f7720c2ec7744dcbe608cc2f3417aeb964d58b443c6d612b77531de1d?s=96&d=mm&r=g\",\"caption\":\"Gregory Quintana Montiel\"},\"description\":\"Licenciatura en Ciencias de la Comunicaci\u00f3n Social, egresado en la Especializaci\u00f3n Derecho Ambiental Desarrollo Sostenible y Sustentable, Miembro de la Comunidad de profesionales y experto para Latinoam\u00e9rica y el Caribe en Gesti\u00f3n por Resultado en el Desarrollo (COPLAC - GpRD) del Banco Interamericano de Desarrollo, experiencia en medios radiales y escritos.\",\"sameAs\":[\"https:\/\/x.com\/gdgregori1\",\"gquintana\"],\"url\":\"https:\/\/noti-america.com\/site\/principal\/author\/gquintana\/\"}]}<\/script>\n<!-- \/ Yoast SEO Premium plugin. -->","yoast_head_json":{"title":"Policia de Ecuador detiene a 7 sujetos por el delito de extorsi\u00f3n - Noti-America.com","robots":{"index":"index","follow":"follow","max-snippet":"max-snippet:-1","max-image-preview":"max-image-preview:large","max-video-preview":"max-video-preview:-1"},"canonical":"https:\/\/noti-america.com\/site\/principal\/2026\/04\/27\/policia-de-ecuador-detiene-a-7-sujetos-por-el-delito-de-extorsion\/","og_locale":"es_ES","og_type":"article","og_title":"Policia de Ecuador detiene a 7 sujetos por el delito de extorsi\u00f3n","og_description":"REDACCI\u00d3N NOTI-AM\u00c9RICA (ECUADOR) La Polic\u00eda Nacional del Ecuador, a trav\u00e9s de la la Unidad Nacional de Investigaci\u00f3n Antisecuestros y Extorsi\u00f3n (UNASE), ejecut\u00f3 varios operativos en la provincia del Guayas, entre el 24 y 25&#46;&#46;&#46;","og_url":"https:\/\/noti-america.com\/site\/principal\/2026\/04\/27\/policia-de-ecuador-detiene-a-7-sujetos-por-el-delito-de-extorsion\/","og_site_name":"Noti-America.com","article_published_time":"2026-04-27T05:04:27+00:00","og_image":[{"width":1280,"height":1280,"url":"https:\/\/noti-america.com\/site\/principal\/wp-content\/uploads\/sites\/26\/2026\/04\/Detenidos-por-extorsion.jpg","type":"image\/jpeg"}],"author":"Gregory Quintana Montiel","twitter_card":"summary_large_image","twitter_creator":"@gdgregori1","twitter_misc":{"Escrito por":"Gregory Quintana Montiel","Tiempo estimado de lectura":"2 minutos"},"schema":{"@context":"https:\/\/schema.org","@graph":[{"@type":"Article","@id":"https:\/\/noti-america.com\/site\/principal\/2026\/04\/27\/policia-de-ecuador-detiene-a-7-sujetos-por-el-delito-de-extorsion\/#article","isPartOf":{"@id":"https:\/\/noti-america.com\/site\/principal\/2026\/04\/27\/policia-de-ecuador-detiene-a-7-sujetos-por-el-delito-de-extorsion\/"},"author":{"name":"Gregory Quintana Montiel","@id":"https:\/\/noti-america.com\/site\/principal\/#\/schema\/person\/3b975e42f15abfe64bfe3abdd916efda"},"headline":"Policia de Ecuador detiene a 7 sujetos por el delito de extorsi\u00f3n","datePublished":"2026-04-27T05:04:27+00:00","mainEntityOfPage":{"@id":"https:\/\/noti-america.com\/site\/principal\/2026\/04\/27\/policia-de-ecuador-detiene-a-7-sujetos-por-el-delito-de-extorsion\/"},"wordCount":379,"image":{"@id":"https:\/\/noti-america.com\/site\/principal\/2026\/04\/27\/policia-de-ecuador-detiene-a-7-sujetos-por-el-delito-de-extorsion\/#primaryimage"},"thumbnailUrl":"https:\/\/noti-america.com\/site\/principal\/wp-content\/uploads\/sites\/26\/2026\/04\/Detenidos-por-extorsion.jpg","articleSection":["Seguridad"],"inLanguage":"es"},{"@type":"WebPage","@id":"https:\/\/noti-america.com\/site\/principal\/2026\/04\/27\/policia-de-ecuador-detiene-a-7-sujetos-por-el-delito-de-extorsion\/","url":"https:\/\/noti-america.com\/site\/principal\/2026\/04\/27\/policia-de-ecuador-detiene-a-7-sujetos-por-el-delito-de-extorsion\/","name":"Policia de Ecuador detiene a 7 sujetos por el delito de extorsi\u00f3n - Noti-America.com","isPartOf":{"@id":"https:\/\/noti-america.com\/site\/principal\/#website"},"primaryImageOfPage":{"@id":"https:\/\/noti-america.com\/site\/principal\/2026\/04\/27\/policia-de-ecuador-detiene-a-7-sujetos-por-el-delito-de-extorsion\/#primaryimage"},"image":{"@id":"https:\/\/noti-america.com\/site\/principal\/2026\/04\/27\/policia-de-ecuador-detiene-a-7-sujetos-por-el-delito-de-extorsion\/#primaryimage"},"thumbnailUrl":"https:\/\/noti-america.com\/site\/principal\/wp-content\/uploads\/sites\/26\/2026\/04\/Detenidos-por-extorsion.jpg","datePublished":"2026-04-27T05:04:27+00:00","author":{"@id":"https:\/\/noti-america.com\/site\/principal\/#\/schema\/person\/3b975e42f15abfe64bfe3abdd916efda"},"breadcrumb":{"@id":"https:\/\/noti-america.com\/site\/principal\/2026\/04\/27\/policia-de-ecuador-detiene-a-7-sujetos-por-el-delito-de-extorsion\/#breadcrumb"},"inLanguage":"es","potentialAction":[{"@type":"ReadAction","target":["https:\/\/noti-america.com\/site\/principal\/2026\/04\/27\/policia-de-ecuador-detiene-a-7-sujetos-por-el-delito-de-extorsion\/"]}]},{"@type":"ImageObject","inLanguage":"es","@id":"https:\/\/noti-america.com\/site\/principal\/2026\/04\/27\/policia-de-ecuador-detiene-a-7-sujetos-por-el-delito-de-extorsion\/#primaryimage","url":"https:\/\/noti-america.com\/site\/principal\/wp-content\/uploads\/sites\/26\/2026\/04\/Detenidos-por-extorsion.jpg","contentUrl":"https:\/\/noti-america.com\/site\/principal\/wp-content\/uploads\/sites\/26\/2026\/04\/Detenidos-por-extorsion.jpg","width":1280,"height":1280},{"@type":"BreadcrumbList","@id":"https:\/\/noti-america.com\/site\/principal\/2026\/04\/27\/policia-de-ecuador-detiene-a-7-sujetos-por-el-delito-de-extorsion\/#breadcrumb","itemListElement":[{"@type":"ListItem","position":1,"name":"Portada","item":"https:\/\/noti-america.com\/site\/principal\/"},{"@type":"ListItem","position":2,"name":"Policia de Ecuador detiene a 7 sujetos por el delito de extorsi\u00f3n"}]},{"@type":"WebSite","@id":"https:\/\/noti-america.com\/site\/principal\/#website","url":"https:\/\/noti-america.com\/site\/principal\/","name":"Noti-America.com","description":"El Noticiero Digital M\u00e1s Grande de Am\u00e9rica","potentialAction":[{"@type":"SearchAction","target":{"@type":"EntryPoint","urlTemplate":"https:\/\/noti-america.com\/site\/principal\/?s={search_term_string}"},"query-input":{"@type":"PropertyValueSpecification","valueRequired":true,"valueName":"search_term_string"}}],"inLanguage":"es"},{"@type":"Person","@id":"https:\/\/noti-america.com\/site\/principal\/#\/schema\/person\/3b975e42f15abfe64bfe3abdd916efda","name":"Gregory Quintana Montiel","image":{"@type":"ImageObject","inLanguage":"es","@id":"https:\/\/secure.gravatar.com\/avatar\/2d6b802f7720c2ec7744dcbe608cc2f3417aeb964d58b443c6d612b77531de1d?s=96&d=mm&r=g","url":"https:\/\/secure.gravatar.com\/avatar\/2d6b802f7720c2ec7744dcbe608cc2f3417aeb964d58b443c6d612b77531de1d?s=96&d=mm&r=g","contentUrl":"https:\/\/secure.gravatar.com\/avatar\/2d6b802f7720c2ec7744dcbe608cc2f3417aeb964d58b443c6d612b77531de1d?s=96&d=mm&r=g","caption":"Gregory Quintana Montiel"},"description":"Licenciatura en Ciencias de la Comunicaci\u00f3n Social, egresado en la Especializaci\u00f3n Derecho Ambiental Desarrollo Sostenible y Sustentable, Miembro de la Comunidad de profesionales y experto para Latinoam\u00e9rica y el Caribe en Gesti\u00f3n por Resultado en el Desarrollo (COPLAC - GpRD) del Banco Interamericano de Desarrollo, experiencia en medios radiales y escritos.","sameAs":["https:\/\/x.com\/gdgregori1","gquintana"],"url":"https:\/\/noti-america.com\/site\/principal\/author\/gquintana\/"}]}},"_links":{"self":[{"href":"https:\/\/noti-america.com\/site\/principal\/wp-json\/wp\/v2\/posts\/87405","targetHints":{"allow":["GET"]}}],"collection":[{"href":"https:\/\/noti-america.com\/site\/principal\/wp-json\/wp\/v2\/posts"}],"about":[{"href":"https:\/\/noti-america.com\/site\/principal\/wp-json\/wp\/v2\/types\/post"}],"author":[{"embeddable":true,"href":"https:\/\/noti-america.com\/site\/principal\/wp-json\/wp\/v2\/users\/17"}],"replies":[{"embeddable":true,"href":"https:\/\/noti-america.com\/site\/principal\/wp-json\/wp\/v2\/comments?post=87405"}],"version-history":[{"count":1,"href":"https:\/\/noti-america.com\/site\/principal\/wp-json\/wp\/v2\/posts\/87405\/revisions"}],"predecessor-version":[{"id":87412,"href":"https:\/\/noti-america.com\/site\/principal\/wp-json\/wp\/v2\/posts\/87405\/revisions\/87412"}],"wp:featuredmedia":[{"embeddable":true,"href":"https:\/\/noti-america.com\/site\/principal\/wp-json\/wp\/v2\/media\/87406"}],"wp:attachment":[{"href":"https:\/\/noti-america.com\/site\/principal\/wp-json\/wp\/v2\/media?parent=87405"}],"wp:term":[{"taxonomy":"category","embeddable":true,"href":"https:\/\/noti-america.com\/site\/principal\/wp-json\/wp\/v2\/categories?post=87405"},{"taxonomy":"post_tag","embeddable":true,"href":"https:\/\/noti-america.com\/site\/principal\/wp-json\/wp\/v2\/tags?post=87405"}],"curies":[{"name":"wp","href":"https:\/\/api.w.org\/{rel}","templated":true}]}}