{"id":87400,"date":"2026-04-27T00:50:39","date_gmt":"2026-04-27T04:50:39","guid":{"rendered":"https:\/\/noti-america.com\/site\/principal\/?p=87400"},"modified":"2026-04-27T00:50:39","modified_gmt":"2026-04-27T04:50:39","slug":"riesgo-pais-de-ecuador-baja-a-409-puntos","status":"publish","type":"post","link":"https:\/\/noti-america.com\/site\/principal\/2026\/04\/27\/riesgo-pais-de-ecuador-baja-a-409-puntos\/","title":{"rendered":"Riesgo pa\u00eds de Ecuador, baja a 409 puntos"},"content":{"rendered":"<p><em><strong>REDACCI\u00d3N NOTI-AM\u00c9RICA (ECUADOR)<\/strong><\/em><\/p>\n<div class=\"row\">\n<section id=\"postcontent\" class=\"col-md-9 col-sm-6 line-right\">\n<div class=\"pull-left img-destacada\">\n<div style=\"width: 1360px\" class=\"wp-caption alignnone\"><img loading=\"lazy\" decoding=\"async\" class=\"img-responsive wp-post-image\" src=\"https:\/\/www.finanzas.gob.ec\/wp-content\/uploads\/2026\/04\/bole@2x.png\" alt=\"\" width=\"1350\" height=\"747\" \/><p class=\"wp-caption-text\">Reducci\u00f3n del riesgo pa\u00eds a 409 puntos\u00a0<\/p><\/div>\n<\/div>\n<p style=\"text-align: justify\">El riesgo pa\u00eds se redujo a 409 puntos, el monto m\u00e1s bajo en m\u00e1s de 11 a\u00f1os. Un menor riesgo pa\u00eds beneficia a todos los\u00a0ecuatorianos porque se abren oportunidades de m\u00e1s financiamiento para obras, m\u00e1s inversi\u00f3n, m\u00e1s empleo y m\u00e1s estabilidad econ\u00f3mica para Ecuador.<\/p>\n<p style=\"text-align: justify\">La solidez de la confianza internacional, construida de manera responsable por el Gobierno Nacional, se ve reflejada en la permanente ca\u00edda del riesgo pa\u00eds. Hace un poco m\u00e1s de un a\u00f1o, desde que el presidente Daniel Noboa gan\u00f3 la segunda vuelta electoral, este indicador ha bajado 1499 puntos.<\/p>\n<div class=\"wp-block-image\" style=\"text-align: justify\">\n<figure class=\"aligncenter size-full\">\n<p><div id=\"attachment_22277\" style=\"width: 818px\" class=\"wp-caption alignnone\"><img loading=\"lazy\" decoding=\"async\" aria-describedby=\"caption-attachment-22277\" class=\"img-responsive wp-image-22277\" src=\"https:\/\/www.finanzas.gob.ec\/wp-content\/uploads\/2026\/04\/grafico-bole@2x.png\" alt=\"\" width=\"808\" height=\"515\" \/><p id=\"caption-attachment-22277\" class=\"wp-caption-text\">Riesgo pa\u00eds<\/p><\/div><\/figure>\n<\/div>\n<p style=\"text-align: justify\">La estabilidad econ\u00f3mica y el orden de las finanzas p\u00fablicas se reflejan en este tipo de resultados positivos que el Ecuador est\u00e1 obteniendo. Con firmeza, compromiso y disciplina estamos logrando construir un pa\u00eds que se enrumba a un crecimiento econ\u00f3mico inclusivo.<\/p>\n<\/section>\n<\/div>\n","protected":false},"excerpt":{"rendered":"<p>REDACCI\u00d3N NOTI-AM\u00c9RICA (ECUADOR) El riesgo pa\u00eds se redujo a 409 puntos, el monto m\u00e1s bajo en m\u00e1s de 11 a\u00f1os. Un menor riesgo pa\u00eds beneficia a todos los\u00a0ecuatorianos porque se abren oportunidades de m\u00e1s&#46;&#46;&#46;<\/p>\n","protected":false},"author":17,"featured_media":87401,"comment_status":"","ping_status":"open","sticky":false,"template":"","format":"standard","meta":{"_acf_changed":false,"rop_custom_images_group":[],"rop_custom_messages_group":[],"rop_publish_now":"no","rop_publish_now_accounts":[],"rop_publish_now_history":[],"rop_publish_now_status":"pending","footnotes":""},"categories":[5],"tags":[],"class_list":["post-87400","post","type-post","status-publish","format-standard","has-post-thumbnail","hentry","category-economia"],"acf":[],"yoast_head":"<!-- This site is optimized with the Yoast SEO Premium plugin v24.9 (Yoast SEO v27.2) - https:\/\/yoast.com\/product\/yoast-seo-premium-wordpress\/ -->\n<title>Riesgo pa\u00eds de Ecuador, baja a 409 puntos - Noti-America.com<\/title>\n<meta name=\"robots\" content=\"index, follow, max-snippet:-1, max-image-preview:large, max-video-preview:-1\" \/>\n<link rel=\"canonical\" href=\"https:\/\/noti-america.com\/site\/principal\/2026\/04\/27\/riesgo-pais-de-ecuador-baja-a-409-puntos\/\" \/>\n<meta property=\"og:locale\" content=\"es_ES\" \/>\n<meta property=\"og:type\" content=\"article\" \/>\n<meta property=\"og:title\" content=\"Riesgo pa\u00eds de Ecuador, baja a 409 puntos\" \/>\n<meta property=\"og:description\" content=\"REDACCI\u00d3N NOTI-AM\u00c9RICA (ECUADOR) El riesgo pa\u00eds se redujo a 409 puntos, el monto m\u00e1s bajo en m\u00e1s de 11 a\u00f1os. Un menor riesgo pa\u00eds beneficia a todos los\u00a0ecuatorianos porque se abren oportunidades de m\u00e1s&#046;&#046;&#046;\" \/>\n<meta property=\"og:url\" content=\"https:\/\/noti-america.com\/site\/principal\/2026\/04\/27\/riesgo-pais-de-ecuador-baja-a-409-puntos\/\" \/>\n<meta property=\"og:site_name\" content=\"Noti-America.com\" \/>\n<meta property=\"article:published_time\" content=\"2026-04-27T04:50:39+00:00\" \/>\n<meta property=\"og:image\" content=\"https:\/\/noti-america.com\/site\/principal\/wp-content\/uploads\/sites\/26\/2026\/04\/Reduccion-del-riesgo-pais-a-409-puntos-.png\" \/>\n\t<meta property=\"og:image:width\" content=\"1350\" \/>\n\t<meta property=\"og:image:height\" content=\"747\" \/>\n\t<meta property=\"og:image:type\" content=\"image\/png\" \/>\n<meta name=\"author\" content=\"Gregory Quintana Montiel\" \/>\n<meta name=\"twitter:card\" content=\"summary_large_image\" \/>\n<meta name=\"twitter:creator\" content=\"@gdgregori1\" \/>\n<meta name=\"twitter:label1\" content=\"Escrito por\" \/>\n\t<meta name=\"twitter:data1\" content=\"Gregory Quintana Montiel\" \/>\n\t<meta name=\"twitter:label2\" content=\"Tiempo estimado de lectura\" \/>\n\t<meta name=\"twitter:data2\" content=\"1 minuto\" \/>\n<script type=\"application\/ld+json\" class=\"yoast-schema-graph\">{\"@context\":\"https:\/\/schema.org\",\"@graph\":[{\"@type\":\"Article\",\"@id\":\"https:\/\/noti-america.com\/site\/principal\/2026\/04\/27\/riesgo-pais-de-ecuador-baja-a-409-puntos\/#article\",\"isPartOf\":{\"@id\":\"https:\/\/noti-america.com\/site\/principal\/2026\/04\/27\/riesgo-pais-de-ecuador-baja-a-409-puntos\/\"},\"author\":{\"name\":\"Gregory Quintana Montiel\",\"@id\":\"https:\/\/noti-america.com\/site\/principal\/#\/schema\/person\/3b975e42f15abfe64bfe3abdd916efda\"},\"headline\":\"Riesgo pa\u00eds de Ecuador, baja a 409 puntos\",\"datePublished\":\"2026-04-27T04:50:39+00:00\",\"mainEntityOfPage\":{\"@id\":\"https:\/\/noti-america.com\/site\/principal\/2026\/04\/27\/riesgo-pais-de-ecuador-baja-a-409-puntos\/\"},\"wordCount\":187,\"image\":{\"@id\":\"https:\/\/noti-america.com\/site\/principal\/2026\/04\/27\/riesgo-pais-de-ecuador-baja-a-409-puntos\/#primaryimage\"},\"thumbnailUrl\":\"https:\/\/noti-america.com\/site\/principal\/wp-content\/uploads\/sites\/26\/2026\/04\/Reduccion-del-riesgo-pais-a-409-puntos-.png\",\"articleSection\":[\"Econom\u00eda\"],\"inLanguage\":\"es\"},{\"@type\":\"WebPage\",\"@id\":\"https:\/\/noti-america.com\/site\/principal\/2026\/04\/27\/riesgo-pais-de-ecuador-baja-a-409-puntos\/\",\"url\":\"https:\/\/noti-america.com\/site\/principal\/2026\/04\/27\/riesgo-pais-de-ecuador-baja-a-409-puntos\/\",\"name\":\"Riesgo pa\u00eds de Ecuador, baja a 409 puntos - Noti-America.com\",\"isPartOf\":{\"@id\":\"https:\/\/noti-america.com\/site\/principal\/#website\"},\"primaryImageOfPage\":{\"@id\":\"https:\/\/noti-america.com\/site\/principal\/2026\/04\/27\/riesgo-pais-de-ecuador-baja-a-409-puntos\/#primaryimage\"},\"image\":{\"@id\":\"https:\/\/noti-america.com\/site\/principal\/2026\/04\/27\/riesgo-pais-de-ecuador-baja-a-409-puntos\/#primaryimage\"},\"thumbnailUrl\":\"https:\/\/noti-america.com\/site\/principal\/wp-content\/uploads\/sites\/26\/2026\/04\/Reduccion-del-riesgo-pais-a-409-puntos-.png\",\"datePublished\":\"2026-04-27T04:50:39+00:00\",\"author\":{\"@id\":\"https:\/\/noti-america.com\/site\/principal\/#\/schema\/person\/3b975e42f15abfe64bfe3abdd916efda\"},\"breadcrumb\":{\"@id\":\"https:\/\/noti-america.com\/site\/principal\/2026\/04\/27\/riesgo-pais-de-ecuador-baja-a-409-puntos\/#breadcrumb\"},\"inLanguage\":\"es\",\"potentialAction\":[{\"@type\":\"ReadAction\",\"target\":[\"https:\/\/noti-america.com\/site\/principal\/2026\/04\/27\/riesgo-pais-de-ecuador-baja-a-409-puntos\/\"]}]},{\"@type\":\"ImageObject\",\"inLanguage\":\"es\",\"@id\":\"https:\/\/noti-america.com\/site\/principal\/2026\/04\/27\/riesgo-pais-de-ecuador-baja-a-409-puntos\/#primaryimage\",\"url\":\"https:\/\/noti-america.com\/site\/principal\/wp-content\/uploads\/sites\/26\/2026\/04\/Reduccion-del-riesgo-pais-a-409-puntos-.png\",\"contentUrl\":\"https:\/\/noti-america.com\/site\/principal\/wp-content\/uploads\/sites\/26\/2026\/04\/Reduccion-del-riesgo-pais-a-409-puntos-.png\",\"width\":1350,\"height\":747},{\"@type\":\"BreadcrumbList\",\"@id\":\"https:\/\/noti-america.com\/site\/principal\/2026\/04\/27\/riesgo-pais-de-ecuador-baja-a-409-puntos\/#breadcrumb\",\"itemListElement\":[{\"@type\":\"ListItem\",\"position\":1,\"name\":\"Portada\",\"item\":\"https:\/\/noti-america.com\/site\/principal\/\"},{\"@type\":\"ListItem\",\"position\":2,\"name\":\"Riesgo pa\u00eds de Ecuador, baja a 409 puntos\"}]},{\"@type\":\"WebSite\",\"@id\":\"https:\/\/noti-america.com\/site\/principal\/#website\",\"url\":\"https:\/\/noti-america.com\/site\/principal\/\",\"name\":\"Noti-America.com\",\"description\":\"El Noticiero Digital M\u00e1s Grande de Am\u00e9rica\",\"potentialAction\":[{\"@type\":\"SearchAction\",\"target\":{\"@type\":\"EntryPoint\",\"urlTemplate\":\"https:\/\/noti-america.com\/site\/principal\/?s={search_term_string}\"},\"query-input\":{\"@type\":\"PropertyValueSpecification\",\"valueRequired\":true,\"valueName\":\"search_term_string\"}}],\"inLanguage\":\"es\"},{\"@type\":\"Person\",\"@id\":\"https:\/\/noti-america.com\/site\/principal\/#\/schema\/person\/3b975e42f15abfe64bfe3abdd916efda\",\"name\":\"Gregory Quintana Montiel\",\"image\":{\"@type\":\"ImageObject\",\"inLanguage\":\"es\",\"@id\":\"https:\/\/secure.gravatar.com\/avatar\/2d6b802f7720c2ec7744dcbe608cc2f3417aeb964d58b443c6d612b77531de1d?s=96&d=mm&r=g\",\"url\":\"https:\/\/secure.gravatar.com\/avatar\/2d6b802f7720c2ec7744dcbe608cc2f3417aeb964d58b443c6d612b77531de1d?s=96&d=mm&r=g\",\"contentUrl\":\"https:\/\/secure.gravatar.com\/avatar\/2d6b802f7720c2ec7744dcbe608cc2f3417aeb964d58b443c6d612b77531de1d?s=96&d=mm&r=g\",\"caption\":\"Gregory Quintana Montiel\"},\"description\":\"Licenciatura en Ciencias de la Comunicaci\u00f3n Social, egresado en la Especializaci\u00f3n Derecho Ambiental Desarrollo Sostenible y Sustentable, Miembro de la Comunidad de profesionales y experto para Latinoam\u00e9rica y el Caribe en Gesti\u00f3n por Resultado en el Desarrollo (COPLAC - GpRD) del Banco Interamericano de Desarrollo, experiencia en medios radiales y escritos.\",\"sameAs\":[\"https:\/\/x.com\/gdgregori1\",\"gquintana\"],\"url\":\"https:\/\/noti-america.com\/site\/principal\/author\/gquintana\/\"}]}<\/script>\n<!-- \/ Yoast SEO Premium plugin. -->","yoast_head_json":{"title":"Riesgo pa\u00eds de Ecuador, baja a 409 puntos - Noti-America.com","robots":{"index":"index","follow":"follow","max-snippet":"max-snippet:-1","max-image-preview":"max-image-preview:large","max-video-preview":"max-video-preview:-1"},"canonical":"https:\/\/noti-america.com\/site\/principal\/2026\/04\/27\/riesgo-pais-de-ecuador-baja-a-409-puntos\/","og_locale":"es_ES","og_type":"article","og_title":"Riesgo pa\u00eds de Ecuador, baja a 409 puntos","og_description":"REDACCI\u00d3N NOTI-AM\u00c9RICA (ECUADOR) El riesgo pa\u00eds se redujo a 409 puntos, el monto m\u00e1s bajo en m\u00e1s de 11 a\u00f1os. Un menor riesgo pa\u00eds beneficia a todos los\u00a0ecuatorianos porque se abren oportunidades de m\u00e1s&#46;&#46;&#46;","og_url":"https:\/\/noti-america.com\/site\/principal\/2026\/04\/27\/riesgo-pais-de-ecuador-baja-a-409-puntos\/","og_site_name":"Noti-America.com","article_published_time":"2026-04-27T04:50:39+00:00","og_image":[{"width":1350,"height":747,"url":"https:\/\/noti-america.com\/site\/principal\/wp-content\/uploads\/sites\/26\/2026\/04\/Reduccion-del-riesgo-pais-a-409-puntos-.png","type":"image\/png"}],"author":"Gregory Quintana Montiel","twitter_card":"summary_large_image","twitter_creator":"@gdgregori1","twitter_misc":{"Escrito por":"Gregory Quintana Montiel","Tiempo estimado de lectura":"1 minuto"},"schema":{"@context":"https:\/\/schema.org","@graph":[{"@type":"Article","@id":"https:\/\/noti-america.com\/site\/principal\/2026\/04\/27\/riesgo-pais-de-ecuador-baja-a-409-puntos\/#article","isPartOf":{"@id":"https:\/\/noti-america.com\/site\/principal\/2026\/04\/27\/riesgo-pais-de-ecuador-baja-a-409-puntos\/"},"author":{"name":"Gregory Quintana Montiel","@id":"https:\/\/noti-america.com\/site\/principal\/#\/schema\/person\/3b975e42f15abfe64bfe3abdd916efda"},"headline":"Riesgo pa\u00eds de Ecuador, baja a 409 puntos","datePublished":"2026-04-27T04:50:39+00:00","mainEntityOfPage":{"@id":"https:\/\/noti-america.com\/site\/principal\/2026\/04\/27\/riesgo-pais-de-ecuador-baja-a-409-puntos\/"},"wordCount":187,"image":{"@id":"https:\/\/noti-america.com\/site\/principal\/2026\/04\/27\/riesgo-pais-de-ecuador-baja-a-409-puntos\/#primaryimage"},"thumbnailUrl":"https:\/\/noti-america.com\/site\/principal\/wp-content\/uploads\/sites\/26\/2026\/04\/Reduccion-del-riesgo-pais-a-409-puntos-.png","articleSection":["Econom\u00eda"],"inLanguage":"es"},{"@type":"WebPage","@id":"https:\/\/noti-america.com\/site\/principal\/2026\/04\/27\/riesgo-pais-de-ecuador-baja-a-409-puntos\/","url":"https:\/\/noti-america.com\/site\/principal\/2026\/04\/27\/riesgo-pais-de-ecuador-baja-a-409-puntos\/","name":"Riesgo pa\u00eds de Ecuador, baja a 409 puntos - Noti-America.com","isPartOf":{"@id":"https:\/\/noti-america.com\/site\/principal\/#website"},"primaryImageOfPage":{"@id":"https:\/\/noti-america.com\/site\/principal\/2026\/04\/27\/riesgo-pais-de-ecuador-baja-a-409-puntos\/#primaryimage"},"image":{"@id":"https:\/\/noti-america.com\/site\/principal\/2026\/04\/27\/riesgo-pais-de-ecuador-baja-a-409-puntos\/#primaryimage"},"thumbnailUrl":"https:\/\/noti-america.com\/site\/principal\/wp-content\/uploads\/sites\/26\/2026\/04\/Reduccion-del-riesgo-pais-a-409-puntos-.png","datePublished":"2026-04-27T04:50:39+00:00","author":{"@id":"https:\/\/noti-america.com\/site\/principal\/#\/schema\/person\/3b975e42f15abfe64bfe3abdd916efda"},"breadcrumb":{"@id":"https:\/\/noti-america.com\/site\/principal\/2026\/04\/27\/riesgo-pais-de-ecuador-baja-a-409-puntos\/#breadcrumb"},"inLanguage":"es","potentialAction":[{"@type":"ReadAction","target":["https:\/\/noti-america.com\/site\/principal\/2026\/04\/27\/riesgo-pais-de-ecuador-baja-a-409-puntos\/"]}]},{"@type":"ImageObject","inLanguage":"es","@id":"https:\/\/noti-america.com\/site\/principal\/2026\/04\/27\/riesgo-pais-de-ecuador-baja-a-409-puntos\/#primaryimage","url":"https:\/\/noti-america.com\/site\/principal\/wp-content\/uploads\/sites\/26\/2026\/04\/Reduccion-del-riesgo-pais-a-409-puntos-.png","contentUrl":"https:\/\/noti-america.com\/site\/principal\/wp-content\/uploads\/sites\/26\/2026\/04\/Reduccion-del-riesgo-pais-a-409-puntos-.png","width":1350,"height":747},{"@type":"BreadcrumbList","@id":"https:\/\/noti-america.com\/site\/principal\/2026\/04\/27\/riesgo-pais-de-ecuador-baja-a-409-puntos\/#breadcrumb","itemListElement":[{"@type":"ListItem","position":1,"name":"Portada","item":"https:\/\/noti-america.com\/site\/principal\/"},{"@type":"ListItem","position":2,"name":"Riesgo pa\u00eds de Ecuador, baja a 409 puntos"}]},{"@type":"WebSite","@id":"https:\/\/noti-america.com\/site\/principal\/#website","url":"https:\/\/noti-america.com\/site\/principal\/","name":"Noti-America.com","description":"El Noticiero Digital M\u00e1s Grande de Am\u00e9rica","potentialAction":[{"@type":"SearchAction","target":{"@type":"EntryPoint","urlTemplate":"https:\/\/noti-america.com\/site\/principal\/?s={search_term_string}"},"query-input":{"@type":"PropertyValueSpecification","valueRequired":true,"valueName":"search_term_string"}}],"inLanguage":"es"},{"@type":"Person","@id":"https:\/\/noti-america.com\/site\/principal\/#\/schema\/person\/3b975e42f15abfe64bfe3abdd916efda","name":"Gregory Quintana Montiel","image":{"@type":"ImageObject","inLanguage":"es","@id":"https:\/\/secure.gravatar.com\/avatar\/2d6b802f7720c2ec7744dcbe608cc2f3417aeb964d58b443c6d612b77531de1d?s=96&d=mm&r=g","url":"https:\/\/secure.gravatar.com\/avatar\/2d6b802f7720c2ec7744dcbe608cc2f3417aeb964d58b443c6d612b77531de1d?s=96&d=mm&r=g","contentUrl":"https:\/\/secure.gravatar.com\/avatar\/2d6b802f7720c2ec7744dcbe608cc2f3417aeb964d58b443c6d612b77531de1d?s=96&d=mm&r=g","caption":"Gregory Quintana Montiel"},"description":"Licenciatura en Ciencias de la Comunicaci\u00f3n Social, egresado en la Especializaci\u00f3n Derecho Ambiental Desarrollo Sostenible y Sustentable, Miembro de la Comunidad de profesionales y experto para Latinoam\u00e9rica y el Caribe en Gesti\u00f3n por Resultado en el Desarrollo (COPLAC - GpRD) del Banco Interamericano de Desarrollo, experiencia en medios radiales y escritos.","sameAs":["https:\/\/x.com\/gdgregori1","gquintana"],"url":"https:\/\/noti-america.com\/site\/principal\/author\/gquintana\/"}]}},"_links":{"self":[{"href":"https:\/\/noti-america.com\/site\/principal\/wp-json\/wp\/v2\/posts\/87400","targetHints":{"allow":["GET"]}}],"collection":[{"href":"https:\/\/noti-america.com\/site\/principal\/wp-json\/wp\/v2\/posts"}],"about":[{"href":"https:\/\/noti-america.com\/site\/principal\/wp-json\/wp\/v2\/types\/post"}],"author":[{"embeddable":true,"href":"https:\/\/noti-america.com\/site\/principal\/wp-json\/wp\/v2\/users\/17"}],"replies":[{"embeddable":true,"href":"https:\/\/noti-america.com\/site\/principal\/wp-json\/wp\/v2\/comments?post=87400"}],"version-history":[{"count":1,"href":"https:\/\/noti-america.com\/site\/principal\/wp-json\/wp\/v2\/posts\/87400\/revisions"}],"predecessor-version":[{"id":87411,"href":"https:\/\/noti-america.com\/site\/principal\/wp-json\/wp\/v2\/posts\/87400\/revisions\/87411"}],"wp:featuredmedia":[{"embeddable":true,"href":"https:\/\/noti-america.com\/site\/principal\/wp-json\/wp\/v2\/media\/87401"}],"wp:attachment":[{"href":"https:\/\/noti-america.com\/site\/principal\/wp-json\/wp\/v2\/media?parent=87400"}],"wp:term":[{"taxonomy":"category","embeddable":true,"href":"https:\/\/noti-america.com\/site\/principal\/wp-json\/wp\/v2\/categories?post=87400"},{"taxonomy":"post_tag","embeddable":true,"href":"https:\/\/noti-america.com\/site\/principal\/wp-json\/wp\/v2\/tags?post=87400"}],"curies":[{"name":"wp","href":"https:\/\/api.w.org\/{rel}","templated":true}]}}