{"id":87393,"date":"2026-04-26T18:07:31","date_gmt":"2026-04-26T22:07:31","guid":{"rendered":"https:\/\/noti-america.com\/site\/principal\/?p=87393"},"modified":"2026-04-26T18:07:31","modified_gmt":"2026-04-26T22:07:31","slug":"ecuador-debe-cambiar-el-modelo-universitario-tradicional","status":"publish","type":"post","link":"https:\/\/noti-america.com\/site\/principal\/2026\/04\/26\/ecuador-debe-cambiar-el-modelo-universitario-tradicional\/","title":{"rendered":"\u00bfEcuador debe cambiar el modelo universitario tradicional?"},"content":{"rendered":"<p><strong><em>REDACCI\u00d3N NOTI-AM\u00c9RICA (ECUADOR)<\/em><\/strong><\/p>\n<div style=\"width: 810px\" class=\"wp-caption alignnone\"><img loading=\"lazy\" decoding=\"async\" src=\"https:\/\/www.gob.ec\/sites\/default\/files\/styles\/gobec_image_content\/public\/2019-03\/SR23_0.jpg.jpeg?itok=4BFcRxmI\" alt=\"Inscripci\u00f3n para la obtenci\u00f3n de un cupo para el acceso a la educaci\u00f3n  superior a los institutos superiores t\u00e9cnicos, tecnol\u00f3gicos, pedag\u00f3gicos de  artes y conservatorios superiores p\u00fablicos para ecuatorianos y extranjeros  residentes\" width=\"800\" height=\"427\" \/><p class=\"wp-caption-text\">Inscripci\u00f3n para la obtenci\u00f3n de un cupo para el acceso a la educaci\u00f3n superior a los institutos superiores t\u00e9cnicos, tecnol\u00f3gicos, pedag\u00f3gicos de artes y conservatorios superiores p\u00fablicos para ecuatorianos y extranjeros residentes<\/p><\/div>\n<p style=\"text-align: justify\">El modelo universitario tradicional de \u00abestudiar para buscar empleo\u00bb est\u00e1 agotado, especialmente en un pa\u00eds donde el mercado laboral no crece al mismo ritmo que los graduados. La *vinculaci\u00f3n con la colectividad* no deber\u00eda ser un requisito de horas para graduarse, sino el laboratorio donde nace el nuevo sistema social que visualizas.<\/p>\n<p style=\"text-align: justify\">Para que los j\u00f3venes se conviertan en motores de ese \u00abRenacimiento\u00bb, la estructura educativa deber\u00eda girar hacia estos tres ejes:<\/p>\n<p style=\"text-align: justify\"><em><strong>1. El Emprendimiento como Vocaci\u00f3n de Servicio.<\/strong><\/em><\/p>\n<p style=\"text-align: justify\">Un joven no debe emprender solo por dinero, sino para resolver un problema de su comunidad. Es pasar del \u00abquiero ser mi propio jefe\u00bb al \u00abquiero ser un generador de soluciones\u00bb.<\/p>\n<p style=\"text-align: justify\"><strong>Emprendimiento Social:<\/strong> Si un estudiante de ingenier\u00eda o econom\u00eda desarrolla una app para compras comunitarias que baje el costo de la canasta b\u00e1sica en su barrio, est\u00e1 emprendiendo y sirviendo a la vez.<\/p>\n<p style=\"text-align: justify\"><strong>Mentalidad de Creador:<\/strong> La universidad debe ense\u00f1ar que el t\u00edtulo es una herramienta para construir una empresa o una organizaci\u00f3n, no un boleto para una fila de espera en el Ministerio de Trabajo.<\/p>\n<p style=\"text-align: justify\"><em><strong>2. Vinculaci\u00f3n Real.<\/strong><\/em><\/p>\n<p style=\"text-align: justify\">\u00abAprender Haciendo\u00bb en el Territorio. La vinculaci\u00f3n debe dejar de ser oficina y pasar a ser territorio:<\/p>\n<p style=\"text-align: justify\"><strong>Pr\u00e1cticas en Grupos Focales:<\/strong> Que los estudiantes de los primeros a\u00f1os vayan a esos barrios convulsionados que mencionas, no a dar charlas, sino a escuchar y a co-dise\u00f1ar planes de desarrollo local con los vecinos.<\/p>\n<p style=\"text-align: justify\"><strong>Impacto Medible: <\/strong>El \u00e9xito de un estudiante no deber\u00eda ser solo su nota, sino el cambio real que logr\u00f3 en la comunidad donde hizo su vinculaci\u00f3n. Esto les quita la \u00abmente cuadrada\u00bb y les da la \u00abconciencia social\u00bb de la que hablamos.<\/p>\n<p style=\"text-align: justify\"><em><strong>3. La \u00c9tica del Servicio desde el D\u00eda Uno.<\/strong><\/em><\/p>\n<p style=\"text-align: justify\">hay que prepararlos para que *aprendan a servir*. Esto requiere un cambio en la narrativa acad\u00e9mica:<\/p>\n<p style=\"text-align: justify\"><strong>Liderazgo \u00c9tico:<\/strong>\u00a0Ense\u00f1arles que el \u00e9xito profesional sin integridad es solo \u00abviveza\u00bb disfrazada.<\/p>\n<p style=\"text-align: justify\"><strong>Habilidades de Gesti\u00f3n Humana:<\/strong> Muchos salen sabiendo la t\u00e9cnica, pero no saben c\u00f3mo hablar con la gente, c\u00f3mo mediar en un conflicto o c\u00f3mo trabajar en equipo.<\/p>\n<p style=\"text-align: justify\"><strong>El reto del sistema actual:<\/strong> El obst\u00e1culo es que muchas universidades tienen \u00abmente cuadrada\u00bb y se enfocan solo en la teor\u00eda. Sin embargo, los j\u00f3venes de hoy son m\u00e1s sensibles a los problemas sociales y tienen la tecnolog\u00eda a su favor.<\/p>\n<p style=\"text-align: justify\">Si logramos conectar la energ\u00eda de los estudiantes con la infraestructura que ya existe en el pa\u00eds, (como las 1.140 parroquias rurales o gremios), pero bajo una l\u00f3gica de *emprendimiento \u00e9tico y t\u00e9cnico*, estar\u00edamos creando una \u00abnueva guardia\u00bb de l\u00edderes.<\/p>\n","protected":false},"excerpt":{"rendered":"<p>REDACCI\u00d3N NOTI-AM\u00c9RICA (ECUADOR) El modelo universitario tradicional de \u00abestudiar para buscar empleo\u00bb est\u00e1 agotado, especialmente en un pa\u00eds donde el mercado laboral no crece al mismo ritmo que los graduados. La *vinculaci\u00f3n con la&#46;&#46;&#46;<\/p>\n","protected":false},"author":17,"featured_media":87394,"comment_status":"","ping_status":"open","sticky":false,"template":"","format":"standard","meta":{"_acf_changed":false,"rop_custom_images_group":[],"rop_custom_messages_group":[],"rop_publish_now":"no","rop_publish_now_accounts":[],"rop_publish_now_history":[],"rop_publish_now_status":"pending","footnotes":""},"categories":[610],"tags":[],"class_list":["post-87393","post","type-post","status-publish","format-standard","has-post-thumbnail","hentry","category-educacion"],"acf":[],"yoast_head":"<!-- This site is optimized with the Yoast SEO Premium plugin v24.9 (Yoast SEO v27.2) - https:\/\/yoast.com\/product\/yoast-seo-premium-wordpress\/ -->\n<title>\u00bfEcuador debe cambiar el modelo universitario tradicional? - Noti-America.com<\/title>\n<meta name=\"robots\" content=\"index, follow, max-snippet:-1, max-image-preview:large, max-video-preview:-1\" \/>\n<link rel=\"canonical\" href=\"https:\/\/noti-america.com\/site\/principal\/2026\/04\/26\/ecuador-debe-cambiar-el-modelo-universitario-tradicional\/\" \/>\n<meta property=\"og:locale\" content=\"es_ES\" \/>\n<meta property=\"og:type\" content=\"article\" \/>\n<meta property=\"og:title\" content=\"\u00bfEcuador debe cambiar el modelo universitario tradicional?\" \/>\n<meta property=\"og:description\" content=\"REDACCI\u00d3N NOTI-AM\u00c9RICA (ECUADOR) El modelo universitario tradicional de \u00abestudiar para buscar empleo\u00bb est\u00e1 agotado, especialmente en un pa\u00eds donde el mercado laboral no crece al mismo ritmo que los graduados. La *vinculaci\u00f3n con la&#046;&#046;&#046;\" \/>\n<meta property=\"og:url\" content=\"https:\/\/noti-america.com\/site\/principal\/2026\/04\/26\/ecuador-debe-cambiar-el-modelo-universitario-tradicional\/\" \/>\n<meta property=\"og:site_name\" content=\"Noti-America.com\" \/>\n<meta property=\"article:published_time\" content=\"2026-04-26T22:07:31+00:00\" \/>\n<meta property=\"og:image\" content=\"https:\/\/noti-america.com\/site\/principal\/wp-content\/uploads\/sites\/26\/2026\/04\/Jovenes-aplican-para-obtener-cupo.jpeg\" \/>\n\t<meta property=\"og:image:width\" content=\"800\" \/>\n\t<meta property=\"og:image:height\" content=\"427\" \/>\n\t<meta property=\"og:image:type\" content=\"image\/jpeg\" \/>\n<meta name=\"author\" content=\"Gregory Quintana Montiel\" \/>\n<meta name=\"twitter:card\" content=\"summary_large_image\" \/>\n<meta name=\"twitter:creator\" content=\"@gdgregori1\" \/>\n<meta name=\"twitter:label1\" content=\"Escrito por\" \/>\n\t<meta name=\"twitter:data1\" content=\"Gregory Quintana Montiel\" \/>\n\t<meta name=\"twitter:label2\" content=\"Tiempo estimado de lectura\" \/>\n\t<meta name=\"twitter:data2\" content=\"3 minutos\" \/>\n<script type=\"application\/ld+json\" class=\"yoast-schema-graph\">{\"@context\":\"https:\/\/schema.org\",\"@graph\":[{\"@type\":\"Article\",\"@id\":\"https:\/\/noti-america.com\/site\/principal\/2026\/04\/26\/ecuador-debe-cambiar-el-modelo-universitario-tradicional\/#article\",\"isPartOf\":{\"@id\":\"https:\/\/noti-america.com\/site\/principal\/2026\/04\/26\/ecuador-debe-cambiar-el-modelo-universitario-tradicional\/\"},\"author\":{\"name\":\"Gregory Quintana Montiel\",\"@id\":\"https:\/\/noti-america.com\/site\/principal\/#\/schema\/person\/3b975e42f15abfe64bfe3abdd916efda\"},\"headline\":\"\u00bfEcuador debe cambiar el modelo universitario tradicional?\",\"datePublished\":\"2026-04-26T22:07:31+00:00\",\"mainEntityOfPage\":{\"@id\":\"https:\/\/noti-america.com\/site\/principal\/2026\/04\/26\/ecuador-debe-cambiar-el-modelo-universitario-tradicional\/\"},\"wordCount\":510,\"image\":{\"@id\":\"https:\/\/noti-america.com\/site\/principal\/2026\/04\/26\/ecuador-debe-cambiar-el-modelo-universitario-tradicional\/#primaryimage\"},\"thumbnailUrl\":\"https:\/\/noti-america.com\/site\/principal\/wp-content\/uploads\/sites\/26\/2026\/04\/Jovenes-aplican-para-obtener-cupo.jpeg\",\"articleSection\":[\"Educaci\u00f3n\"],\"inLanguage\":\"es\"},{\"@type\":\"WebPage\",\"@id\":\"https:\/\/noti-america.com\/site\/principal\/2026\/04\/26\/ecuador-debe-cambiar-el-modelo-universitario-tradicional\/\",\"url\":\"https:\/\/noti-america.com\/site\/principal\/2026\/04\/26\/ecuador-debe-cambiar-el-modelo-universitario-tradicional\/\",\"name\":\"\u00bfEcuador debe cambiar el modelo universitario tradicional? - Noti-America.com\",\"isPartOf\":{\"@id\":\"https:\/\/noti-america.com\/site\/principal\/#website\"},\"primaryImageOfPage\":{\"@id\":\"https:\/\/noti-america.com\/site\/principal\/2026\/04\/26\/ecuador-debe-cambiar-el-modelo-universitario-tradicional\/#primaryimage\"},\"image\":{\"@id\":\"https:\/\/noti-america.com\/site\/principal\/2026\/04\/26\/ecuador-debe-cambiar-el-modelo-universitario-tradicional\/#primaryimage\"},\"thumbnailUrl\":\"https:\/\/noti-america.com\/site\/principal\/wp-content\/uploads\/sites\/26\/2026\/04\/Jovenes-aplican-para-obtener-cupo.jpeg\",\"datePublished\":\"2026-04-26T22:07:31+00:00\",\"author\":{\"@id\":\"https:\/\/noti-america.com\/site\/principal\/#\/schema\/person\/3b975e42f15abfe64bfe3abdd916efda\"},\"breadcrumb\":{\"@id\":\"https:\/\/noti-america.com\/site\/principal\/2026\/04\/26\/ecuador-debe-cambiar-el-modelo-universitario-tradicional\/#breadcrumb\"},\"inLanguage\":\"es\",\"potentialAction\":[{\"@type\":\"ReadAction\",\"target\":[\"https:\/\/noti-america.com\/site\/principal\/2026\/04\/26\/ecuador-debe-cambiar-el-modelo-universitario-tradicional\/\"]}]},{\"@type\":\"ImageObject\",\"inLanguage\":\"es\",\"@id\":\"https:\/\/noti-america.com\/site\/principal\/2026\/04\/26\/ecuador-debe-cambiar-el-modelo-universitario-tradicional\/#primaryimage\",\"url\":\"https:\/\/noti-america.com\/site\/principal\/wp-content\/uploads\/sites\/26\/2026\/04\/Jovenes-aplican-para-obtener-cupo.jpeg\",\"contentUrl\":\"https:\/\/noti-america.com\/site\/principal\/wp-content\/uploads\/sites\/26\/2026\/04\/Jovenes-aplican-para-obtener-cupo.jpeg\",\"width\":800,\"height\":427},{\"@type\":\"BreadcrumbList\",\"@id\":\"https:\/\/noti-america.com\/site\/principal\/2026\/04\/26\/ecuador-debe-cambiar-el-modelo-universitario-tradicional\/#breadcrumb\",\"itemListElement\":[{\"@type\":\"ListItem\",\"position\":1,\"name\":\"Portada\",\"item\":\"https:\/\/noti-america.com\/site\/principal\/\"},{\"@type\":\"ListItem\",\"position\":2,\"name\":\"\u00bfEcuador debe cambiar el modelo universitario tradicional?\"}]},{\"@type\":\"WebSite\",\"@id\":\"https:\/\/noti-america.com\/site\/principal\/#website\",\"url\":\"https:\/\/noti-america.com\/site\/principal\/\",\"name\":\"Noti-America.com\",\"description\":\"El Noticiero Digital M\u00e1s Grande de Am\u00e9rica\",\"potentialAction\":[{\"@type\":\"SearchAction\",\"target\":{\"@type\":\"EntryPoint\",\"urlTemplate\":\"https:\/\/noti-america.com\/site\/principal\/?s={search_term_string}\"},\"query-input\":{\"@type\":\"PropertyValueSpecification\",\"valueRequired\":true,\"valueName\":\"search_term_string\"}}],\"inLanguage\":\"es\"},{\"@type\":\"Person\",\"@id\":\"https:\/\/noti-america.com\/site\/principal\/#\/schema\/person\/3b975e42f15abfe64bfe3abdd916efda\",\"name\":\"Gregory Quintana Montiel\",\"image\":{\"@type\":\"ImageObject\",\"inLanguage\":\"es\",\"@id\":\"https:\/\/secure.gravatar.com\/avatar\/2d6b802f7720c2ec7744dcbe608cc2f3417aeb964d58b443c6d612b77531de1d?s=96&d=mm&r=g\",\"url\":\"https:\/\/secure.gravatar.com\/avatar\/2d6b802f7720c2ec7744dcbe608cc2f3417aeb964d58b443c6d612b77531de1d?s=96&d=mm&r=g\",\"contentUrl\":\"https:\/\/secure.gravatar.com\/avatar\/2d6b802f7720c2ec7744dcbe608cc2f3417aeb964d58b443c6d612b77531de1d?s=96&d=mm&r=g\",\"caption\":\"Gregory Quintana Montiel\"},\"description\":\"Licenciatura en Ciencias de la Comunicaci\u00f3n Social, egresado en la Especializaci\u00f3n Derecho Ambiental Desarrollo Sostenible y Sustentable, Miembro de la Comunidad de profesionales y experto para Latinoam\u00e9rica y el Caribe en Gesti\u00f3n por Resultado en el Desarrollo (COPLAC - GpRD) del Banco Interamericano de Desarrollo, experiencia en medios radiales y escritos.\",\"sameAs\":[\"https:\/\/x.com\/gdgregori1\",\"gquintana\"],\"url\":\"https:\/\/noti-america.com\/site\/principal\/author\/gquintana\/\"}]}<\/script>\n<!-- \/ Yoast SEO Premium plugin. -->","yoast_head_json":{"title":"\u00bfEcuador debe cambiar el modelo universitario tradicional? - Noti-America.com","robots":{"index":"index","follow":"follow","max-snippet":"max-snippet:-1","max-image-preview":"max-image-preview:large","max-video-preview":"max-video-preview:-1"},"canonical":"https:\/\/noti-america.com\/site\/principal\/2026\/04\/26\/ecuador-debe-cambiar-el-modelo-universitario-tradicional\/","og_locale":"es_ES","og_type":"article","og_title":"\u00bfEcuador debe cambiar el modelo universitario tradicional?","og_description":"REDACCI\u00d3N NOTI-AM\u00c9RICA (ECUADOR) El modelo universitario tradicional de \u00abestudiar para buscar empleo\u00bb est\u00e1 agotado, especialmente en un pa\u00eds donde el mercado laboral no crece al mismo ritmo que los graduados. La *vinculaci\u00f3n con la&#46;&#46;&#46;","og_url":"https:\/\/noti-america.com\/site\/principal\/2026\/04\/26\/ecuador-debe-cambiar-el-modelo-universitario-tradicional\/","og_site_name":"Noti-America.com","article_published_time":"2026-04-26T22:07:31+00:00","og_image":[{"width":800,"height":427,"url":"https:\/\/noti-america.com\/site\/principal\/wp-content\/uploads\/sites\/26\/2026\/04\/Jovenes-aplican-para-obtener-cupo.jpeg","type":"image\/jpeg"}],"author":"Gregory Quintana Montiel","twitter_card":"summary_large_image","twitter_creator":"@gdgregori1","twitter_misc":{"Escrito por":"Gregory Quintana Montiel","Tiempo estimado de lectura":"3 minutos"},"schema":{"@context":"https:\/\/schema.org","@graph":[{"@type":"Article","@id":"https:\/\/noti-america.com\/site\/principal\/2026\/04\/26\/ecuador-debe-cambiar-el-modelo-universitario-tradicional\/#article","isPartOf":{"@id":"https:\/\/noti-america.com\/site\/principal\/2026\/04\/26\/ecuador-debe-cambiar-el-modelo-universitario-tradicional\/"},"author":{"name":"Gregory Quintana Montiel","@id":"https:\/\/noti-america.com\/site\/principal\/#\/schema\/person\/3b975e42f15abfe64bfe3abdd916efda"},"headline":"\u00bfEcuador debe cambiar el modelo universitario tradicional?","datePublished":"2026-04-26T22:07:31+00:00","mainEntityOfPage":{"@id":"https:\/\/noti-america.com\/site\/principal\/2026\/04\/26\/ecuador-debe-cambiar-el-modelo-universitario-tradicional\/"},"wordCount":510,"image":{"@id":"https:\/\/noti-america.com\/site\/principal\/2026\/04\/26\/ecuador-debe-cambiar-el-modelo-universitario-tradicional\/#primaryimage"},"thumbnailUrl":"https:\/\/noti-america.com\/site\/principal\/wp-content\/uploads\/sites\/26\/2026\/04\/Jovenes-aplican-para-obtener-cupo.jpeg","articleSection":["Educaci\u00f3n"],"inLanguage":"es"},{"@type":"WebPage","@id":"https:\/\/noti-america.com\/site\/principal\/2026\/04\/26\/ecuador-debe-cambiar-el-modelo-universitario-tradicional\/","url":"https:\/\/noti-america.com\/site\/principal\/2026\/04\/26\/ecuador-debe-cambiar-el-modelo-universitario-tradicional\/","name":"\u00bfEcuador debe cambiar el modelo universitario tradicional? - Noti-America.com","isPartOf":{"@id":"https:\/\/noti-america.com\/site\/principal\/#website"},"primaryImageOfPage":{"@id":"https:\/\/noti-america.com\/site\/principal\/2026\/04\/26\/ecuador-debe-cambiar-el-modelo-universitario-tradicional\/#primaryimage"},"image":{"@id":"https:\/\/noti-america.com\/site\/principal\/2026\/04\/26\/ecuador-debe-cambiar-el-modelo-universitario-tradicional\/#primaryimage"},"thumbnailUrl":"https:\/\/noti-america.com\/site\/principal\/wp-content\/uploads\/sites\/26\/2026\/04\/Jovenes-aplican-para-obtener-cupo.jpeg","datePublished":"2026-04-26T22:07:31+00:00","author":{"@id":"https:\/\/noti-america.com\/site\/principal\/#\/schema\/person\/3b975e42f15abfe64bfe3abdd916efda"},"breadcrumb":{"@id":"https:\/\/noti-america.com\/site\/principal\/2026\/04\/26\/ecuador-debe-cambiar-el-modelo-universitario-tradicional\/#breadcrumb"},"inLanguage":"es","potentialAction":[{"@type":"ReadAction","target":["https:\/\/noti-america.com\/site\/principal\/2026\/04\/26\/ecuador-debe-cambiar-el-modelo-universitario-tradicional\/"]}]},{"@type":"ImageObject","inLanguage":"es","@id":"https:\/\/noti-america.com\/site\/principal\/2026\/04\/26\/ecuador-debe-cambiar-el-modelo-universitario-tradicional\/#primaryimage","url":"https:\/\/noti-america.com\/site\/principal\/wp-content\/uploads\/sites\/26\/2026\/04\/Jovenes-aplican-para-obtener-cupo.jpeg","contentUrl":"https:\/\/noti-america.com\/site\/principal\/wp-content\/uploads\/sites\/26\/2026\/04\/Jovenes-aplican-para-obtener-cupo.jpeg","width":800,"height":427},{"@type":"BreadcrumbList","@id":"https:\/\/noti-america.com\/site\/principal\/2026\/04\/26\/ecuador-debe-cambiar-el-modelo-universitario-tradicional\/#breadcrumb","itemListElement":[{"@type":"ListItem","position":1,"name":"Portada","item":"https:\/\/noti-america.com\/site\/principal\/"},{"@type":"ListItem","position":2,"name":"\u00bfEcuador debe cambiar el modelo universitario tradicional?"}]},{"@type":"WebSite","@id":"https:\/\/noti-america.com\/site\/principal\/#website","url":"https:\/\/noti-america.com\/site\/principal\/","name":"Noti-America.com","description":"El Noticiero Digital M\u00e1s Grande de Am\u00e9rica","potentialAction":[{"@type":"SearchAction","target":{"@type":"EntryPoint","urlTemplate":"https:\/\/noti-america.com\/site\/principal\/?s={search_term_string}"},"query-input":{"@type":"PropertyValueSpecification","valueRequired":true,"valueName":"search_term_string"}}],"inLanguage":"es"},{"@type":"Person","@id":"https:\/\/noti-america.com\/site\/principal\/#\/schema\/person\/3b975e42f15abfe64bfe3abdd916efda","name":"Gregory Quintana Montiel","image":{"@type":"ImageObject","inLanguage":"es","@id":"https:\/\/secure.gravatar.com\/avatar\/2d6b802f7720c2ec7744dcbe608cc2f3417aeb964d58b443c6d612b77531de1d?s=96&d=mm&r=g","url":"https:\/\/secure.gravatar.com\/avatar\/2d6b802f7720c2ec7744dcbe608cc2f3417aeb964d58b443c6d612b77531de1d?s=96&d=mm&r=g","contentUrl":"https:\/\/secure.gravatar.com\/avatar\/2d6b802f7720c2ec7744dcbe608cc2f3417aeb964d58b443c6d612b77531de1d?s=96&d=mm&r=g","caption":"Gregory Quintana Montiel"},"description":"Licenciatura en Ciencias de la Comunicaci\u00f3n Social, egresado en la Especializaci\u00f3n Derecho Ambiental Desarrollo Sostenible y Sustentable, Miembro de la Comunidad de profesionales y experto para Latinoam\u00e9rica y el Caribe en Gesti\u00f3n por Resultado en el Desarrollo (COPLAC - GpRD) del Banco Interamericano de Desarrollo, experiencia en medios radiales y escritos.","sameAs":["https:\/\/x.com\/gdgregori1","gquintana"],"url":"https:\/\/noti-america.com\/site\/principal\/author\/gquintana\/"}]}},"_links":{"self":[{"href":"https:\/\/noti-america.com\/site\/principal\/wp-json\/wp\/v2\/posts\/87393","targetHints":{"allow":["GET"]}}],"collection":[{"href":"https:\/\/noti-america.com\/site\/principal\/wp-json\/wp\/v2\/posts"}],"about":[{"href":"https:\/\/noti-america.com\/site\/principal\/wp-json\/wp\/v2\/types\/post"}],"author":[{"embeddable":true,"href":"https:\/\/noti-america.com\/site\/principal\/wp-json\/wp\/v2\/users\/17"}],"replies":[{"embeddable":true,"href":"https:\/\/noti-america.com\/site\/principal\/wp-json\/wp\/v2\/comments?post=87393"}],"version-history":[{"count":1,"href":"https:\/\/noti-america.com\/site\/principal\/wp-json\/wp\/v2\/posts\/87393\/revisions"}],"predecessor-version":[{"id":87399,"href":"https:\/\/noti-america.com\/site\/principal\/wp-json\/wp\/v2\/posts\/87393\/revisions\/87399"}],"wp:featuredmedia":[{"embeddable":true,"href":"https:\/\/noti-america.com\/site\/principal\/wp-json\/wp\/v2\/media\/87394"}],"wp:attachment":[{"href":"https:\/\/noti-america.com\/site\/principal\/wp-json\/wp\/v2\/media?parent=87393"}],"wp:term":[{"taxonomy":"category","embeddable":true,"href":"https:\/\/noti-america.com\/site\/principal\/wp-json\/wp\/v2\/categories?post=87393"},{"taxonomy":"post_tag","embeddable":true,"href":"https:\/\/noti-america.com\/site\/principal\/wp-json\/wp\/v2\/tags?post=87393"}],"curies":[{"name":"wp","href":"https:\/\/api.w.org\/{rel}","templated":true}]}}