{"id":87382,"date":"2026-04-26T12:58:59","date_gmt":"2026-04-26T16:58:59","guid":{"rendered":"https:\/\/noti-america.com\/site\/principal\/2026\/04\/26\/dice-alianza-nacional-tpstepesianos-deben-participar-en-campanas-ante-peligro-de-eliminacion-de-proteccion-temporal\/"},"modified":"2026-04-26T13:59:09","modified_gmt":"2026-04-26T17:59:09","slug":"dice-alianza-nacional-tpstepesianos-deben-participar-en-campanas-ante-peligro-de-eliminacion-de-proteccion-temporal","status":"publish","type":"post","link":"https:\/\/noti-america.com\/site\/principal\/2026\/04\/26\/dice-alianza-nacional-tpstepesianos-deben-participar-en-campanas-ante-peligro-de-eliminacion-de-proteccion-temporal\/","title":{"rendered":"Dice: Alianza Nacional TPS:\u00bbTepesianos deben participar en campa\u00f1as, ante peligro de eliminaci\u00f3n de protecci\u00f3n temporal\u00bb."},"content":{"rendered":"<p>Millones de inmigrantes con TPS (incluyendo miles de venezolanos)pueden quedarse sin protecci\u00f3n migratoria TPS.<\/p>\n<p>Jose Palma, coordinador nacional TPS de ANTPS invita a participar en campa\u00f1as antes de la decisi\u00f3n de la Corte Suprema programada para Junio o Julio.<\/p>\n<p><img loading=\"lazy\" decoding=\"async\" class=\"alignnone size-medium wp-image-87383\" src=\"https:\/\/noti-america.com\/site\/principal\/wp-content\/uploads\/sites\/26\/2026\/04\/Screenshot_20260426_124556_Gallery-1-173x300.jpg\" alt=\"\" width=\"173\" height=\"300\" srcset=\"https:\/\/noti-america.com\/site\/principal\/wp-content\/uploads\/sites\/26\/2026\/04\/Screenshot_20260426_124556_Gallery-1-173x300.jpg 173w, https:\/\/noti-america.com\/site\/principal\/wp-content\/uploads\/sites\/26\/2026\/04\/Screenshot_20260426_124556_Gallery-1-590x1024.jpg 590w, https:\/\/noti-america.com\/site\/principal\/wp-content\/uploads\/sites\/26\/2026\/04\/Screenshot_20260426_124556_Gallery-1-768x1332.jpg 768w, https:\/\/noti-america.com\/site\/principal\/wp-content\/uploads\/sites\/26\/2026\/04\/Screenshot_20260426_124556_Gallery-1-886x1536.jpg 886w, https:\/\/noti-america.com\/site\/principal\/wp-content\/uploads\/sites\/26\/2026\/04\/Screenshot_20260426_124556_Gallery-1.jpg 1080w\" sizes=\"auto, (max-width: 173px) 100vw, 173px\" \/><\/p>\n<p>Jos\u00e9 Palma, coodinador Nacional TPS de ANTPS durante entrevista con periodists Ana B\u00e1rcenas de noti-america.com<\/p>\n<p>Jose Palma Coordinador Nacional de la Alianza Nacional TPS, recomienda a todos los tepesianos que est\u00e9n pendientes de la venidera audiencia que se llevara a cabo este 29 de Abril, porque impactar\u00e1 a toda la comunidad.<\/p>\n<p>\u201cEl 29 de Abril la Corte Suprema estar\u00e1 escuchando un caso sobre TPS que aunque en el papel dice Siria y Hait\u00ed, la decisi\u00f3n impactar\u00e1 a toda la comunidad tepesiana (incluida la comunidad con TPS de Venezuela), pero la lucha todav\u00eda continua, no est\u00e1 todo perdido y por eso es que queremos que toda la gente se de cuenta de lo que suceder\u00e1 este 29 de Abril all\u00e1 en la Corte Suprema, en Washington DC\u201d.<\/p>\n<div class=\"video-container\"><iframe loading=\"lazy\" title=\"Alianza Nacional TPS  Corte Suprema USA Junio 2026. Ana B\u00e1rcenas noti-america.com \" width=\"500\" height=\"281\" src=\"https:\/\/www.youtube.com\/embed\/xxEMxCQTWZ0?feature=oembed&#038;wmode=opaque\" frameborder=\"0\" allow=\"accelerometer; autoplay; clipboard-write; encrypted-media; gyroscope; picture-in-picture; web-share\" referrerpolicy=\"strict-origin-when-cross-origin\" allowfullscreen><\/iframe><\/div>\n<p>Video reportaje: periodista Ana B\u00e1rcenas<\/p>\n<p>Como se recordar\u00e1 la Alianza Nacional TPS lidera la lucha para proteger y asegurar una residencia permanente a m\u00e1s de un mill\u00f3n de beneficiarios del Estatus de Protecci\u00f3n Temporal (TPS) de pa\u00edses como El Salvador, Honduras, Hait\u00ed, Venezuela y Ucrania. Tambi\u00e9n enfrentan desaf\u00edos legales y renovaciones de TPS (Hait\u00ed, Etiop\u00eda, Birmania), con acciones federales pausando la terminaci\u00f3n del estatus.<\/p>\n<p><img loading=\"lazy\" decoding=\"async\" class=\"alignnone size-medium wp-image-87385\" src=\"https:\/\/noti-america.com\/site\/principal\/wp-content\/uploads\/sites\/26\/2026\/04\/Screenshot_20260425_110948_Chrome-1-166x300.jpg\" alt=\"\" width=\"166\" height=\"300\" srcset=\"https:\/\/noti-america.com\/site\/principal\/wp-content\/uploads\/sites\/26\/2026\/04\/Screenshot_20260425_110948_Chrome-1-166x300.jpg 166w, https:\/\/noti-america.com\/site\/principal\/wp-content\/uploads\/sites\/26\/2026\/04\/Screenshot_20260425_110948_Chrome-1-568x1024.jpg 568w, https:\/\/noti-america.com\/site\/principal\/wp-content\/uploads\/sites\/26\/2026\/04\/Screenshot_20260425_110948_Chrome-1-768x1385.jpg 768w, https:\/\/noti-america.com\/site\/principal\/wp-content\/uploads\/sites\/26\/2026\/04\/Screenshot_20260425_110948_Chrome-1-852x1536.jpg 852w, https:\/\/noti-america.com\/site\/principal\/wp-content\/uploads\/sites\/26\/2026\/04\/Screenshot_20260425_110948_Chrome-1.jpg 1080w\" sizes=\"auto, (max-width: 166px) 100vw, 166px\" \/><\/p>\n<p>&nbsp;<\/p>\n<p>Es as\u00ed como Jose Palma, coordinador nacional de A.N.T.P.S. este 24 de Abril 2026, realiz\u00f3 un llamado claro y preciso porque a mediados de Junio Julio se debe tener una decisi\u00f3n.<\/p>\n<p>\u201cLa comunidad venezolana y toda la comunidad con TPS debe seguir esto de cerca, porque la Corte Suprema estar\u00e1 escuchando argumentos eventualmente. Se espera que como en Junio \u00f3 Julio tomen una decisi\u00f3n. S\u00ed la decisi\u00f3n es a favor del gobierno, pr\u00e1cticamente estar\u00edan afectando todo los casos legales (incluidos los que tiene la Alianza Nacional TPS para proteger a la comunidad)\u201d.<\/p>\n<p>\u201cTambi\u00e9n es importante estar involucrado porque al final del d\u00eda, una soluci\u00f3n solamente se puede lograr por medio del Congreso y emplearemos los pr\u00f3ximos meses para hacer todo lo que podamos para buscar una soluci\u00f3n\u201d.<\/p>\n<p>Igualmente Palma se\u00f1al\u00f3: \u201cNosotros como Alianza Nacional TPS estamos invitando a toda la comunidad a mantenerse vigilante de lo que suceder\u00e1 en la Corte Suprema, pero tambi\u00e9n les estamos invitando a participar activamente en la campana para buscar una soluci\u00f3n legislativa; de lo contrario, estamos en peligro de quedarnos sin la protecci\u00f3n migratoria y todos podemos participar en esta clase de campana\u201d.<\/p>\n<p><img loading=\"lazy\" decoding=\"async\" class=\"alignnone size-medium wp-image-87387\" src=\"https:\/\/noti-america.com\/site\/principal\/wp-content\/uploads\/sites\/26\/2026\/04\/Screenshot_20260425_122327_Chrome-300x173.jpg\" alt=\"\" width=\"300\" height=\"173\" srcset=\"https:\/\/noti-america.com\/site\/principal\/wp-content\/uploads\/sites\/26\/2026\/04\/Screenshot_20260425_122327_Chrome-300x173.jpg 300w, https:\/\/noti-america.com\/site\/principal\/wp-content\/uploads\/sites\/26\/2026\/04\/Screenshot_20260425_122327_Chrome-768x444.jpg 768w, https:\/\/noti-america.com\/site\/principal\/wp-content\/uploads\/sites\/26\/2026\/04\/Screenshot_20260425_122327_Chrome.jpg 931w\" sizes=\"auto, (max-width: 300px) 100vw, 300px\" \/><\/p>\n<p><img loading=\"lazy\" decoding=\"async\" class=\"alignnone size-medium wp-image-87389\" src=\"https:\/\/noti-america.com\/site\/principal\/wp-content\/uploads\/sites\/26\/2026\/04\/Screenshot_20260425_122507_Chrome-300x221.jpg\" alt=\"\" width=\"300\" height=\"221\" srcset=\"https:\/\/noti-america.com\/site\/principal\/wp-content\/uploads\/sites\/26\/2026\/04\/Screenshot_20260425_122507_Chrome-300x221.jpg 300w, https:\/\/noti-america.com\/site\/principal\/wp-content\/uploads\/sites\/26\/2026\/04\/Screenshot_20260425_122507_Chrome-768x567.jpg 768w, https:\/\/noti-america.com\/site\/principal\/wp-content\/uploads\/sites\/26\/2026\/04\/Screenshot_20260425_122507_Chrome.jpg 812w\" sizes=\"auto, (max-width: 300px) 100vw, 300px\" \/><\/p>\n<p>La petici\u00f3n es que la comunidad este conectada con la Alianza Nacional TPS y cualquier otra organizaci\u00f3n que este haciendo esfuerzos para proteger a la comunidad con TPS.<\/p>\n<p>\u201cLa Alianza Nacional TPS esta organizada en Comit\u00e9s en todas partes del pa\u00eds. Tenemos Comit\u00e9s en Houston Texas, en la Florida, en Giorgia,, Masashuset,New york y otros; pueden entrar a nuestra pagina web https:\/\/www.nationaltpsalliance.org\/es\/ para observar la informaci\u00f3n de los Comit\u00e9s y tambi\u00e9n tenemos la membres\u00eda digital.<\/p>\n<p>\u201cLo anteriormente expuesto es importante porque existe la posibilidad de que s\u00ed se gana en la corte y los jueces deciden que la decisi\u00f3n beneficia solamente a los demandantes, entonces siendo miembro de la Alianza podr\u00edan tambi\u00e9n ser protegidos s\u00ed se llega a tomar una decisi\u00f3n que sea beneficiosa solo para los demandantes\u201d.<\/p>\n","protected":false},"excerpt":{"rendered":"<p>Millones de inmigrantes con TPS (incluyendo miles de venezolanos)pueden quedarse sin protecci\u00f3n migratoria TPS. Jose Palma, coordinador nacional TPS de ANTPS invita a participar en campa\u00f1as antes de la decisi\u00f3n de la Corte Suprema&#46;&#46;&#46;<\/p>\n","protected":false},"author":123,"featured_media":87391,"comment_status":"closed","ping_status":"open","sticky":false,"template":"","format":"standard","meta":{"_acf_changed":false,"rop_custom_images_group":[],"rop_custom_messages_group":[],"rop_publish_now":"initial","rop_publish_now_accounts":{"facebook_10219548024599422_1632221337088128":"","twitter_242054905_242054905":""},"rop_publish_now_history":[],"rop_publish_now_status":"pending","footnotes":""},"categories":[70,187,627,100],"tags":[],"class_list":["post-87382","post","type-post","status-publish","format-standard","has-post-thumbnail","hentry","category-eeuu","category-inmigrantes","category-migracion","category-venezuela"],"acf":[],"yoast_head":"<!-- This site is optimized with the Yoast SEO Premium plugin v24.9 (Yoast SEO v27.2) - https:\/\/yoast.com\/product\/yoast-seo-premium-wordpress\/ -->\n<title>Dice: Alianza Nacional TPS:\u00bbTepesianos deben participar en campa\u00f1as, ante peligro de eliminaci\u00f3n de protecci\u00f3n temporal\u00bb. - Noti-America.com<\/title>\n<meta name=\"robots\" content=\"index, follow, max-snippet:-1, max-image-preview:large, max-video-preview:-1\" \/>\n<link rel=\"canonical\" href=\"https:\/\/noti-america.com\/site\/principal\/2026\/04\/26\/dice-alianza-nacional-tpstepesianos-deben-participar-en-campanas-ante-peligro-de-eliminacion-de-proteccion-temporal\/\" \/>\n<meta property=\"og:locale\" content=\"es_ES\" \/>\n<meta property=\"og:type\" content=\"article\" \/>\n<meta property=\"og:title\" content=\"Dice: Alianza Nacional TPS:\u00bbTepesianos deben participar en campa\u00f1as, ante peligro de eliminaci\u00f3n de protecci\u00f3n temporal\u00bb.\" \/>\n<meta property=\"og:description\" content=\"Millones de inmigrantes con TPS (incluyendo miles de venezolanos)pueden quedarse sin protecci\u00f3n migratoria TPS. Jose Palma, coordinador nacional TPS de ANTPS invita a participar en campa\u00f1as antes de la decisi\u00f3n de la Corte Suprema&#046;&#046;&#046;\" \/>\n<meta property=\"og:url\" content=\"https:\/\/noti-america.com\/site\/principal\/2026\/04\/26\/dice-alianza-nacional-tpstepesianos-deben-participar-en-campanas-ante-peligro-de-eliminacion-de-proteccion-temporal\/\" \/>\n<meta property=\"og:site_name\" content=\"Noti-America.com\" \/>\n<meta property=\"article:published_time\" content=\"2026-04-26T16:58:59+00:00\" \/>\n<meta property=\"article:modified_time\" content=\"2026-04-26T17:59:09+00:00\" \/>\n<meta property=\"og:image\" content=\"https:\/\/noti-america.com\/site\/principal\/wp-content\/uploads\/sites\/26\/2026\/04\/FotoCollage_2026426125745411.jpg\" \/>\n\t<meta property=\"og:image:width\" content=\"1920\" \/>\n\t<meta property=\"og:image:height\" content=\"1920\" \/>\n\t<meta property=\"og:image:type\" content=\"image\/jpeg\" \/>\n<meta name=\"author\" content=\"Ana Barcenas\" \/>\n<meta name=\"twitter:card\" content=\"summary_large_image\" \/>\n<meta name=\"twitter:label1\" content=\"Escrito por\" \/>\n\t<meta name=\"twitter:data1\" content=\"Ana Barcenas\" \/>\n\t<meta name=\"twitter:label2\" content=\"Tiempo estimado de lectura\" \/>\n\t<meta name=\"twitter:data2\" content=\"3 minutos\" \/>\n<script type=\"application\/ld+json\" class=\"yoast-schema-graph\">{\"@context\":\"https:\/\/schema.org\",\"@graph\":[{\"@type\":\"Article\",\"@id\":\"https:\/\/noti-america.com\/site\/principal\/2026\/04\/26\/dice-alianza-nacional-tpstepesianos-deben-participar-en-campanas-ante-peligro-de-eliminacion-de-proteccion-temporal\/#article\",\"isPartOf\":{\"@id\":\"https:\/\/noti-america.com\/site\/principal\/2026\/04\/26\/dice-alianza-nacional-tpstepesianos-deben-participar-en-campanas-ante-peligro-de-eliminacion-de-proteccion-temporal\/\"},\"author\":{\"name\":\"Ana Barcenas\",\"@id\":\"https:\/\/noti-america.com\/site\/principal\/#\/schema\/person\/9b1ee1ddaea5ee819cea44c266b01c5c\"},\"headline\":\"Dice: Alianza Nacional TPS:\u00bbTepesianos deben participar en campa\u00f1as, ante peligro de eliminaci\u00f3n de protecci\u00f3n temporal\u00bb.\",\"datePublished\":\"2026-04-26T16:58:59+00:00\",\"dateModified\":\"2026-04-26T17:59:09+00:00\",\"mainEntityOfPage\":{\"@id\":\"https:\/\/noti-america.com\/site\/principal\/2026\/04\/26\/dice-alianza-nacional-tpstepesianos-deben-participar-en-campanas-ante-peligro-de-eliminacion-de-proteccion-temporal\/\"},\"wordCount\":620,\"image\":{\"@id\":\"https:\/\/noti-america.com\/site\/principal\/2026\/04\/26\/dice-alianza-nacional-tpstepesianos-deben-participar-en-campanas-ante-peligro-de-eliminacion-de-proteccion-temporal\/#primaryimage\"},\"thumbnailUrl\":\"https:\/\/noti-america.com\/site\/principal\/wp-content\/uploads\/sites\/26\/2026\/04\/FotoCollage_2026426125745411.jpg\",\"articleSection\":[\"EEUU\",\"inmigrantes\",\"Migraci\u00f3n\",\"Venezuela\"],\"inLanguage\":\"es\"},{\"@type\":\"WebPage\",\"@id\":\"https:\/\/noti-america.com\/site\/principal\/2026\/04\/26\/dice-alianza-nacional-tpstepesianos-deben-participar-en-campanas-ante-peligro-de-eliminacion-de-proteccion-temporal\/\",\"url\":\"https:\/\/noti-america.com\/site\/principal\/2026\/04\/26\/dice-alianza-nacional-tpstepesianos-deben-participar-en-campanas-ante-peligro-de-eliminacion-de-proteccion-temporal\/\",\"name\":\"Dice: Alianza Nacional TPS:\u00bbTepesianos deben participar en campa\u00f1as, ante peligro de eliminaci\u00f3n de protecci\u00f3n temporal\u00bb. - Noti-America.com\",\"isPartOf\":{\"@id\":\"https:\/\/noti-america.com\/site\/principal\/#website\"},\"primaryImageOfPage\":{\"@id\":\"https:\/\/noti-america.com\/site\/principal\/2026\/04\/26\/dice-alianza-nacional-tpstepesianos-deben-participar-en-campanas-ante-peligro-de-eliminacion-de-proteccion-temporal\/#primaryimage\"},\"image\":{\"@id\":\"https:\/\/noti-america.com\/site\/principal\/2026\/04\/26\/dice-alianza-nacional-tpstepesianos-deben-participar-en-campanas-ante-peligro-de-eliminacion-de-proteccion-temporal\/#primaryimage\"},\"thumbnailUrl\":\"https:\/\/noti-america.com\/site\/principal\/wp-content\/uploads\/sites\/26\/2026\/04\/FotoCollage_2026426125745411.jpg\",\"datePublished\":\"2026-04-26T16:58:59+00:00\",\"dateModified\":\"2026-04-26T17:59:09+00:00\",\"author\":{\"@id\":\"https:\/\/noti-america.com\/site\/principal\/#\/schema\/person\/9b1ee1ddaea5ee819cea44c266b01c5c\"},\"breadcrumb\":{\"@id\":\"https:\/\/noti-america.com\/site\/principal\/2026\/04\/26\/dice-alianza-nacional-tpstepesianos-deben-participar-en-campanas-ante-peligro-de-eliminacion-de-proteccion-temporal\/#breadcrumb\"},\"inLanguage\":\"es\",\"potentialAction\":[{\"@type\":\"ReadAction\",\"target\":[\"https:\/\/noti-america.com\/site\/principal\/2026\/04\/26\/dice-alianza-nacional-tpstepesianos-deben-participar-en-campanas-ante-peligro-de-eliminacion-de-proteccion-temporal\/\"]}]},{\"@type\":\"ImageObject\",\"inLanguage\":\"es\",\"@id\":\"https:\/\/noti-america.com\/site\/principal\/2026\/04\/26\/dice-alianza-nacional-tpstepesianos-deben-participar-en-campanas-ante-peligro-de-eliminacion-de-proteccion-temporal\/#primaryimage\",\"url\":\"https:\/\/noti-america.com\/site\/principal\/wp-content\/uploads\/sites\/26\/2026\/04\/FotoCollage_2026426125745411.jpg\",\"contentUrl\":\"https:\/\/noti-america.com\/site\/principal\/wp-content\/uploads\/sites\/26\/2026\/04\/FotoCollage_2026426125745411.jpg\",\"width\":1920,\"height\":1920},{\"@type\":\"BreadcrumbList\",\"@id\":\"https:\/\/noti-america.com\/site\/principal\/2026\/04\/26\/dice-alianza-nacional-tpstepesianos-deben-participar-en-campanas-ante-peligro-de-eliminacion-de-proteccion-temporal\/#breadcrumb\",\"itemListElement\":[{\"@type\":\"ListItem\",\"position\":1,\"name\":\"Portada\",\"item\":\"https:\/\/noti-america.com\/site\/principal\/\"},{\"@type\":\"ListItem\",\"position\":2,\"name\":\"Dice: Alianza Nacional TPS:\u00bbTepesianos deben participar en campa\u00f1as, ante peligro de eliminaci\u00f3n de protecci\u00f3n temporal\u00bb.\"}]},{\"@type\":\"WebSite\",\"@id\":\"https:\/\/noti-america.com\/site\/principal\/#website\",\"url\":\"https:\/\/noti-america.com\/site\/principal\/\",\"name\":\"Noti-America.com\",\"description\":\"El Noticiero Digital M\u00e1s Grande de Am\u00e9rica\",\"potentialAction\":[{\"@type\":\"SearchAction\",\"target\":{\"@type\":\"EntryPoint\",\"urlTemplate\":\"https:\/\/noti-america.com\/site\/principal\/?s={search_term_string}\"},\"query-input\":{\"@type\":\"PropertyValueSpecification\",\"valueRequired\":true,\"valueName\":\"search_term_string\"}}],\"inLanguage\":\"es\"},{\"@type\":\"Person\",\"@id\":\"https:\/\/noti-america.com\/site\/principal\/#\/schema\/person\/9b1ee1ddaea5ee819cea44c266b01c5c\",\"name\":\"Ana Barcenas\",\"image\":{\"@type\":\"ImageObject\",\"inLanguage\":\"es\",\"@id\":\"https:\/\/secure.gravatar.com\/avatar\/9dcad906d2cd708cbb2e2d43908c55de4cd28d6a82d2a3576e035c3fac0fb066?s=96&d=mm&r=g\",\"url\":\"https:\/\/secure.gravatar.com\/avatar\/9dcad906d2cd708cbb2e2d43908c55de4cd28d6a82d2a3576e035c3fac0fb066?s=96&d=mm&r=g\",\"contentUrl\":\"https:\/\/secure.gravatar.com\/avatar\/9dcad906d2cd708cbb2e2d43908c55de4cd28d6a82d2a3576e035c3fac0fb066?s=96&d=mm&r=g\",\"caption\":\"Ana Barcenas\"},\"description\":\"Ana B\u00e1rcenas DESEMPE\u00d1O EN LA COMUNICACI\u00d3N SOCIAL 2017- actualidad Directora de Prensa Noti-am\u00e9rica.com en Texas. 2016-2017 Global Communication AB 2015 Asesor\u00edas de Comunicaci\u00f3n e Investigaci\u00f3n 2011 -2015 Periodismo Impreso Revista Publiservice 2010-2012 Junta Directiva de Colegio Nacional Periodistas Lara, Secretaria de Publicaciones 2006-2004 Coordinadora del Programa Radial Somos UFT. Somos 3.5fm 2002 -2003 Jefe del Departamento de Comunicaci\u00f3n Corporativa de la Universidad Yacamb\u00fa 2001-2002 Coordinadora del Centro Regional Audiovisual de la Gobernaci\u00f3n de Lara 2000-2001 Reportera y Narradora de Promar TV 2000 Reportera de Televisi\u00f3n en NCTV 1999-2000 Asesor\u00eda Comunicacional a Gerteca.Org de Demanda Habitacional 1996-1999 Periodista Institucional en la Direcci\u00f3n de Prensa de la Alcald\u00eda de Iribarren 1997 Conducci\u00f3n Producci\u00f3n del Programa Radial de Informaci\u00f3n y opini\u00f3n Amanecer Informativo. Cyma94 1996 Reportera Radial en Cristal y Radio Barquisimeto 1995 -1996 Reportera de Televisi\u00f3n en Telecentro 1993-1994 Reportera de Televisi\u00f3n en TV Guayana 1992-1993 Reportera Gr\u00e1fica en CORPOZULIA\",\"url\":\"https:\/\/noti-america.com\/site\/principal\/author\/abarcenas\/\"}]}<\/script>\n<!-- \/ Yoast SEO Premium plugin. -->","yoast_head_json":{"title":"Dice: Alianza Nacional TPS:\u00bbTepesianos deben participar en campa\u00f1as, ante peligro de eliminaci\u00f3n de protecci\u00f3n temporal\u00bb. - Noti-America.com","robots":{"index":"index","follow":"follow","max-snippet":"max-snippet:-1","max-image-preview":"max-image-preview:large","max-video-preview":"max-video-preview:-1"},"canonical":"https:\/\/noti-america.com\/site\/principal\/2026\/04\/26\/dice-alianza-nacional-tpstepesianos-deben-participar-en-campanas-ante-peligro-de-eliminacion-de-proteccion-temporal\/","og_locale":"es_ES","og_type":"article","og_title":"Dice: Alianza Nacional TPS:\u00bbTepesianos deben participar en campa\u00f1as, ante peligro de eliminaci\u00f3n de protecci\u00f3n temporal\u00bb.","og_description":"Millones de inmigrantes con TPS (incluyendo miles de venezolanos)pueden quedarse sin protecci\u00f3n migratoria TPS. Jose Palma, coordinador nacional TPS de ANTPS invita a participar en campa\u00f1as antes de la decisi\u00f3n de la Corte Suprema&#46;&#46;&#46;","og_url":"https:\/\/noti-america.com\/site\/principal\/2026\/04\/26\/dice-alianza-nacional-tpstepesianos-deben-participar-en-campanas-ante-peligro-de-eliminacion-de-proteccion-temporal\/","og_site_name":"Noti-America.com","article_published_time":"2026-04-26T16:58:59+00:00","article_modified_time":"2026-04-26T17:59:09+00:00","og_image":[{"width":1920,"height":1920,"url":"https:\/\/noti-america.com\/site\/principal\/wp-content\/uploads\/sites\/26\/2026\/04\/FotoCollage_2026426125745411.jpg","type":"image\/jpeg"}],"author":"Ana Barcenas","twitter_card":"summary_large_image","twitter_misc":{"Escrito por":"Ana Barcenas","Tiempo estimado de lectura":"3 minutos"},"schema":{"@context":"https:\/\/schema.org","@graph":[{"@type":"Article","@id":"https:\/\/noti-america.com\/site\/principal\/2026\/04\/26\/dice-alianza-nacional-tpstepesianos-deben-participar-en-campanas-ante-peligro-de-eliminacion-de-proteccion-temporal\/#article","isPartOf":{"@id":"https:\/\/noti-america.com\/site\/principal\/2026\/04\/26\/dice-alianza-nacional-tpstepesianos-deben-participar-en-campanas-ante-peligro-de-eliminacion-de-proteccion-temporal\/"},"author":{"name":"Ana Barcenas","@id":"https:\/\/noti-america.com\/site\/principal\/#\/schema\/person\/9b1ee1ddaea5ee819cea44c266b01c5c"},"headline":"Dice: Alianza Nacional TPS:\u00bbTepesianos deben participar en campa\u00f1as, ante peligro de eliminaci\u00f3n de protecci\u00f3n temporal\u00bb.","datePublished":"2026-04-26T16:58:59+00:00","dateModified":"2026-04-26T17:59:09+00:00","mainEntityOfPage":{"@id":"https:\/\/noti-america.com\/site\/principal\/2026\/04\/26\/dice-alianza-nacional-tpstepesianos-deben-participar-en-campanas-ante-peligro-de-eliminacion-de-proteccion-temporal\/"},"wordCount":620,"image":{"@id":"https:\/\/noti-america.com\/site\/principal\/2026\/04\/26\/dice-alianza-nacional-tpstepesianos-deben-participar-en-campanas-ante-peligro-de-eliminacion-de-proteccion-temporal\/#primaryimage"},"thumbnailUrl":"https:\/\/noti-america.com\/site\/principal\/wp-content\/uploads\/sites\/26\/2026\/04\/FotoCollage_2026426125745411.jpg","articleSection":["EEUU","inmigrantes","Migraci\u00f3n","Venezuela"],"inLanguage":"es"},{"@type":"WebPage","@id":"https:\/\/noti-america.com\/site\/principal\/2026\/04\/26\/dice-alianza-nacional-tpstepesianos-deben-participar-en-campanas-ante-peligro-de-eliminacion-de-proteccion-temporal\/","url":"https:\/\/noti-america.com\/site\/principal\/2026\/04\/26\/dice-alianza-nacional-tpstepesianos-deben-participar-en-campanas-ante-peligro-de-eliminacion-de-proteccion-temporal\/","name":"Dice: Alianza Nacional TPS:\u00bbTepesianos deben participar en campa\u00f1as, ante peligro de eliminaci\u00f3n de protecci\u00f3n temporal\u00bb. - Noti-America.com","isPartOf":{"@id":"https:\/\/noti-america.com\/site\/principal\/#website"},"primaryImageOfPage":{"@id":"https:\/\/noti-america.com\/site\/principal\/2026\/04\/26\/dice-alianza-nacional-tpstepesianos-deben-participar-en-campanas-ante-peligro-de-eliminacion-de-proteccion-temporal\/#primaryimage"},"image":{"@id":"https:\/\/noti-america.com\/site\/principal\/2026\/04\/26\/dice-alianza-nacional-tpstepesianos-deben-participar-en-campanas-ante-peligro-de-eliminacion-de-proteccion-temporal\/#primaryimage"},"thumbnailUrl":"https:\/\/noti-america.com\/site\/principal\/wp-content\/uploads\/sites\/26\/2026\/04\/FotoCollage_2026426125745411.jpg","datePublished":"2026-04-26T16:58:59+00:00","dateModified":"2026-04-26T17:59:09+00:00","author":{"@id":"https:\/\/noti-america.com\/site\/principal\/#\/schema\/person\/9b1ee1ddaea5ee819cea44c266b01c5c"},"breadcrumb":{"@id":"https:\/\/noti-america.com\/site\/principal\/2026\/04\/26\/dice-alianza-nacional-tpstepesianos-deben-participar-en-campanas-ante-peligro-de-eliminacion-de-proteccion-temporal\/#breadcrumb"},"inLanguage":"es","potentialAction":[{"@type":"ReadAction","target":["https:\/\/noti-america.com\/site\/principal\/2026\/04\/26\/dice-alianza-nacional-tpstepesianos-deben-participar-en-campanas-ante-peligro-de-eliminacion-de-proteccion-temporal\/"]}]},{"@type":"ImageObject","inLanguage":"es","@id":"https:\/\/noti-america.com\/site\/principal\/2026\/04\/26\/dice-alianza-nacional-tpstepesianos-deben-participar-en-campanas-ante-peligro-de-eliminacion-de-proteccion-temporal\/#primaryimage","url":"https:\/\/noti-america.com\/site\/principal\/wp-content\/uploads\/sites\/26\/2026\/04\/FotoCollage_2026426125745411.jpg","contentUrl":"https:\/\/noti-america.com\/site\/principal\/wp-content\/uploads\/sites\/26\/2026\/04\/FotoCollage_2026426125745411.jpg","width":1920,"height":1920},{"@type":"BreadcrumbList","@id":"https:\/\/noti-america.com\/site\/principal\/2026\/04\/26\/dice-alianza-nacional-tpstepesianos-deben-participar-en-campanas-ante-peligro-de-eliminacion-de-proteccion-temporal\/#breadcrumb","itemListElement":[{"@type":"ListItem","position":1,"name":"Portada","item":"https:\/\/noti-america.com\/site\/principal\/"},{"@type":"ListItem","position":2,"name":"Dice: Alianza Nacional TPS:\u00bbTepesianos deben participar en campa\u00f1as, ante peligro de eliminaci\u00f3n de protecci\u00f3n temporal\u00bb."}]},{"@type":"WebSite","@id":"https:\/\/noti-america.com\/site\/principal\/#website","url":"https:\/\/noti-america.com\/site\/principal\/","name":"Noti-America.com","description":"El Noticiero Digital M\u00e1s Grande de Am\u00e9rica","potentialAction":[{"@type":"SearchAction","target":{"@type":"EntryPoint","urlTemplate":"https:\/\/noti-america.com\/site\/principal\/?s={search_term_string}"},"query-input":{"@type":"PropertyValueSpecification","valueRequired":true,"valueName":"search_term_string"}}],"inLanguage":"es"},{"@type":"Person","@id":"https:\/\/noti-america.com\/site\/principal\/#\/schema\/person\/9b1ee1ddaea5ee819cea44c266b01c5c","name":"Ana Barcenas","image":{"@type":"ImageObject","inLanguage":"es","@id":"https:\/\/secure.gravatar.com\/avatar\/9dcad906d2cd708cbb2e2d43908c55de4cd28d6a82d2a3576e035c3fac0fb066?s=96&d=mm&r=g","url":"https:\/\/secure.gravatar.com\/avatar\/9dcad906d2cd708cbb2e2d43908c55de4cd28d6a82d2a3576e035c3fac0fb066?s=96&d=mm&r=g","contentUrl":"https:\/\/secure.gravatar.com\/avatar\/9dcad906d2cd708cbb2e2d43908c55de4cd28d6a82d2a3576e035c3fac0fb066?s=96&d=mm&r=g","caption":"Ana Barcenas"},"description":"Ana B\u00e1rcenas DESEMPE\u00d1O EN LA COMUNICACI\u00d3N SOCIAL 2017- actualidad Directora de Prensa Noti-am\u00e9rica.com en Texas. 2016-2017 Global Communication AB 2015 Asesor\u00edas de Comunicaci\u00f3n e Investigaci\u00f3n 2011 -2015 Periodismo Impreso Revista Publiservice 2010-2012 Junta Directiva de Colegio Nacional Periodistas Lara, Secretaria de Publicaciones 2006-2004 Coordinadora del Programa Radial Somos UFT. Somos 3.5fm 2002 -2003 Jefe del Departamento de Comunicaci\u00f3n Corporativa de la Universidad Yacamb\u00fa 2001-2002 Coordinadora del Centro Regional Audiovisual de la Gobernaci\u00f3n de Lara 2000-2001 Reportera y Narradora de Promar TV 2000 Reportera de Televisi\u00f3n en NCTV 1999-2000 Asesor\u00eda Comunicacional a Gerteca.Org de Demanda Habitacional 1996-1999 Periodista Institucional en la Direcci\u00f3n de Prensa de la Alcald\u00eda de Iribarren 1997 Conducci\u00f3n Producci\u00f3n del Programa Radial de Informaci\u00f3n y opini\u00f3n Amanecer Informativo. Cyma94 1996 Reportera Radial en Cristal y Radio Barquisimeto 1995 -1996 Reportera de Televisi\u00f3n en Telecentro 1993-1994 Reportera de Televisi\u00f3n en TV Guayana 1992-1993 Reportera Gr\u00e1fica en CORPOZULIA","url":"https:\/\/noti-america.com\/site\/principal\/author\/abarcenas\/"}]}},"_links":{"self":[{"href":"https:\/\/noti-america.com\/site\/principal\/wp-json\/wp\/v2\/posts\/87382","targetHints":{"allow":["GET"]}}],"collection":[{"href":"https:\/\/noti-america.com\/site\/principal\/wp-json\/wp\/v2\/posts"}],"about":[{"href":"https:\/\/noti-america.com\/site\/principal\/wp-json\/wp\/v2\/types\/post"}],"author":[{"embeddable":true,"href":"https:\/\/noti-america.com\/site\/principal\/wp-json\/wp\/v2\/users\/123"}],"replies":[{"embeddable":true,"href":"https:\/\/noti-america.com\/site\/principal\/wp-json\/wp\/v2\/comments?post=87382"}],"version-history":[{"count":4,"href":"https:\/\/noti-america.com\/site\/principal\/wp-json\/wp\/v2\/posts\/87382\/revisions"}],"predecessor-version":[{"id":87390,"href":"https:\/\/noti-america.com\/site\/principal\/wp-json\/wp\/v2\/posts\/87382\/revisions\/87390"}],"wp:featuredmedia":[{"embeddable":true,"href":"https:\/\/noti-america.com\/site\/principal\/wp-json\/wp\/v2\/media\/87391"}],"wp:attachment":[{"href":"https:\/\/noti-america.com\/site\/principal\/wp-json\/wp\/v2\/media?parent=87382"}],"wp:term":[{"taxonomy":"category","embeddable":true,"href":"https:\/\/noti-america.com\/site\/principal\/wp-json\/wp\/v2\/categories?post=87382"},{"taxonomy":"post_tag","embeddable":true,"href":"https:\/\/noti-america.com\/site\/principal\/wp-json\/wp\/v2\/tags?post=87382"}],"curies":[{"name":"wp","href":"https:\/\/api.w.org\/{rel}","templated":true}]}}