{"id":87370,"date":"2026-04-26T17:18:43","date_gmt":"2026-04-26T21:18:43","guid":{"rendered":"https:\/\/noti-america.com\/site\/principal\/?p=87370"},"modified":"2026-04-26T17:18:43","modified_gmt":"2026-04-26T21:18:43","slug":"el-hambre-en-el-mundo-se-concentra-en-solo-diez-paises-onu","status":"publish","type":"post","link":"https:\/\/noti-america.com\/site\/principal\/2026\/04\/26\/el-hambre-en-el-mundo-se-concentra-en-solo-diez-paises-onu\/","title":{"rendered":"El hambre en el mundo se concentra en solo diez pa\u00edses: ONU"},"content":{"rendered":"<p><em><strong>REDACCI\u00d3N NOTI-AM\u00c9RICA (ECUADOR)<\/strong><\/em><\/p>\n<p style=\"text-align: justify\"><span style=\"color: #ff6600\"><em><span lang=\"ES\">Las guerras siguen siendo la principal causa de inseguridad alimentaria aguda y malnutrici\u00f3n para millones de personas en todo el mundo, sin embargo, la guerra de Oriente Medio amenaza con extenderla por pa\u00edses que no est\u00e1n en conflicto.<\/span><\/em><\/span><\/p>\n<section class=\"region region-before-content\">\n<div id=\"block-views-block-story-photo-block-image\" class=\"views-element-container block block-views block-views-block-story-photo-block-image\">\n<div class=\"block-content block__content\">\n<div class=\"view view-story-photo view-id-story_photo view-display-id-block_image js-view-dom-id-c5fde815a6d7b7d81426e9b7b497e9c1f759f123ee9f770f2032784061ee096a\">\n<div class=\"view-content\">\n<div class=\"views-row\">\n<div class=\"node node--type-news-story node--view-mode-top-image clearfix container\">\n<div class=\"story-media\">\n<div class=\"media-image\">\n<div class=\"field field--name-field-news-story-photo field--type-entity-reference field--label-hidden field__item\">\n<div style=\"width: 1180px\" class=\"wp-caption alignnone\"><img loading=\"lazy\" decoding=\"async\" src=\"https:\/\/global.unitednations.entermediadb.net\/assets\/mediadb\/services\/module\/asset\/downloads\/preset\/Collections\/Embargoed\/14-04-2026-UNOCHA-Sudan-Darfur-02.jpg\/image1170x530cropped.jpg\" alt=\"Una ni\u00f1a de tres a\u00f1os con desnutrici\u00f3n severa, Mona, es alimentada mediante jeringa por un trabajador sanitario en el Hospital de Par\u00eds gestionado por MSF en Tawila, Darfur del Norte, Sud\u00e1n, en febrero de 2026.\" width=\"1170\" height=\"530\" \/><p class=\"wp-caption-text\">\u00a9 UNOCHA\/Giles Clarke. Una ni\u00f1a de tres a\u00f1os es tratada por desnutrici\u00f3n aguda severa en un hospital de Tawila, en la regi\u00f3n de Darfur, Sud\u00e1n.<\/p><\/div>\n<\/div>\n<\/div>\n<\/div>\n<\/div>\n<\/div>\n<\/div>\n<\/div>\n<\/div>\n<\/div>\n<\/section>\n<div id=\"main-wrapper\" class=\"layout-main-wrapper clearfix\">\n<div id=\"main-container\" class=\"container layout-main-container\">\n<div class=\"row row-offcanvas row-offcanvas-left clearfix\">\n<div class=\"minimal-share-wrapper col-lg-3\">\n<p class=\"minimal-share\" style=\"text-align: justify\">Por s\u00e9ptimo a\u00f1o consecutivo, las crisis alimentarias y la malnutrici\u00f3n se mantuvieron en niveles dram\u00e1ticos en 2025, concentradas en un peque\u00f1o grupo de pa\u00edses. El hambre aguda se ha duplicado en una d\u00e9cada, con dos hambrunas declaradas el a\u00f1o pasado, un hecho sin precedentes en la historia del informe publicado por un consorcio que incluye a la ONU, la Uni\u00f3n Europea y ONG.<\/p>\n<\/div>\n<p><main id=\"content\" class=\"main-content col-lg-9\" role=\"main\"><\/p>\n<section class=\"section\">\n<div id=\"block-views-block-content-fields-block-body\" class=\"views-element-container block block-views block-views-block-content-fields-block-body\">\n<div class=\"block-content block__content\">\n<div class=\"view view-content-fields view-id-content_fields view-display-id-block_body js-view-dom-id-1e6926eded0c4af37bc7fb42cf3abe0b50c40ff757a6cee437464f9bf75f6a2e\">\n<div class=\"view-content\">\n<div class=\"views-row\">\n<div class=\"views-field views-field-field-news-story\">\n<div class=\"field-content\">\n<div class=\"paragraph paragraph--type--one-column-text paragraph--view-mode--default\">\n<div class=\"_none\">\n<div class=\"w-100\">\n<div class=\"layout row layout-builder__layout\">\n<div class=\"col-12\">\n<div class=\"_none block block-layout-builder block-field-block-paragraph-one-column-text-field-text-column\">\n<div class=\"block-content block__content\">\n<div class=\"clearfix text-formatted field field--name-field-text-column field--type-text-long field--label-hidden field__item\">\n<p style=\"text-align: justify\">Seg\u00fan la Red Mundial contra las Crisis Alimentarias, diez pa\u00edses \u2014Afganist\u00e1n, Banglad\u00e9s, Rep\u00fablica Democr\u00e1tica del Congo, Myanmar, Nigeria, Pakist\u00e1n, Sud\u00e1n del Sur, Sud\u00e1n, Siria y Yemen\u2014 albergan a dos tercios de las personas que sufren hambre aguda.<\/p>\n<p style=\"text-align: justify\">Entre ellos, Afganist\u00e1n, Sud\u00e1n del Sur, Sud\u00e1n y Yemen registran las peores crisis, tanto en t\u00e9rminos de proporci\u00f3n como de n\u00famero total de personas afectadas.<\/p>\n<p style=\"text-align: justify\">\u00abLos conflictos siguen siendo la principal causa de inseguridad alimentaria aguda y malnutrici\u00f3n para millones de personas en todo el mundo, y en el mismo a\u00f1o estallaron hambrunas totales en dos zonas afectadas por conflictos, una situaci\u00f3n sin precedentes\u00bb, declar\u00f3 el\u00a0<a href=\"https:\/\/www.un.org\/sg\/es\">Secretario General<\/a>\u00a0de las Naciones Unidas, Ant\u00f3nio Guterres, en el pr\u00f3logo del informe.<\/p>\n<h3 style=\"text-align: justify\">35,5 millones de ni\u00f1os afectados por malnutrici\u00f3n aguda<\/h3>\n<p style=\"text-align: justify\">El Sistema de Clasificaci\u00f3n de la Seguridad Alimentaria (IPC) identific\u00f3 hambrunas en 2025 en\u00a0<a href=\"https:\/\/news.un.org\/es\/events\/israel-palestina\">Gaza<\/a>\u00a0y en ciertas regiones de Sud\u00e1n, algo in\u00e9dito desde el inicio de estos informes. Esta situaci\u00f3n subraya el agravamiento del hambre y la malnutrici\u00f3n, causadas principalmente por conflictos, restricciones al acceso humanitario y desplazamientos forzados.<\/p>\n<p style=\"text-align: justify\">En total,\u00a0<strong>266 millones de personas en 47 pa\u00edses<\/strong>\u00a0sufrieron inseguridad alimentaria aguda el a\u00f1o pasado, casi el 23% de la poblaci\u00f3n analizada. Esta proporci\u00f3n es ligeramente superior a la del a\u00f1o anterior y casi el doble que en 2016.<\/p>\n<p style=\"text-align: justify\">La gravedad del hambre alcanz\u00f3 su segundo nivel m\u00e1s alto de la historia, con un n\u00famero de personas en situaci\u00f3n de hambre catastr\u00f3fica (fase 5 del IPC) nueve veces superior al de 2016.<\/p>\n<p style=\"text-align: justify\">Al mismo tiempo, la malnutrici\u00f3n aguda sigue siendo un problema cr\u00edtico y cada vez m\u00e1s preocupante. Solo en 2025,\u00a0<strong>35,5 millones de ni\u00f1os<\/strong>\u00a0padec\u00edan malnutrici\u00f3n aguda, de los cuales casi 10 millones sufr\u00edan malnutrici\u00f3n grave.<\/p>\n<p style=\"text-align: justify\">Casi la mitad de las crisis alimentarias tambi\u00e9n estuvieron acompa\u00f1adas de crisis nutricionales, caracterizadas por una alimentaci\u00f3n insuficiente, enfermedades y el colapso de servicios esenciales. En regiones como Gaza, Myanmar, Sud\u00e1n del Sur y Sud\u00e1n, estos factores provocaron niveles extremos de malnutrici\u00f3n y un alto riesgo de mortalidad.<\/p>\n<h3 style=\"text-align: justify\">Perspectivas sombr\u00edas<\/h3>\n<p style=\"text-align: justify\">\u00abNo se trata de una escasez de alimentos, sino de una falta de voluntad pol\u00edtica para garantizar que los ni\u00f1os, en todo el mundo, tengan acceso a una alimentaci\u00f3n b\u00e1sica. En un mundo de abundancia, no hay raz\u00f3n para que un ni\u00f1o sufra o muera por malnutrici\u00f3n\u00bb, declar\u00f3 Catherine Russell, directora del\u00a0<a class=\"ext\" title=\"(opens in a new window)\" href=\"https:\/\/www.unicef.org\/es\" target=\"_blank\" rel=\"noopener noreferrer\" data-extlink=\"\">Fondo de las Naciones Unidas para la Infancia<\/a>\u00a0(<a class=\"ext\" title=\"(opens in a new window)\" href=\"https:\/\/www.unicef.org\/es\" target=\"_blank\" rel=\"noopener noreferrer\" data-extlink=\"\">UNICEF<\/a>).<\/p>\n<p style=\"text-align: justify\"><strong>El informe advierte que la inseguridad alimentaria aguda seguir\u00e1 siendo cr\u00edtica en 2026, agravada por conflictos, la variabilidad clim\u00e1tica y la incertidumbre econ\u00f3mica global<\/strong>, especialmente los riesgos en los mercados alimentarios.<\/p>\n<p style=\"text-align: justify\">Aunque la evaluaci\u00f3n es prematura, la escalada del conflicto en Oriente Medio podr\u00eda empeorar la situaci\u00f3n, generando nuevos desplazamientos y perturbando a\u00fan m\u00e1s los mercados agroalimentarios mundiales, lo que afectar\u00eda a pa\u00edses ya en crisis alimentaria.<\/p>\n<p style=\"text-align: justify\">El informe alerta sobre los efectos inmediatos en la seguridad alimentaria en Oriente Medio, el Caribe o las islas del Pac\u00edfico,\u00a0<strong>donde la dependencia de las importaciones de alimentos agrava la vulnerabilidad de las poblaciones ante el aumento de los costos de energ\u00eda y log\u00edstica.<\/strong><\/p>\n<p style=\"text-align: justify\">Adem\u00e1s, la persistencia de las interrupciones en el transporte, junto con el papel clave de los pa\u00edses del Golfo como exportadores de energ\u00eda y fertilizantes, podr\u00eda tener repercusiones en los mercados agroalimentarios globales.<\/p>\n<h3 style=\"text-align: justify\">Disminuci\u00f3n de la financiaci\u00f3n<\/h3>\n<p style=\"text-align: justify\">Estos desarrollos recientes ocurren en un contexto en el que la financiaci\u00f3n para las crisis alimentarias ha ca\u00eddo a niveles no vistos en casi una d\u00e9cada, limitando la capacidad de los gobiernos y los actores humanitarios para intervenir de manera efectiva.<\/p>\n<p style=\"text-align: justify\">Ante crisis alimentarias cada vez m\u00e1s concentradas, la ONU y la UE llaman a fortalecer las inversiones en sistemas agroalimentarios resilientes, la adaptaci\u00f3n al\u00a0<a href=\"https:\/\/news.un.org\/es\/news\/topic\/climate-change\">cambio clim\u00e1tico<\/a>\u00a0y las oportunidades econ\u00f3micas rurales.<\/p>\n<p style=\"text-align: justify\">Tambi\u00e9n insisten en la importancia de reforzar los sistemas de alerta temprana y garantizar acciones anticipatorias. La prevenci\u00f3n del hambre requiere acceso humanitario seguro, respeto al derecho internacional y un compromiso pol\u00edtico reforzado para combatir el hambre relacionada con los conflictos.<\/p>\n<\/div>\n<\/div>\n<\/div>\n<\/div>\n<\/div>\n<\/div>\n<\/div>\n<\/div>\n<\/div>\n<\/div>\n<\/div>\n<\/div>\n<\/div>\n<\/div>\n<\/div>\n<\/section>\n<p><\/main><\/div>\n<\/div>\n<\/div>\n","protected":false},"excerpt":{"rendered":"<p>REDACCI\u00d3N NOTI-AM\u00c9RICA (ECUADOR) Las guerras siguen siendo la principal causa de inseguridad alimentaria aguda y malnutrici\u00f3n para millones de personas en todo el mundo, sin embargo, la guerra de Oriente Medio amenaza con extenderla&#46;&#46;&#46;<\/p>\n","protected":false},"author":17,"featured_media":87371,"comment_status":"","ping_status":"open","sticky":false,"template":"","format":"standard","meta":{"_acf_changed":false,"rop_custom_images_group":[],"rop_custom_messages_group":[],"rop_publish_now":"no","rop_publish_now_accounts":[],"rop_publish_now_history":[],"rop_publish_now_status":"pending","footnotes":""},"categories":[4,391],"tags":[],"class_list":["post-87370","post","type-post","status-publish","format-standard","has-post-thumbnail","hentry","category-internacionales","category-salud-2"],"acf":[],"yoast_head":"<!-- This site is optimized with the Yoast SEO Premium plugin v24.9 (Yoast SEO v27.2) - https:\/\/yoast.com\/product\/yoast-seo-premium-wordpress\/ -->\n<title>El hambre en el mundo se concentra en solo diez pa\u00edses: ONU - Noti-America.com<\/title>\n<meta name=\"robots\" content=\"index, follow, max-snippet:-1, max-image-preview:large, max-video-preview:-1\" \/>\n<link rel=\"canonical\" href=\"https:\/\/noti-america.com\/site\/principal\/2026\/04\/26\/el-hambre-en-el-mundo-se-concentra-en-solo-diez-paises-onu\/\" \/>\n<meta property=\"og:locale\" content=\"es_ES\" \/>\n<meta property=\"og:type\" content=\"article\" \/>\n<meta property=\"og:title\" content=\"El hambre en el mundo se concentra en solo diez pa\u00edses: ONU\" \/>\n<meta property=\"og:description\" content=\"REDACCI\u00d3N NOTI-AM\u00c9RICA (ECUADOR) Las guerras siguen siendo la principal causa de inseguridad alimentaria aguda y malnutrici\u00f3n para millones de personas en todo el mundo, sin embargo, la guerra de Oriente Medio amenaza con extenderla&#046;&#046;&#046;\" \/>\n<meta property=\"og:url\" content=\"https:\/\/noti-america.com\/site\/principal\/2026\/04\/26\/el-hambre-en-el-mundo-se-concentra-en-solo-diez-paises-onu\/\" \/>\n<meta property=\"og:site_name\" content=\"Noti-America.com\" \/>\n<meta property=\"article:published_time\" content=\"2026-04-26T21:18:43+00:00\" \/>\n<meta property=\"og:image\" content=\"https:\/\/noti-america.com\/site\/principal\/wp-content\/uploads\/sites\/26\/2026\/04\/\u00a9-UNOCHA-Giles-Clarke.jpg\" \/>\n\t<meta property=\"og:image:width\" content=\"1170\" \/>\n\t<meta property=\"og:image:height\" content=\"530\" \/>\n\t<meta property=\"og:image:type\" content=\"image\/jpeg\" \/>\n<meta name=\"author\" content=\"Gregory Quintana Montiel\" \/>\n<meta name=\"twitter:card\" content=\"summary_large_image\" \/>\n<meta name=\"twitter:creator\" content=\"@gdgregori1\" \/>\n<meta name=\"twitter:label1\" content=\"Escrito por\" \/>\n\t<meta name=\"twitter:data1\" content=\"Gregory Quintana Montiel\" \/>\n\t<meta name=\"twitter:label2\" content=\"Tiempo estimado de lectura\" \/>\n\t<meta name=\"twitter:data2\" content=\"4 minutos\" \/>\n<script type=\"application\/ld+json\" class=\"yoast-schema-graph\">{\"@context\":\"https:\/\/schema.org\",\"@graph\":[{\"@type\":\"Article\",\"@id\":\"https:\/\/noti-america.com\/site\/principal\/2026\/04\/26\/el-hambre-en-el-mundo-se-concentra-en-solo-diez-paises-onu\/#article\",\"isPartOf\":{\"@id\":\"https:\/\/noti-america.com\/site\/principal\/2026\/04\/26\/el-hambre-en-el-mundo-se-concentra-en-solo-diez-paises-onu\/\"},\"author\":{\"name\":\"Gregory Quintana Montiel\",\"@id\":\"https:\/\/noti-america.com\/site\/principal\/#\/schema\/person\/3b975e42f15abfe64bfe3abdd916efda\"},\"headline\":\"El hambre en el mundo se concentra en solo diez pa\u00edses: ONU\",\"datePublished\":\"2026-04-26T21:18:43+00:00\",\"mainEntityOfPage\":{\"@id\":\"https:\/\/noti-america.com\/site\/principal\/2026\/04\/26\/el-hambre-en-el-mundo-se-concentra-en-solo-diez-paises-onu\/\"},\"wordCount\":896,\"image\":{\"@id\":\"https:\/\/noti-america.com\/site\/principal\/2026\/04\/26\/el-hambre-en-el-mundo-se-concentra-en-solo-diez-paises-onu\/#primaryimage\"},\"thumbnailUrl\":\"https:\/\/noti-america.com\/site\/principal\/wp-content\/uploads\/sites\/26\/2026\/04\/\u00a9-UNOCHA-Giles-Clarke.jpg\",\"articleSection\":[\"Internacionales\",\"Salud\"],\"inLanguage\":\"es\"},{\"@type\":\"WebPage\",\"@id\":\"https:\/\/noti-america.com\/site\/principal\/2026\/04\/26\/el-hambre-en-el-mundo-se-concentra-en-solo-diez-paises-onu\/\",\"url\":\"https:\/\/noti-america.com\/site\/principal\/2026\/04\/26\/el-hambre-en-el-mundo-se-concentra-en-solo-diez-paises-onu\/\",\"name\":\"El hambre en el mundo se concentra en solo diez pa\u00edses: ONU - Noti-America.com\",\"isPartOf\":{\"@id\":\"https:\/\/noti-america.com\/site\/principal\/#website\"},\"primaryImageOfPage\":{\"@id\":\"https:\/\/noti-america.com\/site\/principal\/2026\/04\/26\/el-hambre-en-el-mundo-se-concentra-en-solo-diez-paises-onu\/#primaryimage\"},\"image\":{\"@id\":\"https:\/\/noti-america.com\/site\/principal\/2026\/04\/26\/el-hambre-en-el-mundo-se-concentra-en-solo-diez-paises-onu\/#primaryimage\"},\"thumbnailUrl\":\"https:\/\/noti-america.com\/site\/principal\/wp-content\/uploads\/sites\/26\/2026\/04\/\u00a9-UNOCHA-Giles-Clarke.jpg\",\"datePublished\":\"2026-04-26T21:18:43+00:00\",\"author\":{\"@id\":\"https:\/\/noti-america.com\/site\/principal\/#\/schema\/person\/3b975e42f15abfe64bfe3abdd916efda\"},\"breadcrumb\":{\"@id\":\"https:\/\/noti-america.com\/site\/principal\/2026\/04\/26\/el-hambre-en-el-mundo-se-concentra-en-solo-diez-paises-onu\/#breadcrumb\"},\"inLanguage\":\"es\",\"potentialAction\":[{\"@type\":\"ReadAction\",\"target\":[\"https:\/\/noti-america.com\/site\/principal\/2026\/04\/26\/el-hambre-en-el-mundo-se-concentra-en-solo-diez-paises-onu\/\"]}]},{\"@type\":\"ImageObject\",\"inLanguage\":\"es\",\"@id\":\"https:\/\/noti-america.com\/site\/principal\/2026\/04\/26\/el-hambre-en-el-mundo-se-concentra-en-solo-diez-paises-onu\/#primaryimage\",\"url\":\"https:\/\/noti-america.com\/site\/principal\/wp-content\/uploads\/sites\/26\/2026\/04\/\u00a9-UNOCHA-Giles-Clarke.jpg\",\"contentUrl\":\"https:\/\/noti-america.com\/site\/principal\/wp-content\/uploads\/sites\/26\/2026\/04\/\u00a9-UNOCHA-Giles-Clarke.jpg\",\"width\":1170,\"height\":530},{\"@type\":\"BreadcrumbList\",\"@id\":\"https:\/\/noti-america.com\/site\/principal\/2026\/04\/26\/el-hambre-en-el-mundo-se-concentra-en-solo-diez-paises-onu\/#breadcrumb\",\"itemListElement\":[{\"@type\":\"ListItem\",\"position\":1,\"name\":\"Portada\",\"item\":\"https:\/\/noti-america.com\/site\/principal\/\"},{\"@type\":\"ListItem\",\"position\":2,\"name\":\"El hambre en el mundo se concentra en solo diez pa\u00edses: ONU\"}]},{\"@type\":\"WebSite\",\"@id\":\"https:\/\/noti-america.com\/site\/principal\/#website\",\"url\":\"https:\/\/noti-america.com\/site\/principal\/\",\"name\":\"Noti-America.com\",\"description\":\"El Noticiero Digital M\u00e1s Grande de Am\u00e9rica\",\"potentialAction\":[{\"@type\":\"SearchAction\",\"target\":{\"@type\":\"EntryPoint\",\"urlTemplate\":\"https:\/\/noti-america.com\/site\/principal\/?s={search_term_string}\"},\"query-input\":{\"@type\":\"PropertyValueSpecification\",\"valueRequired\":true,\"valueName\":\"search_term_string\"}}],\"inLanguage\":\"es\"},{\"@type\":\"Person\",\"@id\":\"https:\/\/noti-america.com\/site\/principal\/#\/schema\/person\/3b975e42f15abfe64bfe3abdd916efda\",\"name\":\"Gregory Quintana Montiel\",\"image\":{\"@type\":\"ImageObject\",\"inLanguage\":\"es\",\"@id\":\"https:\/\/secure.gravatar.com\/avatar\/2d6b802f7720c2ec7744dcbe608cc2f3417aeb964d58b443c6d612b77531de1d?s=96&d=mm&r=g\",\"url\":\"https:\/\/secure.gravatar.com\/avatar\/2d6b802f7720c2ec7744dcbe608cc2f3417aeb964d58b443c6d612b77531de1d?s=96&d=mm&r=g\",\"contentUrl\":\"https:\/\/secure.gravatar.com\/avatar\/2d6b802f7720c2ec7744dcbe608cc2f3417aeb964d58b443c6d612b77531de1d?s=96&d=mm&r=g\",\"caption\":\"Gregory Quintana Montiel\"},\"description\":\"Licenciatura en Ciencias de la Comunicaci\u00f3n Social, egresado en la Especializaci\u00f3n Derecho Ambiental Desarrollo Sostenible y Sustentable, Miembro de la Comunidad de profesionales y experto para Latinoam\u00e9rica y el Caribe en Gesti\u00f3n por Resultado en el Desarrollo (COPLAC - GpRD) del Banco Interamericano de Desarrollo, experiencia en medios radiales y escritos.\",\"sameAs\":[\"https:\/\/x.com\/gdgregori1\",\"gquintana\"],\"url\":\"https:\/\/noti-america.com\/site\/principal\/author\/gquintana\/\"}]}<\/script>\n<!-- \/ Yoast SEO Premium plugin. -->","yoast_head_json":{"title":"El hambre en el mundo se concentra en solo diez pa\u00edses: ONU - Noti-America.com","robots":{"index":"index","follow":"follow","max-snippet":"max-snippet:-1","max-image-preview":"max-image-preview:large","max-video-preview":"max-video-preview:-1"},"canonical":"https:\/\/noti-america.com\/site\/principal\/2026\/04\/26\/el-hambre-en-el-mundo-se-concentra-en-solo-diez-paises-onu\/","og_locale":"es_ES","og_type":"article","og_title":"El hambre en el mundo se concentra en solo diez pa\u00edses: ONU","og_description":"REDACCI\u00d3N NOTI-AM\u00c9RICA (ECUADOR) Las guerras siguen siendo la principal causa de inseguridad alimentaria aguda y malnutrici\u00f3n para millones de personas en todo el mundo, sin embargo, la guerra de Oriente Medio amenaza con extenderla&#46;&#46;&#46;","og_url":"https:\/\/noti-america.com\/site\/principal\/2026\/04\/26\/el-hambre-en-el-mundo-se-concentra-en-solo-diez-paises-onu\/","og_site_name":"Noti-America.com","article_published_time":"2026-04-26T21:18:43+00:00","og_image":[{"width":1170,"height":530,"url":"https:\/\/noti-america.com\/site\/principal\/wp-content\/uploads\/sites\/26\/2026\/04\/\u00a9-UNOCHA-Giles-Clarke.jpg","type":"image\/jpeg"}],"author":"Gregory Quintana Montiel","twitter_card":"summary_large_image","twitter_creator":"@gdgregori1","twitter_misc":{"Escrito por":"Gregory Quintana Montiel","Tiempo estimado de lectura":"4 minutos"},"schema":{"@context":"https:\/\/schema.org","@graph":[{"@type":"Article","@id":"https:\/\/noti-america.com\/site\/principal\/2026\/04\/26\/el-hambre-en-el-mundo-se-concentra-en-solo-diez-paises-onu\/#article","isPartOf":{"@id":"https:\/\/noti-america.com\/site\/principal\/2026\/04\/26\/el-hambre-en-el-mundo-se-concentra-en-solo-diez-paises-onu\/"},"author":{"name":"Gregory Quintana Montiel","@id":"https:\/\/noti-america.com\/site\/principal\/#\/schema\/person\/3b975e42f15abfe64bfe3abdd916efda"},"headline":"El hambre en el mundo se concentra en solo diez pa\u00edses: ONU","datePublished":"2026-04-26T21:18:43+00:00","mainEntityOfPage":{"@id":"https:\/\/noti-america.com\/site\/principal\/2026\/04\/26\/el-hambre-en-el-mundo-se-concentra-en-solo-diez-paises-onu\/"},"wordCount":896,"image":{"@id":"https:\/\/noti-america.com\/site\/principal\/2026\/04\/26\/el-hambre-en-el-mundo-se-concentra-en-solo-diez-paises-onu\/#primaryimage"},"thumbnailUrl":"https:\/\/noti-america.com\/site\/principal\/wp-content\/uploads\/sites\/26\/2026\/04\/\u00a9-UNOCHA-Giles-Clarke.jpg","articleSection":["Internacionales","Salud"],"inLanguage":"es"},{"@type":"WebPage","@id":"https:\/\/noti-america.com\/site\/principal\/2026\/04\/26\/el-hambre-en-el-mundo-se-concentra-en-solo-diez-paises-onu\/","url":"https:\/\/noti-america.com\/site\/principal\/2026\/04\/26\/el-hambre-en-el-mundo-se-concentra-en-solo-diez-paises-onu\/","name":"El hambre en el mundo se concentra en solo diez pa\u00edses: ONU - Noti-America.com","isPartOf":{"@id":"https:\/\/noti-america.com\/site\/principal\/#website"},"primaryImageOfPage":{"@id":"https:\/\/noti-america.com\/site\/principal\/2026\/04\/26\/el-hambre-en-el-mundo-se-concentra-en-solo-diez-paises-onu\/#primaryimage"},"image":{"@id":"https:\/\/noti-america.com\/site\/principal\/2026\/04\/26\/el-hambre-en-el-mundo-se-concentra-en-solo-diez-paises-onu\/#primaryimage"},"thumbnailUrl":"https:\/\/noti-america.com\/site\/principal\/wp-content\/uploads\/sites\/26\/2026\/04\/\u00a9-UNOCHA-Giles-Clarke.jpg","datePublished":"2026-04-26T21:18:43+00:00","author":{"@id":"https:\/\/noti-america.com\/site\/principal\/#\/schema\/person\/3b975e42f15abfe64bfe3abdd916efda"},"breadcrumb":{"@id":"https:\/\/noti-america.com\/site\/principal\/2026\/04\/26\/el-hambre-en-el-mundo-se-concentra-en-solo-diez-paises-onu\/#breadcrumb"},"inLanguage":"es","potentialAction":[{"@type":"ReadAction","target":["https:\/\/noti-america.com\/site\/principal\/2026\/04\/26\/el-hambre-en-el-mundo-se-concentra-en-solo-diez-paises-onu\/"]}]},{"@type":"ImageObject","inLanguage":"es","@id":"https:\/\/noti-america.com\/site\/principal\/2026\/04\/26\/el-hambre-en-el-mundo-se-concentra-en-solo-diez-paises-onu\/#primaryimage","url":"https:\/\/noti-america.com\/site\/principal\/wp-content\/uploads\/sites\/26\/2026\/04\/\u00a9-UNOCHA-Giles-Clarke.jpg","contentUrl":"https:\/\/noti-america.com\/site\/principal\/wp-content\/uploads\/sites\/26\/2026\/04\/\u00a9-UNOCHA-Giles-Clarke.jpg","width":1170,"height":530},{"@type":"BreadcrumbList","@id":"https:\/\/noti-america.com\/site\/principal\/2026\/04\/26\/el-hambre-en-el-mundo-se-concentra-en-solo-diez-paises-onu\/#breadcrumb","itemListElement":[{"@type":"ListItem","position":1,"name":"Portada","item":"https:\/\/noti-america.com\/site\/principal\/"},{"@type":"ListItem","position":2,"name":"El hambre en el mundo se concentra en solo diez pa\u00edses: ONU"}]},{"@type":"WebSite","@id":"https:\/\/noti-america.com\/site\/principal\/#website","url":"https:\/\/noti-america.com\/site\/principal\/","name":"Noti-America.com","description":"El Noticiero Digital M\u00e1s Grande de Am\u00e9rica","potentialAction":[{"@type":"SearchAction","target":{"@type":"EntryPoint","urlTemplate":"https:\/\/noti-america.com\/site\/principal\/?s={search_term_string}"},"query-input":{"@type":"PropertyValueSpecification","valueRequired":true,"valueName":"search_term_string"}}],"inLanguage":"es"},{"@type":"Person","@id":"https:\/\/noti-america.com\/site\/principal\/#\/schema\/person\/3b975e42f15abfe64bfe3abdd916efda","name":"Gregory Quintana Montiel","image":{"@type":"ImageObject","inLanguage":"es","@id":"https:\/\/secure.gravatar.com\/avatar\/2d6b802f7720c2ec7744dcbe608cc2f3417aeb964d58b443c6d612b77531de1d?s=96&d=mm&r=g","url":"https:\/\/secure.gravatar.com\/avatar\/2d6b802f7720c2ec7744dcbe608cc2f3417aeb964d58b443c6d612b77531de1d?s=96&d=mm&r=g","contentUrl":"https:\/\/secure.gravatar.com\/avatar\/2d6b802f7720c2ec7744dcbe608cc2f3417aeb964d58b443c6d612b77531de1d?s=96&d=mm&r=g","caption":"Gregory Quintana Montiel"},"description":"Licenciatura en Ciencias de la Comunicaci\u00f3n Social, egresado en la Especializaci\u00f3n Derecho Ambiental Desarrollo Sostenible y Sustentable, Miembro de la Comunidad de profesionales y experto para Latinoam\u00e9rica y el Caribe en Gesti\u00f3n por Resultado en el Desarrollo (COPLAC - GpRD) del Banco Interamericano de Desarrollo, experiencia en medios radiales y escritos.","sameAs":["https:\/\/x.com\/gdgregori1","gquintana"],"url":"https:\/\/noti-america.com\/site\/principal\/author\/gquintana\/"}]}},"_links":{"self":[{"href":"https:\/\/noti-america.com\/site\/principal\/wp-json\/wp\/v2\/posts\/87370","targetHints":{"allow":["GET"]}}],"collection":[{"href":"https:\/\/noti-america.com\/site\/principal\/wp-json\/wp\/v2\/posts"}],"about":[{"href":"https:\/\/noti-america.com\/site\/principal\/wp-json\/wp\/v2\/types\/post"}],"author":[{"embeddable":true,"href":"https:\/\/noti-america.com\/site\/principal\/wp-json\/wp\/v2\/users\/17"}],"replies":[{"embeddable":true,"href":"https:\/\/noti-america.com\/site\/principal\/wp-json\/wp\/v2\/comments?post=87370"}],"version-history":[{"count":1,"href":"https:\/\/noti-america.com\/site\/principal\/wp-json\/wp\/v2\/posts\/87370\/revisions"}],"predecessor-version":[{"id":87397,"href":"https:\/\/noti-america.com\/site\/principal\/wp-json\/wp\/v2\/posts\/87370\/revisions\/87397"}],"wp:featuredmedia":[{"embeddable":true,"href":"https:\/\/noti-america.com\/site\/principal\/wp-json\/wp\/v2\/media\/87371"}],"wp:attachment":[{"href":"https:\/\/noti-america.com\/site\/principal\/wp-json\/wp\/v2\/media?parent=87370"}],"wp:term":[{"taxonomy":"category","embeddable":true,"href":"https:\/\/noti-america.com\/site\/principal\/wp-json\/wp\/v2\/categories?post=87370"},{"taxonomy":"post_tag","embeddable":true,"href":"https:\/\/noti-america.com\/site\/principal\/wp-json\/wp\/v2\/tags?post=87370"}],"curies":[{"name":"wp","href":"https:\/\/api.w.org\/{rel}","templated":true}]}}