{"id":87366,"date":"2026-04-26T17:02:28","date_gmt":"2026-04-26T21:02:28","guid":{"rendered":"https:\/\/noti-america.com\/site\/principal\/?p=87366"},"modified":"2026-04-26T17:02:28","modified_gmt":"2026-04-26T21:02:28","slug":"cop4-crea-grupos-de-trabajo-para-registros-de-emisiones-y-contaminantes-y-acceso-a-justicia-ambiental-en-america-latina-y-el-caribe","status":"publish","type":"post","link":"https:\/\/noti-america.com\/site\/principal\/2026\/04\/26\/cop4-crea-grupos-de-trabajo-para-registros-de-emisiones-y-contaminantes-y-acceso-a-justicia-ambiental-en-america-latina-y-el-caribe\/","title":{"rendered":"COP4 crea grupos de trabajo para registros de emisiones y contaminantes y acceso a justicia ambiental, en Am\u00e9rica Latina y el Caribe\u00a0"},"content":{"rendered":"<p><em><strong>REDACCI\u00d3N NOTI-AM\u00c9RICA (ECUADOR)<\/strong><\/em><\/p>\n<div style=\"width: 1290px\" class=\"wp-caption alignnone\"><img loading=\"lazy\" decoding=\"async\" src=\"https:\/\/ecp.yusercontent.com\/mail?url=https%3A%2F%2Fmcusercontent.com%2F863aa7e4bbd506a1908b6de03%2Fimages%2Fa90159a4-1f12-e1fc-0d39-2726852374ca.jpeg&amp;t=1777222363&amp;ymreqid=a94eba33-c2cb-d74f-1cc6-e7002c01df00&amp;sig=w7jdcRckhdHORvnuy8z9yQ--~D\" alt=\"\" width=\"1280\" height=\"743\" \/><p class=\"wp-caption-text\">La Cuarta reuni\u00f3n de la Conferencia de las Partes finaliz\u00f3 hoy en Nassau, Bahamas, con la elecci\u00f3n de una nueva Mesa Directiva y la creaci\u00f3n de grupos de trabajo sobre registros de emisiones y contaminantes y acceso a justicia ambiental.<\/p><\/div>\n<p style=\"text-align: justify\">La\u00a0<a href=\"https:\/\/cepal.us12.list-manage.com\/track\/click?u=863aa7e4bbd506a1908b6de03&amp;id=254b942bc6&amp;e=f6b9c47b8e\" target=\"_blank\" rel=\"nofollow noopener noreferrer\">Cuarta reuni\u00f3n de la Conferencia de las Partes (COP 4)<\/a>\u00a0del\u00a0<em><strong>Acuerdo Regional sobre el Acceso a la Informaci\u00f3n, la Participaci\u00f3n P\u00fablica y el Acceso a la Justicia en Asuntos Ambientales en Am\u00e9rica Latina y el Caribe<\/strong><\/em>\u00a0(<a href=\"https:\/\/cepal.us12.list-manage.com\/track\/click?u=863aa7e4bbd506a1908b6de03&amp;id=2a9245f81a&amp;e=f6b9c47b8e\" target=\"_blank\" rel=\"nofollow noopener noreferrer\"><em><strong>Acuerdo de Escaz\u00fa<\/strong><\/em><\/a>) finaliz\u00f3 hoy en Nassau, Bahamas, con la aprobaci\u00f3n de 10 decisiones clave para acelerar la implementaci\u00f3n del acuerdo en la regi\u00f3n, de cara a la COP 5 del primer tratado ambiental del continente.<\/p>\n<p style=\"text-align: justify\">Entre las decisiones aprobadas destaca la creaci\u00f3n grupos de trabajo sobre registros de emisiones y contaminantes en Am\u00e9rica Latina y el Caribe, y de acceso a justicia ambiental. Tambi\u00e9n se aprobaron\u00a0<a href=\"https:\/\/cepal.us12.list-manage.com\/track\/click?u=863aa7e4bbd506a1908b6de03&amp;id=1c49a981d3&amp;e=f6b9c47b8e\" target=\"_blank\" rel=\"nofollow noopener noreferrer\">lineamientos metodol\u00f3gicos para la elaboraci\u00f3n de hojas de ruta para la implementaci\u00f3n del acuerdo<\/a>\u00a0en los Estados Partes, herramientas clave que permiten identificar brechas en los pa\u00edses, definir acciones concretas y establecer prioridades mediante procesos transparentes, colaborativos y con la significativa participaci\u00f3n del p\u00fablico.<\/p>\n<p style=\"text-align: justify\">Asimismo, los delegados aprobaron la composici\u00f3n de una nueva Mesa Directiva del acuerdo, la cual qued\u00f3 constituida por Saint Kitts y Nevis en la presidencia, y Bahamas, Belice, Colombia y Panam\u00e1 en las vicepresidencias. Adem\u00e1s se fij\u00f3 la fecha para la siguiente reuni\u00f3n de la Conferencia de las Partes (COP 5): ser\u00e1 del 20 al 22 de abril de 2028, en un lugar a\u00fan por definir.<\/p>\n<p style=\"text-align: justify\">En otra de las resoluciones se acord\u00f3 extender por un a\u00f1o el mandato del Comit\u00e9 de Apoyo a la Aplicaci\u00f3n y el Cumplimiento (CAAC) del Acuerdo de Escaz\u00fa, de manera de coincidir con la realizaci\u00f3n de las siguientes Conferencias de las Partes (en 2028 y 2030, respectivamente).<\/p>\n<p style=\"text-align: justify\">Durante la \u00faltima jornada de la COP 4 del Acuerdo de Escaz\u00fa se realiz\u00f3 una sesi\u00f3n para discutir los avances y pr\u00f3ximos pasos del plan de acci\u00f3n sobre defensoras y defensores de los derechos humanos en asuntos ambientales en Am\u00e9rica Latina y el Caribe y, en particular, la elaboraci\u00f3n del diagn\u00f3stico regional. Tambi\u00e9n se llev\u00f3 a cabo una mesa redonda titulada: \u201c\u00bfQu\u00e9 puede hacer el Sistema de las Naciones Unidas por el Acuerdo de Escaz\u00fa en la regi\u00f3n?\u201d, en la cual representantes de varias agencias y programas de la ONU con presencia en la regi\u00f3n reflexionaron sobre c\u00f3mo puede el sistema de Naciones Unidas contribuir a avanzar hacia la implementaci\u00f3n plena y efectiva del Acuerdo.<\/p>\n<p style=\"text-align: justify\">En este sentido, los delegados aprobaron tambi\u00e9n una decisi\u00f3n en la que se invita a las Partes a promover sinergias y alianzas entre el Acuerdo de Escaz\u00fa y otros foros y acuerdos multilaterales relevantes sobre medio ambiente, y encomienda a la Secretar\u00eda -ejercida por la CEPAL- que refuerce la cooperaci\u00f3n y el intercambio con otros organismos, fondos y programas del sistema de las Naciones Unidas y secretar\u00edas de acuerdos multilaterales relevantes sobre medio ambiente, con el fin de apoyar a las Partes y a los \u00f3rganos del acuerdo para que fortalezcan sus capacidades y avancen en la aplicaci\u00f3n de los derechos de acceso contenidos en este.<\/p>\n<p style=\"text-align: justify\">En la ceremonia de clausura, la Directora del Departamento para el Medio Ambiente de Bahamas, Rhianna Neely-Murphy, expres\u00f3 su agradecimiento por la profundidad del di\u00e1logo, el esp\u00edritu de colaboraci\u00f3n y el compromiso compartido que demostraron todos los presentes. \u201cEn los \u00faltimos d\u00edas no solo hemos intercambiado ideas, sino que tambi\u00e9n hemos reforzado nuestra determinaci\u00f3n colectiva de promover los principios del Acuerdo de Escaz\u00fa. La transparencia, el acceso a la informaci\u00f3n, la participaci\u00f3n p\u00fablica y la justicia ambiental no son meros ideales abstractos. Son pilares esenciales para el desarrollo sostenible y las sociedades resilientes, especialmente para los peque\u00f1os Estados insulares como el nuestro en las Bahamas\u201d, indic\u00f3.<\/p>\n<p style=\"text-align: justify\">\u201cLos representantes electos del p\u00fablico renovamos hoy nuestro compromiso para con nuestro rol y continuaremos expandiendo y profundizando el trabajo con el p\u00fablico a trav\u00e9s de la regi\u00f3n, apoyando sus voces y su compromiso significativo. Haremos sugerencias concretas sobre la forma en que este mecanismo puede fortalecerse\u201d, afirm\u00f3 Irene Murillo, representante electa del p\u00fablico.<\/p>\n<p style=\"text-align: justify\">Por su parte, en representaci\u00f3n de la Secretar\u00eda del Acuerdo de Escaz\u00fa, el Director de la Divisi\u00f3n de Desarrollo Sostenible y Asentamientos Humanos de la CEPAL, Carlos de Miguel, envi\u00f3 un mensaje a todos los pa\u00edses de la regi\u00f3n que a\u00fan no son Partes: \u201cnecesitamos llegar a los 33 pa\u00edses de Am\u00e9rica Latina y el Caribe ya que si avanzamos todos juntos, llegaremos m\u00e1s lejos\u201d, dijo.<\/p>\n<p style=\"text-align: justify\">\u201cEs importante seguir con la implementaci\u00f3n del Acuerdo de Escaz\u00fa y avanzar. El dato, la informaci\u00f3n como elemento de justicia ambiental es fundamental. La construcci\u00f3n de metodolog\u00edas en conjunto basadas en la territorialidad es caracter\u00edstica de Escaz\u00fa. Desde la Secretar\u00eda estamos a su disposici\u00f3n para seguir trabajando\u201d, agreg\u00f3 De Miguel.<\/p>\n<p style=\"text-align: justify\">En tanto, el representante de Saint Kitts y Nevis y Presidente entrante de la Mesa Directiva del acuerdo, Derionne Edmeade, indic\u00f3 que su pa\u00eds es plenamente consciente de los retos interrelacionados a los que se enfrenta. \u201cDesde el cambio clim\u00e1tico hasta la p\u00e9rdida de biodiversidad, desde la degradaci\u00f3n ambiental hasta la vulnerabilidad social. Son precisamente estas realidades las que refuerzan nuestra determinaci\u00f3n de que los principios de acceso a la informaci\u00f3n, participaci\u00f3n y acceso a la justicia no solo se respeten, sino que tengan un impacto significativo en la vida de todos\u201d, declar\u00f3.<\/p>\n<p style=\"text-align: justify\">Finalmente, el Presidente saliente de la Mesa Directiva del acuerdo, Marcelo Cousillas, agradeci\u00f3 a los pa\u00edses, organismos participantes, representantes del p\u00fablico y la Secretar\u00eda por toda su colaboraci\u00f3n en la construcci\u00f3n del acuerdo. Record\u00f3 que esta es la \u00faltima reuni\u00f3n para la primera Mesa Directiva del \u00a0Acuerdo de Escaz\u00fa \u201cque tuvo un extenso per\u00edodo de 4 a\u00f1os de mucho trabajo, pero de un ambiente muy grato. Antigua y Barbuda, Argentina, M\u00e9xico, Santa Luc\u00eda y Uruguay fueron parte indispensable. Logramos consensos que parec\u00edan muy dif\u00edciles, con mucha flexibilidad y buena disposici\u00f3n. Le deseo a la nueva Mesa Directiva que tengan las mismas posibilidades\u201d, expres\u00f3.<\/p>\n<p style=\"text-align: justify\">Al encuentro realizado en Bahamas asistieron ministros y autoridades de varios pa\u00edses de la regi\u00f3n, junto a representantes de organismos regionales e internacionales y miembros del p\u00fablico. En total se registraron para participar 472 personas, entre ellas delegaciones de 17 Estados Parte, cuatro Estados signatarios, tres delegaciones de pa\u00edses observadores del Acuerdo, 295 personas del P\u00fablico, 23 representantes del Sistema de las Naciones Unidas y organismos intergubernamentales, y los miembros del Comit\u00e9 de Apoyo a la Aplicaci\u00f3n y el Cumplimiento (CAAC) y expertos invitados.<\/p>\n<p style=\"text-align: justify\">El Acuerdo de Escaz\u00fa ha sido firmado por 24 pa\u00edses de Am\u00e9rica Latina y el Caribe y hasta el momento cuenta con 19 Estados Partes. Estos \u00faltimos son: Antigua y Barbuda, Argentina, Bahamas, Belice, Bolivia, Chile, Colombia, Dominica, Ecuador, Granada, Guyana, M\u00e9xico, Nicaragua, Panam\u00e1, San Vicente y las Granadinas, Saint Kitts y Nevis, Santa Luc\u00eda, Trinidad y Tabago y Uruguay.<\/p>\n<p class=\"yiv9154314263last-child\" style=\"text-align: justify\">El Acuerdo fue adoptado en Escaz\u00fa, Costa Rica, el 4 de marzo de 2018 y entr\u00f3 en vigor el 22 de abril de 2021 y est\u00e1 abierto a ratificaci\u00f3n, aceptaci\u00f3n, aprobaci\u00f3n, o adhesi\u00f3n de los 33 pa\u00edses de Am\u00e9rica Latina y el Caribe.<\/p>\n","protected":false},"excerpt":{"rendered":"<p>REDACCI\u00d3N NOTI-AM\u00c9RICA (ECUADOR) La\u00a0Cuarta reuni\u00f3n de la Conferencia de las Partes (COP 4)\u00a0del\u00a0Acuerdo Regional sobre el Acceso a la Informaci\u00f3n, la Participaci\u00f3n P\u00fablica y el Acceso a la Justicia en Asuntos Ambientales en Am\u00e9rica&#46;&#46;&#46;<\/p>\n","protected":false},"author":17,"featured_media":87367,"comment_status":"","ping_status":"open","sticky":false,"template":"","format":"standard","meta":{"_acf_changed":false,"rop_custom_images_group":[],"rop_custom_messages_group":[],"rop_publish_now":"no","rop_publish_now_accounts":[],"rop_publish_now_history":[],"rop_publish_now_status":"pending","footnotes":""},"categories":[886],"tags":[],"class_list":["post-87366","post","type-post","status-publish","format-standard","has-post-thumbnail","hentry","category-acturalidad"],"acf":[],"yoast_head":"<!-- This site is optimized with the Yoast SEO Premium plugin v24.9 (Yoast SEO v27.2) - https:\/\/yoast.com\/product\/yoast-seo-premium-wordpress\/ -->\n<title>COP4 crea grupos de trabajo para registros de emisiones y contaminantes y acceso a justicia ambiental, en Am\u00e9rica Latina y el Caribe\u00a0 - Noti-America.com<\/title>\n<meta name=\"robots\" content=\"index, follow, max-snippet:-1, max-image-preview:large, max-video-preview:-1\" \/>\n<link rel=\"canonical\" href=\"https:\/\/noti-america.com\/site\/principal\/2026\/04\/26\/cop4-crea-grupos-de-trabajo-para-registros-de-emisiones-y-contaminantes-y-acceso-a-justicia-ambiental-en-america-latina-y-el-caribe\/\" \/>\n<meta property=\"og:locale\" content=\"es_ES\" \/>\n<meta property=\"og:type\" content=\"article\" \/>\n<meta property=\"og:title\" content=\"COP4 crea grupos de trabajo para registros de emisiones y contaminantes y acceso a justicia ambiental, en Am\u00e9rica Latina y el Caribe\u00a0\" \/>\n<meta property=\"og:description\" content=\"REDACCI\u00d3N NOTI-AM\u00c9RICA (ECUADOR) La\u00a0Cuarta reuni\u00f3n de la Conferencia de las Partes (COP 4)\u00a0del\u00a0Acuerdo Regional sobre el Acceso a la Informaci\u00f3n, la Participaci\u00f3n P\u00fablica y el Acceso a la Justicia en Asuntos Ambientales en Am\u00e9rica&#046;&#046;&#046;\" \/>\n<meta property=\"og:url\" content=\"https:\/\/noti-america.com\/site\/principal\/2026\/04\/26\/cop4-crea-grupos-de-trabajo-para-registros-de-emisiones-y-contaminantes-y-acceso-a-justicia-ambiental-en-america-latina-y-el-caribe\/\" \/>\n<meta property=\"og:site_name\" content=\"Noti-America.com\" \/>\n<meta property=\"article:published_time\" content=\"2026-04-26T21:02:28+00:00\" \/>\n<meta property=\"og:image\" content=\"https:\/\/noti-america.com\/site\/principal\/wp-content\/uploads\/sites\/26\/2026\/04\/REUNION-COP4.jpg\" \/>\n\t<meta property=\"og:image:width\" content=\"1280\" \/>\n\t<meta property=\"og:image:height\" content=\"743\" \/>\n\t<meta property=\"og:image:type\" content=\"image\/jpeg\" \/>\n<meta name=\"author\" content=\"Gregory Quintana Montiel\" \/>\n<meta name=\"twitter:card\" content=\"summary_large_image\" \/>\n<meta name=\"twitter:creator\" content=\"@gdgregori1\" \/>\n<meta name=\"twitter:label1\" content=\"Escrito por\" \/>\n\t<meta name=\"twitter:data1\" content=\"Gregory Quintana Montiel\" \/>\n\t<meta name=\"twitter:label2\" content=\"Tiempo estimado de lectura\" \/>\n\t<meta name=\"twitter:data2\" content=\"6 minutos\" \/>\n<script type=\"application\/ld+json\" class=\"yoast-schema-graph\">{\"@context\":\"https:\/\/schema.org\",\"@graph\":[{\"@type\":\"Article\",\"@id\":\"https:\/\/noti-america.com\/site\/principal\/2026\/04\/26\/cop4-crea-grupos-de-trabajo-para-registros-de-emisiones-y-contaminantes-y-acceso-a-justicia-ambiental-en-america-latina-y-el-caribe\/#article\",\"isPartOf\":{\"@id\":\"https:\/\/noti-america.com\/site\/principal\/2026\/04\/26\/cop4-crea-grupos-de-trabajo-para-registros-de-emisiones-y-contaminantes-y-acceso-a-justicia-ambiental-en-america-latina-y-el-caribe\/\"},\"author\":{\"name\":\"Gregory Quintana Montiel\",\"@id\":\"https:\/\/noti-america.com\/site\/principal\/#\/schema\/person\/3b975e42f15abfe64bfe3abdd916efda\"},\"headline\":\"COP4 crea grupos de trabajo para registros de emisiones y contaminantes y acceso a justicia ambiental, en Am\u00e9rica Latina y el Caribe\u00a0\",\"datePublished\":\"2026-04-26T21:02:28+00:00\",\"mainEntityOfPage\":{\"@id\":\"https:\/\/noti-america.com\/site\/principal\/2026\/04\/26\/cop4-crea-grupos-de-trabajo-para-registros-de-emisiones-y-contaminantes-y-acceso-a-justicia-ambiental-en-america-latina-y-el-caribe\/\"},\"wordCount\":1304,\"image\":{\"@id\":\"https:\/\/noti-america.com\/site\/principal\/2026\/04\/26\/cop4-crea-grupos-de-trabajo-para-registros-de-emisiones-y-contaminantes-y-acceso-a-justicia-ambiental-en-america-latina-y-el-caribe\/#primaryimage\"},\"thumbnailUrl\":\"https:\/\/noti-america.com\/site\/principal\/wp-content\/uploads\/sites\/26\/2026\/04\/REUNION-COP4.jpg\",\"articleSection\":[\"Actualidad\"],\"inLanguage\":\"es\"},{\"@type\":\"WebPage\",\"@id\":\"https:\/\/noti-america.com\/site\/principal\/2026\/04\/26\/cop4-crea-grupos-de-trabajo-para-registros-de-emisiones-y-contaminantes-y-acceso-a-justicia-ambiental-en-america-latina-y-el-caribe\/\",\"url\":\"https:\/\/noti-america.com\/site\/principal\/2026\/04\/26\/cop4-crea-grupos-de-trabajo-para-registros-de-emisiones-y-contaminantes-y-acceso-a-justicia-ambiental-en-america-latina-y-el-caribe\/\",\"name\":\"COP4 crea grupos de trabajo para registros de emisiones y contaminantes y acceso a justicia ambiental, en Am\u00e9rica Latina y el Caribe\u00a0 - Noti-America.com\",\"isPartOf\":{\"@id\":\"https:\/\/noti-america.com\/site\/principal\/#website\"},\"primaryImageOfPage\":{\"@id\":\"https:\/\/noti-america.com\/site\/principal\/2026\/04\/26\/cop4-crea-grupos-de-trabajo-para-registros-de-emisiones-y-contaminantes-y-acceso-a-justicia-ambiental-en-america-latina-y-el-caribe\/#primaryimage\"},\"image\":{\"@id\":\"https:\/\/noti-america.com\/site\/principal\/2026\/04\/26\/cop4-crea-grupos-de-trabajo-para-registros-de-emisiones-y-contaminantes-y-acceso-a-justicia-ambiental-en-america-latina-y-el-caribe\/#primaryimage\"},\"thumbnailUrl\":\"https:\/\/noti-america.com\/site\/principal\/wp-content\/uploads\/sites\/26\/2026\/04\/REUNION-COP4.jpg\",\"datePublished\":\"2026-04-26T21:02:28+00:00\",\"author\":{\"@id\":\"https:\/\/noti-america.com\/site\/principal\/#\/schema\/person\/3b975e42f15abfe64bfe3abdd916efda\"},\"breadcrumb\":{\"@id\":\"https:\/\/noti-america.com\/site\/principal\/2026\/04\/26\/cop4-crea-grupos-de-trabajo-para-registros-de-emisiones-y-contaminantes-y-acceso-a-justicia-ambiental-en-america-latina-y-el-caribe\/#breadcrumb\"},\"inLanguage\":\"es\",\"potentialAction\":[{\"@type\":\"ReadAction\",\"target\":[\"https:\/\/noti-america.com\/site\/principal\/2026\/04\/26\/cop4-crea-grupos-de-trabajo-para-registros-de-emisiones-y-contaminantes-y-acceso-a-justicia-ambiental-en-america-latina-y-el-caribe\/\"]}]},{\"@type\":\"ImageObject\",\"inLanguage\":\"es\",\"@id\":\"https:\/\/noti-america.com\/site\/principal\/2026\/04\/26\/cop4-crea-grupos-de-trabajo-para-registros-de-emisiones-y-contaminantes-y-acceso-a-justicia-ambiental-en-america-latina-y-el-caribe\/#primaryimage\",\"url\":\"https:\/\/noti-america.com\/site\/principal\/wp-content\/uploads\/sites\/26\/2026\/04\/REUNION-COP4.jpg\",\"contentUrl\":\"https:\/\/noti-america.com\/site\/principal\/wp-content\/uploads\/sites\/26\/2026\/04\/REUNION-COP4.jpg\",\"width\":1280,\"height\":743},{\"@type\":\"BreadcrumbList\",\"@id\":\"https:\/\/noti-america.com\/site\/principal\/2026\/04\/26\/cop4-crea-grupos-de-trabajo-para-registros-de-emisiones-y-contaminantes-y-acceso-a-justicia-ambiental-en-america-latina-y-el-caribe\/#breadcrumb\",\"itemListElement\":[{\"@type\":\"ListItem\",\"position\":1,\"name\":\"Portada\",\"item\":\"https:\/\/noti-america.com\/site\/principal\/\"},{\"@type\":\"ListItem\",\"position\":2,\"name\":\"COP4 crea grupos de trabajo para registros de emisiones y contaminantes y acceso a justicia ambiental, en Am\u00e9rica Latina y el Caribe\u00a0\"}]},{\"@type\":\"WebSite\",\"@id\":\"https:\/\/noti-america.com\/site\/principal\/#website\",\"url\":\"https:\/\/noti-america.com\/site\/principal\/\",\"name\":\"Noti-America.com\",\"description\":\"El Noticiero Digital M\u00e1s Grande de Am\u00e9rica\",\"potentialAction\":[{\"@type\":\"SearchAction\",\"target\":{\"@type\":\"EntryPoint\",\"urlTemplate\":\"https:\/\/noti-america.com\/site\/principal\/?s={search_term_string}\"},\"query-input\":{\"@type\":\"PropertyValueSpecification\",\"valueRequired\":true,\"valueName\":\"search_term_string\"}}],\"inLanguage\":\"es\"},{\"@type\":\"Person\",\"@id\":\"https:\/\/noti-america.com\/site\/principal\/#\/schema\/person\/3b975e42f15abfe64bfe3abdd916efda\",\"name\":\"Gregory Quintana Montiel\",\"image\":{\"@type\":\"ImageObject\",\"inLanguage\":\"es\",\"@id\":\"https:\/\/secure.gravatar.com\/avatar\/2d6b802f7720c2ec7744dcbe608cc2f3417aeb964d58b443c6d612b77531de1d?s=96&d=mm&r=g\",\"url\":\"https:\/\/secure.gravatar.com\/avatar\/2d6b802f7720c2ec7744dcbe608cc2f3417aeb964d58b443c6d612b77531de1d?s=96&d=mm&r=g\",\"contentUrl\":\"https:\/\/secure.gravatar.com\/avatar\/2d6b802f7720c2ec7744dcbe608cc2f3417aeb964d58b443c6d612b77531de1d?s=96&d=mm&r=g\",\"caption\":\"Gregory Quintana Montiel\"},\"description\":\"Licenciatura en Ciencias de la Comunicaci\u00f3n Social, egresado en la Especializaci\u00f3n Derecho Ambiental Desarrollo Sostenible y Sustentable, Miembro de la Comunidad de profesionales y experto para Latinoam\u00e9rica y el Caribe en Gesti\u00f3n por Resultado en el Desarrollo (COPLAC - GpRD) del Banco Interamericano de Desarrollo, experiencia en medios radiales y escritos.\",\"sameAs\":[\"https:\/\/x.com\/gdgregori1\",\"gquintana\"],\"url\":\"https:\/\/noti-america.com\/site\/principal\/author\/gquintana\/\"}]}<\/script>\n<!-- \/ Yoast SEO Premium plugin. -->","yoast_head_json":{"title":"COP4 crea grupos de trabajo para registros de emisiones y contaminantes y acceso a justicia ambiental, en Am\u00e9rica Latina y el Caribe\u00a0 - Noti-America.com","robots":{"index":"index","follow":"follow","max-snippet":"max-snippet:-1","max-image-preview":"max-image-preview:large","max-video-preview":"max-video-preview:-1"},"canonical":"https:\/\/noti-america.com\/site\/principal\/2026\/04\/26\/cop4-crea-grupos-de-trabajo-para-registros-de-emisiones-y-contaminantes-y-acceso-a-justicia-ambiental-en-america-latina-y-el-caribe\/","og_locale":"es_ES","og_type":"article","og_title":"COP4 crea grupos de trabajo para registros de emisiones y contaminantes y acceso a justicia ambiental, en Am\u00e9rica Latina y el Caribe\u00a0","og_description":"REDACCI\u00d3N NOTI-AM\u00c9RICA (ECUADOR) La\u00a0Cuarta reuni\u00f3n de la Conferencia de las Partes (COP 4)\u00a0del\u00a0Acuerdo Regional sobre el Acceso a la Informaci\u00f3n, la Participaci\u00f3n P\u00fablica y el Acceso a la Justicia en Asuntos Ambientales en Am\u00e9rica&#46;&#46;&#46;","og_url":"https:\/\/noti-america.com\/site\/principal\/2026\/04\/26\/cop4-crea-grupos-de-trabajo-para-registros-de-emisiones-y-contaminantes-y-acceso-a-justicia-ambiental-en-america-latina-y-el-caribe\/","og_site_name":"Noti-America.com","article_published_time":"2026-04-26T21:02:28+00:00","og_image":[{"width":1280,"height":743,"url":"https:\/\/noti-america.com\/site\/principal\/wp-content\/uploads\/sites\/26\/2026\/04\/REUNION-COP4.jpg","type":"image\/jpeg"}],"author":"Gregory Quintana Montiel","twitter_card":"summary_large_image","twitter_creator":"@gdgregori1","twitter_misc":{"Escrito por":"Gregory Quintana Montiel","Tiempo estimado de lectura":"6 minutos"},"schema":{"@context":"https:\/\/schema.org","@graph":[{"@type":"Article","@id":"https:\/\/noti-america.com\/site\/principal\/2026\/04\/26\/cop4-crea-grupos-de-trabajo-para-registros-de-emisiones-y-contaminantes-y-acceso-a-justicia-ambiental-en-america-latina-y-el-caribe\/#article","isPartOf":{"@id":"https:\/\/noti-america.com\/site\/principal\/2026\/04\/26\/cop4-crea-grupos-de-trabajo-para-registros-de-emisiones-y-contaminantes-y-acceso-a-justicia-ambiental-en-america-latina-y-el-caribe\/"},"author":{"name":"Gregory Quintana Montiel","@id":"https:\/\/noti-america.com\/site\/principal\/#\/schema\/person\/3b975e42f15abfe64bfe3abdd916efda"},"headline":"COP4 crea grupos de trabajo para registros de emisiones y contaminantes y acceso a justicia ambiental, en Am\u00e9rica Latina y el Caribe\u00a0","datePublished":"2026-04-26T21:02:28+00:00","mainEntityOfPage":{"@id":"https:\/\/noti-america.com\/site\/principal\/2026\/04\/26\/cop4-crea-grupos-de-trabajo-para-registros-de-emisiones-y-contaminantes-y-acceso-a-justicia-ambiental-en-america-latina-y-el-caribe\/"},"wordCount":1304,"image":{"@id":"https:\/\/noti-america.com\/site\/principal\/2026\/04\/26\/cop4-crea-grupos-de-trabajo-para-registros-de-emisiones-y-contaminantes-y-acceso-a-justicia-ambiental-en-america-latina-y-el-caribe\/#primaryimage"},"thumbnailUrl":"https:\/\/noti-america.com\/site\/principal\/wp-content\/uploads\/sites\/26\/2026\/04\/REUNION-COP4.jpg","articleSection":["Actualidad"],"inLanguage":"es"},{"@type":"WebPage","@id":"https:\/\/noti-america.com\/site\/principal\/2026\/04\/26\/cop4-crea-grupos-de-trabajo-para-registros-de-emisiones-y-contaminantes-y-acceso-a-justicia-ambiental-en-america-latina-y-el-caribe\/","url":"https:\/\/noti-america.com\/site\/principal\/2026\/04\/26\/cop4-crea-grupos-de-trabajo-para-registros-de-emisiones-y-contaminantes-y-acceso-a-justicia-ambiental-en-america-latina-y-el-caribe\/","name":"COP4 crea grupos de trabajo para registros de emisiones y contaminantes y acceso a justicia ambiental, en Am\u00e9rica Latina y el Caribe\u00a0 - Noti-America.com","isPartOf":{"@id":"https:\/\/noti-america.com\/site\/principal\/#website"},"primaryImageOfPage":{"@id":"https:\/\/noti-america.com\/site\/principal\/2026\/04\/26\/cop4-crea-grupos-de-trabajo-para-registros-de-emisiones-y-contaminantes-y-acceso-a-justicia-ambiental-en-america-latina-y-el-caribe\/#primaryimage"},"image":{"@id":"https:\/\/noti-america.com\/site\/principal\/2026\/04\/26\/cop4-crea-grupos-de-trabajo-para-registros-de-emisiones-y-contaminantes-y-acceso-a-justicia-ambiental-en-america-latina-y-el-caribe\/#primaryimage"},"thumbnailUrl":"https:\/\/noti-america.com\/site\/principal\/wp-content\/uploads\/sites\/26\/2026\/04\/REUNION-COP4.jpg","datePublished":"2026-04-26T21:02:28+00:00","author":{"@id":"https:\/\/noti-america.com\/site\/principal\/#\/schema\/person\/3b975e42f15abfe64bfe3abdd916efda"},"breadcrumb":{"@id":"https:\/\/noti-america.com\/site\/principal\/2026\/04\/26\/cop4-crea-grupos-de-trabajo-para-registros-de-emisiones-y-contaminantes-y-acceso-a-justicia-ambiental-en-america-latina-y-el-caribe\/#breadcrumb"},"inLanguage":"es","potentialAction":[{"@type":"ReadAction","target":["https:\/\/noti-america.com\/site\/principal\/2026\/04\/26\/cop4-crea-grupos-de-trabajo-para-registros-de-emisiones-y-contaminantes-y-acceso-a-justicia-ambiental-en-america-latina-y-el-caribe\/"]}]},{"@type":"ImageObject","inLanguage":"es","@id":"https:\/\/noti-america.com\/site\/principal\/2026\/04\/26\/cop4-crea-grupos-de-trabajo-para-registros-de-emisiones-y-contaminantes-y-acceso-a-justicia-ambiental-en-america-latina-y-el-caribe\/#primaryimage","url":"https:\/\/noti-america.com\/site\/principal\/wp-content\/uploads\/sites\/26\/2026\/04\/REUNION-COP4.jpg","contentUrl":"https:\/\/noti-america.com\/site\/principal\/wp-content\/uploads\/sites\/26\/2026\/04\/REUNION-COP4.jpg","width":1280,"height":743},{"@type":"BreadcrumbList","@id":"https:\/\/noti-america.com\/site\/principal\/2026\/04\/26\/cop4-crea-grupos-de-trabajo-para-registros-de-emisiones-y-contaminantes-y-acceso-a-justicia-ambiental-en-america-latina-y-el-caribe\/#breadcrumb","itemListElement":[{"@type":"ListItem","position":1,"name":"Portada","item":"https:\/\/noti-america.com\/site\/principal\/"},{"@type":"ListItem","position":2,"name":"COP4 crea grupos de trabajo para registros de emisiones y contaminantes y acceso a justicia ambiental, en Am\u00e9rica Latina y el Caribe\u00a0"}]},{"@type":"WebSite","@id":"https:\/\/noti-america.com\/site\/principal\/#website","url":"https:\/\/noti-america.com\/site\/principal\/","name":"Noti-America.com","description":"El Noticiero Digital M\u00e1s Grande de Am\u00e9rica","potentialAction":[{"@type":"SearchAction","target":{"@type":"EntryPoint","urlTemplate":"https:\/\/noti-america.com\/site\/principal\/?s={search_term_string}"},"query-input":{"@type":"PropertyValueSpecification","valueRequired":true,"valueName":"search_term_string"}}],"inLanguage":"es"},{"@type":"Person","@id":"https:\/\/noti-america.com\/site\/principal\/#\/schema\/person\/3b975e42f15abfe64bfe3abdd916efda","name":"Gregory Quintana Montiel","image":{"@type":"ImageObject","inLanguage":"es","@id":"https:\/\/secure.gravatar.com\/avatar\/2d6b802f7720c2ec7744dcbe608cc2f3417aeb964d58b443c6d612b77531de1d?s=96&d=mm&r=g","url":"https:\/\/secure.gravatar.com\/avatar\/2d6b802f7720c2ec7744dcbe608cc2f3417aeb964d58b443c6d612b77531de1d?s=96&d=mm&r=g","contentUrl":"https:\/\/secure.gravatar.com\/avatar\/2d6b802f7720c2ec7744dcbe608cc2f3417aeb964d58b443c6d612b77531de1d?s=96&d=mm&r=g","caption":"Gregory Quintana Montiel"},"description":"Licenciatura en Ciencias de la Comunicaci\u00f3n Social, egresado en la Especializaci\u00f3n Derecho Ambiental Desarrollo Sostenible y Sustentable, Miembro de la Comunidad de profesionales y experto para Latinoam\u00e9rica y el Caribe en Gesti\u00f3n por Resultado en el Desarrollo (COPLAC - GpRD) del Banco Interamericano de Desarrollo, experiencia en medios radiales y escritos.","sameAs":["https:\/\/x.com\/gdgregori1","gquintana"],"url":"https:\/\/noti-america.com\/site\/principal\/author\/gquintana\/"}]}},"_links":{"self":[{"href":"https:\/\/noti-america.com\/site\/principal\/wp-json\/wp\/v2\/posts\/87366","targetHints":{"allow":["GET"]}}],"collection":[{"href":"https:\/\/noti-america.com\/site\/principal\/wp-json\/wp\/v2\/posts"}],"about":[{"href":"https:\/\/noti-america.com\/site\/principal\/wp-json\/wp\/v2\/types\/post"}],"author":[{"embeddable":true,"href":"https:\/\/noti-america.com\/site\/principal\/wp-json\/wp\/v2\/users\/17"}],"replies":[{"embeddable":true,"href":"https:\/\/noti-america.com\/site\/principal\/wp-json\/wp\/v2\/comments?post=87366"}],"version-history":[{"count":1,"href":"https:\/\/noti-america.com\/site\/principal\/wp-json\/wp\/v2\/posts\/87366\/revisions"}],"predecessor-version":[{"id":87396,"href":"https:\/\/noti-america.com\/site\/principal\/wp-json\/wp\/v2\/posts\/87366\/revisions\/87396"}],"wp:featuredmedia":[{"embeddable":true,"href":"https:\/\/noti-america.com\/site\/principal\/wp-json\/wp\/v2\/media\/87367"}],"wp:attachment":[{"href":"https:\/\/noti-america.com\/site\/principal\/wp-json\/wp\/v2\/media?parent=87366"}],"wp:term":[{"taxonomy":"category","embeddable":true,"href":"https:\/\/noti-america.com\/site\/principal\/wp-json\/wp\/v2\/categories?post=87366"},{"taxonomy":"post_tag","embeddable":true,"href":"https:\/\/noti-america.com\/site\/principal\/wp-json\/wp\/v2\/tags?post=87366"}],"curies":[{"name":"wp","href":"https:\/\/api.w.org\/{rel}","templated":true}]}}