{"id":8730,"date":"2021-12-29T21:41:41","date_gmt":"2021-12-30T01:41:41","guid":{"rendered":"https:\/\/noti-america.com\/site\/principal\/?p=8730"},"modified":"2021-12-29T21:41:41","modified_gmt":"2021-12-30T01:41:41","slug":"cuando-el-cerebro-envejece-llega-la-rigidez-cognitiva","status":"publish","type":"post","link":"https:\/\/noti-america.com\/site\/principal\/2021\/12\/29\/cuando-el-cerebro-envejece-llega-la-rigidez-cognitiva\/","title":{"rendered":"Cuando el cerebro envejece llega la rigidez cognitiva"},"content":{"rendered":"<p style=\"text-align: justify;\">Nota de Prensa<\/p>\n<p class=\"v1MsoNormal\" style=\"text-align: justify;\" align=\"center\"><i><span lang=\"ES\">Especialistas del GMSP sugieren ejercicios interactivos, tomar vacaciones, reducir el estr\u00e9s y evitar hacer colas.<\/span><\/i><\/p>\n<p class=\"v1MsoNormal\" style=\"text-align: justify;\"><span lang=\"ES\">Los seres humanos nacen con una \u00abFlexibilidad Cognitiva\u00bb que se va desarrollando con el paso del tiempo, al igual que el lenguaje o las destrezas motoras y permite resolver problemas nuevos de forma flexible, ayuda a comprender el punto de vista de los dem\u00e1s y por ello se le relaciona con la empat\u00eda.<\/span><\/p>\n<p class=\"v1MsoNormal\" style=\"text-align: justify;\"><span lang=\"ES\">La Flexibilidad Cognitiva, o tambi\u00e9n llamada Flexibilidad Mental, se define como la capacidad que tiene nuestro cerebro para adaptar nuestra conducta y pensamiento a situaciones novedosas, cambiantes o inesperadas. En otras palabras, es la capacidad de darnos cuenta de que lo que estamos haciendo no funciona, o ha dejado de funcionar y, por ende, debemos reajustar nuestra conducta, pensamiento y opiniones, para adaptarnos al entorno y a las nuevas situaciones.<\/span><\/p>\n<p class=\"v1MsoNormal\" style=\"text-align: justify;\"><span lang=\"ES\">La maduraci\u00f3n de la flexibilidad cognitiva se completa en torno a los 20 a\u00f1os;<\/span><span lang=\"ES\">\u00a0sin embargo, cuando se llega a la edad de los adultos mayores, a menudo empieza a experimentar un deterioro. Los expertos en neurolog\u00eda aseguran que el envejecimiento cerebral causa cambios f\u00edsicos y funcionales, que incluyen un declive en la velocidad de procesamiento, el funcionamiento sensorial central, la integridad de la materia blanca y el volumen cerebral; por lo que recomiendan ejercicios interactivos que pueden tener efectos positivos, y ayudan a mejorar y\/o mantener la habilidad cognitiva.<\/span><\/p>\n<p class=\"v1MsoNormal\" style=\"text-align: justify;\"><span lang=\"ES\"><br \/>\nMuchas de las personas que deciden acudir a terapia tienen problemas con pensamientos r\u00edgidos y poco adaptativos. Estos bloqueos pueden provocar cuadros de estr\u00e9s, ansiedad, depresi\u00f3n o simplemente no les permiten alcanzar sus objetivos.<\/span><\/p>\n<p class=\"v1MsoNormal\" style=\"text-align: justify;\"><b><span lang=\"ES\">\u00bfQu\u00e9 es la rigidez cognitiva?<\/span><\/b><\/p>\n<p class=\"v1MsoNormal\" style=\"text-align: justify;\"><span lang=\"ES\">La rigidez cognitiva es la consecuencia de la falta de flexibilidad mental y la incapacidad de cambiar de conducta o creencias, cuando \u00e9stas est\u00e1n siendo ineficaces para alcanzar los objetivos, lo cual puede conducir a alteraciones en la regulaci\u00f3n de la propia conducta, d\u00e1ndose patrones de comportamiento ineficientes y perseverancia.<\/span><\/p>\n<p class=\"v1MsoNormal\" style=\"text-align: justify;\"><span lang=\"ES\">En el caso de los adultos, la rigidez cognitiva genera la sensaci\u00f3n de quedarse\u00a0<\/span><span lang=\"ES\">\u00abatascado\u00bb en un punto, sin ser capaz de dar con la forma de salir de ah\u00ed, trayendo consecuencias negativas en las actividades de la vida diaria de las personas.<\/span><\/p>\n<p class=\"v1MsoNormal\" style=\"text-align: justify;\"><b><span lang=\"ES\">Adaptaci\u00f3n a los cambios y la flexibilidad cognitiva<\/span><\/b><\/p>\n<p class=\"v1MsoNormal\" style=\"text-align: justify;\"><span lang=\"ES\">Para las personas con escasa flexibilidad mental, la adaptaci\u00f3n al cambio puede resultar mucho m\u00e1s compleja y, en algunos casos, puede estar asociado a otras patolog\u00edas que motivan\u00a0 trastornos neuropsiqui\u00e1tricos como por ejemplo, en\u00a0ni\u00f1os peque\u00f1os con dificultades de atenci\u00f3n, en personas que hayan sufrido alg\u00fan\u00a0traumatismo craneoencef\u00e1lico\u00a0(accidente de coche, ca\u00edda),\u00a0ictus, o trastornos complejos como el\u00a0de d\u00e9ficit de atenci\u00f3n con hiperactividad,\u00a0trastorno obsesivo-compulsivo (TOC),\u00a0esquizofrenia,\u00a0\u00a0del espectro autista\u00a0(asperger y autismo),\u00a0de la alimentaci\u00f3n\u00a0(anorexia nerviosa y bulimia nerviosa), personas con\u00a0adicciones, etc.<\/span><\/p>\n<p class=\"v1MsoNormal\" style=\"text-align: justify;\"><b><span lang=\"ES\">Recomendaciones para la flexibilidad cognitiva<\/span><\/b><b><\/b><\/p>\n<p class=\"v1MsoNormal\" style=\"text-align: justify;\"><span lang=\"ES\">La evaluaci\u00f3n de la flexibilidad cognitiva con un experto resulta de alta utilidad, tanto en el \u00e1rea m\u00e9dica, como en el \u00e1mbito de la educaci\u00f3n e incluso, en el aspecto profesional.<\/span><\/p>\n<p class=\"v1MsoNormal\" style=\"text-align: justify;\"><span lang=\"ES\">Este tipo de casos se atienden en\u00a0<b>el Grupo M\u00e9dico Santa Paula<\/b>\u00a0(GMSP), donde el proceso de flexibilidad mental o flexibilidad cognitiva puede ser medido con precisi\u00f3n, a trav\u00e9s de una evaluaci\u00f3n neuropsicol\u00f3gica completa. Para aumentar la flexibilidad cognitiva el\u00a0<b>GMSP<\/b>\u00a0recomienda tres pasos:<\/span><\/p>\n<p class=\"v1MsoNormal\" style=\"text-align: justify;\"><span lang=\"ES\">\u00b7<\/span><span lang=\"ES\">\u00a0\u00a0\u00a0\u00a0\u00a0\u00a0\u00a0\u00a0\u00a0<\/span><span lang=\"ES\">Tomar unas vacaciones para reducir el estr\u00e9s cr\u00f3nico.<\/span><\/p>\n<p class=\"v1MsoNormal\" style=\"text-align: justify;\"><span lang=\"ES\">\u00b7<\/span><span lang=\"ES\">\u00a0\u00a0\u00a0\u00a0\u00a0\u00a0\u00a0\u00a0\u00a0<\/span><span lang=\"ES\">Desconectarse de lo laboral mientras descansas, lo cual fortalece tu salud mental.<\/span><\/p>\n<p class=\"v1MsoNormal\" style=\"text-align: justify;\"><span lang=\"ES\">\u00b7<\/span><span lang=\"ES\">\u00a0\u00a0\u00a0\u00a0\u00a0\u00a0\u00a0\u00a0\u00a0<\/span><span lang=\"ES\">Evita situaciones de estr\u00e9s durante las vacaciones, por ejemplo, no hacer largas filas.<\/span><\/p>\n<p class=\"v1MsoNormal\" style=\"text-align: justify;\"><span lang=\"ES\">\u00b7<\/span><span lang=\"ES\">\u00a0\u00a0\u00a0\u00a0\u00a0\u00a0\u00a0\u00a0\u00a0<\/span><span lang=\"ES\">Permitir a tu cuerpo liberar dopamina para que el cerebro se active positivamente a los cambios.<\/span><\/p>\n<p class=\"v1MsoNormal\" style=\"text-align: justify;\"><span lang=\"ES\">Entre los resultados que se obtienen al trabajar desde la flexibilidad cognitiva destacan:<\/span><\/p>\n<ul style=\"text-align: justify;\" type=\"disc\">\n<li class=\"v1MsoNormal\"><span lang=\"ES\">Las personas con mayor flexibilidad cognitiva son capaces de generar respuestas alternativas y cambiantes para solucionar problemas.<\/span><\/li>\n<li class=\"v1MsoNormal\"><span lang=\"ES\">La flexibilidad cognitiva ayuda a tolerar y manejar con mayor facilidad los cambios que pueden suceder sin alterarnos y \u00a0permite adaptarnos r\u00e1pidamente a estos cambios. (Resiliente)<\/span><\/li>\n<li class=\"v1MsoNormal\"><span lang=\"ES\">Ayuda a tener un enfoque selectivo y centrarnos menos en los posibles factores que producen estr\u00e9s o ansiedad.<\/span><\/li>\n<li class=\"v1MsoNormal\"><span lang=\"ES\">Las personas con flexibilidad mental toleran mejor los errores y cambios de planes, tienen mayor facilidad para ponerse en lugar del otro, y llegan m\u00e1s f\u00e1cilmente a acuerdos comunes.<\/span><\/li>\n<li class=\"v1MsoNormal\"><span lang=\"ES\">Nos permite pensar en varios conceptos a la vez o realizar varias tareas al mismo tiempo.<\/span><\/li>\n<\/ul>\n<p class=\"v1MsoNormal\" style=\"text-align: justify;\"><span lang=\"ES\">Para conocer m\u00e1s consejos y recomendaciones ingresa a @grupomedicosp\u00a0<\/span><\/p>\n","protected":false},"excerpt":{"rendered":"<p>Nota de Prensa Especialistas del GMSP sugieren ejercicios interactivos, tomar vacaciones, reducir el estr\u00e9s y evitar hacer colas. Los seres humanos nacen con una \u00abFlexibilidad Cognitiva\u00bb que se va desarrollando con el paso del&#46;&#46;&#46;<\/p>\n","protected":false},"author":1,"featured_media":8731,"comment_status":"open","ping_status":"open","sticky":false,"template":"","format":"image","meta":{"_acf_changed":false,"rop_custom_images_group":[],"rop_custom_messages_group":[],"rop_publish_now":"initial","rop_publish_now_accounts":{"facebook_10219548024599422_1632221337088128":"","twitter_242054905_242054905":""},"rop_publish_now_history":[],"rop_publish_now_status":"pending","footnotes":""},"categories":[663,13],"tags":[],"class_list":["post-8730","post","type-post","status-publish","format-image","has-post-thumbnail","hentry","category-actualidad","category-vida-y-salud","post_format-post-format-image"],"acf":[],"yoast_head":"<!-- This site is optimized with the Yoast SEO Premium plugin v24.9 (Yoast SEO v27.2) - https:\/\/yoast.com\/product\/yoast-seo-premium-wordpress\/ -->\n<title>Cuando el cerebro envejece llega la rigidez cognitiva - Noti-America.com<\/title>\n<meta name=\"robots\" content=\"index, follow, max-snippet:-1, max-image-preview:large, max-video-preview:-1\" \/>\n<link rel=\"canonical\" href=\"https:\/\/noti-america.com\/site\/principal\/2021\/12\/29\/cuando-el-cerebro-envejece-llega-la-rigidez-cognitiva\/\" \/>\n<meta property=\"og:locale\" content=\"es_ES\" \/>\n<meta property=\"og:type\" content=\"article\" \/>\n<meta property=\"og:title\" content=\"Cuando el cerebro envejece llega la rigidez cognitiva\" \/>\n<meta property=\"og:description\" content=\"Nota de Prensa Especialistas del GMSP sugieren ejercicios interactivos, tomar vacaciones, reducir el estr\u00e9s y evitar hacer colas. Los seres humanos nacen con una \u00abFlexibilidad Cognitiva\u00bb que se va desarrollando con el paso del&#046;&#046;&#046;\" \/>\n<meta property=\"og:url\" content=\"https:\/\/noti-america.com\/site\/principal\/2021\/12\/29\/cuando-el-cerebro-envejece-llega-la-rigidez-cognitiva\/\" \/>\n<meta property=\"og:site_name\" content=\"Noti-America.com\" \/>\n<meta property=\"article:published_time\" content=\"2021-12-30T01:41:41+00:00\" \/>\n<meta property=\"og:image\" content=\"https:\/\/noti-america.com\/site\/principal\/wp-content\/uploads\/sites\/26\/2021\/12\/Cerebro.jpg\" \/>\n\t<meta property=\"og:image:width\" content=\"960\" \/>\n\t<meta property=\"og:image:height\" content=\"678\" \/>\n\t<meta property=\"og:image:type\" content=\"image\/jpeg\" \/>\n<meta name=\"author\" content=\"Rosmer Herrera\" \/>\n<meta name=\"twitter:card\" content=\"summary_large_image\" \/>\n<meta name=\"twitter:label1\" content=\"Escrito por\" \/>\n\t<meta name=\"twitter:data1\" content=\"Rosmer Herrera\" \/>\n\t<meta name=\"twitter:label2\" content=\"Tiempo estimado de lectura\" \/>\n\t<meta name=\"twitter:data2\" content=\"4 minutos\" \/>\n<script type=\"application\/ld+json\" class=\"yoast-schema-graph\">{\"@context\":\"https:\/\/schema.org\",\"@graph\":[{\"@type\":\"Article\",\"@id\":\"https:\/\/noti-america.com\/site\/principal\/2021\/12\/29\/cuando-el-cerebro-envejece-llega-la-rigidez-cognitiva\/#article\",\"isPartOf\":{\"@id\":\"https:\/\/noti-america.com\/site\/principal\/2021\/12\/29\/cuando-el-cerebro-envejece-llega-la-rigidez-cognitiva\/\"},\"author\":{\"name\":\"Rosmer Herrera\",\"@id\":\"https:\/\/noti-america.com\/site\/principal\/#\/schema\/person\/fd58dbfb92a257e9dc5761bf69a855ff\"},\"headline\":\"Cuando el cerebro envejece llega la rigidez cognitiva\",\"datePublished\":\"2021-12-30T01:41:41+00:00\",\"mainEntityOfPage\":{\"@id\":\"https:\/\/noti-america.com\/site\/principal\/2021\/12\/29\/cuando-el-cerebro-envejece-llega-la-rigidez-cognitiva\/\"},\"wordCount\":767,\"commentCount\":0,\"image\":{\"@id\":\"https:\/\/noti-america.com\/site\/principal\/2021\/12\/29\/cuando-el-cerebro-envejece-llega-la-rigidez-cognitiva\/#primaryimage\"},\"thumbnailUrl\":\"https:\/\/noti-america.com\/site\/principal\/wp-content\/uploads\/sites\/26\/2021\/12\/Cerebro.jpg\",\"articleSection\":[\"Actualidad\",\"Vida y Salud\"],\"inLanguage\":\"es\",\"potentialAction\":[{\"@type\":\"CommentAction\",\"name\":\"Comment\",\"target\":[\"https:\/\/noti-america.com\/site\/principal\/2021\/12\/29\/cuando-el-cerebro-envejece-llega-la-rigidez-cognitiva\/#respond\"]}]},{\"@type\":\"WebPage\",\"@id\":\"https:\/\/noti-america.com\/site\/principal\/2021\/12\/29\/cuando-el-cerebro-envejece-llega-la-rigidez-cognitiva\/\",\"url\":\"https:\/\/noti-america.com\/site\/principal\/2021\/12\/29\/cuando-el-cerebro-envejece-llega-la-rigidez-cognitiva\/\",\"name\":\"Cuando el cerebro envejece llega la rigidez cognitiva - Noti-America.com\",\"isPartOf\":{\"@id\":\"https:\/\/noti-america.com\/site\/principal\/#website\"},\"primaryImageOfPage\":{\"@id\":\"https:\/\/noti-america.com\/site\/principal\/2021\/12\/29\/cuando-el-cerebro-envejece-llega-la-rigidez-cognitiva\/#primaryimage\"},\"image\":{\"@id\":\"https:\/\/noti-america.com\/site\/principal\/2021\/12\/29\/cuando-el-cerebro-envejece-llega-la-rigidez-cognitiva\/#primaryimage\"},\"thumbnailUrl\":\"https:\/\/noti-america.com\/site\/principal\/wp-content\/uploads\/sites\/26\/2021\/12\/Cerebro.jpg\",\"datePublished\":\"2021-12-30T01:41:41+00:00\",\"author\":{\"@id\":\"https:\/\/noti-america.com\/site\/principal\/#\/schema\/person\/fd58dbfb92a257e9dc5761bf69a855ff\"},\"breadcrumb\":{\"@id\":\"https:\/\/noti-america.com\/site\/principal\/2021\/12\/29\/cuando-el-cerebro-envejece-llega-la-rigidez-cognitiva\/#breadcrumb\"},\"inLanguage\":\"es\",\"potentialAction\":[{\"@type\":\"ReadAction\",\"target\":[\"https:\/\/noti-america.com\/site\/principal\/2021\/12\/29\/cuando-el-cerebro-envejece-llega-la-rigidez-cognitiva\/\"]}]},{\"@type\":\"ImageObject\",\"inLanguage\":\"es\",\"@id\":\"https:\/\/noti-america.com\/site\/principal\/2021\/12\/29\/cuando-el-cerebro-envejece-llega-la-rigidez-cognitiva\/#primaryimage\",\"url\":\"https:\/\/noti-america.com\/site\/principal\/wp-content\/uploads\/sites\/26\/2021\/12\/Cerebro.jpg\",\"contentUrl\":\"https:\/\/noti-america.com\/site\/principal\/wp-content\/uploads\/sites\/26\/2021\/12\/Cerebro.jpg\",\"width\":960,\"height\":678},{\"@type\":\"BreadcrumbList\",\"@id\":\"https:\/\/noti-america.com\/site\/principal\/2021\/12\/29\/cuando-el-cerebro-envejece-llega-la-rigidez-cognitiva\/#breadcrumb\",\"itemListElement\":[{\"@type\":\"ListItem\",\"position\":1,\"name\":\"Portada\",\"item\":\"https:\/\/noti-america.com\/site\/principal\/\"},{\"@type\":\"ListItem\",\"position\":2,\"name\":\"Cuando el cerebro envejece llega la rigidez cognitiva\"}]},{\"@type\":\"WebSite\",\"@id\":\"https:\/\/noti-america.com\/site\/principal\/#website\",\"url\":\"https:\/\/noti-america.com\/site\/principal\/\",\"name\":\"Noti-America.com\",\"description\":\"El Noticiero Digital M\u00e1s Grande de Am\u00e9rica\",\"potentialAction\":[{\"@type\":\"SearchAction\",\"target\":{\"@type\":\"EntryPoint\",\"urlTemplate\":\"https:\/\/noti-america.com\/site\/principal\/?s={search_term_string}\"},\"query-input\":{\"@type\":\"PropertyValueSpecification\",\"valueRequired\":true,\"valueName\":\"search_term_string\"}}],\"inLanguage\":\"es\"},{\"@type\":\"Person\",\"@id\":\"https:\/\/noti-america.com\/site\/principal\/#\/schema\/person\/fd58dbfb92a257e9dc5761bf69a855ff\",\"name\":\"Rosmer Herrera\",\"image\":{\"@type\":\"ImageObject\",\"inLanguage\":\"es\",\"@id\":\"https:\/\/secure.gravatar.com\/avatar\/153e75c261394dbf20ff1a1e70ea2be9494f2b40b7fc4e7704084db13220ae08?s=96&d=mm&r=g\",\"url\":\"https:\/\/secure.gravatar.com\/avatar\/153e75c261394dbf20ff1a1e70ea2be9494f2b40b7fc4e7704084db13220ae08?s=96&d=mm&r=g\",\"contentUrl\":\"https:\/\/secure.gravatar.com\/avatar\/153e75c261394dbf20ff1a1e70ea2be9494f2b40b7fc4e7704084db13220ae08?s=96&d=mm&r=g\",\"caption\":\"Rosmer Herrera\"},\"url\":\"https:\/\/noti-america.com\/site\/principal\/author\/rosmer33\/\"}]}<\/script>\n<!-- \/ Yoast SEO Premium plugin. -->","yoast_head_json":{"title":"Cuando el cerebro envejece llega la rigidez cognitiva - Noti-America.com","robots":{"index":"index","follow":"follow","max-snippet":"max-snippet:-1","max-image-preview":"max-image-preview:large","max-video-preview":"max-video-preview:-1"},"canonical":"https:\/\/noti-america.com\/site\/principal\/2021\/12\/29\/cuando-el-cerebro-envejece-llega-la-rigidez-cognitiva\/","og_locale":"es_ES","og_type":"article","og_title":"Cuando el cerebro envejece llega la rigidez cognitiva","og_description":"Nota de Prensa Especialistas del GMSP sugieren ejercicios interactivos, tomar vacaciones, reducir el estr\u00e9s y evitar hacer colas. Los seres humanos nacen con una \u00abFlexibilidad Cognitiva\u00bb que se va desarrollando con el paso del&#46;&#46;&#46;","og_url":"https:\/\/noti-america.com\/site\/principal\/2021\/12\/29\/cuando-el-cerebro-envejece-llega-la-rigidez-cognitiva\/","og_site_name":"Noti-America.com","article_published_time":"2021-12-30T01:41:41+00:00","og_image":[{"width":960,"height":678,"url":"https:\/\/noti-america.com\/site\/principal\/wp-content\/uploads\/sites\/26\/2021\/12\/Cerebro.jpg","type":"image\/jpeg"}],"author":"Rosmer Herrera","twitter_card":"summary_large_image","twitter_misc":{"Escrito por":"Rosmer Herrera","Tiempo estimado de lectura":"4 minutos"},"schema":{"@context":"https:\/\/schema.org","@graph":[{"@type":"Article","@id":"https:\/\/noti-america.com\/site\/principal\/2021\/12\/29\/cuando-el-cerebro-envejece-llega-la-rigidez-cognitiva\/#article","isPartOf":{"@id":"https:\/\/noti-america.com\/site\/principal\/2021\/12\/29\/cuando-el-cerebro-envejece-llega-la-rigidez-cognitiva\/"},"author":{"name":"Rosmer Herrera","@id":"https:\/\/noti-america.com\/site\/principal\/#\/schema\/person\/fd58dbfb92a257e9dc5761bf69a855ff"},"headline":"Cuando el cerebro envejece llega la rigidez cognitiva","datePublished":"2021-12-30T01:41:41+00:00","mainEntityOfPage":{"@id":"https:\/\/noti-america.com\/site\/principal\/2021\/12\/29\/cuando-el-cerebro-envejece-llega-la-rigidez-cognitiva\/"},"wordCount":767,"commentCount":0,"image":{"@id":"https:\/\/noti-america.com\/site\/principal\/2021\/12\/29\/cuando-el-cerebro-envejece-llega-la-rigidez-cognitiva\/#primaryimage"},"thumbnailUrl":"https:\/\/noti-america.com\/site\/principal\/wp-content\/uploads\/sites\/26\/2021\/12\/Cerebro.jpg","articleSection":["Actualidad","Vida y Salud"],"inLanguage":"es","potentialAction":[{"@type":"CommentAction","name":"Comment","target":["https:\/\/noti-america.com\/site\/principal\/2021\/12\/29\/cuando-el-cerebro-envejece-llega-la-rigidez-cognitiva\/#respond"]}]},{"@type":"WebPage","@id":"https:\/\/noti-america.com\/site\/principal\/2021\/12\/29\/cuando-el-cerebro-envejece-llega-la-rigidez-cognitiva\/","url":"https:\/\/noti-america.com\/site\/principal\/2021\/12\/29\/cuando-el-cerebro-envejece-llega-la-rigidez-cognitiva\/","name":"Cuando el cerebro envejece llega la rigidez cognitiva - Noti-America.com","isPartOf":{"@id":"https:\/\/noti-america.com\/site\/principal\/#website"},"primaryImageOfPage":{"@id":"https:\/\/noti-america.com\/site\/principal\/2021\/12\/29\/cuando-el-cerebro-envejece-llega-la-rigidez-cognitiva\/#primaryimage"},"image":{"@id":"https:\/\/noti-america.com\/site\/principal\/2021\/12\/29\/cuando-el-cerebro-envejece-llega-la-rigidez-cognitiva\/#primaryimage"},"thumbnailUrl":"https:\/\/noti-america.com\/site\/principal\/wp-content\/uploads\/sites\/26\/2021\/12\/Cerebro.jpg","datePublished":"2021-12-30T01:41:41+00:00","author":{"@id":"https:\/\/noti-america.com\/site\/principal\/#\/schema\/person\/fd58dbfb92a257e9dc5761bf69a855ff"},"breadcrumb":{"@id":"https:\/\/noti-america.com\/site\/principal\/2021\/12\/29\/cuando-el-cerebro-envejece-llega-la-rigidez-cognitiva\/#breadcrumb"},"inLanguage":"es","potentialAction":[{"@type":"ReadAction","target":["https:\/\/noti-america.com\/site\/principal\/2021\/12\/29\/cuando-el-cerebro-envejece-llega-la-rigidez-cognitiva\/"]}]},{"@type":"ImageObject","inLanguage":"es","@id":"https:\/\/noti-america.com\/site\/principal\/2021\/12\/29\/cuando-el-cerebro-envejece-llega-la-rigidez-cognitiva\/#primaryimage","url":"https:\/\/noti-america.com\/site\/principal\/wp-content\/uploads\/sites\/26\/2021\/12\/Cerebro.jpg","contentUrl":"https:\/\/noti-america.com\/site\/principal\/wp-content\/uploads\/sites\/26\/2021\/12\/Cerebro.jpg","width":960,"height":678},{"@type":"BreadcrumbList","@id":"https:\/\/noti-america.com\/site\/principal\/2021\/12\/29\/cuando-el-cerebro-envejece-llega-la-rigidez-cognitiva\/#breadcrumb","itemListElement":[{"@type":"ListItem","position":1,"name":"Portada","item":"https:\/\/noti-america.com\/site\/principal\/"},{"@type":"ListItem","position":2,"name":"Cuando el cerebro envejece llega la rigidez cognitiva"}]},{"@type":"WebSite","@id":"https:\/\/noti-america.com\/site\/principal\/#website","url":"https:\/\/noti-america.com\/site\/principal\/","name":"Noti-America.com","description":"El Noticiero Digital M\u00e1s Grande de Am\u00e9rica","potentialAction":[{"@type":"SearchAction","target":{"@type":"EntryPoint","urlTemplate":"https:\/\/noti-america.com\/site\/principal\/?s={search_term_string}"},"query-input":{"@type":"PropertyValueSpecification","valueRequired":true,"valueName":"search_term_string"}}],"inLanguage":"es"},{"@type":"Person","@id":"https:\/\/noti-america.com\/site\/principal\/#\/schema\/person\/fd58dbfb92a257e9dc5761bf69a855ff","name":"Rosmer Herrera","image":{"@type":"ImageObject","inLanguage":"es","@id":"https:\/\/secure.gravatar.com\/avatar\/153e75c261394dbf20ff1a1e70ea2be9494f2b40b7fc4e7704084db13220ae08?s=96&d=mm&r=g","url":"https:\/\/secure.gravatar.com\/avatar\/153e75c261394dbf20ff1a1e70ea2be9494f2b40b7fc4e7704084db13220ae08?s=96&d=mm&r=g","contentUrl":"https:\/\/secure.gravatar.com\/avatar\/153e75c261394dbf20ff1a1e70ea2be9494f2b40b7fc4e7704084db13220ae08?s=96&d=mm&r=g","caption":"Rosmer Herrera"},"url":"https:\/\/noti-america.com\/site\/principal\/author\/rosmer33\/"}]}},"_links":{"self":[{"href":"https:\/\/noti-america.com\/site\/principal\/wp-json\/wp\/v2\/posts\/8730","targetHints":{"allow":["GET"]}}],"collection":[{"href":"https:\/\/noti-america.com\/site\/principal\/wp-json\/wp\/v2\/posts"}],"about":[{"href":"https:\/\/noti-america.com\/site\/principal\/wp-json\/wp\/v2\/types\/post"}],"author":[{"embeddable":true,"href":"https:\/\/noti-america.com\/site\/principal\/wp-json\/wp\/v2\/users\/1"}],"replies":[{"embeddable":true,"href":"https:\/\/noti-america.com\/site\/principal\/wp-json\/wp\/v2\/comments?post=8730"}],"version-history":[{"count":1,"href":"https:\/\/noti-america.com\/site\/principal\/wp-json\/wp\/v2\/posts\/8730\/revisions"}],"predecessor-version":[{"id":8732,"href":"https:\/\/noti-america.com\/site\/principal\/wp-json\/wp\/v2\/posts\/8730\/revisions\/8732"}],"wp:featuredmedia":[{"embeddable":true,"href":"https:\/\/noti-america.com\/site\/principal\/wp-json\/wp\/v2\/media\/8731"}],"wp:attachment":[{"href":"https:\/\/noti-america.com\/site\/principal\/wp-json\/wp\/v2\/media?parent=8730"}],"wp:term":[{"taxonomy":"category","embeddable":true,"href":"https:\/\/noti-america.com\/site\/principal\/wp-json\/wp\/v2\/categories?post=8730"},{"taxonomy":"post_tag","embeddable":true,"href":"https:\/\/noti-america.com\/site\/principal\/wp-json\/wp\/v2\/tags?post=8730"}],"curies":[{"name":"wp","href":"https:\/\/api.w.org\/{rel}","templated":true}]}}