{"id":8645,"date":"2021-12-23T20:03:40","date_gmt":"2021-12-24T00:03:40","guid":{"rendered":"https:\/\/noti-america.com\/site\/principal\/?p=8645"},"modified":"2021-12-23T20:03:40","modified_gmt":"2021-12-24T00:03:40","slug":"aglomeraciones-y-cierre-de-triajes-incubacion-que-temen-medicos-ante-presencia-de-omicron","status":"publish","type":"post","link":"https:\/\/noti-america.com\/site\/principal\/2021\/12\/23\/aglomeraciones-y-cierre-de-triajes-incubacion-que-temen-medicos-ante-presencia-de-omicron\/","title":{"rendered":"Aglomeraciones y cierre de triajes, incubaci\u00f3n que temen m\u00e9dicos ante presencia de \u00f3micron"},"content":{"rendered":"<p>En los centros comerciales y mercados se puede ver una\u00a0gran aglomeraci\u00f3n de personas que realizan compras, mientras que las empresas de transporte se encuentran abarrotadas de viajeros que salen al interior del pa\u00eds para pasar la fiesta de Navidad con sus familiares.<\/p>\n<p><img decoding=\"async\" src=\"https:\/\/proceso.hn\/wp-content\/uploads\/2021\/12\/mercados-aglomeracion.jpg\" \/><\/p>\n<p>Dichas acciones mantienen preocupados a los m\u00e9dicos que realizan\u00a0 llamados casi desesperados a mantener las medidas de precauci\u00f3n, principalmente\u00a0 porque aseguran que cl\u00ednicamente \u00f3micron ya circula y solo faltar\u00eda la confirmaci\u00f3n cient\u00edfica.<\/p>\n<p>La eventual presencia de la variante \u00f3micron en Honduras se debe tomar en cuenta en las celebraciones de navidad y fin de a\u00f1o, ya que el sistema sanitario se enfrentar\u00eda de nuevo a un colapso a inicios de 2022.<\/p>\n<p><strong>CORTES\u00cdA<\/strong>: <a href=\"https:\/\/proceso.hn\">proceso.hn<\/a><\/p>\n","protected":false},"excerpt":{"rendered":"<p>En los centros comerciales y mercados se puede ver una\u00a0gran aglomeraci\u00f3n de personas que realizan compras, mientras que las empresas de transporte se encuentran abarrotadas de viajeros que salen al interior del pa\u00eds para&#46;&#46;&#46;<\/p>\n","protected":false},"author":110,"featured_media":8646,"comment_status":"open","ping_status":"open","sticky":false,"template":"","format":"image","meta":{"_acf_changed":false,"rop_custom_images_group":[],"rop_custom_messages_group":[],"rop_publish_now":"initial","rop_publish_now_accounts":{"facebook_10219548024599422_1632221337088128":"","twitter_242054905_242054905":""},"rop_publish_now_history":[],"rop_publish_now_status":"pending","footnotes":""},"categories":[663,674],"tags":[],"class_list":["post-8645","post","type-post","status-publish","format-image","has-post-thumbnail","hentry","category-actualidad","category-nacionales","post_format-post-format-image"],"acf":[],"yoast_head":"<!-- This site is optimized with the Yoast SEO Premium plugin v24.9 (Yoast SEO v27.2) - https:\/\/yoast.com\/product\/yoast-seo-premium-wordpress\/ -->\n<title>Aglomeraciones y cierre de triajes, incubaci\u00f3n que temen m\u00e9dicos ante presencia de \u00f3micron - Noti-America.com<\/title>\n<meta name=\"robots\" content=\"index, follow, max-snippet:-1, max-image-preview:large, max-video-preview:-1\" \/>\n<link rel=\"canonical\" href=\"https:\/\/noti-america.com\/site\/principal\/2021\/12\/23\/aglomeraciones-y-cierre-de-triajes-incubacion-que-temen-medicos-ante-presencia-de-omicron\/\" \/>\n<meta property=\"og:locale\" content=\"es_ES\" \/>\n<meta property=\"og:type\" content=\"article\" \/>\n<meta property=\"og:title\" content=\"Aglomeraciones y cierre de triajes, incubaci\u00f3n que temen m\u00e9dicos ante presencia de \u00f3micron\" \/>\n<meta property=\"og:description\" content=\"En los centros comerciales y mercados se puede ver una\u00a0gran aglomeraci\u00f3n de personas que realizan compras, mientras que las empresas de transporte se encuentran abarrotadas de viajeros que salen al interior del pa\u00eds para&#046;&#046;&#046;\" \/>\n<meta property=\"og:url\" content=\"https:\/\/noti-america.com\/site\/principal\/2021\/12\/23\/aglomeraciones-y-cierre-de-triajes-incubacion-que-temen-medicos-ante-presencia-de-omicron\/\" \/>\n<meta property=\"og:site_name\" content=\"Noti-America.com\" \/>\n<meta property=\"article:published_time\" content=\"2021-12-24T00:03:40+00:00\" \/>\n<meta property=\"og:image\" content=\"https:\/\/noti-america.com\/site\/principal\/wp-content\/uploads\/sites\/26\/2021\/12\/otra-de-mercados-696x557-1.jpg\" \/>\n\t<meta property=\"og:image:width\" content=\"696\" \/>\n\t<meta property=\"og:image:height\" content=\"557\" \/>\n\t<meta property=\"og:image:type\" content=\"image\/jpeg\" \/>\n<meta name=\"author\" content=\"Pedro Suazo\" \/>\n<meta name=\"twitter:card\" content=\"summary_large_image\" \/>\n<meta name=\"twitter:creator\" content=\"@pietrosuazo\" \/>\n<meta name=\"twitter:label1\" content=\"Escrito por\" \/>\n\t<meta name=\"twitter:data1\" content=\"Pedro Suazo\" \/>\n\t<meta name=\"twitter:label2\" content=\"Tiempo estimado de lectura\" \/>\n\t<meta name=\"twitter:data2\" content=\"1 minuto\" \/>\n<script type=\"application\/ld+json\" class=\"yoast-schema-graph\">{\"@context\":\"https:\/\/schema.org\",\"@graph\":[{\"@type\":\"Article\",\"@id\":\"https:\/\/noti-america.com\/site\/principal\/2021\/12\/23\/aglomeraciones-y-cierre-de-triajes-incubacion-que-temen-medicos-ante-presencia-de-omicron\/#article\",\"isPartOf\":{\"@id\":\"https:\/\/noti-america.com\/site\/principal\/2021\/12\/23\/aglomeraciones-y-cierre-de-triajes-incubacion-que-temen-medicos-ante-presencia-de-omicron\/\"},\"author\":{\"name\":\"Pedro Suazo\",\"@id\":\"https:\/\/noti-america.com\/site\/principal\/#\/schema\/person\/9b873cf7fcc4c751d1816d2e4235f9ca\"},\"headline\":\"Aglomeraciones y cierre de triajes, incubaci\u00f3n que temen m\u00e9dicos ante presencia de \u00f3micron\",\"datePublished\":\"2021-12-24T00:03:40+00:00\",\"mainEntityOfPage\":{\"@id\":\"https:\/\/noti-america.com\/site\/principal\/2021\/12\/23\/aglomeraciones-y-cierre-de-triajes-incubacion-que-temen-medicos-ante-presencia-de-omicron\/\"},\"wordCount\":142,\"commentCount\":0,\"image\":{\"@id\":\"https:\/\/noti-america.com\/site\/principal\/2021\/12\/23\/aglomeraciones-y-cierre-de-triajes-incubacion-que-temen-medicos-ante-presencia-de-omicron\/#primaryimage\"},\"thumbnailUrl\":\"https:\/\/noti-america.com\/site\/principal\/wp-content\/uploads\/sites\/26\/2021\/12\/otra-de-mercados-696x557-1.jpg\",\"articleSection\":[\"Actualidad\",\"Nacionales\"],\"inLanguage\":\"es\",\"potentialAction\":[{\"@type\":\"CommentAction\",\"name\":\"Comment\",\"target\":[\"https:\/\/noti-america.com\/site\/principal\/2021\/12\/23\/aglomeraciones-y-cierre-de-triajes-incubacion-que-temen-medicos-ante-presencia-de-omicron\/#respond\"]}]},{\"@type\":\"WebPage\",\"@id\":\"https:\/\/noti-america.com\/site\/principal\/2021\/12\/23\/aglomeraciones-y-cierre-de-triajes-incubacion-que-temen-medicos-ante-presencia-de-omicron\/\",\"url\":\"https:\/\/noti-america.com\/site\/principal\/2021\/12\/23\/aglomeraciones-y-cierre-de-triajes-incubacion-que-temen-medicos-ante-presencia-de-omicron\/\",\"name\":\"Aglomeraciones y cierre de triajes, incubaci\u00f3n que temen m\u00e9dicos ante presencia de \u00f3micron - Noti-America.com\",\"isPartOf\":{\"@id\":\"https:\/\/noti-america.com\/site\/principal\/#website\"},\"primaryImageOfPage\":{\"@id\":\"https:\/\/noti-america.com\/site\/principal\/2021\/12\/23\/aglomeraciones-y-cierre-de-triajes-incubacion-que-temen-medicos-ante-presencia-de-omicron\/#primaryimage\"},\"image\":{\"@id\":\"https:\/\/noti-america.com\/site\/principal\/2021\/12\/23\/aglomeraciones-y-cierre-de-triajes-incubacion-que-temen-medicos-ante-presencia-de-omicron\/#primaryimage\"},\"thumbnailUrl\":\"https:\/\/noti-america.com\/site\/principal\/wp-content\/uploads\/sites\/26\/2021\/12\/otra-de-mercados-696x557-1.jpg\",\"datePublished\":\"2021-12-24T00:03:40+00:00\",\"author\":{\"@id\":\"https:\/\/noti-america.com\/site\/principal\/#\/schema\/person\/9b873cf7fcc4c751d1816d2e4235f9ca\"},\"breadcrumb\":{\"@id\":\"https:\/\/noti-america.com\/site\/principal\/2021\/12\/23\/aglomeraciones-y-cierre-de-triajes-incubacion-que-temen-medicos-ante-presencia-de-omicron\/#breadcrumb\"},\"inLanguage\":\"es\",\"potentialAction\":[{\"@type\":\"ReadAction\",\"target\":[\"https:\/\/noti-america.com\/site\/principal\/2021\/12\/23\/aglomeraciones-y-cierre-de-triajes-incubacion-que-temen-medicos-ante-presencia-de-omicron\/\"]}]},{\"@type\":\"ImageObject\",\"inLanguage\":\"es\",\"@id\":\"https:\/\/noti-america.com\/site\/principal\/2021\/12\/23\/aglomeraciones-y-cierre-de-triajes-incubacion-que-temen-medicos-ante-presencia-de-omicron\/#primaryimage\",\"url\":\"https:\/\/noti-america.com\/site\/principal\/wp-content\/uploads\/sites\/26\/2021\/12\/otra-de-mercados-696x557-1.jpg\",\"contentUrl\":\"https:\/\/noti-america.com\/site\/principal\/wp-content\/uploads\/sites\/26\/2021\/12\/otra-de-mercados-696x557-1.jpg\",\"width\":696,\"height\":557},{\"@type\":\"BreadcrumbList\",\"@id\":\"https:\/\/noti-america.com\/site\/principal\/2021\/12\/23\/aglomeraciones-y-cierre-de-triajes-incubacion-que-temen-medicos-ante-presencia-de-omicron\/#breadcrumb\",\"itemListElement\":[{\"@type\":\"ListItem\",\"position\":1,\"name\":\"Portada\",\"item\":\"https:\/\/noti-america.com\/site\/principal\/\"},{\"@type\":\"ListItem\",\"position\":2,\"name\":\"Aglomeraciones y cierre de triajes, incubaci\u00f3n que temen m\u00e9dicos ante presencia de \u00f3micron\"}]},{\"@type\":\"WebSite\",\"@id\":\"https:\/\/noti-america.com\/site\/principal\/#website\",\"url\":\"https:\/\/noti-america.com\/site\/principal\/\",\"name\":\"Noti-America.com\",\"description\":\"El Noticiero Digital M\u00e1s Grande de Am\u00e9rica\",\"potentialAction\":[{\"@type\":\"SearchAction\",\"target\":{\"@type\":\"EntryPoint\",\"urlTemplate\":\"https:\/\/noti-america.com\/site\/principal\/?s={search_term_string}\"},\"query-input\":{\"@type\":\"PropertyValueSpecification\",\"valueRequired\":true,\"valueName\":\"search_term_string\"}}],\"inLanguage\":\"es\"},{\"@type\":\"Person\",\"@id\":\"https:\/\/noti-america.com\/site\/principal\/#\/schema\/person\/9b873cf7fcc4c751d1816d2e4235f9ca\",\"name\":\"Pedro Suazo\",\"image\":{\"@type\":\"ImageObject\",\"inLanguage\":\"es\",\"@id\":\"https:\/\/secure.gravatar.com\/avatar\/e46d552e8754c06a5c223a4629954b950dd8c6721a566907dc0566c817fa5cb7?s=96&d=mm&r=g\",\"url\":\"https:\/\/secure.gravatar.com\/avatar\/e46d552e8754c06a5c223a4629954b950dd8c6721a566907dc0566c817fa5cb7?s=96&d=mm&r=g\",\"contentUrl\":\"https:\/\/secure.gravatar.com\/avatar\/e46d552e8754c06a5c223a4629954b950dd8c6721a566907dc0566c817fa5cb7?s=96&d=mm&r=g\",\"caption\":\"Pedro Suazo\"},\"description\":\"Especialista en Informatica Administrativa con experiencia en noticias Deportivas y Desarrollo de P\u00e1ginas Web para Periodicos Digitales, Radios y Tv Online. Webmaster Noti-America Honduras\",\"sameAs\":[\"https:\/\/x.com\/pietrosuazo\"],\"url\":\"https:\/\/noti-america.com\/site\/principal\/author\/psuazo\/\"}]}<\/script>\n<!-- \/ Yoast SEO Premium plugin. -->","yoast_head_json":{"title":"Aglomeraciones y cierre de triajes, incubaci\u00f3n que temen m\u00e9dicos ante presencia de \u00f3micron - Noti-America.com","robots":{"index":"index","follow":"follow","max-snippet":"max-snippet:-1","max-image-preview":"max-image-preview:large","max-video-preview":"max-video-preview:-1"},"canonical":"https:\/\/noti-america.com\/site\/principal\/2021\/12\/23\/aglomeraciones-y-cierre-de-triajes-incubacion-que-temen-medicos-ante-presencia-de-omicron\/","og_locale":"es_ES","og_type":"article","og_title":"Aglomeraciones y cierre de triajes, incubaci\u00f3n que temen m\u00e9dicos ante presencia de \u00f3micron","og_description":"En los centros comerciales y mercados se puede ver una\u00a0gran aglomeraci\u00f3n de personas que realizan compras, mientras que las empresas de transporte se encuentran abarrotadas de viajeros que salen al interior del pa\u00eds para&#46;&#46;&#46;","og_url":"https:\/\/noti-america.com\/site\/principal\/2021\/12\/23\/aglomeraciones-y-cierre-de-triajes-incubacion-que-temen-medicos-ante-presencia-de-omicron\/","og_site_name":"Noti-America.com","article_published_time":"2021-12-24T00:03:40+00:00","og_image":[{"width":696,"height":557,"url":"https:\/\/noti-america.com\/site\/principal\/wp-content\/uploads\/sites\/26\/2021\/12\/otra-de-mercados-696x557-1.jpg","type":"image\/jpeg"}],"author":"Pedro Suazo","twitter_card":"summary_large_image","twitter_creator":"@pietrosuazo","twitter_misc":{"Escrito por":"Pedro Suazo","Tiempo estimado de lectura":"1 minuto"},"schema":{"@context":"https:\/\/schema.org","@graph":[{"@type":"Article","@id":"https:\/\/noti-america.com\/site\/principal\/2021\/12\/23\/aglomeraciones-y-cierre-de-triajes-incubacion-que-temen-medicos-ante-presencia-de-omicron\/#article","isPartOf":{"@id":"https:\/\/noti-america.com\/site\/principal\/2021\/12\/23\/aglomeraciones-y-cierre-de-triajes-incubacion-que-temen-medicos-ante-presencia-de-omicron\/"},"author":{"name":"Pedro Suazo","@id":"https:\/\/noti-america.com\/site\/principal\/#\/schema\/person\/9b873cf7fcc4c751d1816d2e4235f9ca"},"headline":"Aglomeraciones y cierre de triajes, incubaci\u00f3n que temen m\u00e9dicos ante presencia de \u00f3micron","datePublished":"2021-12-24T00:03:40+00:00","mainEntityOfPage":{"@id":"https:\/\/noti-america.com\/site\/principal\/2021\/12\/23\/aglomeraciones-y-cierre-de-triajes-incubacion-que-temen-medicos-ante-presencia-de-omicron\/"},"wordCount":142,"commentCount":0,"image":{"@id":"https:\/\/noti-america.com\/site\/principal\/2021\/12\/23\/aglomeraciones-y-cierre-de-triajes-incubacion-que-temen-medicos-ante-presencia-de-omicron\/#primaryimage"},"thumbnailUrl":"https:\/\/noti-america.com\/site\/principal\/wp-content\/uploads\/sites\/26\/2021\/12\/otra-de-mercados-696x557-1.jpg","articleSection":["Actualidad","Nacionales"],"inLanguage":"es","potentialAction":[{"@type":"CommentAction","name":"Comment","target":["https:\/\/noti-america.com\/site\/principal\/2021\/12\/23\/aglomeraciones-y-cierre-de-triajes-incubacion-que-temen-medicos-ante-presencia-de-omicron\/#respond"]}]},{"@type":"WebPage","@id":"https:\/\/noti-america.com\/site\/principal\/2021\/12\/23\/aglomeraciones-y-cierre-de-triajes-incubacion-que-temen-medicos-ante-presencia-de-omicron\/","url":"https:\/\/noti-america.com\/site\/principal\/2021\/12\/23\/aglomeraciones-y-cierre-de-triajes-incubacion-que-temen-medicos-ante-presencia-de-omicron\/","name":"Aglomeraciones y cierre de triajes, incubaci\u00f3n que temen m\u00e9dicos ante presencia de \u00f3micron - Noti-America.com","isPartOf":{"@id":"https:\/\/noti-america.com\/site\/principal\/#website"},"primaryImageOfPage":{"@id":"https:\/\/noti-america.com\/site\/principal\/2021\/12\/23\/aglomeraciones-y-cierre-de-triajes-incubacion-que-temen-medicos-ante-presencia-de-omicron\/#primaryimage"},"image":{"@id":"https:\/\/noti-america.com\/site\/principal\/2021\/12\/23\/aglomeraciones-y-cierre-de-triajes-incubacion-que-temen-medicos-ante-presencia-de-omicron\/#primaryimage"},"thumbnailUrl":"https:\/\/noti-america.com\/site\/principal\/wp-content\/uploads\/sites\/26\/2021\/12\/otra-de-mercados-696x557-1.jpg","datePublished":"2021-12-24T00:03:40+00:00","author":{"@id":"https:\/\/noti-america.com\/site\/principal\/#\/schema\/person\/9b873cf7fcc4c751d1816d2e4235f9ca"},"breadcrumb":{"@id":"https:\/\/noti-america.com\/site\/principal\/2021\/12\/23\/aglomeraciones-y-cierre-de-triajes-incubacion-que-temen-medicos-ante-presencia-de-omicron\/#breadcrumb"},"inLanguage":"es","potentialAction":[{"@type":"ReadAction","target":["https:\/\/noti-america.com\/site\/principal\/2021\/12\/23\/aglomeraciones-y-cierre-de-triajes-incubacion-que-temen-medicos-ante-presencia-de-omicron\/"]}]},{"@type":"ImageObject","inLanguage":"es","@id":"https:\/\/noti-america.com\/site\/principal\/2021\/12\/23\/aglomeraciones-y-cierre-de-triajes-incubacion-que-temen-medicos-ante-presencia-de-omicron\/#primaryimage","url":"https:\/\/noti-america.com\/site\/principal\/wp-content\/uploads\/sites\/26\/2021\/12\/otra-de-mercados-696x557-1.jpg","contentUrl":"https:\/\/noti-america.com\/site\/principal\/wp-content\/uploads\/sites\/26\/2021\/12\/otra-de-mercados-696x557-1.jpg","width":696,"height":557},{"@type":"BreadcrumbList","@id":"https:\/\/noti-america.com\/site\/principal\/2021\/12\/23\/aglomeraciones-y-cierre-de-triajes-incubacion-que-temen-medicos-ante-presencia-de-omicron\/#breadcrumb","itemListElement":[{"@type":"ListItem","position":1,"name":"Portada","item":"https:\/\/noti-america.com\/site\/principal\/"},{"@type":"ListItem","position":2,"name":"Aglomeraciones y cierre de triajes, incubaci\u00f3n que temen m\u00e9dicos ante presencia de \u00f3micron"}]},{"@type":"WebSite","@id":"https:\/\/noti-america.com\/site\/principal\/#website","url":"https:\/\/noti-america.com\/site\/principal\/","name":"Noti-America.com","description":"El Noticiero Digital M\u00e1s Grande de Am\u00e9rica","potentialAction":[{"@type":"SearchAction","target":{"@type":"EntryPoint","urlTemplate":"https:\/\/noti-america.com\/site\/principal\/?s={search_term_string}"},"query-input":{"@type":"PropertyValueSpecification","valueRequired":true,"valueName":"search_term_string"}}],"inLanguage":"es"},{"@type":"Person","@id":"https:\/\/noti-america.com\/site\/principal\/#\/schema\/person\/9b873cf7fcc4c751d1816d2e4235f9ca","name":"Pedro Suazo","image":{"@type":"ImageObject","inLanguage":"es","@id":"https:\/\/secure.gravatar.com\/avatar\/e46d552e8754c06a5c223a4629954b950dd8c6721a566907dc0566c817fa5cb7?s=96&d=mm&r=g","url":"https:\/\/secure.gravatar.com\/avatar\/e46d552e8754c06a5c223a4629954b950dd8c6721a566907dc0566c817fa5cb7?s=96&d=mm&r=g","contentUrl":"https:\/\/secure.gravatar.com\/avatar\/e46d552e8754c06a5c223a4629954b950dd8c6721a566907dc0566c817fa5cb7?s=96&d=mm&r=g","caption":"Pedro Suazo"},"description":"Especialista en Informatica Administrativa con experiencia en noticias Deportivas y Desarrollo de P\u00e1ginas Web para Periodicos Digitales, Radios y Tv Online. Webmaster Noti-America Honduras","sameAs":["https:\/\/x.com\/pietrosuazo"],"url":"https:\/\/noti-america.com\/site\/principal\/author\/psuazo\/"}]}},"_links":{"self":[{"href":"https:\/\/noti-america.com\/site\/principal\/wp-json\/wp\/v2\/posts\/8645","targetHints":{"allow":["GET"]}}],"collection":[{"href":"https:\/\/noti-america.com\/site\/principal\/wp-json\/wp\/v2\/posts"}],"about":[{"href":"https:\/\/noti-america.com\/site\/principal\/wp-json\/wp\/v2\/types\/post"}],"author":[{"embeddable":true,"href":"https:\/\/noti-america.com\/site\/principal\/wp-json\/wp\/v2\/users\/110"}],"replies":[{"embeddable":true,"href":"https:\/\/noti-america.com\/site\/principal\/wp-json\/wp\/v2\/comments?post=8645"}],"version-history":[{"count":0,"href":"https:\/\/noti-america.com\/site\/principal\/wp-json\/wp\/v2\/posts\/8645\/revisions"}],"wp:featuredmedia":[{"embeddable":true,"href":"https:\/\/noti-america.com\/site\/principal\/wp-json\/wp\/v2\/media\/8646"}],"wp:attachment":[{"href":"https:\/\/noti-america.com\/site\/principal\/wp-json\/wp\/v2\/media?parent=8645"}],"wp:term":[{"taxonomy":"category","embeddable":true,"href":"https:\/\/noti-america.com\/site\/principal\/wp-json\/wp\/v2\/categories?post=8645"},{"taxonomy":"post_tag","embeddable":true,"href":"https:\/\/noti-america.com\/site\/principal\/wp-json\/wp\/v2\/tags?post=8645"}],"curies":[{"name":"wp","href":"https:\/\/api.w.org\/{rel}","templated":true}]}}