{"id":84138,"date":"2026-03-13T00:01:15","date_gmt":"2026-03-13T04:01:15","guid":{"rendered":"https:\/\/noti-america.com\/site\/principal\/?p=84138"},"modified":"2026-03-13T00:01:15","modified_gmt":"2026-03-13T04:01:15","slug":"lluvias-desbordan-cordoba-miles-de-familias-afectadas-y-suspension-masiva-de-clases-impacta-a-la-ninez","status":"publish","type":"post","link":"https:\/\/noti-america.com\/site\/principal\/2026\/03\/13\/lluvias-desbordan-cordoba-miles-de-familias-afectadas-y-suspension-masiva-de-clases-impacta-a-la-ninez\/","title":{"rendered":"Lluvias desbordan C\u00f3rdoba: miles de familias afectadas y suspensi\u00f3n masiva de clases impacta a la ni\u00f1ez"},"content":{"rendered":"<p>NOTI-AMERICA | COLOMBIA<\/p>\n<p>Las lluvias intensas y at\u00edpicas registradas entre el 1 y el 5 de febrero provocaron una de las emergencias m\u00e1s graves de los \u00faltimos a\u00f1os en el departamento de C\u00f3rdoba. Seg\u00fan <a href=\"https:\/\/reliefweb.int\/report\/colombia\/colombia-flash-update-inundaciones-por-lluvias-atipicas-y-otros-fenomenos-hidrometeorologicos-en-17-municipios-de-cordoba-06-de-febrero-de-2026\">OCHA<\/a>, el desbordamiento del embalse de Urr\u00e1 y el aumento s\u00fabito de los niveles de los r\u00edos Sin\u00fa y San Jorge generaron inundaciones, crecientes s\u00fabitas y deslizamientos que han afectado a m\u00e1s de 37.000 personas (m\u00e1s de 12.000 familias) en al menos 17 municipios, lo que llev\u00f3 a la Gobernaci\u00f3n a declarar la calamidad p\u00fablica departamental.<\/p>\n<p>La situaci\u00f3n ha golpeado con especial fuerza a ni\u00f1as, ni\u00f1os y adolescentes, quienes hoy enfrentan la p\u00e9rdida de sus hogares, la interrupci\u00f3n de su vida cotidiana y la suspensi\u00f3n de clases debido a los da\u00f1os en instituciones educativas, la ocupaci\u00f3n de colegios como albergues y las dificultades de acceso por el colapso de v\u00edas. En total, al menos 12 centros educativos han resultado afectados en el departamento, seg\u00fan reportes humanitarios.<\/p>\n<p>En Monter\u00eda, barrios y zonas rurales enteras han tenido que ser evacuadas por el aumento del caudal del r\u00edo Sin\u00fa. Muchas familias han perdido enseres, animales de cr\u00eda y cultivos, lo que agrava la inseguridad alimentaria y deja a miles de ni\u00f1as y ni\u00f1os en una situaci\u00f3n de alta vulnerabilidad.<\/p>\n<p>Ante esta crisis, World Vision Colombia activ\u00f3 su respuesta humanitaria en el territorio. En los \u00faltimos d\u00edas, la organizaci\u00f3n ha apoyado a 70 familias con la entrega de mercados en las comunas 1 y 2 de Monter\u00eda, priorizando hogares con mayor afectaci\u00f3n y presencia de ni\u00f1as y ni\u00f1os.<\/p>\n<p>Como parte de la respuesta r\u00e1pida y prioritaria, en los pr\u00f3ximos d\u00edas se estar\u00e1n entregando 130 paquetes de alimentos adicionales a familias y, especialmente, a la ni\u00f1ez m\u00e1s afectada por las inundaciones.<\/p>\n<p>Asimismo, World Vision realizar\u00e1 acompa\u00f1amiento en los albergues habilitados por la Alcald\u00eda y otras autoridades, con el fin de apoyar la posible implementaci\u00f3n de Espacios Amigables para la Ni\u00f1ez, entornos seguros donde ni\u00f1as, ni\u00f1os y adolescentes puedan ejercer su derecho al juego, recibir apoyo psicosocial y recuperar una sensaci\u00f3n de protecci\u00f3n en medio de la emergencia.<\/p>\n<p><em>\u201cEn cada desastre, las ni\u00f1as y los ni\u00f1os son los m\u00e1s afectados: pierden su escuela, su rutina y muchas veces su sentido de seguridad. Nuestra prioridad es protegerlos y garantizar que tengan acceso a alimentaci\u00f3n, cuidado y espacios seguros\u201d,<\/em> se\u00f1al\u00f3 Jairo Vega, L\u00edder de Emergencias de World Vision.<\/p>\n<p>World Vision hace un llamado a la ciudadan\u00eda, empresas y aliados a donar para fortalecer la atenci\u00f3n humanitaria en C\u00f3rdoba y Monter\u00eda. Cada aporte permite llevar alimentos, protecci\u00f3n y esperanza a las familias y, especialmente, a las ni\u00f1as, ni\u00f1os y adolescentes que hoy enfrentan esta crisis.<\/p>\n","protected":false},"excerpt":{"rendered":"<p>NOTI-AMERICA | COLOMBIA Las lluvias intensas y at\u00edpicas registradas entre el 1 y el 5 de febrero provocaron una de las emergencias m\u00e1s graves de los \u00faltimos a\u00f1os en el departamento de C\u00f3rdoba. Seg\u00fan&#46;&#46;&#46;<\/p>\n","protected":false},"author":135,"featured_media":84139,"comment_status":"","ping_status":"open","sticky":false,"template":"","format":"image","meta":{"_acf_changed":false,"rop_custom_images_group":[],"rop_custom_messages_group":[],"rop_publish_now":"no","rop_publish_now_accounts":[],"rop_publish_now_history":[],"rop_publish_now_status":"pending","footnotes":""},"categories":[886],"tags":[],"class_list":["post-84138","post","type-post","status-publish","format-image","has-post-thumbnail","hentry","category-acturalidad","post_format-post-format-image"],"acf":[],"yoast_head":"<!-- This site is optimized with the Yoast SEO Premium plugin v24.9 (Yoast SEO v27.2) - https:\/\/yoast.com\/product\/yoast-seo-premium-wordpress\/ -->\n<title>Lluvias desbordan C\u00f3rdoba: miles de familias afectadas y suspensi\u00f3n masiva de clases impacta a la ni\u00f1ez - Noti-America.com<\/title>\n<meta name=\"robots\" content=\"index, follow, max-snippet:-1, max-image-preview:large, max-video-preview:-1\" \/>\n<link rel=\"canonical\" href=\"https:\/\/noti-america.com\/site\/principal\/2026\/03\/13\/lluvias-desbordan-cordoba-miles-de-familias-afectadas-y-suspension-masiva-de-clases-impacta-a-la-ninez\/\" \/>\n<meta property=\"og:locale\" content=\"es_ES\" \/>\n<meta property=\"og:type\" content=\"article\" \/>\n<meta property=\"og:title\" content=\"Lluvias desbordan C\u00f3rdoba: miles de familias afectadas y suspensi\u00f3n masiva de clases impacta a la ni\u00f1ez\" \/>\n<meta property=\"og:description\" content=\"NOTI-AMERICA | COLOMBIA Las lluvias intensas y at\u00edpicas registradas entre el 1 y el 5 de febrero provocaron una de las emergencias m\u00e1s graves de los \u00faltimos a\u00f1os en el departamento de C\u00f3rdoba. Seg\u00fan&#046;&#046;&#046;\" \/>\n<meta property=\"og:url\" content=\"https:\/\/noti-america.com\/site\/principal\/2026\/03\/13\/lluvias-desbordan-cordoba-miles-de-familias-afectadas-y-suspension-masiva-de-clases-impacta-a-la-ninez\/\" \/>\n<meta property=\"og:site_name\" content=\"Noti-America.com\" \/>\n<meta property=\"article:published_time\" content=\"2026-03-13T04:01:15+00:00\" \/>\n<meta property=\"og:image\" content=\"https:\/\/noti-america.com\/site\/principal\/wp-content\/uploads\/sites\/26\/2026\/03\/WhatsApp-Image-2026-03-03-at-3.49.27-PM.jpeg\" \/>\n\t<meta property=\"og:image:width\" content=\"680\" \/>\n\t<meta property=\"og:image:height\" content=\"352\" \/>\n\t<meta property=\"og:image:type\" content=\"image\/jpeg\" \/>\n<meta name=\"author\" content=\"mlenis\" \/>\n<meta name=\"twitter:card\" content=\"summary_large_image\" \/>\n<meta name=\"twitter:label1\" content=\"Escrito por\" \/>\n\t<meta name=\"twitter:data1\" content=\"mlenis\" \/>\n\t<meta name=\"twitter:label2\" content=\"Tiempo estimado de lectura\" \/>\n\t<meta name=\"twitter:data2\" content=\"2 minutos\" \/>\n<script type=\"application\/ld+json\" class=\"yoast-schema-graph\">{\"@context\":\"https:\/\/schema.org\",\"@graph\":[{\"@type\":\"Article\",\"@id\":\"https:\/\/noti-america.com\/site\/principal\/2026\/03\/13\/lluvias-desbordan-cordoba-miles-de-familias-afectadas-y-suspension-masiva-de-clases-impacta-a-la-ninez\/#article\",\"isPartOf\":{\"@id\":\"https:\/\/noti-america.com\/site\/principal\/2026\/03\/13\/lluvias-desbordan-cordoba-miles-de-familias-afectadas-y-suspension-masiva-de-clases-impacta-a-la-ninez\/\"},\"author\":{\"name\":\"mlenis\",\"@id\":\"https:\/\/noti-america.com\/site\/principal\/#\/schema\/person\/4b216aa1c65f5f3ee2a0f0ee69a3f85f\"},\"headline\":\"Lluvias desbordan C\u00f3rdoba: miles de familias afectadas y suspensi\u00f3n masiva de clases impacta a la ni\u00f1ez\",\"datePublished\":\"2026-03-13T04:01:15+00:00\",\"mainEntityOfPage\":{\"@id\":\"https:\/\/noti-america.com\/site\/principal\/2026\/03\/13\/lluvias-desbordan-cordoba-miles-de-familias-afectadas-y-suspension-masiva-de-clases-impacta-a-la-ninez\/\"},\"wordCount\":509,\"image\":{\"@id\":\"https:\/\/noti-america.com\/site\/principal\/2026\/03\/13\/lluvias-desbordan-cordoba-miles-de-familias-afectadas-y-suspension-masiva-de-clases-impacta-a-la-ninez\/#primaryimage\"},\"thumbnailUrl\":\"https:\/\/noti-america.com\/site\/principal\/wp-content\/uploads\/sites\/26\/2026\/03\/WhatsApp-Image-2026-03-03-at-3.49.27-PM.jpeg\",\"articleSection\":[\"Actualidad\"],\"inLanguage\":\"es\"},{\"@type\":\"WebPage\",\"@id\":\"https:\/\/noti-america.com\/site\/principal\/2026\/03\/13\/lluvias-desbordan-cordoba-miles-de-familias-afectadas-y-suspension-masiva-de-clases-impacta-a-la-ninez\/\",\"url\":\"https:\/\/noti-america.com\/site\/principal\/2026\/03\/13\/lluvias-desbordan-cordoba-miles-de-familias-afectadas-y-suspension-masiva-de-clases-impacta-a-la-ninez\/\",\"name\":\"Lluvias desbordan C\u00f3rdoba: miles de familias afectadas y suspensi\u00f3n masiva de clases impacta a la ni\u00f1ez - Noti-America.com\",\"isPartOf\":{\"@id\":\"https:\/\/noti-america.com\/site\/principal\/#website\"},\"primaryImageOfPage\":{\"@id\":\"https:\/\/noti-america.com\/site\/principal\/2026\/03\/13\/lluvias-desbordan-cordoba-miles-de-familias-afectadas-y-suspension-masiva-de-clases-impacta-a-la-ninez\/#primaryimage\"},\"image\":{\"@id\":\"https:\/\/noti-america.com\/site\/principal\/2026\/03\/13\/lluvias-desbordan-cordoba-miles-de-familias-afectadas-y-suspension-masiva-de-clases-impacta-a-la-ninez\/#primaryimage\"},\"thumbnailUrl\":\"https:\/\/noti-america.com\/site\/principal\/wp-content\/uploads\/sites\/26\/2026\/03\/WhatsApp-Image-2026-03-03-at-3.49.27-PM.jpeg\",\"datePublished\":\"2026-03-13T04:01:15+00:00\",\"author\":{\"@id\":\"https:\/\/noti-america.com\/site\/principal\/#\/schema\/person\/4b216aa1c65f5f3ee2a0f0ee69a3f85f\"},\"breadcrumb\":{\"@id\":\"https:\/\/noti-america.com\/site\/principal\/2026\/03\/13\/lluvias-desbordan-cordoba-miles-de-familias-afectadas-y-suspension-masiva-de-clases-impacta-a-la-ninez\/#breadcrumb\"},\"inLanguage\":\"es\",\"potentialAction\":[{\"@type\":\"ReadAction\",\"target\":[\"https:\/\/noti-america.com\/site\/principal\/2026\/03\/13\/lluvias-desbordan-cordoba-miles-de-familias-afectadas-y-suspension-masiva-de-clases-impacta-a-la-ninez\/\"]}]},{\"@type\":\"ImageObject\",\"inLanguage\":\"es\",\"@id\":\"https:\/\/noti-america.com\/site\/principal\/2026\/03\/13\/lluvias-desbordan-cordoba-miles-de-familias-afectadas-y-suspension-masiva-de-clases-impacta-a-la-ninez\/#primaryimage\",\"url\":\"https:\/\/noti-america.com\/site\/principal\/wp-content\/uploads\/sites\/26\/2026\/03\/WhatsApp-Image-2026-03-03-at-3.49.27-PM.jpeg\",\"contentUrl\":\"https:\/\/noti-america.com\/site\/principal\/wp-content\/uploads\/sites\/26\/2026\/03\/WhatsApp-Image-2026-03-03-at-3.49.27-PM.jpeg\",\"width\":680,\"height\":352},{\"@type\":\"BreadcrumbList\",\"@id\":\"https:\/\/noti-america.com\/site\/principal\/2026\/03\/13\/lluvias-desbordan-cordoba-miles-de-familias-afectadas-y-suspension-masiva-de-clases-impacta-a-la-ninez\/#breadcrumb\",\"itemListElement\":[{\"@type\":\"ListItem\",\"position\":1,\"name\":\"Portada\",\"item\":\"https:\/\/noti-america.com\/site\/principal\/\"},{\"@type\":\"ListItem\",\"position\":2,\"name\":\"Lluvias desbordan C\u00f3rdoba: miles de familias afectadas y suspensi\u00f3n masiva de clases impacta a la ni\u00f1ez\"}]},{\"@type\":\"WebSite\",\"@id\":\"https:\/\/noti-america.com\/site\/principal\/#website\",\"url\":\"https:\/\/noti-america.com\/site\/principal\/\",\"name\":\"Noti-America.com\",\"description\":\"El Noticiero Digital M\u00e1s Grande de Am\u00e9rica\",\"potentialAction\":[{\"@type\":\"SearchAction\",\"target\":{\"@type\":\"EntryPoint\",\"urlTemplate\":\"https:\/\/noti-america.com\/site\/principal\/?s={search_term_string}\"},\"query-input\":{\"@type\":\"PropertyValueSpecification\",\"valueRequired\":true,\"valueName\":\"search_term_string\"}}],\"inLanguage\":\"es\"},{\"@type\":\"Person\",\"@id\":\"https:\/\/noti-america.com\/site\/principal\/#\/schema\/person\/4b216aa1c65f5f3ee2a0f0ee69a3f85f\",\"name\":\"mlenis\",\"image\":{\"@type\":\"ImageObject\",\"inLanguage\":\"es\",\"@id\":\"https:\/\/secure.gravatar.com\/avatar\/71bbe7129a082888d49bedca63e7a6e75ca485c648bb239a7515a2a55acd510f?s=96&d=mm&r=g\",\"url\":\"https:\/\/secure.gravatar.com\/avatar\/71bbe7129a082888d49bedca63e7a6e75ca485c648bb239a7515a2a55acd510f?s=96&d=mm&r=g\",\"contentUrl\":\"https:\/\/secure.gravatar.com\/avatar\/71bbe7129a082888d49bedca63e7a6e75ca485c648bb239a7515a2a55acd510f?s=96&d=mm&r=g\",\"caption\":\"mlenis\"},\"url\":\"https:\/\/noti-america.com\/site\/principal\/author\/mlenis\/\"}]}<\/script>\n<!-- \/ Yoast SEO Premium plugin. -->","yoast_head_json":{"title":"Lluvias desbordan C\u00f3rdoba: miles de familias afectadas y suspensi\u00f3n masiva de clases impacta a la ni\u00f1ez - Noti-America.com","robots":{"index":"index","follow":"follow","max-snippet":"max-snippet:-1","max-image-preview":"max-image-preview:large","max-video-preview":"max-video-preview:-1"},"canonical":"https:\/\/noti-america.com\/site\/principal\/2026\/03\/13\/lluvias-desbordan-cordoba-miles-de-familias-afectadas-y-suspension-masiva-de-clases-impacta-a-la-ninez\/","og_locale":"es_ES","og_type":"article","og_title":"Lluvias desbordan C\u00f3rdoba: miles de familias afectadas y suspensi\u00f3n masiva de clases impacta a la ni\u00f1ez","og_description":"NOTI-AMERICA | COLOMBIA Las lluvias intensas y at\u00edpicas registradas entre el 1 y el 5 de febrero provocaron una de las emergencias m\u00e1s graves de los \u00faltimos a\u00f1os en el departamento de C\u00f3rdoba. Seg\u00fan&#46;&#46;&#46;","og_url":"https:\/\/noti-america.com\/site\/principal\/2026\/03\/13\/lluvias-desbordan-cordoba-miles-de-familias-afectadas-y-suspension-masiva-de-clases-impacta-a-la-ninez\/","og_site_name":"Noti-America.com","article_published_time":"2026-03-13T04:01:15+00:00","og_image":[{"width":680,"height":352,"url":"https:\/\/noti-america.com\/site\/principal\/wp-content\/uploads\/sites\/26\/2026\/03\/WhatsApp-Image-2026-03-03-at-3.49.27-PM.jpeg","type":"image\/jpeg"}],"author":"mlenis","twitter_card":"summary_large_image","twitter_misc":{"Escrito por":"mlenis","Tiempo estimado de lectura":"2 minutos"},"schema":{"@context":"https:\/\/schema.org","@graph":[{"@type":"Article","@id":"https:\/\/noti-america.com\/site\/principal\/2026\/03\/13\/lluvias-desbordan-cordoba-miles-de-familias-afectadas-y-suspension-masiva-de-clases-impacta-a-la-ninez\/#article","isPartOf":{"@id":"https:\/\/noti-america.com\/site\/principal\/2026\/03\/13\/lluvias-desbordan-cordoba-miles-de-familias-afectadas-y-suspension-masiva-de-clases-impacta-a-la-ninez\/"},"author":{"name":"mlenis","@id":"https:\/\/noti-america.com\/site\/principal\/#\/schema\/person\/4b216aa1c65f5f3ee2a0f0ee69a3f85f"},"headline":"Lluvias desbordan C\u00f3rdoba: miles de familias afectadas y suspensi\u00f3n masiva de clases impacta a la ni\u00f1ez","datePublished":"2026-03-13T04:01:15+00:00","mainEntityOfPage":{"@id":"https:\/\/noti-america.com\/site\/principal\/2026\/03\/13\/lluvias-desbordan-cordoba-miles-de-familias-afectadas-y-suspension-masiva-de-clases-impacta-a-la-ninez\/"},"wordCount":509,"image":{"@id":"https:\/\/noti-america.com\/site\/principal\/2026\/03\/13\/lluvias-desbordan-cordoba-miles-de-familias-afectadas-y-suspension-masiva-de-clases-impacta-a-la-ninez\/#primaryimage"},"thumbnailUrl":"https:\/\/noti-america.com\/site\/principal\/wp-content\/uploads\/sites\/26\/2026\/03\/WhatsApp-Image-2026-03-03-at-3.49.27-PM.jpeg","articleSection":["Actualidad"],"inLanguage":"es"},{"@type":"WebPage","@id":"https:\/\/noti-america.com\/site\/principal\/2026\/03\/13\/lluvias-desbordan-cordoba-miles-de-familias-afectadas-y-suspension-masiva-de-clases-impacta-a-la-ninez\/","url":"https:\/\/noti-america.com\/site\/principal\/2026\/03\/13\/lluvias-desbordan-cordoba-miles-de-familias-afectadas-y-suspension-masiva-de-clases-impacta-a-la-ninez\/","name":"Lluvias desbordan C\u00f3rdoba: miles de familias afectadas y suspensi\u00f3n masiva de clases impacta a la ni\u00f1ez - Noti-America.com","isPartOf":{"@id":"https:\/\/noti-america.com\/site\/principal\/#website"},"primaryImageOfPage":{"@id":"https:\/\/noti-america.com\/site\/principal\/2026\/03\/13\/lluvias-desbordan-cordoba-miles-de-familias-afectadas-y-suspension-masiva-de-clases-impacta-a-la-ninez\/#primaryimage"},"image":{"@id":"https:\/\/noti-america.com\/site\/principal\/2026\/03\/13\/lluvias-desbordan-cordoba-miles-de-familias-afectadas-y-suspension-masiva-de-clases-impacta-a-la-ninez\/#primaryimage"},"thumbnailUrl":"https:\/\/noti-america.com\/site\/principal\/wp-content\/uploads\/sites\/26\/2026\/03\/WhatsApp-Image-2026-03-03-at-3.49.27-PM.jpeg","datePublished":"2026-03-13T04:01:15+00:00","author":{"@id":"https:\/\/noti-america.com\/site\/principal\/#\/schema\/person\/4b216aa1c65f5f3ee2a0f0ee69a3f85f"},"breadcrumb":{"@id":"https:\/\/noti-america.com\/site\/principal\/2026\/03\/13\/lluvias-desbordan-cordoba-miles-de-familias-afectadas-y-suspension-masiva-de-clases-impacta-a-la-ninez\/#breadcrumb"},"inLanguage":"es","potentialAction":[{"@type":"ReadAction","target":["https:\/\/noti-america.com\/site\/principal\/2026\/03\/13\/lluvias-desbordan-cordoba-miles-de-familias-afectadas-y-suspension-masiva-de-clases-impacta-a-la-ninez\/"]}]},{"@type":"ImageObject","inLanguage":"es","@id":"https:\/\/noti-america.com\/site\/principal\/2026\/03\/13\/lluvias-desbordan-cordoba-miles-de-familias-afectadas-y-suspension-masiva-de-clases-impacta-a-la-ninez\/#primaryimage","url":"https:\/\/noti-america.com\/site\/principal\/wp-content\/uploads\/sites\/26\/2026\/03\/WhatsApp-Image-2026-03-03-at-3.49.27-PM.jpeg","contentUrl":"https:\/\/noti-america.com\/site\/principal\/wp-content\/uploads\/sites\/26\/2026\/03\/WhatsApp-Image-2026-03-03-at-3.49.27-PM.jpeg","width":680,"height":352},{"@type":"BreadcrumbList","@id":"https:\/\/noti-america.com\/site\/principal\/2026\/03\/13\/lluvias-desbordan-cordoba-miles-de-familias-afectadas-y-suspension-masiva-de-clases-impacta-a-la-ninez\/#breadcrumb","itemListElement":[{"@type":"ListItem","position":1,"name":"Portada","item":"https:\/\/noti-america.com\/site\/principal\/"},{"@type":"ListItem","position":2,"name":"Lluvias desbordan C\u00f3rdoba: miles de familias afectadas y suspensi\u00f3n masiva de clases impacta a la ni\u00f1ez"}]},{"@type":"WebSite","@id":"https:\/\/noti-america.com\/site\/principal\/#website","url":"https:\/\/noti-america.com\/site\/principal\/","name":"Noti-America.com","description":"El Noticiero Digital M\u00e1s Grande de Am\u00e9rica","potentialAction":[{"@type":"SearchAction","target":{"@type":"EntryPoint","urlTemplate":"https:\/\/noti-america.com\/site\/principal\/?s={search_term_string}"},"query-input":{"@type":"PropertyValueSpecification","valueRequired":true,"valueName":"search_term_string"}}],"inLanguage":"es"},{"@type":"Person","@id":"https:\/\/noti-america.com\/site\/principal\/#\/schema\/person\/4b216aa1c65f5f3ee2a0f0ee69a3f85f","name":"mlenis","image":{"@type":"ImageObject","inLanguage":"es","@id":"https:\/\/secure.gravatar.com\/avatar\/71bbe7129a082888d49bedca63e7a6e75ca485c648bb239a7515a2a55acd510f?s=96&d=mm&r=g","url":"https:\/\/secure.gravatar.com\/avatar\/71bbe7129a082888d49bedca63e7a6e75ca485c648bb239a7515a2a55acd510f?s=96&d=mm&r=g","contentUrl":"https:\/\/secure.gravatar.com\/avatar\/71bbe7129a082888d49bedca63e7a6e75ca485c648bb239a7515a2a55acd510f?s=96&d=mm&r=g","caption":"mlenis"},"url":"https:\/\/noti-america.com\/site\/principal\/author\/mlenis\/"}]}},"_links":{"self":[{"href":"https:\/\/noti-america.com\/site\/principal\/wp-json\/wp\/v2\/posts\/84138","targetHints":{"allow":["GET"]}}],"collection":[{"href":"https:\/\/noti-america.com\/site\/principal\/wp-json\/wp\/v2\/posts"}],"about":[{"href":"https:\/\/noti-america.com\/site\/principal\/wp-json\/wp\/v2\/types\/post"}],"author":[{"embeddable":true,"href":"https:\/\/noti-america.com\/site\/principal\/wp-json\/wp\/v2\/users\/135"}],"replies":[{"embeddable":true,"href":"https:\/\/noti-america.com\/site\/principal\/wp-json\/wp\/v2\/comments?post=84138"}],"version-history":[{"count":1,"href":"https:\/\/noti-america.com\/site\/principal\/wp-json\/wp\/v2\/posts\/84138\/revisions"}],"predecessor-version":[{"id":84154,"href":"https:\/\/noti-america.com\/site\/principal\/wp-json\/wp\/v2\/posts\/84138\/revisions\/84154"}],"wp:featuredmedia":[{"embeddable":true,"href":"https:\/\/noti-america.com\/site\/principal\/wp-json\/wp\/v2\/media\/84139"}],"wp:attachment":[{"href":"https:\/\/noti-america.com\/site\/principal\/wp-json\/wp\/v2\/media?parent=84138"}],"wp:term":[{"taxonomy":"category","embeddable":true,"href":"https:\/\/noti-america.com\/site\/principal\/wp-json\/wp\/v2\/categories?post=84138"},{"taxonomy":"post_tag","embeddable":true,"href":"https:\/\/noti-america.com\/site\/principal\/wp-json\/wp\/v2\/tags?post=84138"}],"curies":[{"name":"wp","href":"https:\/\/api.w.org\/{rel}","templated":true}]}}