{"id":82390,"date":"2026-02-16T12:09:38","date_gmt":"2026-02-16T16:09:38","guid":{"rendered":"https:\/\/noti-america.com\/site\/principal\/?p=82390"},"modified":"2026-02-16T12:09:38","modified_gmt":"2026-02-16T16:09:38","slug":"miley-cyrus-comprometida-con-hanna-montana-para-celebrar-su-20-aniversario-nos-ensena-las-primeras-pistas-de-su-regreso-son-tantos-recuerdos","status":"publish","type":"post","link":"https:\/\/noti-america.com\/site\/principal\/2026\/02\/16\/miley-cyrus-comprometida-con-hanna-montana-para-celebrar-su-20-aniversario-nos-ensena-las-primeras-pistas-de-su-regreso-son-tantos-recuerdos\/","title":{"rendered":"Miley Cyrus, comprometida con Hanna Montana para celebrar su 20 aniversario, nos ense\u00f1a las primeras pistas de su regreso: \u00abSon tantos recuerdos&#8230;\u00bb"},"content":{"rendered":"<p>NOTI-AMERICA.COM<\/p>\n<p class=\"paragraph\" style=\"text-align: justify\">Hubo un tiempo en el que\u00a0<b>Miley Cyrus<\/b>\u00a0quiso enterrar a\u00a0<b>Hannah Montana<\/b>\u00a0para siempre despu\u00e9s de abrazar una nueva y rebelde era en la que le buscaba darle carpetazo a su etapa en\u00a0<b>Disney<\/b>. Sin embargo, el tiempo ha sabido convertir aquel distanciamiento en una reconciliaci\u00f3n hist\u00f3rica con el personaje que le dio fama mundial. As\u00ed lo atestiguan las recientes publicaciones de la artista a trav\u00e9s de sus redes sociales, que resultan ser toda una declaraci\u00f3n con la que la estrella del pop m\u00e1s camale\u00f3nica de nuestra generaci\u00f3n finalmente ha hecho las paces con aquella peluca rubia que la defini\u00f3 en el mundo de la m\u00fasica en sus inicios.<\/p>\n<p class=\"paragraph\" style=\"text-align: justify\">Con un escueto pero potente\u00a0<b><i>\u00abRevisando los archivos&#8230; tantos recuerdos\u00bb<\/i><\/b>,\u00a0<b>Miley\u00a0<\/b>ha abierto la puerta de la c\u00e1psula del tiempo que nos da acceso a una galer\u00eda de im\u00e1genes que nos lleva a recordar a\u00a0<b>Hanna Montana<\/b>\u00a0a trav\u00e9s de algunos fragmentos de una identidad que durante a\u00f1os estuvo bloqueada por la propia artista. La \u00faltima de estas tres fotograf\u00edas, en la que aparece una caja repleta de los guiones originales de la serie de\u00a0<b>Disney Channel<\/b>, ha sido el detonante definitivo de que su personaje nunca se fue, porque&#8230; \u00bfqui\u00e9n guarda todos esos guiones si no hay una verdadera intenci\u00f3n de volver a recuperarlos alg\u00fan d\u00eda?<\/p>\n<div class=\"sbi-embed-wrap\">\n<blockquote class=\"instagram-media sbi-embed\" data-instgrm-captioned data-instgrm-permalink=\"https:\/\/www.instagram.com\/p\/DUtRPmHj0qI\/?utm_source=ig_embed&amp;utm_campaign=loading\" data-instgrm-version=\"14\" style=\" background:#FFF; border:0; border-radius:3px; box-shadow:0 0 1px 0 rgba(0,0,0,0.5),0 1px 10px 0 rgba(0,0,0,0.15); margin: 1px; max-width:500px; min-width:326px; padding:0; width:99.375%; width:-webkit-calc(100% - 2px); width:calc(100% - 2px);\">\n<div style=\"padding:16px;\"> <a href=\"https:\/\/www.instagram.com\/p\/DUtRPmHj0qI\/?utm_source=ig_embed&amp;utm_campaign=loading\" style=\" background:#FFFFFF; line-height:0; padding:0 0; text-align:center; text-decoration:none; width:100%;\" target=\"_blank\"> <\/p>\n<div style=\" display: flex; flex-direction: row; align-items: center;\">\n<div style=\"background-color: #F4F4F4; border-radius: 50%; flex-grow: 0; height: 40px; margin-right: 14px; width: 40px;\"><\/div>\n<div style=\"display: flex; flex-direction: column; flex-grow: 1; justify-content: center;\">\n<div style=\" background-color: #F4F4F4; border-radius: 4px; flex-grow: 0; height: 14px; margin-bottom: 6px; width: 100px;\"><\/div>\n<div style=\" background-color: #F4F4F4; border-radius: 4px; flex-grow: 0; height: 14px; width: 60px;\"><\/div>\n<\/div>\n<\/div>\n<div style=\"padding: 19% 0;\"><\/div>\n<div style=\"display:block; height:50px; margin:0 auto 12px; width:50px;\"><svg width=\"50px\" height=\"50px\" viewBox=\"0 0 60 60\" version=\"1.1\" xmlns=\"https:\/\/www.w3.org\/2000\/svg\" xmlns:xlink=\"https:\/\/www.w3.org\/1999\/xlink\"><g stroke=\"none\" stroke-width=\"1\" fill=\"none\" fill-rule=\"evenodd\"><g transform=\"translate(-511.000000, -20.000000)\" fill=\"#000000\"><g><path d=\"M556.869,30.41 C554.814,30.41 553.148,32.076 553.148,34.131 C553.148,36.186 554.814,37.852 556.869,37.852 C558.924,37.852 560.59,36.186 560.59,34.131 C560.59,32.076 558.924,30.41 556.869,30.41 M541,60.657 C535.114,60.657 530.342,55.887 530.342,50 C530.342,44.114 535.114,39.342 541,39.342 C546.887,39.342 551.658,44.114 551.658,50 C551.658,55.887 546.887,60.657 541,60.657 M541,33.886 C532.1,33.886 524.886,41.1 524.886,50 C524.886,58.899 532.1,66.113 541,66.113 C549.9,66.113 557.115,58.899 557.115,50 C557.115,41.1 549.9,33.886 541,33.886 M565.378,62.101 C565.244,65.022 564.756,66.606 564.346,67.663 C563.803,69.06 563.154,70.057 562.106,71.106 C561.058,72.155 560.06,72.803 558.662,73.347 C557.607,73.757 556.021,74.244 553.102,74.378 C549.944,74.521 548.997,74.552 541,74.552 C533.003,74.552 532.056,74.521 528.898,74.378 C525.979,74.244 524.393,73.757 523.338,73.347 C521.94,72.803 520.942,72.155 519.894,71.106 C518.846,70.057 518.197,69.06 517.654,67.663 C517.244,66.606 516.755,65.022 516.623,62.101 C516.479,58.943 516.448,57.996 516.448,50 C516.448,42.003 516.479,41.056 516.623,37.899 C516.755,34.978 517.244,33.391 517.654,32.338 C518.197,30.938 518.846,29.942 519.894,28.894 C520.942,27.846 521.94,27.196 523.338,26.654 C524.393,26.244 525.979,25.756 528.898,25.623 C532.057,25.479 533.004,25.448 541,25.448 C548.997,25.448 549.943,25.479 553.102,25.623 C556.021,25.756 557.607,26.244 558.662,26.654 C560.06,27.196 561.058,27.846 562.106,28.894 C563.154,29.942 563.803,30.938 564.346,32.338 C564.756,33.391 565.244,34.978 565.378,37.899 C565.522,41.056 565.552,42.003 565.552,50 C565.552,57.996 565.522,58.943 565.378,62.101 M570.82,37.631 C570.674,34.438 570.167,32.258 569.425,30.349 C568.659,28.377 567.633,26.702 565.965,25.035 C564.297,23.368 562.623,22.342 560.652,21.575 C558.743,20.834 556.562,20.326 553.369,20.18 C550.169,20.033 549.148,20 541,20 C532.853,20 531.831,20.033 528.631,20.18 C525.438,20.326 523.257,20.834 521.349,21.575 C519.376,22.342 517.703,23.368 516.035,25.035 C514.368,26.702 513.342,28.377 512.574,30.349 C511.834,32.258 511.326,34.438 511.181,37.631 C511.035,40.831 511,41.851 511,50 C511,58.147 511.035,59.17 511.181,62.369 C511.326,65.562 511.834,67.743 512.574,69.651 C513.342,71.625 514.368,73.296 516.035,74.965 C517.703,76.634 519.376,77.658 521.349,78.425 C523.257,79.167 525.438,79.673 528.631,79.82 C531.831,79.965 532.853,80.001 541,80.001 C549.148,80.001 550.169,79.965 553.369,79.82 C556.562,79.673 558.743,79.167 560.652,78.425 C562.623,77.658 564.297,76.634 565.965,74.965 C567.633,73.296 568.659,71.625 569.425,69.651 C570.167,67.743 570.674,65.562 570.82,62.369 C570.966,59.17 571,58.147 571,50 C571,41.851 570.966,40.831 570.82,37.631\"><\/path><\/g><\/g><\/g><\/svg><\/div>\n<div style=\"padding-top: 8px;\">\n<div style=\" color:#3897f0; font-family:Arial,sans-serif; font-size:14px; font-style:normal; font-weight:550; line-height:18px;\">View this post on Instagram<\/div>\n<\/div>\n<div style=\"padding: 12.5% 0;\"><\/div>\n<div style=\"display: flex; flex-direction: row; margin-bottom: 14px; align-items: center;\">\n<div>\n<div style=\"background-color: #F4F4F4; border-radius: 50%; height: 12.5px; width: 12.5px; transform: translateX(0px) translateY(7px);\"><\/div>\n<div style=\"background-color: #F4F4F4; height: 12.5px; transform: rotate(-45deg) translateX(3px) translateY(1px); width: 12.5px; flex-grow: 0; margin-right: 14px; margin-left: 2px;\"><\/div>\n<div style=\"background-color: #F4F4F4; border-radius: 50%; height: 12.5px; width: 12.5px; transform: translateX(9px) translateY(-18px);\"><\/div>\n<\/div>\n<div style=\"margin-left: 8px;\">\n<div style=\" background-color: #F4F4F4; border-radius: 50%; flex-grow: 0; height: 20px; width: 20px;\"><\/div>\n<div style=\" width: 0; height: 0; border-top: 2px solid transparent; border-left: 6px solid #f4f4f4; border-bottom: 2px solid transparent; transform: translateX(16px) translateY(-4px) rotate(30deg)\"><\/div>\n<\/div>\n<div style=\"margin-left: auto;\">\n<div style=\" width: 0px; border-top: 8px solid #F4F4F4; border-right: 8px solid transparent; transform: translateY(16px);\"><\/div>\n<div style=\" background-color: #F4F4F4; flex-grow: 0; height: 12px; width: 16px; transform: translateY(-4px);\"><\/div>\n<div style=\" width: 0; height: 0; border-top: 8px solid #F4F4F4; border-left: 8px solid transparent; transform: translateY(-4px) translateX(8px);\"><\/div>\n<\/div>\n<\/div>\n<div style=\"display: flex; flex-direction: column; flex-grow: 1; justify-content: center; margin-bottom: 24px;\">\n<div style=\" background-color: #F4F4F4; border-radius: 4px; flex-grow: 0; height: 14px; margin-bottom: 6px; width: 224px;\"><\/div>\n<div style=\" background-color: #F4F4F4; border-radius: 4px; flex-grow: 0; height: 14px; width: 144px;\"><\/div>\n<\/div>\n<p><\/a><\/div>\n<\/blockquote>\n<p><script async src=\"\/\/platform.instagram.com\/en_US\/embeds.js\"><\/script><\/div>\n<h3 style=\"text-align: justify\">El fin del exilio musical de Hannah Montana<\/h3>\n<p class=\"paragraph\" style=\"text-align: justify\">La historia de\u00a0<b>Miley Cyrus<\/b>\u00a0como artista siempre ha estado marcada por la b\u00fasqueda de libertad despu\u00e9s de su etapa en\u00a0<b>Disney<\/b>. Durante m\u00e1s de una d\u00e9cada, los fans se preguntaron por qu\u00e9 los grandes himnos de su adolescencia hab\u00edan desaparecido de sus\u00a0<i>setlists<\/i>. La respuesta, adem\u00e1s de que estas canciones formaban parte de un pasado del que quer\u00eda desvincularse, tienen otra respuesta; y es que la artista ha declarado recientemente que, tras su salida de la factor\u00eda del rat\u00f3n, exist\u00eda una cl\u00e1sula, que era una restricci\u00f3n legal, que le imped\u00eda interpretar el repertorio de\u00a0<b>Hannah Montana<\/b>. Fue un divorcio profesional que dej\u00f3 a millones de seguidores hu\u00e9rfanos de canciones como\u00a0<b>&#8216;The climb&#8217;<\/b>\u00a0o\u00a0<b>&#8216;The best of both worlds&#8217;<\/b>.<\/p>\n<p class=\"paragraph\" style=\"text-align: justify\">Pero hubo un giro de guion en agosto del a\u00f1o pasado cuando, al ser nombrada la\u00a0<b>Leyenda Disney<\/b>\u00a0m\u00e1s joven de la historia, el estatus de\u00a0<b>Miley\u00a0<\/b>cambi\u00f3 para convertirse en toda una instituci\u00f3n de la marca. En sus propias palabras, este reconocimiento lleg\u00f3 acompa\u00f1ado de un regalo de incalculable valor: el permiso oficial para volver a interpretar su legado musical como\u00a0<b>Hanna Montana<\/b>:\u00a0<b><i>\u00abTras ser nombrada Leyenda Disney, me dieron permiso para interpretar esas canciones en el futuro, algo que es genial\u00bb<\/i><\/b>, confes\u00f3 la cantante. Este permiso es la llave que abre la puerta al 20\u00ba aniversario de la serie en este 2026.<\/p>\n<h3 style=\"text-align: justify\">La nostalgia como motor creativo<\/h3>\n<p class=\"paragraph\" style=\"text-align: justify\">Ver a\u00a0<b>Miley\u00a0<\/b>en el\u00a0<i>backstage<\/i>\u00a0caracterizada nuevamente o luciendo esa blusa azul con las iniciales\u00a0<b>HM<\/b>, es una se\u00f1al de que el proyecto de aniversario es mucho m\u00e1s que un\u00a0<i>post<\/i>\u00a0de\u00a0<b>Instagram<\/b>. La narrativa que maneja la artista ahora es la de la integraci\u00f3n, as\u00ed que ya no necesita deshacerse de\u00a0<b>Hannah Montana<\/b>\u00a0para que\u00a0<b>Miley Cyrus<\/b>\u00a0brille; ha entendido que ambas son la misma persona, separadas \u00fanicamente por el tiempo.<\/p>\n<p class=\"paragraph\" style=\"text-align: justify\">Este regreso, previsto para coincidir con las dos d\u00e9cadas del estreno de la serie, el pr\u00f3ximo mes de marzo, apunta a ser uno de los eventos musicales del a\u00f1o. Los \u00faltimos rumores apuntan a una serie de eventos especiales que podr\u00edan incluir nuevas versiones de estudio de sus cl\u00e1sicos y un concierto multituninario en Nueva York. Imagina por un momento la potencia vocal de la\u00a0<b>Miley<\/b>\u00a0actual, esa voz rasgada y madura que nos regal\u00f3\u00a0<b>&#8216;Flowers&#8217;<\/b>, reinterpretando las melod\u00edas que grab\u00f3 cuando apenas era una ni\u00f1a.<\/p>\n<h3 style=\"text-align: justify\">Un legado siempre estuvo ah\u00ed<\/h3>\n<p class=\"paragraph\" style=\"text-align: justify\"><b>Miley Cyrus<\/b>\u00a0ahora est\u00e1 escribiendo un nuevo cap\u00edtulo de redenci\u00f3n en el guion de su vida. Al revisar estas fotos del pasado, no solo nos muestra sus recuerdos; sino que nos est\u00e1 invitando a presenciar c\u00f3mo una artista reclama su propio trono.<\/p>\n<p class=\"paragraph\" style=\"text-align: justify\">El 2026 se perfila como el a\u00f1o en el que el mundo volver\u00e1 a cantar los mejores himnos de\u00a0<b>Hannah Montana<\/b>, pero esta vez con la seguridad de que la mujer que est\u00e1 sobre el escenario ya no tiene que esconderse detr\u00e1s de nadie. \u00bfQui\u00e9n tiene ganas de recordar todoa aquellos recuerdos junto a la artista?<\/p>\n","protected":false},"excerpt":{"rendered":"<p>NOTI-AMERICA.COM Hubo un tiempo en el que\u00a0Miley Cyrus\u00a0quiso enterrar a\u00a0Hannah Montana\u00a0para siempre despu\u00e9s de abrazar una nueva y rebelde era en la que le buscaba darle carpetazo a su etapa en\u00a0Disney. Sin embargo, el&#46;&#46;&#46;<\/p>\n","protected":false},"author":133,"featured_media":82391,"comment_status":"closed","ping_status":"open","sticky":false,"template":"","format":"image","meta":{"_acf_changed":false,"rop_custom_images_group":[],"rop_custom_messages_group":[],"rop_publish_now":"initial","rop_publish_now_accounts":{"facebook_10219548024599422_1632221337088128":"","twitter_242054905_242054905":""},"rop_publish_now_history":[],"rop_publish_now_status":"pending","footnotes":""},"categories":[663],"tags":[],"class_list":["post-82390","post","type-post","status-publish","format-image","has-post-thumbnail","hentry","category-actualidad","post_format-post-format-image"],"acf":[],"yoast_head":"<!-- This site is optimized with the Yoast SEO Premium plugin v24.9 (Yoast SEO v27.2) - https:\/\/yoast.com\/product\/yoast-seo-premium-wordpress\/ -->\n<title>Miley Cyrus, comprometida con Hanna Montana para celebrar su 20 aniversario, nos ense\u00f1a las primeras pistas de su regreso: &quot;Son tantos recuerdos...&quot; - Noti-America.com<\/title>\n<meta name=\"robots\" content=\"index, follow, max-snippet:-1, max-image-preview:large, max-video-preview:-1\" \/>\n<link rel=\"canonical\" href=\"https:\/\/noti-america.com\/site\/principal\/2026\/02\/16\/miley-cyrus-comprometida-con-hanna-montana-para-celebrar-su-20-aniversario-nos-ensena-las-primeras-pistas-de-su-regreso-son-tantos-recuerdos\/\" \/>\n<meta property=\"og:locale\" content=\"es_ES\" \/>\n<meta property=\"og:type\" content=\"article\" \/>\n<meta property=\"og:title\" content=\"Miley Cyrus, comprometida con Hanna Montana para celebrar su 20 aniversario, nos ense\u00f1a las primeras pistas de su regreso: &quot;Son tantos recuerdos...&quot;\" \/>\n<meta property=\"og:description\" content=\"NOTI-AMERICA.COM Hubo un tiempo en el que\u00a0Miley Cyrus\u00a0quiso enterrar a\u00a0Hannah Montana\u00a0para siempre despu\u00e9s de abrazar una nueva y rebelde era en la que le buscaba darle carpetazo a su etapa en\u00a0Disney. Sin embargo, el&#046;&#046;&#046;\" \/>\n<meta property=\"og:url\" content=\"https:\/\/noti-america.com\/site\/principal\/2026\/02\/16\/miley-cyrus-comprometida-con-hanna-montana-para-celebrar-su-20-aniversario-nos-ensena-las-primeras-pistas-de-su-regreso-son-tantos-recuerdos\/\" \/>\n<meta property=\"og:site_name\" content=\"Noti-America.com\" \/>\n<meta property=\"article:author\" content=\"Mar\u00eda Valentina Noguera\" \/>\n<meta property=\"article:published_time\" content=\"2026-02-16T16:09:38+00:00\" \/>\n<meta property=\"og:image\" content=\"https:\/\/noti-america.com\/site\/principal\/wp-content\/uploads\/sites\/26\/2026\/02\/609043726_901961039058944_7886305515414685088_n.jpg\" \/>\n\t<meta property=\"og:image:width\" content=\"1086\" \/>\n\t<meta property=\"og:image:height\" content=\"1440\" \/>\n\t<meta property=\"og:image:type\" content=\"image\/jpeg\" \/>\n<meta name=\"author\" content=\"Maria Valentina Noguera Medina\" \/>\n<meta name=\"twitter:card\" content=\"summary_large_image\" \/>\n<meta name=\"twitter:label1\" content=\"Escrito por\" \/>\n\t<meta name=\"twitter:data1\" content=\"Maria Valentina Noguera Medina\" \/>\n\t<meta name=\"twitter:label2\" content=\"Tiempo estimado de lectura\" \/>\n\t<meta name=\"twitter:data2\" content=\"4 minutos\" \/>\n<script type=\"application\/ld+json\" class=\"yoast-schema-graph\">{\"@context\":\"https:\/\/schema.org\",\"@graph\":[{\"@type\":\"Article\",\"@id\":\"https:\/\/noti-america.com\/site\/principal\/2026\/02\/16\/miley-cyrus-comprometida-con-hanna-montana-para-celebrar-su-20-aniversario-nos-ensena-las-primeras-pistas-de-su-regreso-son-tantos-recuerdos\/#article\",\"isPartOf\":{\"@id\":\"https:\/\/noti-america.com\/site\/principal\/2026\/02\/16\/miley-cyrus-comprometida-con-hanna-montana-para-celebrar-su-20-aniversario-nos-ensena-las-primeras-pistas-de-su-regreso-son-tantos-recuerdos\/\"},\"author\":{\"name\":\"Maria Valentina Noguera Medina\",\"@id\":\"https:\/\/noti-america.com\/site\/principal\/#\/schema\/person\/22806efcc2cfc4b45efb0e17be210ea8\"},\"headline\":\"Miley Cyrus, comprometida con Hanna Montana para celebrar su 20 aniversario, nos ense\u00f1a las primeras pistas de su regreso: \u00abSon tantos recuerdos&#8230;\u00bb\",\"datePublished\":\"2026-02-16T16:09:38+00:00\",\"mainEntityOfPage\":{\"@id\":\"https:\/\/noti-america.com\/site\/principal\/2026\/02\/16\/miley-cyrus-comprometida-con-hanna-montana-para-celebrar-su-20-aniversario-nos-ensena-las-primeras-pistas-de-su-regreso-son-tantos-recuerdos\/\"},\"wordCount\":807,\"image\":{\"@id\":\"https:\/\/noti-america.com\/site\/principal\/2026\/02\/16\/miley-cyrus-comprometida-con-hanna-montana-para-celebrar-su-20-aniversario-nos-ensena-las-primeras-pistas-de-su-regreso-son-tantos-recuerdos\/#primaryimage\"},\"thumbnailUrl\":\"https:\/\/noti-america.com\/site\/principal\/wp-content\/uploads\/sites\/26\/2026\/02\/609043726_901961039058944_7886305515414685088_n.jpg\",\"articleSection\":[\"Actualidad\"],\"inLanguage\":\"es\"},{\"@type\":\"WebPage\",\"@id\":\"https:\/\/noti-america.com\/site\/principal\/2026\/02\/16\/miley-cyrus-comprometida-con-hanna-montana-para-celebrar-su-20-aniversario-nos-ensena-las-primeras-pistas-de-su-regreso-son-tantos-recuerdos\/\",\"url\":\"https:\/\/noti-america.com\/site\/principal\/2026\/02\/16\/miley-cyrus-comprometida-con-hanna-montana-para-celebrar-su-20-aniversario-nos-ensena-las-primeras-pistas-de-su-regreso-son-tantos-recuerdos\/\",\"name\":\"Miley Cyrus, comprometida con Hanna Montana para celebrar su 20 aniversario, nos ense\u00f1a las primeras pistas de su regreso: \\\"Son tantos recuerdos...\\\" - Noti-America.com\",\"isPartOf\":{\"@id\":\"https:\/\/noti-america.com\/site\/principal\/#website\"},\"primaryImageOfPage\":{\"@id\":\"https:\/\/noti-america.com\/site\/principal\/2026\/02\/16\/miley-cyrus-comprometida-con-hanna-montana-para-celebrar-su-20-aniversario-nos-ensena-las-primeras-pistas-de-su-regreso-son-tantos-recuerdos\/#primaryimage\"},\"image\":{\"@id\":\"https:\/\/noti-america.com\/site\/principal\/2026\/02\/16\/miley-cyrus-comprometida-con-hanna-montana-para-celebrar-su-20-aniversario-nos-ensena-las-primeras-pistas-de-su-regreso-son-tantos-recuerdos\/#primaryimage\"},\"thumbnailUrl\":\"https:\/\/noti-america.com\/site\/principal\/wp-content\/uploads\/sites\/26\/2026\/02\/609043726_901961039058944_7886305515414685088_n.jpg\",\"datePublished\":\"2026-02-16T16:09:38+00:00\",\"author\":{\"@id\":\"https:\/\/noti-america.com\/site\/principal\/#\/schema\/person\/22806efcc2cfc4b45efb0e17be210ea8\"},\"breadcrumb\":{\"@id\":\"https:\/\/noti-america.com\/site\/principal\/2026\/02\/16\/miley-cyrus-comprometida-con-hanna-montana-para-celebrar-su-20-aniversario-nos-ensena-las-primeras-pistas-de-su-regreso-son-tantos-recuerdos\/#breadcrumb\"},\"inLanguage\":\"es\",\"potentialAction\":[{\"@type\":\"ReadAction\",\"target\":[\"https:\/\/noti-america.com\/site\/principal\/2026\/02\/16\/miley-cyrus-comprometida-con-hanna-montana-para-celebrar-su-20-aniversario-nos-ensena-las-primeras-pistas-de-su-regreso-son-tantos-recuerdos\/\"]}]},{\"@type\":\"ImageObject\",\"inLanguage\":\"es\",\"@id\":\"https:\/\/noti-america.com\/site\/principal\/2026\/02\/16\/miley-cyrus-comprometida-con-hanna-montana-para-celebrar-su-20-aniversario-nos-ensena-las-primeras-pistas-de-su-regreso-son-tantos-recuerdos\/#primaryimage\",\"url\":\"https:\/\/noti-america.com\/site\/principal\/wp-content\/uploads\/sites\/26\/2026\/02\/609043726_901961039058944_7886305515414685088_n.jpg\",\"contentUrl\":\"https:\/\/noti-america.com\/site\/principal\/wp-content\/uploads\/sites\/26\/2026\/02\/609043726_901961039058944_7886305515414685088_n.jpg\",\"width\":1086,\"height\":1440},{\"@type\":\"BreadcrumbList\",\"@id\":\"https:\/\/noti-america.com\/site\/principal\/2026\/02\/16\/miley-cyrus-comprometida-con-hanna-montana-para-celebrar-su-20-aniversario-nos-ensena-las-primeras-pistas-de-su-regreso-son-tantos-recuerdos\/#breadcrumb\",\"itemListElement\":[{\"@type\":\"ListItem\",\"position\":1,\"name\":\"Portada\",\"item\":\"https:\/\/noti-america.com\/site\/principal\/\"},{\"@type\":\"ListItem\",\"position\":2,\"name\":\"Miley Cyrus, comprometida con Hanna Montana para celebrar su 20 aniversario, nos ense\u00f1a las primeras pistas de su regreso: \u00abSon tantos recuerdos&#8230;\u00bb\"}]},{\"@type\":\"WebSite\",\"@id\":\"https:\/\/noti-america.com\/site\/principal\/#website\",\"url\":\"https:\/\/noti-america.com\/site\/principal\/\",\"name\":\"Noti-America.com\",\"description\":\"El Noticiero Digital M\u00e1s Grande de Am\u00e9rica\",\"potentialAction\":[{\"@type\":\"SearchAction\",\"target\":{\"@type\":\"EntryPoint\",\"urlTemplate\":\"https:\/\/noti-america.com\/site\/principal\/?s={search_term_string}\"},\"query-input\":{\"@type\":\"PropertyValueSpecification\",\"valueRequired\":true,\"valueName\":\"search_term_string\"}}],\"inLanguage\":\"es\"},{\"@type\":\"Person\",\"@id\":\"https:\/\/noti-america.com\/site\/principal\/#\/schema\/person\/22806efcc2cfc4b45efb0e17be210ea8\",\"name\":\"Maria Valentina Noguera Medina\",\"image\":{\"@type\":\"ImageObject\",\"inLanguage\":\"es\",\"@id\":\"https:\/\/secure.gravatar.com\/avatar\/4ec5eb9d099f2608a49c9df6f7341f66f04f819cdffa09d56a7a0e91d2819d56?s=96&d=mm&r=g\",\"url\":\"https:\/\/secure.gravatar.com\/avatar\/4ec5eb9d099f2608a49c9df6f7341f66f04f819cdffa09d56a7a0e91d2819d56?s=96&d=mm&r=g\",\"contentUrl\":\"https:\/\/secure.gravatar.com\/avatar\/4ec5eb9d099f2608a49c9df6f7341f66f04f819cdffa09d56a7a0e91d2819d56?s=96&d=mm&r=g\",\"caption\":\"Maria Valentina Noguera Medina\"},\"description\":\"Periodista - noti-america - Promar Community Manager - Talento Plus Dise\u00f1adora\/ creadora de contenido...\",\"sameAs\":[\"Mar\u00eda Valentina Noguera\",\"https:\/\/www.facebook.com\/mariavalentina.noguera\",\"https:\/\/www.linkedin.com\/in\/mara-valentina-noguera-medina-373075165\/\",\"https:\/\/www.pinterest.es\/valentinanoguera95\/\",\"https:\/\/www.youtube.com\/channel\/UCdek6mbUZ-Tqqw0I63i4nmQ\"],\"url\":\"https:\/\/noti-america.com\/site\/principal\/author\/mnoguera\/\"}]}<\/script>\n<!-- \/ Yoast SEO Premium plugin. -->","yoast_head_json":{"title":"Miley Cyrus, comprometida con Hanna Montana para celebrar su 20 aniversario, nos ense\u00f1a las primeras pistas de su regreso: \"Son tantos recuerdos...\" - Noti-America.com","robots":{"index":"index","follow":"follow","max-snippet":"max-snippet:-1","max-image-preview":"max-image-preview:large","max-video-preview":"max-video-preview:-1"},"canonical":"https:\/\/noti-america.com\/site\/principal\/2026\/02\/16\/miley-cyrus-comprometida-con-hanna-montana-para-celebrar-su-20-aniversario-nos-ensena-las-primeras-pistas-de-su-regreso-son-tantos-recuerdos\/","og_locale":"es_ES","og_type":"article","og_title":"Miley Cyrus, comprometida con Hanna Montana para celebrar su 20 aniversario, nos ense\u00f1a las primeras pistas de su regreso: \"Son tantos recuerdos...\"","og_description":"NOTI-AMERICA.COM Hubo un tiempo en el que\u00a0Miley Cyrus\u00a0quiso enterrar a\u00a0Hannah Montana\u00a0para siempre despu\u00e9s de abrazar una nueva y rebelde era en la que le buscaba darle carpetazo a su etapa en\u00a0Disney. Sin embargo, el&#46;&#46;&#46;","og_url":"https:\/\/noti-america.com\/site\/principal\/2026\/02\/16\/miley-cyrus-comprometida-con-hanna-montana-para-celebrar-su-20-aniversario-nos-ensena-las-primeras-pistas-de-su-regreso-son-tantos-recuerdos\/","og_site_name":"Noti-America.com","article_author":"Mar\u00eda Valentina Noguera","article_published_time":"2026-02-16T16:09:38+00:00","og_image":[{"width":1086,"height":1440,"url":"https:\/\/noti-america.com\/site\/principal\/wp-content\/uploads\/sites\/26\/2026\/02\/609043726_901961039058944_7886305515414685088_n.jpg","type":"image\/jpeg"}],"author":"Maria Valentina Noguera Medina","twitter_card":"summary_large_image","twitter_misc":{"Escrito por":"Maria Valentina Noguera Medina","Tiempo estimado de lectura":"4 minutos"},"schema":{"@context":"https:\/\/schema.org","@graph":[{"@type":"Article","@id":"https:\/\/noti-america.com\/site\/principal\/2026\/02\/16\/miley-cyrus-comprometida-con-hanna-montana-para-celebrar-su-20-aniversario-nos-ensena-las-primeras-pistas-de-su-regreso-son-tantos-recuerdos\/#article","isPartOf":{"@id":"https:\/\/noti-america.com\/site\/principal\/2026\/02\/16\/miley-cyrus-comprometida-con-hanna-montana-para-celebrar-su-20-aniversario-nos-ensena-las-primeras-pistas-de-su-regreso-son-tantos-recuerdos\/"},"author":{"name":"Maria Valentina Noguera Medina","@id":"https:\/\/noti-america.com\/site\/principal\/#\/schema\/person\/22806efcc2cfc4b45efb0e17be210ea8"},"headline":"Miley Cyrus, comprometida con Hanna Montana para celebrar su 20 aniversario, nos ense\u00f1a las primeras pistas de su regreso: \u00abSon tantos recuerdos&#8230;\u00bb","datePublished":"2026-02-16T16:09:38+00:00","mainEntityOfPage":{"@id":"https:\/\/noti-america.com\/site\/principal\/2026\/02\/16\/miley-cyrus-comprometida-con-hanna-montana-para-celebrar-su-20-aniversario-nos-ensena-las-primeras-pistas-de-su-regreso-son-tantos-recuerdos\/"},"wordCount":807,"image":{"@id":"https:\/\/noti-america.com\/site\/principal\/2026\/02\/16\/miley-cyrus-comprometida-con-hanna-montana-para-celebrar-su-20-aniversario-nos-ensena-las-primeras-pistas-de-su-regreso-son-tantos-recuerdos\/#primaryimage"},"thumbnailUrl":"https:\/\/noti-america.com\/site\/principal\/wp-content\/uploads\/sites\/26\/2026\/02\/609043726_901961039058944_7886305515414685088_n.jpg","articleSection":["Actualidad"],"inLanguage":"es"},{"@type":"WebPage","@id":"https:\/\/noti-america.com\/site\/principal\/2026\/02\/16\/miley-cyrus-comprometida-con-hanna-montana-para-celebrar-su-20-aniversario-nos-ensena-las-primeras-pistas-de-su-regreso-son-tantos-recuerdos\/","url":"https:\/\/noti-america.com\/site\/principal\/2026\/02\/16\/miley-cyrus-comprometida-con-hanna-montana-para-celebrar-su-20-aniversario-nos-ensena-las-primeras-pistas-de-su-regreso-son-tantos-recuerdos\/","name":"Miley Cyrus, comprometida con Hanna Montana para celebrar su 20 aniversario, nos ense\u00f1a las primeras pistas de su regreso: \"Son tantos recuerdos...\" - Noti-America.com","isPartOf":{"@id":"https:\/\/noti-america.com\/site\/principal\/#website"},"primaryImageOfPage":{"@id":"https:\/\/noti-america.com\/site\/principal\/2026\/02\/16\/miley-cyrus-comprometida-con-hanna-montana-para-celebrar-su-20-aniversario-nos-ensena-las-primeras-pistas-de-su-regreso-son-tantos-recuerdos\/#primaryimage"},"image":{"@id":"https:\/\/noti-america.com\/site\/principal\/2026\/02\/16\/miley-cyrus-comprometida-con-hanna-montana-para-celebrar-su-20-aniversario-nos-ensena-las-primeras-pistas-de-su-regreso-son-tantos-recuerdos\/#primaryimage"},"thumbnailUrl":"https:\/\/noti-america.com\/site\/principal\/wp-content\/uploads\/sites\/26\/2026\/02\/609043726_901961039058944_7886305515414685088_n.jpg","datePublished":"2026-02-16T16:09:38+00:00","author":{"@id":"https:\/\/noti-america.com\/site\/principal\/#\/schema\/person\/22806efcc2cfc4b45efb0e17be210ea8"},"breadcrumb":{"@id":"https:\/\/noti-america.com\/site\/principal\/2026\/02\/16\/miley-cyrus-comprometida-con-hanna-montana-para-celebrar-su-20-aniversario-nos-ensena-las-primeras-pistas-de-su-regreso-son-tantos-recuerdos\/#breadcrumb"},"inLanguage":"es","potentialAction":[{"@type":"ReadAction","target":["https:\/\/noti-america.com\/site\/principal\/2026\/02\/16\/miley-cyrus-comprometida-con-hanna-montana-para-celebrar-su-20-aniversario-nos-ensena-las-primeras-pistas-de-su-regreso-son-tantos-recuerdos\/"]}]},{"@type":"ImageObject","inLanguage":"es","@id":"https:\/\/noti-america.com\/site\/principal\/2026\/02\/16\/miley-cyrus-comprometida-con-hanna-montana-para-celebrar-su-20-aniversario-nos-ensena-las-primeras-pistas-de-su-regreso-son-tantos-recuerdos\/#primaryimage","url":"https:\/\/noti-america.com\/site\/principal\/wp-content\/uploads\/sites\/26\/2026\/02\/609043726_901961039058944_7886305515414685088_n.jpg","contentUrl":"https:\/\/noti-america.com\/site\/principal\/wp-content\/uploads\/sites\/26\/2026\/02\/609043726_901961039058944_7886305515414685088_n.jpg","width":1086,"height":1440},{"@type":"BreadcrumbList","@id":"https:\/\/noti-america.com\/site\/principal\/2026\/02\/16\/miley-cyrus-comprometida-con-hanna-montana-para-celebrar-su-20-aniversario-nos-ensena-las-primeras-pistas-de-su-regreso-son-tantos-recuerdos\/#breadcrumb","itemListElement":[{"@type":"ListItem","position":1,"name":"Portada","item":"https:\/\/noti-america.com\/site\/principal\/"},{"@type":"ListItem","position":2,"name":"Miley Cyrus, comprometida con Hanna Montana para celebrar su 20 aniversario, nos ense\u00f1a las primeras pistas de su regreso: \u00abSon tantos recuerdos&#8230;\u00bb"}]},{"@type":"WebSite","@id":"https:\/\/noti-america.com\/site\/principal\/#website","url":"https:\/\/noti-america.com\/site\/principal\/","name":"Noti-America.com","description":"El Noticiero Digital M\u00e1s Grande de Am\u00e9rica","potentialAction":[{"@type":"SearchAction","target":{"@type":"EntryPoint","urlTemplate":"https:\/\/noti-america.com\/site\/principal\/?s={search_term_string}"},"query-input":{"@type":"PropertyValueSpecification","valueRequired":true,"valueName":"search_term_string"}}],"inLanguage":"es"},{"@type":"Person","@id":"https:\/\/noti-america.com\/site\/principal\/#\/schema\/person\/22806efcc2cfc4b45efb0e17be210ea8","name":"Maria Valentina Noguera Medina","image":{"@type":"ImageObject","inLanguage":"es","@id":"https:\/\/secure.gravatar.com\/avatar\/4ec5eb9d099f2608a49c9df6f7341f66f04f819cdffa09d56a7a0e91d2819d56?s=96&d=mm&r=g","url":"https:\/\/secure.gravatar.com\/avatar\/4ec5eb9d099f2608a49c9df6f7341f66f04f819cdffa09d56a7a0e91d2819d56?s=96&d=mm&r=g","contentUrl":"https:\/\/secure.gravatar.com\/avatar\/4ec5eb9d099f2608a49c9df6f7341f66f04f819cdffa09d56a7a0e91d2819d56?s=96&d=mm&r=g","caption":"Maria Valentina Noguera Medina"},"description":"Periodista - noti-america - Promar Community Manager - Talento Plus Dise\u00f1adora\/ creadora de contenido...","sameAs":["Mar\u00eda Valentina Noguera","https:\/\/www.facebook.com\/mariavalentina.noguera","https:\/\/www.linkedin.com\/in\/mara-valentina-noguera-medina-373075165\/","https:\/\/www.pinterest.es\/valentinanoguera95\/","https:\/\/www.youtube.com\/channel\/UCdek6mbUZ-Tqqw0I63i4nmQ"],"url":"https:\/\/noti-america.com\/site\/principal\/author\/mnoguera\/"}]}},"_links":{"self":[{"href":"https:\/\/noti-america.com\/site\/principal\/wp-json\/wp\/v2\/posts\/82390","targetHints":{"allow":["GET"]}}],"collection":[{"href":"https:\/\/noti-america.com\/site\/principal\/wp-json\/wp\/v2\/posts"}],"about":[{"href":"https:\/\/noti-america.com\/site\/principal\/wp-json\/wp\/v2\/types\/post"}],"author":[{"embeddable":true,"href":"https:\/\/noti-america.com\/site\/principal\/wp-json\/wp\/v2\/users\/133"}],"replies":[{"embeddable":true,"href":"https:\/\/noti-america.com\/site\/principal\/wp-json\/wp\/v2\/comments?post=82390"}],"version-history":[{"count":1,"href":"https:\/\/noti-america.com\/site\/principal\/wp-json\/wp\/v2\/posts\/82390\/revisions"}],"predecessor-version":[{"id":82392,"href":"https:\/\/noti-america.com\/site\/principal\/wp-json\/wp\/v2\/posts\/82390\/revisions\/82392"}],"wp:featuredmedia":[{"embeddable":true,"href":"https:\/\/noti-america.com\/site\/principal\/wp-json\/wp\/v2\/media\/82391"}],"wp:attachment":[{"href":"https:\/\/noti-america.com\/site\/principal\/wp-json\/wp\/v2\/media?parent=82390"}],"wp:term":[{"taxonomy":"category","embeddable":true,"href":"https:\/\/noti-america.com\/site\/principal\/wp-json\/wp\/v2\/categories?post=82390"},{"taxonomy":"post_tag","embeddable":true,"href":"https:\/\/noti-america.com\/site\/principal\/wp-json\/wp\/v2\/tags?post=82390"}],"curies":[{"name":"wp","href":"https:\/\/api.w.org\/{rel}","templated":true}]}}