{"id":8135,"date":"2021-12-09T23:36:15","date_gmt":"2021-12-10T03:36:15","guid":{"rendered":"https:\/\/noti-america.com\/site\/principal\/?p=8135"},"modified":"2021-12-09T23:36:15","modified_gmt":"2021-12-10T03:36:15","slug":"villarreal-se-mete-en-octavos-de-champions-con-sufrimiento","status":"publish","type":"post","link":"https:\/\/noti-america.com\/site\/principal\/2021\/12\/09\/villarreal-se-mete-en-octavos-de-champions-con-sufrimiento\/","title":{"rendered":"Villarreal se mete en octavos de Champions con sufrimiento"},"content":{"rendered":"<p><strong>AFP<\/strong><\/p>\n<p>El Villarreal se clasific\u00f3 para los octavos de final de la Champions este jueves tras imponerse 3-2 en el campo del Atalanta, en duelo por la segunda posici\u00f3n del grupo F, que hab\u00eda sido suspendido la v\u00edspera por la nieve.<\/p>\n<p>Un doblete de Arnaut Danjuma (3, 51) y un gol de Etienne Capoue (42), clasificaron al Villarreal, que acompa\u00f1ar\u00e1 al Manchester United en la siguiente fase del torneo continental, pese a los goles de Ruslan Malinovskiy (70) y Duv\u00e1n Zapata (80) para la \u2018Dea\u2019.<\/p>\n<p>El Atalanta, al que s\u00f3lo le val\u00eda la victoria para poder estar en octavos, seguir\u00e1 su camino en la Europa League como tercer clasificado de la llave.<\/p>\n<p>El Villarreal supo sufrir en los \u00faltimos minutos para imponerse en un partido que la nieve ca\u00edda sobre el estadio de B\u00e9rgamo la v\u00edspera hab\u00eda llevado a aplazar a este jueves.<\/p>\n<p>\u00abTodos han comprobado lo dif\u00edcil que es el Atalanta y lo mucho que exigen. Van perdiendo 0-3 y ves que pueden ser capaces de remontar. No pod\u00edamos desmerecerles ni dejar de respetarles\u00bb, dijo tras el partido el t\u00e9cnico del Villarreal, Unai Emery.<\/p>\n<p>El \u2018Submarino Amarillo\u2019 se adelant\u00f3 pronto cuando Danjuma cabalg\u00f3 casi todo el campo contrario para plantarse en el \u00e1rea y batir de disparo entre las piernas al meta Juan Musso (3).<\/p>\n<p>El partido se pon\u00eda pronto de cara para un Villarreal al que le val\u00eda el empate para seguir a octavos, pero el tanto no arredr\u00f3 al conjunto italiano.<\/p>\n<p><strong>\u2013 Acoso italiano \u2013<\/strong><br \/>\nFiel a su estilo, el Atalanta puso velocidad e intensidad a su juego llegando con peligrosidad durante la primera media hora de juego.<\/p>\n<p>Las veloces penetraciones del colombiano Duv\u00e1n Zapata y el esloveno Josip Ilicic fueron una pesadilla para la defensa del Villarreal.<\/p>\n<p>Tras un remate de cabeza alto de Rafael Toloi (9), Remo Freuler oblig\u00f3 a volar al portero visitante Ger\u00f3nimo Rulli (16).<\/p>\n<p>El equipo espa\u00f1ol despert\u00f3 con un disparo desde la frontal de Danjuma que detuvo Musso (23).<\/p>\n<p>El delantero holand\u00e9s fue el dinamizador del juego del Villarreal, que logr\u00f3 poner algo de pausa al partido para contener al rival y aumentar su cuenta.<\/p>\n<p>En una llegada al \u00e1rea italiana, Capoue recibi\u00f3 en el \u00e1rea un bal\u00f3n de Moi G\u00f3mez para disparar en el \u00e1rea peque\u00f1a para hacer el 2-0 (42).<\/p>\n<p>El gol fue un mazazo para el Atalanta, que tras llevar buena parte de la iniciativa, ve\u00eda escaparse un poco m\u00e1s al Villarreal.<\/p>\n<p>El Atalanta volvi\u00f3 de la pausa dispuesto a empujar, pero tras apenas seis minutos de juego desde la reanudaci\u00f3n, Danjuma recibi\u00f3 en el \u00e1rea, se gir\u00f3 y dispar\u00f3 haciendo el 3-0 (51).<\/p>\n<p>El partido se pon\u00eda muy cuesta arriba para el Atalanta, que necesitaba cuatro goles para dar la vuelta al encuentro y la eliminatoria.<\/p>\n<p><strong>\u2013 Sufrimiento final \u2013<\/strong><br \/>\nPese a ir por delante, el Villarreal no se encerr\u00f3 en su \u00e1rea yendo a controlar arriba al Atalanta, que sin nada que perder se desat\u00f3 en ataque.<\/p>\n<p>Tras un disparo a la escuadra de Ruslan Malinovskiy (58) y otro al palo de Zapata (63), volvi\u00f3 aparecer el atacante ucraniano del Atalanta para soltar un duro disparo desde la frontal que se col\u00f3 en la porter\u00eda del Villarreal (70).<\/p>\n<p>El gol anim\u00f3 al conjunto italiano que intensific\u00f3 sus ataques espoleado por sus aficionados que volvieron a creer en la gesta.<\/p>\n<p>\u00abEn la segunda parte, al final, el partido estuvo de nuestro lado\u00bb, dijo el t\u00e9cnico del Atalanta, Gian Piero Gasperini.<\/p>\n<p>El Villarreal sufr\u00eda tratando de mantener lejos del \u00e1rea al equipo italiano, que en el 80 recort\u00f3 distancias cuando Zapata elev\u00f3 un bal\u00f3n sobre la salida de Rulli para hacer el 2-3.<\/p>\n<p>El tanto volvi\u00f3 a meter en el partido al Atalanta que bombarde\u00f3 la porter\u00eda de Rulli con un cabezazo de Zapata (85) y un disparo al palo de Luis Muriel (86).<\/p>\n<p>El Villarreal acab\u00f3 sufriendo y achicando balones, pero logr\u00f3 mantener su ventaja y la clasificaci\u00f3n.<\/p>\n","protected":false},"excerpt":{"rendered":"<p>AFP El Villarreal se clasific\u00f3 para los octavos de final de la Champions este jueves tras imponerse 3-2 en el campo del Atalanta, en duelo por la segunda posici\u00f3n del grupo F, que hab\u00eda&#46;&#46;&#46;<\/p>\n","protected":false},"author":110,"featured_media":8136,"comment_status":"open","ping_status":"open","sticky":false,"template":"","format":"image","meta":{"_acf_changed":false,"rop_custom_images_group":[],"rop_custom_messages_group":[],"rop_publish_now":"initial","rop_publish_now_accounts":{"facebook_10219548024599422_1632221337088128":"","twitter_242054905_242054905":""},"rop_publish_now_history":[],"rop_publish_now_status":"pending","footnotes":""},"categories":[16,676],"tags":[],"class_list":["post-8135","post","type-post","status-publish","format-image","has-post-thumbnail","hentry","category-deportes","category-futbol-internacional","post_format-post-format-image"],"acf":[],"yoast_head":"<!-- This site is optimized with the Yoast SEO Premium plugin v24.9 (Yoast SEO v27.2) - https:\/\/yoast.com\/product\/yoast-seo-premium-wordpress\/ -->\n<title>Villarreal se mete en octavos de Champions con sufrimiento - Noti-America.com<\/title>\n<meta name=\"robots\" content=\"index, follow, max-snippet:-1, max-image-preview:large, max-video-preview:-1\" \/>\n<link rel=\"canonical\" href=\"https:\/\/noti-america.com\/site\/principal\/2021\/12\/09\/villarreal-se-mete-en-octavos-de-champions-con-sufrimiento\/\" \/>\n<meta property=\"og:locale\" content=\"es_ES\" \/>\n<meta property=\"og:type\" content=\"article\" \/>\n<meta property=\"og:title\" content=\"Villarreal se mete en octavos de Champions con sufrimiento\" \/>\n<meta property=\"og:description\" content=\"AFP El Villarreal se clasific\u00f3 para los octavos de final de la Champions este jueves tras imponerse 3-2 en el campo del Atalanta, en duelo por la segunda posici\u00f3n del grupo F, que hab\u00eda&#046;&#046;&#046;\" \/>\n<meta property=\"og:url\" content=\"https:\/\/noti-america.com\/site\/principal\/2021\/12\/09\/villarreal-se-mete-en-octavos-de-champions-con-sufrimiento\/\" \/>\n<meta property=\"og:site_name\" content=\"Noti-America.com\" \/>\n<meta property=\"article:published_time\" content=\"2021-12-10T03:36:15+00:00\" \/>\n<meta property=\"og:image\" content=\"https:\/\/noti-america.com\/site\/principal\/wp-content\/uploads\/sites\/26\/2021\/12\/villareal-e1639086459784.jpg\" \/>\n\t<meta property=\"og:image:width\" content=\"1000\" \/>\n\t<meta property=\"og:image:height\" content=\"600\" \/>\n\t<meta property=\"og:image:type\" content=\"image\/jpeg\" \/>\n<meta name=\"author\" content=\"Pedro Suazo\" \/>\n<meta name=\"twitter:card\" content=\"summary_large_image\" \/>\n<meta name=\"twitter:creator\" content=\"@pietrosuazo\" \/>\n<meta name=\"twitter:label1\" content=\"Escrito por\" \/>\n\t<meta name=\"twitter:data1\" content=\"Pedro Suazo\" \/>\n\t<meta name=\"twitter:label2\" content=\"Tiempo estimado de lectura\" \/>\n\t<meta name=\"twitter:data2\" content=\"3 minutos\" \/>\n<script type=\"application\/ld+json\" class=\"yoast-schema-graph\">{\"@context\":\"https:\/\/schema.org\",\"@graph\":[{\"@type\":\"Article\",\"@id\":\"https:\/\/noti-america.com\/site\/principal\/2021\/12\/09\/villarreal-se-mete-en-octavos-de-champions-con-sufrimiento\/#article\",\"isPartOf\":{\"@id\":\"https:\/\/noti-america.com\/site\/principal\/2021\/12\/09\/villarreal-se-mete-en-octavos-de-champions-con-sufrimiento\/\"},\"author\":{\"name\":\"Pedro Suazo\",\"@id\":\"https:\/\/noti-america.com\/site\/principal\/#\/schema\/person\/9b873cf7fcc4c751d1816d2e4235f9ca\"},\"headline\":\"Villarreal se mete en octavos de Champions con sufrimiento\",\"datePublished\":\"2021-12-10T03:36:15+00:00\",\"mainEntityOfPage\":{\"@id\":\"https:\/\/noti-america.com\/site\/principal\/2021\/12\/09\/villarreal-se-mete-en-octavos-de-champions-con-sufrimiento\/\"},\"wordCount\":672,\"commentCount\":0,\"image\":{\"@id\":\"https:\/\/noti-america.com\/site\/principal\/2021\/12\/09\/villarreal-se-mete-en-octavos-de-champions-con-sufrimiento\/#primaryimage\"},\"thumbnailUrl\":\"https:\/\/noti-america.com\/site\/principal\/wp-content\/uploads\/sites\/26\/2021\/12\/villareal-e1639086459784.jpg\",\"articleSection\":[\"Deportes\",\"Futbol Internacional\"],\"inLanguage\":\"es\",\"potentialAction\":[{\"@type\":\"CommentAction\",\"name\":\"Comment\",\"target\":[\"https:\/\/noti-america.com\/site\/principal\/2021\/12\/09\/villarreal-se-mete-en-octavos-de-champions-con-sufrimiento\/#respond\"]}]},{\"@type\":\"WebPage\",\"@id\":\"https:\/\/noti-america.com\/site\/principal\/2021\/12\/09\/villarreal-se-mete-en-octavos-de-champions-con-sufrimiento\/\",\"url\":\"https:\/\/noti-america.com\/site\/principal\/2021\/12\/09\/villarreal-se-mete-en-octavos-de-champions-con-sufrimiento\/\",\"name\":\"Villarreal se mete en octavos de Champions con sufrimiento - Noti-America.com\",\"isPartOf\":{\"@id\":\"https:\/\/noti-america.com\/site\/principal\/#website\"},\"primaryImageOfPage\":{\"@id\":\"https:\/\/noti-america.com\/site\/principal\/2021\/12\/09\/villarreal-se-mete-en-octavos-de-champions-con-sufrimiento\/#primaryimage\"},\"image\":{\"@id\":\"https:\/\/noti-america.com\/site\/principal\/2021\/12\/09\/villarreal-se-mete-en-octavos-de-champions-con-sufrimiento\/#primaryimage\"},\"thumbnailUrl\":\"https:\/\/noti-america.com\/site\/principal\/wp-content\/uploads\/sites\/26\/2021\/12\/villareal-e1639086459784.jpg\",\"datePublished\":\"2021-12-10T03:36:15+00:00\",\"author\":{\"@id\":\"https:\/\/noti-america.com\/site\/principal\/#\/schema\/person\/9b873cf7fcc4c751d1816d2e4235f9ca\"},\"breadcrumb\":{\"@id\":\"https:\/\/noti-america.com\/site\/principal\/2021\/12\/09\/villarreal-se-mete-en-octavos-de-champions-con-sufrimiento\/#breadcrumb\"},\"inLanguage\":\"es\",\"potentialAction\":[{\"@type\":\"ReadAction\",\"target\":[\"https:\/\/noti-america.com\/site\/principal\/2021\/12\/09\/villarreal-se-mete-en-octavos-de-champions-con-sufrimiento\/\"]}]},{\"@type\":\"ImageObject\",\"inLanguage\":\"es\",\"@id\":\"https:\/\/noti-america.com\/site\/principal\/2021\/12\/09\/villarreal-se-mete-en-octavos-de-champions-con-sufrimiento\/#primaryimage\",\"url\":\"https:\/\/noti-america.com\/site\/principal\/wp-content\/uploads\/sites\/26\/2021\/12\/villareal-e1639086459784.jpg\",\"contentUrl\":\"https:\/\/noti-america.com\/site\/principal\/wp-content\/uploads\/sites\/26\/2021\/12\/villareal-e1639086459784.jpg\",\"width\":1000,\"height\":600},{\"@type\":\"BreadcrumbList\",\"@id\":\"https:\/\/noti-america.com\/site\/principal\/2021\/12\/09\/villarreal-se-mete-en-octavos-de-champions-con-sufrimiento\/#breadcrumb\",\"itemListElement\":[{\"@type\":\"ListItem\",\"position\":1,\"name\":\"Portada\",\"item\":\"https:\/\/noti-america.com\/site\/principal\/\"},{\"@type\":\"ListItem\",\"position\":2,\"name\":\"Villarreal se mete en octavos de Champions con sufrimiento\"}]},{\"@type\":\"WebSite\",\"@id\":\"https:\/\/noti-america.com\/site\/principal\/#website\",\"url\":\"https:\/\/noti-america.com\/site\/principal\/\",\"name\":\"Noti-America.com\",\"description\":\"El Noticiero Digital M\u00e1s Grande de Am\u00e9rica\",\"potentialAction\":[{\"@type\":\"SearchAction\",\"target\":{\"@type\":\"EntryPoint\",\"urlTemplate\":\"https:\/\/noti-america.com\/site\/principal\/?s={search_term_string}\"},\"query-input\":{\"@type\":\"PropertyValueSpecification\",\"valueRequired\":true,\"valueName\":\"search_term_string\"}}],\"inLanguage\":\"es\"},{\"@type\":\"Person\",\"@id\":\"https:\/\/noti-america.com\/site\/principal\/#\/schema\/person\/9b873cf7fcc4c751d1816d2e4235f9ca\",\"name\":\"Pedro Suazo\",\"image\":{\"@type\":\"ImageObject\",\"inLanguage\":\"es\",\"@id\":\"https:\/\/secure.gravatar.com\/avatar\/e46d552e8754c06a5c223a4629954b950dd8c6721a566907dc0566c817fa5cb7?s=96&d=mm&r=g\",\"url\":\"https:\/\/secure.gravatar.com\/avatar\/e46d552e8754c06a5c223a4629954b950dd8c6721a566907dc0566c817fa5cb7?s=96&d=mm&r=g\",\"contentUrl\":\"https:\/\/secure.gravatar.com\/avatar\/e46d552e8754c06a5c223a4629954b950dd8c6721a566907dc0566c817fa5cb7?s=96&d=mm&r=g\",\"caption\":\"Pedro Suazo\"},\"description\":\"Especialista en Informatica Administrativa con experiencia en noticias Deportivas y Desarrollo de P\u00e1ginas Web para Periodicos Digitales, Radios y Tv Online. Webmaster Noti-America Honduras\",\"sameAs\":[\"https:\/\/x.com\/pietrosuazo\"],\"url\":\"https:\/\/noti-america.com\/site\/principal\/author\/psuazo\/\"}]}<\/script>\n<!-- \/ Yoast SEO Premium plugin. -->","yoast_head_json":{"title":"Villarreal se mete en octavos de Champions con sufrimiento - Noti-America.com","robots":{"index":"index","follow":"follow","max-snippet":"max-snippet:-1","max-image-preview":"max-image-preview:large","max-video-preview":"max-video-preview:-1"},"canonical":"https:\/\/noti-america.com\/site\/principal\/2021\/12\/09\/villarreal-se-mete-en-octavos-de-champions-con-sufrimiento\/","og_locale":"es_ES","og_type":"article","og_title":"Villarreal se mete en octavos de Champions con sufrimiento","og_description":"AFP El Villarreal se clasific\u00f3 para los octavos de final de la Champions este jueves tras imponerse 3-2 en el campo del Atalanta, en duelo por la segunda posici\u00f3n del grupo F, que hab\u00eda&#46;&#46;&#46;","og_url":"https:\/\/noti-america.com\/site\/principal\/2021\/12\/09\/villarreal-se-mete-en-octavos-de-champions-con-sufrimiento\/","og_site_name":"Noti-America.com","article_published_time":"2021-12-10T03:36:15+00:00","og_image":[{"width":1000,"height":600,"url":"https:\/\/noti-america.com\/site\/principal\/wp-content\/uploads\/sites\/26\/2021\/12\/villareal-e1639086459784.jpg","type":"image\/jpeg"}],"author":"Pedro Suazo","twitter_card":"summary_large_image","twitter_creator":"@pietrosuazo","twitter_misc":{"Escrito por":"Pedro Suazo","Tiempo estimado de lectura":"3 minutos"},"schema":{"@context":"https:\/\/schema.org","@graph":[{"@type":"Article","@id":"https:\/\/noti-america.com\/site\/principal\/2021\/12\/09\/villarreal-se-mete-en-octavos-de-champions-con-sufrimiento\/#article","isPartOf":{"@id":"https:\/\/noti-america.com\/site\/principal\/2021\/12\/09\/villarreal-se-mete-en-octavos-de-champions-con-sufrimiento\/"},"author":{"name":"Pedro Suazo","@id":"https:\/\/noti-america.com\/site\/principal\/#\/schema\/person\/9b873cf7fcc4c751d1816d2e4235f9ca"},"headline":"Villarreal se mete en octavos de Champions con sufrimiento","datePublished":"2021-12-10T03:36:15+00:00","mainEntityOfPage":{"@id":"https:\/\/noti-america.com\/site\/principal\/2021\/12\/09\/villarreal-se-mete-en-octavos-de-champions-con-sufrimiento\/"},"wordCount":672,"commentCount":0,"image":{"@id":"https:\/\/noti-america.com\/site\/principal\/2021\/12\/09\/villarreal-se-mete-en-octavos-de-champions-con-sufrimiento\/#primaryimage"},"thumbnailUrl":"https:\/\/noti-america.com\/site\/principal\/wp-content\/uploads\/sites\/26\/2021\/12\/villareal-e1639086459784.jpg","articleSection":["Deportes","Futbol Internacional"],"inLanguage":"es","potentialAction":[{"@type":"CommentAction","name":"Comment","target":["https:\/\/noti-america.com\/site\/principal\/2021\/12\/09\/villarreal-se-mete-en-octavos-de-champions-con-sufrimiento\/#respond"]}]},{"@type":"WebPage","@id":"https:\/\/noti-america.com\/site\/principal\/2021\/12\/09\/villarreal-se-mete-en-octavos-de-champions-con-sufrimiento\/","url":"https:\/\/noti-america.com\/site\/principal\/2021\/12\/09\/villarreal-se-mete-en-octavos-de-champions-con-sufrimiento\/","name":"Villarreal se mete en octavos de Champions con sufrimiento - Noti-America.com","isPartOf":{"@id":"https:\/\/noti-america.com\/site\/principal\/#website"},"primaryImageOfPage":{"@id":"https:\/\/noti-america.com\/site\/principal\/2021\/12\/09\/villarreal-se-mete-en-octavos-de-champions-con-sufrimiento\/#primaryimage"},"image":{"@id":"https:\/\/noti-america.com\/site\/principal\/2021\/12\/09\/villarreal-se-mete-en-octavos-de-champions-con-sufrimiento\/#primaryimage"},"thumbnailUrl":"https:\/\/noti-america.com\/site\/principal\/wp-content\/uploads\/sites\/26\/2021\/12\/villareal-e1639086459784.jpg","datePublished":"2021-12-10T03:36:15+00:00","author":{"@id":"https:\/\/noti-america.com\/site\/principal\/#\/schema\/person\/9b873cf7fcc4c751d1816d2e4235f9ca"},"breadcrumb":{"@id":"https:\/\/noti-america.com\/site\/principal\/2021\/12\/09\/villarreal-se-mete-en-octavos-de-champions-con-sufrimiento\/#breadcrumb"},"inLanguage":"es","potentialAction":[{"@type":"ReadAction","target":["https:\/\/noti-america.com\/site\/principal\/2021\/12\/09\/villarreal-se-mete-en-octavos-de-champions-con-sufrimiento\/"]}]},{"@type":"ImageObject","inLanguage":"es","@id":"https:\/\/noti-america.com\/site\/principal\/2021\/12\/09\/villarreal-se-mete-en-octavos-de-champions-con-sufrimiento\/#primaryimage","url":"https:\/\/noti-america.com\/site\/principal\/wp-content\/uploads\/sites\/26\/2021\/12\/villareal-e1639086459784.jpg","contentUrl":"https:\/\/noti-america.com\/site\/principal\/wp-content\/uploads\/sites\/26\/2021\/12\/villareal-e1639086459784.jpg","width":1000,"height":600},{"@type":"BreadcrumbList","@id":"https:\/\/noti-america.com\/site\/principal\/2021\/12\/09\/villarreal-se-mete-en-octavos-de-champions-con-sufrimiento\/#breadcrumb","itemListElement":[{"@type":"ListItem","position":1,"name":"Portada","item":"https:\/\/noti-america.com\/site\/principal\/"},{"@type":"ListItem","position":2,"name":"Villarreal se mete en octavos de Champions con sufrimiento"}]},{"@type":"WebSite","@id":"https:\/\/noti-america.com\/site\/principal\/#website","url":"https:\/\/noti-america.com\/site\/principal\/","name":"Noti-America.com","description":"El Noticiero Digital M\u00e1s Grande de Am\u00e9rica","potentialAction":[{"@type":"SearchAction","target":{"@type":"EntryPoint","urlTemplate":"https:\/\/noti-america.com\/site\/principal\/?s={search_term_string}"},"query-input":{"@type":"PropertyValueSpecification","valueRequired":true,"valueName":"search_term_string"}}],"inLanguage":"es"},{"@type":"Person","@id":"https:\/\/noti-america.com\/site\/principal\/#\/schema\/person\/9b873cf7fcc4c751d1816d2e4235f9ca","name":"Pedro Suazo","image":{"@type":"ImageObject","inLanguage":"es","@id":"https:\/\/secure.gravatar.com\/avatar\/e46d552e8754c06a5c223a4629954b950dd8c6721a566907dc0566c817fa5cb7?s=96&d=mm&r=g","url":"https:\/\/secure.gravatar.com\/avatar\/e46d552e8754c06a5c223a4629954b950dd8c6721a566907dc0566c817fa5cb7?s=96&d=mm&r=g","contentUrl":"https:\/\/secure.gravatar.com\/avatar\/e46d552e8754c06a5c223a4629954b950dd8c6721a566907dc0566c817fa5cb7?s=96&d=mm&r=g","caption":"Pedro Suazo"},"description":"Especialista en Informatica Administrativa con experiencia en noticias Deportivas y Desarrollo de P\u00e1ginas Web para Periodicos Digitales, Radios y Tv Online. Webmaster Noti-America Honduras","sameAs":["https:\/\/x.com\/pietrosuazo"],"url":"https:\/\/noti-america.com\/site\/principal\/author\/psuazo\/"}]}},"_links":{"self":[{"href":"https:\/\/noti-america.com\/site\/principal\/wp-json\/wp\/v2\/posts\/8135","targetHints":{"allow":["GET"]}}],"collection":[{"href":"https:\/\/noti-america.com\/site\/principal\/wp-json\/wp\/v2\/posts"}],"about":[{"href":"https:\/\/noti-america.com\/site\/principal\/wp-json\/wp\/v2\/types\/post"}],"author":[{"embeddable":true,"href":"https:\/\/noti-america.com\/site\/principal\/wp-json\/wp\/v2\/users\/110"}],"replies":[{"embeddable":true,"href":"https:\/\/noti-america.com\/site\/principal\/wp-json\/wp\/v2\/comments?post=8135"}],"version-history":[{"count":0,"href":"https:\/\/noti-america.com\/site\/principal\/wp-json\/wp\/v2\/posts\/8135\/revisions"}],"wp:featuredmedia":[{"embeddable":true,"href":"https:\/\/noti-america.com\/site\/principal\/wp-json\/wp\/v2\/media\/8136"}],"wp:attachment":[{"href":"https:\/\/noti-america.com\/site\/principal\/wp-json\/wp\/v2\/media?parent=8135"}],"wp:term":[{"taxonomy":"category","embeddable":true,"href":"https:\/\/noti-america.com\/site\/principal\/wp-json\/wp\/v2\/categories?post=8135"},{"taxonomy":"post_tag","embeddable":true,"href":"https:\/\/noti-america.com\/site\/principal\/wp-json\/wp\/v2\/tags?post=8135"}],"curies":[{"name":"wp","href":"https:\/\/api.w.org\/{rel}","templated":true}]}}