{"id":8114,"date":"2021-12-09T16:51:03","date_gmt":"2021-12-09T20:51:03","guid":{"rendered":"https:\/\/noti-america.com\/site\/principal\/?p=8114"},"modified":"2021-12-09T16:51:03","modified_gmt":"2021-12-09T20:51:03","slug":"la-caja-de-herramientas-electricas-que-no-debe-faltar-en-casa","status":"publish","type":"post","link":"https:\/\/noti-america.com\/site\/principal\/2021\/12\/09\/la-caja-de-herramientas-electricas-que-no-debe-faltar-en-casa\/","title":{"rendered":"La caja de herramientas el\u00e9ctricas que no debe faltar en casa"},"content":{"rendered":"<p style=\"text-align: justify;\">Nota de Prensa<\/p>\n<p class=\"v1MsoNormal\" style=\"text-align: justify;\"><span lang=\"ES\">Que la Navidad no te vuelva a sorprender sin el teipe, protectores, conectores o bombillos recargables<\/span><\/p>\n<p class=\"v1MsoNormal\" style=\"text-align: justify;\"><span lang=\"ES\">Las fluctuaciones el\u00e9ctricas, las fallas de cableado, las propias necesidades de colocar las extensiones para las luces del arbolito de Navidad; tener que empatar cables o simplemente cargar tu tel\u00e9fono y no contar con conectores disponibles en casa, son circunstancias recurrentes, \u00a0y m\u00e1s en \u00e9pocas decembrinas; de all\u00ed lo importante de contar con una \u00abcajita de auxilio el\u00e9ctrico\u00bb que reduzca esta presi\u00f3n familiar.<\/span><\/p>\n<p class=\"v1MsoNormal\" style=\"text-align: justify;\"><span lang=\"ES\">Y es que, no importa si es en casa o en la oficina, estas circunstancias pueden ser recurrentes; de all\u00ed, la consulta con expertos en productos el\u00e9ctricos y de iluminaci\u00f3n, para saber qu\u00e9 debe contener esa caja de primeros auxilios el\u00e9ctricos.<\/span><\/p>\n<p class=\"v1MsoNormal\" style=\"text-align: justify;\"><span lang=\"ES\">Danny Montero, gerente de ventas de la empresa venezolana de productos el\u00e9ctricos e iluminaci\u00f3n Pickens, organizaci\u00f3n con m\u00e1s de 17 a\u00f1os en el mercado, sabe lo que se necesita dentro de casa para evitar estos problemas. \u00abLo primero que debes tener en esa caja es la cinta aislante que conocemos como teipe, pues se necesita para entorchar cualquier cableado. Lo interesante de nuestro producto Pickens, de 10 o de 20 metros, es que no propaga el fuego ante un corto, se auto consume. Es un art\u00edculo indispensable en el hogar\u00bb<\/span><\/p>\n<p class=\"v1MsoNormal\" style=\"text-align: justify;\"><b><span lang=\"ES\">Protectores de Voltaje<\/span><\/b><\/p>\n<p class=\"v1MsoNormal\" style=\"text-align: justify;\"><span lang=\"ES\">El confort en casa tambi\u00e9n se relaciona con el buen funcionamiento de equipos, tales como televisores, neveras, aires acondicionados, videojuegos, computadoras y refrigeraci\u00f3n, entre otros. De all\u00ed, la importancia de proteger todos sus microcomponentes, ante las fallas el\u00e9ctricas.<\/span><\/p>\n<p class=\"v1MsoNormal\" style=\"text-align: justify;\"><span lang=\"ES\">Detalla Montero que, para resguardar estos aparatos, es necesario contar con protectores de voltaje, que vienen con 2 o 3 tomas y con dos puertos USB, con los cuales se puede proteger varios equipos y a la vez cargar el tel\u00e9fono o la Tablet sin problema.<\/span><\/p>\n<p class=\"v1MsoNormal\" style=\"text-align: justify;\"><span lang=\"ES\">\u00abUna regleta no protege los equipos que conectes, en cambio un protector de voltaje Pickens, con garant\u00eda de 5 a\u00f1os, te permite m\u00faltiples enchufes, para resguardar desde tu televisor, la laptop, los tel\u00e9fonos que pongas a cargar, hasta las luces del arbolito\u00bb.<\/span><\/p>\n<p class=\"v1MsoNormal\" style=\"text-align: justify;\"><span lang=\"ES\">El bombillo recargable es otro de los elementos que debe estar presente en la \u00abcaja de primeros auxilios el\u00e9ctricos\u00bb, pues es el gran aliado en los momentos en que nos quedamos sin electricidad.<\/span><\/p>\n<p class=\"v1MsoNormal\" style=\"text-align: justify;\"><span lang=\"ES\">\u00a0\u00abEs un equipo indispensable ante las fallas de electricidad que nos dejan a oscuras. El bombillo recargable de Pickens dura en funcionamiento entre 4 a 5 horas, es el \u00fanico en el pa\u00eds con indicador de carga, puedes graduarlo a full intensidad, a baja o mediante sistema de alarma, que es una luz intermitente. Adem\u00e1s, es de carga r\u00e1pida de 2 a 3 horas, y puedes guardarlo varios d\u00edas y mantiene su carga. Viene con su cable de USB para recargar y hoy m\u00e1s que nunca no debe faltar en casa, pues adem\u00e1s lo puedes llevar a donde necesites\u00bb.<\/span><\/p>\n<p class=\"v1MsoNormal\" style=\"text-align: justify;\"><span lang=\"ES\">Completando la lista de los elementos infaltables en la \u00abcaja de auxilio\u00bb se incluye un \u00a0tomacorriente tradicional, con conector a USB, lo que permite mayor comodidad a la familia y a visitantes, a la hora de cargar sus celulares o Tablet. Y, por \u00faltimo, un conector macho y hembra que, en el caso de las luces navide\u00f1as resulta muy necesario al momento de interconectar las extensiones del arbolito de navidad.<\/span><\/p>\n<p class=\"v1MsoNormal\" style=\"text-align: justify;\"><span lang=\"ES\">Para conocer m\u00e1s del portafolio de Pickens pueden seguirlos en Instagram como @pickensexport o en su p\u00e1gina\u00a0<a href=\"http:\/\/www.pickensexport.com\/\" target=\"_blank\" rel=\"noopener noreferrer\">www.pickensexport.com<\/a><\/span><\/p>\n","protected":false},"excerpt":{"rendered":"<p>Nota de Prensa Que la Navidad no te vuelva a sorprender sin el teipe, protectores, conectores o bombillos recargables Las fluctuaciones el\u00e9ctricas, las fallas de cableado, las propias necesidades de colocar las extensiones para&#46;&#46;&#46;<\/p>\n","protected":false},"author":1,"featured_media":8115,"comment_status":"open","ping_status":"open","sticky":false,"template":"","format":"image","meta":{"_acf_changed":false,"rop_custom_images_group":[],"rop_custom_messages_group":[],"rop_publish_now":"initial","rop_publish_now_accounts":{"facebook_10219548024599422_1632221337088128":"","twitter_242054905_242054905":""},"rop_publish_now_history":[],"rop_publish_now_status":"pending","footnotes":""},"categories":[663],"tags":[],"class_list":["post-8114","post","type-post","status-publish","format-image","has-post-thumbnail","hentry","category-actualidad","post_format-post-format-image"],"acf":[],"yoast_head":"<!-- This site is optimized with the Yoast SEO Premium plugin v24.9 (Yoast SEO v27.2) - https:\/\/yoast.com\/product\/yoast-seo-premium-wordpress\/ -->\n<title>La caja de herramientas el\u00e9ctricas que no debe faltar en casa - Noti-America.com<\/title>\n<meta name=\"robots\" content=\"index, follow, max-snippet:-1, max-image-preview:large, max-video-preview:-1\" \/>\n<link rel=\"canonical\" href=\"https:\/\/noti-america.com\/site\/principal\/2021\/12\/09\/la-caja-de-herramientas-electricas-que-no-debe-faltar-en-casa\/\" \/>\n<meta property=\"og:locale\" content=\"es_ES\" \/>\n<meta property=\"og:type\" content=\"article\" \/>\n<meta property=\"og:title\" content=\"La caja de herramientas el\u00e9ctricas que no debe faltar en casa\" \/>\n<meta property=\"og:description\" content=\"Nota de Prensa Que la Navidad no te vuelva a sorprender sin el teipe, protectores, conectores o bombillos recargables Las fluctuaciones el\u00e9ctricas, las fallas de cableado, las propias necesidades de colocar las extensiones para&#046;&#046;&#046;\" \/>\n<meta property=\"og:url\" content=\"https:\/\/noti-america.com\/site\/principal\/2021\/12\/09\/la-caja-de-herramientas-electricas-que-no-debe-faltar-en-casa\/\" \/>\n<meta property=\"og:site_name\" content=\"Noti-America.com\" \/>\n<meta property=\"article:published_time\" content=\"2021-12-09T20:51:03+00:00\" \/>\n<meta property=\"og:image\" content=\"https:\/\/noti-america.com\/site\/principal\/wp-content\/uploads\/sites\/26\/2021\/12\/Arreglos-electricos-scaled.jpg\" \/>\n\t<meta property=\"og:image:width\" content=\"2560\" \/>\n\t<meta property=\"og:image:height\" content=\"1688\" \/>\n\t<meta property=\"og:image:type\" content=\"image\/jpeg\" \/>\n<meta name=\"author\" content=\"Rosmer Herrera\" \/>\n<meta name=\"twitter:card\" content=\"summary_large_image\" \/>\n<meta name=\"twitter:label1\" content=\"Escrito por\" \/>\n\t<meta name=\"twitter:data1\" content=\"Rosmer Herrera\" \/>\n\t<meta name=\"twitter:label2\" content=\"Tiempo estimado de lectura\" \/>\n\t<meta name=\"twitter:data2\" content=\"3 minutos\" \/>\n<script type=\"application\/ld+json\" class=\"yoast-schema-graph\">{\"@context\":\"https:\/\/schema.org\",\"@graph\":[{\"@type\":\"Article\",\"@id\":\"https:\/\/noti-america.com\/site\/principal\/2021\/12\/09\/la-caja-de-herramientas-electricas-que-no-debe-faltar-en-casa\/#article\",\"isPartOf\":{\"@id\":\"https:\/\/noti-america.com\/site\/principal\/2021\/12\/09\/la-caja-de-herramientas-electricas-que-no-debe-faltar-en-casa\/\"},\"author\":{\"name\":\"Rosmer Herrera\",\"@id\":\"https:\/\/noti-america.com\/site\/principal\/#\/schema\/person\/fd58dbfb92a257e9dc5761bf69a855ff\"},\"headline\":\"La caja de herramientas el\u00e9ctricas que no debe faltar en casa\",\"datePublished\":\"2021-12-09T20:51:03+00:00\",\"mainEntityOfPage\":{\"@id\":\"https:\/\/noti-america.com\/site\/principal\/2021\/12\/09\/la-caja-de-herramientas-electricas-que-no-debe-faltar-en-casa\/\"},\"wordCount\":598,\"commentCount\":0,\"image\":{\"@id\":\"https:\/\/noti-america.com\/site\/principal\/2021\/12\/09\/la-caja-de-herramientas-electricas-que-no-debe-faltar-en-casa\/#primaryimage\"},\"thumbnailUrl\":\"https:\/\/noti-america.com\/site\/principal\/wp-content\/uploads\/sites\/26\/2021\/12\/Arreglos-electricos-scaled.jpg\",\"articleSection\":[\"Actualidad\"],\"inLanguage\":\"es\",\"potentialAction\":[{\"@type\":\"CommentAction\",\"name\":\"Comment\",\"target\":[\"https:\/\/noti-america.com\/site\/principal\/2021\/12\/09\/la-caja-de-herramientas-electricas-que-no-debe-faltar-en-casa\/#respond\"]}]},{\"@type\":\"WebPage\",\"@id\":\"https:\/\/noti-america.com\/site\/principal\/2021\/12\/09\/la-caja-de-herramientas-electricas-que-no-debe-faltar-en-casa\/\",\"url\":\"https:\/\/noti-america.com\/site\/principal\/2021\/12\/09\/la-caja-de-herramientas-electricas-que-no-debe-faltar-en-casa\/\",\"name\":\"La caja de herramientas el\u00e9ctricas que no debe faltar en casa - Noti-America.com\",\"isPartOf\":{\"@id\":\"https:\/\/noti-america.com\/site\/principal\/#website\"},\"primaryImageOfPage\":{\"@id\":\"https:\/\/noti-america.com\/site\/principal\/2021\/12\/09\/la-caja-de-herramientas-electricas-que-no-debe-faltar-en-casa\/#primaryimage\"},\"image\":{\"@id\":\"https:\/\/noti-america.com\/site\/principal\/2021\/12\/09\/la-caja-de-herramientas-electricas-que-no-debe-faltar-en-casa\/#primaryimage\"},\"thumbnailUrl\":\"https:\/\/noti-america.com\/site\/principal\/wp-content\/uploads\/sites\/26\/2021\/12\/Arreglos-electricos-scaled.jpg\",\"datePublished\":\"2021-12-09T20:51:03+00:00\",\"author\":{\"@id\":\"https:\/\/noti-america.com\/site\/principal\/#\/schema\/person\/fd58dbfb92a257e9dc5761bf69a855ff\"},\"breadcrumb\":{\"@id\":\"https:\/\/noti-america.com\/site\/principal\/2021\/12\/09\/la-caja-de-herramientas-electricas-que-no-debe-faltar-en-casa\/#breadcrumb\"},\"inLanguage\":\"es\",\"potentialAction\":[{\"@type\":\"ReadAction\",\"target\":[\"https:\/\/noti-america.com\/site\/principal\/2021\/12\/09\/la-caja-de-herramientas-electricas-que-no-debe-faltar-en-casa\/\"]}]},{\"@type\":\"ImageObject\",\"inLanguage\":\"es\",\"@id\":\"https:\/\/noti-america.com\/site\/principal\/2021\/12\/09\/la-caja-de-herramientas-electricas-que-no-debe-faltar-en-casa\/#primaryimage\",\"url\":\"https:\/\/noti-america.com\/site\/principal\/wp-content\/uploads\/sites\/26\/2021\/12\/Arreglos-electricos-scaled.jpg\",\"contentUrl\":\"https:\/\/noti-america.com\/site\/principal\/wp-content\/uploads\/sites\/26\/2021\/12\/Arreglos-electricos-scaled.jpg\",\"width\":2560,\"height\":1688,\"caption\":\"Woman fixing the plug\"},{\"@type\":\"BreadcrumbList\",\"@id\":\"https:\/\/noti-america.com\/site\/principal\/2021\/12\/09\/la-caja-de-herramientas-electricas-que-no-debe-faltar-en-casa\/#breadcrumb\",\"itemListElement\":[{\"@type\":\"ListItem\",\"position\":1,\"name\":\"Portada\",\"item\":\"https:\/\/noti-america.com\/site\/principal\/\"},{\"@type\":\"ListItem\",\"position\":2,\"name\":\"La caja de herramientas el\u00e9ctricas que no debe faltar en casa\"}]},{\"@type\":\"WebSite\",\"@id\":\"https:\/\/noti-america.com\/site\/principal\/#website\",\"url\":\"https:\/\/noti-america.com\/site\/principal\/\",\"name\":\"Noti-America.com\",\"description\":\"El Noticiero Digital M\u00e1s Grande de Am\u00e9rica\",\"potentialAction\":[{\"@type\":\"SearchAction\",\"target\":{\"@type\":\"EntryPoint\",\"urlTemplate\":\"https:\/\/noti-america.com\/site\/principal\/?s={search_term_string}\"},\"query-input\":{\"@type\":\"PropertyValueSpecification\",\"valueRequired\":true,\"valueName\":\"search_term_string\"}}],\"inLanguage\":\"es\"},{\"@type\":\"Person\",\"@id\":\"https:\/\/noti-america.com\/site\/principal\/#\/schema\/person\/fd58dbfb92a257e9dc5761bf69a855ff\",\"name\":\"Rosmer Herrera\",\"image\":{\"@type\":\"ImageObject\",\"inLanguage\":\"es\",\"@id\":\"https:\/\/secure.gravatar.com\/avatar\/153e75c261394dbf20ff1a1e70ea2be9494f2b40b7fc4e7704084db13220ae08?s=96&d=mm&r=g\",\"url\":\"https:\/\/secure.gravatar.com\/avatar\/153e75c261394dbf20ff1a1e70ea2be9494f2b40b7fc4e7704084db13220ae08?s=96&d=mm&r=g\",\"contentUrl\":\"https:\/\/secure.gravatar.com\/avatar\/153e75c261394dbf20ff1a1e70ea2be9494f2b40b7fc4e7704084db13220ae08?s=96&d=mm&r=g\",\"caption\":\"Rosmer Herrera\"},\"url\":\"https:\/\/noti-america.com\/site\/principal\/author\/rosmer33\/\"}]}<\/script>\n<!-- \/ Yoast SEO Premium plugin. -->","yoast_head_json":{"title":"La caja de herramientas el\u00e9ctricas que no debe faltar en casa - Noti-America.com","robots":{"index":"index","follow":"follow","max-snippet":"max-snippet:-1","max-image-preview":"max-image-preview:large","max-video-preview":"max-video-preview:-1"},"canonical":"https:\/\/noti-america.com\/site\/principal\/2021\/12\/09\/la-caja-de-herramientas-electricas-que-no-debe-faltar-en-casa\/","og_locale":"es_ES","og_type":"article","og_title":"La caja de herramientas el\u00e9ctricas que no debe faltar en casa","og_description":"Nota de Prensa Que la Navidad no te vuelva a sorprender sin el teipe, protectores, conectores o bombillos recargables Las fluctuaciones el\u00e9ctricas, las fallas de cableado, las propias necesidades de colocar las extensiones para&#46;&#46;&#46;","og_url":"https:\/\/noti-america.com\/site\/principal\/2021\/12\/09\/la-caja-de-herramientas-electricas-que-no-debe-faltar-en-casa\/","og_site_name":"Noti-America.com","article_published_time":"2021-12-09T20:51:03+00:00","og_image":[{"width":2560,"height":1688,"url":"https:\/\/noti-america.com\/site\/principal\/wp-content\/uploads\/sites\/26\/2021\/12\/Arreglos-electricos-scaled.jpg","type":"image\/jpeg"}],"author":"Rosmer Herrera","twitter_card":"summary_large_image","twitter_misc":{"Escrito por":"Rosmer Herrera","Tiempo estimado de lectura":"3 minutos"},"schema":{"@context":"https:\/\/schema.org","@graph":[{"@type":"Article","@id":"https:\/\/noti-america.com\/site\/principal\/2021\/12\/09\/la-caja-de-herramientas-electricas-que-no-debe-faltar-en-casa\/#article","isPartOf":{"@id":"https:\/\/noti-america.com\/site\/principal\/2021\/12\/09\/la-caja-de-herramientas-electricas-que-no-debe-faltar-en-casa\/"},"author":{"name":"Rosmer Herrera","@id":"https:\/\/noti-america.com\/site\/principal\/#\/schema\/person\/fd58dbfb92a257e9dc5761bf69a855ff"},"headline":"La caja de herramientas el\u00e9ctricas que no debe faltar en casa","datePublished":"2021-12-09T20:51:03+00:00","mainEntityOfPage":{"@id":"https:\/\/noti-america.com\/site\/principal\/2021\/12\/09\/la-caja-de-herramientas-electricas-que-no-debe-faltar-en-casa\/"},"wordCount":598,"commentCount":0,"image":{"@id":"https:\/\/noti-america.com\/site\/principal\/2021\/12\/09\/la-caja-de-herramientas-electricas-que-no-debe-faltar-en-casa\/#primaryimage"},"thumbnailUrl":"https:\/\/noti-america.com\/site\/principal\/wp-content\/uploads\/sites\/26\/2021\/12\/Arreglos-electricos-scaled.jpg","articleSection":["Actualidad"],"inLanguage":"es","potentialAction":[{"@type":"CommentAction","name":"Comment","target":["https:\/\/noti-america.com\/site\/principal\/2021\/12\/09\/la-caja-de-herramientas-electricas-que-no-debe-faltar-en-casa\/#respond"]}]},{"@type":"WebPage","@id":"https:\/\/noti-america.com\/site\/principal\/2021\/12\/09\/la-caja-de-herramientas-electricas-que-no-debe-faltar-en-casa\/","url":"https:\/\/noti-america.com\/site\/principal\/2021\/12\/09\/la-caja-de-herramientas-electricas-que-no-debe-faltar-en-casa\/","name":"La caja de herramientas el\u00e9ctricas que no debe faltar en casa - Noti-America.com","isPartOf":{"@id":"https:\/\/noti-america.com\/site\/principal\/#website"},"primaryImageOfPage":{"@id":"https:\/\/noti-america.com\/site\/principal\/2021\/12\/09\/la-caja-de-herramientas-electricas-que-no-debe-faltar-en-casa\/#primaryimage"},"image":{"@id":"https:\/\/noti-america.com\/site\/principal\/2021\/12\/09\/la-caja-de-herramientas-electricas-que-no-debe-faltar-en-casa\/#primaryimage"},"thumbnailUrl":"https:\/\/noti-america.com\/site\/principal\/wp-content\/uploads\/sites\/26\/2021\/12\/Arreglos-electricos-scaled.jpg","datePublished":"2021-12-09T20:51:03+00:00","author":{"@id":"https:\/\/noti-america.com\/site\/principal\/#\/schema\/person\/fd58dbfb92a257e9dc5761bf69a855ff"},"breadcrumb":{"@id":"https:\/\/noti-america.com\/site\/principal\/2021\/12\/09\/la-caja-de-herramientas-electricas-que-no-debe-faltar-en-casa\/#breadcrumb"},"inLanguage":"es","potentialAction":[{"@type":"ReadAction","target":["https:\/\/noti-america.com\/site\/principal\/2021\/12\/09\/la-caja-de-herramientas-electricas-que-no-debe-faltar-en-casa\/"]}]},{"@type":"ImageObject","inLanguage":"es","@id":"https:\/\/noti-america.com\/site\/principal\/2021\/12\/09\/la-caja-de-herramientas-electricas-que-no-debe-faltar-en-casa\/#primaryimage","url":"https:\/\/noti-america.com\/site\/principal\/wp-content\/uploads\/sites\/26\/2021\/12\/Arreglos-electricos-scaled.jpg","contentUrl":"https:\/\/noti-america.com\/site\/principal\/wp-content\/uploads\/sites\/26\/2021\/12\/Arreglos-electricos-scaled.jpg","width":2560,"height":1688,"caption":"Woman fixing the plug"},{"@type":"BreadcrumbList","@id":"https:\/\/noti-america.com\/site\/principal\/2021\/12\/09\/la-caja-de-herramientas-electricas-que-no-debe-faltar-en-casa\/#breadcrumb","itemListElement":[{"@type":"ListItem","position":1,"name":"Portada","item":"https:\/\/noti-america.com\/site\/principal\/"},{"@type":"ListItem","position":2,"name":"La caja de herramientas el\u00e9ctricas que no debe faltar en casa"}]},{"@type":"WebSite","@id":"https:\/\/noti-america.com\/site\/principal\/#website","url":"https:\/\/noti-america.com\/site\/principal\/","name":"Noti-America.com","description":"El Noticiero Digital M\u00e1s Grande de Am\u00e9rica","potentialAction":[{"@type":"SearchAction","target":{"@type":"EntryPoint","urlTemplate":"https:\/\/noti-america.com\/site\/principal\/?s={search_term_string}"},"query-input":{"@type":"PropertyValueSpecification","valueRequired":true,"valueName":"search_term_string"}}],"inLanguage":"es"},{"@type":"Person","@id":"https:\/\/noti-america.com\/site\/principal\/#\/schema\/person\/fd58dbfb92a257e9dc5761bf69a855ff","name":"Rosmer Herrera","image":{"@type":"ImageObject","inLanguage":"es","@id":"https:\/\/secure.gravatar.com\/avatar\/153e75c261394dbf20ff1a1e70ea2be9494f2b40b7fc4e7704084db13220ae08?s=96&d=mm&r=g","url":"https:\/\/secure.gravatar.com\/avatar\/153e75c261394dbf20ff1a1e70ea2be9494f2b40b7fc4e7704084db13220ae08?s=96&d=mm&r=g","contentUrl":"https:\/\/secure.gravatar.com\/avatar\/153e75c261394dbf20ff1a1e70ea2be9494f2b40b7fc4e7704084db13220ae08?s=96&d=mm&r=g","caption":"Rosmer Herrera"},"url":"https:\/\/noti-america.com\/site\/principal\/author\/rosmer33\/"}]}},"_links":{"self":[{"href":"https:\/\/noti-america.com\/site\/principal\/wp-json\/wp\/v2\/posts\/8114","targetHints":{"allow":["GET"]}}],"collection":[{"href":"https:\/\/noti-america.com\/site\/principal\/wp-json\/wp\/v2\/posts"}],"about":[{"href":"https:\/\/noti-america.com\/site\/principal\/wp-json\/wp\/v2\/types\/post"}],"author":[{"embeddable":true,"href":"https:\/\/noti-america.com\/site\/principal\/wp-json\/wp\/v2\/users\/1"}],"replies":[{"embeddable":true,"href":"https:\/\/noti-america.com\/site\/principal\/wp-json\/wp\/v2\/comments?post=8114"}],"version-history":[{"count":1,"href":"https:\/\/noti-america.com\/site\/principal\/wp-json\/wp\/v2\/posts\/8114\/revisions"}],"predecessor-version":[{"id":8116,"href":"https:\/\/noti-america.com\/site\/principal\/wp-json\/wp\/v2\/posts\/8114\/revisions\/8116"}],"wp:featuredmedia":[{"embeddable":true,"href":"https:\/\/noti-america.com\/site\/principal\/wp-json\/wp\/v2\/media\/8115"}],"wp:attachment":[{"href":"https:\/\/noti-america.com\/site\/principal\/wp-json\/wp\/v2\/media?parent=8114"}],"wp:term":[{"taxonomy":"category","embeddable":true,"href":"https:\/\/noti-america.com\/site\/principal\/wp-json\/wp\/v2\/categories?post=8114"},{"taxonomy":"post_tag","embeddable":true,"href":"https:\/\/noti-america.com\/site\/principal\/wp-json\/wp\/v2\/tags?post=8114"}],"curies":[{"name":"wp","href":"https:\/\/api.w.org\/{rel}","templated":true}]}}