{"id":80353,"date":"2026-01-19T15:19:22","date_gmt":"2026-01-19T19:19:22","guid":{"rendered":"https:\/\/noti-america.com\/site\/principal\/?p=80353"},"modified":"2026-01-19T15:19:22","modified_gmt":"2026-01-19T19:19:22","slug":"ashley-tisdale-y-hilary-duff-al-frente-de-una-polemica-de-mamas-famosas","status":"publish","type":"post","link":"https:\/\/noti-america.com\/site\/principal\/2026\/01\/19\/ashley-tisdale-y-hilary-duff-al-frente-de-una-polemica-de-mamas-famosas\/","title":{"rendered":"Ashley Tisdale y Hilary Duff al frente de una pol\u00e9mica de \u00abmam\u00e1s famosas\u00bb"},"content":{"rendered":"<p>NOTI-AMERICA.COM | M\u00c9XICO<\/p>\n<p style=\"text-align: justify\">Lo que comenz\u00f3 como una reflexi\u00f3n personal sobre la salud mental y la maternidad desencaden\u00f3 una pol\u00e9mica en uno de los c\u00edrculos sociales m\u00e1s envidiados de la industria del entretenimiento.<\/p>\n<p style=\"text-align: justify\">En este enero de 2026, la actriz Ashley Tisdale sacudi\u00f3 las redes sociales al publicar un honesto ensayo titulado \u00abBreaking Up With My Toxic Mom Group\u00bb, donde relata su dolorosa salida de un grupo de amigas que, seg\u00fan sus palabras, replicaba las din\u00e1micas m\u00e1s crueles de la secundaria.<\/p>\n<p style=\"text-align: justify\">De este modo, Tisdale describi\u00f3 una atm\u00f3sfera de exclusi\u00f3n y agotamiento emocional que la llev\u00f3 a priorizar su paz mental por encima del estatus social de su c\u00edrculo cercano, lo cual encendi\u00f3 de inmediato las alarmas de sus seguidores, quienes no tardaron en rastrear qui\u00e9nes eran las protagonistas de esta supuesta toxicidad.<\/p>\n<p style=\"text-align: justify\">A trav\u00e9s de un meticuloso rastreo en redes sociales y registros fotogr\u00e1ficos, los fans conectaron los puntos hacia un grupo de \u00e9lite compuesto por figuras como Mandy Moore, Meghan Trainor y, notablemente, Hilary Duff.<\/p>\n<p style=\"text-align: justify\">Las sospechas cobraron fuerza cuando se hizo evidente que Ashley hab\u00eda dejado de seguir en Instagram a ciertos miembros espec\u00edficos mientras manten\u00eda contacto con otros, confirmando as\u00ed que el distanciamiento no era general, sino una purga selectiva de sus v\u00ednculos m\u00e1s cercanos.<\/p>\n<p style=\"text-align: justify\">Posteriormente, la tensi\u00f3n alcanz\u00f3 su punto m\u00e1ximo cuando Matthew Koma, esposo de Hilary Duff, decidi\u00f3 abandonar la diplomacia y responder con una agresividad que sorprendi\u00f3 a la industria.<\/p>\n<p style=\"text-align: justify\">Utilizando su caracter\u00edstico tono sat\u00edrico en Instagram, Koma public\u00f3 una parodia de la portada de la revista de Tisdale, reemplazando el rostro de la actriz con el suyo y a\u00f1adiendo el explosivo titular de \u00abla persona m\u00e1s egoc\u00e9ntrica y desafinada del planeta\u00bb.<\/p>\n<p style=\"text-align: justify\">Actualmente, el conflicto permanece en una fase cr\u00edtica de desarrollo mientras los seguidores de ambas estrellas Disney se dividen en bandos, cuestionando si el ensayo de Tisdale fue un acto de valent\u00eda o una provocaci\u00f3n innecesaria.<\/p>\n","protected":false},"excerpt":{"rendered":"<p>NOTI-AMERICA.COM | M\u00c9XICO Lo que comenz\u00f3 como una reflexi\u00f3n personal sobre la salud mental y la maternidad desencaden\u00f3 una pol\u00e9mica en uno de los c\u00edrculos sociales m\u00e1s envidiados de la industria del entretenimiento. En&#46;&#46;&#46;<\/p>\n","protected":false},"author":133,"featured_media":80354,"comment_status":"","ping_status":"open","sticky":false,"template":"","format":"image","meta":{"_acf_changed":false,"rop_custom_images_group":[],"rop_custom_messages_group":[],"rop_publish_now":"no","rop_publish_now_accounts":{"facebook_10219548024599422_1632221337088128":"","twitter_242054905_242054905":""},"rop_publish_now_history":[{"account":"twitter_242054905_242054905","service":"twitter","timestamp":1768850386,"status":"success"}],"rop_publish_now_status":"done","footnotes":""},"categories":[663],"tags":[],"class_list":["post-80353","post","type-post","status-publish","format-image","has-post-thumbnail","hentry","category-actualidad","post_format-post-format-image"],"acf":[],"yoast_head":"<!-- This site is optimized with the Yoast SEO Premium plugin v24.9 (Yoast SEO v27.2) - https:\/\/yoast.com\/product\/yoast-seo-premium-wordpress\/ -->\n<title>Ashley Tisdale y Hilary Duff al frente de una pol\u00e9mica de \u00abmam\u00e1s famosas\u00bb - Noti-America.com<\/title>\n<meta name=\"robots\" content=\"index, follow, max-snippet:-1, max-image-preview:large, max-video-preview:-1\" \/>\n<link rel=\"canonical\" href=\"https:\/\/noti-america.com\/site\/principal\/2026\/01\/19\/ashley-tisdale-y-hilary-duff-al-frente-de-una-polemica-de-mamas-famosas\/\" \/>\n<meta property=\"og:locale\" content=\"es_ES\" \/>\n<meta property=\"og:type\" content=\"article\" \/>\n<meta property=\"og:title\" content=\"Ashley Tisdale y Hilary Duff al frente de una pol\u00e9mica de \u00abmam\u00e1s famosas\u00bb\" \/>\n<meta property=\"og:description\" content=\"NOTI-AMERICA.COM | M\u00c9XICO Lo que comenz\u00f3 como una reflexi\u00f3n personal sobre la salud mental y la maternidad desencaden\u00f3 una pol\u00e9mica en uno de los c\u00edrculos sociales m\u00e1s envidiados de la industria del entretenimiento. En&#046;&#046;&#046;\" \/>\n<meta property=\"og:url\" content=\"https:\/\/noti-america.com\/site\/principal\/2026\/01\/19\/ashley-tisdale-y-hilary-duff-al-frente-de-una-polemica-de-mamas-famosas\/\" \/>\n<meta property=\"og:site_name\" content=\"Noti-America.com\" \/>\n<meta property=\"article:author\" content=\"Mar\u00eda Valentina Noguera\" \/>\n<meta property=\"article:published_time\" content=\"2026-01-19T19:19:22+00:00\" \/>\n<meta property=\"og:image\" content=\"https:\/\/noti-america.com\/site\/principal\/wp-content\/uploads\/sites\/26\/2026\/01\/Screenshot_19-1-2026_111822_resizer.glanacion.com_.jpeg\" \/>\n\t<meta property=\"og:image:width\" content=\"1193\" \/>\n\t<meta property=\"og:image:height\" content=\"632\" \/>\n\t<meta property=\"og:image:type\" content=\"image\/jpeg\" \/>\n<meta name=\"author\" content=\"Maria Valentina Noguera Medina\" \/>\n<meta name=\"twitter:card\" content=\"summary_large_image\" \/>\n<meta name=\"twitter:label1\" content=\"Escrito por\" \/>\n\t<meta name=\"twitter:data1\" content=\"Maria Valentina Noguera Medina\" \/>\n\t<meta name=\"twitter:label2\" content=\"Tiempo estimado de lectura\" \/>\n\t<meta name=\"twitter:data2\" content=\"2 minutos\" \/>\n<script type=\"application\/ld+json\" class=\"yoast-schema-graph\">{\"@context\":\"https:\/\/schema.org\",\"@graph\":[{\"@type\":\"Article\",\"@id\":\"https:\/\/noti-america.com\/site\/principal\/2026\/01\/19\/ashley-tisdale-y-hilary-duff-al-frente-de-una-polemica-de-mamas-famosas\/#article\",\"isPartOf\":{\"@id\":\"https:\/\/noti-america.com\/site\/principal\/2026\/01\/19\/ashley-tisdale-y-hilary-duff-al-frente-de-una-polemica-de-mamas-famosas\/\"},\"author\":{\"name\":\"Maria Valentina Noguera Medina\",\"@id\":\"https:\/\/noti-america.com\/site\/principal\/#\/schema\/person\/22806efcc2cfc4b45efb0e17be210ea8\"},\"headline\":\"Ashley Tisdale y Hilary Duff al frente de una pol\u00e9mica de \u00abmam\u00e1s famosas\u00bb\",\"datePublished\":\"2026-01-19T19:19:22+00:00\",\"mainEntityOfPage\":{\"@id\":\"https:\/\/noti-america.com\/site\/principal\/2026\/01\/19\/ashley-tisdale-y-hilary-duff-al-frente-de-una-polemica-de-mamas-famosas\/\"},\"wordCount\":358,\"image\":{\"@id\":\"https:\/\/noti-america.com\/site\/principal\/2026\/01\/19\/ashley-tisdale-y-hilary-duff-al-frente-de-una-polemica-de-mamas-famosas\/#primaryimage\"},\"thumbnailUrl\":\"https:\/\/noti-america.com\/site\/principal\/wp-content\/uploads\/sites\/26\/2026\/01\/Screenshot_19-1-2026_111822_resizer.glanacion.com_.jpeg\",\"articleSection\":[\"Actualidad\"],\"inLanguage\":\"es\"},{\"@type\":\"WebPage\",\"@id\":\"https:\/\/noti-america.com\/site\/principal\/2026\/01\/19\/ashley-tisdale-y-hilary-duff-al-frente-de-una-polemica-de-mamas-famosas\/\",\"url\":\"https:\/\/noti-america.com\/site\/principal\/2026\/01\/19\/ashley-tisdale-y-hilary-duff-al-frente-de-una-polemica-de-mamas-famosas\/\",\"name\":\"Ashley Tisdale y Hilary Duff al frente de una pol\u00e9mica de \u00abmam\u00e1s famosas\u00bb - Noti-America.com\",\"isPartOf\":{\"@id\":\"https:\/\/noti-america.com\/site\/principal\/#website\"},\"primaryImageOfPage\":{\"@id\":\"https:\/\/noti-america.com\/site\/principal\/2026\/01\/19\/ashley-tisdale-y-hilary-duff-al-frente-de-una-polemica-de-mamas-famosas\/#primaryimage\"},\"image\":{\"@id\":\"https:\/\/noti-america.com\/site\/principal\/2026\/01\/19\/ashley-tisdale-y-hilary-duff-al-frente-de-una-polemica-de-mamas-famosas\/#primaryimage\"},\"thumbnailUrl\":\"https:\/\/noti-america.com\/site\/principal\/wp-content\/uploads\/sites\/26\/2026\/01\/Screenshot_19-1-2026_111822_resizer.glanacion.com_.jpeg\",\"datePublished\":\"2026-01-19T19:19:22+00:00\",\"author\":{\"@id\":\"https:\/\/noti-america.com\/site\/principal\/#\/schema\/person\/22806efcc2cfc4b45efb0e17be210ea8\"},\"breadcrumb\":{\"@id\":\"https:\/\/noti-america.com\/site\/principal\/2026\/01\/19\/ashley-tisdale-y-hilary-duff-al-frente-de-una-polemica-de-mamas-famosas\/#breadcrumb\"},\"inLanguage\":\"es\",\"potentialAction\":[{\"@type\":\"ReadAction\",\"target\":[\"https:\/\/noti-america.com\/site\/principal\/2026\/01\/19\/ashley-tisdale-y-hilary-duff-al-frente-de-una-polemica-de-mamas-famosas\/\"]}]},{\"@type\":\"ImageObject\",\"inLanguage\":\"es\",\"@id\":\"https:\/\/noti-america.com\/site\/principal\/2026\/01\/19\/ashley-tisdale-y-hilary-duff-al-frente-de-una-polemica-de-mamas-famosas\/#primaryimage\",\"url\":\"https:\/\/noti-america.com\/site\/principal\/wp-content\/uploads\/sites\/26\/2026\/01\/Screenshot_19-1-2026_111822_resizer.glanacion.com_.jpeg\",\"contentUrl\":\"https:\/\/noti-america.com\/site\/principal\/wp-content\/uploads\/sites\/26\/2026\/01\/Screenshot_19-1-2026_111822_resizer.glanacion.com_.jpeg\",\"width\":1193,\"height\":632},{\"@type\":\"BreadcrumbList\",\"@id\":\"https:\/\/noti-america.com\/site\/principal\/2026\/01\/19\/ashley-tisdale-y-hilary-duff-al-frente-de-una-polemica-de-mamas-famosas\/#breadcrumb\",\"itemListElement\":[{\"@type\":\"ListItem\",\"position\":1,\"name\":\"Portada\",\"item\":\"https:\/\/noti-america.com\/site\/principal\/\"},{\"@type\":\"ListItem\",\"position\":2,\"name\":\"Ashley Tisdale y Hilary Duff al frente de una pol\u00e9mica de \u00abmam\u00e1s famosas\u00bb\"}]},{\"@type\":\"WebSite\",\"@id\":\"https:\/\/noti-america.com\/site\/principal\/#website\",\"url\":\"https:\/\/noti-america.com\/site\/principal\/\",\"name\":\"Noti-America.com\",\"description\":\"El Noticiero Digital M\u00e1s Grande de Am\u00e9rica\",\"potentialAction\":[{\"@type\":\"SearchAction\",\"target\":{\"@type\":\"EntryPoint\",\"urlTemplate\":\"https:\/\/noti-america.com\/site\/principal\/?s={search_term_string}\"},\"query-input\":{\"@type\":\"PropertyValueSpecification\",\"valueRequired\":true,\"valueName\":\"search_term_string\"}}],\"inLanguage\":\"es\"},{\"@type\":\"Person\",\"@id\":\"https:\/\/noti-america.com\/site\/principal\/#\/schema\/person\/22806efcc2cfc4b45efb0e17be210ea8\",\"name\":\"Maria Valentina Noguera Medina\",\"image\":{\"@type\":\"ImageObject\",\"inLanguage\":\"es\",\"@id\":\"https:\/\/secure.gravatar.com\/avatar\/4ec5eb9d099f2608a49c9df6f7341f66f04f819cdffa09d56a7a0e91d2819d56?s=96&d=mm&r=g\",\"url\":\"https:\/\/secure.gravatar.com\/avatar\/4ec5eb9d099f2608a49c9df6f7341f66f04f819cdffa09d56a7a0e91d2819d56?s=96&d=mm&r=g\",\"contentUrl\":\"https:\/\/secure.gravatar.com\/avatar\/4ec5eb9d099f2608a49c9df6f7341f66f04f819cdffa09d56a7a0e91d2819d56?s=96&d=mm&r=g\",\"caption\":\"Maria Valentina Noguera Medina\"},\"description\":\"Periodista - noti-america - Promar Community Manager - Talento Plus Dise\u00f1adora\/ creadora de contenido...\",\"sameAs\":[\"Mar\u00eda Valentina Noguera\",\"https:\/\/www.facebook.com\/mariavalentina.noguera\",\"https:\/\/www.linkedin.com\/in\/mara-valentina-noguera-medina-373075165\/\",\"https:\/\/www.pinterest.es\/valentinanoguera95\/\",\"https:\/\/www.youtube.com\/channel\/UCdek6mbUZ-Tqqw0I63i4nmQ\"],\"url\":\"https:\/\/noti-america.com\/site\/principal\/author\/mnoguera\/\"}]}<\/script>\n<!-- \/ Yoast SEO Premium plugin. -->","yoast_head_json":{"title":"Ashley Tisdale y Hilary Duff al frente de una pol\u00e9mica de \u00abmam\u00e1s famosas\u00bb - Noti-America.com","robots":{"index":"index","follow":"follow","max-snippet":"max-snippet:-1","max-image-preview":"max-image-preview:large","max-video-preview":"max-video-preview:-1"},"canonical":"https:\/\/noti-america.com\/site\/principal\/2026\/01\/19\/ashley-tisdale-y-hilary-duff-al-frente-de-una-polemica-de-mamas-famosas\/","og_locale":"es_ES","og_type":"article","og_title":"Ashley Tisdale y Hilary Duff al frente de una pol\u00e9mica de \u00abmam\u00e1s famosas\u00bb","og_description":"NOTI-AMERICA.COM | M\u00c9XICO Lo que comenz\u00f3 como una reflexi\u00f3n personal sobre la salud mental y la maternidad desencaden\u00f3 una pol\u00e9mica en uno de los c\u00edrculos sociales m\u00e1s envidiados de la industria del entretenimiento. En&#46;&#46;&#46;","og_url":"https:\/\/noti-america.com\/site\/principal\/2026\/01\/19\/ashley-tisdale-y-hilary-duff-al-frente-de-una-polemica-de-mamas-famosas\/","og_site_name":"Noti-America.com","article_author":"Mar\u00eda Valentina Noguera","article_published_time":"2026-01-19T19:19:22+00:00","og_image":[{"width":1193,"height":632,"url":"https:\/\/noti-america.com\/site\/principal\/wp-content\/uploads\/sites\/26\/2026\/01\/Screenshot_19-1-2026_111822_resizer.glanacion.com_.jpeg","type":"image\/jpeg"}],"author":"Maria Valentina Noguera Medina","twitter_card":"summary_large_image","twitter_misc":{"Escrito por":"Maria Valentina Noguera Medina","Tiempo estimado de lectura":"2 minutos"},"schema":{"@context":"https:\/\/schema.org","@graph":[{"@type":"Article","@id":"https:\/\/noti-america.com\/site\/principal\/2026\/01\/19\/ashley-tisdale-y-hilary-duff-al-frente-de-una-polemica-de-mamas-famosas\/#article","isPartOf":{"@id":"https:\/\/noti-america.com\/site\/principal\/2026\/01\/19\/ashley-tisdale-y-hilary-duff-al-frente-de-una-polemica-de-mamas-famosas\/"},"author":{"name":"Maria Valentina Noguera Medina","@id":"https:\/\/noti-america.com\/site\/principal\/#\/schema\/person\/22806efcc2cfc4b45efb0e17be210ea8"},"headline":"Ashley Tisdale y Hilary Duff al frente de una pol\u00e9mica de \u00abmam\u00e1s famosas\u00bb","datePublished":"2026-01-19T19:19:22+00:00","mainEntityOfPage":{"@id":"https:\/\/noti-america.com\/site\/principal\/2026\/01\/19\/ashley-tisdale-y-hilary-duff-al-frente-de-una-polemica-de-mamas-famosas\/"},"wordCount":358,"image":{"@id":"https:\/\/noti-america.com\/site\/principal\/2026\/01\/19\/ashley-tisdale-y-hilary-duff-al-frente-de-una-polemica-de-mamas-famosas\/#primaryimage"},"thumbnailUrl":"https:\/\/noti-america.com\/site\/principal\/wp-content\/uploads\/sites\/26\/2026\/01\/Screenshot_19-1-2026_111822_resizer.glanacion.com_.jpeg","articleSection":["Actualidad"],"inLanguage":"es"},{"@type":"WebPage","@id":"https:\/\/noti-america.com\/site\/principal\/2026\/01\/19\/ashley-tisdale-y-hilary-duff-al-frente-de-una-polemica-de-mamas-famosas\/","url":"https:\/\/noti-america.com\/site\/principal\/2026\/01\/19\/ashley-tisdale-y-hilary-duff-al-frente-de-una-polemica-de-mamas-famosas\/","name":"Ashley Tisdale y Hilary Duff al frente de una pol\u00e9mica de \u00abmam\u00e1s famosas\u00bb - Noti-America.com","isPartOf":{"@id":"https:\/\/noti-america.com\/site\/principal\/#website"},"primaryImageOfPage":{"@id":"https:\/\/noti-america.com\/site\/principal\/2026\/01\/19\/ashley-tisdale-y-hilary-duff-al-frente-de-una-polemica-de-mamas-famosas\/#primaryimage"},"image":{"@id":"https:\/\/noti-america.com\/site\/principal\/2026\/01\/19\/ashley-tisdale-y-hilary-duff-al-frente-de-una-polemica-de-mamas-famosas\/#primaryimage"},"thumbnailUrl":"https:\/\/noti-america.com\/site\/principal\/wp-content\/uploads\/sites\/26\/2026\/01\/Screenshot_19-1-2026_111822_resizer.glanacion.com_.jpeg","datePublished":"2026-01-19T19:19:22+00:00","author":{"@id":"https:\/\/noti-america.com\/site\/principal\/#\/schema\/person\/22806efcc2cfc4b45efb0e17be210ea8"},"breadcrumb":{"@id":"https:\/\/noti-america.com\/site\/principal\/2026\/01\/19\/ashley-tisdale-y-hilary-duff-al-frente-de-una-polemica-de-mamas-famosas\/#breadcrumb"},"inLanguage":"es","potentialAction":[{"@type":"ReadAction","target":["https:\/\/noti-america.com\/site\/principal\/2026\/01\/19\/ashley-tisdale-y-hilary-duff-al-frente-de-una-polemica-de-mamas-famosas\/"]}]},{"@type":"ImageObject","inLanguage":"es","@id":"https:\/\/noti-america.com\/site\/principal\/2026\/01\/19\/ashley-tisdale-y-hilary-duff-al-frente-de-una-polemica-de-mamas-famosas\/#primaryimage","url":"https:\/\/noti-america.com\/site\/principal\/wp-content\/uploads\/sites\/26\/2026\/01\/Screenshot_19-1-2026_111822_resizer.glanacion.com_.jpeg","contentUrl":"https:\/\/noti-america.com\/site\/principal\/wp-content\/uploads\/sites\/26\/2026\/01\/Screenshot_19-1-2026_111822_resizer.glanacion.com_.jpeg","width":1193,"height":632},{"@type":"BreadcrumbList","@id":"https:\/\/noti-america.com\/site\/principal\/2026\/01\/19\/ashley-tisdale-y-hilary-duff-al-frente-de-una-polemica-de-mamas-famosas\/#breadcrumb","itemListElement":[{"@type":"ListItem","position":1,"name":"Portada","item":"https:\/\/noti-america.com\/site\/principal\/"},{"@type":"ListItem","position":2,"name":"Ashley Tisdale y Hilary Duff al frente de una pol\u00e9mica de \u00abmam\u00e1s famosas\u00bb"}]},{"@type":"WebSite","@id":"https:\/\/noti-america.com\/site\/principal\/#website","url":"https:\/\/noti-america.com\/site\/principal\/","name":"Noti-America.com","description":"El Noticiero Digital M\u00e1s Grande de Am\u00e9rica","potentialAction":[{"@type":"SearchAction","target":{"@type":"EntryPoint","urlTemplate":"https:\/\/noti-america.com\/site\/principal\/?s={search_term_string}"},"query-input":{"@type":"PropertyValueSpecification","valueRequired":true,"valueName":"search_term_string"}}],"inLanguage":"es"},{"@type":"Person","@id":"https:\/\/noti-america.com\/site\/principal\/#\/schema\/person\/22806efcc2cfc4b45efb0e17be210ea8","name":"Maria Valentina Noguera Medina","image":{"@type":"ImageObject","inLanguage":"es","@id":"https:\/\/secure.gravatar.com\/avatar\/4ec5eb9d099f2608a49c9df6f7341f66f04f819cdffa09d56a7a0e91d2819d56?s=96&d=mm&r=g","url":"https:\/\/secure.gravatar.com\/avatar\/4ec5eb9d099f2608a49c9df6f7341f66f04f819cdffa09d56a7a0e91d2819d56?s=96&d=mm&r=g","contentUrl":"https:\/\/secure.gravatar.com\/avatar\/4ec5eb9d099f2608a49c9df6f7341f66f04f819cdffa09d56a7a0e91d2819d56?s=96&d=mm&r=g","caption":"Maria Valentina Noguera Medina"},"description":"Periodista - noti-america - Promar Community Manager - Talento Plus Dise\u00f1adora\/ creadora de contenido...","sameAs":["Mar\u00eda Valentina Noguera","https:\/\/www.facebook.com\/mariavalentina.noguera","https:\/\/www.linkedin.com\/in\/mara-valentina-noguera-medina-373075165\/","https:\/\/www.pinterest.es\/valentinanoguera95\/","https:\/\/www.youtube.com\/channel\/UCdek6mbUZ-Tqqw0I63i4nmQ"],"url":"https:\/\/noti-america.com\/site\/principal\/author\/mnoguera\/"}]}},"_links":{"self":[{"href":"https:\/\/noti-america.com\/site\/principal\/wp-json\/wp\/v2\/posts\/80353","targetHints":{"allow":["GET"]}}],"collection":[{"href":"https:\/\/noti-america.com\/site\/principal\/wp-json\/wp\/v2\/posts"}],"about":[{"href":"https:\/\/noti-america.com\/site\/principal\/wp-json\/wp\/v2\/types\/post"}],"author":[{"embeddable":true,"href":"https:\/\/noti-america.com\/site\/principal\/wp-json\/wp\/v2\/users\/133"}],"replies":[{"embeddable":true,"href":"https:\/\/noti-america.com\/site\/principal\/wp-json\/wp\/v2\/comments?post=80353"}],"version-history":[{"count":1,"href":"https:\/\/noti-america.com\/site\/principal\/wp-json\/wp\/v2\/posts\/80353\/revisions"}],"predecessor-version":[{"id":80384,"href":"https:\/\/noti-america.com\/site\/principal\/wp-json\/wp\/v2\/posts\/80353\/revisions\/80384"}],"wp:featuredmedia":[{"embeddable":true,"href":"https:\/\/noti-america.com\/site\/principal\/wp-json\/wp\/v2\/media\/80354"}],"wp:attachment":[{"href":"https:\/\/noti-america.com\/site\/principal\/wp-json\/wp\/v2\/media?parent=80353"}],"wp:term":[{"taxonomy":"category","embeddable":true,"href":"https:\/\/noti-america.com\/site\/principal\/wp-json\/wp\/v2\/categories?post=80353"},{"taxonomy":"post_tag","embeddable":true,"href":"https:\/\/noti-america.com\/site\/principal\/wp-json\/wp\/v2\/tags?post=80353"}],"curies":[{"name":"wp","href":"https:\/\/api.w.org\/{rel}","templated":true}]}}