{"id":7994,"date":"2021-12-07T14:45:22","date_gmt":"2021-12-07T18:45:22","guid":{"rendered":"https:\/\/noti-america.com\/site\/principal\/?p=7994"},"modified":"2021-12-07T14:45:22","modified_gmt":"2021-12-07T18:45:22","slug":"atlas-y-leon-protagonizaran-la-final-de-la-liga-mx-2021","status":"publish","type":"post","link":"https:\/\/noti-america.com\/site\/principal\/2021\/12\/07\/atlas-y-leon-protagonizaran-la-final-de-la-liga-mx-2021\/","title":{"rendered":"Atlas y Le\u00f3n protagonizar\u00e1n la final de la Liga MX 2021"},"content":{"rendered":"<p><img loading=\"lazy\" decoding=\"async\" class=\"size-large wp-image-7996 aligncenter\" src=\"https:\/\/noti-america.com\/site\/principal\/wp-content\/uploads\/sites\/26\/2021\/12\/IMG-20211207-WA0012-1024x704.jpg\" alt=\"\" width=\"1024\" height=\"704\" srcset=\"https:\/\/noti-america.com\/site\/principal\/wp-content\/uploads\/sites\/26\/2021\/12\/IMG-20211207-WA0012-1024x704.jpg 1024w, https:\/\/noti-america.com\/site\/principal\/wp-content\/uploads\/sites\/26\/2021\/12\/IMG-20211207-WA0012-300x206.jpg 300w, https:\/\/noti-america.com\/site\/principal\/wp-content\/uploads\/sites\/26\/2021\/12\/IMG-20211207-WA0012-768x528.jpg 768w, https:\/\/noti-america.com\/site\/principal\/wp-content\/uploads\/sites\/26\/2021\/12\/IMG-20211207-WA0012.jpg 1080w\" sizes=\"auto, (max-width: 1024px) 100vw, 1024px\" \/><\/p>\n<p style=\"text-align: justify\">Este jueves 9 de diciembre de 2021 en el Estadio Le\u00f3n se disputar\u00e1 la ida de la gran final del f\u00fatbol M\u00e9xicano. Por su parte, la vuelta se llevar\u00e1 a cabo el domingo 12 en el Estadio Jalisco.<\/p>\n<p style=\"text-align: justify\">El conjunto de Atlas ir\u00e1 por su segundo campeonato de la historia, el primero y \u00faltimo lo gan\u00f3 en la temporada 1950\/1951.<\/p>\n<p style=\"text-align: justify\">Por su parte, Le\u00f3n que suma 8 t\u00edtulos ligueros, gan\u00f3 recientemente el Apertura 2020.<\/p>\n","protected":false},"excerpt":{"rendered":"<p>Este jueves 9 de diciembre de 2021 en el Estadio Le\u00f3n se disputar\u00e1 la ida de la gran final del f\u00fatbol M\u00e9xicano. Por su parte, la vuelta se llevar\u00e1 a cabo el domingo 12&#46;&#46;&#46;<\/p>\n","protected":false},"author":4,"featured_media":7996,"comment_status":"open","ping_status":"open","sticky":false,"template":"","format":"standard","meta":{"_acf_changed":false,"rop_custom_images_group":[],"rop_custom_messages_group":[],"rop_publish_now":"initial","rop_publish_now_accounts":{"facebook_10219548024599422_1632221337088128":"","twitter_242054905_242054905":""},"rop_publish_now_history":[],"rop_publish_now_status":"pending","footnotes":""},"categories":[16],"tags":[],"class_list":["post-7994","post","type-post","status-publish","format-standard","has-post-thumbnail","hentry","category-deportes"],"acf":[],"yoast_head":"<!-- This site is optimized with the Yoast SEO Premium plugin v24.9 (Yoast SEO v27.2) - https:\/\/yoast.com\/product\/yoast-seo-premium-wordpress\/ -->\n<title>Atlas y Le\u00f3n protagonizar\u00e1n la final de la Liga MX 2021 - Noti-America.com<\/title>\n<meta name=\"robots\" content=\"index, follow, max-snippet:-1, max-image-preview:large, max-video-preview:-1\" \/>\n<link rel=\"canonical\" href=\"https:\/\/noti-america.com\/site\/principal\/2021\/12\/07\/atlas-y-leon-protagonizaran-la-final-de-la-liga-mx-2021\/\" \/>\n<meta property=\"og:locale\" content=\"es_ES\" \/>\n<meta property=\"og:type\" content=\"article\" \/>\n<meta property=\"og:title\" content=\"Atlas y Le\u00f3n protagonizar\u00e1n la final de la Liga MX 2021\" \/>\n<meta property=\"og:description\" content=\"Este jueves 9 de diciembre de 2021 en el Estadio Le\u00f3n se disputar\u00e1 la ida de la gran final del f\u00fatbol M\u00e9xicano. Por su parte, la vuelta se llevar\u00e1 a cabo el domingo 12&#046;&#046;&#046;\" \/>\n<meta property=\"og:url\" content=\"https:\/\/noti-america.com\/site\/principal\/2021\/12\/07\/atlas-y-leon-protagonizaran-la-final-de-la-liga-mx-2021\/\" \/>\n<meta property=\"og:site_name\" content=\"Noti-America.com\" \/>\n<meta property=\"article:author\" content=\"https:\/\/www.facebook.com\/AndresSalazarTV\/\" \/>\n<meta property=\"article:published_time\" content=\"2021-12-07T18:45:22+00:00\" \/>\n<meta property=\"og:image\" content=\"https:\/\/noti-america.com\/site\/principal\/wp-content\/uploads\/sites\/26\/2021\/12\/IMG-20211207-WA0012.jpg\" \/>\n\t<meta property=\"og:image:width\" content=\"1080\" \/>\n\t<meta property=\"og:image:height\" content=\"743\" \/>\n\t<meta property=\"og:image:type\" content=\"image\/jpeg\" \/>\n<meta name=\"author\" content=\"Andr\u00e9s Salazar TV\" \/>\n<meta name=\"twitter:card\" content=\"summary_large_image\" \/>\n<meta name=\"twitter:label1\" content=\"Escrito por\" \/>\n\t<meta name=\"twitter:data1\" content=\"Andr\u00e9s Salazar TV\" \/>\n\t<meta name=\"twitter:label2\" content=\"Tiempo estimado de lectura\" \/>\n\t<meta name=\"twitter:data2\" content=\"1 minuto\" \/>\n<script type=\"application\/ld+json\" class=\"yoast-schema-graph\">{\"@context\":\"https:\/\/schema.org\",\"@graph\":[{\"@type\":\"Article\",\"@id\":\"https:\/\/noti-america.com\/site\/principal\/2021\/12\/07\/atlas-y-leon-protagonizaran-la-final-de-la-liga-mx-2021\/#article\",\"isPartOf\":{\"@id\":\"https:\/\/noti-america.com\/site\/principal\/2021\/12\/07\/atlas-y-leon-protagonizaran-la-final-de-la-liga-mx-2021\/\"},\"author\":{\"name\":\"Andr\u00e9s Salazar TV\",\"@id\":\"https:\/\/noti-america.com\/site\/principal\/#\/schema\/person\/5536bbfd0e2b9220dabb68be6a79e6a2\"},\"headline\":\"Atlas y Le\u00f3n protagonizar\u00e1n la final de la Liga MX 2021\",\"datePublished\":\"2021-12-07T18:45:22+00:00\",\"mainEntityOfPage\":{\"@id\":\"https:\/\/noti-america.com\/site\/principal\/2021\/12\/07\/atlas-y-leon-protagonizaran-la-final-de-la-liga-mx-2021\/\"},\"wordCount\":85,\"commentCount\":0,\"image\":{\"@id\":\"https:\/\/noti-america.com\/site\/principal\/2021\/12\/07\/atlas-y-leon-protagonizaran-la-final-de-la-liga-mx-2021\/#primaryimage\"},\"thumbnailUrl\":\"https:\/\/noti-america.com\/site\/principal\/wp-content\/uploads\/sites\/26\/2021\/12\/IMG-20211207-WA0012.jpg\",\"articleSection\":[\"Deportes\"],\"inLanguage\":\"es\",\"potentialAction\":[{\"@type\":\"CommentAction\",\"name\":\"Comment\",\"target\":[\"https:\/\/noti-america.com\/site\/principal\/2021\/12\/07\/atlas-y-leon-protagonizaran-la-final-de-la-liga-mx-2021\/#respond\"]}]},{\"@type\":\"WebPage\",\"@id\":\"https:\/\/noti-america.com\/site\/principal\/2021\/12\/07\/atlas-y-leon-protagonizaran-la-final-de-la-liga-mx-2021\/\",\"url\":\"https:\/\/noti-america.com\/site\/principal\/2021\/12\/07\/atlas-y-leon-protagonizaran-la-final-de-la-liga-mx-2021\/\",\"name\":\"Atlas y Le\u00f3n protagonizar\u00e1n la final de la Liga MX 2021 - Noti-America.com\",\"isPartOf\":{\"@id\":\"https:\/\/noti-america.com\/site\/principal\/#website\"},\"primaryImageOfPage\":{\"@id\":\"https:\/\/noti-america.com\/site\/principal\/2021\/12\/07\/atlas-y-leon-protagonizaran-la-final-de-la-liga-mx-2021\/#primaryimage\"},\"image\":{\"@id\":\"https:\/\/noti-america.com\/site\/principal\/2021\/12\/07\/atlas-y-leon-protagonizaran-la-final-de-la-liga-mx-2021\/#primaryimage\"},\"thumbnailUrl\":\"https:\/\/noti-america.com\/site\/principal\/wp-content\/uploads\/sites\/26\/2021\/12\/IMG-20211207-WA0012.jpg\",\"datePublished\":\"2021-12-07T18:45:22+00:00\",\"author\":{\"@id\":\"https:\/\/noti-america.com\/site\/principal\/#\/schema\/person\/5536bbfd0e2b9220dabb68be6a79e6a2\"},\"breadcrumb\":{\"@id\":\"https:\/\/noti-america.com\/site\/principal\/2021\/12\/07\/atlas-y-leon-protagonizaran-la-final-de-la-liga-mx-2021\/#breadcrumb\"},\"inLanguage\":\"es\",\"potentialAction\":[{\"@type\":\"ReadAction\",\"target\":[\"https:\/\/noti-america.com\/site\/principal\/2021\/12\/07\/atlas-y-leon-protagonizaran-la-final-de-la-liga-mx-2021\/\"]}]},{\"@type\":\"ImageObject\",\"inLanguage\":\"es\",\"@id\":\"https:\/\/noti-america.com\/site\/principal\/2021\/12\/07\/atlas-y-leon-protagonizaran-la-final-de-la-liga-mx-2021\/#primaryimage\",\"url\":\"https:\/\/noti-america.com\/site\/principal\/wp-content\/uploads\/sites\/26\/2021\/12\/IMG-20211207-WA0012.jpg\",\"contentUrl\":\"https:\/\/noti-america.com\/site\/principal\/wp-content\/uploads\/sites\/26\/2021\/12\/IMG-20211207-WA0012.jpg\",\"width\":1080,\"height\":743},{\"@type\":\"BreadcrumbList\",\"@id\":\"https:\/\/noti-america.com\/site\/principal\/2021\/12\/07\/atlas-y-leon-protagonizaran-la-final-de-la-liga-mx-2021\/#breadcrumb\",\"itemListElement\":[{\"@type\":\"ListItem\",\"position\":1,\"name\":\"Portada\",\"item\":\"https:\/\/noti-america.com\/site\/principal\/\"},{\"@type\":\"ListItem\",\"position\":2,\"name\":\"Atlas y Le\u00f3n protagonizar\u00e1n la final de la Liga MX 2021\"}]},{\"@type\":\"WebSite\",\"@id\":\"https:\/\/noti-america.com\/site\/principal\/#website\",\"url\":\"https:\/\/noti-america.com\/site\/principal\/\",\"name\":\"Noti-America.com\",\"description\":\"El Noticiero Digital M\u00e1s Grande de Am\u00e9rica\",\"potentialAction\":[{\"@type\":\"SearchAction\",\"target\":{\"@type\":\"EntryPoint\",\"urlTemplate\":\"https:\/\/noti-america.com\/site\/principal\/?s={search_term_string}\"},\"query-input\":{\"@type\":\"PropertyValueSpecification\",\"valueRequired\":true,\"valueName\":\"search_term_string\"}}],\"inLanguage\":\"es\"},{\"@type\":\"Person\",\"@id\":\"https:\/\/noti-america.com\/site\/principal\/#\/schema\/person\/5536bbfd0e2b9220dabb68be6a79e6a2\",\"name\":\"Andr\u00e9s Salazar TV\",\"image\":{\"@type\":\"ImageObject\",\"inLanguage\":\"es\",\"@id\":\"https:\/\/secure.gravatar.com\/avatar\/afe6826ba750395b641021d9bf08e5496b9d29671cfabb16346350901fb94310?s=96&d=mm&r=g\",\"url\":\"https:\/\/secure.gravatar.com\/avatar\/afe6826ba750395b641021d9bf08e5496b9d29671cfabb16346350901fb94310?s=96&d=mm&r=g\",\"contentUrl\":\"https:\/\/secure.gravatar.com\/avatar\/afe6826ba750395b641021d9bf08e5496b9d29671cfabb16346350901fb94310?s=96&d=mm&r=g\",\"caption\":\"Andr\u00e9s Salazar TV\"},\"description\":\"Periodista venezolano, especializado en deportes. Con m\u00e1s de 12 a\u00f1os de experiencia en medios de comunicaci\u00f3n. Cobertura informativa de los grandes eventos deportivos de Am\u00e9rica Latina y el Mundo.\",\"sameAs\":[\"https:\/\/www.facebook.com\/AndresSalazarTV\/\"],\"url\":\"https:\/\/noti-america.com\/site\/principal\/author\/asalazar\/\"}]}<\/script>\n<!-- \/ Yoast SEO Premium plugin. -->","yoast_head_json":{"title":"Atlas y Le\u00f3n protagonizar\u00e1n la final de la Liga MX 2021 - Noti-America.com","robots":{"index":"index","follow":"follow","max-snippet":"max-snippet:-1","max-image-preview":"max-image-preview:large","max-video-preview":"max-video-preview:-1"},"canonical":"https:\/\/noti-america.com\/site\/principal\/2021\/12\/07\/atlas-y-leon-protagonizaran-la-final-de-la-liga-mx-2021\/","og_locale":"es_ES","og_type":"article","og_title":"Atlas y Le\u00f3n protagonizar\u00e1n la final de la Liga MX 2021","og_description":"Este jueves 9 de diciembre de 2021 en el Estadio Le\u00f3n se disputar\u00e1 la ida de la gran final del f\u00fatbol M\u00e9xicano. Por su parte, la vuelta se llevar\u00e1 a cabo el domingo 12&#46;&#46;&#46;","og_url":"https:\/\/noti-america.com\/site\/principal\/2021\/12\/07\/atlas-y-leon-protagonizaran-la-final-de-la-liga-mx-2021\/","og_site_name":"Noti-America.com","article_author":"https:\/\/www.facebook.com\/AndresSalazarTV\/","article_published_time":"2021-12-07T18:45:22+00:00","og_image":[{"width":1080,"height":743,"url":"https:\/\/noti-america.com\/site\/principal\/wp-content\/uploads\/sites\/26\/2021\/12\/IMG-20211207-WA0012.jpg","type":"image\/jpeg"}],"author":"Andr\u00e9s Salazar TV","twitter_card":"summary_large_image","twitter_misc":{"Escrito por":"Andr\u00e9s Salazar TV","Tiempo estimado de lectura":"1 minuto"},"schema":{"@context":"https:\/\/schema.org","@graph":[{"@type":"Article","@id":"https:\/\/noti-america.com\/site\/principal\/2021\/12\/07\/atlas-y-leon-protagonizaran-la-final-de-la-liga-mx-2021\/#article","isPartOf":{"@id":"https:\/\/noti-america.com\/site\/principal\/2021\/12\/07\/atlas-y-leon-protagonizaran-la-final-de-la-liga-mx-2021\/"},"author":{"name":"Andr\u00e9s Salazar TV","@id":"https:\/\/noti-america.com\/site\/principal\/#\/schema\/person\/5536bbfd0e2b9220dabb68be6a79e6a2"},"headline":"Atlas y Le\u00f3n protagonizar\u00e1n la final de la Liga MX 2021","datePublished":"2021-12-07T18:45:22+00:00","mainEntityOfPage":{"@id":"https:\/\/noti-america.com\/site\/principal\/2021\/12\/07\/atlas-y-leon-protagonizaran-la-final-de-la-liga-mx-2021\/"},"wordCount":85,"commentCount":0,"image":{"@id":"https:\/\/noti-america.com\/site\/principal\/2021\/12\/07\/atlas-y-leon-protagonizaran-la-final-de-la-liga-mx-2021\/#primaryimage"},"thumbnailUrl":"https:\/\/noti-america.com\/site\/principal\/wp-content\/uploads\/sites\/26\/2021\/12\/IMG-20211207-WA0012.jpg","articleSection":["Deportes"],"inLanguage":"es","potentialAction":[{"@type":"CommentAction","name":"Comment","target":["https:\/\/noti-america.com\/site\/principal\/2021\/12\/07\/atlas-y-leon-protagonizaran-la-final-de-la-liga-mx-2021\/#respond"]}]},{"@type":"WebPage","@id":"https:\/\/noti-america.com\/site\/principal\/2021\/12\/07\/atlas-y-leon-protagonizaran-la-final-de-la-liga-mx-2021\/","url":"https:\/\/noti-america.com\/site\/principal\/2021\/12\/07\/atlas-y-leon-protagonizaran-la-final-de-la-liga-mx-2021\/","name":"Atlas y Le\u00f3n protagonizar\u00e1n la final de la Liga MX 2021 - Noti-America.com","isPartOf":{"@id":"https:\/\/noti-america.com\/site\/principal\/#website"},"primaryImageOfPage":{"@id":"https:\/\/noti-america.com\/site\/principal\/2021\/12\/07\/atlas-y-leon-protagonizaran-la-final-de-la-liga-mx-2021\/#primaryimage"},"image":{"@id":"https:\/\/noti-america.com\/site\/principal\/2021\/12\/07\/atlas-y-leon-protagonizaran-la-final-de-la-liga-mx-2021\/#primaryimage"},"thumbnailUrl":"https:\/\/noti-america.com\/site\/principal\/wp-content\/uploads\/sites\/26\/2021\/12\/IMG-20211207-WA0012.jpg","datePublished":"2021-12-07T18:45:22+00:00","author":{"@id":"https:\/\/noti-america.com\/site\/principal\/#\/schema\/person\/5536bbfd0e2b9220dabb68be6a79e6a2"},"breadcrumb":{"@id":"https:\/\/noti-america.com\/site\/principal\/2021\/12\/07\/atlas-y-leon-protagonizaran-la-final-de-la-liga-mx-2021\/#breadcrumb"},"inLanguage":"es","potentialAction":[{"@type":"ReadAction","target":["https:\/\/noti-america.com\/site\/principal\/2021\/12\/07\/atlas-y-leon-protagonizaran-la-final-de-la-liga-mx-2021\/"]}]},{"@type":"ImageObject","inLanguage":"es","@id":"https:\/\/noti-america.com\/site\/principal\/2021\/12\/07\/atlas-y-leon-protagonizaran-la-final-de-la-liga-mx-2021\/#primaryimage","url":"https:\/\/noti-america.com\/site\/principal\/wp-content\/uploads\/sites\/26\/2021\/12\/IMG-20211207-WA0012.jpg","contentUrl":"https:\/\/noti-america.com\/site\/principal\/wp-content\/uploads\/sites\/26\/2021\/12\/IMG-20211207-WA0012.jpg","width":1080,"height":743},{"@type":"BreadcrumbList","@id":"https:\/\/noti-america.com\/site\/principal\/2021\/12\/07\/atlas-y-leon-protagonizaran-la-final-de-la-liga-mx-2021\/#breadcrumb","itemListElement":[{"@type":"ListItem","position":1,"name":"Portada","item":"https:\/\/noti-america.com\/site\/principal\/"},{"@type":"ListItem","position":2,"name":"Atlas y Le\u00f3n protagonizar\u00e1n la final de la Liga MX 2021"}]},{"@type":"WebSite","@id":"https:\/\/noti-america.com\/site\/principal\/#website","url":"https:\/\/noti-america.com\/site\/principal\/","name":"Noti-America.com","description":"El Noticiero Digital M\u00e1s Grande de Am\u00e9rica","potentialAction":[{"@type":"SearchAction","target":{"@type":"EntryPoint","urlTemplate":"https:\/\/noti-america.com\/site\/principal\/?s={search_term_string}"},"query-input":{"@type":"PropertyValueSpecification","valueRequired":true,"valueName":"search_term_string"}}],"inLanguage":"es"},{"@type":"Person","@id":"https:\/\/noti-america.com\/site\/principal\/#\/schema\/person\/5536bbfd0e2b9220dabb68be6a79e6a2","name":"Andr\u00e9s Salazar TV","image":{"@type":"ImageObject","inLanguage":"es","@id":"https:\/\/secure.gravatar.com\/avatar\/afe6826ba750395b641021d9bf08e5496b9d29671cfabb16346350901fb94310?s=96&d=mm&r=g","url":"https:\/\/secure.gravatar.com\/avatar\/afe6826ba750395b641021d9bf08e5496b9d29671cfabb16346350901fb94310?s=96&d=mm&r=g","contentUrl":"https:\/\/secure.gravatar.com\/avatar\/afe6826ba750395b641021d9bf08e5496b9d29671cfabb16346350901fb94310?s=96&d=mm&r=g","caption":"Andr\u00e9s Salazar TV"},"description":"Periodista venezolano, especializado en deportes. Con m\u00e1s de 12 a\u00f1os de experiencia en medios de comunicaci\u00f3n. Cobertura informativa de los grandes eventos deportivos de Am\u00e9rica Latina y el Mundo.","sameAs":["https:\/\/www.facebook.com\/AndresSalazarTV\/"],"url":"https:\/\/noti-america.com\/site\/principal\/author\/asalazar\/"}]}},"_links":{"self":[{"href":"https:\/\/noti-america.com\/site\/principal\/wp-json\/wp\/v2\/posts\/7994","targetHints":{"allow":["GET"]}}],"collection":[{"href":"https:\/\/noti-america.com\/site\/principal\/wp-json\/wp\/v2\/posts"}],"about":[{"href":"https:\/\/noti-america.com\/site\/principal\/wp-json\/wp\/v2\/types\/post"}],"author":[{"embeddable":true,"href":"https:\/\/noti-america.com\/site\/principal\/wp-json\/wp\/v2\/users\/4"}],"replies":[{"embeddable":true,"href":"https:\/\/noti-america.com\/site\/principal\/wp-json\/wp\/v2\/comments?post=7994"}],"version-history":[{"count":1,"href":"https:\/\/noti-america.com\/site\/principal\/wp-json\/wp\/v2\/posts\/7994\/revisions"}],"predecessor-version":[{"id":7997,"href":"https:\/\/noti-america.com\/site\/principal\/wp-json\/wp\/v2\/posts\/7994\/revisions\/7997"}],"wp:featuredmedia":[{"embeddable":true,"href":"https:\/\/noti-america.com\/site\/principal\/wp-json\/wp\/v2\/media\/7996"}],"wp:attachment":[{"href":"https:\/\/noti-america.com\/site\/principal\/wp-json\/wp\/v2\/media?parent=7994"}],"wp:term":[{"taxonomy":"category","embeddable":true,"href":"https:\/\/noti-america.com\/site\/principal\/wp-json\/wp\/v2\/categories?post=7994"},{"taxonomy":"post_tag","embeddable":true,"href":"https:\/\/noti-america.com\/site\/principal\/wp-json\/wp\/v2\/tags?post=7994"}],"curies":[{"name":"wp","href":"https:\/\/api.w.org\/{rel}","templated":true}]}}