{"id":79500,"date":"2026-01-06T16:39:41","date_gmt":"2026-01-06T20:39:41","guid":{"rendered":"https:\/\/noti-america.com\/site\/principal\/?p=79500"},"modified":"2026-01-06T16:39:41","modified_gmt":"2026-01-06T20:39:41","slug":"validacion-migratoria-o-correccion-de-error-migratorio-por-lorena-vargas","status":"publish","type":"post","link":"https:\/\/noti-america.com\/site\/principal\/2026\/01\/06\/validacion-migratoria-o-correccion-de-error-migratorio-por-lorena-vargas\/","title":{"rendered":"Validaci\u00f3n migratoria o correcci\u00f3n de error migratorio Por: Lorena Vargas"},"content":{"rendered":"<p><strong>NOTI-AMERICA.COM | MEXICO<\/strong><\/p>\n<h2 class=\"subject\" style=\"text-align: center;\">Validaci\u00f3n migratoria o correcci\u00f3n de error migratorio<\/h2>\n<p>En @abogadalorenamex te explicamos c\u00f3mo hacer correctamente tu validaci\u00f3n migratoria a trav\u00e9s del portal oficial del SAIME, dependiendo de tu situaci\u00f3n.<\/p>\n<p>\ud83d\udd39 PASO 1: Ingresa al portal<br \/>\nAccede a \ud83d\udc49\u00a0<a href=\"http:\/\/www.saime.gov.ve\/\" target=\"_blank\" rel=\"noopener noreferrer\">www.saime.gov.ve<\/a><br \/>\nInicia sesi\u00f3n con tu usuario y contrase\u00f1a.<br \/>\n\ud83d\udd39 PASO 2: Entra al m\u00f3dulo de Migraci\u00f3n<br \/>\nUna vez dentro:<br \/>\n\u2714\ufe0f Ubica el bot\u00f3n \u00abMigraci\u00f3n\u00bb del lado derecho<br \/>\n\u2714\ufe0f Presiona el \u00edcono de validaci\u00f3n migratoria<br \/>\n\ud83d\udd39 PASO 3: Nueva solicitud<br \/>\nSelecciona \u00abNueva solicitud\u00bb para iniciar el tr\u00e1mite.<\/p>\n<p>Aqu\u00ed el sistema te pedir\u00e1 que elijas tu tipo de validaci\u00f3n migratoria, seg\u00fan tu caso:<\/p>\n<p>\ud83d\udfe2 OPCI\u00d3N 1: PASAPORTE CON SELLO DE ENTRADA<br \/>\nSi tu pasaporte s\u00ed tiene sello de entrada al pa\u00eds:<\/p>\n<p>1\ufe0f\u20e3 Selecciona<br \/>\n\u00abSolicitar regularizaci\u00f3n de condici\u00f3n migratoria de entrada con sellos\u00bb<br \/>\n2\ufe0f\u20e3 Presiona Solicitar<br \/>\n3\ufe0f\u20e3 Aparecer\u00e1 tu solicitud \u2192 presiona Siguiente<br \/>\n4\ufe0f\u20e3 Verifica tus datos personales \u2192 Siguiente<br \/>\n5\ufe0f\u20e3 Completa la informaci\u00f3n migratoria:<br \/>\nPa\u00eds de destino<br \/>\nCiudad de destino<br \/>\nFecha de salida<br \/>\nModalidad de tr\u00e1nsito<br \/>\n6\ufe0f\u20e3 Presiona Siguiente<br \/>\n\ud83d\udcc2 Carga de recaudos (PDF o PNG):<br \/>\n\u2714\ufe0f Foto del pasaporte<br \/>\n\u2714\ufe0f Foto del sello de entrada<br \/>\n\u2714\ufe0f Documento que demuestre tu residencia actual<br \/>\n\u26a0\ufe0f Las im\u00e1genes deben ser claras y legibles.<br \/>\n7\ufe0f\u20e3 Revisa la informaci\u00f3n<br \/>\n8\ufe0f\u20e3 Presiona Confirmar datos<br \/>\n\ud83d\udccc Importante:<br \/>\n\ud83d\udc49 Si tienes sellos de entrada NO debes pagar arancel.<\/p>\n<p>\ud83d\udd34 OPCI\u00d3N 2: PASAPORTE SIN SELLO DE ENTRADA<br \/>\nSi tu pasaporte NO tiene sello de entrada:<\/p>\n<p>1\ufe0f\u20e3 Selecciona<br \/>\n\u00abSolicitar regularizaci\u00f3n de condici\u00f3n migratoria de entrada sin sellos\u00bb<br \/>\n2\ufe0f\u20e3 Presiona Solicitar<br \/>\n3\ufe0f\u20e3 Revisa la solicitud \u2192 Siguiente<br \/>\n4\ufe0f\u20e3 Confirma tus datos \u2192 Siguiente<br \/>\n5\ufe0f\u20e3 Completa la informaci\u00f3n migratoria solicitada<br \/>\n6\ufe0f\u20e3 Confirma los datos<\/p>\n<p>\ud83d\udcb3 PASO DE PAGO:<br \/>\n\u2714\ufe0f Ingresa los datos bancarios<br \/>\n\u2714\ufe0f Selecciona el banco<br \/>\n\u2714\ufe0f Indica si la cuenta es del titular o de un tercero<br \/>\n\u2714\ufe0f Ingresa los datos de la tarjeta de d\u00e9bito<br \/>\n\u2714\ufe0f Solicita el c\u00f3digo<br \/>\n\u2714\ufe0f Valida el pago<br \/>\n\u2714\ufe0f Acepta la confirmaci\u00f3n del sistema<br \/>\n\u23f3 PASO FINAL<br \/>\nLuego de completar la solicitud:<\/p>\n<p>\ud83d\udd52 Debes esperar la aprobaci\u00f3n por parte de la Direcci\u00f3n de Migraci\u00f3n, la cual ser\u00e1 notificada directamente en el portal.<\/p>\n<p>\ud83d\udccc Si no posees documento de viaje, tambi\u00e9n deber\u00e1s cancelar el arancel correspondiente.<\/p>\n<p>\u2696\ufe0f Recomendaci\u00f3n profesional<\/p>\n<p>Cada error puede significar rechazo o retraso.<br \/>\nPor eso, en @abogadalorenamex te acompa\u00f1amos paso a paso, revisamos tu caso y evitamos problemas futuros.<\/p>\n","protected":false},"excerpt":{"rendered":"<p>NOTI-AMERICA.COM | MEXICO Validaci\u00f3n migratoria o correcci\u00f3n de error migratorio En @abogadalorenamex te explicamos c\u00f3mo hacer correctamente tu validaci\u00f3n migratoria a trav\u00e9s del portal oficial del SAIME, dependiendo de tu situaci\u00f3n. \ud83d\udd39 PASO 1:&#46;&#46;&#46;<\/p>\n","protected":false},"author":2,"featured_media":69812,"comment_status":"closed","ping_status":"open","sticky":false,"template":"","format":"image","meta":{"_acf_changed":false,"rop_custom_images_group":[],"rop_custom_messages_group":[],"rop_publish_now":"initial","rop_publish_now_accounts":{"facebook_10219548024599422_1632221337088128":"","twitter_242054905_242054905":""},"rop_publish_now_history":[],"rop_publish_now_status":"pending","footnotes":""},"categories":[627,12],"tags":[],"class_list":["post-79500","post","type-post","status-publish","format-image","has-post-thumbnail","hentry","category-migracion","category-opinion","post_format-post-format-image"],"acf":[],"yoast_head":"<!-- This site is optimized with the Yoast SEO Premium plugin v24.9 (Yoast SEO v27.2) - https:\/\/yoast.com\/product\/yoast-seo-premium-wordpress\/ -->\n<title>Validaci\u00f3n migratoria o correcci\u00f3n de error migratorio Por: Lorena Vargas - Noti-America.com<\/title>\n<meta name=\"robots\" content=\"index, follow, max-snippet:-1, max-image-preview:large, max-video-preview:-1\" \/>\n<link rel=\"canonical\" href=\"https:\/\/noti-america.com\/site\/principal\/2026\/01\/06\/validacion-migratoria-o-correccion-de-error-migratorio-por-lorena-vargas\/\" \/>\n<meta property=\"og:locale\" content=\"es_ES\" \/>\n<meta property=\"og:type\" content=\"article\" \/>\n<meta property=\"og:title\" content=\"Validaci\u00f3n migratoria o correcci\u00f3n de error migratorio Por: Lorena Vargas\" \/>\n<meta property=\"og:description\" content=\"NOTI-AMERICA.COM | MEXICO Validaci\u00f3n migratoria o correcci\u00f3n de error migratorio En @abogadalorenamex te explicamos c\u00f3mo hacer correctamente tu validaci\u00f3n migratoria a trav\u00e9s del portal oficial del SAIME, dependiendo de tu situaci\u00f3n. \ud83d\udd39 PASO 1:&#046;&#046;&#046;\" \/>\n<meta property=\"og:url\" content=\"https:\/\/noti-america.com\/site\/principal\/2026\/01\/06\/validacion-migratoria-o-correccion-de-error-migratorio-por-lorena-vargas\/\" \/>\n<meta property=\"og:site_name\" content=\"Noti-America.com\" \/>\n<meta property=\"article:published_time\" content=\"2026-01-06T20:39:41+00:00\" \/>\n<meta property=\"og:image\" content=\"https:\/\/noti-america.com\/site\/principal\/wp-content\/uploads\/sites\/26\/2025\/07\/MEXICO-LORENA-VARGAS.jpg\" \/>\n\t<meta property=\"og:image:width\" content=\"1280\" \/>\n\t<meta property=\"og:image:height\" content=\"1280\" \/>\n\t<meta property=\"og:image:type\" content=\"image\/jpeg\" \/>\n<meta name=\"author\" content=\"rloaiza\" \/>\n<meta name=\"twitter:card\" content=\"summary_large_image\" \/>\n<meta name=\"twitter:label1\" content=\"Escrito por\" \/>\n\t<meta name=\"twitter:data1\" content=\"rloaiza\" \/>\n\t<meta name=\"twitter:label2\" content=\"Tiempo estimado de lectura\" \/>\n\t<meta name=\"twitter:data2\" content=\"2 minutos\" \/>\n<script type=\"application\/ld+json\" class=\"yoast-schema-graph\">{\"@context\":\"https:\/\/schema.org\",\"@graph\":[{\"@type\":\"Article\",\"@id\":\"https:\/\/noti-america.com\/site\/principal\/2026\/01\/06\/validacion-migratoria-o-correccion-de-error-migratorio-por-lorena-vargas\/#article\",\"isPartOf\":{\"@id\":\"https:\/\/noti-america.com\/site\/principal\/2026\/01\/06\/validacion-migratoria-o-correccion-de-error-migratorio-por-lorena-vargas\/\"},\"author\":{\"name\":\"rloaiza\",\"@id\":\"https:\/\/noti-america.com\/site\/principal\/#\/schema\/person\/a2e478ba496331ce89bcd0c731cd6533\"},\"headline\":\"Validaci\u00f3n migratoria o correcci\u00f3n de error migratorio Por: Lorena Vargas\",\"datePublished\":\"2026-01-06T20:39:41+00:00\",\"mainEntityOfPage\":{\"@id\":\"https:\/\/noti-america.com\/site\/principal\/2026\/01\/06\/validacion-migratoria-o-correccion-de-error-migratorio-por-lorena-vargas\/\"},\"wordCount\":390,\"image\":{\"@id\":\"https:\/\/noti-america.com\/site\/principal\/2026\/01\/06\/validacion-migratoria-o-correccion-de-error-migratorio-por-lorena-vargas\/#primaryimage\"},\"thumbnailUrl\":\"https:\/\/noti-america.com\/site\/principal\/wp-content\/uploads\/sites\/26\/2025\/07\/MEXICO-LORENA-VARGAS.jpg\",\"articleSection\":[\"Migraci\u00f3n\",\"Opini\u00f3n\"],\"inLanguage\":\"es\"},{\"@type\":\"WebPage\",\"@id\":\"https:\/\/noti-america.com\/site\/principal\/2026\/01\/06\/validacion-migratoria-o-correccion-de-error-migratorio-por-lorena-vargas\/\",\"url\":\"https:\/\/noti-america.com\/site\/principal\/2026\/01\/06\/validacion-migratoria-o-correccion-de-error-migratorio-por-lorena-vargas\/\",\"name\":\"Validaci\u00f3n migratoria o correcci\u00f3n de error migratorio Por: Lorena Vargas - Noti-America.com\",\"isPartOf\":{\"@id\":\"https:\/\/noti-america.com\/site\/principal\/#website\"},\"primaryImageOfPage\":{\"@id\":\"https:\/\/noti-america.com\/site\/principal\/2026\/01\/06\/validacion-migratoria-o-correccion-de-error-migratorio-por-lorena-vargas\/#primaryimage\"},\"image\":{\"@id\":\"https:\/\/noti-america.com\/site\/principal\/2026\/01\/06\/validacion-migratoria-o-correccion-de-error-migratorio-por-lorena-vargas\/#primaryimage\"},\"thumbnailUrl\":\"https:\/\/noti-america.com\/site\/principal\/wp-content\/uploads\/sites\/26\/2025\/07\/MEXICO-LORENA-VARGAS.jpg\",\"datePublished\":\"2026-01-06T20:39:41+00:00\",\"author\":{\"@id\":\"https:\/\/noti-america.com\/site\/principal\/#\/schema\/person\/a2e478ba496331ce89bcd0c731cd6533\"},\"breadcrumb\":{\"@id\":\"https:\/\/noti-america.com\/site\/principal\/2026\/01\/06\/validacion-migratoria-o-correccion-de-error-migratorio-por-lorena-vargas\/#breadcrumb\"},\"inLanguage\":\"es\",\"potentialAction\":[{\"@type\":\"ReadAction\",\"target\":[\"https:\/\/noti-america.com\/site\/principal\/2026\/01\/06\/validacion-migratoria-o-correccion-de-error-migratorio-por-lorena-vargas\/\"]}]},{\"@type\":\"ImageObject\",\"inLanguage\":\"es\",\"@id\":\"https:\/\/noti-america.com\/site\/principal\/2026\/01\/06\/validacion-migratoria-o-correccion-de-error-migratorio-por-lorena-vargas\/#primaryimage\",\"url\":\"https:\/\/noti-america.com\/site\/principal\/wp-content\/uploads\/sites\/26\/2025\/07\/MEXICO-LORENA-VARGAS.jpg\",\"contentUrl\":\"https:\/\/noti-america.com\/site\/principal\/wp-content\/uploads\/sites\/26\/2025\/07\/MEXICO-LORENA-VARGAS.jpg\",\"width\":1280,\"height\":1280},{\"@type\":\"BreadcrumbList\",\"@id\":\"https:\/\/noti-america.com\/site\/principal\/2026\/01\/06\/validacion-migratoria-o-correccion-de-error-migratorio-por-lorena-vargas\/#breadcrumb\",\"itemListElement\":[{\"@type\":\"ListItem\",\"position\":1,\"name\":\"Portada\",\"item\":\"https:\/\/noti-america.com\/site\/principal\/\"},{\"@type\":\"ListItem\",\"position\":2,\"name\":\"Validaci\u00f3n migratoria o correcci\u00f3n de error migratorio Por: Lorena Vargas\"}]},{\"@type\":\"WebSite\",\"@id\":\"https:\/\/noti-america.com\/site\/principal\/#website\",\"url\":\"https:\/\/noti-america.com\/site\/principal\/\",\"name\":\"Noti-America.com\",\"description\":\"El Noticiero Digital M\u00e1s Grande de Am\u00e9rica\",\"potentialAction\":[{\"@type\":\"SearchAction\",\"target\":{\"@type\":\"EntryPoint\",\"urlTemplate\":\"https:\/\/noti-america.com\/site\/principal\/?s={search_term_string}\"},\"query-input\":{\"@type\":\"PropertyValueSpecification\",\"valueRequired\":true,\"valueName\":\"search_term_string\"}}],\"inLanguage\":\"es\"},{\"@type\":\"Person\",\"@id\":\"https:\/\/noti-america.com\/site\/principal\/#\/schema\/person\/a2e478ba496331ce89bcd0c731cd6533\",\"name\":\"rloaiza\",\"image\":{\"@type\":\"ImageObject\",\"inLanguage\":\"es\",\"@id\":\"https:\/\/secure.gravatar.com\/avatar\/190058e5d4427934610b99c45aa7a6558806850adedd53ddeddd194b04773e22?s=96&d=mm&r=g\",\"url\":\"https:\/\/secure.gravatar.com\/avatar\/190058e5d4427934610b99c45aa7a6558806850adedd53ddeddd194b04773e22?s=96&d=mm&r=g\",\"contentUrl\":\"https:\/\/secure.gravatar.com\/avatar\/190058e5d4427934610b99c45aa7a6558806850adedd53ddeddd194b04773e22?s=96&d=mm&r=g\",\"caption\":\"rloaiza\"},\"url\":\"https:\/\/noti-america.com\/site\/principal\/author\/rloaiza\/\"}]}<\/script>\n<!-- \/ Yoast SEO Premium plugin. -->","yoast_head_json":{"title":"Validaci\u00f3n migratoria o correcci\u00f3n de error migratorio Por: Lorena Vargas - Noti-America.com","robots":{"index":"index","follow":"follow","max-snippet":"max-snippet:-1","max-image-preview":"max-image-preview:large","max-video-preview":"max-video-preview:-1"},"canonical":"https:\/\/noti-america.com\/site\/principal\/2026\/01\/06\/validacion-migratoria-o-correccion-de-error-migratorio-por-lorena-vargas\/","og_locale":"es_ES","og_type":"article","og_title":"Validaci\u00f3n migratoria o correcci\u00f3n de error migratorio Por: Lorena Vargas","og_description":"NOTI-AMERICA.COM | MEXICO Validaci\u00f3n migratoria o correcci\u00f3n de error migratorio En @abogadalorenamex te explicamos c\u00f3mo hacer correctamente tu validaci\u00f3n migratoria a trav\u00e9s del portal oficial del SAIME, dependiendo de tu situaci\u00f3n. \ud83d\udd39 PASO 1:&#46;&#46;&#46;","og_url":"https:\/\/noti-america.com\/site\/principal\/2026\/01\/06\/validacion-migratoria-o-correccion-de-error-migratorio-por-lorena-vargas\/","og_site_name":"Noti-America.com","article_published_time":"2026-01-06T20:39:41+00:00","og_image":[{"width":1280,"height":1280,"url":"https:\/\/noti-america.com\/site\/principal\/wp-content\/uploads\/sites\/26\/2025\/07\/MEXICO-LORENA-VARGAS.jpg","type":"image\/jpeg"}],"author":"rloaiza","twitter_card":"summary_large_image","twitter_misc":{"Escrito por":"rloaiza","Tiempo estimado de lectura":"2 minutos"},"schema":{"@context":"https:\/\/schema.org","@graph":[{"@type":"Article","@id":"https:\/\/noti-america.com\/site\/principal\/2026\/01\/06\/validacion-migratoria-o-correccion-de-error-migratorio-por-lorena-vargas\/#article","isPartOf":{"@id":"https:\/\/noti-america.com\/site\/principal\/2026\/01\/06\/validacion-migratoria-o-correccion-de-error-migratorio-por-lorena-vargas\/"},"author":{"name":"rloaiza","@id":"https:\/\/noti-america.com\/site\/principal\/#\/schema\/person\/a2e478ba496331ce89bcd0c731cd6533"},"headline":"Validaci\u00f3n migratoria o correcci\u00f3n de error migratorio Por: Lorena Vargas","datePublished":"2026-01-06T20:39:41+00:00","mainEntityOfPage":{"@id":"https:\/\/noti-america.com\/site\/principal\/2026\/01\/06\/validacion-migratoria-o-correccion-de-error-migratorio-por-lorena-vargas\/"},"wordCount":390,"image":{"@id":"https:\/\/noti-america.com\/site\/principal\/2026\/01\/06\/validacion-migratoria-o-correccion-de-error-migratorio-por-lorena-vargas\/#primaryimage"},"thumbnailUrl":"https:\/\/noti-america.com\/site\/principal\/wp-content\/uploads\/sites\/26\/2025\/07\/MEXICO-LORENA-VARGAS.jpg","articleSection":["Migraci\u00f3n","Opini\u00f3n"],"inLanguage":"es"},{"@type":"WebPage","@id":"https:\/\/noti-america.com\/site\/principal\/2026\/01\/06\/validacion-migratoria-o-correccion-de-error-migratorio-por-lorena-vargas\/","url":"https:\/\/noti-america.com\/site\/principal\/2026\/01\/06\/validacion-migratoria-o-correccion-de-error-migratorio-por-lorena-vargas\/","name":"Validaci\u00f3n migratoria o correcci\u00f3n de error migratorio Por: Lorena Vargas - Noti-America.com","isPartOf":{"@id":"https:\/\/noti-america.com\/site\/principal\/#website"},"primaryImageOfPage":{"@id":"https:\/\/noti-america.com\/site\/principal\/2026\/01\/06\/validacion-migratoria-o-correccion-de-error-migratorio-por-lorena-vargas\/#primaryimage"},"image":{"@id":"https:\/\/noti-america.com\/site\/principal\/2026\/01\/06\/validacion-migratoria-o-correccion-de-error-migratorio-por-lorena-vargas\/#primaryimage"},"thumbnailUrl":"https:\/\/noti-america.com\/site\/principal\/wp-content\/uploads\/sites\/26\/2025\/07\/MEXICO-LORENA-VARGAS.jpg","datePublished":"2026-01-06T20:39:41+00:00","author":{"@id":"https:\/\/noti-america.com\/site\/principal\/#\/schema\/person\/a2e478ba496331ce89bcd0c731cd6533"},"breadcrumb":{"@id":"https:\/\/noti-america.com\/site\/principal\/2026\/01\/06\/validacion-migratoria-o-correccion-de-error-migratorio-por-lorena-vargas\/#breadcrumb"},"inLanguage":"es","potentialAction":[{"@type":"ReadAction","target":["https:\/\/noti-america.com\/site\/principal\/2026\/01\/06\/validacion-migratoria-o-correccion-de-error-migratorio-por-lorena-vargas\/"]}]},{"@type":"ImageObject","inLanguage":"es","@id":"https:\/\/noti-america.com\/site\/principal\/2026\/01\/06\/validacion-migratoria-o-correccion-de-error-migratorio-por-lorena-vargas\/#primaryimage","url":"https:\/\/noti-america.com\/site\/principal\/wp-content\/uploads\/sites\/26\/2025\/07\/MEXICO-LORENA-VARGAS.jpg","contentUrl":"https:\/\/noti-america.com\/site\/principal\/wp-content\/uploads\/sites\/26\/2025\/07\/MEXICO-LORENA-VARGAS.jpg","width":1280,"height":1280},{"@type":"BreadcrumbList","@id":"https:\/\/noti-america.com\/site\/principal\/2026\/01\/06\/validacion-migratoria-o-correccion-de-error-migratorio-por-lorena-vargas\/#breadcrumb","itemListElement":[{"@type":"ListItem","position":1,"name":"Portada","item":"https:\/\/noti-america.com\/site\/principal\/"},{"@type":"ListItem","position":2,"name":"Validaci\u00f3n migratoria o correcci\u00f3n de error migratorio Por: Lorena Vargas"}]},{"@type":"WebSite","@id":"https:\/\/noti-america.com\/site\/principal\/#website","url":"https:\/\/noti-america.com\/site\/principal\/","name":"Noti-America.com","description":"El Noticiero Digital M\u00e1s Grande de Am\u00e9rica","potentialAction":[{"@type":"SearchAction","target":{"@type":"EntryPoint","urlTemplate":"https:\/\/noti-america.com\/site\/principal\/?s={search_term_string}"},"query-input":{"@type":"PropertyValueSpecification","valueRequired":true,"valueName":"search_term_string"}}],"inLanguage":"es"},{"@type":"Person","@id":"https:\/\/noti-america.com\/site\/principal\/#\/schema\/person\/a2e478ba496331ce89bcd0c731cd6533","name":"rloaiza","image":{"@type":"ImageObject","inLanguage":"es","@id":"https:\/\/secure.gravatar.com\/avatar\/190058e5d4427934610b99c45aa7a6558806850adedd53ddeddd194b04773e22?s=96&d=mm&r=g","url":"https:\/\/secure.gravatar.com\/avatar\/190058e5d4427934610b99c45aa7a6558806850adedd53ddeddd194b04773e22?s=96&d=mm&r=g","contentUrl":"https:\/\/secure.gravatar.com\/avatar\/190058e5d4427934610b99c45aa7a6558806850adedd53ddeddd194b04773e22?s=96&d=mm&r=g","caption":"rloaiza"},"url":"https:\/\/noti-america.com\/site\/principal\/author\/rloaiza\/"}]}},"_links":{"self":[{"href":"https:\/\/noti-america.com\/site\/principal\/wp-json\/wp\/v2\/posts\/79500","targetHints":{"allow":["GET"]}}],"collection":[{"href":"https:\/\/noti-america.com\/site\/principal\/wp-json\/wp\/v2\/posts"}],"about":[{"href":"https:\/\/noti-america.com\/site\/principal\/wp-json\/wp\/v2\/types\/post"}],"author":[{"embeddable":true,"href":"https:\/\/noti-america.com\/site\/principal\/wp-json\/wp\/v2\/users\/2"}],"replies":[{"embeddable":true,"href":"https:\/\/noti-america.com\/site\/principal\/wp-json\/wp\/v2\/comments?post=79500"}],"version-history":[{"count":1,"href":"https:\/\/noti-america.com\/site\/principal\/wp-json\/wp\/v2\/posts\/79500\/revisions"}],"predecessor-version":[{"id":79501,"href":"https:\/\/noti-america.com\/site\/principal\/wp-json\/wp\/v2\/posts\/79500\/revisions\/79501"}],"wp:featuredmedia":[{"embeddable":true,"href":"https:\/\/noti-america.com\/site\/principal\/wp-json\/wp\/v2\/media\/69812"}],"wp:attachment":[{"href":"https:\/\/noti-america.com\/site\/principal\/wp-json\/wp\/v2\/media?parent=79500"}],"wp:term":[{"taxonomy":"category","embeddable":true,"href":"https:\/\/noti-america.com\/site\/principal\/wp-json\/wp\/v2\/categories?post=79500"},{"taxonomy":"post_tag","embeddable":true,"href":"https:\/\/noti-america.com\/site\/principal\/wp-json\/wp\/v2\/tags?post=79500"}],"curies":[{"name":"wp","href":"https:\/\/api.w.org\/{rel}","templated":true}]}}