{"id":7870,"date":"2021-12-03T18:52:43","date_gmt":"2021-12-03T22:52:43","guid":{"rendered":"https:\/\/noti-america.com\/site\/principal\/?p=7870"},"modified":"2021-12-03T18:52:43","modified_gmt":"2021-12-03T22:52:43","slug":"condenan-a-tres-anos-de-prision-al-ex-alcalde-de-yoro-arnaldo-urbina-soto","status":"publish","type":"post","link":"https:\/\/noti-america.com\/site\/principal\/2021\/12\/03\/condenan-a-tres-anos-de-prision-al-ex-alcalde-de-yoro-arnaldo-urbina-soto\/","title":{"rendered":"Condenan A Tres A\u00f1os De Prisi\u00f3n Al Ex Alcalde De Yoro, Arnaldo Urbina Soto"},"content":{"rendered":"<p><strong>TEGUCIGALPA<\/strong><\/p>\n<p>Un tribunal hondure\u00f1o conden\u00f3 este viernes al exalcalde del municipio de Yoro, departamento del mismo nombre, Arnaldo Urbina Soto, y a su corporaci\u00f3n municipal, a una pena de tres a\u00f1os de prisi\u00f3n, por el delito de violaci\u00f3n a los deberes de los funcionarios.<\/p>\n<p>La Corte Suprema de Justicia (CSJ) inform\u00f3 que un Tribunal de Sentencia en Materia de Corrupci\u00f3n dio lectura de la resoluci\u00f3n para la ex corporaci\u00f3n municipal de Yoro, departamento del mismo nombre.<\/p>\n<p>La pena para el ex jefe edilicio fue de tres a\u00f1os de prisi\u00f3n e igual tiempo de inhabilitaci\u00f3n especial.<\/p>\n<p>Los jueces tambi\u00e9n condenan a Karen Rodr\u00edguez P\u00e9rez y Mirna Castro Lanza, a la pena de 3 a\u00f1os de inhabilitaci\u00f3n especial para empleo o cargo p\u00fablico, por el delito de violaci\u00f3n a los deberes de los funcionarios.<\/p>\n<p>El pasado\u00a019 de noviembre de este a\u00f1o, el Tribunal de Sentencia en Materia de Corrupci\u00f3n, por unanimidad de votos, declar\u00f3 culpable a los ex miembros de la corporaci\u00f3n municipal de Yoro, entre ellos el ex alcalde, Arnaldo Urbina Soto.<\/p>\n<p>Urbina Soto fue hallado culpable del delito de violaci\u00f3n de los deberes de los funcionarios; fue absuelto de 63 de abuso de autoridad y 122 por malversaci\u00f3n de caudales p\u00fablicos.<\/p>\n<p>Seg\u00fan los hechos probados en el juicio oral y p\u00fablico, el otrora rector de la comuna de Yoro suscribi\u00f3 contratos con Lenay Urbina Urbina, por el alquiler de maquinaria para la ejecuci\u00f3n de proyectos en diversas comunidades de su jurisdicci\u00f3n.<\/p>\n<p>Sin embargo, el ex titular de la entidad edilicia obvi\u00f3 los requisitos exigidos en las normas vigentes para contratar con el Estado, de las cuales, una es contar con el m\u00ednimo de cotizaciones requeridas para las contrataciones directas.<\/p>\n<p><strong>CORTES\u00cdA<\/strong>: <a href=\"https:\/\/confidencialhn.com\">confidencialhn.com<\/a><\/p>\n","protected":false},"excerpt":{"rendered":"<p>TEGUCIGALPA Un tribunal hondure\u00f1o conden\u00f3 este viernes al exalcalde del municipio de Yoro, departamento del mismo nombre, Arnaldo Urbina Soto, y a su corporaci\u00f3n municipal, a una pena de tres a\u00f1os de prisi\u00f3n, por&#46;&#46;&#46;<\/p>\n","protected":false},"author":110,"featured_media":7871,"comment_status":"open","ping_status":"open","sticky":false,"template":"","format":"image","meta":{"_acf_changed":false,"rop_custom_images_group":[],"rop_custom_messages_group":[],"rop_publish_now":"initial","rop_publish_now_accounts":{"facebook_10219548024599422_1632221337088128":"","twitter_242054905_242054905":""},"rop_publish_now_history":[],"rop_publish_now_status":"pending","footnotes":""},"categories":[663,674],"tags":[],"class_list":["post-7870","post","type-post","status-publish","format-image","has-post-thumbnail","hentry","category-actualidad","category-nacionales","post_format-post-format-image"],"acf":[],"yoast_head":"<!-- This site is optimized with the Yoast SEO Premium plugin v24.9 (Yoast SEO v27.2) - https:\/\/yoast.com\/product\/yoast-seo-premium-wordpress\/ -->\n<title>Condenan A Tres A\u00f1os De Prisi\u00f3n Al Ex Alcalde De Yoro, Arnaldo Urbina Soto - Noti-America.com<\/title>\n<meta name=\"robots\" content=\"index, follow, max-snippet:-1, max-image-preview:large, max-video-preview:-1\" \/>\n<link rel=\"canonical\" href=\"https:\/\/noti-america.com\/site\/principal\/2021\/12\/03\/condenan-a-tres-anos-de-prision-al-ex-alcalde-de-yoro-arnaldo-urbina-soto\/\" \/>\n<meta property=\"og:locale\" content=\"es_ES\" \/>\n<meta property=\"og:type\" content=\"article\" \/>\n<meta property=\"og:title\" content=\"Condenan A Tres A\u00f1os De Prisi\u00f3n Al Ex Alcalde De Yoro, Arnaldo Urbina Soto\" \/>\n<meta property=\"og:description\" content=\"TEGUCIGALPA Un tribunal hondure\u00f1o conden\u00f3 este viernes al exalcalde del municipio de Yoro, departamento del mismo nombre, Arnaldo Urbina Soto, y a su corporaci\u00f3n municipal, a una pena de tres a\u00f1os de prisi\u00f3n, por&#046;&#046;&#046;\" \/>\n<meta property=\"og:url\" content=\"https:\/\/noti-america.com\/site\/principal\/2021\/12\/03\/condenan-a-tres-anos-de-prision-al-ex-alcalde-de-yoro-arnaldo-urbina-soto\/\" \/>\n<meta property=\"og:site_name\" content=\"Noti-America.com\" \/>\n<meta property=\"article:published_time\" content=\"2021-12-03T22:52:43+00:00\" \/>\n<meta property=\"og:image\" content=\"https:\/\/noti-america.com\/site\/principal\/wp-content\/uploads\/sites\/26\/2021\/12\/Arnaldo-Urbina-Soto.jpg\" \/>\n\t<meta property=\"og:image:width\" content=\"800\" \/>\n\t<meta property=\"og:image:height\" content=\"485\" \/>\n\t<meta property=\"og:image:type\" content=\"image\/jpeg\" \/>\n<meta name=\"author\" content=\"Pedro Suazo\" \/>\n<meta name=\"twitter:card\" content=\"summary_large_image\" \/>\n<meta name=\"twitter:creator\" content=\"@pietrosuazo\" \/>\n<meta name=\"twitter:label1\" content=\"Escrito por\" \/>\n\t<meta name=\"twitter:data1\" content=\"Pedro Suazo\" \/>\n\t<meta name=\"twitter:label2\" content=\"Tiempo estimado de lectura\" \/>\n\t<meta name=\"twitter:data2\" content=\"2 minutos\" \/>\n<script type=\"application\/ld+json\" class=\"yoast-schema-graph\">{\"@context\":\"https:\/\/schema.org\",\"@graph\":[{\"@type\":\"Article\",\"@id\":\"https:\/\/noti-america.com\/site\/principal\/2021\/12\/03\/condenan-a-tres-anos-de-prision-al-ex-alcalde-de-yoro-arnaldo-urbina-soto\/#article\",\"isPartOf\":{\"@id\":\"https:\/\/noti-america.com\/site\/principal\/2021\/12\/03\/condenan-a-tres-anos-de-prision-al-ex-alcalde-de-yoro-arnaldo-urbina-soto\/\"},\"author\":{\"name\":\"Pedro Suazo\",\"@id\":\"https:\/\/noti-america.com\/site\/principal\/#\/schema\/person\/9b873cf7fcc4c751d1816d2e4235f9ca\"},\"headline\":\"Condenan A Tres A\u00f1os De Prisi\u00f3n Al Ex Alcalde De Yoro, Arnaldo Urbina Soto\",\"datePublished\":\"2021-12-03T22:52:43+00:00\",\"mainEntityOfPage\":{\"@id\":\"https:\/\/noti-america.com\/site\/principal\/2021\/12\/03\/condenan-a-tres-anos-de-prision-al-ex-alcalde-de-yoro-arnaldo-urbina-soto\/\"},\"wordCount\":325,\"commentCount\":0,\"image\":{\"@id\":\"https:\/\/noti-america.com\/site\/principal\/2021\/12\/03\/condenan-a-tres-anos-de-prision-al-ex-alcalde-de-yoro-arnaldo-urbina-soto\/#primaryimage\"},\"thumbnailUrl\":\"https:\/\/noti-america.com\/site\/principal\/wp-content\/uploads\/sites\/26\/2021\/12\/Arnaldo-Urbina-Soto.jpg\",\"articleSection\":[\"Actualidad\",\"Nacionales\"],\"inLanguage\":\"es\",\"potentialAction\":[{\"@type\":\"CommentAction\",\"name\":\"Comment\",\"target\":[\"https:\/\/noti-america.com\/site\/principal\/2021\/12\/03\/condenan-a-tres-anos-de-prision-al-ex-alcalde-de-yoro-arnaldo-urbina-soto\/#respond\"]}]},{\"@type\":\"WebPage\",\"@id\":\"https:\/\/noti-america.com\/site\/principal\/2021\/12\/03\/condenan-a-tres-anos-de-prision-al-ex-alcalde-de-yoro-arnaldo-urbina-soto\/\",\"url\":\"https:\/\/noti-america.com\/site\/principal\/2021\/12\/03\/condenan-a-tres-anos-de-prision-al-ex-alcalde-de-yoro-arnaldo-urbina-soto\/\",\"name\":\"Condenan A Tres A\u00f1os De Prisi\u00f3n Al Ex Alcalde De Yoro, Arnaldo Urbina Soto - Noti-America.com\",\"isPartOf\":{\"@id\":\"https:\/\/noti-america.com\/site\/principal\/#website\"},\"primaryImageOfPage\":{\"@id\":\"https:\/\/noti-america.com\/site\/principal\/2021\/12\/03\/condenan-a-tres-anos-de-prision-al-ex-alcalde-de-yoro-arnaldo-urbina-soto\/#primaryimage\"},\"image\":{\"@id\":\"https:\/\/noti-america.com\/site\/principal\/2021\/12\/03\/condenan-a-tres-anos-de-prision-al-ex-alcalde-de-yoro-arnaldo-urbina-soto\/#primaryimage\"},\"thumbnailUrl\":\"https:\/\/noti-america.com\/site\/principal\/wp-content\/uploads\/sites\/26\/2021\/12\/Arnaldo-Urbina-Soto.jpg\",\"datePublished\":\"2021-12-03T22:52:43+00:00\",\"author\":{\"@id\":\"https:\/\/noti-america.com\/site\/principal\/#\/schema\/person\/9b873cf7fcc4c751d1816d2e4235f9ca\"},\"breadcrumb\":{\"@id\":\"https:\/\/noti-america.com\/site\/principal\/2021\/12\/03\/condenan-a-tres-anos-de-prision-al-ex-alcalde-de-yoro-arnaldo-urbina-soto\/#breadcrumb\"},\"inLanguage\":\"es\",\"potentialAction\":[{\"@type\":\"ReadAction\",\"target\":[\"https:\/\/noti-america.com\/site\/principal\/2021\/12\/03\/condenan-a-tres-anos-de-prision-al-ex-alcalde-de-yoro-arnaldo-urbina-soto\/\"]}]},{\"@type\":\"ImageObject\",\"inLanguage\":\"es\",\"@id\":\"https:\/\/noti-america.com\/site\/principal\/2021\/12\/03\/condenan-a-tres-anos-de-prision-al-ex-alcalde-de-yoro-arnaldo-urbina-soto\/#primaryimage\",\"url\":\"https:\/\/noti-america.com\/site\/principal\/wp-content\/uploads\/sites\/26\/2021\/12\/Arnaldo-Urbina-Soto.jpg\",\"contentUrl\":\"https:\/\/noti-america.com\/site\/principal\/wp-content\/uploads\/sites\/26\/2021\/12\/Arnaldo-Urbina-Soto.jpg\",\"width\":800,\"height\":485},{\"@type\":\"BreadcrumbList\",\"@id\":\"https:\/\/noti-america.com\/site\/principal\/2021\/12\/03\/condenan-a-tres-anos-de-prision-al-ex-alcalde-de-yoro-arnaldo-urbina-soto\/#breadcrumb\",\"itemListElement\":[{\"@type\":\"ListItem\",\"position\":1,\"name\":\"Portada\",\"item\":\"https:\/\/noti-america.com\/site\/principal\/\"},{\"@type\":\"ListItem\",\"position\":2,\"name\":\"Condenan A Tres A\u00f1os De Prisi\u00f3n Al Ex Alcalde De Yoro, Arnaldo Urbina Soto\"}]},{\"@type\":\"WebSite\",\"@id\":\"https:\/\/noti-america.com\/site\/principal\/#website\",\"url\":\"https:\/\/noti-america.com\/site\/principal\/\",\"name\":\"Noti-America.com\",\"description\":\"El Noticiero Digital M\u00e1s Grande de Am\u00e9rica\",\"potentialAction\":[{\"@type\":\"SearchAction\",\"target\":{\"@type\":\"EntryPoint\",\"urlTemplate\":\"https:\/\/noti-america.com\/site\/principal\/?s={search_term_string}\"},\"query-input\":{\"@type\":\"PropertyValueSpecification\",\"valueRequired\":true,\"valueName\":\"search_term_string\"}}],\"inLanguage\":\"es\"},{\"@type\":\"Person\",\"@id\":\"https:\/\/noti-america.com\/site\/principal\/#\/schema\/person\/9b873cf7fcc4c751d1816d2e4235f9ca\",\"name\":\"Pedro Suazo\",\"image\":{\"@type\":\"ImageObject\",\"inLanguage\":\"es\",\"@id\":\"https:\/\/secure.gravatar.com\/avatar\/e46d552e8754c06a5c223a4629954b950dd8c6721a566907dc0566c817fa5cb7?s=96&d=mm&r=g\",\"url\":\"https:\/\/secure.gravatar.com\/avatar\/e46d552e8754c06a5c223a4629954b950dd8c6721a566907dc0566c817fa5cb7?s=96&d=mm&r=g\",\"contentUrl\":\"https:\/\/secure.gravatar.com\/avatar\/e46d552e8754c06a5c223a4629954b950dd8c6721a566907dc0566c817fa5cb7?s=96&d=mm&r=g\",\"caption\":\"Pedro Suazo\"},\"description\":\"Especialista en Informatica Administrativa con experiencia en noticias Deportivas y Desarrollo de P\u00e1ginas Web para Periodicos Digitales, Radios y Tv Online. Webmaster Noti-America Honduras\",\"sameAs\":[\"https:\/\/x.com\/pietrosuazo\"],\"url\":\"https:\/\/noti-america.com\/site\/principal\/author\/psuazo\/\"}]}<\/script>\n<!-- \/ Yoast SEO Premium plugin. -->","yoast_head_json":{"title":"Condenan A Tres A\u00f1os De Prisi\u00f3n Al Ex Alcalde De Yoro, Arnaldo Urbina Soto - Noti-America.com","robots":{"index":"index","follow":"follow","max-snippet":"max-snippet:-1","max-image-preview":"max-image-preview:large","max-video-preview":"max-video-preview:-1"},"canonical":"https:\/\/noti-america.com\/site\/principal\/2021\/12\/03\/condenan-a-tres-anos-de-prision-al-ex-alcalde-de-yoro-arnaldo-urbina-soto\/","og_locale":"es_ES","og_type":"article","og_title":"Condenan A Tres A\u00f1os De Prisi\u00f3n Al Ex Alcalde De Yoro, Arnaldo Urbina Soto","og_description":"TEGUCIGALPA Un tribunal hondure\u00f1o conden\u00f3 este viernes al exalcalde del municipio de Yoro, departamento del mismo nombre, Arnaldo Urbina Soto, y a su corporaci\u00f3n municipal, a una pena de tres a\u00f1os de prisi\u00f3n, por&#46;&#46;&#46;","og_url":"https:\/\/noti-america.com\/site\/principal\/2021\/12\/03\/condenan-a-tres-anos-de-prision-al-ex-alcalde-de-yoro-arnaldo-urbina-soto\/","og_site_name":"Noti-America.com","article_published_time":"2021-12-03T22:52:43+00:00","og_image":[{"width":800,"height":485,"url":"https:\/\/noti-america.com\/site\/principal\/wp-content\/uploads\/sites\/26\/2021\/12\/Arnaldo-Urbina-Soto.jpg","type":"image\/jpeg"}],"author":"Pedro Suazo","twitter_card":"summary_large_image","twitter_creator":"@pietrosuazo","twitter_misc":{"Escrito por":"Pedro Suazo","Tiempo estimado de lectura":"2 minutos"},"schema":{"@context":"https:\/\/schema.org","@graph":[{"@type":"Article","@id":"https:\/\/noti-america.com\/site\/principal\/2021\/12\/03\/condenan-a-tres-anos-de-prision-al-ex-alcalde-de-yoro-arnaldo-urbina-soto\/#article","isPartOf":{"@id":"https:\/\/noti-america.com\/site\/principal\/2021\/12\/03\/condenan-a-tres-anos-de-prision-al-ex-alcalde-de-yoro-arnaldo-urbina-soto\/"},"author":{"name":"Pedro Suazo","@id":"https:\/\/noti-america.com\/site\/principal\/#\/schema\/person\/9b873cf7fcc4c751d1816d2e4235f9ca"},"headline":"Condenan A Tres A\u00f1os De Prisi\u00f3n Al Ex Alcalde De Yoro, Arnaldo Urbina Soto","datePublished":"2021-12-03T22:52:43+00:00","mainEntityOfPage":{"@id":"https:\/\/noti-america.com\/site\/principal\/2021\/12\/03\/condenan-a-tres-anos-de-prision-al-ex-alcalde-de-yoro-arnaldo-urbina-soto\/"},"wordCount":325,"commentCount":0,"image":{"@id":"https:\/\/noti-america.com\/site\/principal\/2021\/12\/03\/condenan-a-tres-anos-de-prision-al-ex-alcalde-de-yoro-arnaldo-urbina-soto\/#primaryimage"},"thumbnailUrl":"https:\/\/noti-america.com\/site\/principal\/wp-content\/uploads\/sites\/26\/2021\/12\/Arnaldo-Urbina-Soto.jpg","articleSection":["Actualidad","Nacionales"],"inLanguage":"es","potentialAction":[{"@type":"CommentAction","name":"Comment","target":["https:\/\/noti-america.com\/site\/principal\/2021\/12\/03\/condenan-a-tres-anos-de-prision-al-ex-alcalde-de-yoro-arnaldo-urbina-soto\/#respond"]}]},{"@type":"WebPage","@id":"https:\/\/noti-america.com\/site\/principal\/2021\/12\/03\/condenan-a-tres-anos-de-prision-al-ex-alcalde-de-yoro-arnaldo-urbina-soto\/","url":"https:\/\/noti-america.com\/site\/principal\/2021\/12\/03\/condenan-a-tres-anos-de-prision-al-ex-alcalde-de-yoro-arnaldo-urbina-soto\/","name":"Condenan A Tres A\u00f1os De Prisi\u00f3n Al Ex Alcalde De Yoro, Arnaldo Urbina Soto - Noti-America.com","isPartOf":{"@id":"https:\/\/noti-america.com\/site\/principal\/#website"},"primaryImageOfPage":{"@id":"https:\/\/noti-america.com\/site\/principal\/2021\/12\/03\/condenan-a-tres-anos-de-prision-al-ex-alcalde-de-yoro-arnaldo-urbina-soto\/#primaryimage"},"image":{"@id":"https:\/\/noti-america.com\/site\/principal\/2021\/12\/03\/condenan-a-tres-anos-de-prision-al-ex-alcalde-de-yoro-arnaldo-urbina-soto\/#primaryimage"},"thumbnailUrl":"https:\/\/noti-america.com\/site\/principal\/wp-content\/uploads\/sites\/26\/2021\/12\/Arnaldo-Urbina-Soto.jpg","datePublished":"2021-12-03T22:52:43+00:00","author":{"@id":"https:\/\/noti-america.com\/site\/principal\/#\/schema\/person\/9b873cf7fcc4c751d1816d2e4235f9ca"},"breadcrumb":{"@id":"https:\/\/noti-america.com\/site\/principal\/2021\/12\/03\/condenan-a-tres-anos-de-prision-al-ex-alcalde-de-yoro-arnaldo-urbina-soto\/#breadcrumb"},"inLanguage":"es","potentialAction":[{"@type":"ReadAction","target":["https:\/\/noti-america.com\/site\/principal\/2021\/12\/03\/condenan-a-tres-anos-de-prision-al-ex-alcalde-de-yoro-arnaldo-urbina-soto\/"]}]},{"@type":"ImageObject","inLanguage":"es","@id":"https:\/\/noti-america.com\/site\/principal\/2021\/12\/03\/condenan-a-tres-anos-de-prision-al-ex-alcalde-de-yoro-arnaldo-urbina-soto\/#primaryimage","url":"https:\/\/noti-america.com\/site\/principal\/wp-content\/uploads\/sites\/26\/2021\/12\/Arnaldo-Urbina-Soto.jpg","contentUrl":"https:\/\/noti-america.com\/site\/principal\/wp-content\/uploads\/sites\/26\/2021\/12\/Arnaldo-Urbina-Soto.jpg","width":800,"height":485},{"@type":"BreadcrumbList","@id":"https:\/\/noti-america.com\/site\/principal\/2021\/12\/03\/condenan-a-tres-anos-de-prision-al-ex-alcalde-de-yoro-arnaldo-urbina-soto\/#breadcrumb","itemListElement":[{"@type":"ListItem","position":1,"name":"Portada","item":"https:\/\/noti-america.com\/site\/principal\/"},{"@type":"ListItem","position":2,"name":"Condenan A Tres A\u00f1os De Prisi\u00f3n Al Ex Alcalde De Yoro, Arnaldo Urbina Soto"}]},{"@type":"WebSite","@id":"https:\/\/noti-america.com\/site\/principal\/#website","url":"https:\/\/noti-america.com\/site\/principal\/","name":"Noti-America.com","description":"El Noticiero Digital M\u00e1s Grande de Am\u00e9rica","potentialAction":[{"@type":"SearchAction","target":{"@type":"EntryPoint","urlTemplate":"https:\/\/noti-america.com\/site\/principal\/?s={search_term_string}"},"query-input":{"@type":"PropertyValueSpecification","valueRequired":true,"valueName":"search_term_string"}}],"inLanguage":"es"},{"@type":"Person","@id":"https:\/\/noti-america.com\/site\/principal\/#\/schema\/person\/9b873cf7fcc4c751d1816d2e4235f9ca","name":"Pedro Suazo","image":{"@type":"ImageObject","inLanguage":"es","@id":"https:\/\/secure.gravatar.com\/avatar\/e46d552e8754c06a5c223a4629954b950dd8c6721a566907dc0566c817fa5cb7?s=96&d=mm&r=g","url":"https:\/\/secure.gravatar.com\/avatar\/e46d552e8754c06a5c223a4629954b950dd8c6721a566907dc0566c817fa5cb7?s=96&d=mm&r=g","contentUrl":"https:\/\/secure.gravatar.com\/avatar\/e46d552e8754c06a5c223a4629954b950dd8c6721a566907dc0566c817fa5cb7?s=96&d=mm&r=g","caption":"Pedro Suazo"},"description":"Especialista en Informatica Administrativa con experiencia en noticias Deportivas y Desarrollo de P\u00e1ginas Web para Periodicos Digitales, Radios y Tv Online. Webmaster Noti-America Honduras","sameAs":["https:\/\/x.com\/pietrosuazo"],"url":"https:\/\/noti-america.com\/site\/principal\/author\/psuazo\/"}]}},"_links":{"self":[{"href":"https:\/\/noti-america.com\/site\/principal\/wp-json\/wp\/v2\/posts\/7870","targetHints":{"allow":["GET"]}}],"collection":[{"href":"https:\/\/noti-america.com\/site\/principal\/wp-json\/wp\/v2\/posts"}],"about":[{"href":"https:\/\/noti-america.com\/site\/principal\/wp-json\/wp\/v2\/types\/post"}],"author":[{"embeddable":true,"href":"https:\/\/noti-america.com\/site\/principal\/wp-json\/wp\/v2\/users\/110"}],"replies":[{"embeddable":true,"href":"https:\/\/noti-america.com\/site\/principal\/wp-json\/wp\/v2\/comments?post=7870"}],"version-history":[{"count":0,"href":"https:\/\/noti-america.com\/site\/principal\/wp-json\/wp\/v2\/posts\/7870\/revisions"}],"wp:featuredmedia":[{"embeddable":true,"href":"https:\/\/noti-america.com\/site\/principal\/wp-json\/wp\/v2\/media\/7871"}],"wp:attachment":[{"href":"https:\/\/noti-america.com\/site\/principal\/wp-json\/wp\/v2\/media?parent=7870"}],"wp:term":[{"taxonomy":"category","embeddable":true,"href":"https:\/\/noti-america.com\/site\/principal\/wp-json\/wp\/v2\/categories?post=7870"},{"taxonomy":"post_tag","embeddable":true,"href":"https:\/\/noti-america.com\/site\/principal\/wp-json\/wp\/v2\/tags?post=7870"}],"curies":[{"name":"wp","href":"https:\/\/api.w.org\/{rel}","templated":true}]}}