{"id":78478,"date":"2025-12-17T16:58:44","date_gmt":"2025-12-17T20:58:44","guid":{"rendered":"https:\/\/noti-america.com\/site\/principal\/?p=78478"},"modified":"2025-12-17T16:58:44","modified_gmt":"2025-12-17T20:58:44","slug":"riesgos-de-cancer-de-cabeza-y-cuello-en-los-jovenes-por-el-consumo-de-alcohol-vapeo-y-tabaco-alertan-los-expertos","status":"publish","type":"post","link":"https:\/\/noti-america.com\/site\/principal\/2025\/12\/17\/riesgos-de-cancer-de-cabeza-y-cuello-en-los-jovenes-por-el-consumo-de-alcohol-vapeo-y-tabaco-alertan-los-expertos\/","title":{"rendered":"R\u00efesgos de c\u00e1nc\u00ebr de cabeza y cuello en los j\u00f3venes por el cons\u00fcmo de alc\u00f8hol, v\u00c2p\u00eb\u00f8 y tab\u00e3c\u00f8: al\u00ebrtan los expertos"},"content":{"rendered":"<p>NOTI-AMERICA.COM | ESPA\u00d1A<\/p>\n<p style=\"text-align: justify\">La Sociedad Espa\u00f1ola de Otorrinolaringolog\u00eda y Cirug\u00eda de Cabeza y Cuello (SEORL-CCC) ha al\u00eartado a los adolescentes y j\u00f3venes de la relaci\u00f3n entre el cons\u00fcmo de alc\u00f8hol y nuevas formas de tab\u00e3co y el aumento del r\u00efesgo de sufr\u00efr c\u00e1nc\u00ebr de cabeza y cuello, una enferm\u00ebdad que en la actualidad af\u00eacta sobre todo a personas mayores de 50 a\u00f1os pero que podr\u00eda cambiar su perfil en las pr\u00f3ximas d\u00e9cadas como consecuencia de estos patrones de cons\u00fcmo.<\/p>\n<p style=\"text-align: justify\">En cuanto al v\u00c2p\u00eb\u00f8, aunque a\u00fan no existen series largas que permitan medir su incidencia directa sobre estos t\u00fcmores, el Ministerio de Sanidad concluye en su Informe sobre Cig\u0105rrillos Electr\u00f3nicos que no son seguros, que contienen sustancias potencialmente t\u00f3xicas y que funcionan como antesala del tab\u00e2qu\u00efsmo entre los j\u00f3venes.<\/p>\n<p style=\"text-align: justify\">Por su parte, el alc\u00f8hol act\u00faa como carc\u00efn\u00f3geno directo, pero tambi\u00e9n como facilitador, pues aumenta la permeabilidad de las mucosas, favorece la pen\u00ebtraci\u00f3n de t\u00f3xic\u00f8s derivados del tab\u00e3co y los nuevos productos de nic\u00f8tina, potencia la inflam\u00e2ci\u00f3n cr\u00f3n\u00efca y reduce los mecanismos de reparaci\u00f3n del ADN. Su combinaci\u00f3n con el tab\u00e3co o productos relacionados multiplica entre 10 y 20 veces la probabilidad de desarrollar estos t\u00fcmores.<\/p>\n<p style=\"text-align: justify\">A partir de esta exposici\u00f3n, los expertos de la SEORL-CCC han identificado que el patr\u00f3n actual, que implica el cons\u00fcmo de alc\u00f8hol, cig\u0105rrillos electr\u00f3nicos y p\u00efp\u00c2s de forma temprana, forma un caldo de cultivo que podr\u00eda aumentar la prevalencia y adelantar la aparici\u00f3n de t\u00fcmores tradicionalmente vinculados a edades m\u00e1s avanzadas, como es el caso del c\u00e1nc\u00ebr de cabeza y cuello.<\/p>\n","protected":false},"excerpt":{"rendered":"<p>NOTI-AMERICA.COM | ESPA\u00d1A La Sociedad Espa\u00f1ola de Otorrinolaringolog\u00eda y Cirug\u00eda de Cabeza y Cuello (SEORL-CCC) ha al\u00eartado a los adolescentes y j\u00f3venes de la relaci\u00f3n entre el cons\u00fcmo de alc\u00f8hol y nuevas formas de&#46;&#46;&#46;<\/p>\n","protected":false},"author":133,"featured_media":78479,"comment_status":"","ping_status":"open","sticky":false,"template":"","format":"image","meta":{"_acf_changed":false,"rop_custom_images_group":[],"rop_custom_messages_group":[],"rop_publish_now":"no","rop_publish_now_accounts":[],"rop_publish_now_history":[],"rop_publish_now_status":"pending","footnotes":""},"categories":[13],"tags":[],"class_list":["post-78478","post","type-post","status-publish","format-image","has-post-thumbnail","hentry","category-vida-y-salud","post_format-post-format-image"],"acf":[],"yoast_head":"<!-- This site is optimized with the Yoast SEO Premium plugin v24.9 (Yoast SEO v27.2) - https:\/\/yoast.com\/product\/yoast-seo-premium-wordpress\/ -->\n<title>R\u00efesgos de c\u00e1nc\u00ebr de cabeza y cuello en los j\u00f3venes por el cons\u00fcmo de alc\u00f8hol, v\u00c2p\u00eb\u00f8 y tab\u00e3c\u00f8: al\u00ebrtan los expertos - Noti-America.com<\/title>\n<meta name=\"robots\" content=\"index, follow, max-snippet:-1, max-image-preview:large, max-video-preview:-1\" \/>\n<link rel=\"canonical\" href=\"https:\/\/noti-america.com\/site\/principal\/2025\/12\/17\/riesgos-de-cancer-de-cabeza-y-cuello-en-los-jovenes-por-el-consumo-de-alcohol-vapeo-y-tabaco-alertan-los-expertos\/\" \/>\n<meta property=\"og:locale\" content=\"es_ES\" \/>\n<meta property=\"og:type\" content=\"article\" \/>\n<meta property=\"og:title\" content=\"R\u00efesgos de c\u00e1nc\u00ebr de cabeza y cuello en los j\u00f3venes por el cons\u00fcmo de alc\u00f8hol, v\u00c2p\u00eb\u00f8 y tab\u00e3c\u00f8: al\u00ebrtan los expertos\" \/>\n<meta property=\"og:description\" content=\"NOTI-AMERICA.COM | ESPA\u00d1A La Sociedad Espa\u00f1ola de Otorrinolaringolog\u00eda y Cirug\u00eda de Cabeza y Cuello (SEORL-CCC) ha al\u00eartado a los adolescentes y j\u00f3venes de la relaci\u00f3n entre el cons\u00fcmo de alc\u00f8hol y nuevas formas de&#046;&#046;&#046;\" \/>\n<meta property=\"og:url\" content=\"https:\/\/noti-america.com\/site\/principal\/2025\/12\/17\/riesgos-de-cancer-de-cabeza-y-cuello-en-los-jovenes-por-el-consumo-de-alcohol-vapeo-y-tabaco-alertan-los-expertos\/\" \/>\n<meta property=\"og:site_name\" content=\"Noti-America.com\" \/>\n<meta property=\"article:author\" content=\"Mar\u00eda Valentina Noguera\" \/>\n<meta property=\"article:published_time\" content=\"2025-12-17T20:58:44+00:00\" \/>\n<meta property=\"og:image\" content=\"https:\/\/noti-america.com\/site\/principal\/wp-content\/uploads\/sites\/26\/2025\/12\/mas-550-000-personas-son-diagnosticadas-cada-ano-nivel-mundial-cancer-cabeza-y-cuello-1.jpg\" \/>\n\t<meta property=\"og:image:width\" content=\"1540\" \/>\n\t<meta property=\"og:image:height\" content=\"866\" \/>\n\t<meta property=\"og:image:type\" content=\"image\/jpeg\" \/>\n<meta name=\"author\" content=\"Maria Valentina Noguera Medina\" \/>\n<meta name=\"twitter:card\" content=\"summary_large_image\" \/>\n<meta name=\"twitter:label1\" content=\"Escrito por\" \/>\n\t<meta name=\"twitter:data1\" content=\"Maria Valentina Noguera Medina\" \/>\n\t<meta name=\"twitter:label2\" content=\"Tiempo estimado de lectura\" \/>\n\t<meta name=\"twitter:data2\" content=\"2 minutos\" \/>\n<script type=\"application\/ld+json\" class=\"yoast-schema-graph\">{\"@context\":\"https:\/\/schema.org\",\"@graph\":[{\"@type\":\"Article\",\"@id\":\"https:\/\/noti-america.com\/site\/principal\/2025\/12\/17\/riesgos-de-cancer-de-cabeza-y-cuello-en-los-jovenes-por-el-consumo-de-alcohol-vapeo-y-tabaco-alertan-los-expertos\/#article\",\"isPartOf\":{\"@id\":\"https:\/\/noti-america.com\/site\/principal\/2025\/12\/17\/riesgos-de-cancer-de-cabeza-y-cuello-en-los-jovenes-por-el-consumo-de-alcohol-vapeo-y-tabaco-alertan-los-expertos\/\"},\"author\":{\"name\":\"Maria Valentina Noguera Medina\",\"@id\":\"https:\/\/noti-america.com\/site\/principal\/#\/schema\/person\/22806efcc2cfc4b45efb0e17be210ea8\"},\"headline\":\"R\u00efesgos de c\u00e1nc\u00ebr de cabeza y cuello en los j\u00f3venes por el cons\u00fcmo de alc\u00f8hol, v\u00c2p\u00eb\u00f8 y tab\u00e3c\u00f8: al\u00ebrtan los expertos\",\"datePublished\":\"2025-12-17T20:58:44+00:00\",\"mainEntityOfPage\":{\"@id\":\"https:\/\/noti-america.com\/site\/principal\/2025\/12\/17\/riesgos-de-cancer-de-cabeza-y-cuello-en-los-jovenes-por-el-consumo-de-alcohol-vapeo-y-tabaco-alertan-los-expertos\/\"},\"wordCount\":345,\"image\":{\"@id\":\"https:\/\/noti-america.com\/site\/principal\/2025\/12\/17\/riesgos-de-cancer-de-cabeza-y-cuello-en-los-jovenes-por-el-consumo-de-alcohol-vapeo-y-tabaco-alertan-los-expertos\/#primaryimage\"},\"thumbnailUrl\":\"https:\/\/noti-america.com\/site\/principal\/wp-content\/uploads\/sites\/26\/2025\/12\/mas-550-000-personas-son-diagnosticadas-cada-ano-nivel-mundial-cancer-cabeza-y-cuello-1.jpg\",\"articleSection\":[\"Vida y Salud\"],\"inLanguage\":\"es\"},{\"@type\":\"WebPage\",\"@id\":\"https:\/\/noti-america.com\/site\/principal\/2025\/12\/17\/riesgos-de-cancer-de-cabeza-y-cuello-en-los-jovenes-por-el-consumo-de-alcohol-vapeo-y-tabaco-alertan-los-expertos\/\",\"url\":\"https:\/\/noti-america.com\/site\/principal\/2025\/12\/17\/riesgos-de-cancer-de-cabeza-y-cuello-en-los-jovenes-por-el-consumo-de-alcohol-vapeo-y-tabaco-alertan-los-expertos\/\",\"name\":\"R\u00efesgos de c\u00e1nc\u00ebr de cabeza y cuello en los j\u00f3venes por el cons\u00fcmo de alc\u00f8hol, v\u00c2p\u00eb\u00f8 y tab\u00e3c\u00f8: al\u00ebrtan los expertos - Noti-America.com\",\"isPartOf\":{\"@id\":\"https:\/\/noti-america.com\/site\/principal\/#website\"},\"primaryImageOfPage\":{\"@id\":\"https:\/\/noti-america.com\/site\/principal\/2025\/12\/17\/riesgos-de-cancer-de-cabeza-y-cuello-en-los-jovenes-por-el-consumo-de-alcohol-vapeo-y-tabaco-alertan-los-expertos\/#primaryimage\"},\"image\":{\"@id\":\"https:\/\/noti-america.com\/site\/principal\/2025\/12\/17\/riesgos-de-cancer-de-cabeza-y-cuello-en-los-jovenes-por-el-consumo-de-alcohol-vapeo-y-tabaco-alertan-los-expertos\/#primaryimage\"},\"thumbnailUrl\":\"https:\/\/noti-america.com\/site\/principal\/wp-content\/uploads\/sites\/26\/2025\/12\/mas-550-000-personas-son-diagnosticadas-cada-ano-nivel-mundial-cancer-cabeza-y-cuello-1.jpg\",\"datePublished\":\"2025-12-17T20:58:44+00:00\",\"author\":{\"@id\":\"https:\/\/noti-america.com\/site\/principal\/#\/schema\/person\/22806efcc2cfc4b45efb0e17be210ea8\"},\"breadcrumb\":{\"@id\":\"https:\/\/noti-america.com\/site\/principal\/2025\/12\/17\/riesgos-de-cancer-de-cabeza-y-cuello-en-los-jovenes-por-el-consumo-de-alcohol-vapeo-y-tabaco-alertan-los-expertos\/#breadcrumb\"},\"inLanguage\":\"es\",\"potentialAction\":[{\"@type\":\"ReadAction\",\"target\":[\"https:\/\/noti-america.com\/site\/principal\/2025\/12\/17\/riesgos-de-cancer-de-cabeza-y-cuello-en-los-jovenes-por-el-consumo-de-alcohol-vapeo-y-tabaco-alertan-los-expertos\/\"]}]},{\"@type\":\"ImageObject\",\"inLanguage\":\"es\",\"@id\":\"https:\/\/noti-america.com\/site\/principal\/2025\/12\/17\/riesgos-de-cancer-de-cabeza-y-cuello-en-los-jovenes-por-el-consumo-de-alcohol-vapeo-y-tabaco-alertan-los-expertos\/#primaryimage\",\"url\":\"https:\/\/noti-america.com\/site\/principal\/wp-content\/uploads\/sites\/26\/2025\/12\/mas-550-000-personas-son-diagnosticadas-cada-ano-nivel-mundial-cancer-cabeza-y-cuello-1.jpg\",\"contentUrl\":\"https:\/\/noti-america.com\/site\/principal\/wp-content\/uploads\/sites\/26\/2025\/12\/mas-550-000-personas-son-diagnosticadas-cada-ano-nivel-mundial-cancer-cabeza-y-cuello-1.jpg\",\"width\":1540,\"height\":866},{\"@type\":\"BreadcrumbList\",\"@id\":\"https:\/\/noti-america.com\/site\/principal\/2025\/12\/17\/riesgos-de-cancer-de-cabeza-y-cuello-en-los-jovenes-por-el-consumo-de-alcohol-vapeo-y-tabaco-alertan-los-expertos\/#breadcrumb\",\"itemListElement\":[{\"@type\":\"ListItem\",\"position\":1,\"name\":\"Portada\",\"item\":\"https:\/\/noti-america.com\/site\/principal\/\"},{\"@type\":\"ListItem\",\"position\":2,\"name\":\"R\u00efesgos de c\u00e1nc\u00ebr de cabeza y cuello en los j\u00f3venes por el cons\u00fcmo de alc\u00f8hol, v\u00c2p\u00eb\u00f8 y tab\u00e3c\u00f8: al\u00ebrtan los expertos\"}]},{\"@type\":\"WebSite\",\"@id\":\"https:\/\/noti-america.com\/site\/principal\/#website\",\"url\":\"https:\/\/noti-america.com\/site\/principal\/\",\"name\":\"Noti-America.com\",\"description\":\"El Noticiero Digital M\u00e1s Grande de Am\u00e9rica\",\"potentialAction\":[{\"@type\":\"SearchAction\",\"target\":{\"@type\":\"EntryPoint\",\"urlTemplate\":\"https:\/\/noti-america.com\/site\/principal\/?s={search_term_string}\"},\"query-input\":{\"@type\":\"PropertyValueSpecification\",\"valueRequired\":true,\"valueName\":\"search_term_string\"}}],\"inLanguage\":\"es\"},{\"@type\":\"Person\",\"@id\":\"https:\/\/noti-america.com\/site\/principal\/#\/schema\/person\/22806efcc2cfc4b45efb0e17be210ea8\",\"name\":\"Maria Valentina Noguera Medina\",\"image\":{\"@type\":\"ImageObject\",\"inLanguage\":\"es\",\"@id\":\"https:\/\/secure.gravatar.com\/avatar\/4ec5eb9d099f2608a49c9df6f7341f66f04f819cdffa09d56a7a0e91d2819d56?s=96&d=mm&r=g\",\"url\":\"https:\/\/secure.gravatar.com\/avatar\/4ec5eb9d099f2608a49c9df6f7341f66f04f819cdffa09d56a7a0e91d2819d56?s=96&d=mm&r=g\",\"contentUrl\":\"https:\/\/secure.gravatar.com\/avatar\/4ec5eb9d099f2608a49c9df6f7341f66f04f819cdffa09d56a7a0e91d2819d56?s=96&d=mm&r=g\",\"caption\":\"Maria Valentina Noguera Medina\"},\"description\":\"Periodista - noti-america - Promar Community Manager - Talento Plus Dise\u00f1adora\/ creadora de contenido...\",\"sameAs\":[\"Mar\u00eda Valentina Noguera\",\"https:\/\/www.facebook.com\/mariavalentina.noguera\",\"https:\/\/www.linkedin.com\/in\/mara-valentina-noguera-medina-373075165\/\",\"https:\/\/www.pinterest.es\/valentinanoguera95\/\",\"https:\/\/www.youtube.com\/channel\/UCdek6mbUZ-Tqqw0I63i4nmQ\"],\"url\":\"https:\/\/noti-america.com\/site\/principal\/author\/mnoguera\/\"}]}<\/script>\n<!-- \/ Yoast SEO Premium plugin. -->","yoast_head_json":{"title":"R\u00efesgos de c\u00e1nc\u00ebr de cabeza y cuello en los j\u00f3venes por el cons\u00fcmo de alc\u00f8hol, v\u00c2p\u00eb\u00f8 y tab\u00e3c\u00f8: al\u00ebrtan los expertos - Noti-America.com","robots":{"index":"index","follow":"follow","max-snippet":"max-snippet:-1","max-image-preview":"max-image-preview:large","max-video-preview":"max-video-preview:-1"},"canonical":"https:\/\/noti-america.com\/site\/principal\/2025\/12\/17\/riesgos-de-cancer-de-cabeza-y-cuello-en-los-jovenes-por-el-consumo-de-alcohol-vapeo-y-tabaco-alertan-los-expertos\/","og_locale":"es_ES","og_type":"article","og_title":"R\u00efesgos de c\u00e1nc\u00ebr de cabeza y cuello en los j\u00f3venes por el cons\u00fcmo de alc\u00f8hol, v\u00c2p\u00eb\u00f8 y tab\u00e3c\u00f8: al\u00ebrtan los expertos","og_description":"NOTI-AMERICA.COM | ESPA\u00d1A La Sociedad Espa\u00f1ola de Otorrinolaringolog\u00eda y Cirug\u00eda de Cabeza y Cuello (SEORL-CCC) ha al\u00eartado a los adolescentes y j\u00f3venes de la relaci\u00f3n entre el cons\u00fcmo de alc\u00f8hol y nuevas formas de&#46;&#46;&#46;","og_url":"https:\/\/noti-america.com\/site\/principal\/2025\/12\/17\/riesgos-de-cancer-de-cabeza-y-cuello-en-los-jovenes-por-el-consumo-de-alcohol-vapeo-y-tabaco-alertan-los-expertos\/","og_site_name":"Noti-America.com","article_author":"Mar\u00eda Valentina Noguera","article_published_time":"2025-12-17T20:58:44+00:00","og_image":[{"width":1540,"height":866,"url":"https:\/\/noti-america.com\/site\/principal\/wp-content\/uploads\/sites\/26\/2025\/12\/mas-550-000-personas-son-diagnosticadas-cada-ano-nivel-mundial-cancer-cabeza-y-cuello-1.jpg","type":"image\/jpeg"}],"author":"Maria Valentina Noguera Medina","twitter_card":"summary_large_image","twitter_misc":{"Escrito por":"Maria Valentina Noguera Medina","Tiempo estimado de lectura":"2 minutos"},"schema":{"@context":"https:\/\/schema.org","@graph":[{"@type":"Article","@id":"https:\/\/noti-america.com\/site\/principal\/2025\/12\/17\/riesgos-de-cancer-de-cabeza-y-cuello-en-los-jovenes-por-el-consumo-de-alcohol-vapeo-y-tabaco-alertan-los-expertos\/#article","isPartOf":{"@id":"https:\/\/noti-america.com\/site\/principal\/2025\/12\/17\/riesgos-de-cancer-de-cabeza-y-cuello-en-los-jovenes-por-el-consumo-de-alcohol-vapeo-y-tabaco-alertan-los-expertos\/"},"author":{"name":"Maria Valentina Noguera Medina","@id":"https:\/\/noti-america.com\/site\/principal\/#\/schema\/person\/22806efcc2cfc4b45efb0e17be210ea8"},"headline":"R\u00efesgos de c\u00e1nc\u00ebr de cabeza y cuello en los j\u00f3venes por el cons\u00fcmo de alc\u00f8hol, v\u00c2p\u00eb\u00f8 y tab\u00e3c\u00f8: al\u00ebrtan los expertos","datePublished":"2025-12-17T20:58:44+00:00","mainEntityOfPage":{"@id":"https:\/\/noti-america.com\/site\/principal\/2025\/12\/17\/riesgos-de-cancer-de-cabeza-y-cuello-en-los-jovenes-por-el-consumo-de-alcohol-vapeo-y-tabaco-alertan-los-expertos\/"},"wordCount":345,"image":{"@id":"https:\/\/noti-america.com\/site\/principal\/2025\/12\/17\/riesgos-de-cancer-de-cabeza-y-cuello-en-los-jovenes-por-el-consumo-de-alcohol-vapeo-y-tabaco-alertan-los-expertos\/#primaryimage"},"thumbnailUrl":"https:\/\/noti-america.com\/site\/principal\/wp-content\/uploads\/sites\/26\/2025\/12\/mas-550-000-personas-son-diagnosticadas-cada-ano-nivel-mundial-cancer-cabeza-y-cuello-1.jpg","articleSection":["Vida y Salud"],"inLanguage":"es"},{"@type":"WebPage","@id":"https:\/\/noti-america.com\/site\/principal\/2025\/12\/17\/riesgos-de-cancer-de-cabeza-y-cuello-en-los-jovenes-por-el-consumo-de-alcohol-vapeo-y-tabaco-alertan-los-expertos\/","url":"https:\/\/noti-america.com\/site\/principal\/2025\/12\/17\/riesgos-de-cancer-de-cabeza-y-cuello-en-los-jovenes-por-el-consumo-de-alcohol-vapeo-y-tabaco-alertan-los-expertos\/","name":"R\u00efesgos de c\u00e1nc\u00ebr de cabeza y cuello en los j\u00f3venes por el cons\u00fcmo de alc\u00f8hol, v\u00c2p\u00eb\u00f8 y tab\u00e3c\u00f8: al\u00ebrtan los expertos - Noti-America.com","isPartOf":{"@id":"https:\/\/noti-america.com\/site\/principal\/#website"},"primaryImageOfPage":{"@id":"https:\/\/noti-america.com\/site\/principal\/2025\/12\/17\/riesgos-de-cancer-de-cabeza-y-cuello-en-los-jovenes-por-el-consumo-de-alcohol-vapeo-y-tabaco-alertan-los-expertos\/#primaryimage"},"image":{"@id":"https:\/\/noti-america.com\/site\/principal\/2025\/12\/17\/riesgos-de-cancer-de-cabeza-y-cuello-en-los-jovenes-por-el-consumo-de-alcohol-vapeo-y-tabaco-alertan-los-expertos\/#primaryimage"},"thumbnailUrl":"https:\/\/noti-america.com\/site\/principal\/wp-content\/uploads\/sites\/26\/2025\/12\/mas-550-000-personas-son-diagnosticadas-cada-ano-nivel-mundial-cancer-cabeza-y-cuello-1.jpg","datePublished":"2025-12-17T20:58:44+00:00","author":{"@id":"https:\/\/noti-america.com\/site\/principal\/#\/schema\/person\/22806efcc2cfc4b45efb0e17be210ea8"},"breadcrumb":{"@id":"https:\/\/noti-america.com\/site\/principal\/2025\/12\/17\/riesgos-de-cancer-de-cabeza-y-cuello-en-los-jovenes-por-el-consumo-de-alcohol-vapeo-y-tabaco-alertan-los-expertos\/#breadcrumb"},"inLanguage":"es","potentialAction":[{"@type":"ReadAction","target":["https:\/\/noti-america.com\/site\/principal\/2025\/12\/17\/riesgos-de-cancer-de-cabeza-y-cuello-en-los-jovenes-por-el-consumo-de-alcohol-vapeo-y-tabaco-alertan-los-expertos\/"]}]},{"@type":"ImageObject","inLanguage":"es","@id":"https:\/\/noti-america.com\/site\/principal\/2025\/12\/17\/riesgos-de-cancer-de-cabeza-y-cuello-en-los-jovenes-por-el-consumo-de-alcohol-vapeo-y-tabaco-alertan-los-expertos\/#primaryimage","url":"https:\/\/noti-america.com\/site\/principal\/wp-content\/uploads\/sites\/26\/2025\/12\/mas-550-000-personas-son-diagnosticadas-cada-ano-nivel-mundial-cancer-cabeza-y-cuello-1.jpg","contentUrl":"https:\/\/noti-america.com\/site\/principal\/wp-content\/uploads\/sites\/26\/2025\/12\/mas-550-000-personas-son-diagnosticadas-cada-ano-nivel-mundial-cancer-cabeza-y-cuello-1.jpg","width":1540,"height":866},{"@type":"BreadcrumbList","@id":"https:\/\/noti-america.com\/site\/principal\/2025\/12\/17\/riesgos-de-cancer-de-cabeza-y-cuello-en-los-jovenes-por-el-consumo-de-alcohol-vapeo-y-tabaco-alertan-los-expertos\/#breadcrumb","itemListElement":[{"@type":"ListItem","position":1,"name":"Portada","item":"https:\/\/noti-america.com\/site\/principal\/"},{"@type":"ListItem","position":2,"name":"R\u00efesgos de c\u00e1nc\u00ebr de cabeza y cuello en los j\u00f3venes por el cons\u00fcmo de alc\u00f8hol, v\u00c2p\u00eb\u00f8 y tab\u00e3c\u00f8: al\u00ebrtan los expertos"}]},{"@type":"WebSite","@id":"https:\/\/noti-america.com\/site\/principal\/#website","url":"https:\/\/noti-america.com\/site\/principal\/","name":"Noti-America.com","description":"El Noticiero Digital M\u00e1s Grande de Am\u00e9rica","potentialAction":[{"@type":"SearchAction","target":{"@type":"EntryPoint","urlTemplate":"https:\/\/noti-america.com\/site\/principal\/?s={search_term_string}"},"query-input":{"@type":"PropertyValueSpecification","valueRequired":true,"valueName":"search_term_string"}}],"inLanguage":"es"},{"@type":"Person","@id":"https:\/\/noti-america.com\/site\/principal\/#\/schema\/person\/22806efcc2cfc4b45efb0e17be210ea8","name":"Maria Valentina Noguera Medina","image":{"@type":"ImageObject","inLanguage":"es","@id":"https:\/\/secure.gravatar.com\/avatar\/4ec5eb9d099f2608a49c9df6f7341f66f04f819cdffa09d56a7a0e91d2819d56?s=96&d=mm&r=g","url":"https:\/\/secure.gravatar.com\/avatar\/4ec5eb9d099f2608a49c9df6f7341f66f04f819cdffa09d56a7a0e91d2819d56?s=96&d=mm&r=g","contentUrl":"https:\/\/secure.gravatar.com\/avatar\/4ec5eb9d099f2608a49c9df6f7341f66f04f819cdffa09d56a7a0e91d2819d56?s=96&d=mm&r=g","caption":"Maria Valentina Noguera Medina"},"description":"Periodista - noti-america - Promar Community Manager - Talento Plus Dise\u00f1adora\/ creadora de contenido...","sameAs":["Mar\u00eda Valentina Noguera","https:\/\/www.facebook.com\/mariavalentina.noguera","https:\/\/www.linkedin.com\/in\/mara-valentina-noguera-medina-373075165\/","https:\/\/www.pinterest.es\/valentinanoguera95\/","https:\/\/www.youtube.com\/channel\/UCdek6mbUZ-Tqqw0I63i4nmQ"],"url":"https:\/\/noti-america.com\/site\/principal\/author\/mnoguera\/"}]}},"_links":{"self":[{"href":"https:\/\/noti-america.com\/site\/principal\/wp-json\/wp\/v2\/posts\/78478","targetHints":{"allow":["GET"]}}],"collection":[{"href":"https:\/\/noti-america.com\/site\/principal\/wp-json\/wp\/v2\/posts"}],"about":[{"href":"https:\/\/noti-america.com\/site\/principal\/wp-json\/wp\/v2\/types\/post"}],"author":[{"embeddable":true,"href":"https:\/\/noti-america.com\/site\/principal\/wp-json\/wp\/v2\/users\/133"}],"replies":[{"embeddable":true,"href":"https:\/\/noti-america.com\/site\/principal\/wp-json\/wp\/v2\/comments?post=78478"}],"version-history":[{"count":1,"href":"https:\/\/noti-america.com\/site\/principal\/wp-json\/wp\/v2\/posts\/78478\/revisions"}],"predecessor-version":[{"id":78516,"href":"https:\/\/noti-america.com\/site\/principal\/wp-json\/wp\/v2\/posts\/78478\/revisions\/78516"}],"wp:featuredmedia":[{"embeddable":true,"href":"https:\/\/noti-america.com\/site\/principal\/wp-json\/wp\/v2\/media\/78479"}],"wp:attachment":[{"href":"https:\/\/noti-america.com\/site\/principal\/wp-json\/wp\/v2\/media?parent=78478"}],"wp:term":[{"taxonomy":"category","embeddable":true,"href":"https:\/\/noti-america.com\/site\/principal\/wp-json\/wp\/v2\/categories?post=78478"},{"taxonomy":"post_tag","embeddable":true,"href":"https:\/\/noti-america.com\/site\/principal\/wp-json\/wp\/v2\/tags?post=78478"}],"curies":[{"name":"wp","href":"https:\/\/api.w.org\/{rel}","templated":true}]}}