{"id":7733,"date":"2021-12-01T16:49:48","date_gmt":"2021-12-01T20:49:48","guid":{"rendered":"https:\/\/noti-america.com\/site\/principal\/?p=7733"},"modified":"2021-12-01T16:49:48","modified_gmt":"2021-12-01T20:49:48","slug":"miriam-german-brito-resalta-independencia-del-ministerio-publico-que-encabeza","status":"publish","type":"post","link":"https:\/\/noti-america.com\/site\/principal\/2021\/12\/01\/miriam-german-brito-resalta-independencia-del-ministerio-publico-que-encabeza\/","title":{"rendered":"Miriam Germ\u00e1n Brito resalta independencia del Ministerio P\u00fablico que encabeza"},"content":{"rendered":"<p style=\"text-align: justify\">SANTO DOMINGO &#8211; La procuradora general Miriam Germ\u00e1n Brito resalt\u00f3 la independencia del Ministerio P\u00fablico que encabeza amparada en su filosof\u00eda de solo regirse por el mandato de la Constituci\u00f3n y las leyes, al participar este martes como oradora invitada de la C\u00e1mara Americana de Comercio de la Rep\u00fablica Dominicana (AmchamDR).<\/p>\n<p style=\"text-align: justify\">Germ\u00e1n Brito abog\u00f3 por que la independencia de la instituci\u00f3n se apoye en algo m\u00e1s que en una coincidencia de un presidente de la Rep\u00fablica \u201cque no quiere intervenir ni interviene con el Ministerio P\u00fablico y una procuradora que no tiene aspiraci\u00f3n de colocarse a los pies de nadie\u201d.<\/p>\n<p style=\"text-align: justify\">En su discurso, resalt\u00f3 la autonom\u00eda funcional, administrativa y presupuestaria que reconoce al Ministerio P\u00fablico el Art\u00edculo 170 de la Constituci\u00f3n de la Rep\u00fablica. \u201cYo supongo que cuando se habl\u00f3 de que yo fuera la procuradora general, m\u00e1s de uno le dijo al presidente: \u00bfUsted est\u00e1 seguro de poner a esa mujer? \u00bfUsted cree que va a poder hablar con ella?\u201d, coment\u00f3 con una sonrisa.<\/p>\n<p style=\"text-align: justify\">La magistrada plante\u00f3 la importancia de la unidad de criterios entre los miembros del Ministerio P\u00fablico, conforme a los lineamientos institucionales y el respeto del debido proceso, para garantizar la seguridad jur\u00eddica y la coherencia interna, pues \u201csi cada uno pudiera sostener una opini\u00f3n diferente, habr\u00eda tantos ministerios p\u00fablicos como funcionarios que componen el organismo\u201d.<\/p>\n<p style=\"text-align: justify\">Tambi\u00e9n resalt\u00f3 la necesidad de que el Ministerio P\u00fablico pueda contar con los recursos presupuestarios necesarios para poder desarrollar los planes que lo mantengan al servicio de la ciudadan\u00eda.\u00a0\u201cNos hemos acercado a diferentes estamentos que tienen que ver con el presupuesto y hemos tratado de hacerles conciencia de nuestra situaci\u00f3n y de lo que desear\u00edamos hacer, que no son cosas de capricho\u201d.<\/p>\n<p style=\"text-align: justify\">Resalt\u00f3 que el \u00e1rea de planificaci\u00f3n estrat\u00e9gica realiz\u00f3 un acercamiento con todas las fiscal\u00edas para realizar un inventario sobre sus fortalezas y debilidades,\u00a0\u201cporque es muy distinto t\u00fa ver lo que te dice una persona en un oficio que ver su situaci\u00f3n real, cara a cara\u201d.<\/p>\n<p style=\"text-align: justify\">Germ\u00e1n Brito resalt\u00f3 que propugna porque los servidores del Ministerio P\u00fablico est\u00e9n al servicio de los ciudadanos y ofrezcan una atenci\u00f3n con una mirada humana, sobre todo a las personas con mayores limitaciones econ\u00f3micas que muchas veces hacen esfuerzos extraordinarios para desplazarse a las fiscal\u00edas.<\/p>\n<p style=\"text-align: justify\">Advirti\u00f3, adem\u00e1s, que se debe cuidar el delicado equilibrio entre la b\u00fasqueda de la verdad, que anima la investigaci\u00f3n penal, y el derecho a la informaci\u00f3n de la ciudadan\u00eda. \u201cHay que evitar que la notoriedad de un caso derive en la sobre-exposici\u00f3n medi\u00e1tica de las v\u00edctimas y los imputados. En el primer supuesto, para evitar la revictimizaci\u00f3n; y en el segundo, la estigmatizaci\u00f3n anticipada y el juicio paralelo\u201d.<\/p>\n<p style=\"text-align: justify\">La magistrada expres\u00f3 que a su llegada a la instituci\u00f3n ha procurado que el Ministerio P\u00fablico cumpla con el reclamo social de perseguir la corrupci\u00f3n y el crimen organizado, sin obviar la atenci\u00f3n debida a los casos ordinarios, y que el primer reto que ha afrontado en el Ministerio P\u00fablico es la restauraci\u00f3n de la confianza p\u00fablica \u201csin dejarnos arrastrar por el populismo penal\u201d.<\/p>\n<p style=\"text-align: justify\">Afirm\u00f3 que \u201cel proceso penal no implica p\u00e9rdida de la dignidad de las personas, por grave que sean las imputaciones, ni tiene cabida para la comisi\u00f3n de arbitrariedades ni atropellos por parte de la autoridad\u201d.<\/p>\n<p style=\"text-align: justify\">Agradeci\u00f3 la disposici\u00f3n de la AmchamDR\u00a0para\u00a0apoyar iniciativas que fortalezcan al Ministerio P\u00fablico y sus servicios en la virtualidad. \u201cEl problema de la virtualidad no es la virtualidad en s\u00ed, es la forma en que se inici\u00f3, sin una adecuaci\u00f3n previa, y yo, como dir\u00eda\u2026, hablo con todos, y me doy cuenta que ahora una certificaci\u00f3n que, de t\u00fa a t\u00fa, con una secretaria te duraba dos d\u00edas para conseguirla, ahora te dura 15, se dan esas situaciones, y as\u00ed no puede ser\u201d.<\/p>\n<p style=\"text-align: justify\">\u201cPero yo no estoy contra la virtualidad por la virtualidad, sino por la ausencia de un proceso de adecuaci\u00f3n previo\u201d, aclar\u00f3. En ese contexto, se quej\u00f3 de que \u201chubo cierre de juzgados de paz\u201d.<\/p>\n<p style=\"text-align: justify\">\u201cPor ejemplo, en Bonao hab\u00eda un juzgado de paz en el centro de la ciudad, lo cerraron y trasladaron ese juzgado de paz al palacio de justicia que queda en la autopista\u201d, lament\u00f3.<\/p>\n<p style=\"text-align: justify\">\u201cEl juzgado de paz es un tribunal de proximidad para la gente de ese entorno; si t\u00fa se lo lanzaste para all\u00e1 a una mujer que est\u00e9 reclamando una pensi\u00f3n, va a tener que tomar dos motoconchos para llegar all\u00e1\u201d, dijo.<\/p>\n<p style=\"text-align: justify\">\u201cLa digitalizaci\u00f3n no es mala en s\u00ed, es la\u00a0no\u00a0adecuaci\u00f3n previa que hubo y ahora hay cosas que cubrir para hacerla, yo dir\u00eda, que universal\u201d,\u00a0agreg\u00f3.<\/p>\n<p style=\"text-align: justify\">En otro orden, lament\u00f3 que a su llegada a la Procuradur\u00eda General \u201cnos encontramos con much\u00edsimas cosas que hab\u00edan desaparecido, archivos, material de computadoras, much\u00edsimas cosas\u201d.<\/p>\n<p style=\"text-align: justify\">Al finalizar su discurso titulado \u201cTransformaci\u00f3n del Ministerio P\u00fablico a la luz de la nueva visi\u00f3n institucional\u201d, Germ\u00e1n Brito reflexion\u00f3 sobre la necesidad de que la sociedad dominicana se esfuerce en erradicar la violencia contra la mujer.\u00a0\u201cYo aspiro a que un d\u00eda, ojal\u00e1 sea pronto, tengamos una generaci\u00f3n de hombres que no le den a la mujer una mirada de propiedad; que la vean como su igual, como la que camina junto a \u00e9l; que no es su posesi\u00f3n, es su compa\u00f1era\u201d.<\/p>\n<p style=\"text-align: justify\">Para cerrar su discurso, recurri\u00f3 a la met\u00e1fora contenida en una milonga. \u201cEn cuanto a mi carrera, por los a\u00f1os en ella, ustedes habr\u00e1n notado que este es el \u00faltimo eslab\u00f3n y hace un tiempo o\u00ed en una milonga de Emilio Gauna una expresi\u00f3n que desde entonces hice m\u00eda, que a Emilio Gauna el valor le lleg\u00f3 cuando era debido y el coraje que pidi\u00f3 le fue concedido, despu\u00e9s se march\u00f3 tranquilo\u201d.<\/p>\n<p style=\"text-align: justify\"><strong>Fuente: C\u00e1mara Americana de Comercio de la Rep\u00fablica Dominicana<\/strong><\/p>\n","protected":false},"excerpt":{"rendered":"<p>SANTO DOMINGO &#8211; La procuradora general Miriam Germ\u00e1n Brito resalt\u00f3 la independencia del Ministerio P\u00fablico que encabeza amparada en su filosof\u00eda de solo regirse por el mandato de la Constituci\u00f3n y las leyes, al&#46;&#46;&#46;<\/p>\n","protected":false},"author":89,"featured_media":7734,"comment_status":"open","ping_status":"open","sticky":false,"template":"","format":"standard","meta":{"_acf_changed":false,"rop_custom_images_group":[],"rop_custom_messages_group":[],"rop_publish_now":"initial","rop_publish_now_accounts":{"facebook_10219548024599422_1632221337088128":"","twitter_242054905_242054905":""},"rop_publish_now_history":[],"rop_publish_now_status":"pending","footnotes":""},"categories":[674],"tags":[1041,953,1042,1043],"class_list":["post-7733","post","type-post","status-publish","format-standard","has-post-thumbnail","hentry","category-nacionales","tag-camara-americana-de-comercio-de-la-republica-dominicana","tag-ministerio-publico","tag-miriam-german-brito","tag-procuraduria-general-de-la-republica"],"acf":[],"yoast_head":"<!-- This site is optimized with the Yoast SEO Premium plugin v24.9 (Yoast SEO v27.2) - https:\/\/yoast.com\/product\/yoast-seo-premium-wordpress\/ -->\n<title>Miriam Germ\u00e1n Brito resalta independencia del Ministerio P\u00fablico que encabeza - Noti-America.com<\/title>\n<meta name=\"robots\" content=\"index, follow, max-snippet:-1, max-image-preview:large, max-video-preview:-1\" \/>\n<link rel=\"canonical\" href=\"https:\/\/noti-america.com\/site\/principal\/2021\/12\/01\/miriam-german-brito-resalta-independencia-del-ministerio-publico-que-encabeza\/\" \/>\n<meta property=\"og:locale\" content=\"es_ES\" \/>\n<meta property=\"og:type\" content=\"article\" \/>\n<meta property=\"og:title\" content=\"Miriam Germ\u00e1n Brito resalta independencia del Ministerio P\u00fablico que encabeza\" \/>\n<meta property=\"og:description\" content=\"SANTO DOMINGO &#8211; La procuradora general Miriam Germ\u00e1n Brito resalt\u00f3 la independencia del Ministerio P\u00fablico que encabeza amparada en su filosof\u00eda de solo regirse por el mandato de la Constituci\u00f3n y las leyes, al&#046;&#046;&#046;\" \/>\n<meta property=\"og:url\" content=\"https:\/\/noti-america.com\/site\/principal\/2021\/12\/01\/miriam-german-brito-resalta-independencia-del-ministerio-publico-que-encabeza\/\" \/>\n<meta property=\"og:site_name\" content=\"Noti-America.com\" \/>\n<meta property=\"article:published_time\" content=\"2021-12-01T20:49:48+00:00\" \/>\n<meta property=\"og:image\" content=\"https:\/\/noti-america.com\/site\/principal\/wp-content\/uploads\/sites\/26\/2021\/12\/Miriam-German.jpg\" \/>\n\t<meta property=\"og:image:width\" content=\"1600\" \/>\n\t<meta property=\"og:image:height\" content=\"1070\" \/>\n\t<meta property=\"og:image:type\" content=\"image\/jpeg\" \/>\n<meta name=\"author\" content=\"Ad\u00e1n Soriano\" \/>\n<meta name=\"twitter:card\" content=\"summary_large_image\" \/>\n<meta name=\"twitter:creator\" content=\"@adansoriano\" \/>\n<meta name=\"twitter:label1\" content=\"Escrito por\" \/>\n\t<meta name=\"twitter:data1\" content=\"Ad\u00e1n Soriano\" \/>\n\t<meta name=\"twitter:label2\" content=\"Tiempo estimado de lectura\" \/>\n\t<meta name=\"twitter:data2\" content=\"5 minutos\" \/>\n<script type=\"application\/ld+json\" class=\"yoast-schema-graph\">{\"@context\":\"https:\/\/schema.org\",\"@graph\":[{\"@type\":\"Article\",\"@id\":\"https:\/\/noti-america.com\/site\/principal\/2021\/12\/01\/miriam-german-brito-resalta-independencia-del-ministerio-publico-que-encabeza\/#article\",\"isPartOf\":{\"@id\":\"https:\/\/noti-america.com\/site\/principal\/2021\/12\/01\/miriam-german-brito-resalta-independencia-del-ministerio-publico-que-encabeza\/\"},\"author\":{\"name\":\"Ad\u00e1n Soriano\",\"@id\":\"https:\/\/noti-america.com\/site\/principal\/#\/schema\/person\/fd0092c1530d275fabaa5cffcbc2b976\"},\"headline\":\"Miriam Germ\u00e1n Brito resalta independencia del Ministerio P\u00fablico que encabeza\",\"datePublished\":\"2021-12-01T20:49:48+00:00\",\"mainEntityOfPage\":{\"@id\":\"https:\/\/noti-america.com\/site\/principal\/2021\/12\/01\/miriam-german-brito-resalta-independencia-del-ministerio-publico-que-encabeza\/\"},\"wordCount\":1050,\"commentCount\":0,\"image\":{\"@id\":\"https:\/\/noti-america.com\/site\/principal\/2021\/12\/01\/miriam-german-brito-resalta-independencia-del-ministerio-publico-que-encabeza\/#primaryimage\"},\"thumbnailUrl\":\"https:\/\/noti-america.com\/site\/principal\/wp-content\/uploads\/sites\/26\/2021\/12\/Miriam-German.jpg\",\"keywords\":[\"C\u00e1mara Americana de Comercio de la Rep\u00fablica Dominicana\",\"Ministerio P\u00fablico\",\"Miriam Germ\u00e1n Brito\",\"Procuradur\u00eda General de la Rep\u00fablica\"],\"articleSection\":[\"Nacionales\"],\"inLanguage\":\"es\",\"potentialAction\":[{\"@type\":\"CommentAction\",\"name\":\"Comment\",\"target\":[\"https:\/\/noti-america.com\/site\/principal\/2021\/12\/01\/miriam-german-brito-resalta-independencia-del-ministerio-publico-que-encabeza\/#respond\"]}]},{\"@type\":\"WebPage\",\"@id\":\"https:\/\/noti-america.com\/site\/principal\/2021\/12\/01\/miriam-german-brito-resalta-independencia-del-ministerio-publico-que-encabeza\/\",\"url\":\"https:\/\/noti-america.com\/site\/principal\/2021\/12\/01\/miriam-german-brito-resalta-independencia-del-ministerio-publico-que-encabeza\/\",\"name\":\"Miriam Germ\u00e1n Brito resalta independencia del Ministerio P\u00fablico que encabeza - Noti-America.com\",\"isPartOf\":{\"@id\":\"https:\/\/noti-america.com\/site\/principal\/#website\"},\"primaryImageOfPage\":{\"@id\":\"https:\/\/noti-america.com\/site\/principal\/2021\/12\/01\/miriam-german-brito-resalta-independencia-del-ministerio-publico-que-encabeza\/#primaryimage\"},\"image\":{\"@id\":\"https:\/\/noti-america.com\/site\/principal\/2021\/12\/01\/miriam-german-brito-resalta-independencia-del-ministerio-publico-que-encabeza\/#primaryimage\"},\"thumbnailUrl\":\"https:\/\/noti-america.com\/site\/principal\/wp-content\/uploads\/sites\/26\/2021\/12\/Miriam-German.jpg\",\"datePublished\":\"2021-12-01T20:49:48+00:00\",\"author\":{\"@id\":\"https:\/\/noti-america.com\/site\/principal\/#\/schema\/person\/fd0092c1530d275fabaa5cffcbc2b976\"},\"breadcrumb\":{\"@id\":\"https:\/\/noti-america.com\/site\/principal\/2021\/12\/01\/miriam-german-brito-resalta-independencia-del-ministerio-publico-que-encabeza\/#breadcrumb\"},\"inLanguage\":\"es\",\"potentialAction\":[{\"@type\":\"ReadAction\",\"target\":[\"https:\/\/noti-america.com\/site\/principal\/2021\/12\/01\/miriam-german-brito-resalta-independencia-del-ministerio-publico-que-encabeza\/\"]}]},{\"@type\":\"ImageObject\",\"inLanguage\":\"es\",\"@id\":\"https:\/\/noti-america.com\/site\/principal\/2021\/12\/01\/miriam-german-brito-resalta-independencia-del-ministerio-publico-que-encabeza\/#primaryimage\",\"url\":\"https:\/\/noti-america.com\/site\/principal\/wp-content\/uploads\/sites\/26\/2021\/12\/Miriam-German.jpg\",\"contentUrl\":\"https:\/\/noti-america.com\/site\/principal\/wp-content\/uploads\/sites\/26\/2021\/12\/Miriam-German.jpg\",\"width\":1600,\"height\":1070},{\"@type\":\"BreadcrumbList\",\"@id\":\"https:\/\/noti-america.com\/site\/principal\/2021\/12\/01\/miriam-german-brito-resalta-independencia-del-ministerio-publico-que-encabeza\/#breadcrumb\",\"itemListElement\":[{\"@type\":\"ListItem\",\"position\":1,\"name\":\"Portada\",\"item\":\"https:\/\/noti-america.com\/site\/principal\/\"},{\"@type\":\"ListItem\",\"position\":2,\"name\":\"Miriam Germ\u00e1n Brito resalta independencia del Ministerio P\u00fablico que encabeza\"}]},{\"@type\":\"WebSite\",\"@id\":\"https:\/\/noti-america.com\/site\/principal\/#website\",\"url\":\"https:\/\/noti-america.com\/site\/principal\/\",\"name\":\"Noti-America.com\",\"description\":\"El Noticiero Digital M\u00e1s Grande de Am\u00e9rica\",\"potentialAction\":[{\"@type\":\"SearchAction\",\"target\":{\"@type\":\"EntryPoint\",\"urlTemplate\":\"https:\/\/noti-america.com\/site\/principal\/?s={search_term_string}\"},\"query-input\":{\"@type\":\"PropertyValueSpecification\",\"valueRequired\":true,\"valueName\":\"search_term_string\"}}],\"inLanguage\":\"es\"},{\"@type\":\"Person\",\"@id\":\"https:\/\/noti-america.com\/site\/principal\/#\/schema\/person\/fd0092c1530d275fabaa5cffcbc2b976\",\"name\":\"Ad\u00e1n Soriano\",\"image\":{\"@type\":\"ImageObject\",\"inLanguage\":\"es\",\"@id\":\"https:\/\/secure.gravatar.com\/avatar\/ecf97ff3aee7ff9efdae670d7e976f3e7e8acc1077e510d73707999a8bfd4467?s=96&d=mm&r=g\",\"url\":\"https:\/\/secure.gravatar.com\/avatar\/ecf97ff3aee7ff9efdae670d7e976f3e7e8acc1077e510d73707999a8bfd4467?s=96&d=mm&r=g\",\"contentUrl\":\"https:\/\/secure.gravatar.com\/avatar\/ecf97ff3aee7ff9efdae670d7e976f3e7e8acc1077e510d73707999a8bfd4467?s=96&d=mm&r=g\",\"caption\":\"Ad\u00e1n Soriano\"},\"description\":\"Soy cronista deportivo con 10 a\u00f1os de experiencia en varios espacios, y conduzco el podcast deportivo llamado Mezcla Deportiva\",\"sameAs\":[\"https:\/\/x.com\/adansoriano\"],\"url\":\"https:\/\/noti-america.com\/site\/principal\/author\/asoriano\/\"}]}<\/script>\n<!-- \/ Yoast SEO Premium plugin. -->","yoast_head_json":{"title":"Miriam Germ\u00e1n Brito resalta independencia del Ministerio P\u00fablico que encabeza - Noti-America.com","robots":{"index":"index","follow":"follow","max-snippet":"max-snippet:-1","max-image-preview":"max-image-preview:large","max-video-preview":"max-video-preview:-1"},"canonical":"https:\/\/noti-america.com\/site\/principal\/2021\/12\/01\/miriam-german-brito-resalta-independencia-del-ministerio-publico-que-encabeza\/","og_locale":"es_ES","og_type":"article","og_title":"Miriam Germ\u00e1n Brito resalta independencia del Ministerio P\u00fablico que encabeza","og_description":"SANTO DOMINGO &#8211; La procuradora general Miriam Germ\u00e1n Brito resalt\u00f3 la independencia del Ministerio P\u00fablico que encabeza amparada en su filosof\u00eda de solo regirse por el mandato de la Constituci\u00f3n y las leyes, al&#46;&#46;&#46;","og_url":"https:\/\/noti-america.com\/site\/principal\/2021\/12\/01\/miriam-german-brito-resalta-independencia-del-ministerio-publico-que-encabeza\/","og_site_name":"Noti-America.com","article_published_time":"2021-12-01T20:49:48+00:00","og_image":[{"width":1600,"height":1070,"url":"https:\/\/noti-america.com\/site\/principal\/wp-content\/uploads\/sites\/26\/2021\/12\/Miriam-German.jpg","type":"image\/jpeg"}],"author":"Ad\u00e1n Soriano","twitter_card":"summary_large_image","twitter_creator":"@adansoriano","twitter_misc":{"Escrito por":"Ad\u00e1n Soriano","Tiempo estimado de lectura":"5 minutos"},"schema":{"@context":"https:\/\/schema.org","@graph":[{"@type":"Article","@id":"https:\/\/noti-america.com\/site\/principal\/2021\/12\/01\/miriam-german-brito-resalta-independencia-del-ministerio-publico-que-encabeza\/#article","isPartOf":{"@id":"https:\/\/noti-america.com\/site\/principal\/2021\/12\/01\/miriam-german-brito-resalta-independencia-del-ministerio-publico-que-encabeza\/"},"author":{"name":"Ad\u00e1n Soriano","@id":"https:\/\/noti-america.com\/site\/principal\/#\/schema\/person\/fd0092c1530d275fabaa5cffcbc2b976"},"headline":"Miriam Germ\u00e1n Brito resalta independencia del Ministerio P\u00fablico que encabeza","datePublished":"2021-12-01T20:49:48+00:00","mainEntityOfPage":{"@id":"https:\/\/noti-america.com\/site\/principal\/2021\/12\/01\/miriam-german-brito-resalta-independencia-del-ministerio-publico-que-encabeza\/"},"wordCount":1050,"commentCount":0,"image":{"@id":"https:\/\/noti-america.com\/site\/principal\/2021\/12\/01\/miriam-german-brito-resalta-independencia-del-ministerio-publico-que-encabeza\/#primaryimage"},"thumbnailUrl":"https:\/\/noti-america.com\/site\/principal\/wp-content\/uploads\/sites\/26\/2021\/12\/Miriam-German.jpg","keywords":["C\u00e1mara Americana de Comercio de la Rep\u00fablica Dominicana","Ministerio P\u00fablico","Miriam Germ\u00e1n Brito","Procuradur\u00eda General de la Rep\u00fablica"],"articleSection":["Nacionales"],"inLanguage":"es","potentialAction":[{"@type":"CommentAction","name":"Comment","target":["https:\/\/noti-america.com\/site\/principal\/2021\/12\/01\/miriam-german-brito-resalta-independencia-del-ministerio-publico-que-encabeza\/#respond"]}]},{"@type":"WebPage","@id":"https:\/\/noti-america.com\/site\/principal\/2021\/12\/01\/miriam-german-brito-resalta-independencia-del-ministerio-publico-que-encabeza\/","url":"https:\/\/noti-america.com\/site\/principal\/2021\/12\/01\/miriam-german-brito-resalta-independencia-del-ministerio-publico-que-encabeza\/","name":"Miriam Germ\u00e1n Brito resalta independencia del Ministerio P\u00fablico que encabeza - Noti-America.com","isPartOf":{"@id":"https:\/\/noti-america.com\/site\/principal\/#website"},"primaryImageOfPage":{"@id":"https:\/\/noti-america.com\/site\/principal\/2021\/12\/01\/miriam-german-brito-resalta-independencia-del-ministerio-publico-que-encabeza\/#primaryimage"},"image":{"@id":"https:\/\/noti-america.com\/site\/principal\/2021\/12\/01\/miriam-german-brito-resalta-independencia-del-ministerio-publico-que-encabeza\/#primaryimage"},"thumbnailUrl":"https:\/\/noti-america.com\/site\/principal\/wp-content\/uploads\/sites\/26\/2021\/12\/Miriam-German.jpg","datePublished":"2021-12-01T20:49:48+00:00","author":{"@id":"https:\/\/noti-america.com\/site\/principal\/#\/schema\/person\/fd0092c1530d275fabaa5cffcbc2b976"},"breadcrumb":{"@id":"https:\/\/noti-america.com\/site\/principal\/2021\/12\/01\/miriam-german-brito-resalta-independencia-del-ministerio-publico-que-encabeza\/#breadcrumb"},"inLanguage":"es","potentialAction":[{"@type":"ReadAction","target":["https:\/\/noti-america.com\/site\/principal\/2021\/12\/01\/miriam-german-brito-resalta-independencia-del-ministerio-publico-que-encabeza\/"]}]},{"@type":"ImageObject","inLanguage":"es","@id":"https:\/\/noti-america.com\/site\/principal\/2021\/12\/01\/miriam-german-brito-resalta-independencia-del-ministerio-publico-que-encabeza\/#primaryimage","url":"https:\/\/noti-america.com\/site\/principal\/wp-content\/uploads\/sites\/26\/2021\/12\/Miriam-German.jpg","contentUrl":"https:\/\/noti-america.com\/site\/principal\/wp-content\/uploads\/sites\/26\/2021\/12\/Miriam-German.jpg","width":1600,"height":1070},{"@type":"BreadcrumbList","@id":"https:\/\/noti-america.com\/site\/principal\/2021\/12\/01\/miriam-german-brito-resalta-independencia-del-ministerio-publico-que-encabeza\/#breadcrumb","itemListElement":[{"@type":"ListItem","position":1,"name":"Portada","item":"https:\/\/noti-america.com\/site\/principal\/"},{"@type":"ListItem","position":2,"name":"Miriam Germ\u00e1n Brito resalta independencia del Ministerio P\u00fablico que encabeza"}]},{"@type":"WebSite","@id":"https:\/\/noti-america.com\/site\/principal\/#website","url":"https:\/\/noti-america.com\/site\/principal\/","name":"Noti-America.com","description":"El Noticiero Digital M\u00e1s Grande de Am\u00e9rica","potentialAction":[{"@type":"SearchAction","target":{"@type":"EntryPoint","urlTemplate":"https:\/\/noti-america.com\/site\/principal\/?s={search_term_string}"},"query-input":{"@type":"PropertyValueSpecification","valueRequired":true,"valueName":"search_term_string"}}],"inLanguage":"es"},{"@type":"Person","@id":"https:\/\/noti-america.com\/site\/principal\/#\/schema\/person\/fd0092c1530d275fabaa5cffcbc2b976","name":"Ad\u00e1n Soriano","image":{"@type":"ImageObject","inLanguage":"es","@id":"https:\/\/secure.gravatar.com\/avatar\/ecf97ff3aee7ff9efdae670d7e976f3e7e8acc1077e510d73707999a8bfd4467?s=96&d=mm&r=g","url":"https:\/\/secure.gravatar.com\/avatar\/ecf97ff3aee7ff9efdae670d7e976f3e7e8acc1077e510d73707999a8bfd4467?s=96&d=mm&r=g","contentUrl":"https:\/\/secure.gravatar.com\/avatar\/ecf97ff3aee7ff9efdae670d7e976f3e7e8acc1077e510d73707999a8bfd4467?s=96&d=mm&r=g","caption":"Ad\u00e1n Soriano"},"description":"Soy cronista deportivo con 10 a\u00f1os de experiencia en varios espacios, y conduzco el podcast deportivo llamado Mezcla Deportiva","sameAs":["https:\/\/x.com\/adansoriano"],"url":"https:\/\/noti-america.com\/site\/principal\/author\/asoriano\/"}]}},"_links":{"self":[{"href":"https:\/\/noti-america.com\/site\/principal\/wp-json\/wp\/v2\/posts\/7733","targetHints":{"allow":["GET"]}}],"collection":[{"href":"https:\/\/noti-america.com\/site\/principal\/wp-json\/wp\/v2\/posts"}],"about":[{"href":"https:\/\/noti-america.com\/site\/principal\/wp-json\/wp\/v2\/types\/post"}],"author":[{"embeddable":true,"href":"https:\/\/noti-america.com\/site\/principal\/wp-json\/wp\/v2\/users\/89"}],"replies":[{"embeddable":true,"href":"https:\/\/noti-america.com\/site\/principal\/wp-json\/wp\/v2\/comments?post=7733"}],"version-history":[{"count":0,"href":"https:\/\/noti-america.com\/site\/principal\/wp-json\/wp\/v2\/posts\/7733\/revisions"}],"wp:featuredmedia":[{"embeddable":true,"href":"https:\/\/noti-america.com\/site\/principal\/wp-json\/wp\/v2\/media\/7734"}],"wp:attachment":[{"href":"https:\/\/noti-america.com\/site\/principal\/wp-json\/wp\/v2\/media?parent=7733"}],"wp:term":[{"taxonomy":"category","embeddable":true,"href":"https:\/\/noti-america.com\/site\/principal\/wp-json\/wp\/v2\/categories?post=7733"},{"taxonomy":"post_tag","embeddable":true,"href":"https:\/\/noti-america.com\/site\/principal\/wp-json\/wp\/v2\/tags?post=7733"}],"curies":[{"name":"wp","href":"https:\/\/api.w.org\/{rel}","templated":true}]}}