{"id":75889,"date":"2025-10-23T18:31:28","date_gmt":"2025-10-23T22:31:28","guid":{"rendered":"https:\/\/noti-america.com\/site\/principal\/?p=75889"},"modified":"2025-10-23T18:31:28","modified_gmt":"2025-10-23T22:31:28","slug":"papa-leon-xiv-y-carlos-iii-protagonizan-un-rezo-historico-por-la-unidad-cristiana","status":"publish","type":"post","link":"https:\/\/noti-america.com\/site\/principal\/2025\/10\/23\/papa-leon-xiv-y-carlos-iii-protagonizan-un-rezo-historico-por-la-unidad-cristiana\/","title":{"rendered":"Papa Le\u00f3n XIV y Carlos III protagonizan un rezo hist\u00f3rico por la unidad cristiana"},"content":{"rendered":"<p>NOTI-AMERICA.COM | M\u00c9XICO<\/p>\n<p style=\"text-align: justify\">Han pasado casi cinco siglos desde la fundaci\u00f3n de la Iglesia anglicana pero este jueves un rey brit\u00e1nico y un papa cat\u00f3lico han vuelto a rezar juntos, Carlos III y Le\u00f3n XIV, en un encuentro hist\u00f3rico en el que se trat\u00f3 de paz, de medio ambiente y de los pasos hacia una cristiandad de nuevo unida.<\/p>\n<p style=\"text-align: justify\">El monarca y gobernador supremo de la iglesia de Inglaterra lleg\u00f3 por la ma\u00f1ana al Vaticano acompa\u00f1ado en todo momento por la reina Camila, vestida rigurosamente de negro como indica el protocolo.<\/p>\n<p style=\"text-align: justify\">Despu\u00e9s, fueron acompa\u00f1ados al Palacio Apost\u00f3lico para mantener un encuentro con el nuevo papa, que se prolong\u00f3 durante 45 minutos, y luego el rey mantuvo otra reuni\u00f3n con el secretario de Estado vaticano, el cardenal Pietro Parolin.<\/p>\n<p style=\"text-align: justify\">Entre los temas abordados con este \u00faltimo, seg\u00fan la Santa Sede, constan el \u00abcompromiso com\u00fan de promover la paz y la seguridad ante los desaf\u00edos globales\u00bb y la protecci\u00f3n del medio ambiente.<\/p>\n<p style=\"text-align: justify\">Pero tambi\u00e9n, \u00abaludiendo a la historia de la Iglesia de Reino Unido, no falt\u00f3 una reflexi\u00f3n conjunta sobre la necesidad de continuar y promover el di\u00e1logo ecum\u00e9nico\u00bb.<\/p>\n<p style=\"text-align: justify\">Estrechar lazos<\/p>\n<p style=\"text-align: justify\">La palabra clave de esta visita oficial de los soberanos a la Santa Sede fue \u2018ecumenismo\u2019: el movimiento que busca restaurar la unidad entre todas las iglesias cristianas, divididas por numerosos cismas y desencuentros a lo largo de sus dos milenios de historia.<\/p>\n<p style=\"text-align: justify\">Por eso, el acto m\u00e1s esperado de la jornada fue el rezo conjunto entre el rey ingl\u00e9s y el pont\u00edfice en la monumental Capilla Sixtina, algo que no hab\u00eda ocurrido desde que hace quinientos a\u00f1os Enrique VIII rompiera con Roma y surgiera la Iglesia anglicana.<\/p>\n<p style=\"text-align: justify\">La ceremonia empez\u00f3 con la lectura de un texto de san Ambrosio de Mil\u00e1n en lat\u00edn y que los monarcas siguieron con la traducci\u00f3n de John Henry Newman, te\u00f3logo anglicano que se convirti\u00f3 al catolicismo y que el 1 de noviembre ser\u00e1 declarado Doctor de la Iglesia.<\/p>\n<p style=\"text-align: justify\">Despu\u00e9s, el papa estadounidense y el arzobispo de York, Stephen Cotrell, que sustituye en esta visita a la arzobispa de Canterbury, Sarah Mullally, porque asumir\u00e1 el cargo en enero, presidieron el rezo a los pies del Juicio Final y el resto de frescos de Miguel \u00c1ngel.<\/p>\n<p style=\"text-align: justify\">La ceremonia fue tan especial que la gobernaci\u00f3n del Vaticano decidi\u00f3 engalanar la Capilla Sixtina con dos de los frescos hechos a partir de los cartones de Rafael, el maestro del Renacimiento.<\/p>\n<p style=\"text-align: justify\">Tas la oraci\u00f3n, el rey y el papa se trasladaron a la Sala Regia, contigua a la Sixtina, para reunirse con organizaciones clim\u00e1ticas y l\u00edderes del sector privado implicados en la Iniciativa de Mercados Sostenibles, que Carlos III fund\u00f3 como pr\u00edncipe de Gales.<\/p>\n","protected":false},"excerpt":{"rendered":"<p>NOTI-AMERICA.COM | M\u00c9XICO Han pasado casi cinco siglos desde la fundaci\u00f3n de la Iglesia anglicana pero este jueves un rey brit\u00e1nico y un papa cat\u00f3lico han vuelto a rezar juntos, Carlos III y Le\u00f3n&#46;&#46;&#46;<\/p>\n","protected":false},"author":133,"featured_media":75890,"comment_status":"","ping_status":"open","sticky":false,"template":"","format":"image","meta":{"_acf_changed":false,"rop_custom_images_group":[],"rop_custom_messages_group":[],"rop_publish_now":"no","rop_publish_now_accounts":{"facebook_10219548024599422_1632221337088128":"","twitter_242054905_242054905":""},"rop_publish_now_history":[{"account":"twitter_242054905_242054905","service":"twitter","timestamp":1761258695,"status":"queued"}],"rop_publish_now_status":"queued","footnotes":""},"categories":[4],"tags":[],"class_list":["post-75889","post","type-post","status-publish","format-image","has-post-thumbnail","hentry","category-internacionales","post_format-post-format-image"],"acf":[],"yoast_head":"<!-- This site is optimized with the Yoast SEO Premium plugin v24.9 (Yoast SEO v27.2) - https:\/\/yoast.com\/product\/yoast-seo-premium-wordpress\/ -->\n<title>Papa Le\u00f3n XIV y Carlos III protagonizan un rezo hist\u00f3rico por la unidad cristiana - Noti-America.com<\/title>\n<meta name=\"robots\" content=\"index, follow, max-snippet:-1, max-image-preview:large, max-video-preview:-1\" \/>\n<link rel=\"canonical\" href=\"https:\/\/noti-america.com\/site\/principal\/2025\/10\/23\/papa-leon-xiv-y-carlos-iii-protagonizan-un-rezo-historico-por-la-unidad-cristiana\/\" \/>\n<meta property=\"og:locale\" content=\"es_ES\" \/>\n<meta property=\"og:type\" content=\"article\" \/>\n<meta property=\"og:title\" content=\"Papa Le\u00f3n XIV y Carlos III protagonizan un rezo hist\u00f3rico por la unidad cristiana\" \/>\n<meta property=\"og:description\" content=\"NOTI-AMERICA.COM | M\u00c9XICO Han pasado casi cinco siglos desde la fundaci\u00f3n de la Iglesia anglicana pero este jueves un rey brit\u00e1nico y un papa cat\u00f3lico han vuelto a rezar juntos, Carlos III y Le\u00f3n&#046;&#046;&#046;\" \/>\n<meta property=\"og:url\" content=\"https:\/\/noti-america.com\/site\/principal\/2025\/10\/23\/papa-leon-xiv-y-carlos-iii-protagonizan-un-rezo-historico-por-la-unidad-cristiana\/\" \/>\n<meta property=\"og:site_name\" content=\"Noti-America.com\" \/>\n<meta property=\"article:author\" content=\"Mar\u00eda Valentina Noguera\" \/>\n<meta property=\"article:published_time\" content=\"2025-10-23T22:31:28+00:00\" \/>\n<meta property=\"og:image\" content=\"https:\/\/noti-america.com\/site\/principal\/wp-content\/uploads\/sites\/26\/2025\/10\/Screenshot_23-10-2025_143026_w2a-noticierovenevision-net.s3.amazonaws.com_.jpeg\" \/>\n\t<meta property=\"og:image:width\" content=\"1109\" \/>\n\t<meta property=\"og:image:height\" content=\"565\" \/>\n\t<meta property=\"og:image:type\" content=\"image\/jpeg\" \/>\n<meta name=\"author\" content=\"Maria Valentina Noguera Medina\" \/>\n<meta name=\"twitter:card\" content=\"summary_large_image\" \/>\n<meta name=\"twitter:label1\" content=\"Escrito por\" \/>\n\t<meta name=\"twitter:data1\" content=\"Maria Valentina Noguera Medina\" \/>\n\t<meta name=\"twitter:label2\" content=\"Tiempo estimado de lectura\" \/>\n\t<meta name=\"twitter:data2\" content=\"2 minutos\" \/>\n<script type=\"application\/ld+json\" class=\"yoast-schema-graph\">{\"@context\":\"https:\/\/schema.org\",\"@graph\":[{\"@type\":\"Article\",\"@id\":\"https:\/\/noti-america.com\/site\/principal\/2025\/10\/23\/papa-leon-xiv-y-carlos-iii-protagonizan-un-rezo-historico-por-la-unidad-cristiana\/#article\",\"isPartOf\":{\"@id\":\"https:\/\/noti-america.com\/site\/principal\/2025\/10\/23\/papa-leon-xiv-y-carlos-iii-protagonizan-un-rezo-historico-por-la-unidad-cristiana\/\"},\"author\":{\"name\":\"Maria Valentina Noguera Medina\",\"@id\":\"https:\/\/noti-america.com\/site\/principal\/#\/schema\/person\/22806efcc2cfc4b45efb0e17be210ea8\"},\"headline\":\"Papa Le\u00f3n XIV y Carlos III protagonizan un rezo hist\u00f3rico por la unidad cristiana\",\"datePublished\":\"2025-10-23T22:31:28+00:00\",\"mainEntityOfPage\":{\"@id\":\"https:\/\/noti-america.com\/site\/principal\/2025\/10\/23\/papa-leon-xiv-y-carlos-iii-protagonizan-un-rezo-historico-por-la-unidad-cristiana\/\"},\"wordCount\":494,\"image\":{\"@id\":\"https:\/\/noti-america.com\/site\/principal\/2025\/10\/23\/papa-leon-xiv-y-carlos-iii-protagonizan-un-rezo-historico-por-la-unidad-cristiana\/#primaryimage\"},\"thumbnailUrl\":\"https:\/\/noti-america.com\/site\/principal\/wp-content\/uploads\/sites\/26\/2025\/10\/Screenshot_23-10-2025_143026_w2a-noticierovenevision-net.s3.amazonaws.com_.jpeg\",\"articleSection\":[\"Internacionales\"],\"inLanguage\":\"es\"},{\"@type\":\"WebPage\",\"@id\":\"https:\/\/noti-america.com\/site\/principal\/2025\/10\/23\/papa-leon-xiv-y-carlos-iii-protagonizan-un-rezo-historico-por-la-unidad-cristiana\/\",\"url\":\"https:\/\/noti-america.com\/site\/principal\/2025\/10\/23\/papa-leon-xiv-y-carlos-iii-protagonizan-un-rezo-historico-por-la-unidad-cristiana\/\",\"name\":\"Papa Le\u00f3n XIV y Carlos III protagonizan un rezo hist\u00f3rico por la unidad cristiana - Noti-America.com\",\"isPartOf\":{\"@id\":\"https:\/\/noti-america.com\/site\/principal\/#website\"},\"primaryImageOfPage\":{\"@id\":\"https:\/\/noti-america.com\/site\/principal\/2025\/10\/23\/papa-leon-xiv-y-carlos-iii-protagonizan-un-rezo-historico-por-la-unidad-cristiana\/#primaryimage\"},\"image\":{\"@id\":\"https:\/\/noti-america.com\/site\/principal\/2025\/10\/23\/papa-leon-xiv-y-carlos-iii-protagonizan-un-rezo-historico-por-la-unidad-cristiana\/#primaryimage\"},\"thumbnailUrl\":\"https:\/\/noti-america.com\/site\/principal\/wp-content\/uploads\/sites\/26\/2025\/10\/Screenshot_23-10-2025_143026_w2a-noticierovenevision-net.s3.amazonaws.com_.jpeg\",\"datePublished\":\"2025-10-23T22:31:28+00:00\",\"author\":{\"@id\":\"https:\/\/noti-america.com\/site\/principal\/#\/schema\/person\/22806efcc2cfc4b45efb0e17be210ea8\"},\"breadcrumb\":{\"@id\":\"https:\/\/noti-america.com\/site\/principal\/2025\/10\/23\/papa-leon-xiv-y-carlos-iii-protagonizan-un-rezo-historico-por-la-unidad-cristiana\/#breadcrumb\"},\"inLanguage\":\"es\",\"potentialAction\":[{\"@type\":\"ReadAction\",\"target\":[\"https:\/\/noti-america.com\/site\/principal\/2025\/10\/23\/papa-leon-xiv-y-carlos-iii-protagonizan-un-rezo-historico-por-la-unidad-cristiana\/\"]}]},{\"@type\":\"ImageObject\",\"inLanguage\":\"es\",\"@id\":\"https:\/\/noti-america.com\/site\/principal\/2025\/10\/23\/papa-leon-xiv-y-carlos-iii-protagonizan-un-rezo-historico-por-la-unidad-cristiana\/#primaryimage\",\"url\":\"https:\/\/noti-america.com\/site\/principal\/wp-content\/uploads\/sites\/26\/2025\/10\/Screenshot_23-10-2025_143026_w2a-noticierovenevision-net.s3.amazonaws.com_.jpeg\",\"contentUrl\":\"https:\/\/noti-america.com\/site\/principal\/wp-content\/uploads\/sites\/26\/2025\/10\/Screenshot_23-10-2025_143026_w2a-noticierovenevision-net.s3.amazonaws.com_.jpeg\",\"width\":1109,\"height\":565},{\"@type\":\"BreadcrumbList\",\"@id\":\"https:\/\/noti-america.com\/site\/principal\/2025\/10\/23\/papa-leon-xiv-y-carlos-iii-protagonizan-un-rezo-historico-por-la-unidad-cristiana\/#breadcrumb\",\"itemListElement\":[{\"@type\":\"ListItem\",\"position\":1,\"name\":\"Portada\",\"item\":\"https:\/\/noti-america.com\/site\/principal\/\"},{\"@type\":\"ListItem\",\"position\":2,\"name\":\"Papa Le\u00f3n XIV y Carlos III protagonizan un rezo hist\u00f3rico por la unidad cristiana\"}]},{\"@type\":\"WebSite\",\"@id\":\"https:\/\/noti-america.com\/site\/principal\/#website\",\"url\":\"https:\/\/noti-america.com\/site\/principal\/\",\"name\":\"Noti-America.com\",\"description\":\"El Noticiero Digital M\u00e1s Grande de Am\u00e9rica\",\"potentialAction\":[{\"@type\":\"SearchAction\",\"target\":{\"@type\":\"EntryPoint\",\"urlTemplate\":\"https:\/\/noti-america.com\/site\/principal\/?s={search_term_string}\"},\"query-input\":{\"@type\":\"PropertyValueSpecification\",\"valueRequired\":true,\"valueName\":\"search_term_string\"}}],\"inLanguage\":\"es\"},{\"@type\":\"Person\",\"@id\":\"https:\/\/noti-america.com\/site\/principal\/#\/schema\/person\/22806efcc2cfc4b45efb0e17be210ea8\",\"name\":\"Maria Valentina Noguera Medina\",\"image\":{\"@type\":\"ImageObject\",\"inLanguage\":\"es\",\"@id\":\"https:\/\/secure.gravatar.com\/avatar\/4ec5eb9d099f2608a49c9df6f7341f66f04f819cdffa09d56a7a0e91d2819d56?s=96&d=mm&r=g\",\"url\":\"https:\/\/secure.gravatar.com\/avatar\/4ec5eb9d099f2608a49c9df6f7341f66f04f819cdffa09d56a7a0e91d2819d56?s=96&d=mm&r=g\",\"contentUrl\":\"https:\/\/secure.gravatar.com\/avatar\/4ec5eb9d099f2608a49c9df6f7341f66f04f819cdffa09d56a7a0e91d2819d56?s=96&d=mm&r=g\",\"caption\":\"Maria Valentina Noguera Medina\"},\"description\":\"Periodista - noti-america - Promar Community Manager - Talento Plus Dise\u00f1adora\/ creadora de contenido...\",\"sameAs\":[\"Mar\u00eda Valentina Noguera\",\"https:\/\/www.facebook.com\/mariavalentina.noguera\",\"https:\/\/www.linkedin.com\/in\/mara-valentina-noguera-medina-373075165\/\",\"https:\/\/www.pinterest.es\/valentinanoguera95\/\",\"https:\/\/www.youtube.com\/channel\/UCdek6mbUZ-Tqqw0I63i4nmQ\"],\"url\":\"https:\/\/noti-america.com\/site\/principal\/author\/mnoguera\/\"}]}<\/script>\n<!-- \/ Yoast SEO Premium plugin. -->","yoast_head_json":{"title":"Papa Le\u00f3n XIV y Carlos III protagonizan un rezo hist\u00f3rico por la unidad cristiana - Noti-America.com","robots":{"index":"index","follow":"follow","max-snippet":"max-snippet:-1","max-image-preview":"max-image-preview:large","max-video-preview":"max-video-preview:-1"},"canonical":"https:\/\/noti-america.com\/site\/principal\/2025\/10\/23\/papa-leon-xiv-y-carlos-iii-protagonizan-un-rezo-historico-por-la-unidad-cristiana\/","og_locale":"es_ES","og_type":"article","og_title":"Papa Le\u00f3n XIV y Carlos III protagonizan un rezo hist\u00f3rico por la unidad cristiana","og_description":"NOTI-AMERICA.COM | M\u00c9XICO Han pasado casi cinco siglos desde la fundaci\u00f3n de la Iglesia anglicana pero este jueves un rey brit\u00e1nico y un papa cat\u00f3lico han vuelto a rezar juntos, Carlos III y Le\u00f3n&#46;&#46;&#46;","og_url":"https:\/\/noti-america.com\/site\/principal\/2025\/10\/23\/papa-leon-xiv-y-carlos-iii-protagonizan-un-rezo-historico-por-la-unidad-cristiana\/","og_site_name":"Noti-America.com","article_author":"Mar\u00eda Valentina Noguera","article_published_time":"2025-10-23T22:31:28+00:00","og_image":[{"width":1109,"height":565,"url":"https:\/\/noti-america.com\/site\/principal\/wp-content\/uploads\/sites\/26\/2025\/10\/Screenshot_23-10-2025_143026_w2a-noticierovenevision-net.s3.amazonaws.com_.jpeg","type":"image\/jpeg"}],"author":"Maria Valentina Noguera Medina","twitter_card":"summary_large_image","twitter_misc":{"Escrito por":"Maria Valentina Noguera Medina","Tiempo estimado de lectura":"2 minutos"},"schema":{"@context":"https:\/\/schema.org","@graph":[{"@type":"Article","@id":"https:\/\/noti-america.com\/site\/principal\/2025\/10\/23\/papa-leon-xiv-y-carlos-iii-protagonizan-un-rezo-historico-por-la-unidad-cristiana\/#article","isPartOf":{"@id":"https:\/\/noti-america.com\/site\/principal\/2025\/10\/23\/papa-leon-xiv-y-carlos-iii-protagonizan-un-rezo-historico-por-la-unidad-cristiana\/"},"author":{"name":"Maria Valentina Noguera Medina","@id":"https:\/\/noti-america.com\/site\/principal\/#\/schema\/person\/22806efcc2cfc4b45efb0e17be210ea8"},"headline":"Papa Le\u00f3n XIV y Carlos III protagonizan un rezo hist\u00f3rico por la unidad cristiana","datePublished":"2025-10-23T22:31:28+00:00","mainEntityOfPage":{"@id":"https:\/\/noti-america.com\/site\/principal\/2025\/10\/23\/papa-leon-xiv-y-carlos-iii-protagonizan-un-rezo-historico-por-la-unidad-cristiana\/"},"wordCount":494,"image":{"@id":"https:\/\/noti-america.com\/site\/principal\/2025\/10\/23\/papa-leon-xiv-y-carlos-iii-protagonizan-un-rezo-historico-por-la-unidad-cristiana\/#primaryimage"},"thumbnailUrl":"https:\/\/noti-america.com\/site\/principal\/wp-content\/uploads\/sites\/26\/2025\/10\/Screenshot_23-10-2025_143026_w2a-noticierovenevision-net.s3.amazonaws.com_.jpeg","articleSection":["Internacionales"],"inLanguage":"es"},{"@type":"WebPage","@id":"https:\/\/noti-america.com\/site\/principal\/2025\/10\/23\/papa-leon-xiv-y-carlos-iii-protagonizan-un-rezo-historico-por-la-unidad-cristiana\/","url":"https:\/\/noti-america.com\/site\/principal\/2025\/10\/23\/papa-leon-xiv-y-carlos-iii-protagonizan-un-rezo-historico-por-la-unidad-cristiana\/","name":"Papa Le\u00f3n XIV y Carlos III protagonizan un rezo hist\u00f3rico por la unidad cristiana - Noti-America.com","isPartOf":{"@id":"https:\/\/noti-america.com\/site\/principal\/#website"},"primaryImageOfPage":{"@id":"https:\/\/noti-america.com\/site\/principal\/2025\/10\/23\/papa-leon-xiv-y-carlos-iii-protagonizan-un-rezo-historico-por-la-unidad-cristiana\/#primaryimage"},"image":{"@id":"https:\/\/noti-america.com\/site\/principal\/2025\/10\/23\/papa-leon-xiv-y-carlos-iii-protagonizan-un-rezo-historico-por-la-unidad-cristiana\/#primaryimage"},"thumbnailUrl":"https:\/\/noti-america.com\/site\/principal\/wp-content\/uploads\/sites\/26\/2025\/10\/Screenshot_23-10-2025_143026_w2a-noticierovenevision-net.s3.amazonaws.com_.jpeg","datePublished":"2025-10-23T22:31:28+00:00","author":{"@id":"https:\/\/noti-america.com\/site\/principal\/#\/schema\/person\/22806efcc2cfc4b45efb0e17be210ea8"},"breadcrumb":{"@id":"https:\/\/noti-america.com\/site\/principal\/2025\/10\/23\/papa-leon-xiv-y-carlos-iii-protagonizan-un-rezo-historico-por-la-unidad-cristiana\/#breadcrumb"},"inLanguage":"es","potentialAction":[{"@type":"ReadAction","target":["https:\/\/noti-america.com\/site\/principal\/2025\/10\/23\/papa-leon-xiv-y-carlos-iii-protagonizan-un-rezo-historico-por-la-unidad-cristiana\/"]}]},{"@type":"ImageObject","inLanguage":"es","@id":"https:\/\/noti-america.com\/site\/principal\/2025\/10\/23\/papa-leon-xiv-y-carlos-iii-protagonizan-un-rezo-historico-por-la-unidad-cristiana\/#primaryimage","url":"https:\/\/noti-america.com\/site\/principal\/wp-content\/uploads\/sites\/26\/2025\/10\/Screenshot_23-10-2025_143026_w2a-noticierovenevision-net.s3.amazonaws.com_.jpeg","contentUrl":"https:\/\/noti-america.com\/site\/principal\/wp-content\/uploads\/sites\/26\/2025\/10\/Screenshot_23-10-2025_143026_w2a-noticierovenevision-net.s3.amazonaws.com_.jpeg","width":1109,"height":565},{"@type":"BreadcrumbList","@id":"https:\/\/noti-america.com\/site\/principal\/2025\/10\/23\/papa-leon-xiv-y-carlos-iii-protagonizan-un-rezo-historico-por-la-unidad-cristiana\/#breadcrumb","itemListElement":[{"@type":"ListItem","position":1,"name":"Portada","item":"https:\/\/noti-america.com\/site\/principal\/"},{"@type":"ListItem","position":2,"name":"Papa Le\u00f3n XIV y Carlos III protagonizan un rezo hist\u00f3rico por la unidad cristiana"}]},{"@type":"WebSite","@id":"https:\/\/noti-america.com\/site\/principal\/#website","url":"https:\/\/noti-america.com\/site\/principal\/","name":"Noti-America.com","description":"El Noticiero Digital M\u00e1s Grande de Am\u00e9rica","potentialAction":[{"@type":"SearchAction","target":{"@type":"EntryPoint","urlTemplate":"https:\/\/noti-america.com\/site\/principal\/?s={search_term_string}"},"query-input":{"@type":"PropertyValueSpecification","valueRequired":true,"valueName":"search_term_string"}}],"inLanguage":"es"},{"@type":"Person","@id":"https:\/\/noti-america.com\/site\/principal\/#\/schema\/person\/22806efcc2cfc4b45efb0e17be210ea8","name":"Maria Valentina Noguera Medina","image":{"@type":"ImageObject","inLanguage":"es","@id":"https:\/\/secure.gravatar.com\/avatar\/4ec5eb9d099f2608a49c9df6f7341f66f04f819cdffa09d56a7a0e91d2819d56?s=96&d=mm&r=g","url":"https:\/\/secure.gravatar.com\/avatar\/4ec5eb9d099f2608a49c9df6f7341f66f04f819cdffa09d56a7a0e91d2819d56?s=96&d=mm&r=g","contentUrl":"https:\/\/secure.gravatar.com\/avatar\/4ec5eb9d099f2608a49c9df6f7341f66f04f819cdffa09d56a7a0e91d2819d56?s=96&d=mm&r=g","caption":"Maria Valentina Noguera Medina"},"description":"Periodista - noti-america - Promar Community Manager - Talento Plus Dise\u00f1adora\/ creadora de contenido...","sameAs":["Mar\u00eda Valentina Noguera","https:\/\/www.facebook.com\/mariavalentina.noguera","https:\/\/www.linkedin.com\/in\/mara-valentina-noguera-medina-373075165\/","https:\/\/www.pinterest.es\/valentinanoguera95\/","https:\/\/www.youtube.com\/channel\/UCdek6mbUZ-Tqqw0I63i4nmQ"],"url":"https:\/\/noti-america.com\/site\/principal\/author\/mnoguera\/"}]}},"_links":{"self":[{"href":"https:\/\/noti-america.com\/site\/principal\/wp-json\/wp\/v2\/posts\/75889","targetHints":{"allow":["GET"]}}],"collection":[{"href":"https:\/\/noti-america.com\/site\/principal\/wp-json\/wp\/v2\/posts"}],"about":[{"href":"https:\/\/noti-america.com\/site\/principal\/wp-json\/wp\/v2\/types\/post"}],"author":[{"embeddable":true,"href":"https:\/\/noti-america.com\/site\/principal\/wp-json\/wp\/v2\/users\/133"}],"replies":[{"embeddable":true,"href":"https:\/\/noti-america.com\/site\/principal\/wp-json\/wp\/v2\/comments?post=75889"}],"version-history":[{"count":1,"href":"https:\/\/noti-america.com\/site\/principal\/wp-json\/wp\/v2\/posts\/75889\/revisions"}],"predecessor-version":[{"id":75910,"href":"https:\/\/noti-america.com\/site\/principal\/wp-json\/wp\/v2\/posts\/75889\/revisions\/75910"}],"wp:featuredmedia":[{"embeddable":true,"href":"https:\/\/noti-america.com\/site\/principal\/wp-json\/wp\/v2\/media\/75890"}],"wp:attachment":[{"href":"https:\/\/noti-america.com\/site\/principal\/wp-json\/wp\/v2\/media?parent=75889"}],"wp:term":[{"taxonomy":"category","embeddable":true,"href":"https:\/\/noti-america.com\/site\/principal\/wp-json\/wp\/v2\/categories?post=75889"},{"taxonomy":"post_tag","embeddable":true,"href":"https:\/\/noti-america.com\/site\/principal\/wp-json\/wp\/v2\/tags?post=75889"}],"curies":[{"name":"wp","href":"https:\/\/api.w.org\/{rel}","templated":true}]}}