{"id":7573,"date":"2021-11-25T15:01:42","date_gmt":"2021-11-25T19:01:42","guid":{"rendered":"https:\/\/noti-america.com\/site\/principal\/?p=7573"},"modified":"2021-11-25T15:01:42","modified_gmt":"2021-11-25T19:01:42","slug":"onu-habitat-reconocio-al-presidente-ivan-duque-como-campeon-entre-los-lideres-globales-para-los-asentamientos-humanos-sostenibles-y-urbanos","status":"publish","type":"post","link":"https:\/\/noti-america.com\/site\/principal\/2021\/11\/25\/onu-habitat-reconocio-al-presidente-ivan-duque-como-campeon-entre-los-lideres-globales-para-los-asentamientos-humanos-sostenibles-y-urbanos\/","title":{"rendered":"ONU-Habitat reconoci\u00f3 al Presidente Iv\u00e1n Duque como &#8216;Campe\u00f3n entre los l\u00edderes globales para los asentamientos humanos sostenibles y urbanos&#8217;"},"content":{"rendered":"<p>COLOMBIA | NOTI-AMERICA.COM<\/p>\n<p style=\"text-align: center;\"><strong>ONU-Habitat reconoci\u00f3 al Presidente Iv\u00e1n Duque como &#8216;Campe\u00f3n entre los l\u00edderes globales para los asentamientos humanos sostenibles y urbanos&#8217;\u00a0\u00a0<\/strong><\/p>\n<p><img loading=\"lazy\" decoding=\"async\" class=\"alignnone  wp-image-7574 aligncenter\" src=\"https:\/\/noti-america.com\/site\/principal\/wp-content\/uploads\/sites\/26\/2021\/11\/ONU_HABITAT-300x210.jpeg\" alt=\"\" width=\"386\" height=\"270\" srcset=\"https:\/\/noti-america.com\/site\/principal\/wp-content\/uploads\/sites\/26\/2021\/11\/ONU_HABITAT-300x210.jpeg 300w, https:\/\/noti-america.com\/site\/principal\/wp-content\/uploads\/sites\/26\/2021\/11\/ONU_HABITAT-1024x716.jpeg 1024w, https:\/\/noti-america.com\/site\/principal\/wp-content\/uploads\/sites\/26\/2021\/11\/ONU_HABITAT-768x537.jpeg 768w, https:\/\/noti-america.com\/site\/principal\/wp-content\/uploads\/sites\/26\/2021\/11\/ONU_HABITAT.jpeg 1280w\" sizes=\"auto, (max-width: 386px) 100vw, 386px\" \/><\/p>\n<p style=\"text-align: justify;\">El Presidente Iv\u00e1n Duque con la directora de ONU-Habitat, Maimunah Mohd Sharif. Foto: Sharon Dur\u00e1n (MVCT)<\/p>\n<p>Cartagena, Bol\u00edvar,\u00a0 noviembre de 2022 (MVCT). La directora ejecutiva de ONU-Habitat, Maimunah Mohd Sharif, reconoci\u00f3 al Presidente de Colombia, Iv\u00e1n Duque como \u00abChampion among the World leaders\u00bb, \u00abCampe\u00f3n, entre los l\u00edderes globales\u00bb, por su liderazgo, visi\u00f3n y los importantes logros de las pol\u00edticas de vivienda y desarrollo urbano de su gobierno.<\/p>\n<p>El reconocimiento, que destaca el liderazgo en la promoci\u00f3n del acceso a viviendas y entornos dignos, se anunci\u00f3 este lunes en Cartagena, durante la trig\u00e9sima edici\u00f3n de la Asamblea General del Foro de Ministros y Autoridades M\u00e1ximas de la Vivienda y Urbanismo de Am\u00e9rica Latina y el Caribe (MINURVI).<\/p>\n<p>El Presidente resalt\u00f3 que desde el primer d\u00eda de su gobierno, parte del trabajo ha apuntado a fortalecer el concepto de \u00abcarbono neutro\u00bb, con una visi\u00f3n de largo plazo al a\u00f1o 2050. Desde la cartera de Vivienda, se implementan estrategias enfocadas en la eficiencia, sistematizaci\u00f3n de procesos constructivos sostenibles y econom\u00eda circular.<\/p>\n<p>\u00abEntregamos coberturas de tasa de inter\u00e9s para aportar al pago de la cuota, y ahora, cuando alguien compre una vivienda sostenible tendr\u00e1 el beneficio a trav\u00e9s de Ecobertura, una iniciativa que promueve la compra de vivienda con certificaci\u00f3n ambiental\u00bb, explic\u00f3 Malag\u00f3n, quien resalt\u00f3 esta iniciativa del gobierno lanzada recientemente, enfocada en atender el d\u00e9ficit de vivienda en el pa\u00eds, con enfoque de sostenibilidad.<\/p>\n<p>Por otra parte, el Presidente exalt\u00f3 los logros de la pol\u00edtica de la cartera en materia social: \u00abDe hecho, m\u00e1s del 62 % de las viviendas de inter\u00e9s social las han comprado familias que ganan menos de 2 salarios m\u00ednimos, cumpliendo con nuestra promesa de un pa\u00eds de propietarios y equidad social\u00bb.<\/p>\n<p>Como antesala al reconocimiento, el ministro de Vivienda, Ciudad y Territorio de Colombia, y presidente de MINURVI, Jonathan Malag\u00f3n, enfatiz\u00f3 en su presentaci\u00f3n varios retos sobre los cuales la regi\u00f3n de Am\u00e9rica Latina y el Caribe debe seguir trabajando para cumplir los objetivos de desarrollo sostenible al 2030. Seg\u00fan el Ministro, ante los 127 millones de personas que a\u00fan viven en asentamientos informales urbanos en la regi\u00f3n, en Colombia se ha avanzado significativamente.<\/p>\n<p>\u00abEl gobierno del Presidente Iv\u00e1n Duque, en tres a\u00f1os de labores, ya cumpli\u00f3 la meta propuesta de beneficiar a m\u00e1s de 600 mil familias con el programa Casa Digna, Vida Digna y sus componentes de mejoramiento de vivienda, entornos y titulaci\u00f3n de predios\u00bb, destac\u00f3.<\/p>\n<p>El Ministro mencion\u00f3 cuatro retos adicionales como una hoja de ruta com\u00fan entre los gobiernos de la regi\u00f3n, entre ellos, hacerle frente a la expansi\u00f3n urbana desordenada para contrarrestar la ausencia de cobertura de calidad en servicios p\u00fablicos y los \u00edndices de contaminaci\u00f3n en el sector de la construcci\u00f3n y responder ante las nuevas din\u00e1micas migratorias presentes en la regi\u00f3n.<\/p>\n<p>La jornada, adem\u00e1s de contar con la presencia de m\u00e1s de diez representantes ministeriales de pa\u00edses latinoamericanos y caribe\u00f1os, tuvo el acompa\u00f1amiento de altos representantes de entidades multilaterales como la Comisi\u00f3n Econ\u00f3mica para Am\u00e9rica Latina y el Caribe (CEPAL), en cabeza de su Secretaria Ejecutiva, Alicia B\u00e1rcena, y el Banco Mundial, en cabeza de David Sislen, gerente seccional para la regi\u00f3n.<\/p>\n","protected":false},"excerpt":{"rendered":"<p>COLOMBIA | NOTI-AMERICA.COM ONU-Habitat reconoci\u00f3 al Presidente Iv\u00e1n Duque como &#8216;Campe\u00f3n entre los l\u00edderes globales para los asentamientos humanos sostenibles y urbanos&#8217;\u00a0\u00a0 El Presidente Iv\u00e1n Duque con la directora de ONU-Habitat, Maimunah Mohd Sharif.&#46;&#46;&#46;<\/p>\n","protected":false},"author":2,"featured_media":7574,"comment_status":"open","ping_status":"open","sticky":false,"template":"","format":"image","meta":{"_acf_changed":false,"rop_custom_images_group":[],"rop_custom_messages_group":[],"rop_publish_now":"initial","rop_publish_now_accounts":{"facebook_10219548024599422_1632221337088128":"","twitter_242054905_242054905":""},"rop_publish_now_history":[],"rop_publish_now_status":"pending","footnotes":""},"categories":[3],"tags":[],"class_list":["post-7573","post","type-post","status-publish","format-image","has-post-thumbnail","hentry","category-politica","post_format-post-format-image"],"acf":[],"yoast_head":"<!-- This site is optimized with the Yoast SEO Premium plugin v24.9 (Yoast SEO v27.2) - https:\/\/yoast.com\/product\/yoast-seo-premium-wordpress\/ -->\n<title>ONU-Habitat reconoci\u00f3 al Presidente Iv\u00e1n Duque como &#039;Campe\u00f3n entre los l\u00edderes globales para los asentamientos humanos sostenibles y urbanos&#039; - Noti-America.com<\/title>\n<meta name=\"robots\" content=\"index, follow, max-snippet:-1, max-image-preview:large, max-video-preview:-1\" \/>\n<link rel=\"canonical\" href=\"https:\/\/noti-america.com\/site\/principal\/2021\/11\/25\/onu-habitat-reconocio-al-presidente-ivan-duque-como-campeon-entre-los-lideres-globales-para-los-asentamientos-humanos-sostenibles-y-urbanos\/\" \/>\n<meta property=\"og:locale\" content=\"es_ES\" \/>\n<meta property=\"og:type\" content=\"article\" \/>\n<meta property=\"og:title\" content=\"ONU-Habitat reconoci\u00f3 al Presidente Iv\u00e1n Duque como &#039;Campe\u00f3n entre los l\u00edderes globales para los asentamientos humanos sostenibles y urbanos&#039;\" \/>\n<meta property=\"og:description\" content=\"COLOMBIA | NOTI-AMERICA.COM ONU-Habitat reconoci\u00f3 al Presidente Iv\u00e1n Duque como &#8216;Campe\u00f3n entre los l\u00edderes globales para los asentamientos humanos sostenibles y urbanos&#8217;\u00a0\u00a0 El Presidente Iv\u00e1n Duque con la directora de ONU-Habitat, Maimunah Mohd Sharif.&#046;&#046;&#046;\" \/>\n<meta property=\"og:url\" content=\"https:\/\/noti-america.com\/site\/principal\/2021\/11\/25\/onu-habitat-reconocio-al-presidente-ivan-duque-como-campeon-entre-los-lideres-globales-para-los-asentamientos-humanos-sostenibles-y-urbanos\/\" \/>\n<meta property=\"og:site_name\" content=\"Noti-America.com\" \/>\n<meta property=\"article:published_time\" content=\"2021-11-25T19:01:42+00:00\" \/>\n<meta property=\"og:image\" content=\"https:\/\/noti-america.com\/site\/principal\/wp-content\/uploads\/sites\/26\/2021\/11\/ONU_HABITAT.jpeg\" \/>\n\t<meta property=\"og:image:width\" content=\"1280\" \/>\n\t<meta property=\"og:image:height\" content=\"895\" \/>\n\t<meta property=\"og:image:type\" content=\"image\/jpeg\" \/>\n<meta name=\"author\" content=\"rloaiza\" \/>\n<meta name=\"twitter:card\" content=\"summary_large_image\" \/>\n<meta name=\"twitter:label1\" content=\"Escrito por\" \/>\n\t<meta name=\"twitter:data1\" content=\"rloaiza\" \/>\n\t<meta name=\"twitter:label2\" content=\"Tiempo estimado de lectura\" \/>\n\t<meta name=\"twitter:data2\" content=\"3 minutos\" \/>\n<script type=\"application\/ld+json\" class=\"yoast-schema-graph\">{\"@context\":\"https:\/\/schema.org\",\"@graph\":[{\"@type\":\"Article\",\"@id\":\"https:\/\/noti-america.com\/site\/principal\/2021\/11\/25\/onu-habitat-reconocio-al-presidente-ivan-duque-como-campeon-entre-los-lideres-globales-para-los-asentamientos-humanos-sostenibles-y-urbanos\/#article\",\"isPartOf\":{\"@id\":\"https:\/\/noti-america.com\/site\/principal\/2021\/11\/25\/onu-habitat-reconocio-al-presidente-ivan-duque-como-campeon-entre-los-lideres-globales-para-los-asentamientos-humanos-sostenibles-y-urbanos\/\"},\"author\":{\"name\":\"rloaiza\",\"@id\":\"https:\/\/noti-america.com\/site\/principal\/#\/schema\/person\/a2e478ba496331ce89bcd0c731cd6533\"},\"headline\":\"ONU-Habitat reconoci\u00f3 al Presidente Iv\u00e1n Duque como &#8216;Campe\u00f3n entre los l\u00edderes globales para los asentamientos humanos sostenibles y urbanos&#8217;\",\"datePublished\":\"2021-11-25T19:01:42+00:00\",\"mainEntityOfPage\":{\"@id\":\"https:\/\/noti-america.com\/site\/principal\/2021\/11\/25\/onu-habitat-reconocio-al-presidente-ivan-duque-como-campeon-entre-los-lideres-globales-para-los-asentamientos-humanos-sostenibles-y-urbanos\/\"},\"wordCount\":618,\"commentCount\":0,\"image\":{\"@id\":\"https:\/\/noti-america.com\/site\/principal\/2021\/11\/25\/onu-habitat-reconocio-al-presidente-ivan-duque-como-campeon-entre-los-lideres-globales-para-los-asentamientos-humanos-sostenibles-y-urbanos\/#primaryimage\"},\"thumbnailUrl\":\"https:\/\/noti-america.com\/site\/principal\/wp-content\/uploads\/sites\/26\/2021\/11\/ONU_HABITAT.jpeg\",\"articleSection\":[\"Pol\u00edtica\"],\"inLanguage\":\"es\",\"potentialAction\":[{\"@type\":\"CommentAction\",\"name\":\"Comment\",\"target\":[\"https:\/\/noti-america.com\/site\/principal\/2021\/11\/25\/onu-habitat-reconocio-al-presidente-ivan-duque-como-campeon-entre-los-lideres-globales-para-los-asentamientos-humanos-sostenibles-y-urbanos\/#respond\"]}]},{\"@type\":\"WebPage\",\"@id\":\"https:\/\/noti-america.com\/site\/principal\/2021\/11\/25\/onu-habitat-reconocio-al-presidente-ivan-duque-como-campeon-entre-los-lideres-globales-para-los-asentamientos-humanos-sostenibles-y-urbanos\/\",\"url\":\"https:\/\/noti-america.com\/site\/principal\/2021\/11\/25\/onu-habitat-reconocio-al-presidente-ivan-duque-como-campeon-entre-los-lideres-globales-para-los-asentamientos-humanos-sostenibles-y-urbanos\/\",\"name\":\"ONU-Habitat reconoci\u00f3 al Presidente Iv\u00e1n Duque como 'Campe\u00f3n entre los l\u00edderes globales para los asentamientos humanos sostenibles y urbanos' - Noti-America.com\",\"isPartOf\":{\"@id\":\"https:\/\/noti-america.com\/site\/principal\/#website\"},\"primaryImageOfPage\":{\"@id\":\"https:\/\/noti-america.com\/site\/principal\/2021\/11\/25\/onu-habitat-reconocio-al-presidente-ivan-duque-como-campeon-entre-los-lideres-globales-para-los-asentamientos-humanos-sostenibles-y-urbanos\/#primaryimage\"},\"image\":{\"@id\":\"https:\/\/noti-america.com\/site\/principal\/2021\/11\/25\/onu-habitat-reconocio-al-presidente-ivan-duque-como-campeon-entre-los-lideres-globales-para-los-asentamientos-humanos-sostenibles-y-urbanos\/#primaryimage\"},\"thumbnailUrl\":\"https:\/\/noti-america.com\/site\/principal\/wp-content\/uploads\/sites\/26\/2021\/11\/ONU_HABITAT.jpeg\",\"datePublished\":\"2021-11-25T19:01:42+00:00\",\"author\":{\"@id\":\"https:\/\/noti-america.com\/site\/principal\/#\/schema\/person\/a2e478ba496331ce89bcd0c731cd6533\"},\"breadcrumb\":{\"@id\":\"https:\/\/noti-america.com\/site\/principal\/2021\/11\/25\/onu-habitat-reconocio-al-presidente-ivan-duque-como-campeon-entre-los-lideres-globales-para-los-asentamientos-humanos-sostenibles-y-urbanos\/#breadcrumb\"},\"inLanguage\":\"es\",\"potentialAction\":[{\"@type\":\"ReadAction\",\"target\":[\"https:\/\/noti-america.com\/site\/principal\/2021\/11\/25\/onu-habitat-reconocio-al-presidente-ivan-duque-como-campeon-entre-los-lideres-globales-para-los-asentamientos-humanos-sostenibles-y-urbanos\/\"]}]},{\"@type\":\"ImageObject\",\"inLanguage\":\"es\",\"@id\":\"https:\/\/noti-america.com\/site\/principal\/2021\/11\/25\/onu-habitat-reconocio-al-presidente-ivan-duque-como-campeon-entre-los-lideres-globales-para-los-asentamientos-humanos-sostenibles-y-urbanos\/#primaryimage\",\"url\":\"https:\/\/noti-america.com\/site\/principal\/wp-content\/uploads\/sites\/26\/2021\/11\/ONU_HABITAT.jpeg\",\"contentUrl\":\"https:\/\/noti-america.com\/site\/principal\/wp-content\/uploads\/sites\/26\/2021\/11\/ONU_HABITAT.jpeg\",\"width\":1280,\"height\":895},{\"@type\":\"BreadcrumbList\",\"@id\":\"https:\/\/noti-america.com\/site\/principal\/2021\/11\/25\/onu-habitat-reconocio-al-presidente-ivan-duque-como-campeon-entre-los-lideres-globales-para-los-asentamientos-humanos-sostenibles-y-urbanos\/#breadcrumb\",\"itemListElement\":[{\"@type\":\"ListItem\",\"position\":1,\"name\":\"Portada\",\"item\":\"https:\/\/noti-america.com\/site\/principal\/\"},{\"@type\":\"ListItem\",\"position\":2,\"name\":\"ONU-Habitat reconoci\u00f3 al Presidente Iv\u00e1n Duque como &#8216;Campe\u00f3n entre los l\u00edderes globales para los asentamientos humanos sostenibles y urbanos&#8217;\"}]},{\"@type\":\"WebSite\",\"@id\":\"https:\/\/noti-america.com\/site\/principal\/#website\",\"url\":\"https:\/\/noti-america.com\/site\/principal\/\",\"name\":\"Noti-America.com\",\"description\":\"El Noticiero Digital M\u00e1s Grande de Am\u00e9rica\",\"potentialAction\":[{\"@type\":\"SearchAction\",\"target\":{\"@type\":\"EntryPoint\",\"urlTemplate\":\"https:\/\/noti-america.com\/site\/principal\/?s={search_term_string}\"},\"query-input\":{\"@type\":\"PropertyValueSpecification\",\"valueRequired\":true,\"valueName\":\"search_term_string\"}}],\"inLanguage\":\"es\"},{\"@type\":\"Person\",\"@id\":\"https:\/\/noti-america.com\/site\/principal\/#\/schema\/person\/a2e478ba496331ce89bcd0c731cd6533\",\"name\":\"rloaiza\",\"image\":{\"@type\":\"ImageObject\",\"inLanguage\":\"es\",\"@id\":\"https:\/\/secure.gravatar.com\/avatar\/190058e5d4427934610b99c45aa7a6558806850adedd53ddeddd194b04773e22?s=96&d=mm&r=g\",\"url\":\"https:\/\/secure.gravatar.com\/avatar\/190058e5d4427934610b99c45aa7a6558806850adedd53ddeddd194b04773e22?s=96&d=mm&r=g\",\"contentUrl\":\"https:\/\/secure.gravatar.com\/avatar\/190058e5d4427934610b99c45aa7a6558806850adedd53ddeddd194b04773e22?s=96&d=mm&r=g\",\"caption\":\"rloaiza\"},\"url\":\"https:\/\/noti-america.com\/site\/principal\/author\/rloaiza\/\"}]}<\/script>\n<!-- \/ Yoast SEO Premium plugin. -->","yoast_head_json":{"title":"ONU-Habitat reconoci\u00f3 al Presidente Iv\u00e1n Duque como 'Campe\u00f3n entre los l\u00edderes globales para los asentamientos humanos sostenibles y urbanos' - Noti-America.com","robots":{"index":"index","follow":"follow","max-snippet":"max-snippet:-1","max-image-preview":"max-image-preview:large","max-video-preview":"max-video-preview:-1"},"canonical":"https:\/\/noti-america.com\/site\/principal\/2021\/11\/25\/onu-habitat-reconocio-al-presidente-ivan-duque-como-campeon-entre-los-lideres-globales-para-los-asentamientos-humanos-sostenibles-y-urbanos\/","og_locale":"es_ES","og_type":"article","og_title":"ONU-Habitat reconoci\u00f3 al Presidente Iv\u00e1n Duque como 'Campe\u00f3n entre los l\u00edderes globales para los asentamientos humanos sostenibles y urbanos'","og_description":"COLOMBIA | NOTI-AMERICA.COM ONU-Habitat reconoci\u00f3 al Presidente Iv\u00e1n Duque como &#8216;Campe\u00f3n entre los l\u00edderes globales para los asentamientos humanos sostenibles y urbanos&#8217;\u00a0\u00a0 El Presidente Iv\u00e1n Duque con la directora de ONU-Habitat, Maimunah Mohd Sharif.&#46;&#46;&#46;","og_url":"https:\/\/noti-america.com\/site\/principal\/2021\/11\/25\/onu-habitat-reconocio-al-presidente-ivan-duque-como-campeon-entre-los-lideres-globales-para-los-asentamientos-humanos-sostenibles-y-urbanos\/","og_site_name":"Noti-America.com","article_published_time":"2021-11-25T19:01:42+00:00","og_image":[{"width":1280,"height":895,"url":"https:\/\/noti-america.com\/site\/principal\/wp-content\/uploads\/sites\/26\/2021\/11\/ONU_HABITAT.jpeg","type":"image\/jpeg"}],"author":"rloaiza","twitter_card":"summary_large_image","twitter_misc":{"Escrito por":"rloaiza","Tiempo estimado de lectura":"3 minutos"},"schema":{"@context":"https:\/\/schema.org","@graph":[{"@type":"Article","@id":"https:\/\/noti-america.com\/site\/principal\/2021\/11\/25\/onu-habitat-reconocio-al-presidente-ivan-duque-como-campeon-entre-los-lideres-globales-para-los-asentamientos-humanos-sostenibles-y-urbanos\/#article","isPartOf":{"@id":"https:\/\/noti-america.com\/site\/principal\/2021\/11\/25\/onu-habitat-reconocio-al-presidente-ivan-duque-como-campeon-entre-los-lideres-globales-para-los-asentamientos-humanos-sostenibles-y-urbanos\/"},"author":{"name":"rloaiza","@id":"https:\/\/noti-america.com\/site\/principal\/#\/schema\/person\/a2e478ba496331ce89bcd0c731cd6533"},"headline":"ONU-Habitat reconoci\u00f3 al Presidente Iv\u00e1n Duque como &#8216;Campe\u00f3n entre los l\u00edderes globales para los asentamientos humanos sostenibles y urbanos&#8217;","datePublished":"2021-11-25T19:01:42+00:00","mainEntityOfPage":{"@id":"https:\/\/noti-america.com\/site\/principal\/2021\/11\/25\/onu-habitat-reconocio-al-presidente-ivan-duque-como-campeon-entre-los-lideres-globales-para-los-asentamientos-humanos-sostenibles-y-urbanos\/"},"wordCount":618,"commentCount":0,"image":{"@id":"https:\/\/noti-america.com\/site\/principal\/2021\/11\/25\/onu-habitat-reconocio-al-presidente-ivan-duque-como-campeon-entre-los-lideres-globales-para-los-asentamientos-humanos-sostenibles-y-urbanos\/#primaryimage"},"thumbnailUrl":"https:\/\/noti-america.com\/site\/principal\/wp-content\/uploads\/sites\/26\/2021\/11\/ONU_HABITAT.jpeg","articleSection":["Pol\u00edtica"],"inLanguage":"es","potentialAction":[{"@type":"CommentAction","name":"Comment","target":["https:\/\/noti-america.com\/site\/principal\/2021\/11\/25\/onu-habitat-reconocio-al-presidente-ivan-duque-como-campeon-entre-los-lideres-globales-para-los-asentamientos-humanos-sostenibles-y-urbanos\/#respond"]}]},{"@type":"WebPage","@id":"https:\/\/noti-america.com\/site\/principal\/2021\/11\/25\/onu-habitat-reconocio-al-presidente-ivan-duque-como-campeon-entre-los-lideres-globales-para-los-asentamientos-humanos-sostenibles-y-urbanos\/","url":"https:\/\/noti-america.com\/site\/principal\/2021\/11\/25\/onu-habitat-reconocio-al-presidente-ivan-duque-como-campeon-entre-los-lideres-globales-para-los-asentamientos-humanos-sostenibles-y-urbanos\/","name":"ONU-Habitat reconoci\u00f3 al Presidente Iv\u00e1n Duque como 'Campe\u00f3n entre los l\u00edderes globales para los asentamientos humanos sostenibles y urbanos' - Noti-America.com","isPartOf":{"@id":"https:\/\/noti-america.com\/site\/principal\/#website"},"primaryImageOfPage":{"@id":"https:\/\/noti-america.com\/site\/principal\/2021\/11\/25\/onu-habitat-reconocio-al-presidente-ivan-duque-como-campeon-entre-los-lideres-globales-para-los-asentamientos-humanos-sostenibles-y-urbanos\/#primaryimage"},"image":{"@id":"https:\/\/noti-america.com\/site\/principal\/2021\/11\/25\/onu-habitat-reconocio-al-presidente-ivan-duque-como-campeon-entre-los-lideres-globales-para-los-asentamientos-humanos-sostenibles-y-urbanos\/#primaryimage"},"thumbnailUrl":"https:\/\/noti-america.com\/site\/principal\/wp-content\/uploads\/sites\/26\/2021\/11\/ONU_HABITAT.jpeg","datePublished":"2021-11-25T19:01:42+00:00","author":{"@id":"https:\/\/noti-america.com\/site\/principal\/#\/schema\/person\/a2e478ba496331ce89bcd0c731cd6533"},"breadcrumb":{"@id":"https:\/\/noti-america.com\/site\/principal\/2021\/11\/25\/onu-habitat-reconocio-al-presidente-ivan-duque-como-campeon-entre-los-lideres-globales-para-los-asentamientos-humanos-sostenibles-y-urbanos\/#breadcrumb"},"inLanguage":"es","potentialAction":[{"@type":"ReadAction","target":["https:\/\/noti-america.com\/site\/principal\/2021\/11\/25\/onu-habitat-reconocio-al-presidente-ivan-duque-como-campeon-entre-los-lideres-globales-para-los-asentamientos-humanos-sostenibles-y-urbanos\/"]}]},{"@type":"ImageObject","inLanguage":"es","@id":"https:\/\/noti-america.com\/site\/principal\/2021\/11\/25\/onu-habitat-reconocio-al-presidente-ivan-duque-como-campeon-entre-los-lideres-globales-para-los-asentamientos-humanos-sostenibles-y-urbanos\/#primaryimage","url":"https:\/\/noti-america.com\/site\/principal\/wp-content\/uploads\/sites\/26\/2021\/11\/ONU_HABITAT.jpeg","contentUrl":"https:\/\/noti-america.com\/site\/principal\/wp-content\/uploads\/sites\/26\/2021\/11\/ONU_HABITAT.jpeg","width":1280,"height":895},{"@type":"BreadcrumbList","@id":"https:\/\/noti-america.com\/site\/principal\/2021\/11\/25\/onu-habitat-reconocio-al-presidente-ivan-duque-como-campeon-entre-los-lideres-globales-para-los-asentamientos-humanos-sostenibles-y-urbanos\/#breadcrumb","itemListElement":[{"@type":"ListItem","position":1,"name":"Portada","item":"https:\/\/noti-america.com\/site\/principal\/"},{"@type":"ListItem","position":2,"name":"ONU-Habitat reconoci\u00f3 al Presidente Iv\u00e1n Duque como &#8216;Campe\u00f3n entre los l\u00edderes globales para los asentamientos humanos sostenibles y urbanos&#8217;"}]},{"@type":"WebSite","@id":"https:\/\/noti-america.com\/site\/principal\/#website","url":"https:\/\/noti-america.com\/site\/principal\/","name":"Noti-America.com","description":"El Noticiero Digital M\u00e1s Grande de Am\u00e9rica","potentialAction":[{"@type":"SearchAction","target":{"@type":"EntryPoint","urlTemplate":"https:\/\/noti-america.com\/site\/principal\/?s={search_term_string}"},"query-input":{"@type":"PropertyValueSpecification","valueRequired":true,"valueName":"search_term_string"}}],"inLanguage":"es"},{"@type":"Person","@id":"https:\/\/noti-america.com\/site\/principal\/#\/schema\/person\/a2e478ba496331ce89bcd0c731cd6533","name":"rloaiza","image":{"@type":"ImageObject","inLanguage":"es","@id":"https:\/\/secure.gravatar.com\/avatar\/190058e5d4427934610b99c45aa7a6558806850adedd53ddeddd194b04773e22?s=96&d=mm&r=g","url":"https:\/\/secure.gravatar.com\/avatar\/190058e5d4427934610b99c45aa7a6558806850adedd53ddeddd194b04773e22?s=96&d=mm&r=g","contentUrl":"https:\/\/secure.gravatar.com\/avatar\/190058e5d4427934610b99c45aa7a6558806850adedd53ddeddd194b04773e22?s=96&d=mm&r=g","caption":"rloaiza"},"url":"https:\/\/noti-america.com\/site\/principal\/author\/rloaiza\/"}]}},"_links":{"self":[{"href":"https:\/\/noti-america.com\/site\/principal\/wp-json\/wp\/v2\/posts\/7573","targetHints":{"allow":["GET"]}}],"collection":[{"href":"https:\/\/noti-america.com\/site\/principal\/wp-json\/wp\/v2\/posts"}],"about":[{"href":"https:\/\/noti-america.com\/site\/principal\/wp-json\/wp\/v2\/types\/post"}],"author":[{"embeddable":true,"href":"https:\/\/noti-america.com\/site\/principal\/wp-json\/wp\/v2\/users\/2"}],"replies":[{"embeddable":true,"href":"https:\/\/noti-america.com\/site\/principal\/wp-json\/wp\/v2\/comments?post=7573"}],"version-history":[{"count":1,"href":"https:\/\/noti-america.com\/site\/principal\/wp-json\/wp\/v2\/posts\/7573\/revisions"}],"predecessor-version":[{"id":7575,"href":"https:\/\/noti-america.com\/site\/principal\/wp-json\/wp\/v2\/posts\/7573\/revisions\/7575"}],"wp:featuredmedia":[{"embeddable":true,"href":"https:\/\/noti-america.com\/site\/principal\/wp-json\/wp\/v2\/media\/7574"}],"wp:attachment":[{"href":"https:\/\/noti-america.com\/site\/principal\/wp-json\/wp\/v2\/media?parent=7573"}],"wp:term":[{"taxonomy":"category","embeddable":true,"href":"https:\/\/noti-america.com\/site\/principal\/wp-json\/wp\/v2\/categories?post=7573"},{"taxonomy":"post_tag","embeddable":true,"href":"https:\/\/noti-america.com\/site\/principal\/wp-json\/wp\/v2\/tags?post=7573"}],"curies":[{"name":"wp","href":"https:\/\/api.w.org\/{rel}","templated":true}]}}