{"id":75409,"date":"2025-10-15T20:31:50","date_gmt":"2025-10-16T00:31:50","guid":{"rendered":"https:\/\/noti-america.com\/site\/principal\/?p=75409"},"modified":"2025-10-15T20:34:26","modified_gmt":"2025-10-16T00:34:26","slug":"gobierno-inaugura-punto-digital-gratuito-en-petrillo-nobol","status":"publish","type":"post","link":"https:\/\/noti-america.com\/site\/principal\/2025\/10\/15\/gobierno-inaugura-punto-digital-gratuito-en-petrillo-nobol\/","title":{"rendered":"Gobierno inaugura Punto Digital Gratuito en Petrillo, Nobol"},"content":{"rendered":"<p><strong>NOTI-AMERICA.COM | ECUADOR.\u00a0<\/strong><\/p>\n<p style=\"text-align: justify\"><img loading=\"lazy\" decoding=\"async\" class=\"size-medium wp-image-75411 aligncenter\" src=\"https:\/\/noti-america.com\/site\/principal\/wp-content\/uploads\/sites\/26\/2025\/10\/WhatsApp-Image-2025-10-14-at-14.47.47-300x200.jpeg\" alt=\"\" width=\"300\" height=\"200\" srcset=\"https:\/\/noti-america.com\/site\/principal\/wp-content\/uploads\/sites\/26\/2025\/10\/WhatsApp-Image-2025-10-14-at-14.47.47-300x200.jpeg 300w, https:\/\/noti-america.com\/site\/principal\/wp-content\/uploads\/sites\/26\/2025\/10\/WhatsApp-Image-2025-10-14-at-14.47.47-1024x682.jpeg 1024w, https:\/\/noti-america.com\/site\/principal\/wp-content\/uploads\/sites\/26\/2025\/10\/WhatsApp-Image-2025-10-14-at-14.47.47-768x512.jpeg 768w, https:\/\/noti-america.com\/site\/principal\/wp-content\/uploads\/sites\/26\/2025\/10\/WhatsApp-Image-2025-10-14-at-14.47.47-272x182.jpeg 272w, https:\/\/noti-america.com\/site\/principal\/wp-content\/uploads\/sites\/26\/2025\/10\/WhatsApp-Image-2025-10-14-at-14.47.47.jpeg 1280w\" sizes=\"auto, (max-width: 300px) 100vw, 300px\" \/>El Gobierno nacional inaugur\u00f3 un nuevo Punto Digital Gratuito en el sector de Petrillo, parroquia Narcisa de Jes\u00fas, cant\u00f3n Nobol, en la provincia del Guayas. El acto cont\u00f3 con la presencia del ministro de Telecomunicaciones, Roberto Kury, acompa\u00f1ado por la alcaldesa Mar\u00eda Bel\u00e9n Candado y autoridades locales.<\/p>\n<p style=\"text-align: justify\">El espacio permitir\u00e1 acercar servicios e informaci\u00f3n a la ciudadan\u00eda mediante brigadas sociales, incluyendo atenci\u00f3n de entidades adscritas al Mintel como el Registro Civil y Arcotel. Este punto se suma a los <strong>978 operativos a nivel nacional<\/strong>, que han recibido <strong>m\u00e1s de 9 millones de visitas<\/strong> y entregado <strong>m\u00e1s de 515 mil certificados<\/strong> en el uso de herramientas tecnol\u00f3gicas. En Guayas, ya son <strong>60 los Puntos Digitales Gratuitos<\/strong>, beneficiando directamente a la poblaci\u00f3n y fomentando la inclusi\u00f3n digital.<\/p>\n<p style=\"text-align: justify\">Durante su intervenci\u00f3n, Kury destac\u00f3 que la prioridad del Mintel es <strong>reducir la brecha tecnol\u00f3gica<\/strong> y garantizar que todos los ecuatorianos tengan acceso a la conectividad y a las oportunidades que brinda la tecnolog\u00eda.<\/p>\n","protected":false},"excerpt":{"rendered":"<p>NOTI-AMERICA.COM | ECUADOR.\u00a0 El Gobierno nacional inaugur\u00f3 un nuevo Punto Digital Gratuito en el sector de Petrillo, parroquia Narcisa de Jes\u00fas, cant\u00f3n Nobol, en la provincia del Guayas. El acto cont\u00f3 con la presencia&#46;&#46;&#46;<\/p>\n","protected":false},"author":144,"featured_media":75413,"comment_status":"closed","ping_status":"open","sticky":false,"template":"","format":"image","meta":{"_acf_changed":false,"rop_custom_images_group":[],"rop_custom_messages_group":[],"rop_publish_now":"initial","rop_publish_now_accounts":{"facebook_10219548024599422_1632221337088128":"","twitter_242054905_242054905":""},"rop_publish_now_history":[],"rop_publish_now_status":"pending","footnotes":""},"categories":[663],"tags":[],"class_list":["post-75409","post","type-post","status-publish","format-image","has-post-thumbnail","hentry","category-actualidad","post_format-post-format-image"],"acf":[],"yoast_head":"<!-- This site is optimized with the Yoast SEO Premium plugin v24.9 (Yoast SEO v27.2) - https:\/\/yoast.com\/product\/yoast-seo-premium-wordpress\/ -->\n<title>Gobierno inaugura Punto Digital Gratuito en Petrillo, Nobol - Noti-America.com<\/title>\n<meta name=\"robots\" content=\"index, follow, max-snippet:-1, max-image-preview:large, max-video-preview:-1\" \/>\n<link rel=\"canonical\" href=\"https:\/\/noti-america.com\/site\/principal\/2025\/10\/15\/gobierno-inaugura-punto-digital-gratuito-en-petrillo-nobol\/\" \/>\n<meta property=\"og:locale\" content=\"es_ES\" \/>\n<meta property=\"og:type\" content=\"article\" \/>\n<meta property=\"og:title\" content=\"Gobierno inaugura Punto Digital Gratuito en Petrillo, Nobol\" \/>\n<meta property=\"og:description\" content=\"NOTI-AMERICA.COM | ECUADOR.\u00a0 El Gobierno nacional inaugur\u00f3 un nuevo Punto Digital Gratuito en el sector de Petrillo, parroquia Narcisa de Jes\u00fas, cant\u00f3n Nobol, en la provincia del Guayas. El acto cont\u00f3 con la presencia&#046;&#046;&#046;\" \/>\n<meta property=\"og:url\" content=\"https:\/\/noti-america.com\/site\/principal\/2025\/10\/15\/gobierno-inaugura-punto-digital-gratuito-en-petrillo-nobol\/\" \/>\n<meta property=\"og:site_name\" content=\"Noti-America.com\" \/>\n<meta property=\"article:published_time\" content=\"2025-10-16T00:31:50+00:00\" \/>\n<meta property=\"article:modified_time\" content=\"2025-10-16T00:34:26+00:00\" \/>\n<meta property=\"og:image\" content=\"https:\/\/noti-america.com\/site\/principal\/wp-content\/uploads\/sites\/26\/2025\/10\/WhatsApp-Image-2025-10-14-at-14.47.33.jpeg\" \/>\n\t<meta property=\"og:image:width\" content=\"1280\" \/>\n\t<meta property=\"og:image:height\" content=\"853\" \/>\n\t<meta property=\"og:image:type\" content=\"image\/jpeg\" \/>\n<meta name=\"author\" content=\"Henry Garrido\" \/>\n<meta name=\"twitter:card\" content=\"summary_large_image\" \/>\n<meta name=\"twitter:label1\" content=\"Escrito por\" \/>\n\t<meta name=\"twitter:data1\" content=\"Henry Garrido\" \/>\n\t<meta name=\"twitter:label2\" content=\"Tiempo estimado de lectura\" \/>\n\t<meta name=\"twitter:data2\" content=\"2 minutos\" \/>\n<script type=\"application\/ld+json\" class=\"yoast-schema-graph\">{\"@context\":\"https:\/\/schema.org\",\"@graph\":[{\"@type\":\"Article\",\"@id\":\"https:\/\/noti-america.com\/site\/principal\/2025\/10\/15\/gobierno-inaugura-punto-digital-gratuito-en-petrillo-nobol\/#article\",\"isPartOf\":{\"@id\":\"https:\/\/noti-america.com\/site\/principal\/2025\/10\/15\/gobierno-inaugura-punto-digital-gratuito-en-petrillo-nobol\/\"},\"author\":{\"name\":\"Henry Garrido\",\"@id\":\"https:\/\/noti-america.com\/site\/principal\/#\/schema\/person\/00042412cfa9ecf98077f847ffadda4a\"},\"headline\":\"Gobierno inaugura Punto Digital Gratuito en Petrillo, Nobol\",\"datePublished\":\"2025-10-16T00:31:50+00:00\",\"dateModified\":\"2025-10-16T00:34:26+00:00\",\"mainEntityOfPage\":{\"@id\":\"https:\/\/noti-america.com\/site\/principal\/2025\/10\/15\/gobierno-inaugura-punto-digital-gratuito-en-petrillo-nobol\/\"},\"wordCount\":182,\"image\":{\"@id\":\"https:\/\/noti-america.com\/site\/principal\/2025\/10\/15\/gobierno-inaugura-punto-digital-gratuito-en-petrillo-nobol\/#primaryimage\"},\"thumbnailUrl\":\"https:\/\/noti-america.com\/site\/principal\/wp-content\/uploads\/sites\/26\/2025\/10\/WhatsApp-Image-2025-10-14-at-14.47.33.jpeg\",\"articleSection\":[\"Actualidad\"],\"inLanguage\":\"es\"},{\"@type\":\"WebPage\",\"@id\":\"https:\/\/noti-america.com\/site\/principal\/2025\/10\/15\/gobierno-inaugura-punto-digital-gratuito-en-petrillo-nobol\/\",\"url\":\"https:\/\/noti-america.com\/site\/principal\/2025\/10\/15\/gobierno-inaugura-punto-digital-gratuito-en-petrillo-nobol\/\",\"name\":\"Gobierno inaugura Punto Digital Gratuito en Petrillo, Nobol - Noti-America.com\",\"isPartOf\":{\"@id\":\"https:\/\/noti-america.com\/site\/principal\/#website\"},\"primaryImageOfPage\":{\"@id\":\"https:\/\/noti-america.com\/site\/principal\/2025\/10\/15\/gobierno-inaugura-punto-digital-gratuito-en-petrillo-nobol\/#primaryimage\"},\"image\":{\"@id\":\"https:\/\/noti-america.com\/site\/principal\/2025\/10\/15\/gobierno-inaugura-punto-digital-gratuito-en-petrillo-nobol\/#primaryimage\"},\"thumbnailUrl\":\"https:\/\/noti-america.com\/site\/principal\/wp-content\/uploads\/sites\/26\/2025\/10\/WhatsApp-Image-2025-10-14-at-14.47.33.jpeg\",\"datePublished\":\"2025-10-16T00:31:50+00:00\",\"dateModified\":\"2025-10-16T00:34:26+00:00\",\"author\":{\"@id\":\"https:\/\/noti-america.com\/site\/principal\/#\/schema\/person\/00042412cfa9ecf98077f847ffadda4a\"},\"breadcrumb\":{\"@id\":\"https:\/\/noti-america.com\/site\/principal\/2025\/10\/15\/gobierno-inaugura-punto-digital-gratuito-en-petrillo-nobol\/#breadcrumb\"},\"inLanguage\":\"es\",\"potentialAction\":[{\"@type\":\"ReadAction\",\"target\":[\"https:\/\/noti-america.com\/site\/principal\/2025\/10\/15\/gobierno-inaugura-punto-digital-gratuito-en-petrillo-nobol\/\"]}]},{\"@type\":\"ImageObject\",\"inLanguage\":\"es\",\"@id\":\"https:\/\/noti-america.com\/site\/principal\/2025\/10\/15\/gobierno-inaugura-punto-digital-gratuito-en-petrillo-nobol\/#primaryimage\",\"url\":\"https:\/\/noti-america.com\/site\/principal\/wp-content\/uploads\/sites\/26\/2025\/10\/WhatsApp-Image-2025-10-14-at-14.47.33.jpeg\",\"contentUrl\":\"https:\/\/noti-america.com\/site\/principal\/wp-content\/uploads\/sites\/26\/2025\/10\/WhatsApp-Image-2025-10-14-at-14.47.33.jpeg\",\"width\":1280,\"height\":853},{\"@type\":\"BreadcrumbList\",\"@id\":\"https:\/\/noti-america.com\/site\/principal\/2025\/10\/15\/gobierno-inaugura-punto-digital-gratuito-en-petrillo-nobol\/#breadcrumb\",\"itemListElement\":[{\"@type\":\"ListItem\",\"position\":1,\"name\":\"Portada\",\"item\":\"https:\/\/noti-america.com\/site\/principal\/\"},{\"@type\":\"ListItem\",\"position\":2,\"name\":\"Gobierno inaugura Punto Digital Gratuito en Petrillo, Nobol\"}]},{\"@type\":\"WebSite\",\"@id\":\"https:\/\/noti-america.com\/site\/principal\/#website\",\"url\":\"https:\/\/noti-america.com\/site\/principal\/\",\"name\":\"Noti-America.com\",\"description\":\"El Noticiero Digital M\u00e1s Grande de Am\u00e9rica\",\"potentialAction\":[{\"@type\":\"SearchAction\",\"target\":{\"@type\":\"EntryPoint\",\"urlTemplate\":\"https:\/\/noti-america.com\/site\/principal\/?s={search_term_string}\"},\"query-input\":{\"@type\":\"PropertyValueSpecification\",\"valueRequired\":true,\"valueName\":\"search_term_string\"}}],\"inLanguage\":\"es\"},{\"@type\":\"Person\",\"@id\":\"https:\/\/noti-america.com\/site\/principal\/#\/schema\/person\/00042412cfa9ecf98077f847ffadda4a\",\"name\":\"Henry Garrido\",\"image\":{\"@type\":\"ImageObject\",\"inLanguage\":\"es\",\"@id\":\"https:\/\/secure.gravatar.com\/avatar\/749ae5a1e6f22cf042f04b9f3f0a22732ae36970ccfd5c54a0a2ac3c4e1166ed?s=96&d=mm&r=g\",\"url\":\"https:\/\/secure.gravatar.com\/avatar\/749ae5a1e6f22cf042f04b9f3f0a22732ae36970ccfd5c54a0a2ac3c4e1166ed?s=96&d=mm&r=g\",\"contentUrl\":\"https:\/\/secure.gravatar.com\/avatar\/749ae5a1e6f22cf042f04b9f3f0a22732ae36970ccfd5c54a0a2ac3c4e1166ed?s=96&d=mm&r=g\",\"caption\":\"Henry Garrido\"},\"url\":\"https:\/\/noti-america.com\/site\/principal\/author\/hgarrido\/\"}]}<\/script>\n<!-- \/ Yoast SEO Premium plugin. -->","yoast_head_json":{"title":"Gobierno inaugura Punto Digital Gratuito en Petrillo, Nobol - Noti-America.com","robots":{"index":"index","follow":"follow","max-snippet":"max-snippet:-1","max-image-preview":"max-image-preview:large","max-video-preview":"max-video-preview:-1"},"canonical":"https:\/\/noti-america.com\/site\/principal\/2025\/10\/15\/gobierno-inaugura-punto-digital-gratuito-en-petrillo-nobol\/","og_locale":"es_ES","og_type":"article","og_title":"Gobierno inaugura Punto Digital Gratuito en Petrillo, Nobol","og_description":"NOTI-AMERICA.COM | ECUADOR.\u00a0 El Gobierno nacional inaugur\u00f3 un nuevo Punto Digital Gratuito en el sector de Petrillo, parroquia Narcisa de Jes\u00fas, cant\u00f3n Nobol, en la provincia del Guayas. El acto cont\u00f3 con la presencia&#46;&#46;&#46;","og_url":"https:\/\/noti-america.com\/site\/principal\/2025\/10\/15\/gobierno-inaugura-punto-digital-gratuito-en-petrillo-nobol\/","og_site_name":"Noti-America.com","article_published_time":"2025-10-16T00:31:50+00:00","article_modified_time":"2025-10-16T00:34:26+00:00","og_image":[{"width":1280,"height":853,"url":"https:\/\/noti-america.com\/site\/principal\/wp-content\/uploads\/sites\/26\/2025\/10\/WhatsApp-Image-2025-10-14-at-14.47.33.jpeg","type":"image\/jpeg"}],"author":"Henry Garrido","twitter_card":"summary_large_image","twitter_misc":{"Escrito por":"Henry Garrido","Tiempo estimado de lectura":"2 minutos"},"schema":{"@context":"https:\/\/schema.org","@graph":[{"@type":"Article","@id":"https:\/\/noti-america.com\/site\/principal\/2025\/10\/15\/gobierno-inaugura-punto-digital-gratuito-en-petrillo-nobol\/#article","isPartOf":{"@id":"https:\/\/noti-america.com\/site\/principal\/2025\/10\/15\/gobierno-inaugura-punto-digital-gratuito-en-petrillo-nobol\/"},"author":{"name":"Henry Garrido","@id":"https:\/\/noti-america.com\/site\/principal\/#\/schema\/person\/00042412cfa9ecf98077f847ffadda4a"},"headline":"Gobierno inaugura Punto Digital Gratuito en Petrillo, Nobol","datePublished":"2025-10-16T00:31:50+00:00","dateModified":"2025-10-16T00:34:26+00:00","mainEntityOfPage":{"@id":"https:\/\/noti-america.com\/site\/principal\/2025\/10\/15\/gobierno-inaugura-punto-digital-gratuito-en-petrillo-nobol\/"},"wordCount":182,"image":{"@id":"https:\/\/noti-america.com\/site\/principal\/2025\/10\/15\/gobierno-inaugura-punto-digital-gratuito-en-petrillo-nobol\/#primaryimage"},"thumbnailUrl":"https:\/\/noti-america.com\/site\/principal\/wp-content\/uploads\/sites\/26\/2025\/10\/WhatsApp-Image-2025-10-14-at-14.47.33.jpeg","articleSection":["Actualidad"],"inLanguage":"es"},{"@type":"WebPage","@id":"https:\/\/noti-america.com\/site\/principal\/2025\/10\/15\/gobierno-inaugura-punto-digital-gratuito-en-petrillo-nobol\/","url":"https:\/\/noti-america.com\/site\/principal\/2025\/10\/15\/gobierno-inaugura-punto-digital-gratuito-en-petrillo-nobol\/","name":"Gobierno inaugura Punto Digital Gratuito en Petrillo, Nobol - Noti-America.com","isPartOf":{"@id":"https:\/\/noti-america.com\/site\/principal\/#website"},"primaryImageOfPage":{"@id":"https:\/\/noti-america.com\/site\/principal\/2025\/10\/15\/gobierno-inaugura-punto-digital-gratuito-en-petrillo-nobol\/#primaryimage"},"image":{"@id":"https:\/\/noti-america.com\/site\/principal\/2025\/10\/15\/gobierno-inaugura-punto-digital-gratuito-en-petrillo-nobol\/#primaryimage"},"thumbnailUrl":"https:\/\/noti-america.com\/site\/principal\/wp-content\/uploads\/sites\/26\/2025\/10\/WhatsApp-Image-2025-10-14-at-14.47.33.jpeg","datePublished":"2025-10-16T00:31:50+00:00","dateModified":"2025-10-16T00:34:26+00:00","author":{"@id":"https:\/\/noti-america.com\/site\/principal\/#\/schema\/person\/00042412cfa9ecf98077f847ffadda4a"},"breadcrumb":{"@id":"https:\/\/noti-america.com\/site\/principal\/2025\/10\/15\/gobierno-inaugura-punto-digital-gratuito-en-petrillo-nobol\/#breadcrumb"},"inLanguage":"es","potentialAction":[{"@type":"ReadAction","target":["https:\/\/noti-america.com\/site\/principal\/2025\/10\/15\/gobierno-inaugura-punto-digital-gratuito-en-petrillo-nobol\/"]}]},{"@type":"ImageObject","inLanguage":"es","@id":"https:\/\/noti-america.com\/site\/principal\/2025\/10\/15\/gobierno-inaugura-punto-digital-gratuito-en-petrillo-nobol\/#primaryimage","url":"https:\/\/noti-america.com\/site\/principal\/wp-content\/uploads\/sites\/26\/2025\/10\/WhatsApp-Image-2025-10-14-at-14.47.33.jpeg","contentUrl":"https:\/\/noti-america.com\/site\/principal\/wp-content\/uploads\/sites\/26\/2025\/10\/WhatsApp-Image-2025-10-14-at-14.47.33.jpeg","width":1280,"height":853},{"@type":"BreadcrumbList","@id":"https:\/\/noti-america.com\/site\/principal\/2025\/10\/15\/gobierno-inaugura-punto-digital-gratuito-en-petrillo-nobol\/#breadcrumb","itemListElement":[{"@type":"ListItem","position":1,"name":"Portada","item":"https:\/\/noti-america.com\/site\/principal\/"},{"@type":"ListItem","position":2,"name":"Gobierno inaugura Punto Digital Gratuito en Petrillo, Nobol"}]},{"@type":"WebSite","@id":"https:\/\/noti-america.com\/site\/principal\/#website","url":"https:\/\/noti-america.com\/site\/principal\/","name":"Noti-America.com","description":"El Noticiero Digital M\u00e1s Grande de Am\u00e9rica","potentialAction":[{"@type":"SearchAction","target":{"@type":"EntryPoint","urlTemplate":"https:\/\/noti-america.com\/site\/principal\/?s={search_term_string}"},"query-input":{"@type":"PropertyValueSpecification","valueRequired":true,"valueName":"search_term_string"}}],"inLanguage":"es"},{"@type":"Person","@id":"https:\/\/noti-america.com\/site\/principal\/#\/schema\/person\/00042412cfa9ecf98077f847ffadda4a","name":"Henry Garrido","image":{"@type":"ImageObject","inLanguage":"es","@id":"https:\/\/secure.gravatar.com\/avatar\/749ae5a1e6f22cf042f04b9f3f0a22732ae36970ccfd5c54a0a2ac3c4e1166ed?s=96&d=mm&r=g","url":"https:\/\/secure.gravatar.com\/avatar\/749ae5a1e6f22cf042f04b9f3f0a22732ae36970ccfd5c54a0a2ac3c4e1166ed?s=96&d=mm&r=g","contentUrl":"https:\/\/secure.gravatar.com\/avatar\/749ae5a1e6f22cf042f04b9f3f0a22732ae36970ccfd5c54a0a2ac3c4e1166ed?s=96&d=mm&r=g","caption":"Henry Garrido"},"url":"https:\/\/noti-america.com\/site\/principal\/author\/hgarrido\/"}]}},"_links":{"self":[{"href":"https:\/\/noti-america.com\/site\/principal\/wp-json\/wp\/v2\/posts\/75409","targetHints":{"allow":["GET"]}}],"collection":[{"href":"https:\/\/noti-america.com\/site\/principal\/wp-json\/wp\/v2\/posts"}],"about":[{"href":"https:\/\/noti-america.com\/site\/principal\/wp-json\/wp\/v2\/types\/post"}],"author":[{"embeddable":true,"href":"https:\/\/noti-america.com\/site\/principal\/wp-json\/wp\/v2\/users\/144"}],"replies":[{"embeddable":true,"href":"https:\/\/noti-america.com\/site\/principal\/wp-json\/wp\/v2\/comments?post=75409"}],"version-history":[{"count":1,"href":"https:\/\/noti-america.com\/site\/principal\/wp-json\/wp\/v2\/posts\/75409\/revisions"}],"predecessor-version":[{"id":75412,"href":"https:\/\/noti-america.com\/site\/principal\/wp-json\/wp\/v2\/posts\/75409\/revisions\/75412"}],"wp:featuredmedia":[{"embeddable":true,"href":"https:\/\/noti-america.com\/site\/principal\/wp-json\/wp\/v2\/media\/75413"}],"wp:attachment":[{"href":"https:\/\/noti-america.com\/site\/principal\/wp-json\/wp\/v2\/media?parent=75409"}],"wp:term":[{"taxonomy":"category","embeddable":true,"href":"https:\/\/noti-america.com\/site\/principal\/wp-json\/wp\/v2\/categories?post=75409"},{"taxonomy":"post_tag","embeddable":true,"href":"https:\/\/noti-america.com\/site\/principal\/wp-json\/wp\/v2\/tags?post=75409"}],"curies":[{"name":"wp","href":"https:\/\/api.w.org\/{rel}","templated":true}]}}