{"id":74947,"date":"2025-10-08T16:55:13","date_gmt":"2025-10-08T20:55:13","guid":{"rendered":"https:\/\/noti-america.com\/site\/principal\/?p=74947"},"modified":"2025-10-08T16:55:13","modified_gmt":"2025-10-08T20:55:13","slug":"familia-de-dolly-parton-pide-oraciones-por-la-salud-de-la-cantante","status":"publish","type":"post","link":"https:\/\/noti-america.com\/site\/principal\/2025\/10\/08\/familia-de-dolly-parton-pide-oraciones-por-la-salud-de-la-cantante\/","title":{"rendered":"Familia de Dolly Parton pide oraciones por la salud de la cantante"},"content":{"rendered":"<p>NOTI-AMERICA.COM | M\u00c9XICO<\/p>\n<p style=\"text-align: justify\">La preocupaci\u00f3n por el estado de salud de la cantante de country estadounidense Dolly Parton, que en los \u00faltimos d\u00edas ha cancelado o pospuesto varios actos, ha llevado a una de sus hermanas, Freida, a pedir que se rece por ella.<\/p>\n<p style=\"text-align: justify\">\u00abAnoche estuve despierta toda la noche rezando por mi hermana Dolly. Muchos de ustedes saben que no se ha sentido muy bien \u00faltimamente. Creo firmemente en el poder de la oraci\u00f3n, y esto me ha inspirado a pedir a todos los que la aman que sean guerreros de oraci\u00f3n y recen conmigo\u00bb, se\u00f1al\u00f3 el martes en Facebook.<\/p>\n<p style=\"text-align: justify\">La tambi\u00e9n compositora \u00abes fuerte, es querida y con todos los rezos dirigidos hacia ella\u00bb su hermana dijo estar segura de que va a estar bien.<\/p>\n<p style=\"text-align: justify\">Entre los casi 3.900 comentarios que recibi\u00f3 esa publicaci\u00f3n en sus primeras 13 horas hubo quien lleg\u00f3 a ofrecer a Dolly Parton su ri\u00f1\u00f3n \u00abo cualquier otro \u00f3rgano que se pueda donar, sin exageraciones\u00bb.<\/p>\n<p style=\"text-align: justify\">La ola de apoyo llev\u00f3 despu\u00e9s a la hermana a matizar sus palabras para no alarmar a la gente.<\/p>\n<p style=\"text-align: justify\">\u00abQuiero aclarar algo. No quise asustar a nadie ni hacer que sonara tan serio cuando ped\u00ed rezar por Dolly. Ella ha estado un poco indispuesta y simplemente ped\u00ed oraciones porque creo firmemente en el poder de la oraci\u00f3n\u00bb, dijo Freida este mi\u00e9rcoles.<\/p>\n<p style=\"text-align: justify\">Su primer mensaje, seg\u00fan a\u00f1adi\u00f3, \u00abno fue m\u00e1s que una hermana peque\u00f1a pidiendo que se rece por su hermana mayor\u00bb.<\/p>\n<p style=\"text-align: justify\">\u00abGracias a todos por llevarla en sus oraciones. Su amor realmente marca la diferencia\u00bb, concluy\u00f3.<\/p>\n<p style=\"text-align: justify\">A finales de septiembre la cantante, de 79 a\u00f1os, anunci\u00f3 que pospondr\u00e1 hasta septiembre de 2026 los seis conciertos que ten\u00eda previsto ofrecer en Las Vegas en diciembre de este a\u00f1o debido a problemas de salud que no especific\u00f3.<\/p>\n<p style=\"text-align: justify\">\u00abComo muchos saben, he afrontado algunos problemas de salud y mis m\u00e9dicos me dicen que debo someterme a algunos procedimientos\u00bb, explic\u00f3 en un comunicado publicado en X.<\/p>\n<p style=\"text-align: justify\">Parton se\u00f1al\u00f3 que los tratamientos le impedir\u00e1n ensayar y preparar su espect\u00e1culo: \u00abUstedes pagan un buen dinero para verme actuar y quiero estar en mi mejor momento para ustedes\u00bb.<\/p>\n<p style=\"text-align: justify\">Los problemas de salud van a hacer tambi\u00e9n que este pr\u00f3ximo 16 de noviembre no vaya a poder asistir a la ceremonia de los premios Governors Awards de la Academia de Hollywodd, donde ser\u00e1 homenajeada con un \u00d3scar honor\u00edfico, seg\u00fan indic\u00f3 a finales de septiembre el medio especializado The Hollywood Reporter.<\/p>\n<p style=\"text-align: justify\">Cuando la autora de canciones como \u00abJolene\u00bb, \u00abHere You Came Again\u00bb o \u00abIslands in The Stream\u00bb anunci\u00f3 que iba a posponer sus conciertos descart\u00f3 que ese aplazamiento suponga una retirada de los escenarios: \u00abSolo necesito un poco de tiempo para estar lista para el show (&#8230;) y para mayores aventuras junto a todos ustedes\u00bb, dijo entonces.<\/p>\n","protected":false},"excerpt":{"rendered":"<p>NOTI-AMERICA.COM | M\u00c9XICO La preocupaci\u00f3n por el estado de salud de la cantante de country estadounidense Dolly Parton, que en los \u00faltimos d\u00edas ha cancelado o pospuesto varios actos, ha llevado a una de&#46;&#46;&#46;<\/p>\n","protected":false},"author":133,"featured_media":74948,"comment_status":"","ping_status":"open","sticky":false,"template":"","format":"image","meta":{"_acf_changed":false,"rop_custom_images_group":[],"rop_custom_messages_group":[],"rop_publish_now":"no","rop_publish_now_accounts":{"facebook_10219548024599422_1632221337088128":"","twitter_242054905_242054905":""},"rop_publish_now_history":[{"account":"twitter_242054905_242054905","service":"twitter","timestamp":1759956929,"status":"queued"}],"rop_publish_now_status":"queued","footnotes":""},"categories":[663],"tags":[],"class_list":["post-74947","post","type-post","status-publish","format-image","has-post-thumbnail","hentry","category-actualidad","post_format-post-format-image"],"acf":[],"yoast_head":"<!-- This site is optimized with the Yoast SEO Premium plugin v24.9 (Yoast SEO v27.2) - https:\/\/yoast.com\/product\/yoast-seo-premium-wordpress\/ -->\n<title>Familia de Dolly Parton pide oraciones por la salud de la cantante - Noti-America.com<\/title>\n<meta name=\"robots\" content=\"index, follow, max-snippet:-1, max-image-preview:large, max-video-preview:-1\" \/>\n<link rel=\"canonical\" href=\"https:\/\/noti-america.com\/site\/principal\/2025\/10\/08\/familia-de-dolly-parton-pide-oraciones-por-la-salud-de-la-cantante\/\" \/>\n<meta property=\"og:locale\" content=\"es_ES\" \/>\n<meta property=\"og:type\" content=\"article\" \/>\n<meta property=\"og:title\" content=\"Familia de Dolly Parton pide oraciones por la salud de la cantante\" \/>\n<meta property=\"og:description\" content=\"NOTI-AMERICA.COM | M\u00c9XICO La preocupaci\u00f3n por el estado de salud de la cantante de country estadounidense Dolly Parton, que en los \u00faltimos d\u00edas ha cancelado o pospuesto varios actos, ha llevado a una de&#046;&#046;&#046;\" \/>\n<meta property=\"og:url\" content=\"https:\/\/noti-america.com\/site\/principal\/2025\/10\/08\/familia-de-dolly-parton-pide-oraciones-por-la-salud-de-la-cantante\/\" \/>\n<meta property=\"og:site_name\" content=\"Noti-America.com\" \/>\n<meta property=\"article:author\" content=\"Mar\u00eda Valentina Noguera\" \/>\n<meta property=\"article:published_time\" content=\"2025-10-08T20:55:13+00:00\" \/>\n<meta property=\"og:image\" content=\"https:\/\/noti-america.com\/site\/principal\/wp-content\/uploads\/sites\/26\/2025\/10\/Screenshot_8-10-2025_125329_w2a-noticierovenevision-net.s3.amazonaws.com_.jpeg\" \/>\n\t<meta property=\"og:image:width\" content=\"1153\" \/>\n\t<meta property=\"og:image:height\" content=\"535\" \/>\n\t<meta property=\"og:image:type\" content=\"image\/jpeg\" \/>\n<meta name=\"author\" content=\"Maria Valentina Noguera Medina\" \/>\n<meta name=\"twitter:card\" content=\"summary_large_image\" \/>\n<meta name=\"twitter:label1\" content=\"Escrito por\" \/>\n\t<meta name=\"twitter:data1\" content=\"Maria Valentina Noguera Medina\" \/>\n\t<meta name=\"twitter:label2\" content=\"Tiempo estimado de lectura\" \/>\n\t<meta name=\"twitter:data2\" content=\"2 minutos\" \/>\n<script type=\"application\/ld+json\" class=\"yoast-schema-graph\">{\"@context\":\"https:\/\/schema.org\",\"@graph\":[{\"@type\":\"Article\",\"@id\":\"https:\/\/noti-america.com\/site\/principal\/2025\/10\/08\/familia-de-dolly-parton-pide-oraciones-por-la-salud-de-la-cantante\/#article\",\"isPartOf\":{\"@id\":\"https:\/\/noti-america.com\/site\/principal\/2025\/10\/08\/familia-de-dolly-parton-pide-oraciones-por-la-salud-de-la-cantante\/\"},\"author\":{\"name\":\"Maria Valentina Noguera Medina\",\"@id\":\"https:\/\/noti-america.com\/site\/principal\/#\/schema\/person\/22806efcc2cfc4b45efb0e17be210ea8\"},\"headline\":\"Familia de Dolly Parton pide oraciones por la salud de la cantante\",\"datePublished\":\"2025-10-08T20:55:13+00:00\",\"mainEntityOfPage\":{\"@id\":\"https:\/\/noti-america.com\/site\/principal\/2025\/10\/08\/familia-de-dolly-parton-pide-oraciones-por-la-salud-de-la-cantante\/\"},\"wordCount\":492,\"image\":{\"@id\":\"https:\/\/noti-america.com\/site\/principal\/2025\/10\/08\/familia-de-dolly-parton-pide-oraciones-por-la-salud-de-la-cantante\/#primaryimage\"},\"thumbnailUrl\":\"https:\/\/noti-america.com\/site\/principal\/wp-content\/uploads\/sites\/26\/2025\/10\/Screenshot_8-10-2025_125329_w2a-noticierovenevision-net.s3.amazonaws.com_.jpeg\",\"articleSection\":[\"Actualidad\"],\"inLanguage\":\"es\"},{\"@type\":\"WebPage\",\"@id\":\"https:\/\/noti-america.com\/site\/principal\/2025\/10\/08\/familia-de-dolly-parton-pide-oraciones-por-la-salud-de-la-cantante\/\",\"url\":\"https:\/\/noti-america.com\/site\/principal\/2025\/10\/08\/familia-de-dolly-parton-pide-oraciones-por-la-salud-de-la-cantante\/\",\"name\":\"Familia de Dolly Parton pide oraciones por la salud de la cantante - Noti-America.com\",\"isPartOf\":{\"@id\":\"https:\/\/noti-america.com\/site\/principal\/#website\"},\"primaryImageOfPage\":{\"@id\":\"https:\/\/noti-america.com\/site\/principal\/2025\/10\/08\/familia-de-dolly-parton-pide-oraciones-por-la-salud-de-la-cantante\/#primaryimage\"},\"image\":{\"@id\":\"https:\/\/noti-america.com\/site\/principal\/2025\/10\/08\/familia-de-dolly-parton-pide-oraciones-por-la-salud-de-la-cantante\/#primaryimage\"},\"thumbnailUrl\":\"https:\/\/noti-america.com\/site\/principal\/wp-content\/uploads\/sites\/26\/2025\/10\/Screenshot_8-10-2025_125329_w2a-noticierovenevision-net.s3.amazonaws.com_.jpeg\",\"datePublished\":\"2025-10-08T20:55:13+00:00\",\"author\":{\"@id\":\"https:\/\/noti-america.com\/site\/principal\/#\/schema\/person\/22806efcc2cfc4b45efb0e17be210ea8\"},\"breadcrumb\":{\"@id\":\"https:\/\/noti-america.com\/site\/principal\/2025\/10\/08\/familia-de-dolly-parton-pide-oraciones-por-la-salud-de-la-cantante\/#breadcrumb\"},\"inLanguage\":\"es\",\"potentialAction\":[{\"@type\":\"ReadAction\",\"target\":[\"https:\/\/noti-america.com\/site\/principal\/2025\/10\/08\/familia-de-dolly-parton-pide-oraciones-por-la-salud-de-la-cantante\/\"]}]},{\"@type\":\"ImageObject\",\"inLanguage\":\"es\",\"@id\":\"https:\/\/noti-america.com\/site\/principal\/2025\/10\/08\/familia-de-dolly-parton-pide-oraciones-por-la-salud-de-la-cantante\/#primaryimage\",\"url\":\"https:\/\/noti-america.com\/site\/principal\/wp-content\/uploads\/sites\/26\/2025\/10\/Screenshot_8-10-2025_125329_w2a-noticierovenevision-net.s3.amazonaws.com_.jpeg\",\"contentUrl\":\"https:\/\/noti-america.com\/site\/principal\/wp-content\/uploads\/sites\/26\/2025\/10\/Screenshot_8-10-2025_125329_w2a-noticierovenevision-net.s3.amazonaws.com_.jpeg\",\"width\":1153,\"height\":535},{\"@type\":\"BreadcrumbList\",\"@id\":\"https:\/\/noti-america.com\/site\/principal\/2025\/10\/08\/familia-de-dolly-parton-pide-oraciones-por-la-salud-de-la-cantante\/#breadcrumb\",\"itemListElement\":[{\"@type\":\"ListItem\",\"position\":1,\"name\":\"Portada\",\"item\":\"https:\/\/noti-america.com\/site\/principal\/\"},{\"@type\":\"ListItem\",\"position\":2,\"name\":\"Familia de Dolly Parton pide oraciones por la salud de la cantante\"}]},{\"@type\":\"WebSite\",\"@id\":\"https:\/\/noti-america.com\/site\/principal\/#website\",\"url\":\"https:\/\/noti-america.com\/site\/principal\/\",\"name\":\"Noti-America.com\",\"description\":\"El Noticiero Digital M\u00e1s Grande de Am\u00e9rica\",\"potentialAction\":[{\"@type\":\"SearchAction\",\"target\":{\"@type\":\"EntryPoint\",\"urlTemplate\":\"https:\/\/noti-america.com\/site\/principal\/?s={search_term_string}\"},\"query-input\":{\"@type\":\"PropertyValueSpecification\",\"valueRequired\":true,\"valueName\":\"search_term_string\"}}],\"inLanguage\":\"es\"},{\"@type\":\"Person\",\"@id\":\"https:\/\/noti-america.com\/site\/principal\/#\/schema\/person\/22806efcc2cfc4b45efb0e17be210ea8\",\"name\":\"Maria Valentina Noguera Medina\",\"image\":{\"@type\":\"ImageObject\",\"inLanguage\":\"es\",\"@id\":\"https:\/\/secure.gravatar.com\/avatar\/4ec5eb9d099f2608a49c9df6f7341f66f04f819cdffa09d56a7a0e91d2819d56?s=96&d=mm&r=g\",\"url\":\"https:\/\/secure.gravatar.com\/avatar\/4ec5eb9d099f2608a49c9df6f7341f66f04f819cdffa09d56a7a0e91d2819d56?s=96&d=mm&r=g\",\"contentUrl\":\"https:\/\/secure.gravatar.com\/avatar\/4ec5eb9d099f2608a49c9df6f7341f66f04f819cdffa09d56a7a0e91d2819d56?s=96&d=mm&r=g\",\"caption\":\"Maria Valentina Noguera Medina\"},\"description\":\"Periodista - noti-america - Promar Community Manager - Talento Plus Dise\u00f1adora\/ creadora de contenido...\",\"sameAs\":[\"Mar\u00eda Valentina Noguera\",\"https:\/\/www.facebook.com\/mariavalentina.noguera\",\"https:\/\/www.linkedin.com\/in\/mara-valentina-noguera-medina-373075165\/\",\"https:\/\/www.pinterest.es\/valentinanoguera95\/\",\"https:\/\/www.youtube.com\/channel\/UCdek6mbUZ-Tqqw0I63i4nmQ\"],\"url\":\"https:\/\/noti-america.com\/site\/principal\/author\/mnoguera\/\"}]}<\/script>\n<!-- \/ Yoast SEO Premium plugin. -->","yoast_head_json":{"title":"Familia de Dolly Parton pide oraciones por la salud de la cantante - Noti-America.com","robots":{"index":"index","follow":"follow","max-snippet":"max-snippet:-1","max-image-preview":"max-image-preview:large","max-video-preview":"max-video-preview:-1"},"canonical":"https:\/\/noti-america.com\/site\/principal\/2025\/10\/08\/familia-de-dolly-parton-pide-oraciones-por-la-salud-de-la-cantante\/","og_locale":"es_ES","og_type":"article","og_title":"Familia de Dolly Parton pide oraciones por la salud de la cantante","og_description":"NOTI-AMERICA.COM | M\u00c9XICO La preocupaci\u00f3n por el estado de salud de la cantante de country estadounidense Dolly Parton, que en los \u00faltimos d\u00edas ha cancelado o pospuesto varios actos, ha llevado a una de&#46;&#46;&#46;","og_url":"https:\/\/noti-america.com\/site\/principal\/2025\/10\/08\/familia-de-dolly-parton-pide-oraciones-por-la-salud-de-la-cantante\/","og_site_name":"Noti-America.com","article_author":"Mar\u00eda Valentina Noguera","article_published_time":"2025-10-08T20:55:13+00:00","og_image":[{"width":1153,"height":535,"url":"https:\/\/noti-america.com\/site\/principal\/wp-content\/uploads\/sites\/26\/2025\/10\/Screenshot_8-10-2025_125329_w2a-noticierovenevision-net.s3.amazonaws.com_.jpeg","type":"image\/jpeg"}],"author":"Maria Valentina Noguera Medina","twitter_card":"summary_large_image","twitter_misc":{"Escrito por":"Maria Valentina Noguera Medina","Tiempo estimado de lectura":"2 minutos"},"schema":{"@context":"https:\/\/schema.org","@graph":[{"@type":"Article","@id":"https:\/\/noti-america.com\/site\/principal\/2025\/10\/08\/familia-de-dolly-parton-pide-oraciones-por-la-salud-de-la-cantante\/#article","isPartOf":{"@id":"https:\/\/noti-america.com\/site\/principal\/2025\/10\/08\/familia-de-dolly-parton-pide-oraciones-por-la-salud-de-la-cantante\/"},"author":{"name":"Maria Valentina Noguera Medina","@id":"https:\/\/noti-america.com\/site\/principal\/#\/schema\/person\/22806efcc2cfc4b45efb0e17be210ea8"},"headline":"Familia de Dolly Parton pide oraciones por la salud de la cantante","datePublished":"2025-10-08T20:55:13+00:00","mainEntityOfPage":{"@id":"https:\/\/noti-america.com\/site\/principal\/2025\/10\/08\/familia-de-dolly-parton-pide-oraciones-por-la-salud-de-la-cantante\/"},"wordCount":492,"image":{"@id":"https:\/\/noti-america.com\/site\/principal\/2025\/10\/08\/familia-de-dolly-parton-pide-oraciones-por-la-salud-de-la-cantante\/#primaryimage"},"thumbnailUrl":"https:\/\/noti-america.com\/site\/principal\/wp-content\/uploads\/sites\/26\/2025\/10\/Screenshot_8-10-2025_125329_w2a-noticierovenevision-net.s3.amazonaws.com_.jpeg","articleSection":["Actualidad"],"inLanguage":"es"},{"@type":"WebPage","@id":"https:\/\/noti-america.com\/site\/principal\/2025\/10\/08\/familia-de-dolly-parton-pide-oraciones-por-la-salud-de-la-cantante\/","url":"https:\/\/noti-america.com\/site\/principal\/2025\/10\/08\/familia-de-dolly-parton-pide-oraciones-por-la-salud-de-la-cantante\/","name":"Familia de Dolly Parton pide oraciones por la salud de la cantante - Noti-America.com","isPartOf":{"@id":"https:\/\/noti-america.com\/site\/principal\/#website"},"primaryImageOfPage":{"@id":"https:\/\/noti-america.com\/site\/principal\/2025\/10\/08\/familia-de-dolly-parton-pide-oraciones-por-la-salud-de-la-cantante\/#primaryimage"},"image":{"@id":"https:\/\/noti-america.com\/site\/principal\/2025\/10\/08\/familia-de-dolly-parton-pide-oraciones-por-la-salud-de-la-cantante\/#primaryimage"},"thumbnailUrl":"https:\/\/noti-america.com\/site\/principal\/wp-content\/uploads\/sites\/26\/2025\/10\/Screenshot_8-10-2025_125329_w2a-noticierovenevision-net.s3.amazonaws.com_.jpeg","datePublished":"2025-10-08T20:55:13+00:00","author":{"@id":"https:\/\/noti-america.com\/site\/principal\/#\/schema\/person\/22806efcc2cfc4b45efb0e17be210ea8"},"breadcrumb":{"@id":"https:\/\/noti-america.com\/site\/principal\/2025\/10\/08\/familia-de-dolly-parton-pide-oraciones-por-la-salud-de-la-cantante\/#breadcrumb"},"inLanguage":"es","potentialAction":[{"@type":"ReadAction","target":["https:\/\/noti-america.com\/site\/principal\/2025\/10\/08\/familia-de-dolly-parton-pide-oraciones-por-la-salud-de-la-cantante\/"]}]},{"@type":"ImageObject","inLanguage":"es","@id":"https:\/\/noti-america.com\/site\/principal\/2025\/10\/08\/familia-de-dolly-parton-pide-oraciones-por-la-salud-de-la-cantante\/#primaryimage","url":"https:\/\/noti-america.com\/site\/principal\/wp-content\/uploads\/sites\/26\/2025\/10\/Screenshot_8-10-2025_125329_w2a-noticierovenevision-net.s3.amazonaws.com_.jpeg","contentUrl":"https:\/\/noti-america.com\/site\/principal\/wp-content\/uploads\/sites\/26\/2025\/10\/Screenshot_8-10-2025_125329_w2a-noticierovenevision-net.s3.amazonaws.com_.jpeg","width":1153,"height":535},{"@type":"BreadcrumbList","@id":"https:\/\/noti-america.com\/site\/principal\/2025\/10\/08\/familia-de-dolly-parton-pide-oraciones-por-la-salud-de-la-cantante\/#breadcrumb","itemListElement":[{"@type":"ListItem","position":1,"name":"Portada","item":"https:\/\/noti-america.com\/site\/principal\/"},{"@type":"ListItem","position":2,"name":"Familia de Dolly Parton pide oraciones por la salud de la cantante"}]},{"@type":"WebSite","@id":"https:\/\/noti-america.com\/site\/principal\/#website","url":"https:\/\/noti-america.com\/site\/principal\/","name":"Noti-America.com","description":"El Noticiero Digital M\u00e1s Grande de Am\u00e9rica","potentialAction":[{"@type":"SearchAction","target":{"@type":"EntryPoint","urlTemplate":"https:\/\/noti-america.com\/site\/principal\/?s={search_term_string}"},"query-input":{"@type":"PropertyValueSpecification","valueRequired":true,"valueName":"search_term_string"}}],"inLanguage":"es"},{"@type":"Person","@id":"https:\/\/noti-america.com\/site\/principal\/#\/schema\/person\/22806efcc2cfc4b45efb0e17be210ea8","name":"Maria Valentina Noguera Medina","image":{"@type":"ImageObject","inLanguage":"es","@id":"https:\/\/secure.gravatar.com\/avatar\/4ec5eb9d099f2608a49c9df6f7341f66f04f819cdffa09d56a7a0e91d2819d56?s=96&d=mm&r=g","url":"https:\/\/secure.gravatar.com\/avatar\/4ec5eb9d099f2608a49c9df6f7341f66f04f819cdffa09d56a7a0e91d2819d56?s=96&d=mm&r=g","contentUrl":"https:\/\/secure.gravatar.com\/avatar\/4ec5eb9d099f2608a49c9df6f7341f66f04f819cdffa09d56a7a0e91d2819d56?s=96&d=mm&r=g","caption":"Maria Valentina Noguera Medina"},"description":"Periodista - noti-america - Promar Community Manager - Talento Plus Dise\u00f1adora\/ creadora de contenido...","sameAs":["Mar\u00eda Valentina Noguera","https:\/\/www.facebook.com\/mariavalentina.noguera","https:\/\/www.linkedin.com\/in\/mara-valentina-noguera-medina-373075165\/","https:\/\/www.pinterest.es\/valentinanoguera95\/","https:\/\/www.youtube.com\/channel\/UCdek6mbUZ-Tqqw0I63i4nmQ"],"url":"https:\/\/noti-america.com\/site\/principal\/author\/mnoguera\/"}]}},"_links":{"self":[{"href":"https:\/\/noti-america.com\/site\/principal\/wp-json\/wp\/v2\/posts\/74947","targetHints":{"allow":["GET"]}}],"collection":[{"href":"https:\/\/noti-america.com\/site\/principal\/wp-json\/wp\/v2\/posts"}],"about":[{"href":"https:\/\/noti-america.com\/site\/principal\/wp-json\/wp\/v2\/types\/post"}],"author":[{"embeddable":true,"href":"https:\/\/noti-america.com\/site\/principal\/wp-json\/wp\/v2\/users\/133"}],"replies":[{"embeddable":true,"href":"https:\/\/noti-america.com\/site\/principal\/wp-json\/wp\/v2\/comments?post=74947"}],"version-history":[{"count":1,"href":"https:\/\/noti-america.com\/site\/principal\/wp-json\/wp\/v2\/posts\/74947\/revisions"}],"predecessor-version":[{"id":74966,"href":"https:\/\/noti-america.com\/site\/principal\/wp-json\/wp\/v2\/posts\/74947\/revisions\/74966"}],"wp:featuredmedia":[{"embeddable":true,"href":"https:\/\/noti-america.com\/site\/principal\/wp-json\/wp\/v2\/media\/74948"}],"wp:attachment":[{"href":"https:\/\/noti-america.com\/site\/principal\/wp-json\/wp\/v2\/media?parent=74947"}],"wp:term":[{"taxonomy":"category","embeddable":true,"href":"https:\/\/noti-america.com\/site\/principal\/wp-json\/wp\/v2\/categories?post=74947"},{"taxonomy":"post_tag","embeddable":true,"href":"https:\/\/noti-america.com\/site\/principal\/wp-json\/wp\/v2\/tags?post=74947"}],"curies":[{"name":"wp","href":"https:\/\/api.w.org\/{rel}","templated":true}]}}