{"id":744,"date":"2018-03-08T22:03:57","date_gmt":"2018-03-08T22:03:57","guid":{"rendered":"http:\/\/noti-america.com\/site\/alemania\/?p=744"},"modified":"2018-03-08T22:03:57","modified_gmt":"2018-03-08T22:03:57","slug":"mi-hijo-es-adicto-a-las-redes-sociales-que-hago","status":"publish","type":"post","link":"https:\/\/noti-america.com\/site\/principal\/2018\/03\/08\/mi-hijo-es-adicto-a-las-redes-sociales-que-hago\/","title":{"rendered":"\u00a1Mi hijo es adicto a las redes sociales! \u00bfQu\u00e9 hago?"},"content":{"rendered":"<p>No hay nada que se pueda hacer sin m\u00f3vil. Para muchos adolescentes, y no tan adolescentes, la vida sin el tel\u00e9fono es impensable. Forma parte de su identidad. Pero en muchas familias conocen la contracara de ese contacto e intercambio permanente: la adicci\u00f3n a la pantalla.<\/p>\n<p>\u00bfQu\u00e9 podemos hacer como padres? Por supuesto que no hay ninguna receta m\u00e1gica. Podemos tener una conversaci\u00f3n sincera e intentar pensar, entre todos, c\u00f3mo manejar el m\u00f3vil en la familia. Existe una organizaci\u00f3n alemana llamada Klicksafe que tiene las siguientes propuestas:<\/p>\n<p>&#8211; No proh\u00edbas el uso del m\u00f3vil:\u00a0aunque sea lo primero que quieras hacer, prohibir el m\u00f3vil no lleva a ning\u00fan lado, porque le quitas a tu hijo la comunicaci\u00f3n con otros. Es mucho mejor pensar con \u00e9l \u00ab\u00bfEn qu\u00e9 momentos fijos del d\u00eda podr\u00edamos dejar el m\u00f3vil en otro lado?\u00bb. Una posibilidad ser\u00eda elegir el s\u00e1bado como \u00abd\u00eda libre de pantallita\u00bb. Otra, todos los d\u00edas despu\u00e9s de las 20:00. Al hablar del tema, es bueno que los padres admitan que a ellos tambi\u00e9n les cuesta. Y que todos acaten la regla.<\/p>\n<p>&#8211; Desactivar alertas:\u00a0podemos pensar con nuestros hijos qu\u00e9 alertas se pueden desactivar, de modo que no est\u00e9 brillando siempre la pantalla y llam\u00e1ndonos a mirarla. Cada luz o \u00abpling\u00bb captan nuestra atenci\u00f3n, nos da algo de curiosidad, y eso genera un comportamiento y una expectativa que con el tiempo se vuelven adictivos.<\/p>\n<p>Existen apps que nos ense\u00f1an cu\u00e1nto tiempo hemos pasado con el m\u00f3vil. Los resultados a veces son muy sorprendentes. Utilizarlas y ver realmente cu\u00e1nto tiempo es podr\u00eda ser un buen punto de partida para preguntarse:\u00a0\u00bfEsto me est\u00e1 divirtiendo o estresando?<\/p>\n<p>De m\u00e1s est\u00e1 decir que si la adicci\u00f3n toma un grado preocupante, en el que los ni\u00f1os se vuelven m\u00e1s introvertidos, no hablan con los dem\u00e1s o no le dan importancia a la comida, es bueno consultar a un profesional.<\/p>\n<p>CP (dpa)<\/p>\n","protected":false},"excerpt":{"rendered":"<p>No hay nada que se pueda hacer sin m\u00f3vil. Para muchos adolescentes, y no tan adolescentes, la vida sin el tel\u00e9fono es impensable. Forma parte de su identidad. Pero en muchas familias conocen la&#46;&#46;&#46;<\/p>\n","protected":false},"author":31,"featured_media":745,"comment_status":"open","ping_status":"open","sticky":false,"template":"","format":"standard","meta":{"_acf_changed":false,"rop_custom_images_group":[],"rop_custom_messages_group":[],"rop_publish_now":"initial","rop_publish_now_accounts":{"facebook_10219548024599422_1632221337088128":"","twitter_242054905_242054905":""},"rop_publish_now_history":[],"rop_publish_now_status":"pending","footnotes":""},"categories":[66],"tags":[],"class_list":["post-744","post","type-post","status-publish","format-standard","has-post-thumbnail","hentry","category-tendencias"],"acf":[],"yoast_head":"<!-- This site is optimized with the Yoast SEO Premium plugin v24.9 (Yoast SEO v27.2) - https:\/\/yoast.com\/product\/yoast-seo-premium-wordpress\/ -->\n<title>\u00a1Mi hijo es adicto a las redes sociales! \u00bfQu\u00e9 hago? - Noti-America.com<\/title>\n<meta name=\"robots\" content=\"index, follow, max-snippet:-1, max-image-preview:large, max-video-preview:-1\" \/>\n<link rel=\"canonical\" href=\"https:\/\/noti-america.com\/site\/principal\/2018\/03\/08\/mi-hijo-es-adicto-a-las-redes-sociales-que-hago\/\" \/>\n<meta property=\"og:locale\" content=\"es_ES\" \/>\n<meta property=\"og:type\" content=\"article\" \/>\n<meta property=\"og:title\" content=\"\u00a1Mi hijo es adicto a las redes sociales! \u00bfQu\u00e9 hago?\" \/>\n<meta property=\"og:description\" content=\"No hay nada que se pueda hacer sin m\u00f3vil. Para muchos adolescentes, y no tan adolescentes, la vida sin el tel\u00e9fono es impensable. Forma parte de su identidad. Pero en muchas familias conocen la&#046;&#046;&#046;\" \/>\n<meta property=\"og:url\" content=\"https:\/\/noti-america.com\/site\/principal\/2018\/03\/08\/mi-hijo-es-adicto-a-las-redes-sociales-que-hago\/\" \/>\n<meta property=\"og:site_name\" content=\"Noti-America.com\" \/>\n<meta property=\"article:published_time\" content=\"2018-03-08T22:03:57+00:00\" \/>\n<meta property=\"og:image\" content=\"https:\/\/noti-america.com\/site\/principal\/wp-content\/uploads\/sites\/26\/2018\/03\/adiccion-a-las-redes-sociales-.png\" \/>\n\t<meta property=\"og:image:width\" content=\"225\" \/>\n\t<meta property=\"og:image:height\" content=\"225\" \/>\n\t<meta property=\"og:image:type\" content=\"image\/png\" \/>\n<meta name=\"author\" content=\"Ydalith Figueroa Kad-Bay\" \/>\n<meta name=\"twitter:card\" content=\"summary_large_image\" \/>\n<meta name=\"twitter:creator\" content=\"@ydalithkad\" \/>\n<meta name=\"twitter:label1\" content=\"Escrito por\" \/>\n\t<meta name=\"twitter:data1\" content=\"Ydalith Figueroa Kad-Bay\" \/>\n\t<meta name=\"twitter:label2\" content=\"Tiempo estimado de lectura\" \/>\n\t<meta name=\"twitter:data2\" content=\"2 minutos\" \/>\n<script type=\"application\/ld+json\" class=\"yoast-schema-graph\">{\"@context\":\"https:\/\/schema.org\",\"@graph\":[{\"@type\":\"Article\",\"@id\":\"https:\/\/noti-america.com\/site\/principal\/2018\/03\/08\/mi-hijo-es-adicto-a-las-redes-sociales-que-hago\/#article\",\"isPartOf\":{\"@id\":\"https:\/\/noti-america.com\/site\/principal\/2018\/03\/08\/mi-hijo-es-adicto-a-las-redes-sociales-que-hago\/\"},\"author\":{\"name\":\"Ydalith Figueroa Kad-Bay\",\"@id\":\"https:\/\/noti-america.com\/site\/principal\/#\/schema\/person\/1a24e37c3c358f389f0a111448ddb870\"},\"headline\":\"\u00a1Mi hijo es adicto a las redes sociales! \u00bfQu\u00e9 hago?\",\"datePublished\":\"2018-03-08T22:03:57+00:00\",\"mainEntityOfPage\":{\"@id\":\"https:\/\/noti-america.com\/site\/principal\/2018\/03\/08\/mi-hijo-es-adicto-a-las-redes-sociales-que-hago\/\"},\"wordCount\":358,\"commentCount\":0,\"image\":{\"@id\":\"https:\/\/noti-america.com\/site\/principal\/2018\/03\/08\/mi-hijo-es-adicto-a-las-redes-sociales-que-hago\/#primaryimage\"},\"thumbnailUrl\":\"https:\/\/noti-america.com\/site\/principal\/wp-content\/uploads\/sites\/26\/2018\/03\/adiccion-a-las-redes-sociales-.png\",\"articleSection\":[\"tendencias\"],\"inLanguage\":\"es\",\"potentialAction\":[{\"@type\":\"CommentAction\",\"name\":\"Comment\",\"target\":[\"https:\/\/noti-america.com\/site\/principal\/2018\/03\/08\/mi-hijo-es-adicto-a-las-redes-sociales-que-hago\/#respond\"]}]},{\"@type\":\"WebPage\",\"@id\":\"https:\/\/noti-america.com\/site\/principal\/2018\/03\/08\/mi-hijo-es-adicto-a-las-redes-sociales-que-hago\/\",\"url\":\"https:\/\/noti-america.com\/site\/principal\/2018\/03\/08\/mi-hijo-es-adicto-a-las-redes-sociales-que-hago\/\",\"name\":\"\u00a1Mi hijo es adicto a las redes sociales! \u00bfQu\u00e9 hago? - Noti-America.com\",\"isPartOf\":{\"@id\":\"https:\/\/noti-america.com\/site\/principal\/#website\"},\"primaryImageOfPage\":{\"@id\":\"https:\/\/noti-america.com\/site\/principal\/2018\/03\/08\/mi-hijo-es-adicto-a-las-redes-sociales-que-hago\/#primaryimage\"},\"image\":{\"@id\":\"https:\/\/noti-america.com\/site\/principal\/2018\/03\/08\/mi-hijo-es-adicto-a-las-redes-sociales-que-hago\/#primaryimage\"},\"thumbnailUrl\":\"https:\/\/noti-america.com\/site\/principal\/wp-content\/uploads\/sites\/26\/2018\/03\/adiccion-a-las-redes-sociales-.png\",\"datePublished\":\"2018-03-08T22:03:57+00:00\",\"author\":{\"@id\":\"https:\/\/noti-america.com\/site\/principal\/#\/schema\/person\/1a24e37c3c358f389f0a111448ddb870\"},\"breadcrumb\":{\"@id\":\"https:\/\/noti-america.com\/site\/principal\/2018\/03\/08\/mi-hijo-es-adicto-a-las-redes-sociales-que-hago\/#breadcrumb\"},\"inLanguage\":\"es\",\"potentialAction\":[{\"@type\":\"ReadAction\",\"target\":[\"https:\/\/noti-america.com\/site\/principal\/2018\/03\/08\/mi-hijo-es-adicto-a-las-redes-sociales-que-hago\/\"]}]},{\"@type\":\"ImageObject\",\"inLanguage\":\"es\",\"@id\":\"https:\/\/noti-america.com\/site\/principal\/2018\/03\/08\/mi-hijo-es-adicto-a-las-redes-sociales-que-hago\/#primaryimage\",\"url\":\"https:\/\/noti-america.com\/site\/principal\/wp-content\/uploads\/sites\/26\/2018\/03\/adiccion-a-las-redes-sociales-.png\",\"contentUrl\":\"https:\/\/noti-america.com\/site\/principal\/wp-content\/uploads\/sites\/26\/2018\/03\/adiccion-a-las-redes-sociales-.png\",\"width\":225,\"height\":225},{\"@type\":\"BreadcrumbList\",\"@id\":\"https:\/\/noti-america.com\/site\/principal\/2018\/03\/08\/mi-hijo-es-adicto-a-las-redes-sociales-que-hago\/#breadcrumb\",\"itemListElement\":[{\"@type\":\"ListItem\",\"position\":1,\"name\":\"Portada\",\"item\":\"https:\/\/noti-america.com\/site\/principal\/\"},{\"@type\":\"ListItem\",\"position\":2,\"name\":\"\u00a1Mi hijo es adicto a las redes sociales! \u00bfQu\u00e9 hago?\"}]},{\"@type\":\"WebSite\",\"@id\":\"https:\/\/noti-america.com\/site\/principal\/#website\",\"url\":\"https:\/\/noti-america.com\/site\/principal\/\",\"name\":\"Noti-America.com\",\"description\":\"El Noticiero Digital M\u00e1s Grande de Am\u00e9rica\",\"potentialAction\":[{\"@type\":\"SearchAction\",\"target\":{\"@type\":\"EntryPoint\",\"urlTemplate\":\"https:\/\/noti-america.com\/site\/principal\/?s={search_term_string}\"},\"query-input\":{\"@type\":\"PropertyValueSpecification\",\"valueRequired\":true,\"valueName\":\"search_term_string\"}}],\"inLanguage\":\"es\"},{\"@type\":\"Person\",\"@id\":\"https:\/\/noti-america.com\/site\/principal\/#\/schema\/person\/1a24e37c3c358f389f0a111448ddb870\",\"name\":\"Ydalith Figueroa Kad-Bay\",\"image\":{\"@type\":\"ImageObject\",\"inLanguage\":\"es\",\"@id\":\"https:\/\/secure.gravatar.com\/avatar\/7d1e350465afd215908c3ed413e32ef600cd41c3c21b95416252432a9f6c219c?s=96&d=mm&r=g\",\"url\":\"https:\/\/secure.gravatar.com\/avatar\/7d1e350465afd215908c3ed413e32ef600cd41c3c21b95416252432a9f6c219c?s=96&d=mm&r=g\",\"contentUrl\":\"https:\/\/secure.gravatar.com\/avatar\/7d1e350465afd215908c3ed413e32ef600cd41c3c21b95416252432a9f6c219c?s=96&d=mm&r=g\",\"caption\":\"Ydalith Figueroa Kad-Bay\"},\"description\":\"CEO Noti-America Alemania Embajadora de Venezuela para el Proyecto de Acci\u00f3n Clim\u00e1tica de la ONU, Embajadora para la ense\u00f1anza de los ODS de la ONU, Amplificador de la Acci\u00f3n de los ODS de la ONU, Profesor Voluntario del Proyecto KAKUMA (Educaci\u00f3n de calidad para refugiados en \u00c1frica) UNHCR \u2013 ACNUR - Agencia para los refugiados de la ONU-, Miembro de la ONG Gente Y Ciudad, Embajador de las Instituciones de Microfinanzas \u201cNo a la pobreza ODS #1 de la ONU\u201d (todos tienen derecho a acceso a un cr\u00e9dito), y Voluntario al di\u00e1logo global de UN75. Twitter @ydalithkad email ydalith@yhaoo.com Locutor Profesional 32931 Universidad Central de Venezuela @ISHannover \\\"Colegio Internacional de Hannover Regi\u00f3n, Alemania\\\" Representante de Aprendizaje Innovaci\u00f3n y Tecnolog\u00eda #LMS (Sistema de Gesti\u00f3n de Aprendizaje) #LMS Gente y Ciudad &amp; Asesores Internacionales ONG Alemania. ONG \\\"Gente y Ciudad, Venezuela\\\" Miembro y Asesor especialista An\u00e1lisis de Pol\u00edtica Internacional Asesor Pol\u00edtico Internacional de Venezuela en la defensa de los Derechos Humanos y el restablecimiento Democr\u00e1tico. Diplomacia positiva y Activa. Pasi\u00f3n por el Golf Proyecto #LMS \\\"Golf para ni\u00f1os y adultos Internacional\\\" Pasi\u00f3n por los Postres Proyecto #LMS \\\"Postres, Que Unen a las Culturas del mundo\\\"\",\"sameAs\":[\"https:\/\/x.com\/ydalithkad\"],\"url\":\"https:\/\/noti-america.com\/site\/principal\/author\/yfigueroa\/\"}]}<\/script>\n<!-- \/ Yoast SEO Premium plugin. -->","yoast_head_json":{"title":"\u00a1Mi hijo es adicto a las redes sociales! \u00bfQu\u00e9 hago? - Noti-America.com","robots":{"index":"index","follow":"follow","max-snippet":"max-snippet:-1","max-image-preview":"max-image-preview:large","max-video-preview":"max-video-preview:-1"},"canonical":"https:\/\/noti-america.com\/site\/principal\/2018\/03\/08\/mi-hijo-es-adicto-a-las-redes-sociales-que-hago\/","og_locale":"es_ES","og_type":"article","og_title":"\u00a1Mi hijo es adicto a las redes sociales! \u00bfQu\u00e9 hago?","og_description":"No hay nada que se pueda hacer sin m\u00f3vil. Para muchos adolescentes, y no tan adolescentes, la vida sin el tel\u00e9fono es impensable. Forma parte de su identidad. Pero en muchas familias conocen la&#46;&#46;&#46;","og_url":"https:\/\/noti-america.com\/site\/principal\/2018\/03\/08\/mi-hijo-es-adicto-a-las-redes-sociales-que-hago\/","og_site_name":"Noti-America.com","article_published_time":"2018-03-08T22:03:57+00:00","og_image":[{"width":225,"height":225,"url":"https:\/\/noti-america.com\/site\/principal\/wp-content\/uploads\/sites\/26\/2018\/03\/adiccion-a-las-redes-sociales-.png","type":"image\/png"}],"author":"Ydalith Figueroa Kad-Bay","twitter_card":"summary_large_image","twitter_creator":"@ydalithkad","twitter_misc":{"Escrito por":"Ydalith Figueroa Kad-Bay","Tiempo estimado de lectura":"2 minutos"},"schema":{"@context":"https:\/\/schema.org","@graph":[{"@type":"Article","@id":"https:\/\/noti-america.com\/site\/principal\/2018\/03\/08\/mi-hijo-es-adicto-a-las-redes-sociales-que-hago\/#article","isPartOf":{"@id":"https:\/\/noti-america.com\/site\/principal\/2018\/03\/08\/mi-hijo-es-adicto-a-las-redes-sociales-que-hago\/"},"author":{"name":"Ydalith Figueroa Kad-Bay","@id":"https:\/\/noti-america.com\/site\/principal\/#\/schema\/person\/1a24e37c3c358f389f0a111448ddb870"},"headline":"\u00a1Mi hijo es adicto a las redes sociales! \u00bfQu\u00e9 hago?","datePublished":"2018-03-08T22:03:57+00:00","mainEntityOfPage":{"@id":"https:\/\/noti-america.com\/site\/principal\/2018\/03\/08\/mi-hijo-es-adicto-a-las-redes-sociales-que-hago\/"},"wordCount":358,"commentCount":0,"image":{"@id":"https:\/\/noti-america.com\/site\/principal\/2018\/03\/08\/mi-hijo-es-adicto-a-las-redes-sociales-que-hago\/#primaryimage"},"thumbnailUrl":"https:\/\/noti-america.com\/site\/principal\/wp-content\/uploads\/sites\/26\/2018\/03\/adiccion-a-las-redes-sociales-.png","articleSection":["tendencias"],"inLanguage":"es","potentialAction":[{"@type":"CommentAction","name":"Comment","target":["https:\/\/noti-america.com\/site\/principal\/2018\/03\/08\/mi-hijo-es-adicto-a-las-redes-sociales-que-hago\/#respond"]}]},{"@type":"WebPage","@id":"https:\/\/noti-america.com\/site\/principal\/2018\/03\/08\/mi-hijo-es-adicto-a-las-redes-sociales-que-hago\/","url":"https:\/\/noti-america.com\/site\/principal\/2018\/03\/08\/mi-hijo-es-adicto-a-las-redes-sociales-que-hago\/","name":"\u00a1Mi hijo es adicto a las redes sociales! \u00bfQu\u00e9 hago? - Noti-America.com","isPartOf":{"@id":"https:\/\/noti-america.com\/site\/principal\/#website"},"primaryImageOfPage":{"@id":"https:\/\/noti-america.com\/site\/principal\/2018\/03\/08\/mi-hijo-es-adicto-a-las-redes-sociales-que-hago\/#primaryimage"},"image":{"@id":"https:\/\/noti-america.com\/site\/principal\/2018\/03\/08\/mi-hijo-es-adicto-a-las-redes-sociales-que-hago\/#primaryimage"},"thumbnailUrl":"https:\/\/noti-america.com\/site\/principal\/wp-content\/uploads\/sites\/26\/2018\/03\/adiccion-a-las-redes-sociales-.png","datePublished":"2018-03-08T22:03:57+00:00","author":{"@id":"https:\/\/noti-america.com\/site\/principal\/#\/schema\/person\/1a24e37c3c358f389f0a111448ddb870"},"breadcrumb":{"@id":"https:\/\/noti-america.com\/site\/principal\/2018\/03\/08\/mi-hijo-es-adicto-a-las-redes-sociales-que-hago\/#breadcrumb"},"inLanguage":"es","potentialAction":[{"@type":"ReadAction","target":["https:\/\/noti-america.com\/site\/principal\/2018\/03\/08\/mi-hijo-es-adicto-a-las-redes-sociales-que-hago\/"]}]},{"@type":"ImageObject","inLanguage":"es","@id":"https:\/\/noti-america.com\/site\/principal\/2018\/03\/08\/mi-hijo-es-adicto-a-las-redes-sociales-que-hago\/#primaryimage","url":"https:\/\/noti-america.com\/site\/principal\/wp-content\/uploads\/sites\/26\/2018\/03\/adiccion-a-las-redes-sociales-.png","contentUrl":"https:\/\/noti-america.com\/site\/principal\/wp-content\/uploads\/sites\/26\/2018\/03\/adiccion-a-las-redes-sociales-.png","width":225,"height":225},{"@type":"BreadcrumbList","@id":"https:\/\/noti-america.com\/site\/principal\/2018\/03\/08\/mi-hijo-es-adicto-a-las-redes-sociales-que-hago\/#breadcrumb","itemListElement":[{"@type":"ListItem","position":1,"name":"Portada","item":"https:\/\/noti-america.com\/site\/principal\/"},{"@type":"ListItem","position":2,"name":"\u00a1Mi hijo es adicto a las redes sociales! \u00bfQu\u00e9 hago?"}]},{"@type":"WebSite","@id":"https:\/\/noti-america.com\/site\/principal\/#website","url":"https:\/\/noti-america.com\/site\/principal\/","name":"Noti-America.com","description":"El Noticiero Digital M\u00e1s Grande de Am\u00e9rica","potentialAction":[{"@type":"SearchAction","target":{"@type":"EntryPoint","urlTemplate":"https:\/\/noti-america.com\/site\/principal\/?s={search_term_string}"},"query-input":{"@type":"PropertyValueSpecification","valueRequired":true,"valueName":"search_term_string"}}],"inLanguage":"es"},{"@type":"Person","@id":"https:\/\/noti-america.com\/site\/principal\/#\/schema\/person\/1a24e37c3c358f389f0a111448ddb870","name":"Ydalith Figueroa Kad-Bay","image":{"@type":"ImageObject","inLanguage":"es","@id":"https:\/\/secure.gravatar.com\/avatar\/7d1e350465afd215908c3ed413e32ef600cd41c3c21b95416252432a9f6c219c?s=96&d=mm&r=g","url":"https:\/\/secure.gravatar.com\/avatar\/7d1e350465afd215908c3ed413e32ef600cd41c3c21b95416252432a9f6c219c?s=96&d=mm&r=g","contentUrl":"https:\/\/secure.gravatar.com\/avatar\/7d1e350465afd215908c3ed413e32ef600cd41c3c21b95416252432a9f6c219c?s=96&d=mm&r=g","caption":"Ydalith Figueroa Kad-Bay"},"description":"CEO Noti-America Alemania Embajadora de Venezuela para el Proyecto de Acci\u00f3n Clim\u00e1tica de la ONU, Embajadora para la ense\u00f1anza de los ODS de la ONU, Amplificador de la Acci\u00f3n de los ODS de la ONU, Profesor Voluntario del Proyecto KAKUMA (Educaci\u00f3n de calidad para refugiados en \u00c1frica) UNHCR \u2013 ACNUR - Agencia para los refugiados de la ONU-, Miembro de la ONG Gente Y Ciudad, Embajador de las Instituciones de Microfinanzas \u201cNo a la pobreza ODS #1 de la ONU\u201d (todos tienen derecho a acceso a un cr\u00e9dito), y Voluntario al di\u00e1logo global de UN75. Twitter @ydalithkad email ydalith@yhaoo.com Locutor Profesional 32931 Universidad Central de Venezuela @ISHannover \"Colegio Internacional de Hannover Regi\u00f3n, Alemania\" Representante de Aprendizaje Innovaci\u00f3n y Tecnolog\u00eda #LMS (Sistema de Gesti\u00f3n de Aprendizaje) #LMS Gente y Ciudad &amp; Asesores Internacionales ONG Alemania. ONG \"Gente y Ciudad, Venezuela\" Miembro y Asesor especialista An\u00e1lisis de Pol\u00edtica Internacional Asesor Pol\u00edtico Internacional de Venezuela en la defensa de los Derechos Humanos y el restablecimiento Democr\u00e1tico. Diplomacia positiva y Activa. Pasi\u00f3n por el Golf Proyecto #LMS \"Golf para ni\u00f1os y adultos Internacional\" Pasi\u00f3n por los Postres Proyecto #LMS \"Postres, Que Unen a las Culturas del mundo\"","sameAs":["https:\/\/x.com\/ydalithkad"],"url":"https:\/\/noti-america.com\/site\/principal\/author\/yfigueroa\/"}]}},"_links":{"self":[{"href":"https:\/\/noti-america.com\/site\/principal\/wp-json\/wp\/v2\/posts\/744","targetHints":{"allow":["GET"]}}],"collection":[{"href":"https:\/\/noti-america.com\/site\/principal\/wp-json\/wp\/v2\/posts"}],"about":[{"href":"https:\/\/noti-america.com\/site\/principal\/wp-json\/wp\/v2\/types\/post"}],"author":[{"embeddable":true,"href":"https:\/\/noti-america.com\/site\/principal\/wp-json\/wp\/v2\/users\/31"}],"replies":[{"embeddable":true,"href":"https:\/\/noti-america.com\/site\/principal\/wp-json\/wp\/v2\/comments?post=744"}],"version-history":[{"count":1,"href":"https:\/\/noti-america.com\/site\/principal\/wp-json\/wp\/v2\/posts\/744\/revisions"}],"predecessor-version":[{"id":746,"href":"https:\/\/noti-america.com\/site\/principal\/wp-json\/wp\/v2\/posts\/744\/revisions\/746"}],"wp:featuredmedia":[{"embeddable":true,"href":"https:\/\/noti-america.com\/site\/principal\/wp-json\/wp\/v2\/media\/745"}],"wp:attachment":[{"href":"https:\/\/noti-america.com\/site\/principal\/wp-json\/wp\/v2\/media?parent=744"}],"wp:term":[{"taxonomy":"category","embeddable":true,"href":"https:\/\/noti-america.com\/site\/principal\/wp-json\/wp\/v2\/categories?post=744"},{"taxonomy":"post_tag","embeddable":true,"href":"https:\/\/noti-america.com\/site\/principal\/wp-json\/wp\/v2\/tags?post=744"}],"curies":[{"name":"wp","href":"https:\/\/api.w.org\/{rel}","templated":true}]}}