{"id":73146,"date":"2025-09-09T15:58:36","date_gmt":"2025-09-09T19:58:36","guid":{"rendered":"https:\/\/noti-america.com\/site\/principal\/?p=73146"},"modified":"2025-09-09T15:58:36","modified_gmt":"2025-09-09T19:58:36","slug":"ed-sheeran-trasladara-su-residencia-a-estados-unidos","status":"publish","type":"post","link":"https:\/\/noti-america.com\/site\/principal\/2025\/09\/09\/ed-sheeran-trasladara-su-residencia-a-estados-unidos\/","title":{"rendered":"Ed Sheeran trasladar\u00e1 su residencia a Estados Unidos"},"content":{"rendered":"<p>NOTI-AMERICA.COM | M\u00c9XICO<\/p>\n<p style=\"text-align: justify\">El cantante brit\u00e1nico Ed Sheeran, que lanzar\u00e1 este viernes su nuevo disco, trasladar\u00e1 su residencia permanente a Estados Unidos debido a la gira que llevar\u00e1 a cabo en el pa\u00eds norteamericano, seg\u00fan anunci\u00f3 en una entrevista.<\/p>\n<p style=\"text-align: justify\">\u00abEstoy a punto de mudarme a Estados Unidos. Siento que soy la \u00fanica persona que se muda a Estados Unidos. Voy de gira por all\u00ed un tiempo y tengo familia, as\u00ed que no puedo ir y venir. Nos vamos a instalar all\u00ed\u00bb, dijo el artista, de 34 a\u00f1os, en el podcast irland\u00e9s \u20182 Johnnies\u2019, publicado hoy.<\/p>\n<p style=\"text-align: justify\">Actualmente, Sheeran reside en el condado de Suffolk (sureste de Inglaterra) en una extensa propiedad llamada \u2018Sheeranville\u2019 que cuenta con una gran vivienda, un lago, una capilla e incluso un \u2018pub\u2019 en sus terrenos.<\/p>\n<p style=\"text-align: justify\">En el programa, conducido por los humoristas irlandeses John \u2018Smacks\u2019 McMahon y John \u2018B\u2019 O\u2019Brien, tambi\u00e9n expres\u00f3 su amor por el Ipswich Town FC, el equipo del que posee una participaci\u00f3n del 1,4 % y del que lleg\u00f3 a ser patrocinador en sus camisetas.<\/p>\n<p style=\"text-align: justify\">\u00abFui a casi todos los partidos la temporada pasada. Creo que solo podr\u00e9 asistir a uno esta temporada\u00bb, asever\u00f3.<\/p>\n<p style=\"text-align: justify\">Anteriormente, en el podcast \u2018Call me daddy\u2019 de la estadounidense Alex Cooper, Sheeran mostr\u00f3 su deseo de mudarse a Nashville (Tenessee), la que, confes\u00f3, es su ciudad favorita de Estados Unidos, para hacer \u00abuna transici\u00f3n a la m\u00fasica country\u00bb.<\/p>\n<p style=\"text-align: justify\">Este viernes, el cantante espera lanzar su \u00faltimo disco de estudio, titulado \u2018Play\u2019.<\/p>\n","protected":false},"excerpt":{"rendered":"<p>NOTI-AMERICA.COM | M\u00c9XICO El cantante brit\u00e1nico Ed Sheeran, que lanzar\u00e1 este viernes su nuevo disco, trasladar\u00e1 su residencia permanente a Estados Unidos debido a la gira que llevar\u00e1 a cabo en el pa\u00eds norteamericano,&#46;&#46;&#46;<\/p>\n","protected":false},"author":133,"featured_media":73147,"comment_status":"","ping_status":"open","sticky":false,"template":"","format":"image","meta":{"_acf_changed":false,"rop_custom_images_group":[],"rop_custom_messages_group":[],"rop_publish_now":"no","rop_publish_now_accounts":{"facebook_10219548024599422_1632221337088128":"","twitter_242054905_242054905":""},"rop_publish_now_history":[{"account":"twitter_242054905_242054905","service":"twitter","timestamp":1757447928,"status":"queued"}],"rop_publish_now_status":"queued","footnotes":""},"categories":[8],"tags":[],"class_list":["post-73146","post","type-post","status-publish","format-image","has-post-thumbnail","hentry","category-arte-y-espectaculos","post_format-post-format-image"],"acf":[],"yoast_head":"<!-- This site is optimized with the Yoast SEO Premium plugin v24.9 (Yoast SEO v27.2) - https:\/\/yoast.com\/product\/yoast-seo-premium-wordpress\/ -->\n<title>Ed Sheeran trasladar\u00e1 su residencia a Estados Unidos - Noti-America.com<\/title>\n<meta name=\"robots\" content=\"index, follow, max-snippet:-1, max-image-preview:large, max-video-preview:-1\" \/>\n<link rel=\"canonical\" href=\"https:\/\/noti-america.com\/site\/principal\/2025\/09\/09\/ed-sheeran-trasladara-su-residencia-a-estados-unidos\/\" \/>\n<meta property=\"og:locale\" content=\"es_ES\" \/>\n<meta property=\"og:type\" content=\"article\" \/>\n<meta property=\"og:title\" content=\"Ed Sheeran trasladar\u00e1 su residencia a Estados Unidos\" \/>\n<meta property=\"og:description\" content=\"NOTI-AMERICA.COM | M\u00c9XICO El cantante brit\u00e1nico Ed Sheeran, que lanzar\u00e1 este viernes su nuevo disco, trasladar\u00e1 su residencia permanente a Estados Unidos debido a la gira que llevar\u00e1 a cabo en el pa\u00eds norteamericano,&#046;&#046;&#046;\" \/>\n<meta property=\"og:url\" content=\"https:\/\/noti-america.com\/site\/principal\/2025\/09\/09\/ed-sheeran-trasladara-su-residencia-a-estados-unidos\/\" \/>\n<meta property=\"og:site_name\" content=\"Noti-America.com\" \/>\n<meta property=\"article:author\" content=\"Mar\u00eda Valentina Noguera\" \/>\n<meta property=\"article:published_time\" content=\"2025-09-09T19:58:36+00:00\" \/>\n<meta property=\"og:image\" content=\"https:\/\/noti-america.com\/site\/principal\/wp-content\/uploads\/sites\/26\/2025\/09\/Screenshot_9-9-2025_115724_www.reddit.com_.jpeg\" \/>\n\t<meta property=\"og:image:width\" content=\"858\" \/>\n\t<meta property=\"og:image:height\" content=\"573\" \/>\n\t<meta property=\"og:image:type\" content=\"image\/jpeg\" \/>\n<meta name=\"author\" content=\"Maria Valentina Noguera Medina\" \/>\n<meta name=\"twitter:card\" content=\"summary_large_image\" \/>\n<meta name=\"twitter:label1\" content=\"Escrito por\" \/>\n\t<meta name=\"twitter:data1\" content=\"Maria Valentina Noguera Medina\" \/>\n\t<meta name=\"twitter:label2\" content=\"Tiempo estimado de lectura\" \/>\n\t<meta name=\"twitter:data2\" content=\"1 minuto\" \/>\n<script type=\"application\/ld+json\" class=\"yoast-schema-graph\">{\"@context\":\"https:\/\/schema.org\",\"@graph\":[{\"@type\":\"Article\",\"@id\":\"https:\/\/noti-america.com\/site\/principal\/2025\/09\/09\/ed-sheeran-trasladara-su-residencia-a-estados-unidos\/#article\",\"isPartOf\":{\"@id\":\"https:\/\/noti-america.com\/site\/principal\/2025\/09\/09\/ed-sheeran-trasladara-su-residencia-a-estados-unidos\/\"},\"author\":{\"name\":\"Maria Valentina Noguera Medina\",\"@id\":\"https:\/\/noti-america.com\/site\/principal\/#\/schema\/person\/22806efcc2cfc4b45efb0e17be210ea8\"},\"headline\":\"Ed Sheeran trasladar\u00e1 su residencia a Estados Unidos\",\"datePublished\":\"2025-09-09T19:58:36+00:00\",\"mainEntityOfPage\":{\"@id\":\"https:\/\/noti-america.com\/site\/principal\/2025\/09\/09\/ed-sheeran-trasladara-su-residencia-a-estados-unidos\/\"},\"wordCount\":259,\"image\":{\"@id\":\"https:\/\/noti-america.com\/site\/principal\/2025\/09\/09\/ed-sheeran-trasladara-su-residencia-a-estados-unidos\/#primaryimage\"},\"thumbnailUrl\":\"https:\/\/noti-america.com\/site\/principal\/wp-content\/uploads\/sites\/26\/2025\/09\/Screenshot_9-9-2025_115724_www.reddit.com_.jpeg\",\"articleSection\":[\"Arte y Espect\u00e1culos\"],\"inLanguage\":\"es\"},{\"@type\":\"WebPage\",\"@id\":\"https:\/\/noti-america.com\/site\/principal\/2025\/09\/09\/ed-sheeran-trasladara-su-residencia-a-estados-unidos\/\",\"url\":\"https:\/\/noti-america.com\/site\/principal\/2025\/09\/09\/ed-sheeran-trasladara-su-residencia-a-estados-unidos\/\",\"name\":\"Ed Sheeran trasladar\u00e1 su residencia a Estados Unidos - Noti-America.com\",\"isPartOf\":{\"@id\":\"https:\/\/noti-america.com\/site\/principal\/#website\"},\"primaryImageOfPage\":{\"@id\":\"https:\/\/noti-america.com\/site\/principal\/2025\/09\/09\/ed-sheeran-trasladara-su-residencia-a-estados-unidos\/#primaryimage\"},\"image\":{\"@id\":\"https:\/\/noti-america.com\/site\/principal\/2025\/09\/09\/ed-sheeran-trasladara-su-residencia-a-estados-unidos\/#primaryimage\"},\"thumbnailUrl\":\"https:\/\/noti-america.com\/site\/principal\/wp-content\/uploads\/sites\/26\/2025\/09\/Screenshot_9-9-2025_115724_www.reddit.com_.jpeg\",\"datePublished\":\"2025-09-09T19:58:36+00:00\",\"author\":{\"@id\":\"https:\/\/noti-america.com\/site\/principal\/#\/schema\/person\/22806efcc2cfc4b45efb0e17be210ea8\"},\"breadcrumb\":{\"@id\":\"https:\/\/noti-america.com\/site\/principal\/2025\/09\/09\/ed-sheeran-trasladara-su-residencia-a-estados-unidos\/#breadcrumb\"},\"inLanguage\":\"es\",\"potentialAction\":[{\"@type\":\"ReadAction\",\"target\":[\"https:\/\/noti-america.com\/site\/principal\/2025\/09\/09\/ed-sheeran-trasladara-su-residencia-a-estados-unidos\/\"]}]},{\"@type\":\"ImageObject\",\"inLanguage\":\"es\",\"@id\":\"https:\/\/noti-america.com\/site\/principal\/2025\/09\/09\/ed-sheeran-trasladara-su-residencia-a-estados-unidos\/#primaryimage\",\"url\":\"https:\/\/noti-america.com\/site\/principal\/wp-content\/uploads\/sites\/26\/2025\/09\/Screenshot_9-9-2025_115724_www.reddit.com_.jpeg\",\"contentUrl\":\"https:\/\/noti-america.com\/site\/principal\/wp-content\/uploads\/sites\/26\/2025\/09\/Screenshot_9-9-2025_115724_www.reddit.com_.jpeg\",\"width\":858,\"height\":573},{\"@type\":\"BreadcrumbList\",\"@id\":\"https:\/\/noti-america.com\/site\/principal\/2025\/09\/09\/ed-sheeran-trasladara-su-residencia-a-estados-unidos\/#breadcrumb\",\"itemListElement\":[{\"@type\":\"ListItem\",\"position\":1,\"name\":\"Portada\",\"item\":\"https:\/\/noti-america.com\/site\/principal\/\"},{\"@type\":\"ListItem\",\"position\":2,\"name\":\"Ed Sheeran trasladar\u00e1 su residencia a Estados Unidos\"}]},{\"@type\":\"WebSite\",\"@id\":\"https:\/\/noti-america.com\/site\/principal\/#website\",\"url\":\"https:\/\/noti-america.com\/site\/principal\/\",\"name\":\"Noti-America.com\",\"description\":\"El Noticiero Digital M\u00e1s Grande de Am\u00e9rica\",\"potentialAction\":[{\"@type\":\"SearchAction\",\"target\":{\"@type\":\"EntryPoint\",\"urlTemplate\":\"https:\/\/noti-america.com\/site\/principal\/?s={search_term_string}\"},\"query-input\":{\"@type\":\"PropertyValueSpecification\",\"valueRequired\":true,\"valueName\":\"search_term_string\"}}],\"inLanguage\":\"es\"},{\"@type\":\"Person\",\"@id\":\"https:\/\/noti-america.com\/site\/principal\/#\/schema\/person\/22806efcc2cfc4b45efb0e17be210ea8\",\"name\":\"Maria Valentina Noguera Medina\",\"image\":{\"@type\":\"ImageObject\",\"inLanguage\":\"es\",\"@id\":\"https:\/\/secure.gravatar.com\/avatar\/4ec5eb9d099f2608a49c9df6f7341f66f04f819cdffa09d56a7a0e91d2819d56?s=96&d=mm&r=g\",\"url\":\"https:\/\/secure.gravatar.com\/avatar\/4ec5eb9d099f2608a49c9df6f7341f66f04f819cdffa09d56a7a0e91d2819d56?s=96&d=mm&r=g\",\"contentUrl\":\"https:\/\/secure.gravatar.com\/avatar\/4ec5eb9d099f2608a49c9df6f7341f66f04f819cdffa09d56a7a0e91d2819d56?s=96&d=mm&r=g\",\"caption\":\"Maria Valentina Noguera Medina\"},\"description\":\"Periodista - noti-america - Promar Community Manager - Talento Plus Dise\u00f1adora\/ creadora de contenido...\",\"sameAs\":[\"Mar\u00eda Valentina Noguera\",\"https:\/\/www.facebook.com\/mariavalentina.noguera\",\"https:\/\/www.linkedin.com\/in\/mara-valentina-noguera-medina-373075165\/\",\"https:\/\/www.pinterest.es\/valentinanoguera95\/\",\"https:\/\/www.youtube.com\/channel\/UCdek6mbUZ-Tqqw0I63i4nmQ\"],\"url\":\"https:\/\/noti-america.com\/site\/principal\/author\/mnoguera\/\"}]}<\/script>\n<!-- \/ Yoast SEO Premium plugin. -->","yoast_head_json":{"title":"Ed Sheeran trasladar\u00e1 su residencia a Estados Unidos - Noti-America.com","robots":{"index":"index","follow":"follow","max-snippet":"max-snippet:-1","max-image-preview":"max-image-preview:large","max-video-preview":"max-video-preview:-1"},"canonical":"https:\/\/noti-america.com\/site\/principal\/2025\/09\/09\/ed-sheeran-trasladara-su-residencia-a-estados-unidos\/","og_locale":"es_ES","og_type":"article","og_title":"Ed Sheeran trasladar\u00e1 su residencia a Estados Unidos","og_description":"NOTI-AMERICA.COM | M\u00c9XICO El cantante brit\u00e1nico Ed Sheeran, que lanzar\u00e1 este viernes su nuevo disco, trasladar\u00e1 su residencia permanente a Estados Unidos debido a la gira que llevar\u00e1 a cabo en el pa\u00eds norteamericano,&#46;&#46;&#46;","og_url":"https:\/\/noti-america.com\/site\/principal\/2025\/09\/09\/ed-sheeran-trasladara-su-residencia-a-estados-unidos\/","og_site_name":"Noti-America.com","article_author":"Mar\u00eda Valentina Noguera","article_published_time":"2025-09-09T19:58:36+00:00","og_image":[{"width":858,"height":573,"url":"https:\/\/noti-america.com\/site\/principal\/wp-content\/uploads\/sites\/26\/2025\/09\/Screenshot_9-9-2025_115724_www.reddit.com_.jpeg","type":"image\/jpeg"}],"author":"Maria Valentina Noguera Medina","twitter_card":"summary_large_image","twitter_misc":{"Escrito por":"Maria Valentina Noguera Medina","Tiempo estimado de lectura":"1 minuto"},"schema":{"@context":"https:\/\/schema.org","@graph":[{"@type":"Article","@id":"https:\/\/noti-america.com\/site\/principal\/2025\/09\/09\/ed-sheeran-trasladara-su-residencia-a-estados-unidos\/#article","isPartOf":{"@id":"https:\/\/noti-america.com\/site\/principal\/2025\/09\/09\/ed-sheeran-trasladara-su-residencia-a-estados-unidos\/"},"author":{"name":"Maria Valentina Noguera Medina","@id":"https:\/\/noti-america.com\/site\/principal\/#\/schema\/person\/22806efcc2cfc4b45efb0e17be210ea8"},"headline":"Ed Sheeran trasladar\u00e1 su residencia a Estados Unidos","datePublished":"2025-09-09T19:58:36+00:00","mainEntityOfPage":{"@id":"https:\/\/noti-america.com\/site\/principal\/2025\/09\/09\/ed-sheeran-trasladara-su-residencia-a-estados-unidos\/"},"wordCount":259,"image":{"@id":"https:\/\/noti-america.com\/site\/principal\/2025\/09\/09\/ed-sheeran-trasladara-su-residencia-a-estados-unidos\/#primaryimage"},"thumbnailUrl":"https:\/\/noti-america.com\/site\/principal\/wp-content\/uploads\/sites\/26\/2025\/09\/Screenshot_9-9-2025_115724_www.reddit.com_.jpeg","articleSection":["Arte y Espect\u00e1culos"],"inLanguage":"es"},{"@type":"WebPage","@id":"https:\/\/noti-america.com\/site\/principal\/2025\/09\/09\/ed-sheeran-trasladara-su-residencia-a-estados-unidos\/","url":"https:\/\/noti-america.com\/site\/principal\/2025\/09\/09\/ed-sheeran-trasladara-su-residencia-a-estados-unidos\/","name":"Ed Sheeran trasladar\u00e1 su residencia a Estados Unidos - Noti-America.com","isPartOf":{"@id":"https:\/\/noti-america.com\/site\/principal\/#website"},"primaryImageOfPage":{"@id":"https:\/\/noti-america.com\/site\/principal\/2025\/09\/09\/ed-sheeran-trasladara-su-residencia-a-estados-unidos\/#primaryimage"},"image":{"@id":"https:\/\/noti-america.com\/site\/principal\/2025\/09\/09\/ed-sheeran-trasladara-su-residencia-a-estados-unidos\/#primaryimage"},"thumbnailUrl":"https:\/\/noti-america.com\/site\/principal\/wp-content\/uploads\/sites\/26\/2025\/09\/Screenshot_9-9-2025_115724_www.reddit.com_.jpeg","datePublished":"2025-09-09T19:58:36+00:00","author":{"@id":"https:\/\/noti-america.com\/site\/principal\/#\/schema\/person\/22806efcc2cfc4b45efb0e17be210ea8"},"breadcrumb":{"@id":"https:\/\/noti-america.com\/site\/principal\/2025\/09\/09\/ed-sheeran-trasladara-su-residencia-a-estados-unidos\/#breadcrumb"},"inLanguage":"es","potentialAction":[{"@type":"ReadAction","target":["https:\/\/noti-america.com\/site\/principal\/2025\/09\/09\/ed-sheeran-trasladara-su-residencia-a-estados-unidos\/"]}]},{"@type":"ImageObject","inLanguage":"es","@id":"https:\/\/noti-america.com\/site\/principal\/2025\/09\/09\/ed-sheeran-trasladara-su-residencia-a-estados-unidos\/#primaryimage","url":"https:\/\/noti-america.com\/site\/principal\/wp-content\/uploads\/sites\/26\/2025\/09\/Screenshot_9-9-2025_115724_www.reddit.com_.jpeg","contentUrl":"https:\/\/noti-america.com\/site\/principal\/wp-content\/uploads\/sites\/26\/2025\/09\/Screenshot_9-9-2025_115724_www.reddit.com_.jpeg","width":858,"height":573},{"@type":"BreadcrumbList","@id":"https:\/\/noti-america.com\/site\/principal\/2025\/09\/09\/ed-sheeran-trasladara-su-residencia-a-estados-unidos\/#breadcrumb","itemListElement":[{"@type":"ListItem","position":1,"name":"Portada","item":"https:\/\/noti-america.com\/site\/principal\/"},{"@type":"ListItem","position":2,"name":"Ed Sheeran trasladar\u00e1 su residencia a Estados Unidos"}]},{"@type":"WebSite","@id":"https:\/\/noti-america.com\/site\/principal\/#website","url":"https:\/\/noti-america.com\/site\/principal\/","name":"Noti-America.com","description":"El Noticiero Digital M\u00e1s Grande de Am\u00e9rica","potentialAction":[{"@type":"SearchAction","target":{"@type":"EntryPoint","urlTemplate":"https:\/\/noti-america.com\/site\/principal\/?s={search_term_string}"},"query-input":{"@type":"PropertyValueSpecification","valueRequired":true,"valueName":"search_term_string"}}],"inLanguage":"es"},{"@type":"Person","@id":"https:\/\/noti-america.com\/site\/principal\/#\/schema\/person\/22806efcc2cfc4b45efb0e17be210ea8","name":"Maria Valentina Noguera Medina","image":{"@type":"ImageObject","inLanguage":"es","@id":"https:\/\/secure.gravatar.com\/avatar\/4ec5eb9d099f2608a49c9df6f7341f66f04f819cdffa09d56a7a0e91d2819d56?s=96&d=mm&r=g","url":"https:\/\/secure.gravatar.com\/avatar\/4ec5eb9d099f2608a49c9df6f7341f66f04f819cdffa09d56a7a0e91d2819d56?s=96&d=mm&r=g","contentUrl":"https:\/\/secure.gravatar.com\/avatar\/4ec5eb9d099f2608a49c9df6f7341f66f04f819cdffa09d56a7a0e91d2819d56?s=96&d=mm&r=g","caption":"Maria Valentina Noguera Medina"},"description":"Periodista - noti-america - Promar Community Manager - Talento Plus Dise\u00f1adora\/ creadora de contenido...","sameAs":["Mar\u00eda Valentina Noguera","https:\/\/www.facebook.com\/mariavalentina.noguera","https:\/\/www.linkedin.com\/in\/mara-valentina-noguera-medina-373075165\/","https:\/\/www.pinterest.es\/valentinanoguera95\/","https:\/\/www.youtube.com\/channel\/UCdek6mbUZ-Tqqw0I63i4nmQ"],"url":"https:\/\/noti-america.com\/site\/principal\/author\/mnoguera\/"}]}},"_links":{"self":[{"href":"https:\/\/noti-america.com\/site\/principal\/wp-json\/wp\/v2\/posts\/73146","targetHints":{"allow":["GET"]}}],"collection":[{"href":"https:\/\/noti-america.com\/site\/principal\/wp-json\/wp\/v2\/posts"}],"about":[{"href":"https:\/\/noti-america.com\/site\/principal\/wp-json\/wp\/v2\/types\/post"}],"author":[{"embeddable":true,"href":"https:\/\/noti-america.com\/site\/principal\/wp-json\/wp\/v2\/users\/133"}],"replies":[{"embeddable":true,"href":"https:\/\/noti-america.com\/site\/principal\/wp-json\/wp\/v2\/comments?post=73146"}],"version-history":[{"count":1,"href":"https:\/\/noti-america.com\/site\/principal\/wp-json\/wp\/v2\/posts\/73146\/revisions"}],"predecessor-version":[{"id":73174,"href":"https:\/\/noti-america.com\/site\/principal\/wp-json\/wp\/v2\/posts\/73146\/revisions\/73174"}],"wp:featuredmedia":[{"embeddable":true,"href":"https:\/\/noti-america.com\/site\/principal\/wp-json\/wp\/v2\/media\/73147"}],"wp:attachment":[{"href":"https:\/\/noti-america.com\/site\/principal\/wp-json\/wp\/v2\/media?parent=73146"}],"wp:term":[{"taxonomy":"category","embeddable":true,"href":"https:\/\/noti-america.com\/site\/principal\/wp-json\/wp\/v2\/categories?post=73146"},{"taxonomy":"post_tag","embeddable":true,"href":"https:\/\/noti-america.com\/site\/principal\/wp-json\/wp\/v2\/tags?post=73146"}],"curies":[{"name":"wp","href":"https:\/\/api.w.org\/{rel}","templated":true}]}}