{"id":70975,"date":"2025-07-29T14:03:59","date_gmt":"2025-07-29T18:03:59","guid":{"rendered":"https:\/\/noti-america.com\/site\/principal\/?p=70975"},"modified":"2025-07-29T14:03:59","modified_gmt":"2025-07-29T18:03:59","slug":"sector-agroturistico-impulsa-desarrollo-productivo-de-la-colonia-tovar","status":"publish","type":"post","link":"https:\/\/noti-america.com\/site\/principal\/2025\/07\/29\/sector-agroturistico-impulsa-desarrollo-productivo-de-la-colonia-tovar\/","title":{"rendered":"Sector agrotur\u00edstico impulsa desarrollo productivo de La Colonia Tovar"},"content":{"rendered":"<p>NOTI-AMERICA.COM | VENEZUELA<\/p>\n<p style=\"text-align: justify\">Una jornada de trabajo orientada al impulso del desarrollo econ\u00f3mico y productivo en el municipio Tovar se realiz\u00f3 con la participaci\u00f3n de m\u00e1s de 100 representantes del sector agrotur\u00edstico y la gobernadora del estado Aragua, Joana S\u00e1nchez.<\/p>\n<p style=\"text-align: justify\">Durante el encuentro se instalaron cinco mesas de trabajo para el abordaje de temas vinculados a la actividad agrotur\u00edstica, como la simplificaci\u00f3n y modernizaci\u00f3n del sistema tributario municipal, el fortalecimiento de los mecanismos de recaudaci\u00f3n, as\u00ed como propuestas para estimular el turismo como motor econ\u00f3mico local enmarcado en la 1T de la Ley de las 7 Transformaciones.<\/p>\n<p style=\"text-align: justify\">En ese sentido, las autoridades presentes coincidieron en la importancia de proyectar el potencial tur\u00edstico de Tovar, en articulaci\u00f3n con las capacidades agr\u00edcolas de la zona, como v\u00eda para diversificar la econom\u00eda y generar nuevas fuentes de empleo.<\/p>\n","protected":false},"excerpt":{"rendered":"<p>NOTI-AMERICA.COM | VENEZUELA Una jornada de trabajo orientada al impulso del desarrollo econ\u00f3mico y productivo en el municipio Tovar se realiz\u00f3 con la participaci\u00f3n de m\u00e1s de 100 representantes del sector agrotur\u00edstico y la&#46;&#46;&#46;<\/p>\n","protected":false},"author":133,"featured_media":70976,"comment_status":"","ping_status":"open","sticky":false,"template":"","format":"image","meta":{"_acf_changed":false,"rop_custom_images_group":[],"rop_custom_messages_group":[],"rop_publish_now":"initial","rop_publish_now_accounts":{"facebook_10219548024599422_1632221337088128":"","twitter_242054905_242054905":""},"rop_publish_now_history":[],"rop_publish_now_status":"pending","footnotes":""},"categories":[5],"tags":[],"class_list":["post-70975","post","type-post","status-publish","format-image","has-post-thumbnail","hentry","category-economia","post_format-post-format-image"],"acf":[],"yoast_head":"<!-- This site is optimized with the Yoast SEO Premium plugin v24.9 (Yoast SEO v27.2) - https:\/\/yoast.com\/product\/yoast-seo-premium-wordpress\/ -->\n<title>Sector agrotur\u00edstico impulsa desarrollo productivo de La Colonia Tovar - Noti-America.com<\/title>\n<meta name=\"robots\" content=\"index, follow, max-snippet:-1, max-image-preview:large, max-video-preview:-1\" \/>\n<link rel=\"canonical\" href=\"https:\/\/noti-america.com\/site\/principal\/2025\/07\/29\/sector-agroturistico-impulsa-desarrollo-productivo-de-la-colonia-tovar\/\" \/>\n<meta property=\"og:locale\" content=\"es_ES\" \/>\n<meta property=\"og:type\" content=\"article\" \/>\n<meta property=\"og:title\" content=\"Sector agrotur\u00edstico impulsa desarrollo productivo de La Colonia Tovar\" \/>\n<meta property=\"og:description\" content=\"NOTI-AMERICA.COM | VENEZUELA Una jornada de trabajo orientada al impulso del desarrollo econ\u00f3mico y productivo en el municipio Tovar se realiz\u00f3 con la participaci\u00f3n de m\u00e1s de 100 representantes del sector agrotur\u00edstico y la&#046;&#046;&#046;\" \/>\n<meta property=\"og:url\" content=\"https:\/\/noti-america.com\/site\/principal\/2025\/07\/29\/sector-agroturistico-impulsa-desarrollo-productivo-de-la-colonia-tovar\/\" \/>\n<meta property=\"og:site_name\" content=\"Noti-America.com\" \/>\n<meta property=\"article:author\" content=\"Mar\u00eda Valentina Noguera\" \/>\n<meta property=\"article:published_time\" content=\"2025-07-29T18:03:59+00:00\" \/>\n<meta property=\"og:image\" content=\"https:\/\/noti-america.com\/site\/principal\/wp-content\/uploads\/sites\/26\/2025\/07\/colonia_tovar_2-76d7db.jpg\" \/>\n\t<meta property=\"og:image:width\" content=\"800\" \/>\n\t<meta property=\"og:image:height\" content=\"500\" \/>\n\t<meta property=\"og:image:type\" content=\"image\/jpeg\" \/>\n<meta name=\"author\" content=\"Maria Valentina Noguera Medina\" \/>\n<meta name=\"twitter:card\" content=\"summary_large_image\" \/>\n<meta name=\"twitter:label1\" content=\"Escrito por\" \/>\n\t<meta name=\"twitter:data1\" content=\"Maria Valentina Noguera Medina\" \/>\n\t<meta name=\"twitter:label2\" content=\"Tiempo estimado de lectura\" \/>\n\t<meta name=\"twitter:data2\" content=\"1 minuto\" \/>\n<script type=\"application\/ld+json\" class=\"yoast-schema-graph\">{\"@context\":\"https:\/\/schema.org\",\"@graph\":[{\"@type\":\"Article\",\"@id\":\"https:\/\/noti-america.com\/site\/principal\/2025\/07\/29\/sector-agroturistico-impulsa-desarrollo-productivo-de-la-colonia-tovar\/#article\",\"isPartOf\":{\"@id\":\"https:\/\/noti-america.com\/site\/principal\/2025\/07\/29\/sector-agroturistico-impulsa-desarrollo-productivo-de-la-colonia-tovar\/\"},\"author\":{\"name\":\"Maria Valentina Noguera Medina\",\"@id\":\"https:\/\/noti-america.com\/site\/principal\/#\/schema\/person\/22806efcc2cfc4b45efb0e17be210ea8\"},\"headline\":\"Sector agrotur\u00edstico impulsa desarrollo productivo de La Colonia Tovar\",\"datePublished\":\"2025-07-29T18:03:59+00:00\",\"mainEntityOfPage\":{\"@id\":\"https:\/\/noti-america.com\/site\/principal\/2025\/07\/29\/sector-agroturistico-impulsa-desarrollo-productivo-de-la-colonia-tovar\/\"},\"wordCount\":158,\"image\":{\"@id\":\"https:\/\/noti-america.com\/site\/principal\/2025\/07\/29\/sector-agroturistico-impulsa-desarrollo-productivo-de-la-colonia-tovar\/#primaryimage\"},\"thumbnailUrl\":\"https:\/\/noti-america.com\/site\/principal\/wp-content\/uploads\/sites\/26\/2025\/07\/colonia_tovar_2-76d7db.jpg\",\"articleSection\":[\"Econom\u00eda\"],\"inLanguage\":\"es\"},{\"@type\":\"WebPage\",\"@id\":\"https:\/\/noti-america.com\/site\/principal\/2025\/07\/29\/sector-agroturistico-impulsa-desarrollo-productivo-de-la-colonia-tovar\/\",\"url\":\"https:\/\/noti-america.com\/site\/principal\/2025\/07\/29\/sector-agroturistico-impulsa-desarrollo-productivo-de-la-colonia-tovar\/\",\"name\":\"Sector agrotur\u00edstico impulsa desarrollo productivo de La Colonia Tovar - Noti-America.com\",\"isPartOf\":{\"@id\":\"https:\/\/noti-america.com\/site\/principal\/#website\"},\"primaryImageOfPage\":{\"@id\":\"https:\/\/noti-america.com\/site\/principal\/2025\/07\/29\/sector-agroturistico-impulsa-desarrollo-productivo-de-la-colonia-tovar\/#primaryimage\"},\"image\":{\"@id\":\"https:\/\/noti-america.com\/site\/principal\/2025\/07\/29\/sector-agroturistico-impulsa-desarrollo-productivo-de-la-colonia-tovar\/#primaryimage\"},\"thumbnailUrl\":\"https:\/\/noti-america.com\/site\/principal\/wp-content\/uploads\/sites\/26\/2025\/07\/colonia_tovar_2-76d7db.jpg\",\"datePublished\":\"2025-07-29T18:03:59+00:00\",\"author\":{\"@id\":\"https:\/\/noti-america.com\/site\/principal\/#\/schema\/person\/22806efcc2cfc4b45efb0e17be210ea8\"},\"breadcrumb\":{\"@id\":\"https:\/\/noti-america.com\/site\/principal\/2025\/07\/29\/sector-agroturistico-impulsa-desarrollo-productivo-de-la-colonia-tovar\/#breadcrumb\"},\"inLanguage\":\"es\",\"potentialAction\":[{\"@type\":\"ReadAction\",\"target\":[\"https:\/\/noti-america.com\/site\/principal\/2025\/07\/29\/sector-agroturistico-impulsa-desarrollo-productivo-de-la-colonia-tovar\/\"]}]},{\"@type\":\"ImageObject\",\"inLanguage\":\"es\",\"@id\":\"https:\/\/noti-america.com\/site\/principal\/2025\/07\/29\/sector-agroturistico-impulsa-desarrollo-productivo-de-la-colonia-tovar\/#primaryimage\",\"url\":\"https:\/\/noti-america.com\/site\/principal\/wp-content\/uploads\/sites\/26\/2025\/07\/colonia_tovar_2-76d7db.jpg\",\"contentUrl\":\"https:\/\/noti-america.com\/site\/principal\/wp-content\/uploads\/sites\/26\/2025\/07\/colonia_tovar_2-76d7db.jpg\",\"width\":800,\"height\":500},{\"@type\":\"BreadcrumbList\",\"@id\":\"https:\/\/noti-america.com\/site\/principal\/2025\/07\/29\/sector-agroturistico-impulsa-desarrollo-productivo-de-la-colonia-tovar\/#breadcrumb\",\"itemListElement\":[{\"@type\":\"ListItem\",\"position\":1,\"name\":\"Portada\",\"item\":\"https:\/\/noti-america.com\/site\/principal\/\"},{\"@type\":\"ListItem\",\"position\":2,\"name\":\"Sector agrotur\u00edstico impulsa desarrollo productivo de La Colonia Tovar\"}]},{\"@type\":\"WebSite\",\"@id\":\"https:\/\/noti-america.com\/site\/principal\/#website\",\"url\":\"https:\/\/noti-america.com\/site\/principal\/\",\"name\":\"Noti-America.com\",\"description\":\"El Noticiero Digital M\u00e1s Grande de Am\u00e9rica\",\"potentialAction\":[{\"@type\":\"SearchAction\",\"target\":{\"@type\":\"EntryPoint\",\"urlTemplate\":\"https:\/\/noti-america.com\/site\/principal\/?s={search_term_string}\"},\"query-input\":{\"@type\":\"PropertyValueSpecification\",\"valueRequired\":true,\"valueName\":\"search_term_string\"}}],\"inLanguage\":\"es\"},{\"@type\":\"Person\",\"@id\":\"https:\/\/noti-america.com\/site\/principal\/#\/schema\/person\/22806efcc2cfc4b45efb0e17be210ea8\",\"name\":\"Maria Valentina Noguera Medina\",\"image\":{\"@type\":\"ImageObject\",\"inLanguage\":\"es\",\"@id\":\"https:\/\/secure.gravatar.com\/avatar\/4ec5eb9d099f2608a49c9df6f7341f66f04f819cdffa09d56a7a0e91d2819d56?s=96&d=mm&r=g\",\"url\":\"https:\/\/secure.gravatar.com\/avatar\/4ec5eb9d099f2608a49c9df6f7341f66f04f819cdffa09d56a7a0e91d2819d56?s=96&d=mm&r=g\",\"contentUrl\":\"https:\/\/secure.gravatar.com\/avatar\/4ec5eb9d099f2608a49c9df6f7341f66f04f819cdffa09d56a7a0e91d2819d56?s=96&d=mm&r=g\",\"caption\":\"Maria Valentina Noguera Medina\"},\"description\":\"Periodista - noti-america - Promar Community Manager - Talento Plus Dise\u00f1adora\/ creadora de contenido...\",\"sameAs\":[\"Mar\u00eda Valentina Noguera\",\"https:\/\/www.facebook.com\/mariavalentina.noguera\",\"https:\/\/www.linkedin.com\/in\/mara-valentina-noguera-medina-373075165\/\",\"https:\/\/www.pinterest.es\/valentinanoguera95\/\",\"https:\/\/www.youtube.com\/channel\/UCdek6mbUZ-Tqqw0I63i4nmQ\"],\"url\":\"https:\/\/noti-america.com\/site\/principal\/author\/mnoguera\/\"}]}<\/script>\n<!-- \/ Yoast SEO Premium plugin. -->","yoast_head_json":{"title":"Sector agrotur\u00edstico impulsa desarrollo productivo de La Colonia Tovar - Noti-America.com","robots":{"index":"index","follow":"follow","max-snippet":"max-snippet:-1","max-image-preview":"max-image-preview:large","max-video-preview":"max-video-preview:-1"},"canonical":"https:\/\/noti-america.com\/site\/principal\/2025\/07\/29\/sector-agroturistico-impulsa-desarrollo-productivo-de-la-colonia-tovar\/","og_locale":"es_ES","og_type":"article","og_title":"Sector agrotur\u00edstico impulsa desarrollo productivo de La Colonia Tovar","og_description":"NOTI-AMERICA.COM | VENEZUELA Una jornada de trabajo orientada al impulso del desarrollo econ\u00f3mico y productivo en el municipio Tovar se realiz\u00f3 con la participaci\u00f3n de m\u00e1s de 100 representantes del sector agrotur\u00edstico y la&#46;&#46;&#46;","og_url":"https:\/\/noti-america.com\/site\/principal\/2025\/07\/29\/sector-agroturistico-impulsa-desarrollo-productivo-de-la-colonia-tovar\/","og_site_name":"Noti-America.com","article_author":"Mar\u00eda Valentina Noguera","article_published_time":"2025-07-29T18:03:59+00:00","og_image":[{"width":800,"height":500,"url":"https:\/\/noti-america.com\/site\/principal\/wp-content\/uploads\/sites\/26\/2025\/07\/colonia_tovar_2-76d7db.jpg","type":"image\/jpeg"}],"author":"Maria Valentina Noguera Medina","twitter_card":"summary_large_image","twitter_misc":{"Escrito por":"Maria Valentina Noguera Medina","Tiempo estimado de lectura":"1 minuto"},"schema":{"@context":"https:\/\/schema.org","@graph":[{"@type":"Article","@id":"https:\/\/noti-america.com\/site\/principal\/2025\/07\/29\/sector-agroturistico-impulsa-desarrollo-productivo-de-la-colonia-tovar\/#article","isPartOf":{"@id":"https:\/\/noti-america.com\/site\/principal\/2025\/07\/29\/sector-agroturistico-impulsa-desarrollo-productivo-de-la-colonia-tovar\/"},"author":{"name":"Maria Valentina Noguera Medina","@id":"https:\/\/noti-america.com\/site\/principal\/#\/schema\/person\/22806efcc2cfc4b45efb0e17be210ea8"},"headline":"Sector agrotur\u00edstico impulsa desarrollo productivo de La Colonia Tovar","datePublished":"2025-07-29T18:03:59+00:00","mainEntityOfPage":{"@id":"https:\/\/noti-america.com\/site\/principal\/2025\/07\/29\/sector-agroturistico-impulsa-desarrollo-productivo-de-la-colonia-tovar\/"},"wordCount":158,"image":{"@id":"https:\/\/noti-america.com\/site\/principal\/2025\/07\/29\/sector-agroturistico-impulsa-desarrollo-productivo-de-la-colonia-tovar\/#primaryimage"},"thumbnailUrl":"https:\/\/noti-america.com\/site\/principal\/wp-content\/uploads\/sites\/26\/2025\/07\/colonia_tovar_2-76d7db.jpg","articleSection":["Econom\u00eda"],"inLanguage":"es"},{"@type":"WebPage","@id":"https:\/\/noti-america.com\/site\/principal\/2025\/07\/29\/sector-agroturistico-impulsa-desarrollo-productivo-de-la-colonia-tovar\/","url":"https:\/\/noti-america.com\/site\/principal\/2025\/07\/29\/sector-agroturistico-impulsa-desarrollo-productivo-de-la-colonia-tovar\/","name":"Sector agrotur\u00edstico impulsa desarrollo productivo de La Colonia Tovar - Noti-America.com","isPartOf":{"@id":"https:\/\/noti-america.com\/site\/principal\/#website"},"primaryImageOfPage":{"@id":"https:\/\/noti-america.com\/site\/principal\/2025\/07\/29\/sector-agroturistico-impulsa-desarrollo-productivo-de-la-colonia-tovar\/#primaryimage"},"image":{"@id":"https:\/\/noti-america.com\/site\/principal\/2025\/07\/29\/sector-agroturistico-impulsa-desarrollo-productivo-de-la-colonia-tovar\/#primaryimage"},"thumbnailUrl":"https:\/\/noti-america.com\/site\/principal\/wp-content\/uploads\/sites\/26\/2025\/07\/colonia_tovar_2-76d7db.jpg","datePublished":"2025-07-29T18:03:59+00:00","author":{"@id":"https:\/\/noti-america.com\/site\/principal\/#\/schema\/person\/22806efcc2cfc4b45efb0e17be210ea8"},"breadcrumb":{"@id":"https:\/\/noti-america.com\/site\/principal\/2025\/07\/29\/sector-agroturistico-impulsa-desarrollo-productivo-de-la-colonia-tovar\/#breadcrumb"},"inLanguage":"es","potentialAction":[{"@type":"ReadAction","target":["https:\/\/noti-america.com\/site\/principal\/2025\/07\/29\/sector-agroturistico-impulsa-desarrollo-productivo-de-la-colonia-tovar\/"]}]},{"@type":"ImageObject","inLanguage":"es","@id":"https:\/\/noti-america.com\/site\/principal\/2025\/07\/29\/sector-agroturistico-impulsa-desarrollo-productivo-de-la-colonia-tovar\/#primaryimage","url":"https:\/\/noti-america.com\/site\/principal\/wp-content\/uploads\/sites\/26\/2025\/07\/colonia_tovar_2-76d7db.jpg","contentUrl":"https:\/\/noti-america.com\/site\/principal\/wp-content\/uploads\/sites\/26\/2025\/07\/colonia_tovar_2-76d7db.jpg","width":800,"height":500},{"@type":"BreadcrumbList","@id":"https:\/\/noti-america.com\/site\/principal\/2025\/07\/29\/sector-agroturistico-impulsa-desarrollo-productivo-de-la-colonia-tovar\/#breadcrumb","itemListElement":[{"@type":"ListItem","position":1,"name":"Portada","item":"https:\/\/noti-america.com\/site\/principal\/"},{"@type":"ListItem","position":2,"name":"Sector agrotur\u00edstico impulsa desarrollo productivo de La Colonia Tovar"}]},{"@type":"WebSite","@id":"https:\/\/noti-america.com\/site\/principal\/#website","url":"https:\/\/noti-america.com\/site\/principal\/","name":"Noti-America.com","description":"El Noticiero Digital M\u00e1s Grande de Am\u00e9rica","potentialAction":[{"@type":"SearchAction","target":{"@type":"EntryPoint","urlTemplate":"https:\/\/noti-america.com\/site\/principal\/?s={search_term_string}"},"query-input":{"@type":"PropertyValueSpecification","valueRequired":true,"valueName":"search_term_string"}}],"inLanguage":"es"},{"@type":"Person","@id":"https:\/\/noti-america.com\/site\/principal\/#\/schema\/person\/22806efcc2cfc4b45efb0e17be210ea8","name":"Maria Valentina Noguera Medina","image":{"@type":"ImageObject","inLanguage":"es","@id":"https:\/\/secure.gravatar.com\/avatar\/4ec5eb9d099f2608a49c9df6f7341f66f04f819cdffa09d56a7a0e91d2819d56?s=96&d=mm&r=g","url":"https:\/\/secure.gravatar.com\/avatar\/4ec5eb9d099f2608a49c9df6f7341f66f04f819cdffa09d56a7a0e91d2819d56?s=96&d=mm&r=g","contentUrl":"https:\/\/secure.gravatar.com\/avatar\/4ec5eb9d099f2608a49c9df6f7341f66f04f819cdffa09d56a7a0e91d2819d56?s=96&d=mm&r=g","caption":"Maria Valentina Noguera Medina"},"description":"Periodista - noti-america - Promar Community Manager - Talento Plus Dise\u00f1adora\/ creadora de contenido...","sameAs":["Mar\u00eda Valentina Noguera","https:\/\/www.facebook.com\/mariavalentina.noguera","https:\/\/www.linkedin.com\/in\/mara-valentina-noguera-medina-373075165\/","https:\/\/www.pinterest.es\/valentinanoguera95\/","https:\/\/www.youtube.com\/channel\/UCdek6mbUZ-Tqqw0I63i4nmQ"],"url":"https:\/\/noti-america.com\/site\/principal\/author\/mnoguera\/"}]}},"_links":{"self":[{"href":"https:\/\/noti-america.com\/site\/principal\/wp-json\/wp\/v2\/posts\/70975","targetHints":{"allow":["GET"]}}],"collection":[{"href":"https:\/\/noti-america.com\/site\/principal\/wp-json\/wp\/v2\/posts"}],"about":[{"href":"https:\/\/noti-america.com\/site\/principal\/wp-json\/wp\/v2\/types\/post"}],"author":[{"embeddable":true,"href":"https:\/\/noti-america.com\/site\/principal\/wp-json\/wp\/v2\/users\/133"}],"replies":[{"embeddable":true,"href":"https:\/\/noti-america.com\/site\/principal\/wp-json\/wp\/v2\/comments?post=70975"}],"version-history":[{"count":1,"href":"https:\/\/noti-america.com\/site\/principal\/wp-json\/wp\/v2\/posts\/70975\/revisions"}],"predecessor-version":[{"id":71008,"href":"https:\/\/noti-america.com\/site\/principal\/wp-json\/wp\/v2\/posts\/70975\/revisions\/71008"}],"wp:featuredmedia":[{"embeddable":true,"href":"https:\/\/noti-america.com\/site\/principal\/wp-json\/wp\/v2\/media\/70976"}],"wp:attachment":[{"href":"https:\/\/noti-america.com\/site\/principal\/wp-json\/wp\/v2\/media?parent=70975"}],"wp:term":[{"taxonomy":"category","embeddable":true,"href":"https:\/\/noti-america.com\/site\/principal\/wp-json\/wp\/v2\/categories?post=70975"},{"taxonomy":"post_tag","embeddable":true,"href":"https:\/\/noti-america.com\/site\/principal\/wp-json\/wp\/v2\/tags?post=70975"}],"curies":[{"name":"wp","href":"https:\/\/api.w.org\/{rel}","templated":true}]}}