{"id":70677,"date":"2025-07-22T13:25:38","date_gmt":"2025-07-22T17:25:38","guid":{"rendered":"https:\/\/noti-america.com\/site\/principal\/?p=70677"},"modified":"2025-07-22T13:25:38","modified_gmt":"2025-07-22T17:25:38","slug":"ejecutivo-nacional-establece-precios-justos-para-los-productores-de-cafe","status":"publish","type":"post","link":"https:\/\/noti-america.com\/site\/principal\/2025\/07\/22\/ejecutivo-nacional-establece-precios-justos-para-los-productores-de-cafe\/","title":{"rendered":"Ejecutivo nacional establece precios justos para los productores de caf\u00e9"},"content":{"rendered":"<p>NOTI-AMERICA.COM | VENEZUELA<\/p>\n<p style=\"text-align: justify\">El Ejecutivo nacional anunci\u00f3 que se establecieron \u00abprecios justos\u00bb para los productores de caf\u00e9. Aunque no detall\u00f3 sobre los montos que recibir\u00e1n los caficultores por la producci\u00f3n, la vicepresidenta Ejecutiva, Delcy Rodr\u00edguez inform\u00f3 que con esto se estima fortalecer la econom\u00eda productiva del pa\u00eds.<\/p>\n<p style=\"text-align: justify\">Rodr\u00edguez explic\u00f3 que esta medida se aplica para corregir desequilibrios en la cadena de comercializaci\u00f3n del caf\u00e9. Apunt\u00f3 que los productores no reciben una remuneraci\u00f3n adecuada por su trabajo.<\/p>\n<p style=\"text-align: justify\">\u201cEl presidente Maduro nos instruy\u00f3 a garantizar precios justos para los cafetaleros, porque la industria no estaba pagando lo que correspond\u00eda\u201d, dijo.<\/p>\n<p style=\"text-align: justify\">En ese sentido, la alta funcionaria inform\u00f3 que se instalaron mesas de trabajo en las que se acordaron precios equitativos.<\/p>\n<p style=\"text-align: justify\">Tambi\u00e9n se prev\u00e9 establecer un proceso de comercializaci\u00f3n directa entre el productor y el usuario, con la eliminaci\u00f3n de intermediarios. Dijo que esto permitir\u00e1 conectar directamente las producciones con el consumidor, para fortalecer el abastecimiento nacional.<\/p>\n","protected":false},"excerpt":{"rendered":"<p>NOTI-AMERICA.COM | VENEZUELA El Ejecutivo nacional anunci\u00f3 que se establecieron \u00abprecios justos\u00bb para los productores de caf\u00e9. Aunque no detall\u00f3 sobre los montos que recibir\u00e1n los caficultores por la producci\u00f3n, la vicepresidenta Ejecutiva, Delcy&#46;&#46;&#46;<\/p>\n","protected":false},"author":133,"featured_media":70678,"comment_status":"","ping_status":"open","sticky":false,"template":"","format":"image","meta":{"_acf_changed":false,"rop_custom_images_group":[],"rop_custom_messages_group":[],"rop_publish_now":"initial","rop_publish_now_accounts":{"facebook_10219548024599422_1632221337088128":"","twitter_242054905_242054905":""},"rop_publish_now_history":[],"rop_publish_now_status":"pending","footnotes":""},"categories":[5],"tags":[],"class_list":["post-70677","post","type-post","status-publish","format-image","has-post-thumbnail","hentry","category-economia","post_format-post-format-image"],"acf":[],"yoast_head":"<!-- This site is optimized with the Yoast SEO Premium plugin v24.9 (Yoast SEO v27.2) - https:\/\/yoast.com\/product\/yoast-seo-premium-wordpress\/ -->\n<title>Ejecutivo nacional establece precios justos para los productores de caf\u00e9 - Noti-America.com<\/title>\n<meta name=\"robots\" content=\"index, follow, max-snippet:-1, max-image-preview:large, max-video-preview:-1\" \/>\n<link rel=\"canonical\" href=\"https:\/\/noti-america.com\/site\/principal\/2025\/07\/22\/ejecutivo-nacional-establece-precios-justos-para-los-productores-de-cafe\/\" \/>\n<meta property=\"og:locale\" content=\"es_ES\" \/>\n<meta property=\"og:type\" content=\"article\" \/>\n<meta property=\"og:title\" content=\"Ejecutivo nacional establece precios justos para los productores de caf\u00e9\" \/>\n<meta property=\"og:description\" content=\"NOTI-AMERICA.COM | VENEZUELA El Ejecutivo nacional anunci\u00f3 que se establecieron \u00abprecios justos\u00bb para los productores de caf\u00e9. Aunque no detall\u00f3 sobre los montos que recibir\u00e1n los caficultores por la producci\u00f3n, la vicepresidenta Ejecutiva, Delcy&#046;&#046;&#046;\" \/>\n<meta property=\"og:url\" content=\"https:\/\/noti-america.com\/site\/principal\/2025\/07\/22\/ejecutivo-nacional-establece-precios-justos-para-los-productores-de-cafe\/\" \/>\n<meta property=\"og:site_name\" content=\"Noti-America.com\" \/>\n<meta property=\"article:author\" content=\"Mar\u00eda Valentina Noguera\" \/>\n<meta property=\"article:published_time\" content=\"2025-07-22T17:25:38+00:00\" \/>\n<meta property=\"og:image\" content=\"https:\/\/noti-america.com\/site\/principal\/wp-content\/uploads\/sites\/26\/2025\/07\/tsize_600x400_cafe-e1715639438794-336c21.jpg\" \/>\n\t<meta property=\"og:image:width\" content=\"800\" \/>\n\t<meta property=\"og:image:height\" content=\"500\" \/>\n\t<meta property=\"og:image:type\" content=\"image\/jpeg\" \/>\n<meta name=\"author\" content=\"Maria Valentina Noguera Medina\" \/>\n<meta name=\"twitter:card\" content=\"summary_large_image\" \/>\n<meta name=\"twitter:label1\" content=\"Escrito por\" \/>\n\t<meta name=\"twitter:data1\" content=\"Maria Valentina Noguera Medina\" \/>\n\t<meta name=\"twitter:label2\" content=\"Tiempo estimado de lectura\" \/>\n\t<meta name=\"twitter:data2\" content=\"1 minuto\" \/>\n<script type=\"application\/ld+json\" class=\"yoast-schema-graph\">{\"@context\":\"https:\/\/schema.org\",\"@graph\":[{\"@type\":\"Article\",\"@id\":\"https:\/\/noti-america.com\/site\/principal\/2025\/07\/22\/ejecutivo-nacional-establece-precios-justos-para-los-productores-de-cafe\/#article\",\"isPartOf\":{\"@id\":\"https:\/\/noti-america.com\/site\/principal\/2025\/07\/22\/ejecutivo-nacional-establece-precios-justos-para-los-productores-de-cafe\/\"},\"author\":{\"name\":\"Maria Valentina Noguera Medina\",\"@id\":\"https:\/\/noti-america.com\/site\/principal\/#\/schema\/person\/22806efcc2cfc4b45efb0e17be210ea8\"},\"headline\":\"Ejecutivo nacional establece precios justos para los productores de caf\u00e9\",\"datePublished\":\"2025-07-22T17:25:38+00:00\",\"mainEntityOfPage\":{\"@id\":\"https:\/\/noti-america.com\/site\/principal\/2025\/07\/22\/ejecutivo-nacional-establece-precios-justos-para-los-productores-de-cafe\/\"},\"wordCount\":176,\"image\":{\"@id\":\"https:\/\/noti-america.com\/site\/principal\/2025\/07\/22\/ejecutivo-nacional-establece-precios-justos-para-los-productores-de-cafe\/#primaryimage\"},\"thumbnailUrl\":\"https:\/\/noti-america.com\/site\/principal\/wp-content\/uploads\/sites\/26\/2025\/07\/tsize_600x400_cafe-e1715639438794-336c21.jpg\",\"articleSection\":[\"Econom\u00eda\"],\"inLanguage\":\"es\"},{\"@type\":\"WebPage\",\"@id\":\"https:\/\/noti-america.com\/site\/principal\/2025\/07\/22\/ejecutivo-nacional-establece-precios-justos-para-los-productores-de-cafe\/\",\"url\":\"https:\/\/noti-america.com\/site\/principal\/2025\/07\/22\/ejecutivo-nacional-establece-precios-justos-para-los-productores-de-cafe\/\",\"name\":\"Ejecutivo nacional establece precios justos para los productores de caf\u00e9 - Noti-America.com\",\"isPartOf\":{\"@id\":\"https:\/\/noti-america.com\/site\/principal\/#website\"},\"primaryImageOfPage\":{\"@id\":\"https:\/\/noti-america.com\/site\/principal\/2025\/07\/22\/ejecutivo-nacional-establece-precios-justos-para-los-productores-de-cafe\/#primaryimage\"},\"image\":{\"@id\":\"https:\/\/noti-america.com\/site\/principal\/2025\/07\/22\/ejecutivo-nacional-establece-precios-justos-para-los-productores-de-cafe\/#primaryimage\"},\"thumbnailUrl\":\"https:\/\/noti-america.com\/site\/principal\/wp-content\/uploads\/sites\/26\/2025\/07\/tsize_600x400_cafe-e1715639438794-336c21.jpg\",\"datePublished\":\"2025-07-22T17:25:38+00:00\",\"author\":{\"@id\":\"https:\/\/noti-america.com\/site\/principal\/#\/schema\/person\/22806efcc2cfc4b45efb0e17be210ea8\"},\"breadcrumb\":{\"@id\":\"https:\/\/noti-america.com\/site\/principal\/2025\/07\/22\/ejecutivo-nacional-establece-precios-justos-para-los-productores-de-cafe\/#breadcrumb\"},\"inLanguage\":\"es\",\"potentialAction\":[{\"@type\":\"ReadAction\",\"target\":[\"https:\/\/noti-america.com\/site\/principal\/2025\/07\/22\/ejecutivo-nacional-establece-precios-justos-para-los-productores-de-cafe\/\"]}]},{\"@type\":\"ImageObject\",\"inLanguage\":\"es\",\"@id\":\"https:\/\/noti-america.com\/site\/principal\/2025\/07\/22\/ejecutivo-nacional-establece-precios-justos-para-los-productores-de-cafe\/#primaryimage\",\"url\":\"https:\/\/noti-america.com\/site\/principal\/wp-content\/uploads\/sites\/26\/2025\/07\/tsize_600x400_cafe-e1715639438794-336c21.jpg\",\"contentUrl\":\"https:\/\/noti-america.com\/site\/principal\/wp-content\/uploads\/sites\/26\/2025\/07\/tsize_600x400_cafe-e1715639438794-336c21.jpg\",\"width\":800,\"height\":500},{\"@type\":\"BreadcrumbList\",\"@id\":\"https:\/\/noti-america.com\/site\/principal\/2025\/07\/22\/ejecutivo-nacional-establece-precios-justos-para-los-productores-de-cafe\/#breadcrumb\",\"itemListElement\":[{\"@type\":\"ListItem\",\"position\":1,\"name\":\"Portada\",\"item\":\"https:\/\/noti-america.com\/site\/principal\/\"},{\"@type\":\"ListItem\",\"position\":2,\"name\":\"Ejecutivo nacional establece precios justos para los productores de caf\u00e9\"}]},{\"@type\":\"WebSite\",\"@id\":\"https:\/\/noti-america.com\/site\/principal\/#website\",\"url\":\"https:\/\/noti-america.com\/site\/principal\/\",\"name\":\"Noti-America.com\",\"description\":\"El Noticiero Digital M\u00e1s Grande de Am\u00e9rica\",\"potentialAction\":[{\"@type\":\"SearchAction\",\"target\":{\"@type\":\"EntryPoint\",\"urlTemplate\":\"https:\/\/noti-america.com\/site\/principal\/?s={search_term_string}\"},\"query-input\":{\"@type\":\"PropertyValueSpecification\",\"valueRequired\":true,\"valueName\":\"search_term_string\"}}],\"inLanguage\":\"es\"},{\"@type\":\"Person\",\"@id\":\"https:\/\/noti-america.com\/site\/principal\/#\/schema\/person\/22806efcc2cfc4b45efb0e17be210ea8\",\"name\":\"Maria Valentina Noguera Medina\",\"image\":{\"@type\":\"ImageObject\",\"inLanguage\":\"es\",\"@id\":\"https:\/\/secure.gravatar.com\/avatar\/4ec5eb9d099f2608a49c9df6f7341f66f04f819cdffa09d56a7a0e91d2819d56?s=96&d=mm&r=g\",\"url\":\"https:\/\/secure.gravatar.com\/avatar\/4ec5eb9d099f2608a49c9df6f7341f66f04f819cdffa09d56a7a0e91d2819d56?s=96&d=mm&r=g\",\"contentUrl\":\"https:\/\/secure.gravatar.com\/avatar\/4ec5eb9d099f2608a49c9df6f7341f66f04f819cdffa09d56a7a0e91d2819d56?s=96&d=mm&r=g\",\"caption\":\"Maria Valentina Noguera Medina\"},\"description\":\"Periodista - noti-america - Promar Community Manager - Talento Plus Dise\u00f1adora\/ creadora de contenido...\",\"sameAs\":[\"Mar\u00eda Valentina Noguera\",\"https:\/\/www.facebook.com\/mariavalentina.noguera\",\"https:\/\/www.linkedin.com\/in\/mara-valentina-noguera-medina-373075165\/\",\"https:\/\/www.pinterest.es\/valentinanoguera95\/\",\"https:\/\/www.youtube.com\/channel\/UCdek6mbUZ-Tqqw0I63i4nmQ\"],\"url\":\"https:\/\/noti-america.com\/site\/principal\/author\/mnoguera\/\"}]}<\/script>\n<!-- \/ Yoast SEO Premium plugin. -->","yoast_head_json":{"title":"Ejecutivo nacional establece precios justos para los productores de caf\u00e9 - Noti-America.com","robots":{"index":"index","follow":"follow","max-snippet":"max-snippet:-1","max-image-preview":"max-image-preview:large","max-video-preview":"max-video-preview:-1"},"canonical":"https:\/\/noti-america.com\/site\/principal\/2025\/07\/22\/ejecutivo-nacional-establece-precios-justos-para-los-productores-de-cafe\/","og_locale":"es_ES","og_type":"article","og_title":"Ejecutivo nacional establece precios justos para los productores de caf\u00e9","og_description":"NOTI-AMERICA.COM | VENEZUELA El Ejecutivo nacional anunci\u00f3 que se establecieron \u00abprecios justos\u00bb para los productores de caf\u00e9. Aunque no detall\u00f3 sobre los montos que recibir\u00e1n los caficultores por la producci\u00f3n, la vicepresidenta Ejecutiva, Delcy&#46;&#46;&#46;","og_url":"https:\/\/noti-america.com\/site\/principal\/2025\/07\/22\/ejecutivo-nacional-establece-precios-justos-para-los-productores-de-cafe\/","og_site_name":"Noti-America.com","article_author":"Mar\u00eda Valentina Noguera","article_published_time":"2025-07-22T17:25:38+00:00","og_image":[{"width":800,"height":500,"url":"https:\/\/noti-america.com\/site\/principal\/wp-content\/uploads\/sites\/26\/2025\/07\/tsize_600x400_cafe-e1715639438794-336c21.jpg","type":"image\/jpeg"}],"author":"Maria Valentina Noguera Medina","twitter_card":"summary_large_image","twitter_misc":{"Escrito por":"Maria Valentina Noguera Medina","Tiempo estimado de lectura":"1 minuto"},"schema":{"@context":"https:\/\/schema.org","@graph":[{"@type":"Article","@id":"https:\/\/noti-america.com\/site\/principal\/2025\/07\/22\/ejecutivo-nacional-establece-precios-justos-para-los-productores-de-cafe\/#article","isPartOf":{"@id":"https:\/\/noti-america.com\/site\/principal\/2025\/07\/22\/ejecutivo-nacional-establece-precios-justos-para-los-productores-de-cafe\/"},"author":{"name":"Maria Valentina Noguera Medina","@id":"https:\/\/noti-america.com\/site\/principal\/#\/schema\/person\/22806efcc2cfc4b45efb0e17be210ea8"},"headline":"Ejecutivo nacional establece precios justos para los productores de caf\u00e9","datePublished":"2025-07-22T17:25:38+00:00","mainEntityOfPage":{"@id":"https:\/\/noti-america.com\/site\/principal\/2025\/07\/22\/ejecutivo-nacional-establece-precios-justos-para-los-productores-de-cafe\/"},"wordCount":176,"image":{"@id":"https:\/\/noti-america.com\/site\/principal\/2025\/07\/22\/ejecutivo-nacional-establece-precios-justos-para-los-productores-de-cafe\/#primaryimage"},"thumbnailUrl":"https:\/\/noti-america.com\/site\/principal\/wp-content\/uploads\/sites\/26\/2025\/07\/tsize_600x400_cafe-e1715639438794-336c21.jpg","articleSection":["Econom\u00eda"],"inLanguage":"es"},{"@type":"WebPage","@id":"https:\/\/noti-america.com\/site\/principal\/2025\/07\/22\/ejecutivo-nacional-establece-precios-justos-para-los-productores-de-cafe\/","url":"https:\/\/noti-america.com\/site\/principal\/2025\/07\/22\/ejecutivo-nacional-establece-precios-justos-para-los-productores-de-cafe\/","name":"Ejecutivo nacional establece precios justos para los productores de caf\u00e9 - Noti-America.com","isPartOf":{"@id":"https:\/\/noti-america.com\/site\/principal\/#website"},"primaryImageOfPage":{"@id":"https:\/\/noti-america.com\/site\/principal\/2025\/07\/22\/ejecutivo-nacional-establece-precios-justos-para-los-productores-de-cafe\/#primaryimage"},"image":{"@id":"https:\/\/noti-america.com\/site\/principal\/2025\/07\/22\/ejecutivo-nacional-establece-precios-justos-para-los-productores-de-cafe\/#primaryimage"},"thumbnailUrl":"https:\/\/noti-america.com\/site\/principal\/wp-content\/uploads\/sites\/26\/2025\/07\/tsize_600x400_cafe-e1715639438794-336c21.jpg","datePublished":"2025-07-22T17:25:38+00:00","author":{"@id":"https:\/\/noti-america.com\/site\/principal\/#\/schema\/person\/22806efcc2cfc4b45efb0e17be210ea8"},"breadcrumb":{"@id":"https:\/\/noti-america.com\/site\/principal\/2025\/07\/22\/ejecutivo-nacional-establece-precios-justos-para-los-productores-de-cafe\/#breadcrumb"},"inLanguage":"es","potentialAction":[{"@type":"ReadAction","target":["https:\/\/noti-america.com\/site\/principal\/2025\/07\/22\/ejecutivo-nacional-establece-precios-justos-para-los-productores-de-cafe\/"]}]},{"@type":"ImageObject","inLanguage":"es","@id":"https:\/\/noti-america.com\/site\/principal\/2025\/07\/22\/ejecutivo-nacional-establece-precios-justos-para-los-productores-de-cafe\/#primaryimage","url":"https:\/\/noti-america.com\/site\/principal\/wp-content\/uploads\/sites\/26\/2025\/07\/tsize_600x400_cafe-e1715639438794-336c21.jpg","contentUrl":"https:\/\/noti-america.com\/site\/principal\/wp-content\/uploads\/sites\/26\/2025\/07\/tsize_600x400_cafe-e1715639438794-336c21.jpg","width":800,"height":500},{"@type":"BreadcrumbList","@id":"https:\/\/noti-america.com\/site\/principal\/2025\/07\/22\/ejecutivo-nacional-establece-precios-justos-para-los-productores-de-cafe\/#breadcrumb","itemListElement":[{"@type":"ListItem","position":1,"name":"Portada","item":"https:\/\/noti-america.com\/site\/principal\/"},{"@type":"ListItem","position":2,"name":"Ejecutivo nacional establece precios justos para los productores de caf\u00e9"}]},{"@type":"WebSite","@id":"https:\/\/noti-america.com\/site\/principal\/#website","url":"https:\/\/noti-america.com\/site\/principal\/","name":"Noti-America.com","description":"El Noticiero Digital M\u00e1s Grande de Am\u00e9rica","potentialAction":[{"@type":"SearchAction","target":{"@type":"EntryPoint","urlTemplate":"https:\/\/noti-america.com\/site\/principal\/?s={search_term_string}"},"query-input":{"@type":"PropertyValueSpecification","valueRequired":true,"valueName":"search_term_string"}}],"inLanguage":"es"},{"@type":"Person","@id":"https:\/\/noti-america.com\/site\/principal\/#\/schema\/person\/22806efcc2cfc4b45efb0e17be210ea8","name":"Maria Valentina Noguera Medina","image":{"@type":"ImageObject","inLanguage":"es","@id":"https:\/\/secure.gravatar.com\/avatar\/4ec5eb9d099f2608a49c9df6f7341f66f04f819cdffa09d56a7a0e91d2819d56?s=96&d=mm&r=g","url":"https:\/\/secure.gravatar.com\/avatar\/4ec5eb9d099f2608a49c9df6f7341f66f04f819cdffa09d56a7a0e91d2819d56?s=96&d=mm&r=g","contentUrl":"https:\/\/secure.gravatar.com\/avatar\/4ec5eb9d099f2608a49c9df6f7341f66f04f819cdffa09d56a7a0e91d2819d56?s=96&d=mm&r=g","caption":"Maria Valentina Noguera Medina"},"description":"Periodista - noti-america - Promar Community Manager - Talento Plus Dise\u00f1adora\/ creadora de contenido...","sameAs":["Mar\u00eda Valentina Noguera","https:\/\/www.facebook.com\/mariavalentina.noguera","https:\/\/www.linkedin.com\/in\/mara-valentina-noguera-medina-373075165\/","https:\/\/www.pinterest.es\/valentinanoguera95\/","https:\/\/www.youtube.com\/channel\/UCdek6mbUZ-Tqqw0I63i4nmQ"],"url":"https:\/\/noti-america.com\/site\/principal\/author\/mnoguera\/"}]}},"_links":{"self":[{"href":"https:\/\/noti-america.com\/site\/principal\/wp-json\/wp\/v2\/posts\/70677","targetHints":{"allow":["GET"]}}],"collection":[{"href":"https:\/\/noti-america.com\/site\/principal\/wp-json\/wp\/v2\/posts"}],"about":[{"href":"https:\/\/noti-america.com\/site\/principal\/wp-json\/wp\/v2\/types\/post"}],"author":[{"embeddable":true,"href":"https:\/\/noti-america.com\/site\/principal\/wp-json\/wp\/v2\/users\/133"}],"replies":[{"embeddable":true,"href":"https:\/\/noti-america.com\/site\/principal\/wp-json\/wp\/v2\/comments?post=70677"}],"version-history":[{"count":1,"href":"https:\/\/noti-america.com\/site\/principal\/wp-json\/wp\/v2\/posts\/70677\/revisions"}],"predecessor-version":[{"id":70710,"href":"https:\/\/noti-america.com\/site\/principal\/wp-json\/wp\/v2\/posts\/70677\/revisions\/70710"}],"wp:featuredmedia":[{"embeddable":true,"href":"https:\/\/noti-america.com\/site\/principal\/wp-json\/wp\/v2\/media\/70678"}],"wp:attachment":[{"href":"https:\/\/noti-america.com\/site\/principal\/wp-json\/wp\/v2\/media?parent=70677"}],"wp:term":[{"taxonomy":"category","embeddable":true,"href":"https:\/\/noti-america.com\/site\/principal\/wp-json\/wp\/v2\/categories?post=70677"},{"taxonomy":"post_tag","embeddable":true,"href":"https:\/\/noti-america.com\/site\/principal\/wp-json\/wp\/v2\/tags?post=70677"}],"curies":[{"name":"wp","href":"https:\/\/api.w.org\/{rel}","templated":true}]}}