{"id":68661,"date":"2025-06-14T14:05:54","date_gmt":"2025-06-14T18:05:54","guid":{"rendered":"https:\/\/noti-america.com\/site\/principal\/?p=68661"},"modified":"2025-06-14T14:05:54","modified_gmt":"2025-06-14T18:05:54","slug":"rey-carlos-iii-nombra-caballero-a-david-beckham","status":"publish","type":"post","link":"https:\/\/noti-america.com\/site\/principal\/2025\/06\/14\/rey-carlos-iii-nombra-caballero-a-david-beckham\/","title":{"rendered":"Rey Carlos III nombra caballero a David Beckham"},"content":{"rendered":"<p>NOTI-AMERICA.COM | ESPA\u00d1A<\/p>\n<p style=\"text-align: justify\">Ya puede ser llamado \u00abSir\u00bb: el ex futbolista David Beckham fue nombrado caballero por el rey Carlos III, una distinci\u00f3n nobiliaria para agradecer sus servicios a la sociedad brit\u00e1nica, seg\u00fan la lista publicada este viernes.<\/p>\n<p style=\"text-align: justify\">El monarca brit\u00e1nico incluy\u00f3 tambi\u00e9n en sus distinciones a otras dos celebridades: el actor Gary Oldman y el cantante Roger Daltrey, del grupo The Who.<\/p>\n<p style=\"text-align: justify\">\u00abNunca hubiera podido imaginar que recibir tal honor\u00bb, reaccion\u00f3 David Beckham, que creci\u00f3 en un entorno humilde del este de Londres, con \u00abpadres y abuelos patriotas y orgullosos de ser brit\u00e1nicos\u00bb, seg\u00fan \u00e9l mismo relat\u00f3.<\/p>\n<p style=\"text-align: justify\">El ex futbolista de 50 a\u00f1os, que se retir\u00f3 en 2013, y su esposa Victoria Beckham, dise\u00f1adora de moda y ex integrante del grupo musical Spice Girls, se convierten ahora en Sir David y Lady Victoria.<\/p>\n<p style=\"text-align: justify\">David Beckham, un icono del f\u00fatbol pero tambi\u00e9n de la moda, es condecorado como caballero por sus servicios al deporte y su colaboraci\u00f3n con organizaciones caritativas. El ex capit\u00e1n de la Selecci\u00f3n Inglesa ha colaborado con Unicef y con campa\u00f1as de Malaria No More, una organizaci\u00f3n que trabaja por la erradicaci\u00f3n del paludismo.<\/p>\n<p style=\"text-align: justify\">En junio de 2024, el rey Carlos III lo nombr\u00f3 oficialmente embajador de su fundaci\u00f3n (King&#8217;s Foundation).<\/p>\n<p style=\"text-align: justify\">La pareja Beckham ha estado cerca de la realeza brit\u00e1nica en los \u00faltimos a\u00f1os. Estuvieron invitados al matrimonio del pr\u00edncipe William y Kate Middleton en 2011, as\u00ed como al posterior del pr\u00edncipe Harry y Meghan Markle en 2018.<\/p>\n<p style=\"text-align: justify\">David Beckham fue elevado este viernes al rango de caballero por el rey Carlos III, una de las m\u00e1s altas distinciones en el Reino Unido, tras a\u00f1os de esfuerzos por trascender su estatus de estrella del f\u00fatbol, convirti\u00e9ndose en un icono mundial tambi\u00e9n en la moda y los negocios.<\/p>\n<p style=\"text-align: justify\">Es el \u00e9xito de un proyecto de vida emprendido junto a su esposa Victoria, otra emblem\u00e1tica celebridad por su pasado como cantante del grupo Spice Girls y su labor como dise\u00f1adora de moda.<\/p>\n<p style=\"text-align: justify\">Esta condecoraci\u00f3n \u00abtiene un componente simb\u00f3lico importante\u00bb, dijo a la AFP Marie-Agn\u00e8s Parmentier, profesora de marketing en la Universidad de Montreal y autora de varios trabajos de investigaci\u00f3n sobre la pareja, que a partir de ahora pueden ser llamados Sir David y Lady Victoria.<\/p>\n<p style=\"text-align: justify\">\u00abRefuerza su imagen de hombre respetable, comprometido, y ante todo, brit\u00e1nico\u00bb, a\u00f1ade.<\/p>\n<p style=\"text-align: justify\">A m\u00e1s o menos largo plazo, este t\u00edtulo de caballero podr\u00eda significar para el exfutbolista de 50 a\u00f1os nuevas oportunidades \u00abespecialmente en las esferas diplom\u00e1ticas, caritativas o pol\u00edticas\u00bb, subraya Parmentier.<\/p>\n<p style=\"text-align: justify\">Desde su retirada deportiva en 2013, el ex jugador de Manchester United, Real Madrid y Paris Saint-Germain, David Beckham emprendi\u00f3 con \u00e9xito una labor de diversificaci\u00f3n profesional. Ya antes de colgar los tenis hab\u00eda empezado a dise\u00f1ar c\u00f3mo iba a ser su vida post-futbol.<\/p>\n<p>\u00abSab\u00eda que mi carrera tendr\u00eda un final y quer\u00eda preparar el terreno para la carrera que ven\u00eda despu\u00e9s\u00bb, explicaba \u00e9l mismo en la serie documental Beckham de Netflix.<\/p>\n<p style=\"text-align: justify\">De manera paralela a sus actuaciones en el c\u00e9sped, Beckham se convirti\u00f3 en una m\u00e1quina de cerrar contratos publicitarios con marcas de ropa y de productos de belleza, consolid\u00e1ndose como un embajador perfecto de las firmas e incluso como un pionero entre los deportistas de \u00e9lite en el mundo de la moda.<\/p>\n<p style=\"text-align: justify\">Gracias a esos pilares colocados hace tres d\u00e9cadas, Beckham ha podido construir el rascacielos que es actualmente. A finales de abril present\u00f3 su primera colecci\u00f3n para la marca Hugo Boss.<\/p>\n<p style=\"text-align: justify\">Es tambi\u00e9n copropietario del Inter Miami, club de futbol estadounidense donde juega actualmente Lionel Messi y participante en el Mundial de Clubes.<br \/>\nTambi\u00e9n es cofundador del estudio de producci\u00f3n 99 y es embajador de Unicef desde hace 20 a\u00f1os.<\/p>\n<p style=\"text-align: justify\">Esas actividades son las que le permiten tener la reputaci\u00f3n actual, seg\u00fan el soci\u00f3logo Ellis Cashmore, ya que \u00abno solo es conocido por su futbol, tambi\u00e9n por ser Beckham, la marca\u00bb, sostiene.<\/p>\n<p style=\"text-align: justify\">Una marca que pesa unos 500 millones de libras esterlinas (678 millones de d\u00f3lares), seg\u00fan la clasificaci\u00f3n de 2025 del diario The Times.<\/p>\n<p style=\"text-align: justify\">La realizaci\u00f3n de la docuserie de Netflix permiti\u00f3 medir el buen grado de popularidad de la pareja, especialmente entre los m\u00e1s j\u00f3venes.<\/p>\n<p style=\"text-align: justify\">David Beckham \u00abencarna una celebridad entre el deporte, la moda, el entretenimiento y los negocios\u00bb, subraya Marie-Agn\u00e8s Parmentier.<\/p>\n<p style=\"text-align: justify\">En su opini\u00f3n, la visibilidad de la pareja \u00abse sustenta en una estrategia sofisticada y una capacidad para encarnar valores universales como el trabajo, la familia y el estilo\u00bb. El camino para ello ha sido largo, subraya Ellis Cashmore.<\/p>\n<p style=\"text-align: justify\">En 1998, David Beckham era considerado incluso el hombres m\u00e1s odiado de Inglaterra seg\u00fan algunas publicaciones o sondeos. \u00bfEl motivo? Su expulsi\u00f3n por una patada al argentino Diego Simeone en un duelo de octavos de final del Mundial de Francia, que Inglaterra perdi\u00f3 en la tanda de penales.<\/p>\n<p style=\"text-align: justify\">Vivi\u00f3 entonces meses \u00abde infierno\u00bb e incluso recibi\u00f3 amenazas de muerte. Le escupieron y escuch\u00f3 infinidad de abucheos. \u00abLo que viv\u00ed era extremo. Todo el pa\u00eds me detestaba\u00bb, se\u00f1al\u00f3 en la docuserie.<\/p>\n<p style=\"text-align: justify\">Pero pese a esa ola de impopularidad, David Beckham no se desvi\u00f3 de su misi\u00f3n.<\/p>\n<p style=\"text-align: justify\">Un a\u00f1o despu\u00e9s termin\u00f3 segundo en la votaci\u00f3n del Bal\u00f3n de Oro, la m\u00e1s prestigiosas de las distinciones individuales del futbol, en lo que marc\u00f3 quiz\u00e1s el momento en el que el hombre m\u00e1s odiado empez\u00f3 a convertirse en h\u00e9roe.<\/p>\n<p style=\"text-align: justify\">Con el tiempo, lo consigui\u00f3. Fue especialmente apoyado por la Familia Real de su pa\u00eds, de quienes ha recibido distintas invitaciones a eventos cada vez de mayor importancia.<\/p>\n<p style=\"text-align: justify\">En 2022, la prensa brit\u00e1nica alab\u00f3 su comportamiento en el funeral de la reina Isabel II, en el que esper\u00f3 pacientemente casi 12 horas junto a miles de personas para poder presentar sus respetos unos instantes frente al f\u00e9retro de la soberana. Un motivo m\u00e1s para merecer su ansiado t\u00edtulo de caballero, insiste ahora la prensa brit\u00e1nica.<\/p>\n","protected":false},"excerpt":{"rendered":"<p>NOTI-AMERICA.COM | ESPA\u00d1A Ya puede ser llamado \u00abSir\u00bb: el ex futbolista David Beckham fue nombrado caballero por el rey Carlos III, una distinci\u00f3n nobiliaria para agradecer sus servicios a la sociedad brit\u00e1nica, seg\u00fan la&#46;&#46;&#46;<\/p>\n","protected":false},"author":133,"featured_media":68662,"comment_status":"","ping_status":"open","sticky":false,"template":"","format":"image","meta":{"_acf_changed":false,"rop_custom_images_group":[],"rop_custom_messages_group":[],"rop_publish_now":"initial","rop_publish_now_accounts":{"facebook_10219548024599422_1632221337088128":"","twitter_242054905_242054905":""},"rop_publish_now_history":[],"rop_publish_now_status":"pending","footnotes":""},"categories":[886],"tags":[],"class_list":["post-68661","post","type-post","status-publish","format-image","has-post-thumbnail","hentry","category-acturalidad","post_format-post-format-image"],"acf":[],"yoast_head":"<!-- This site is optimized with the Yoast SEO Premium plugin v24.9 (Yoast SEO v27.2) - https:\/\/yoast.com\/product\/yoast-seo-premium-wordpress\/ -->\n<title>Rey Carlos III nombra caballero a David Beckham - Noti-America.com<\/title>\n<meta name=\"robots\" content=\"index, follow, max-snippet:-1, max-image-preview:large, max-video-preview:-1\" \/>\n<link rel=\"canonical\" href=\"https:\/\/noti-america.com\/site\/principal\/2025\/06\/14\/rey-carlos-iii-nombra-caballero-a-david-beckham\/\" \/>\n<meta property=\"og:locale\" content=\"es_ES\" \/>\n<meta property=\"og:type\" content=\"article\" \/>\n<meta property=\"og:title\" content=\"Rey Carlos III nombra caballero a David Beckham\" \/>\n<meta property=\"og:description\" content=\"NOTI-AMERICA.COM | ESPA\u00d1A Ya puede ser llamado \u00abSir\u00bb: el ex futbolista David Beckham fue nombrado caballero por el rey Carlos III, una distinci\u00f3n nobiliaria para agradecer sus servicios a la sociedad brit\u00e1nica, seg\u00fan la&#046;&#046;&#046;\" \/>\n<meta property=\"og:url\" content=\"https:\/\/noti-america.com\/site\/principal\/2025\/06\/14\/rey-carlos-iii-nombra-caballero-a-david-beckham\/\" \/>\n<meta property=\"og:site_name\" content=\"Noti-America.com\" \/>\n<meta property=\"article:author\" content=\"Mar\u00eda Valentina Noguera\" \/>\n<meta property=\"article:published_time\" content=\"2025-06-14T18:05:54+00:00\" \/>\n<meta property=\"og:image\" content=\"https:\/\/noti-america.com\/site\/principal\/wp-content\/uploads\/sites\/26\/2025\/06\/684d33acc93a2.jpeg\" \/>\n\t<meta property=\"og:image:width\" content=\"414\" \/>\n\t<meta property=\"og:image:height\" content=\"276\" \/>\n\t<meta property=\"og:image:type\" content=\"image\/jpeg\" \/>\n<meta name=\"author\" content=\"Maria Valentina Noguera Medina\" \/>\n<meta name=\"twitter:card\" content=\"summary_large_image\" \/>\n<meta name=\"twitter:label1\" content=\"Escrito por\" \/>\n\t<meta name=\"twitter:data1\" content=\"Maria Valentina Noguera Medina\" \/>\n\t<meta name=\"twitter:label2\" content=\"Tiempo estimado de lectura\" \/>\n\t<meta name=\"twitter:data2\" content=\"5 minutos\" \/>\n<script type=\"application\/ld+json\" class=\"yoast-schema-graph\">{\"@context\":\"https:\/\/schema.org\",\"@graph\":[{\"@type\":\"Article\",\"@id\":\"https:\/\/noti-america.com\/site\/principal\/2025\/06\/14\/rey-carlos-iii-nombra-caballero-a-david-beckham\/#article\",\"isPartOf\":{\"@id\":\"https:\/\/noti-america.com\/site\/principal\/2025\/06\/14\/rey-carlos-iii-nombra-caballero-a-david-beckham\/\"},\"author\":{\"name\":\"Maria Valentina Noguera Medina\",\"@id\":\"https:\/\/noti-america.com\/site\/principal\/#\/schema\/person\/22806efcc2cfc4b45efb0e17be210ea8\"},\"headline\":\"Rey Carlos III nombra caballero a David Beckham\",\"datePublished\":\"2025-06-14T18:05:54+00:00\",\"mainEntityOfPage\":{\"@id\":\"https:\/\/noti-america.com\/site\/principal\/2025\/06\/14\/rey-carlos-iii-nombra-caballero-a-david-beckham\/\"},\"wordCount\":1043,\"image\":{\"@id\":\"https:\/\/noti-america.com\/site\/principal\/2025\/06\/14\/rey-carlos-iii-nombra-caballero-a-david-beckham\/#primaryimage\"},\"thumbnailUrl\":\"https:\/\/noti-america.com\/site\/principal\/wp-content\/uploads\/sites\/26\/2025\/06\/684d33acc93a2.jpeg\",\"articleSection\":[\"Actualidad\"],\"inLanguage\":\"es\"},{\"@type\":\"WebPage\",\"@id\":\"https:\/\/noti-america.com\/site\/principal\/2025\/06\/14\/rey-carlos-iii-nombra-caballero-a-david-beckham\/\",\"url\":\"https:\/\/noti-america.com\/site\/principal\/2025\/06\/14\/rey-carlos-iii-nombra-caballero-a-david-beckham\/\",\"name\":\"Rey Carlos III nombra caballero a David Beckham - Noti-America.com\",\"isPartOf\":{\"@id\":\"https:\/\/noti-america.com\/site\/principal\/#website\"},\"primaryImageOfPage\":{\"@id\":\"https:\/\/noti-america.com\/site\/principal\/2025\/06\/14\/rey-carlos-iii-nombra-caballero-a-david-beckham\/#primaryimage\"},\"image\":{\"@id\":\"https:\/\/noti-america.com\/site\/principal\/2025\/06\/14\/rey-carlos-iii-nombra-caballero-a-david-beckham\/#primaryimage\"},\"thumbnailUrl\":\"https:\/\/noti-america.com\/site\/principal\/wp-content\/uploads\/sites\/26\/2025\/06\/684d33acc93a2.jpeg\",\"datePublished\":\"2025-06-14T18:05:54+00:00\",\"author\":{\"@id\":\"https:\/\/noti-america.com\/site\/principal\/#\/schema\/person\/22806efcc2cfc4b45efb0e17be210ea8\"},\"breadcrumb\":{\"@id\":\"https:\/\/noti-america.com\/site\/principal\/2025\/06\/14\/rey-carlos-iii-nombra-caballero-a-david-beckham\/#breadcrumb\"},\"inLanguage\":\"es\",\"potentialAction\":[{\"@type\":\"ReadAction\",\"target\":[\"https:\/\/noti-america.com\/site\/principal\/2025\/06\/14\/rey-carlos-iii-nombra-caballero-a-david-beckham\/\"]}]},{\"@type\":\"ImageObject\",\"inLanguage\":\"es\",\"@id\":\"https:\/\/noti-america.com\/site\/principal\/2025\/06\/14\/rey-carlos-iii-nombra-caballero-a-david-beckham\/#primaryimage\",\"url\":\"https:\/\/noti-america.com\/site\/principal\/wp-content\/uploads\/sites\/26\/2025\/06\/684d33acc93a2.jpeg\",\"contentUrl\":\"https:\/\/noti-america.com\/site\/principal\/wp-content\/uploads\/sites\/26\/2025\/06\/684d33acc93a2.jpeg\",\"width\":414,\"height\":276},{\"@type\":\"BreadcrumbList\",\"@id\":\"https:\/\/noti-america.com\/site\/principal\/2025\/06\/14\/rey-carlos-iii-nombra-caballero-a-david-beckham\/#breadcrumb\",\"itemListElement\":[{\"@type\":\"ListItem\",\"position\":1,\"name\":\"Portada\",\"item\":\"https:\/\/noti-america.com\/site\/principal\/\"},{\"@type\":\"ListItem\",\"position\":2,\"name\":\"Rey Carlos III nombra caballero a David Beckham\"}]},{\"@type\":\"WebSite\",\"@id\":\"https:\/\/noti-america.com\/site\/principal\/#website\",\"url\":\"https:\/\/noti-america.com\/site\/principal\/\",\"name\":\"Noti-America.com\",\"description\":\"El Noticiero Digital M\u00e1s Grande de Am\u00e9rica\",\"potentialAction\":[{\"@type\":\"SearchAction\",\"target\":{\"@type\":\"EntryPoint\",\"urlTemplate\":\"https:\/\/noti-america.com\/site\/principal\/?s={search_term_string}\"},\"query-input\":{\"@type\":\"PropertyValueSpecification\",\"valueRequired\":true,\"valueName\":\"search_term_string\"}}],\"inLanguage\":\"es\"},{\"@type\":\"Person\",\"@id\":\"https:\/\/noti-america.com\/site\/principal\/#\/schema\/person\/22806efcc2cfc4b45efb0e17be210ea8\",\"name\":\"Maria Valentina Noguera Medina\",\"image\":{\"@type\":\"ImageObject\",\"inLanguage\":\"es\",\"@id\":\"https:\/\/secure.gravatar.com\/avatar\/4ec5eb9d099f2608a49c9df6f7341f66f04f819cdffa09d56a7a0e91d2819d56?s=96&d=mm&r=g\",\"url\":\"https:\/\/secure.gravatar.com\/avatar\/4ec5eb9d099f2608a49c9df6f7341f66f04f819cdffa09d56a7a0e91d2819d56?s=96&d=mm&r=g\",\"contentUrl\":\"https:\/\/secure.gravatar.com\/avatar\/4ec5eb9d099f2608a49c9df6f7341f66f04f819cdffa09d56a7a0e91d2819d56?s=96&d=mm&r=g\",\"caption\":\"Maria Valentina Noguera Medina\"},\"description\":\"Periodista - noti-america - Promar Community Manager - Talento Plus Dise\u00f1adora\/ creadora de contenido...\",\"sameAs\":[\"Mar\u00eda Valentina Noguera\",\"https:\/\/www.facebook.com\/mariavalentina.noguera\",\"https:\/\/www.linkedin.com\/in\/mara-valentina-noguera-medina-373075165\/\",\"https:\/\/www.pinterest.es\/valentinanoguera95\/\",\"https:\/\/www.youtube.com\/channel\/UCdek6mbUZ-Tqqw0I63i4nmQ\"],\"url\":\"https:\/\/noti-america.com\/site\/principal\/author\/mnoguera\/\"}]}<\/script>\n<!-- \/ Yoast SEO Premium plugin. -->","yoast_head_json":{"title":"Rey Carlos III nombra caballero a David Beckham - Noti-America.com","robots":{"index":"index","follow":"follow","max-snippet":"max-snippet:-1","max-image-preview":"max-image-preview:large","max-video-preview":"max-video-preview:-1"},"canonical":"https:\/\/noti-america.com\/site\/principal\/2025\/06\/14\/rey-carlos-iii-nombra-caballero-a-david-beckham\/","og_locale":"es_ES","og_type":"article","og_title":"Rey Carlos III nombra caballero a David Beckham","og_description":"NOTI-AMERICA.COM | ESPA\u00d1A Ya puede ser llamado \u00abSir\u00bb: el ex futbolista David Beckham fue nombrado caballero por el rey Carlos III, una distinci\u00f3n nobiliaria para agradecer sus servicios a la sociedad brit\u00e1nica, seg\u00fan la&#46;&#46;&#46;","og_url":"https:\/\/noti-america.com\/site\/principal\/2025\/06\/14\/rey-carlos-iii-nombra-caballero-a-david-beckham\/","og_site_name":"Noti-America.com","article_author":"Mar\u00eda Valentina Noguera","article_published_time":"2025-06-14T18:05:54+00:00","og_image":[{"width":414,"height":276,"url":"https:\/\/noti-america.com\/site\/principal\/wp-content\/uploads\/sites\/26\/2025\/06\/684d33acc93a2.jpeg","type":"image\/jpeg"}],"author":"Maria Valentina Noguera Medina","twitter_card":"summary_large_image","twitter_misc":{"Escrito por":"Maria Valentina Noguera Medina","Tiempo estimado de lectura":"5 minutos"},"schema":{"@context":"https:\/\/schema.org","@graph":[{"@type":"Article","@id":"https:\/\/noti-america.com\/site\/principal\/2025\/06\/14\/rey-carlos-iii-nombra-caballero-a-david-beckham\/#article","isPartOf":{"@id":"https:\/\/noti-america.com\/site\/principal\/2025\/06\/14\/rey-carlos-iii-nombra-caballero-a-david-beckham\/"},"author":{"name":"Maria Valentina Noguera Medina","@id":"https:\/\/noti-america.com\/site\/principal\/#\/schema\/person\/22806efcc2cfc4b45efb0e17be210ea8"},"headline":"Rey Carlos III nombra caballero a David Beckham","datePublished":"2025-06-14T18:05:54+00:00","mainEntityOfPage":{"@id":"https:\/\/noti-america.com\/site\/principal\/2025\/06\/14\/rey-carlos-iii-nombra-caballero-a-david-beckham\/"},"wordCount":1043,"image":{"@id":"https:\/\/noti-america.com\/site\/principal\/2025\/06\/14\/rey-carlos-iii-nombra-caballero-a-david-beckham\/#primaryimage"},"thumbnailUrl":"https:\/\/noti-america.com\/site\/principal\/wp-content\/uploads\/sites\/26\/2025\/06\/684d33acc93a2.jpeg","articleSection":["Actualidad"],"inLanguage":"es"},{"@type":"WebPage","@id":"https:\/\/noti-america.com\/site\/principal\/2025\/06\/14\/rey-carlos-iii-nombra-caballero-a-david-beckham\/","url":"https:\/\/noti-america.com\/site\/principal\/2025\/06\/14\/rey-carlos-iii-nombra-caballero-a-david-beckham\/","name":"Rey Carlos III nombra caballero a David Beckham - Noti-America.com","isPartOf":{"@id":"https:\/\/noti-america.com\/site\/principal\/#website"},"primaryImageOfPage":{"@id":"https:\/\/noti-america.com\/site\/principal\/2025\/06\/14\/rey-carlos-iii-nombra-caballero-a-david-beckham\/#primaryimage"},"image":{"@id":"https:\/\/noti-america.com\/site\/principal\/2025\/06\/14\/rey-carlos-iii-nombra-caballero-a-david-beckham\/#primaryimage"},"thumbnailUrl":"https:\/\/noti-america.com\/site\/principal\/wp-content\/uploads\/sites\/26\/2025\/06\/684d33acc93a2.jpeg","datePublished":"2025-06-14T18:05:54+00:00","author":{"@id":"https:\/\/noti-america.com\/site\/principal\/#\/schema\/person\/22806efcc2cfc4b45efb0e17be210ea8"},"breadcrumb":{"@id":"https:\/\/noti-america.com\/site\/principal\/2025\/06\/14\/rey-carlos-iii-nombra-caballero-a-david-beckham\/#breadcrumb"},"inLanguage":"es","potentialAction":[{"@type":"ReadAction","target":["https:\/\/noti-america.com\/site\/principal\/2025\/06\/14\/rey-carlos-iii-nombra-caballero-a-david-beckham\/"]}]},{"@type":"ImageObject","inLanguage":"es","@id":"https:\/\/noti-america.com\/site\/principal\/2025\/06\/14\/rey-carlos-iii-nombra-caballero-a-david-beckham\/#primaryimage","url":"https:\/\/noti-america.com\/site\/principal\/wp-content\/uploads\/sites\/26\/2025\/06\/684d33acc93a2.jpeg","contentUrl":"https:\/\/noti-america.com\/site\/principal\/wp-content\/uploads\/sites\/26\/2025\/06\/684d33acc93a2.jpeg","width":414,"height":276},{"@type":"BreadcrumbList","@id":"https:\/\/noti-america.com\/site\/principal\/2025\/06\/14\/rey-carlos-iii-nombra-caballero-a-david-beckham\/#breadcrumb","itemListElement":[{"@type":"ListItem","position":1,"name":"Portada","item":"https:\/\/noti-america.com\/site\/principal\/"},{"@type":"ListItem","position":2,"name":"Rey Carlos III nombra caballero a David Beckham"}]},{"@type":"WebSite","@id":"https:\/\/noti-america.com\/site\/principal\/#website","url":"https:\/\/noti-america.com\/site\/principal\/","name":"Noti-America.com","description":"El Noticiero Digital M\u00e1s Grande de Am\u00e9rica","potentialAction":[{"@type":"SearchAction","target":{"@type":"EntryPoint","urlTemplate":"https:\/\/noti-america.com\/site\/principal\/?s={search_term_string}"},"query-input":{"@type":"PropertyValueSpecification","valueRequired":true,"valueName":"search_term_string"}}],"inLanguage":"es"},{"@type":"Person","@id":"https:\/\/noti-america.com\/site\/principal\/#\/schema\/person\/22806efcc2cfc4b45efb0e17be210ea8","name":"Maria Valentina Noguera Medina","image":{"@type":"ImageObject","inLanguage":"es","@id":"https:\/\/secure.gravatar.com\/avatar\/4ec5eb9d099f2608a49c9df6f7341f66f04f819cdffa09d56a7a0e91d2819d56?s=96&d=mm&r=g","url":"https:\/\/secure.gravatar.com\/avatar\/4ec5eb9d099f2608a49c9df6f7341f66f04f819cdffa09d56a7a0e91d2819d56?s=96&d=mm&r=g","contentUrl":"https:\/\/secure.gravatar.com\/avatar\/4ec5eb9d099f2608a49c9df6f7341f66f04f819cdffa09d56a7a0e91d2819d56?s=96&d=mm&r=g","caption":"Maria Valentina Noguera Medina"},"description":"Periodista - noti-america - Promar Community Manager - Talento Plus Dise\u00f1adora\/ creadora de contenido...","sameAs":["Mar\u00eda Valentina Noguera","https:\/\/www.facebook.com\/mariavalentina.noguera","https:\/\/www.linkedin.com\/in\/mara-valentina-noguera-medina-373075165\/","https:\/\/www.pinterest.es\/valentinanoguera95\/","https:\/\/www.youtube.com\/channel\/UCdek6mbUZ-Tqqw0I63i4nmQ"],"url":"https:\/\/noti-america.com\/site\/principal\/author\/mnoguera\/"}]}},"_links":{"self":[{"href":"https:\/\/noti-america.com\/site\/principal\/wp-json\/wp\/v2\/posts\/68661","targetHints":{"allow":["GET"]}}],"collection":[{"href":"https:\/\/noti-america.com\/site\/principal\/wp-json\/wp\/v2\/posts"}],"about":[{"href":"https:\/\/noti-america.com\/site\/principal\/wp-json\/wp\/v2\/types\/post"}],"author":[{"embeddable":true,"href":"https:\/\/noti-america.com\/site\/principal\/wp-json\/wp\/v2\/users\/133"}],"replies":[{"embeddable":true,"href":"https:\/\/noti-america.com\/site\/principal\/wp-json\/wp\/v2\/comments?post=68661"}],"version-history":[{"count":1,"href":"https:\/\/noti-america.com\/site\/principal\/wp-json\/wp\/v2\/posts\/68661\/revisions"}],"predecessor-version":[{"id":68673,"href":"https:\/\/noti-america.com\/site\/principal\/wp-json\/wp\/v2\/posts\/68661\/revisions\/68673"}],"wp:featuredmedia":[{"embeddable":true,"href":"https:\/\/noti-america.com\/site\/principal\/wp-json\/wp\/v2\/media\/68662"}],"wp:attachment":[{"href":"https:\/\/noti-america.com\/site\/principal\/wp-json\/wp\/v2\/media?parent=68661"}],"wp:term":[{"taxonomy":"category","embeddable":true,"href":"https:\/\/noti-america.com\/site\/principal\/wp-json\/wp\/v2\/categories?post=68661"},{"taxonomy":"post_tag","embeddable":true,"href":"https:\/\/noti-america.com\/site\/principal\/wp-json\/wp\/v2\/tags?post=68661"}],"curies":[{"name":"wp","href":"https:\/\/api.w.org\/{rel}","templated":true}]}}