{"id":67775,"date":"2025-05-29T03:45:04","date_gmt":"2025-05-29T07:45:04","guid":{"rendered":"https:\/\/noti-america.com\/site\/principal\/?p=67775"},"modified":"2025-05-29T03:45:04","modified_gmt":"2025-05-29T07:45:04","slug":"noelia-ortiz-resalta-el-valor-de-la-voz-como-herramienta-de-empoderamiento-femenino-en-el-wef-rd-2025","status":"publish","type":"post","link":"https:\/\/noti-america.com\/site\/principal\/2025\/05\/29\/noelia-ortiz-resalta-el-valor-de-la-voz-como-herramienta-de-empoderamiento-femenino-en-el-wef-rd-2025\/","title":{"rendered":"Noelia Ortiz resalta el valor de la voz como herramienta de empoderamiento femenino en el WEF RD 2025"},"content":{"rendered":"<p><strong>Noti-Am\u00e9rica Rep\u00fablica Dominicana<\/strong><br \/>\n<strong>Santo Domingo,RD<\/strong><\/p>\n<p>&nbsp;<\/p>\n<p style=\"text-align: justify\" data-start=\"430\" data-end=\"1041\">En el marco de la <strong data-start=\"505\" data-end=\"582\">cuarta edici\u00f3n online del Women Economic Forum (WEF) Rep\u00fablica Dominicana<\/strong>, y bajo el tema central <strong data-start=\"607\" data-end=\"647\">\u00abEmpoderamiento Femenino del Futuro\u00bb<\/strong>, la profesional en lenguas y liderazgo multicultural <strong data-start=\"701\" data-end=\"726\">Noelia Ortiz Santiago<\/strong> particip\u00f3 como ponente con su conferencia:<strong data-start=\"772\" data-end=\"869\">\u00abTu voz, tu activo m\u00e1s valioso: el poder de comunicar con confianza entre idiomas y culturas\u00bb<\/strong>, una propuesta poderosa que resalta la importancia de la comunicaci\u00f3n efectiva y aut\u00e9ntica como herramienta clave para el empoderamiento femenino en entornos globalizados.<\/p>\n<p style=\"text-align: justify\" data-start=\"1043\" data-end=\"1524\">Con una s\u00f3lida trayectoria en el \u00e1mbito de la comunicaci\u00f3n internacional, <strong data-start=\"1117\" data-end=\"1142\">Noelia Ortiz Santiago<\/strong> es <strong data-start=\"1146\" data-end=\"1185\">Traductora e Int\u00e9rprete Profesional<\/strong>, <strong data-start=\"1187\" data-end=\"1214\">Fundadora de Lingu\u00edstik<\/strong>, <strong data-start=\"1216\" data-end=\"1267\">Coach de Business English y Espa\u00f1ol de Negocios<\/strong>, y <strong data-start=\"1271\" data-end=\"1340\">Presidenta de un grupo de Networking Femenino en Bogot\u00e1, Colombia<\/strong>. Su experiencia multicultural y enfoque pr\u00e1ctico la han posicionado como una l\u00edder en el desarrollo de habilidades comunicativas en contextos empresariales, diplom\u00e1ticos y educativos.<\/p>\n<blockquote data-start=\"1526\" data-end=\"1789\">\n<p style=\"text-align: justify\" data-start=\"1528\" data-end=\"1789\">\u201c<strong><em>La voz es m\u00e1s que un instrumento ling\u00fc\u00edstico: es identidad, presencia y poder. Cuando una mujer aprende a usarla con seguridad, sin importar el idioma o la cultura, expande su impacto y abre puertas al liderazgo global\u201d, expres\u00f3 Noelia durante su intervenci\u00f3n.<\/em><\/strong><\/p>\n<\/blockquote>\n<p style=\"text-align: justify\" data-start=\"1791\" data-end=\"2079\">Durante su ponencia, abord\u00f3 c\u00f3mo superar barreras idiom\u00e1ticas, ganar confianza en escenarios internacionales y utilizar la comunicaci\u00f3n estrat\u00e9gica como un activo de empoderamiento en la vida profesional, especialmente en sectores dominados por la diversidad cultural y el multiling\u00fcismo.<\/p>\n<p data-start=\"2081\" data-end=\"2350\">El <strong data-start=\"2084\" data-end=\"2134\">Women Economic Forum Rep\u00fablica Dominicana 2025<\/strong> reuni\u00f3 a m\u00e1s de 25 l\u00edderes femeninas y expertos de diferentes pa\u00edses, creando una plataforma \u00fanica de aprendizaje, conexi\u00f3n e inspiraci\u00f3n en torno a la equidad de g\u00e9nero, la innovaci\u00f3n y el liderazgo con prop\u00f3sito.<\/p>\n<p data-start=\"2081\" data-end=\"2350\">Instagram @linguistik.services<\/p>\n<hr data-start=\"2352\" data-end=\"2355\" \/>\n<p data-start=\"2357\" data-end=\"2519\">\n","protected":false},"excerpt":{"rendered":"<p>Noti-Am\u00e9rica Rep\u00fablica Dominicana Santo Domingo,RD &nbsp; En el marco de la cuarta edici\u00f3n online del Women Economic Forum (WEF) Rep\u00fablica Dominicana, y bajo el tema central \u00abEmpoderamiento Femenino del Futuro\u00bb, la profesional en lenguas&#46;&#46;&#46;<\/p>\n","protected":false},"author":87,"featured_media":67776,"comment_status":"","ping_status":"open","sticky":false,"template":"","format":"image","meta":{"_acf_changed":false,"rop_custom_images_group":[],"rop_custom_messages_group":[],"rop_publish_now":"initial","rop_publish_now_accounts":{"facebook_10219548024599422_1632221337088128":"","twitter_242054905_242054905":""},"rop_publish_now_history":[],"rop_publish_now_status":"pending","footnotes":""},"categories":[1669,4],"tags":[],"class_list":["post-67775","post","type-post","status-publish","format-image","has-post-thumbnail","hentry","category-empresarios","category-internacionales","post_format-post-format-image"],"acf":[],"yoast_head":"<!-- This site is optimized with the Yoast SEO Premium plugin v24.9 (Yoast SEO v27.2) - https:\/\/yoast.com\/product\/yoast-seo-premium-wordpress\/ -->\n<title>Noelia Ortiz resalta el valor de la voz como herramienta de empoderamiento femenino en el WEF RD 2025 - Noti-America.com<\/title>\n<meta name=\"robots\" content=\"index, follow, max-snippet:-1, max-image-preview:large, max-video-preview:-1\" \/>\n<link rel=\"canonical\" href=\"https:\/\/noti-america.com\/site\/principal\/2025\/05\/29\/noelia-ortiz-resalta-el-valor-de-la-voz-como-herramienta-de-empoderamiento-femenino-en-el-wef-rd-2025\/\" \/>\n<meta property=\"og:locale\" content=\"es_ES\" \/>\n<meta property=\"og:type\" content=\"article\" \/>\n<meta property=\"og:title\" content=\"Noelia Ortiz resalta el valor de la voz como herramienta de empoderamiento femenino en el WEF RD 2025\" \/>\n<meta property=\"og:description\" content=\"Noti-Am\u00e9rica Rep\u00fablica Dominicana Santo Domingo,RD &nbsp; En el marco de la cuarta edici\u00f3n online del Women Economic Forum (WEF) Rep\u00fablica Dominicana, y bajo el tema central \u00abEmpoderamiento Femenino del Futuro\u00bb, la profesional en lenguas&#046;&#046;&#046;\" \/>\n<meta property=\"og:url\" content=\"https:\/\/noti-america.com\/site\/principal\/2025\/05\/29\/noelia-ortiz-resalta-el-valor-de-la-voz-como-herramienta-de-empoderamiento-femenino-en-el-wef-rd-2025\/\" \/>\n<meta property=\"og:site_name\" content=\"Noti-America.com\" \/>\n<meta property=\"article:published_time\" content=\"2025-05-29T07:45:04+00:00\" \/>\n<meta property=\"og:image\" content=\"https:\/\/noti-america.com\/site\/principal\/wp-content\/uploads\/sites\/26\/2025\/05\/unnamed-56.jpg\" \/>\n\t<meta property=\"og:image:width\" content=\"900\" \/>\n\t<meta property=\"og:image:height\" content=\"1600\" \/>\n\t<meta property=\"og:image:type\" content=\"image\/jpeg\" \/>\n<meta name=\"author\" content=\"CAMH\" \/>\n<meta name=\"twitter:card\" content=\"summary_large_image\" \/>\n<meta name=\"twitter:label1\" content=\"Escrito por\" \/>\n\t<meta name=\"twitter:data1\" content=\"CAMH\" \/>\n\t<meta name=\"twitter:label2\" content=\"Tiempo estimado de lectura\" \/>\n\t<meta name=\"twitter:data2\" content=\"2 minutos\" \/>\n<script type=\"application\/ld+json\" class=\"yoast-schema-graph\">{\"@context\":\"https:\/\/schema.org\",\"@graph\":[{\"@type\":\"Article\",\"@id\":\"https:\/\/noti-america.com\/site\/principal\/2025\/05\/29\/noelia-ortiz-resalta-el-valor-de-la-voz-como-herramienta-de-empoderamiento-femenino-en-el-wef-rd-2025\/#article\",\"isPartOf\":{\"@id\":\"https:\/\/noti-america.com\/site\/principal\/2025\/05\/29\/noelia-ortiz-resalta-el-valor-de-la-voz-como-herramienta-de-empoderamiento-femenino-en-el-wef-rd-2025\/\"},\"author\":{\"name\":\"CAMH\",\"@id\":\"https:\/\/noti-america.com\/site\/principal\/#\/schema\/person\/e13880b4308eea6926b271284605ef72\"},\"headline\":\"Noelia Ortiz resalta el valor de la voz como herramienta de empoderamiento femenino en el WEF RD 2025\",\"datePublished\":\"2025-05-29T07:45:04+00:00\",\"mainEntityOfPage\":{\"@id\":\"https:\/\/noti-america.com\/site\/principal\/2025\/05\/29\/noelia-ortiz-resalta-el-valor-de-la-voz-como-herramienta-de-empoderamiento-femenino-en-el-wef-rd-2025\/\"},\"wordCount\":323,\"image\":{\"@id\":\"https:\/\/noti-america.com\/site\/principal\/2025\/05\/29\/noelia-ortiz-resalta-el-valor-de-la-voz-como-herramienta-de-empoderamiento-femenino-en-el-wef-rd-2025\/#primaryimage\"},\"thumbnailUrl\":\"https:\/\/noti-america.com\/site\/principal\/wp-content\/uploads\/sites\/26\/2025\/05\/unnamed-56.jpg\",\"articleSection\":[\"Empresarios\",\"Internacionales\"],\"inLanguage\":\"es\"},{\"@type\":\"WebPage\",\"@id\":\"https:\/\/noti-america.com\/site\/principal\/2025\/05\/29\/noelia-ortiz-resalta-el-valor-de-la-voz-como-herramienta-de-empoderamiento-femenino-en-el-wef-rd-2025\/\",\"url\":\"https:\/\/noti-america.com\/site\/principal\/2025\/05\/29\/noelia-ortiz-resalta-el-valor-de-la-voz-como-herramienta-de-empoderamiento-femenino-en-el-wef-rd-2025\/\",\"name\":\"Noelia Ortiz resalta el valor de la voz como herramienta de empoderamiento femenino en el WEF RD 2025 - Noti-America.com\",\"isPartOf\":{\"@id\":\"https:\/\/noti-america.com\/site\/principal\/#website\"},\"primaryImageOfPage\":{\"@id\":\"https:\/\/noti-america.com\/site\/principal\/2025\/05\/29\/noelia-ortiz-resalta-el-valor-de-la-voz-como-herramienta-de-empoderamiento-femenino-en-el-wef-rd-2025\/#primaryimage\"},\"image\":{\"@id\":\"https:\/\/noti-america.com\/site\/principal\/2025\/05\/29\/noelia-ortiz-resalta-el-valor-de-la-voz-como-herramienta-de-empoderamiento-femenino-en-el-wef-rd-2025\/#primaryimage\"},\"thumbnailUrl\":\"https:\/\/noti-america.com\/site\/principal\/wp-content\/uploads\/sites\/26\/2025\/05\/unnamed-56.jpg\",\"datePublished\":\"2025-05-29T07:45:04+00:00\",\"author\":{\"@id\":\"https:\/\/noti-america.com\/site\/principal\/#\/schema\/person\/e13880b4308eea6926b271284605ef72\"},\"breadcrumb\":{\"@id\":\"https:\/\/noti-america.com\/site\/principal\/2025\/05\/29\/noelia-ortiz-resalta-el-valor-de-la-voz-como-herramienta-de-empoderamiento-femenino-en-el-wef-rd-2025\/#breadcrumb\"},\"inLanguage\":\"es\",\"potentialAction\":[{\"@type\":\"ReadAction\",\"target\":[\"https:\/\/noti-america.com\/site\/principal\/2025\/05\/29\/noelia-ortiz-resalta-el-valor-de-la-voz-como-herramienta-de-empoderamiento-femenino-en-el-wef-rd-2025\/\"]}]},{\"@type\":\"ImageObject\",\"inLanguage\":\"es\",\"@id\":\"https:\/\/noti-america.com\/site\/principal\/2025\/05\/29\/noelia-ortiz-resalta-el-valor-de-la-voz-como-herramienta-de-empoderamiento-femenino-en-el-wef-rd-2025\/#primaryimage\",\"url\":\"https:\/\/noti-america.com\/site\/principal\/wp-content\/uploads\/sites\/26\/2025\/05\/unnamed-56.jpg\",\"contentUrl\":\"https:\/\/noti-america.com\/site\/principal\/wp-content\/uploads\/sites\/26\/2025\/05\/unnamed-56.jpg\",\"width\":900,\"height\":1600},{\"@type\":\"BreadcrumbList\",\"@id\":\"https:\/\/noti-america.com\/site\/principal\/2025\/05\/29\/noelia-ortiz-resalta-el-valor-de-la-voz-como-herramienta-de-empoderamiento-femenino-en-el-wef-rd-2025\/#breadcrumb\",\"itemListElement\":[{\"@type\":\"ListItem\",\"position\":1,\"name\":\"Portada\",\"item\":\"https:\/\/noti-america.com\/site\/principal\/\"},{\"@type\":\"ListItem\",\"position\":2,\"name\":\"Noelia Ortiz resalta el valor de la voz como herramienta de empoderamiento femenino en el WEF RD 2025\"}]},{\"@type\":\"WebSite\",\"@id\":\"https:\/\/noti-america.com\/site\/principal\/#website\",\"url\":\"https:\/\/noti-america.com\/site\/principal\/\",\"name\":\"Noti-America.com\",\"description\":\"El Noticiero Digital M\u00e1s Grande de Am\u00e9rica\",\"potentialAction\":[{\"@type\":\"SearchAction\",\"target\":{\"@type\":\"EntryPoint\",\"urlTemplate\":\"https:\/\/noti-america.com\/site\/principal\/?s={search_term_string}\"},\"query-input\":{\"@type\":\"PropertyValueSpecification\",\"valueRequired\":true,\"valueName\":\"search_term_string\"}}],\"inLanguage\":\"es\"},{\"@type\":\"Person\",\"@id\":\"https:\/\/noti-america.com\/site\/principal\/#\/schema\/person\/e13880b4308eea6926b271284605ef72\",\"name\":\"CAMH\",\"image\":{\"@type\":\"ImageObject\",\"inLanguage\":\"es\",\"@id\":\"https:\/\/secure.gravatar.com\/avatar\/82aa99c723cbed2b304797bc218a5542b5a94d7f5d0ba3b39650aef53c28ecf5?s=96&d=mm&r=g\",\"url\":\"https:\/\/secure.gravatar.com\/avatar\/82aa99c723cbed2b304797bc218a5542b5a94d7f5d0ba3b39650aef53c28ecf5?s=96&d=mm&r=g\",\"contentUrl\":\"https:\/\/secure.gravatar.com\/avatar\/82aa99c723cbed2b304797bc218a5542b5a94d7f5d0ba3b39650aef53c28ecf5?s=96&d=mm&r=g\",\"caption\":\"CAMH\"},\"url\":\"https:\/\/noti-america.com\/site\/principal\/author\/cmitchell\/\"}]}<\/script>\n<!-- \/ Yoast SEO Premium plugin. -->","yoast_head_json":{"title":"Noelia Ortiz resalta el valor de la voz como herramienta de empoderamiento femenino en el WEF RD 2025 - Noti-America.com","robots":{"index":"index","follow":"follow","max-snippet":"max-snippet:-1","max-image-preview":"max-image-preview:large","max-video-preview":"max-video-preview:-1"},"canonical":"https:\/\/noti-america.com\/site\/principal\/2025\/05\/29\/noelia-ortiz-resalta-el-valor-de-la-voz-como-herramienta-de-empoderamiento-femenino-en-el-wef-rd-2025\/","og_locale":"es_ES","og_type":"article","og_title":"Noelia Ortiz resalta el valor de la voz como herramienta de empoderamiento femenino en el WEF RD 2025","og_description":"Noti-Am\u00e9rica Rep\u00fablica Dominicana Santo Domingo,RD &nbsp; En el marco de la cuarta edici\u00f3n online del Women Economic Forum (WEF) Rep\u00fablica Dominicana, y bajo el tema central \u00abEmpoderamiento Femenino del Futuro\u00bb, la profesional en lenguas&#46;&#46;&#46;","og_url":"https:\/\/noti-america.com\/site\/principal\/2025\/05\/29\/noelia-ortiz-resalta-el-valor-de-la-voz-como-herramienta-de-empoderamiento-femenino-en-el-wef-rd-2025\/","og_site_name":"Noti-America.com","article_published_time":"2025-05-29T07:45:04+00:00","og_image":[{"width":900,"height":1600,"url":"https:\/\/noti-america.com\/site\/principal\/wp-content\/uploads\/sites\/26\/2025\/05\/unnamed-56.jpg","type":"image\/jpeg"}],"author":"CAMH","twitter_card":"summary_large_image","twitter_misc":{"Escrito por":"CAMH","Tiempo estimado de lectura":"2 minutos"},"schema":{"@context":"https:\/\/schema.org","@graph":[{"@type":"Article","@id":"https:\/\/noti-america.com\/site\/principal\/2025\/05\/29\/noelia-ortiz-resalta-el-valor-de-la-voz-como-herramienta-de-empoderamiento-femenino-en-el-wef-rd-2025\/#article","isPartOf":{"@id":"https:\/\/noti-america.com\/site\/principal\/2025\/05\/29\/noelia-ortiz-resalta-el-valor-de-la-voz-como-herramienta-de-empoderamiento-femenino-en-el-wef-rd-2025\/"},"author":{"name":"CAMH","@id":"https:\/\/noti-america.com\/site\/principal\/#\/schema\/person\/e13880b4308eea6926b271284605ef72"},"headline":"Noelia Ortiz resalta el valor de la voz como herramienta de empoderamiento femenino en el WEF RD 2025","datePublished":"2025-05-29T07:45:04+00:00","mainEntityOfPage":{"@id":"https:\/\/noti-america.com\/site\/principal\/2025\/05\/29\/noelia-ortiz-resalta-el-valor-de-la-voz-como-herramienta-de-empoderamiento-femenino-en-el-wef-rd-2025\/"},"wordCount":323,"image":{"@id":"https:\/\/noti-america.com\/site\/principal\/2025\/05\/29\/noelia-ortiz-resalta-el-valor-de-la-voz-como-herramienta-de-empoderamiento-femenino-en-el-wef-rd-2025\/#primaryimage"},"thumbnailUrl":"https:\/\/noti-america.com\/site\/principal\/wp-content\/uploads\/sites\/26\/2025\/05\/unnamed-56.jpg","articleSection":["Empresarios","Internacionales"],"inLanguage":"es"},{"@type":"WebPage","@id":"https:\/\/noti-america.com\/site\/principal\/2025\/05\/29\/noelia-ortiz-resalta-el-valor-de-la-voz-como-herramienta-de-empoderamiento-femenino-en-el-wef-rd-2025\/","url":"https:\/\/noti-america.com\/site\/principal\/2025\/05\/29\/noelia-ortiz-resalta-el-valor-de-la-voz-como-herramienta-de-empoderamiento-femenino-en-el-wef-rd-2025\/","name":"Noelia Ortiz resalta el valor de la voz como herramienta de empoderamiento femenino en el WEF RD 2025 - Noti-America.com","isPartOf":{"@id":"https:\/\/noti-america.com\/site\/principal\/#website"},"primaryImageOfPage":{"@id":"https:\/\/noti-america.com\/site\/principal\/2025\/05\/29\/noelia-ortiz-resalta-el-valor-de-la-voz-como-herramienta-de-empoderamiento-femenino-en-el-wef-rd-2025\/#primaryimage"},"image":{"@id":"https:\/\/noti-america.com\/site\/principal\/2025\/05\/29\/noelia-ortiz-resalta-el-valor-de-la-voz-como-herramienta-de-empoderamiento-femenino-en-el-wef-rd-2025\/#primaryimage"},"thumbnailUrl":"https:\/\/noti-america.com\/site\/principal\/wp-content\/uploads\/sites\/26\/2025\/05\/unnamed-56.jpg","datePublished":"2025-05-29T07:45:04+00:00","author":{"@id":"https:\/\/noti-america.com\/site\/principal\/#\/schema\/person\/e13880b4308eea6926b271284605ef72"},"breadcrumb":{"@id":"https:\/\/noti-america.com\/site\/principal\/2025\/05\/29\/noelia-ortiz-resalta-el-valor-de-la-voz-como-herramienta-de-empoderamiento-femenino-en-el-wef-rd-2025\/#breadcrumb"},"inLanguage":"es","potentialAction":[{"@type":"ReadAction","target":["https:\/\/noti-america.com\/site\/principal\/2025\/05\/29\/noelia-ortiz-resalta-el-valor-de-la-voz-como-herramienta-de-empoderamiento-femenino-en-el-wef-rd-2025\/"]}]},{"@type":"ImageObject","inLanguage":"es","@id":"https:\/\/noti-america.com\/site\/principal\/2025\/05\/29\/noelia-ortiz-resalta-el-valor-de-la-voz-como-herramienta-de-empoderamiento-femenino-en-el-wef-rd-2025\/#primaryimage","url":"https:\/\/noti-america.com\/site\/principal\/wp-content\/uploads\/sites\/26\/2025\/05\/unnamed-56.jpg","contentUrl":"https:\/\/noti-america.com\/site\/principal\/wp-content\/uploads\/sites\/26\/2025\/05\/unnamed-56.jpg","width":900,"height":1600},{"@type":"BreadcrumbList","@id":"https:\/\/noti-america.com\/site\/principal\/2025\/05\/29\/noelia-ortiz-resalta-el-valor-de-la-voz-como-herramienta-de-empoderamiento-femenino-en-el-wef-rd-2025\/#breadcrumb","itemListElement":[{"@type":"ListItem","position":1,"name":"Portada","item":"https:\/\/noti-america.com\/site\/principal\/"},{"@type":"ListItem","position":2,"name":"Noelia Ortiz resalta el valor de la voz como herramienta de empoderamiento femenino en el WEF RD 2025"}]},{"@type":"WebSite","@id":"https:\/\/noti-america.com\/site\/principal\/#website","url":"https:\/\/noti-america.com\/site\/principal\/","name":"Noti-America.com","description":"El Noticiero Digital M\u00e1s Grande de Am\u00e9rica","potentialAction":[{"@type":"SearchAction","target":{"@type":"EntryPoint","urlTemplate":"https:\/\/noti-america.com\/site\/principal\/?s={search_term_string}"},"query-input":{"@type":"PropertyValueSpecification","valueRequired":true,"valueName":"search_term_string"}}],"inLanguage":"es"},{"@type":"Person","@id":"https:\/\/noti-america.com\/site\/principal\/#\/schema\/person\/e13880b4308eea6926b271284605ef72","name":"CAMH","image":{"@type":"ImageObject","inLanguage":"es","@id":"https:\/\/secure.gravatar.com\/avatar\/82aa99c723cbed2b304797bc218a5542b5a94d7f5d0ba3b39650aef53c28ecf5?s=96&d=mm&r=g","url":"https:\/\/secure.gravatar.com\/avatar\/82aa99c723cbed2b304797bc218a5542b5a94d7f5d0ba3b39650aef53c28ecf5?s=96&d=mm&r=g","contentUrl":"https:\/\/secure.gravatar.com\/avatar\/82aa99c723cbed2b304797bc218a5542b5a94d7f5d0ba3b39650aef53c28ecf5?s=96&d=mm&r=g","caption":"CAMH"},"url":"https:\/\/noti-america.com\/site\/principal\/author\/cmitchell\/"}]}},"_links":{"self":[{"href":"https:\/\/noti-america.com\/site\/principal\/wp-json\/wp\/v2\/posts\/67775","targetHints":{"allow":["GET"]}}],"collection":[{"href":"https:\/\/noti-america.com\/site\/principal\/wp-json\/wp\/v2\/posts"}],"about":[{"href":"https:\/\/noti-america.com\/site\/principal\/wp-json\/wp\/v2\/types\/post"}],"author":[{"embeddable":true,"href":"https:\/\/noti-america.com\/site\/principal\/wp-json\/wp\/v2\/users\/87"}],"replies":[{"embeddable":true,"href":"https:\/\/noti-america.com\/site\/principal\/wp-json\/wp\/v2\/comments?post=67775"}],"version-history":[{"count":1,"href":"https:\/\/noti-america.com\/site\/principal\/wp-json\/wp\/v2\/posts\/67775\/revisions"}],"predecessor-version":[{"id":67784,"href":"https:\/\/noti-america.com\/site\/principal\/wp-json\/wp\/v2\/posts\/67775\/revisions\/67784"}],"wp:featuredmedia":[{"embeddable":true,"href":"https:\/\/noti-america.com\/site\/principal\/wp-json\/wp\/v2\/media\/67776"}],"wp:attachment":[{"href":"https:\/\/noti-america.com\/site\/principal\/wp-json\/wp\/v2\/media?parent=67775"}],"wp:term":[{"taxonomy":"category","embeddable":true,"href":"https:\/\/noti-america.com\/site\/principal\/wp-json\/wp\/v2\/categories?post=67775"},{"taxonomy":"post_tag","embeddable":true,"href":"https:\/\/noti-america.com\/site\/principal\/wp-json\/wp\/v2\/tags?post=67775"}],"curies":[{"name":"wp","href":"https:\/\/api.w.org\/{rel}","templated":true}]}}