{"id":65776,"date":"2025-04-21T15:23:11","date_gmt":"2025-04-21T19:23:11","guid":{"rendered":"https:\/\/noti-america.com\/site\/principal\/?p=65776"},"modified":"2025-04-21T15:23:11","modified_gmt":"2025-04-21T19:23:11","slug":"el-fmi-y-el-banco-mundial-llegan-a-su-reunion-de-primavera-con-la-guerra-arancelaria-de-trump-como-telon-de-fondo","status":"publish","type":"post","link":"https:\/\/noti-america.com\/site\/principal\/2025\/04\/21\/el-fmi-y-el-banco-mundial-llegan-a-su-reunion-de-primavera-con-la-guerra-arancelaria-de-trump-como-telon-de-fondo\/","title":{"rendered":"El FMI y el Banco Mundial llegan a su reuni\u00f3n de primavera con la guerra arancelaria de Trump como tel\u00f3n de fondo"},"content":{"rendered":"<p>NOTI-AMERICA.COM | ESPA\u00d1A<\/p>\n<p style=\"text-align: justify\">El Fondo Monetario Internacional (FMI) y el Banco Mundial (BM) inician este lunes sus reuniones de primavera afrontando un escenario que no estaba presente en anteriores encuentros: la guerra arancelaria iniciada por el presidente de Estados Unidos, Donald Trump. As\u00ed, hasta el pr\u00f3ximo s\u00e1bado 26 de abril, abordar\u00e1n en Washington los posibles efectos de este conflicto comercial en las econom\u00edas mundiales.<\/p>\n<p style=\"text-align: justify\">La directora gerente del FMI, Kristalina Georgieva, y el presidente del BM, Ajay Banga, ya han avisado de que la incertidumbre y la volatilidad actual provocar\u00e1n un avance m\u00e1s lento del Producto Interior Bruto (PIB) m\u00e1s lento. Por ello, ambas instituciones urgen a llegar a acuerdos r\u00e1pido.<\/p>\n<p style=\"text-align: justify\">De hecho, Georgieva indic\u00f3 el pasado jueves que las pr\u00f3ximas proyecciones econ\u00f3micas globales del FMI \u00abincluir\u00e1n reducciones notables\u00bb en cuanto al crecimiento, \u00abpero no recesi\u00f3n\u00bb, y tambi\u00e9n \u00abalzas en las previsiones de inflaci\u00f3n para algunos pa\u00edses\u00bb. De hecho, la economista b\u00falgara ya advirti\u00f3 a comienzos de abril que la pol\u00edtica arancelaria de Trump supone un \u00abriesgo significativo\u00bb para el crecimiento econ\u00f3mico.<\/p>\n<p style=\"text-align: justify\">Esta semana, el FMI publicar\u00e1 su informe sobre las perspectivas de la econom\u00eda mundial (<em>The World Economic Outlook<\/em>, conocido como WEO en ingl\u00e9s). Tambi\u00e9n har\u00e1 p\u00fablico el Monitor Fiscal y el Informe de Estabilidad Financiera Global, donde se espera que haga balance de la salud bancaria global. El FMI publica dos WEO al a\u00f1o: en abril y en octubre.<\/p>\n<p style=\"text-align: justify\">\u00abLa volatilidad de los mercados financieros ha aumentado. Y la incertidumbre en torno a la pol\u00edtica comercial es descomunal. (&#8230;) En gran medida, lo que estamos observando es resultado de una\u00a0erosi\u00f3n de la confianza: la confianza en el sistema internacional y la confianza entre pa\u00edses\u00bb, ha expresado Georgieva perfilando un panorama sombr\u00edo, pero tambi\u00e9n recalcando que \u00abtodo reto supone una oportunidad\u00bb.<\/p>\n<p style=\"text-align: justify\">As\u00ed, las altas autoridades de los pa\u00edses miembros se reunir\u00e1n en privado desde este lunes hasta el s\u00e1bado (como indica su agenda) en Washington para abordar, entre otros aspectos, cuestiones m\u00e1s concretas como la creaci\u00f3n de empleo o la gesti\u00f3n de la deuda.<\/p>\n<div class=\"section\">\n<h2 class=\"ladillo\" style=\"text-align: justify\">Creaci\u00f3n de empleo y el proteccionismo de Estados Unidos<\/h2>\n<p style=\"text-align: justify\">La\u00a0creaci\u00f3n de empleo\u00a0es precisamente el eje de la estrategia que el BM se ha marcado en su lucha contra la pobreza. El presidente del BM insisti\u00f3 el pasado mi\u00e9rcoles en la importancia de este \u00e1mbito porque en la pr\u00f3xima d\u00e9cada se espera que en los pa\u00edses en desarrollo se incorporen al mercado laboral\u00a01.200 millones de j\u00f3venes, unos\u00a0780 millones m\u00e1s con respecto a los nuevos puestos previstos\u00a0para entonces.<\/p>\n<p style=\"text-align: justify\">Banga ha lanzado una alerta sobre ese desequilibrio y tambi\u00e9n sobre el\u00a0proteccionismo impulsado por Estados Unidos. \u00abLa historia demuestra que las econom\u00edas m\u00e1s abiertas tienden a crecer m\u00e1s r\u00e1pido y a resistir mejor las fluctuaciones de las reservas y las crisis\u00bb, ha se\u00f1alado.<\/p>\n<\/div>\n","protected":false},"excerpt":{"rendered":"<p>NOTI-AMERICA.COM | ESPA\u00d1A El Fondo Monetario Internacional (FMI) y el Banco Mundial (BM) inician este lunes sus reuniones de primavera afrontando un escenario que no estaba presente en anteriores encuentros: la guerra arancelaria iniciada&#46;&#46;&#46;<\/p>\n","protected":false},"author":133,"featured_media":65777,"comment_status":"","ping_status":"open","sticky":false,"template":"","format":"image","meta":{"_acf_changed":false,"rop_custom_images_group":[],"rop_custom_messages_group":[],"rop_publish_now":"initial","rop_publish_now_accounts":{"facebook_10219548024599422_1632221337088128":"","twitter_242054905_242054905":""},"rop_publish_now_history":[],"rop_publish_now_status":"pending","footnotes":""},"categories":[5],"tags":[],"class_list":["post-65776","post","type-post","status-publish","format-image","has-post-thumbnail","hentry","category-economia","post_format-post-format-image"],"acf":[],"yoast_head":"<!-- This site is optimized with the Yoast SEO Premium plugin v24.9 (Yoast SEO v27.2) - https:\/\/yoast.com\/product\/yoast-seo-premium-wordpress\/ -->\n<title>El FMI y el Banco Mundial llegan a su reuni\u00f3n de primavera con la guerra arancelaria de Trump como tel\u00f3n de fondo - Noti-America.com<\/title>\n<meta name=\"robots\" content=\"index, follow, max-snippet:-1, max-image-preview:large, max-video-preview:-1\" \/>\n<link rel=\"canonical\" href=\"https:\/\/noti-america.com\/site\/principal\/2025\/04\/21\/el-fmi-y-el-banco-mundial-llegan-a-su-reunion-de-primavera-con-la-guerra-arancelaria-de-trump-como-telon-de-fondo\/\" \/>\n<meta property=\"og:locale\" content=\"es_ES\" \/>\n<meta property=\"og:type\" content=\"article\" \/>\n<meta property=\"og:title\" content=\"El FMI y el Banco Mundial llegan a su reuni\u00f3n de primavera con la guerra arancelaria de Trump como tel\u00f3n de fondo\" \/>\n<meta property=\"og:description\" content=\"NOTI-AMERICA.COM | ESPA\u00d1A El Fondo Monetario Internacional (FMI) y el Banco Mundial (BM) inician este lunes sus reuniones de primavera afrontando un escenario que no estaba presente en anteriores encuentros: la guerra arancelaria iniciada&#046;&#046;&#046;\" \/>\n<meta property=\"og:url\" content=\"https:\/\/noti-america.com\/site\/principal\/2025\/04\/21\/el-fmi-y-el-banco-mundial-llegan-a-su-reunion-de-primavera-con-la-guerra-arancelaria-de-trump-como-telon-de-fondo\/\" \/>\n<meta property=\"og:site_name\" content=\"Noti-America.com\" \/>\n<meta property=\"article:author\" content=\"Mar\u00eda Valentina Noguera\" \/>\n<meta property=\"article:published_time\" content=\"2025-04-21T19:23:11+00:00\" \/>\n<meta property=\"og:image\" content=\"https:\/\/noti-america.com\/site\/principal\/wp-content\/uploads\/sites\/26\/2025\/04\/descargar-2-6.jpg\" \/>\n\t<meta property=\"og:image:width\" content=\"1600\" \/>\n\t<meta property=\"og:image:height\" content=\"900\" \/>\n\t<meta property=\"og:image:type\" content=\"image\/jpeg\" \/>\n<meta name=\"author\" content=\"Maria Valentina Noguera Medina\" \/>\n<meta name=\"twitter:card\" content=\"summary_large_image\" \/>\n<meta name=\"twitter:label1\" content=\"Escrito por\" \/>\n\t<meta name=\"twitter:data1\" content=\"Maria Valentina Noguera Medina\" \/>\n\t<meta name=\"twitter:label2\" content=\"Tiempo estimado de lectura\" \/>\n\t<meta name=\"twitter:data2\" content=\"3 minutos\" \/>\n<script type=\"application\/ld+json\" class=\"yoast-schema-graph\">{\"@context\":\"https:\/\/schema.org\",\"@graph\":[{\"@type\":\"Article\",\"@id\":\"https:\/\/noti-america.com\/site\/principal\/2025\/04\/21\/el-fmi-y-el-banco-mundial-llegan-a-su-reunion-de-primavera-con-la-guerra-arancelaria-de-trump-como-telon-de-fondo\/#article\",\"isPartOf\":{\"@id\":\"https:\/\/noti-america.com\/site\/principal\/2025\/04\/21\/el-fmi-y-el-banco-mundial-llegan-a-su-reunion-de-primavera-con-la-guerra-arancelaria-de-trump-como-telon-de-fondo\/\"},\"author\":{\"name\":\"Maria Valentina Noguera Medina\",\"@id\":\"https:\/\/noti-america.com\/site\/principal\/#\/schema\/person\/22806efcc2cfc4b45efb0e17be210ea8\"},\"headline\":\"El FMI y el Banco Mundial llegan a su reuni\u00f3n de primavera con la guerra arancelaria de Trump como tel\u00f3n de fondo\",\"datePublished\":\"2025-04-21T19:23:11+00:00\",\"mainEntityOfPage\":{\"@id\":\"https:\/\/noti-america.com\/site\/principal\/2025\/04\/21\/el-fmi-y-el-banco-mundial-llegan-a-su-reunion-de-primavera-con-la-guerra-arancelaria-de-trump-como-telon-de-fondo\/\"},\"wordCount\":530,\"image\":{\"@id\":\"https:\/\/noti-america.com\/site\/principal\/2025\/04\/21\/el-fmi-y-el-banco-mundial-llegan-a-su-reunion-de-primavera-con-la-guerra-arancelaria-de-trump-como-telon-de-fondo\/#primaryimage\"},\"thumbnailUrl\":\"https:\/\/noti-america.com\/site\/principal\/wp-content\/uploads\/sites\/26\/2025\/04\/descargar-2-6.jpg\",\"articleSection\":[\"Econom\u00eda\"],\"inLanguage\":\"es\"},{\"@type\":\"WebPage\",\"@id\":\"https:\/\/noti-america.com\/site\/principal\/2025\/04\/21\/el-fmi-y-el-banco-mundial-llegan-a-su-reunion-de-primavera-con-la-guerra-arancelaria-de-trump-como-telon-de-fondo\/\",\"url\":\"https:\/\/noti-america.com\/site\/principal\/2025\/04\/21\/el-fmi-y-el-banco-mundial-llegan-a-su-reunion-de-primavera-con-la-guerra-arancelaria-de-trump-como-telon-de-fondo\/\",\"name\":\"El FMI y el Banco Mundial llegan a su reuni\u00f3n de primavera con la guerra arancelaria de Trump como tel\u00f3n de fondo - Noti-America.com\",\"isPartOf\":{\"@id\":\"https:\/\/noti-america.com\/site\/principal\/#website\"},\"primaryImageOfPage\":{\"@id\":\"https:\/\/noti-america.com\/site\/principal\/2025\/04\/21\/el-fmi-y-el-banco-mundial-llegan-a-su-reunion-de-primavera-con-la-guerra-arancelaria-de-trump-como-telon-de-fondo\/#primaryimage\"},\"image\":{\"@id\":\"https:\/\/noti-america.com\/site\/principal\/2025\/04\/21\/el-fmi-y-el-banco-mundial-llegan-a-su-reunion-de-primavera-con-la-guerra-arancelaria-de-trump-como-telon-de-fondo\/#primaryimage\"},\"thumbnailUrl\":\"https:\/\/noti-america.com\/site\/principal\/wp-content\/uploads\/sites\/26\/2025\/04\/descargar-2-6.jpg\",\"datePublished\":\"2025-04-21T19:23:11+00:00\",\"author\":{\"@id\":\"https:\/\/noti-america.com\/site\/principal\/#\/schema\/person\/22806efcc2cfc4b45efb0e17be210ea8\"},\"breadcrumb\":{\"@id\":\"https:\/\/noti-america.com\/site\/principal\/2025\/04\/21\/el-fmi-y-el-banco-mundial-llegan-a-su-reunion-de-primavera-con-la-guerra-arancelaria-de-trump-como-telon-de-fondo\/#breadcrumb\"},\"inLanguage\":\"es\",\"potentialAction\":[{\"@type\":\"ReadAction\",\"target\":[\"https:\/\/noti-america.com\/site\/principal\/2025\/04\/21\/el-fmi-y-el-banco-mundial-llegan-a-su-reunion-de-primavera-con-la-guerra-arancelaria-de-trump-como-telon-de-fondo\/\"]}]},{\"@type\":\"ImageObject\",\"inLanguage\":\"es\",\"@id\":\"https:\/\/noti-america.com\/site\/principal\/2025\/04\/21\/el-fmi-y-el-banco-mundial-llegan-a-su-reunion-de-primavera-con-la-guerra-arancelaria-de-trump-como-telon-de-fondo\/#primaryimage\",\"url\":\"https:\/\/noti-america.com\/site\/principal\/wp-content\/uploads\/sites\/26\/2025\/04\/descargar-2-6.jpg\",\"contentUrl\":\"https:\/\/noti-america.com\/site\/principal\/wp-content\/uploads\/sites\/26\/2025\/04\/descargar-2-6.jpg\",\"width\":1600,\"height\":900},{\"@type\":\"BreadcrumbList\",\"@id\":\"https:\/\/noti-america.com\/site\/principal\/2025\/04\/21\/el-fmi-y-el-banco-mundial-llegan-a-su-reunion-de-primavera-con-la-guerra-arancelaria-de-trump-como-telon-de-fondo\/#breadcrumb\",\"itemListElement\":[{\"@type\":\"ListItem\",\"position\":1,\"name\":\"Portada\",\"item\":\"https:\/\/noti-america.com\/site\/principal\/\"},{\"@type\":\"ListItem\",\"position\":2,\"name\":\"El FMI y el Banco Mundial llegan a su reuni\u00f3n de primavera con la guerra arancelaria de Trump como tel\u00f3n de fondo\"}]},{\"@type\":\"WebSite\",\"@id\":\"https:\/\/noti-america.com\/site\/principal\/#website\",\"url\":\"https:\/\/noti-america.com\/site\/principal\/\",\"name\":\"Noti-America.com\",\"description\":\"El Noticiero Digital M\u00e1s Grande de Am\u00e9rica\",\"potentialAction\":[{\"@type\":\"SearchAction\",\"target\":{\"@type\":\"EntryPoint\",\"urlTemplate\":\"https:\/\/noti-america.com\/site\/principal\/?s={search_term_string}\"},\"query-input\":{\"@type\":\"PropertyValueSpecification\",\"valueRequired\":true,\"valueName\":\"search_term_string\"}}],\"inLanguage\":\"es\"},{\"@type\":\"Person\",\"@id\":\"https:\/\/noti-america.com\/site\/principal\/#\/schema\/person\/22806efcc2cfc4b45efb0e17be210ea8\",\"name\":\"Maria Valentina Noguera Medina\",\"image\":{\"@type\":\"ImageObject\",\"inLanguage\":\"es\",\"@id\":\"https:\/\/secure.gravatar.com\/avatar\/4ec5eb9d099f2608a49c9df6f7341f66f04f819cdffa09d56a7a0e91d2819d56?s=96&d=mm&r=g\",\"url\":\"https:\/\/secure.gravatar.com\/avatar\/4ec5eb9d099f2608a49c9df6f7341f66f04f819cdffa09d56a7a0e91d2819d56?s=96&d=mm&r=g\",\"contentUrl\":\"https:\/\/secure.gravatar.com\/avatar\/4ec5eb9d099f2608a49c9df6f7341f66f04f819cdffa09d56a7a0e91d2819d56?s=96&d=mm&r=g\",\"caption\":\"Maria Valentina Noguera Medina\"},\"description\":\"Periodista - noti-america - Promar Community Manager - Talento Plus Dise\u00f1adora\/ creadora de contenido...\",\"sameAs\":[\"Mar\u00eda Valentina Noguera\",\"https:\/\/www.facebook.com\/mariavalentina.noguera\",\"https:\/\/www.linkedin.com\/in\/mara-valentina-noguera-medina-373075165\/\",\"https:\/\/www.pinterest.es\/valentinanoguera95\/\",\"https:\/\/www.youtube.com\/channel\/UCdek6mbUZ-Tqqw0I63i4nmQ\"],\"url\":\"https:\/\/noti-america.com\/site\/principal\/author\/mnoguera\/\"}]}<\/script>\n<!-- \/ Yoast SEO Premium plugin. -->","yoast_head_json":{"title":"El FMI y el Banco Mundial llegan a su reuni\u00f3n de primavera con la guerra arancelaria de Trump como tel\u00f3n de fondo - Noti-America.com","robots":{"index":"index","follow":"follow","max-snippet":"max-snippet:-1","max-image-preview":"max-image-preview:large","max-video-preview":"max-video-preview:-1"},"canonical":"https:\/\/noti-america.com\/site\/principal\/2025\/04\/21\/el-fmi-y-el-banco-mundial-llegan-a-su-reunion-de-primavera-con-la-guerra-arancelaria-de-trump-como-telon-de-fondo\/","og_locale":"es_ES","og_type":"article","og_title":"El FMI y el Banco Mundial llegan a su reuni\u00f3n de primavera con la guerra arancelaria de Trump como tel\u00f3n de fondo","og_description":"NOTI-AMERICA.COM | ESPA\u00d1A El Fondo Monetario Internacional (FMI) y el Banco Mundial (BM) inician este lunes sus reuniones de primavera afrontando un escenario que no estaba presente en anteriores encuentros: la guerra arancelaria iniciada&#46;&#46;&#46;","og_url":"https:\/\/noti-america.com\/site\/principal\/2025\/04\/21\/el-fmi-y-el-banco-mundial-llegan-a-su-reunion-de-primavera-con-la-guerra-arancelaria-de-trump-como-telon-de-fondo\/","og_site_name":"Noti-America.com","article_author":"Mar\u00eda Valentina Noguera","article_published_time":"2025-04-21T19:23:11+00:00","og_image":[{"width":1600,"height":900,"url":"https:\/\/noti-america.com\/site\/principal\/wp-content\/uploads\/sites\/26\/2025\/04\/descargar-2-6.jpg","type":"image\/jpeg"}],"author":"Maria Valentina Noguera Medina","twitter_card":"summary_large_image","twitter_misc":{"Escrito por":"Maria Valentina Noguera Medina","Tiempo estimado de lectura":"3 minutos"},"schema":{"@context":"https:\/\/schema.org","@graph":[{"@type":"Article","@id":"https:\/\/noti-america.com\/site\/principal\/2025\/04\/21\/el-fmi-y-el-banco-mundial-llegan-a-su-reunion-de-primavera-con-la-guerra-arancelaria-de-trump-como-telon-de-fondo\/#article","isPartOf":{"@id":"https:\/\/noti-america.com\/site\/principal\/2025\/04\/21\/el-fmi-y-el-banco-mundial-llegan-a-su-reunion-de-primavera-con-la-guerra-arancelaria-de-trump-como-telon-de-fondo\/"},"author":{"name":"Maria Valentina Noguera Medina","@id":"https:\/\/noti-america.com\/site\/principal\/#\/schema\/person\/22806efcc2cfc4b45efb0e17be210ea8"},"headline":"El FMI y el Banco Mundial llegan a su reuni\u00f3n de primavera con la guerra arancelaria de Trump como tel\u00f3n de fondo","datePublished":"2025-04-21T19:23:11+00:00","mainEntityOfPage":{"@id":"https:\/\/noti-america.com\/site\/principal\/2025\/04\/21\/el-fmi-y-el-banco-mundial-llegan-a-su-reunion-de-primavera-con-la-guerra-arancelaria-de-trump-como-telon-de-fondo\/"},"wordCount":530,"image":{"@id":"https:\/\/noti-america.com\/site\/principal\/2025\/04\/21\/el-fmi-y-el-banco-mundial-llegan-a-su-reunion-de-primavera-con-la-guerra-arancelaria-de-trump-como-telon-de-fondo\/#primaryimage"},"thumbnailUrl":"https:\/\/noti-america.com\/site\/principal\/wp-content\/uploads\/sites\/26\/2025\/04\/descargar-2-6.jpg","articleSection":["Econom\u00eda"],"inLanguage":"es"},{"@type":"WebPage","@id":"https:\/\/noti-america.com\/site\/principal\/2025\/04\/21\/el-fmi-y-el-banco-mundial-llegan-a-su-reunion-de-primavera-con-la-guerra-arancelaria-de-trump-como-telon-de-fondo\/","url":"https:\/\/noti-america.com\/site\/principal\/2025\/04\/21\/el-fmi-y-el-banco-mundial-llegan-a-su-reunion-de-primavera-con-la-guerra-arancelaria-de-trump-como-telon-de-fondo\/","name":"El FMI y el Banco Mundial llegan a su reuni\u00f3n de primavera con la guerra arancelaria de Trump como tel\u00f3n de fondo - Noti-America.com","isPartOf":{"@id":"https:\/\/noti-america.com\/site\/principal\/#website"},"primaryImageOfPage":{"@id":"https:\/\/noti-america.com\/site\/principal\/2025\/04\/21\/el-fmi-y-el-banco-mundial-llegan-a-su-reunion-de-primavera-con-la-guerra-arancelaria-de-trump-como-telon-de-fondo\/#primaryimage"},"image":{"@id":"https:\/\/noti-america.com\/site\/principal\/2025\/04\/21\/el-fmi-y-el-banco-mundial-llegan-a-su-reunion-de-primavera-con-la-guerra-arancelaria-de-trump-como-telon-de-fondo\/#primaryimage"},"thumbnailUrl":"https:\/\/noti-america.com\/site\/principal\/wp-content\/uploads\/sites\/26\/2025\/04\/descargar-2-6.jpg","datePublished":"2025-04-21T19:23:11+00:00","author":{"@id":"https:\/\/noti-america.com\/site\/principal\/#\/schema\/person\/22806efcc2cfc4b45efb0e17be210ea8"},"breadcrumb":{"@id":"https:\/\/noti-america.com\/site\/principal\/2025\/04\/21\/el-fmi-y-el-banco-mundial-llegan-a-su-reunion-de-primavera-con-la-guerra-arancelaria-de-trump-como-telon-de-fondo\/#breadcrumb"},"inLanguage":"es","potentialAction":[{"@type":"ReadAction","target":["https:\/\/noti-america.com\/site\/principal\/2025\/04\/21\/el-fmi-y-el-banco-mundial-llegan-a-su-reunion-de-primavera-con-la-guerra-arancelaria-de-trump-como-telon-de-fondo\/"]}]},{"@type":"ImageObject","inLanguage":"es","@id":"https:\/\/noti-america.com\/site\/principal\/2025\/04\/21\/el-fmi-y-el-banco-mundial-llegan-a-su-reunion-de-primavera-con-la-guerra-arancelaria-de-trump-como-telon-de-fondo\/#primaryimage","url":"https:\/\/noti-america.com\/site\/principal\/wp-content\/uploads\/sites\/26\/2025\/04\/descargar-2-6.jpg","contentUrl":"https:\/\/noti-america.com\/site\/principal\/wp-content\/uploads\/sites\/26\/2025\/04\/descargar-2-6.jpg","width":1600,"height":900},{"@type":"BreadcrumbList","@id":"https:\/\/noti-america.com\/site\/principal\/2025\/04\/21\/el-fmi-y-el-banco-mundial-llegan-a-su-reunion-de-primavera-con-la-guerra-arancelaria-de-trump-como-telon-de-fondo\/#breadcrumb","itemListElement":[{"@type":"ListItem","position":1,"name":"Portada","item":"https:\/\/noti-america.com\/site\/principal\/"},{"@type":"ListItem","position":2,"name":"El FMI y el Banco Mundial llegan a su reuni\u00f3n de primavera con la guerra arancelaria de Trump como tel\u00f3n de fondo"}]},{"@type":"WebSite","@id":"https:\/\/noti-america.com\/site\/principal\/#website","url":"https:\/\/noti-america.com\/site\/principal\/","name":"Noti-America.com","description":"El Noticiero Digital M\u00e1s Grande de Am\u00e9rica","potentialAction":[{"@type":"SearchAction","target":{"@type":"EntryPoint","urlTemplate":"https:\/\/noti-america.com\/site\/principal\/?s={search_term_string}"},"query-input":{"@type":"PropertyValueSpecification","valueRequired":true,"valueName":"search_term_string"}}],"inLanguage":"es"},{"@type":"Person","@id":"https:\/\/noti-america.com\/site\/principal\/#\/schema\/person\/22806efcc2cfc4b45efb0e17be210ea8","name":"Maria Valentina Noguera Medina","image":{"@type":"ImageObject","inLanguage":"es","@id":"https:\/\/secure.gravatar.com\/avatar\/4ec5eb9d099f2608a49c9df6f7341f66f04f819cdffa09d56a7a0e91d2819d56?s=96&d=mm&r=g","url":"https:\/\/secure.gravatar.com\/avatar\/4ec5eb9d099f2608a49c9df6f7341f66f04f819cdffa09d56a7a0e91d2819d56?s=96&d=mm&r=g","contentUrl":"https:\/\/secure.gravatar.com\/avatar\/4ec5eb9d099f2608a49c9df6f7341f66f04f819cdffa09d56a7a0e91d2819d56?s=96&d=mm&r=g","caption":"Maria Valentina Noguera Medina"},"description":"Periodista - noti-america - Promar Community Manager - Talento Plus Dise\u00f1adora\/ creadora de contenido...","sameAs":["Mar\u00eda Valentina Noguera","https:\/\/www.facebook.com\/mariavalentina.noguera","https:\/\/www.linkedin.com\/in\/mara-valentina-noguera-medina-373075165\/","https:\/\/www.pinterest.es\/valentinanoguera95\/","https:\/\/www.youtube.com\/channel\/UCdek6mbUZ-Tqqw0I63i4nmQ"],"url":"https:\/\/noti-america.com\/site\/principal\/author\/mnoguera\/"}]}},"_links":{"self":[{"href":"https:\/\/noti-america.com\/site\/principal\/wp-json\/wp\/v2\/posts\/65776","targetHints":{"allow":["GET"]}}],"collection":[{"href":"https:\/\/noti-america.com\/site\/principal\/wp-json\/wp\/v2\/posts"}],"about":[{"href":"https:\/\/noti-america.com\/site\/principal\/wp-json\/wp\/v2\/types\/post"}],"author":[{"embeddable":true,"href":"https:\/\/noti-america.com\/site\/principal\/wp-json\/wp\/v2\/users\/133"}],"replies":[{"embeddable":true,"href":"https:\/\/noti-america.com\/site\/principal\/wp-json\/wp\/v2\/comments?post=65776"}],"version-history":[{"count":1,"href":"https:\/\/noti-america.com\/site\/principal\/wp-json\/wp\/v2\/posts\/65776\/revisions"}],"predecessor-version":[{"id":65827,"href":"https:\/\/noti-america.com\/site\/principal\/wp-json\/wp\/v2\/posts\/65776\/revisions\/65827"}],"wp:featuredmedia":[{"embeddable":true,"href":"https:\/\/noti-america.com\/site\/principal\/wp-json\/wp\/v2\/media\/65777"}],"wp:attachment":[{"href":"https:\/\/noti-america.com\/site\/principal\/wp-json\/wp\/v2\/media?parent=65776"}],"wp:term":[{"taxonomy":"category","embeddable":true,"href":"https:\/\/noti-america.com\/site\/principal\/wp-json\/wp\/v2\/categories?post=65776"},{"taxonomy":"post_tag","embeddable":true,"href":"https:\/\/noti-america.com\/site\/principal\/wp-json\/wp\/v2\/tags?post=65776"}],"curies":[{"name":"wp","href":"https:\/\/api.w.org\/{rel}","templated":true}]}}