{"id":65774,"date":"2025-04-21T15:20:38","date_gmt":"2025-04-21T19:20:38","guid":{"rendered":"https:\/\/noti-america.com\/site\/principal\/?p=65774"},"modified":"2025-04-21T15:20:38","modified_gmt":"2025-04-21T19:20:38","slug":"los-sindicatos-llaman-a-movilizarse-este-1-de-mayo-para-luchar-por-la-reduccion-de-la-jornada-y-reformar-el-despido","status":"publish","type":"post","link":"https:\/\/noti-america.com\/site\/principal\/2025\/04\/21\/los-sindicatos-llaman-a-movilizarse-este-1-de-mayo-para-luchar-por-la-reduccion-de-la-jornada-y-reformar-el-despido\/","title":{"rendered":"Los sindicatos llaman a movilizarse este 1 de mayo para luchar por la reducci\u00f3n de la jornada y reformar el despido"},"content":{"rendered":"<p>NOTI-AMERICA.COM | ESPA\u00d1A<\/p>\n<p style=\"text-align: justify\">Los sindicatos UGT y Comisiones Obreras (CC.OO.) han llamado a los trabajadores a movilizarse este 1 de mayo con dos reclamos: que se cumpla el acuerdo para<strong>\u00a0rebajar la jornada laboral a 37,5 horas\u00a0<\/strong>en 2025 y que se inicie una mesa de di\u00e1logo social en la segunda parte de la legislatura que permita emprender la<strong>\u00a0reforma del despido\u00a0<\/strong>en Espa\u00f1a.<\/p>\n<p style=\"text-align: justify\">As\u00ed lo han indicado este lunes el secretario general de UGT, Pepe \u00c1lvarez, y el de CC.OO., Unai Sordo, en la rueda de prensa para presentar las concentraciones para el D\u00eda de los Trabajadores. Bajo el lema &#8216;Proteger lo conquistado, ganar futuro&#8217;, han convocado movilizaciones en\u00a0<strong>m\u00e1s de 50 ciudades de Espa\u00f1a\u00a0<\/strong>por el 1 de Mayo. Ambos l\u00edderes sindicales estar\u00e1n presentes en la manifestaci\u00f3n de Madrid, que se iniciar\u00e1 a las 12.00 horas el pr\u00f3ximo 1 de mayo.<\/p>\n<p style=\"text-align: justify\">Los dos sindicatos han recalcado que este D\u00eda de los Trabajadores deber\u00eda haberse planteado como un \u00abclamor\u00bb por la rebaja de la jornada, pero que el contexto actual de la guerra arancelaria impulsada por el presidente de Estados Unidos, Donald Trump, ha hecho que la reivindicaci\u00f3n este a\u00f1o tenga<strong>\u00a0m\u00e1s \u00abconnotaciones globales\u00bb que en otras ocasiones.<\/strong>\u00a0\u00abEste 1 de mayo invita a salir a la inmensa poblaci\u00f3n de nuestro pa\u00eds a la calle\u00bb, ha se\u00f1alado \u00c1lvarez.<\/p>\n<div class=\"section\">\n<h2 class=\"ladillo\" style=\"text-align: justify\">Aprobar la reducci\u00f3n de jornada<\/h2>\n<p style=\"text-align: justify\">Uno de los puntos claves que los sindicatos han situado para este 1 de Mayo es la\u00a0<strong>reducci\u00f3n de la jornada laboral,<\/strong>\u00a0un anteproyecto de ley que sigue pendiente de pasar por segunda vuelta en el Consejo de Ministros para dar v\u00eda a su negociaci\u00f3n en el Congreso de los Diputados.<\/p>\n<p style=\"text-align: justify\">As\u00ed, ambos han emplazado al Consejo de Ministros a que apruebe en segunda vuelta el proyecto de ley de reducci\u00f3n de la jornada laboral para\u00a0<strong>que comience cuanto antes su tramitaci\u00f3n parlamentaria,<\/strong>\u00a0\u00abporque la incertidumbre empieza a dificultar los procesos en la negociaci\u00f3n colectiva\u00bb.<\/p>\n<p style=\"text-align: justify\">En este sentido, \u00c1lvarez ha avisado de que los grupos parlamentarios que<strong>\u00a0\u00abimpidan o limiten\u00bb su aprobaci\u00f3n\u00a0<\/strong>sentir\u00e1n la<strong>\u00a0presi\u00f3n de la calle<\/strong>, porque esta ley es un \u00abclamor popular\u00bb; y al Gobierno le ha advertido de que, de no aprobar el anteproyecto de ley, empezar\u00e1n las movilizaciones.<\/p>\n<\/div>\n","protected":false},"excerpt":{"rendered":"<p>NOTI-AMERICA.COM | ESPA\u00d1A Los sindicatos UGT y Comisiones Obreras (CC.OO.) han llamado a los trabajadores a movilizarse este 1 de mayo con dos reclamos: que se cumpla el acuerdo para\u00a0rebajar la jornada laboral a&#46;&#46;&#46;<\/p>\n","protected":false},"author":133,"featured_media":65775,"comment_status":"","ping_status":"open","sticky":false,"template":"","format":"image","meta":{"_acf_changed":false,"rop_custom_images_group":[],"rop_custom_messages_group":[],"rop_publish_now":"initial","rop_publish_now_accounts":{"facebook_10219548024599422_1632221337088128":"","twitter_242054905_242054905":""},"rop_publish_now_history":[],"rop_publish_now_status":"pending","footnotes":""},"categories":[5],"tags":[],"class_list":["post-65774","post","type-post","status-publish","format-image","has-post-thumbnail","hentry","category-economia","post_format-post-format-image"],"acf":[],"yoast_head":"<!-- This site is optimized with the Yoast SEO Premium plugin v24.9 (Yoast SEO v27.2) - https:\/\/yoast.com\/product\/yoast-seo-premium-wordpress\/ -->\n<title>Los sindicatos llaman a movilizarse este 1 de mayo para luchar por la reducci\u00f3n de la jornada y reformar el despido - Noti-America.com<\/title>\n<meta name=\"robots\" content=\"index, follow, max-snippet:-1, max-image-preview:large, max-video-preview:-1\" \/>\n<link rel=\"canonical\" href=\"https:\/\/noti-america.com\/site\/principal\/2025\/04\/21\/los-sindicatos-llaman-a-movilizarse-este-1-de-mayo-para-luchar-por-la-reduccion-de-la-jornada-y-reformar-el-despido\/\" \/>\n<meta property=\"og:locale\" content=\"es_ES\" \/>\n<meta property=\"og:type\" content=\"article\" \/>\n<meta property=\"og:title\" content=\"Los sindicatos llaman a movilizarse este 1 de mayo para luchar por la reducci\u00f3n de la jornada y reformar el despido\" \/>\n<meta property=\"og:description\" content=\"NOTI-AMERICA.COM | ESPA\u00d1A Los sindicatos UGT y Comisiones Obreras (CC.OO.) han llamado a los trabajadores a movilizarse este 1 de mayo con dos reclamos: que se cumpla el acuerdo para\u00a0rebajar la jornada laboral a&#046;&#046;&#046;\" \/>\n<meta property=\"og:url\" content=\"https:\/\/noti-america.com\/site\/principal\/2025\/04\/21\/los-sindicatos-llaman-a-movilizarse-este-1-de-mayo-para-luchar-por-la-reduccion-de-la-jornada-y-reformar-el-despido\/\" \/>\n<meta property=\"og:site_name\" content=\"Noti-America.com\" \/>\n<meta property=\"article:author\" content=\"Mar\u00eda Valentina Noguera\" \/>\n<meta property=\"article:published_time\" content=\"2025-04-21T19:20:38+00:00\" \/>\n<meta property=\"og:image\" content=\"https:\/\/noti-america.com\/site\/principal\/wp-content\/uploads\/sites\/26\/2025\/04\/descargar-1-7.jpg\" \/>\n\t<meta property=\"og:image:width\" content=\"1600\" \/>\n\t<meta property=\"og:image:height\" content=\"900\" \/>\n\t<meta property=\"og:image:type\" content=\"image\/jpeg\" \/>\n<meta name=\"author\" content=\"Maria Valentina Noguera Medina\" \/>\n<meta name=\"twitter:card\" content=\"summary_large_image\" \/>\n<meta name=\"twitter:label1\" content=\"Escrito por\" \/>\n\t<meta name=\"twitter:data1\" content=\"Maria Valentina Noguera Medina\" \/>\n\t<meta name=\"twitter:label2\" content=\"Tiempo estimado de lectura\" \/>\n\t<meta name=\"twitter:data2\" content=\"2 minutos\" \/>\n<script type=\"application\/ld+json\" class=\"yoast-schema-graph\">{\"@context\":\"https:\/\/schema.org\",\"@graph\":[{\"@type\":\"Article\",\"@id\":\"https:\/\/noti-america.com\/site\/principal\/2025\/04\/21\/los-sindicatos-llaman-a-movilizarse-este-1-de-mayo-para-luchar-por-la-reduccion-de-la-jornada-y-reformar-el-despido\/#article\",\"isPartOf\":{\"@id\":\"https:\/\/noti-america.com\/site\/principal\/2025\/04\/21\/los-sindicatos-llaman-a-movilizarse-este-1-de-mayo-para-luchar-por-la-reduccion-de-la-jornada-y-reformar-el-despido\/\"},\"author\":{\"name\":\"Maria Valentina Noguera Medina\",\"@id\":\"https:\/\/noti-america.com\/site\/principal\/#\/schema\/person\/22806efcc2cfc4b45efb0e17be210ea8\"},\"headline\":\"Los sindicatos llaman a movilizarse este 1 de mayo para luchar por la reducci\u00f3n de la jornada y reformar el despido\",\"datePublished\":\"2025-04-21T19:20:38+00:00\",\"mainEntityOfPage\":{\"@id\":\"https:\/\/noti-america.com\/site\/principal\/2025\/04\/21\/los-sindicatos-llaman-a-movilizarse-este-1-de-mayo-para-luchar-por-la-reduccion-de-la-jornada-y-reformar-el-despido\/\"},\"wordCount\":410,\"image\":{\"@id\":\"https:\/\/noti-america.com\/site\/principal\/2025\/04\/21\/los-sindicatos-llaman-a-movilizarse-este-1-de-mayo-para-luchar-por-la-reduccion-de-la-jornada-y-reformar-el-despido\/#primaryimage\"},\"thumbnailUrl\":\"https:\/\/noti-america.com\/site\/principal\/wp-content\/uploads\/sites\/26\/2025\/04\/descargar-1-7.jpg\",\"articleSection\":[\"Econom\u00eda\"],\"inLanguage\":\"es\"},{\"@type\":\"WebPage\",\"@id\":\"https:\/\/noti-america.com\/site\/principal\/2025\/04\/21\/los-sindicatos-llaman-a-movilizarse-este-1-de-mayo-para-luchar-por-la-reduccion-de-la-jornada-y-reformar-el-despido\/\",\"url\":\"https:\/\/noti-america.com\/site\/principal\/2025\/04\/21\/los-sindicatos-llaman-a-movilizarse-este-1-de-mayo-para-luchar-por-la-reduccion-de-la-jornada-y-reformar-el-despido\/\",\"name\":\"Los sindicatos llaman a movilizarse este 1 de mayo para luchar por la reducci\u00f3n de la jornada y reformar el despido - Noti-America.com\",\"isPartOf\":{\"@id\":\"https:\/\/noti-america.com\/site\/principal\/#website\"},\"primaryImageOfPage\":{\"@id\":\"https:\/\/noti-america.com\/site\/principal\/2025\/04\/21\/los-sindicatos-llaman-a-movilizarse-este-1-de-mayo-para-luchar-por-la-reduccion-de-la-jornada-y-reformar-el-despido\/#primaryimage\"},\"image\":{\"@id\":\"https:\/\/noti-america.com\/site\/principal\/2025\/04\/21\/los-sindicatos-llaman-a-movilizarse-este-1-de-mayo-para-luchar-por-la-reduccion-de-la-jornada-y-reformar-el-despido\/#primaryimage\"},\"thumbnailUrl\":\"https:\/\/noti-america.com\/site\/principal\/wp-content\/uploads\/sites\/26\/2025\/04\/descargar-1-7.jpg\",\"datePublished\":\"2025-04-21T19:20:38+00:00\",\"author\":{\"@id\":\"https:\/\/noti-america.com\/site\/principal\/#\/schema\/person\/22806efcc2cfc4b45efb0e17be210ea8\"},\"breadcrumb\":{\"@id\":\"https:\/\/noti-america.com\/site\/principal\/2025\/04\/21\/los-sindicatos-llaman-a-movilizarse-este-1-de-mayo-para-luchar-por-la-reduccion-de-la-jornada-y-reformar-el-despido\/#breadcrumb\"},\"inLanguage\":\"es\",\"potentialAction\":[{\"@type\":\"ReadAction\",\"target\":[\"https:\/\/noti-america.com\/site\/principal\/2025\/04\/21\/los-sindicatos-llaman-a-movilizarse-este-1-de-mayo-para-luchar-por-la-reduccion-de-la-jornada-y-reformar-el-despido\/\"]}]},{\"@type\":\"ImageObject\",\"inLanguage\":\"es\",\"@id\":\"https:\/\/noti-america.com\/site\/principal\/2025\/04\/21\/los-sindicatos-llaman-a-movilizarse-este-1-de-mayo-para-luchar-por-la-reduccion-de-la-jornada-y-reformar-el-despido\/#primaryimage\",\"url\":\"https:\/\/noti-america.com\/site\/principal\/wp-content\/uploads\/sites\/26\/2025\/04\/descargar-1-7.jpg\",\"contentUrl\":\"https:\/\/noti-america.com\/site\/principal\/wp-content\/uploads\/sites\/26\/2025\/04\/descargar-1-7.jpg\",\"width\":1600,\"height\":900},{\"@type\":\"BreadcrumbList\",\"@id\":\"https:\/\/noti-america.com\/site\/principal\/2025\/04\/21\/los-sindicatos-llaman-a-movilizarse-este-1-de-mayo-para-luchar-por-la-reduccion-de-la-jornada-y-reformar-el-despido\/#breadcrumb\",\"itemListElement\":[{\"@type\":\"ListItem\",\"position\":1,\"name\":\"Portada\",\"item\":\"https:\/\/noti-america.com\/site\/principal\/\"},{\"@type\":\"ListItem\",\"position\":2,\"name\":\"Los sindicatos llaman a movilizarse este 1 de mayo para luchar por la reducci\u00f3n de la jornada y reformar el despido\"}]},{\"@type\":\"WebSite\",\"@id\":\"https:\/\/noti-america.com\/site\/principal\/#website\",\"url\":\"https:\/\/noti-america.com\/site\/principal\/\",\"name\":\"Noti-America.com\",\"description\":\"El Noticiero Digital M\u00e1s Grande de Am\u00e9rica\",\"potentialAction\":[{\"@type\":\"SearchAction\",\"target\":{\"@type\":\"EntryPoint\",\"urlTemplate\":\"https:\/\/noti-america.com\/site\/principal\/?s={search_term_string}\"},\"query-input\":{\"@type\":\"PropertyValueSpecification\",\"valueRequired\":true,\"valueName\":\"search_term_string\"}}],\"inLanguage\":\"es\"},{\"@type\":\"Person\",\"@id\":\"https:\/\/noti-america.com\/site\/principal\/#\/schema\/person\/22806efcc2cfc4b45efb0e17be210ea8\",\"name\":\"Maria Valentina Noguera Medina\",\"image\":{\"@type\":\"ImageObject\",\"inLanguage\":\"es\",\"@id\":\"https:\/\/secure.gravatar.com\/avatar\/4ec5eb9d099f2608a49c9df6f7341f66f04f819cdffa09d56a7a0e91d2819d56?s=96&d=mm&r=g\",\"url\":\"https:\/\/secure.gravatar.com\/avatar\/4ec5eb9d099f2608a49c9df6f7341f66f04f819cdffa09d56a7a0e91d2819d56?s=96&d=mm&r=g\",\"contentUrl\":\"https:\/\/secure.gravatar.com\/avatar\/4ec5eb9d099f2608a49c9df6f7341f66f04f819cdffa09d56a7a0e91d2819d56?s=96&d=mm&r=g\",\"caption\":\"Maria Valentina Noguera Medina\"},\"description\":\"Periodista - noti-america - Promar Community Manager - Talento Plus Dise\u00f1adora\/ creadora de contenido...\",\"sameAs\":[\"Mar\u00eda Valentina Noguera\",\"https:\/\/www.facebook.com\/mariavalentina.noguera\",\"https:\/\/www.linkedin.com\/in\/mara-valentina-noguera-medina-373075165\/\",\"https:\/\/www.pinterest.es\/valentinanoguera95\/\",\"https:\/\/www.youtube.com\/channel\/UCdek6mbUZ-Tqqw0I63i4nmQ\"],\"url\":\"https:\/\/noti-america.com\/site\/principal\/author\/mnoguera\/\"}]}<\/script>\n<!-- \/ Yoast SEO Premium plugin. -->","yoast_head_json":{"title":"Los sindicatos llaman a movilizarse este 1 de mayo para luchar por la reducci\u00f3n de la jornada y reformar el despido - Noti-America.com","robots":{"index":"index","follow":"follow","max-snippet":"max-snippet:-1","max-image-preview":"max-image-preview:large","max-video-preview":"max-video-preview:-1"},"canonical":"https:\/\/noti-america.com\/site\/principal\/2025\/04\/21\/los-sindicatos-llaman-a-movilizarse-este-1-de-mayo-para-luchar-por-la-reduccion-de-la-jornada-y-reformar-el-despido\/","og_locale":"es_ES","og_type":"article","og_title":"Los sindicatos llaman a movilizarse este 1 de mayo para luchar por la reducci\u00f3n de la jornada y reformar el despido","og_description":"NOTI-AMERICA.COM | ESPA\u00d1A Los sindicatos UGT y Comisiones Obreras (CC.OO.) han llamado a los trabajadores a movilizarse este 1 de mayo con dos reclamos: que se cumpla el acuerdo para\u00a0rebajar la jornada laboral a&#46;&#46;&#46;","og_url":"https:\/\/noti-america.com\/site\/principal\/2025\/04\/21\/los-sindicatos-llaman-a-movilizarse-este-1-de-mayo-para-luchar-por-la-reduccion-de-la-jornada-y-reformar-el-despido\/","og_site_name":"Noti-America.com","article_author":"Mar\u00eda Valentina Noguera","article_published_time":"2025-04-21T19:20:38+00:00","og_image":[{"width":1600,"height":900,"url":"https:\/\/noti-america.com\/site\/principal\/wp-content\/uploads\/sites\/26\/2025\/04\/descargar-1-7.jpg","type":"image\/jpeg"}],"author":"Maria Valentina Noguera Medina","twitter_card":"summary_large_image","twitter_misc":{"Escrito por":"Maria Valentina Noguera Medina","Tiempo estimado de lectura":"2 minutos"},"schema":{"@context":"https:\/\/schema.org","@graph":[{"@type":"Article","@id":"https:\/\/noti-america.com\/site\/principal\/2025\/04\/21\/los-sindicatos-llaman-a-movilizarse-este-1-de-mayo-para-luchar-por-la-reduccion-de-la-jornada-y-reformar-el-despido\/#article","isPartOf":{"@id":"https:\/\/noti-america.com\/site\/principal\/2025\/04\/21\/los-sindicatos-llaman-a-movilizarse-este-1-de-mayo-para-luchar-por-la-reduccion-de-la-jornada-y-reformar-el-despido\/"},"author":{"name":"Maria Valentina Noguera Medina","@id":"https:\/\/noti-america.com\/site\/principal\/#\/schema\/person\/22806efcc2cfc4b45efb0e17be210ea8"},"headline":"Los sindicatos llaman a movilizarse este 1 de mayo para luchar por la reducci\u00f3n de la jornada y reformar el despido","datePublished":"2025-04-21T19:20:38+00:00","mainEntityOfPage":{"@id":"https:\/\/noti-america.com\/site\/principal\/2025\/04\/21\/los-sindicatos-llaman-a-movilizarse-este-1-de-mayo-para-luchar-por-la-reduccion-de-la-jornada-y-reformar-el-despido\/"},"wordCount":410,"image":{"@id":"https:\/\/noti-america.com\/site\/principal\/2025\/04\/21\/los-sindicatos-llaman-a-movilizarse-este-1-de-mayo-para-luchar-por-la-reduccion-de-la-jornada-y-reformar-el-despido\/#primaryimage"},"thumbnailUrl":"https:\/\/noti-america.com\/site\/principal\/wp-content\/uploads\/sites\/26\/2025\/04\/descargar-1-7.jpg","articleSection":["Econom\u00eda"],"inLanguage":"es"},{"@type":"WebPage","@id":"https:\/\/noti-america.com\/site\/principal\/2025\/04\/21\/los-sindicatos-llaman-a-movilizarse-este-1-de-mayo-para-luchar-por-la-reduccion-de-la-jornada-y-reformar-el-despido\/","url":"https:\/\/noti-america.com\/site\/principal\/2025\/04\/21\/los-sindicatos-llaman-a-movilizarse-este-1-de-mayo-para-luchar-por-la-reduccion-de-la-jornada-y-reformar-el-despido\/","name":"Los sindicatos llaman a movilizarse este 1 de mayo para luchar por la reducci\u00f3n de la jornada y reformar el despido - Noti-America.com","isPartOf":{"@id":"https:\/\/noti-america.com\/site\/principal\/#website"},"primaryImageOfPage":{"@id":"https:\/\/noti-america.com\/site\/principal\/2025\/04\/21\/los-sindicatos-llaman-a-movilizarse-este-1-de-mayo-para-luchar-por-la-reduccion-de-la-jornada-y-reformar-el-despido\/#primaryimage"},"image":{"@id":"https:\/\/noti-america.com\/site\/principal\/2025\/04\/21\/los-sindicatos-llaman-a-movilizarse-este-1-de-mayo-para-luchar-por-la-reduccion-de-la-jornada-y-reformar-el-despido\/#primaryimage"},"thumbnailUrl":"https:\/\/noti-america.com\/site\/principal\/wp-content\/uploads\/sites\/26\/2025\/04\/descargar-1-7.jpg","datePublished":"2025-04-21T19:20:38+00:00","author":{"@id":"https:\/\/noti-america.com\/site\/principal\/#\/schema\/person\/22806efcc2cfc4b45efb0e17be210ea8"},"breadcrumb":{"@id":"https:\/\/noti-america.com\/site\/principal\/2025\/04\/21\/los-sindicatos-llaman-a-movilizarse-este-1-de-mayo-para-luchar-por-la-reduccion-de-la-jornada-y-reformar-el-despido\/#breadcrumb"},"inLanguage":"es","potentialAction":[{"@type":"ReadAction","target":["https:\/\/noti-america.com\/site\/principal\/2025\/04\/21\/los-sindicatos-llaman-a-movilizarse-este-1-de-mayo-para-luchar-por-la-reduccion-de-la-jornada-y-reformar-el-despido\/"]}]},{"@type":"ImageObject","inLanguage":"es","@id":"https:\/\/noti-america.com\/site\/principal\/2025\/04\/21\/los-sindicatos-llaman-a-movilizarse-este-1-de-mayo-para-luchar-por-la-reduccion-de-la-jornada-y-reformar-el-despido\/#primaryimage","url":"https:\/\/noti-america.com\/site\/principal\/wp-content\/uploads\/sites\/26\/2025\/04\/descargar-1-7.jpg","contentUrl":"https:\/\/noti-america.com\/site\/principal\/wp-content\/uploads\/sites\/26\/2025\/04\/descargar-1-7.jpg","width":1600,"height":900},{"@type":"BreadcrumbList","@id":"https:\/\/noti-america.com\/site\/principal\/2025\/04\/21\/los-sindicatos-llaman-a-movilizarse-este-1-de-mayo-para-luchar-por-la-reduccion-de-la-jornada-y-reformar-el-despido\/#breadcrumb","itemListElement":[{"@type":"ListItem","position":1,"name":"Portada","item":"https:\/\/noti-america.com\/site\/principal\/"},{"@type":"ListItem","position":2,"name":"Los sindicatos llaman a movilizarse este 1 de mayo para luchar por la reducci\u00f3n de la jornada y reformar el despido"}]},{"@type":"WebSite","@id":"https:\/\/noti-america.com\/site\/principal\/#website","url":"https:\/\/noti-america.com\/site\/principal\/","name":"Noti-America.com","description":"El Noticiero Digital M\u00e1s Grande de Am\u00e9rica","potentialAction":[{"@type":"SearchAction","target":{"@type":"EntryPoint","urlTemplate":"https:\/\/noti-america.com\/site\/principal\/?s={search_term_string}"},"query-input":{"@type":"PropertyValueSpecification","valueRequired":true,"valueName":"search_term_string"}}],"inLanguage":"es"},{"@type":"Person","@id":"https:\/\/noti-america.com\/site\/principal\/#\/schema\/person\/22806efcc2cfc4b45efb0e17be210ea8","name":"Maria Valentina Noguera Medina","image":{"@type":"ImageObject","inLanguage":"es","@id":"https:\/\/secure.gravatar.com\/avatar\/4ec5eb9d099f2608a49c9df6f7341f66f04f819cdffa09d56a7a0e91d2819d56?s=96&d=mm&r=g","url":"https:\/\/secure.gravatar.com\/avatar\/4ec5eb9d099f2608a49c9df6f7341f66f04f819cdffa09d56a7a0e91d2819d56?s=96&d=mm&r=g","contentUrl":"https:\/\/secure.gravatar.com\/avatar\/4ec5eb9d099f2608a49c9df6f7341f66f04f819cdffa09d56a7a0e91d2819d56?s=96&d=mm&r=g","caption":"Maria Valentina Noguera Medina"},"description":"Periodista - noti-america - Promar Community Manager - Talento Plus Dise\u00f1adora\/ creadora de contenido...","sameAs":["Mar\u00eda Valentina Noguera","https:\/\/www.facebook.com\/mariavalentina.noguera","https:\/\/www.linkedin.com\/in\/mara-valentina-noguera-medina-373075165\/","https:\/\/www.pinterest.es\/valentinanoguera95\/","https:\/\/www.youtube.com\/channel\/UCdek6mbUZ-Tqqw0I63i4nmQ"],"url":"https:\/\/noti-america.com\/site\/principal\/author\/mnoguera\/"}]}},"_links":{"self":[{"href":"https:\/\/noti-america.com\/site\/principal\/wp-json\/wp\/v2\/posts\/65774","targetHints":{"allow":["GET"]}}],"collection":[{"href":"https:\/\/noti-america.com\/site\/principal\/wp-json\/wp\/v2\/posts"}],"about":[{"href":"https:\/\/noti-america.com\/site\/principal\/wp-json\/wp\/v2\/types\/post"}],"author":[{"embeddable":true,"href":"https:\/\/noti-america.com\/site\/principal\/wp-json\/wp\/v2\/users\/133"}],"replies":[{"embeddable":true,"href":"https:\/\/noti-america.com\/site\/principal\/wp-json\/wp\/v2\/comments?post=65774"}],"version-history":[{"count":1,"href":"https:\/\/noti-america.com\/site\/principal\/wp-json\/wp\/v2\/posts\/65774\/revisions"}],"predecessor-version":[{"id":65826,"href":"https:\/\/noti-america.com\/site\/principal\/wp-json\/wp\/v2\/posts\/65774\/revisions\/65826"}],"wp:featuredmedia":[{"embeddable":true,"href":"https:\/\/noti-america.com\/site\/principal\/wp-json\/wp\/v2\/media\/65775"}],"wp:attachment":[{"href":"https:\/\/noti-america.com\/site\/principal\/wp-json\/wp\/v2\/media?parent=65774"}],"wp:term":[{"taxonomy":"category","embeddable":true,"href":"https:\/\/noti-america.com\/site\/principal\/wp-json\/wp\/v2\/categories?post=65774"},{"taxonomy":"post_tag","embeddable":true,"href":"https:\/\/noti-america.com\/site\/principal\/wp-json\/wp\/v2\/tags?post=65774"}],"curies":[{"name":"wp","href":"https:\/\/api.w.org\/{rel}","templated":true}]}}