{"id":65169,"date":"2025-04-09T16:20:29","date_gmt":"2025-04-09T20:20:29","guid":{"rendered":"https:\/\/noti-america.com\/site\/principal\/?p=65169"},"modified":"2025-04-09T16:20:29","modified_gmt":"2025-04-09T20:20:29","slug":"aumentan-a-124-los-fallecidos-tras-el-desplome-del-techo-de-la-discoteca-dominicana-jet-set","status":"publish","type":"post","link":"https:\/\/noti-america.com\/site\/principal\/2025\/04\/09\/aumentan-a-124-los-fallecidos-tras-el-desplome-del-techo-de-la-discoteca-dominicana-jet-set\/","title":{"rendered":"Aumentan a 124 los fallecidos tras el desplome del techo de la discoteca dominicana Jet Set"},"content":{"rendered":"<p>NOTI-AMERICA.COM | M\u00c9XICO<\/p>\n<p>Los muertos en el accidente ocurrido en la madrugada del martes, al desplomarse el techo de la discoteca Jet Set en Santo Domingo, Rep\u00fablica Dominicana, se incrementaron a 124, seg\u00fan el Centro de Operaciones de Emergencias (COE).<\/p>\n<p>El siniestro en la discoteca ocurri\u00f3 mientras actuaba el merenguero Rubby P\u00e9rez, cuyo cad\u00e1ver fue recuperado en la madrugada de hoy, de acuerdo con declaraciones del director del COE, el general Juan Manuel M\u00e9ndez.<\/p>\n<p>Adem\u00e1s, M\u00e9ndez asegur\u00f3 que el n\u00famero de rescatados, trasladados a distintos hospitales, totaliza 155.<\/p>\n<p>Hasta el momento ni las autoridades ni la administraci\u00f3n de la discoteca, han informado el n\u00famero exacto de personas que se encontraban en el lugar en el momento del accidente.<\/p>\n<p>El presidente dominicano, Luis Abinader, decret\u00f3 tres d\u00edas de duelo oficial (8, 9 y 10 de abril), por lo que estas jornadas la bandera nacional ondear\u00e1 a media asta en los recintos militares y edificios p\u00fablicos de todo el pa\u00eds.<\/p>\n","protected":false},"excerpt":{"rendered":"<p>NOTI-AMERICA.COM | M\u00c9XICO Los muertos en el accidente ocurrido en la madrugada del martes, al desplomarse el techo de la discoteca Jet Set en Santo Domingo, Rep\u00fablica Dominicana, se incrementaron a 124, seg\u00fan el&#46;&#46;&#46;<\/p>\n","protected":false},"author":133,"featured_media":65170,"comment_status":"","ping_status":"open","sticky":false,"template":"","format":"image","meta":{"_acf_changed":false,"rop_custom_images_group":[],"rop_custom_messages_group":[],"rop_publish_now":"initial","rop_publish_now_accounts":{"facebook_10219548024599422_1632221337088128":"","twitter_242054905_242054905":""},"rop_publish_now_history":[],"rop_publish_now_status":"pending","footnotes":""},"categories":[4],"tags":[],"class_list":["post-65169","post","type-post","status-publish","format-image","has-post-thumbnail","hentry","category-internacionales","post_format-post-format-image"],"acf":[],"yoast_head":"<!-- This site is optimized with the Yoast SEO Premium plugin v24.9 (Yoast SEO v27.2) - https:\/\/yoast.com\/product\/yoast-seo-premium-wordpress\/ -->\n<title>Aumentan a 124 los fallecidos tras el desplome del techo de la discoteca dominicana Jet Set - Noti-America.com<\/title>\n<meta name=\"robots\" content=\"index, follow, max-snippet:-1, max-image-preview:large, max-video-preview:-1\" \/>\n<link rel=\"canonical\" href=\"https:\/\/noti-america.com\/site\/principal\/2025\/04\/09\/aumentan-a-124-los-fallecidos-tras-el-desplome-del-techo-de-la-discoteca-dominicana-jet-set\/\" \/>\n<meta property=\"og:locale\" content=\"es_ES\" \/>\n<meta property=\"og:type\" content=\"article\" \/>\n<meta property=\"og:title\" content=\"Aumentan a 124 los fallecidos tras el desplome del techo de la discoteca dominicana Jet Set\" \/>\n<meta property=\"og:description\" content=\"NOTI-AMERICA.COM | M\u00c9XICO Los muertos en el accidente ocurrido en la madrugada del martes, al desplomarse el techo de la discoteca Jet Set en Santo Domingo, Rep\u00fablica Dominicana, se incrementaron a 124, seg\u00fan el&#046;&#046;&#046;\" \/>\n<meta property=\"og:url\" content=\"https:\/\/noti-america.com\/site\/principal\/2025\/04\/09\/aumentan-a-124-los-fallecidos-tras-el-desplome-del-techo-de-la-discoteca-dominicana-jet-set\/\" \/>\n<meta property=\"og:site_name\" content=\"Noti-America.com\" \/>\n<meta property=\"article:author\" content=\"Mar\u00eda Valentina Noguera\" \/>\n<meta property=\"article:published_time\" content=\"2025-04-09T20:20:29+00:00\" \/>\n<meta property=\"og:image\" content=\"https:\/\/noti-america.com\/site\/principal\/wp-content\/uploads\/sites\/26\/2025\/04\/gobh1yywwaa5szh-df53fb.jpg\" \/>\n\t<meta property=\"og:image:width\" content=\"800\" \/>\n\t<meta property=\"og:image:height\" content=\"500\" \/>\n\t<meta property=\"og:image:type\" content=\"image\/jpeg\" \/>\n<meta name=\"author\" content=\"Maria Valentina Noguera Medina\" \/>\n<meta name=\"twitter:card\" content=\"summary_large_image\" \/>\n<meta name=\"twitter:label1\" content=\"Escrito por\" \/>\n\t<meta name=\"twitter:data1\" content=\"Maria Valentina Noguera Medina\" \/>\n\t<meta name=\"twitter:label2\" content=\"Tiempo estimado de lectura\" \/>\n\t<meta name=\"twitter:data2\" content=\"1 minuto\" \/>\n<script type=\"application\/ld+json\" class=\"yoast-schema-graph\">{\"@context\":\"https:\/\/schema.org\",\"@graph\":[{\"@type\":\"Article\",\"@id\":\"https:\/\/noti-america.com\/site\/principal\/2025\/04\/09\/aumentan-a-124-los-fallecidos-tras-el-desplome-del-techo-de-la-discoteca-dominicana-jet-set\/#article\",\"isPartOf\":{\"@id\":\"https:\/\/noti-america.com\/site\/principal\/2025\/04\/09\/aumentan-a-124-los-fallecidos-tras-el-desplome-del-techo-de-la-discoteca-dominicana-jet-set\/\"},\"author\":{\"name\":\"Maria Valentina Noguera Medina\",\"@id\":\"https:\/\/noti-america.com\/site\/principal\/#\/schema\/person\/22806efcc2cfc4b45efb0e17be210ea8\"},\"headline\":\"Aumentan a 124 los fallecidos tras el desplome del techo de la discoteca dominicana Jet Set\",\"datePublished\":\"2025-04-09T20:20:29+00:00\",\"mainEntityOfPage\":{\"@id\":\"https:\/\/noti-america.com\/site\/principal\/2025\/04\/09\/aumentan-a-124-los-fallecidos-tras-el-desplome-del-techo-de-la-discoteca-dominicana-jet-set\/\"},\"wordCount\":182,\"image\":{\"@id\":\"https:\/\/noti-america.com\/site\/principal\/2025\/04\/09\/aumentan-a-124-los-fallecidos-tras-el-desplome-del-techo-de-la-discoteca-dominicana-jet-set\/#primaryimage\"},\"thumbnailUrl\":\"https:\/\/noti-america.com\/site\/principal\/wp-content\/uploads\/sites\/26\/2025\/04\/gobh1yywwaa5szh-df53fb.jpg\",\"articleSection\":[\"Internacionales\"],\"inLanguage\":\"es\"},{\"@type\":\"WebPage\",\"@id\":\"https:\/\/noti-america.com\/site\/principal\/2025\/04\/09\/aumentan-a-124-los-fallecidos-tras-el-desplome-del-techo-de-la-discoteca-dominicana-jet-set\/\",\"url\":\"https:\/\/noti-america.com\/site\/principal\/2025\/04\/09\/aumentan-a-124-los-fallecidos-tras-el-desplome-del-techo-de-la-discoteca-dominicana-jet-set\/\",\"name\":\"Aumentan a 124 los fallecidos tras el desplome del techo de la discoteca dominicana Jet Set - Noti-America.com\",\"isPartOf\":{\"@id\":\"https:\/\/noti-america.com\/site\/principal\/#website\"},\"primaryImageOfPage\":{\"@id\":\"https:\/\/noti-america.com\/site\/principal\/2025\/04\/09\/aumentan-a-124-los-fallecidos-tras-el-desplome-del-techo-de-la-discoteca-dominicana-jet-set\/#primaryimage\"},\"image\":{\"@id\":\"https:\/\/noti-america.com\/site\/principal\/2025\/04\/09\/aumentan-a-124-los-fallecidos-tras-el-desplome-del-techo-de-la-discoteca-dominicana-jet-set\/#primaryimage\"},\"thumbnailUrl\":\"https:\/\/noti-america.com\/site\/principal\/wp-content\/uploads\/sites\/26\/2025\/04\/gobh1yywwaa5szh-df53fb.jpg\",\"datePublished\":\"2025-04-09T20:20:29+00:00\",\"author\":{\"@id\":\"https:\/\/noti-america.com\/site\/principal\/#\/schema\/person\/22806efcc2cfc4b45efb0e17be210ea8\"},\"breadcrumb\":{\"@id\":\"https:\/\/noti-america.com\/site\/principal\/2025\/04\/09\/aumentan-a-124-los-fallecidos-tras-el-desplome-del-techo-de-la-discoteca-dominicana-jet-set\/#breadcrumb\"},\"inLanguage\":\"es\",\"potentialAction\":[{\"@type\":\"ReadAction\",\"target\":[\"https:\/\/noti-america.com\/site\/principal\/2025\/04\/09\/aumentan-a-124-los-fallecidos-tras-el-desplome-del-techo-de-la-discoteca-dominicana-jet-set\/\"]}]},{\"@type\":\"ImageObject\",\"inLanguage\":\"es\",\"@id\":\"https:\/\/noti-america.com\/site\/principal\/2025\/04\/09\/aumentan-a-124-los-fallecidos-tras-el-desplome-del-techo-de-la-discoteca-dominicana-jet-set\/#primaryimage\",\"url\":\"https:\/\/noti-america.com\/site\/principal\/wp-content\/uploads\/sites\/26\/2025\/04\/gobh1yywwaa5szh-df53fb.jpg\",\"contentUrl\":\"https:\/\/noti-america.com\/site\/principal\/wp-content\/uploads\/sites\/26\/2025\/04\/gobh1yywwaa5szh-df53fb.jpg\",\"width\":800,\"height\":500},{\"@type\":\"BreadcrumbList\",\"@id\":\"https:\/\/noti-america.com\/site\/principal\/2025\/04\/09\/aumentan-a-124-los-fallecidos-tras-el-desplome-del-techo-de-la-discoteca-dominicana-jet-set\/#breadcrumb\",\"itemListElement\":[{\"@type\":\"ListItem\",\"position\":1,\"name\":\"Portada\",\"item\":\"https:\/\/noti-america.com\/site\/principal\/\"},{\"@type\":\"ListItem\",\"position\":2,\"name\":\"Aumentan a 124 los fallecidos tras el desplome del techo de la discoteca dominicana Jet Set\"}]},{\"@type\":\"WebSite\",\"@id\":\"https:\/\/noti-america.com\/site\/principal\/#website\",\"url\":\"https:\/\/noti-america.com\/site\/principal\/\",\"name\":\"Noti-America.com\",\"description\":\"El Noticiero Digital M\u00e1s Grande de Am\u00e9rica\",\"potentialAction\":[{\"@type\":\"SearchAction\",\"target\":{\"@type\":\"EntryPoint\",\"urlTemplate\":\"https:\/\/noti-america.com\/site\/principal\/?s={search_term_string}\"},\"query-input\":{\"@type\":\"PropertyValueSpecification\",\"valueRequired\":true,\"valueName\":\"search_term_string\"}}],\"inLanguage\":\"es\"},{\"@type\":\"Person\",\"@id\":\"https:\/\/noti-america.com\/site\/principal\/#\/schema\/person\/22806efcc2cfc4b45efb0e17be210ea8\",\"name\":\"Maria Valentina Noguera Medina\",\"image\":{\"@type\":\"ImageObject\",\"inLanguage\":\"es\",\"@id\":\"https:\/\/secure.gravatar.com\/avatar\/4ec5eb9d099f2608a49c9df6f7341f66f04f819cdffa09d56a7a0e91d2819d56?s=96&d=mm&r=g\",\"url\":\"https:\/\/secure.gravatar.com\/avatar\/4ec5eb9d099f2608a49c9df6f7341f66f04f819cdffa09d56a7a0e91d2819d56?s=96&d=mm&r=g\",\"contentUrl\":\"https:\/\/secure.gravatar.com\/avatar\/4ec5eb9d099f2608a49c9df6f7341f66f04f819cdffa09d56a7a0e91d2819d56?s=96&d=mm&r=g\",\"caption\":\"Maria Valentina Noguera Medina\"},\"description\":\"Periodista - noti-america - Promar Community Manager - Talento Plus Dise\u00f1adora\/ creadora de contenido...\",\"sameAs\":[\"Mar\u00eda Valentina Noguera\",\"https:\/\/www.facebook.com\/mariavalentina.noguera\",\"https:\/\/www.linkedin.com\/in\/mara-valentina-noguera-medina-373075165\/\",\"https:\/\/www.pinterest.es\/valentinanoguera95\/\",\"https:\/\/www.youtube.com\/channel\/UCdek6mbUZ-Tqqw0I63i4nmQ\"],\"url\":\"https:\/\/noti-america.com\/site\/principal\/author\/mnoguera\/\"}]}<\/script>\n<!-- \/ Yoast SEO Premium plugin. -->","yoast_head_json":{"title":"Aumentan a 124 los fallecidos tras el desplome del techo de la discoteca dominicana Jet Set - Noti-America.com","robots":{"index":"index","follow":"follow","max-snippet":"max-snippet:-1","max-image-preview":"max-image-preview:large","max-video-preview":"max-video-preview:-1"},"canonical":"https:\/\/noti-america.com\/site\/principal\/2025\/04\/09\/aumentan-a-124-los-fallecidos-tras-el-desplome-del-techo-de-la-discoteca-dominicana-jet-set\/","og_locale":"es_ES","og_type":"article","og_title":"Aumentan a 124 los fallecidos tras el desplome del techo de la discoteca dominicana Jet Set","og_description":"NOTI-AMERICA.COM | M\u00c9XICO Los muertos en el accidente ocurrido en la madrugada del martes, al desplomarse el techo de la discoteca Jet Set en Santo Domingo, Rep\u00fablica Dominicana, se incrementaron a 124, seg\u00fan el&#46;&#46;&#46;","og_url":"https:\/\/noti-america.com\/site\/principal\/2025\/04\/09\/aumentan-a-124-los-fallecidos-tras-el-desplome-del-techo-de-la-discoteca-dominicana-jet-set\/","og_site_name":"Noti-America.com","article_author":"Mar\u00eda Valentina Noguera","article_published_time":"2025-04-09T20:20:29+00:00","og_image":[{"width":800,"height":500,"url":"https:\/\/noti-america.com\/site\/principal\/wp-content\/uploads\/sites\/26\/2025\/04\/gobh1yywwaa5szh-df53fb.jpg","type":"image\/jpeg"}],"author":"Maria Valentina Noguera Medina","twitter_card":"summary_large_image","twitter_misc":{"Escrito por":"Maria Valentina Noguera Medina","Tiempo estimado de lectura":"1 minuto"},"schema":{"@context":"https:\/\/schema.org","@graph":[{"@type":"Article","@id":"https:\/\/noti-america.com\/site\/principal\/2025\/04\/09\/aumentan-a-124-los-fallecidos-tras-el-desplome-del-techo-de-la-discoteca-dominicana-jet-set\/#article","isPartOf":{"@id":"https:\/\/noti-america.com\/site\/principal\/2025\/04\/09\/aumentan-a-124-los-fallecidos-tras-el-desplome-del-techo-de-la-discoteca-dominicana-jet-set\/"},"author":{"name":"Maria Valentina Noguera Medina","@id":"https:\/\/noti-america.com\/site\/principal\/#\/schema\/person\/22806efcc2cfc4b45efb0e17be210ea8"},"headline":"Aumentan a 124 los fallecidos tras el desplome del techo de la discoteca dominicana Jet Set","datePublished":"2025-04-09T20:20:29+00:00","mainEntityOfPage":{"@id":"https:\/\/noti-america.com\/site\/principal\/2025\/04\/09\/aumentan-a-124-los-fallecidos-tras-el-desplome-del-techo-de-la-discoteca-dominicana-jet-set\/"},"wordCount":182,"image":{"@id":"https:\/\/noti-america.com\/site\/principal\/2025\/04\/09\/aumentan-a-124-los-fallecidos-tras-el-desplome-del-techo-de-la-discoteca-dominicana-jet-set\/#primaryimage"},"thumbnailUrl":"https:\/\/noti-america.com\/site\/principal\/wp-content\/uploads\/sites\/26\/2025\/04\/gobh1yywwaa5szh-df53fb.jpg","articleSection":["Internacionales"],"inLanguage":"es"},{"@type":"WebPage","@id":"https:\/\/noti-america.com\/site\/principal\/2025\/04\/09\/aumentan-a-124-los-fallecidos-tras-el-desplome-del-techo-de-la-discoteca-dominicana-jet-set\/","url":"https:\/\/noti-america.com\/site\/principal\/2025\/04\/09\/aumentan-a-124-los-fallecidos-tras-el-desplome-del-techo-de-la-discoteca-dominicana-jet-set\/","name":"Aumentan a 124 los fallecidos tras el desplome del techo de la discoteca dominicana Jet Set - Noti-America.com","isPartOf":{"@id":"https:\/\/noti-america.com\/site\/principal\/#website"},"primaryImageOfPage":{"@id":"https:\/\/noti-america.com\/site\/principal\/2025\/04\/09\/aumentan-a-124-los-fallecidos-tras-el-desplome-del-techo-de-la-discoteca-dominicana-jet-set\/#primaryimage"},"image":{"@id":"https:\/\/noti-america.com\/site\/principal\/2025\/04\/09\/aumentan-a-124-los-fallecidos-tras-el-desplome-del-techo-de-la-discoteca-dominicana-jet-set\/#primaryimage"},"thumbnailUrl":"https:\/\/noti-america.com\/site\/principal\/wp-content\/uploads\/sites\/26\/2025\/04\/gobh1yywwaa5szh-df53fb.jpg","datePublished":"2025-04-09T20:20:29+00:00","author":{"@id":"https:\/\/noti-america.com\/site\/principal\/#\/schema\/person\/22806efcc2cfc4b45efb0e17be210ea8"},"breadcrumb":{"@id":"https:\/\/noti-america.com\/site\/principal\/2025\/04\/09\/aumentan-a-124-los-fallecidos-tras-el-desplome-del-techo-de-la-discoteca-dominicana-jet-set\/#breadcrumb"},"inLanguage":"es","potentialAction":[{"@type":"ReadAction","target":["https:\/\/noti-america.com\/site\/principal\/2025\/04\/09\/aumentan-a-124-los-fallecidos-tras-el-desplome-del-techo-de-la-discoteca-dominicana-jet-set\/"]}]},{"@type":"ImageObject","inLanguage":"es","@id":"https:\/\/noti-america.com\/site\/principal\/2025\/04\/09\/aumentan-a-124-los-fallecidos-tras-el-desplome-del-techo-de-la-discoteca-dominicana-jet-set\/#primaryimage","url":"https:\/\/noti-america.com\/site\/principal\/wp-content\/uploads\/sites\/26\/2025\/04\/gobh1yywwaa5szh-df53fb.jpg","contentUrl":"https:\/\/noti-america.com\/site\/principal\/wp-content\/uploads\/sites\/26\/2025\/04\/gobh1yywwaa5szh-df53fb.jpg","width":800,"height":500},{"@type":"BreadcrumbList","@id":"https:\/\/noti-america.com\/site\/principal\/2025\/04\/09\/aumentan-a-124-los-fallecidos-tras-el-desplome-del-techo-de-la-discoteca-dominicana-jet-set\/#breadcrumb","itemListElement":[{"@type":"ListItem","position":1,"name":"Portada","item":"https:\/\/noti-america.com\/site\/principal\/"},{"@type":"ListItem","position":2,"name":"Aumentan a 124 los fallecidos tras el desplome del techo de la discoteca dominicana Jet Set"}]},{"@type":"WebSite","@id":"https:\/\/noti-america.com\/site\/principal\/#website","url":"https:\/\/noti-america.com\/site\/principal\/","name":"Noti-America.com","description":"El Noticiero Digital M\u00e1s Grande de Am\u00e9rica","potentialAction":[{"@type":"SearchAction","target":{"@type":"EntryPoint","urlTemplate":"https:\/\/noti-america.com\/site\/principal\/?s={search_term_string}"},"query-input":{"@type":"PropertyValueSpecification","valueRequired":true,"valueName":"search_term_string"}}],"inLanguage":"es"},{"@type":"Person","@id":"https:\/\/noti-america.com\/site\/principal\/#\/schema\/person\/22806efcc2cfc4b45efb0e17be210ea8","name":"Maria Valentina Noguera Medina","image":{"@type":"ImageObject","inLanguage":"es","@id":"https:\/\/secure.gravatar.com\/avatar\/4ec5eb9d099f2608a49c9df6f7341f66f04f819cdffa09d56a7a0e91d2819d56?s=96&d=mm&r=g","url":"https:\/\/secure.gravatar.com\/avatar\/4ec5eb9d099f2608a49c9df6f7341f66f04f819cdffa09d56a7a0e91d2819d56?s=96&d=mm&r=g","contentUrl":"https:\/\/secure.gravatar.com\/avatar\/4ec5eb9d099f2608a49c9df6f7341f66f04f819cdffa09d56a7a0e91d2819d56?s=96&d=mm&r=g","caption":"Maria Valentina Noguera Medina"},"description":"Periodista - noti-america - Promar Community Manager - Talento Plus Dise\u00f1adora\/ creadora de contenido...","sameAs":["Mar\u00eda Valentina Noguera","https:\/\/www.facebook.com\/mariavalentina.noguera","https:\/\/www.linkedin.com\/in\/mara-valentina-noguera-medina-373075165\/","https:\/\/www.pinterest.es\/valentinanoguera95\/","https:\/\/www.youtube.com\/channel\/UCdek6mbUZ-Tqqw0I63i4nmQ"],"url":"https:\/\/noti-america.com\/site\/principal\/author\/mnoguera\/"}]}},"_links":{"self":[{"href":"https:\/\/noti-america.com\/site\/principal\/wp-json\/wp\/v2\/posts\/65169","targetHints":{"allow":["GET"]}}],"collection":[{"href":"https:\/\/noti-america.com\/site\/principal\/wp-json\/wp\/v2\/posts"}],"about":[{"href":"https:\/\/noti-america.com\/site\/principal\/wp-json\/wp\/v2\/types\/post"}],"author":[{"embeddable":true,"href":"https:\/\/noti-america.com\/site\/principal\/wp-json\/wp\/v2\/users\/133"}],"replies":[{"embeddable":true,"href":"https:\/\/noti-america.com\/site\/principal\/wp-json\/wp\/v2\/comments?post=65169"}],"version-history":[{"count":1,"href":"https:\/\/noti-america.com\/site\/principal\/wp-json\/wp\/v2\/posts\/65169\/revisions"}],"predecessor-version":[{"id":65187,"href":"https:\/\/noti-america.com\/site\/principal\/wp-json\/wp\/v2\/posts\/65169\/revisions\/65187"}],"wp:featuredmedia":[{"embeddable":true,"href":"https:\/\/noti-america.com\/site\/principal\/wp-json\/wp\/v2\/media\/65170"}],"wp:attachment":[{"href":"https:\/\/noti-america.com\/site\/principal\/wp-json\/wp\/v2\/media?parent=65169"}],"wp:term":[{"taxonomy":"category","embeddable":true,"href":"https:\/\/noti-america.com\/site\/principal\/wp-json\/wp\/v2\/categories?post=65169"},{"taxonomy":"post_tag","embeddable":true,"href":"https:\/\/noti-america.com\/site\/principal\/wp-json\/wp\/v2\/tags?post=65169"}],"curies":[{"name":"wp","href":"https:\/\/api.w.org\/{rel}","templated":true}]}}