{"id":64316,"date":"2025-03-21T15:37:47","date_gmt":"2025-03-21T19:37:47","guid":{"rendered":"https:\/\/noti-america.com\/site\/principal\/?p=64316"},"modified":"2025-03-21T15:37:47","modified_gmt":"2025-03-21T19:37:47","slug":"demi-moore-se-reune-con-bruce-willis-para-celebrar-el-cumpleanos-del-actor","status":"publish","type":"post","link":"https:\/\/noti-america.com\/site\/principal\/2025\/03\/21\/demi-moore-se-reune-con-bruce-willis-para-celebrar-el-cumpleanos-del-actor\/","title":{"rendered":"Demi Moore se re\u00fane con Bruce Willis para celebrar el cumplea\u00f1os del actor"},"content":{"rendered":"<p>NOTI-AMERICA.COM | M\u00c9XICO<\/p>\n<p style=\"text-align: justify\">Bruce Willis cumpli\u00f3 70 a\u00f1os el 19 de marzo, y su exesposa, Demi Moore, lo celebr\u00f3 con un mensaje en redes sociales acompa\u00f1ado de una serie de fotograf\u00edas in\u00e9ditas del actor junto a su familia.<\/p>\n<p style=\"text-align: justify\">\u201cFeliz cumplea\u00f1os, te amamos\u201d, escribi\u00f3 Moore en Instagram junto a una serie de im\u00e1genes en las que Willis aparece con sus hijas y su nieta, Louetta Isley Thomas Willis, de 23 meses.<\/p>\n<p style=\"text-align: justify\">En las fotograf\u00edas se ve a Bruce junto a Demi, sus hijas Rumer (36), Scout (33) y Tallulah (31), adem\u00e1s de la peque\u00f1a Louetta, hija de Rumer y su pareja, Derek Richard Thomas.<br \/>\nUna de las im\u00e1genes muestra a Bruce Willis en el sof\u00e1 junto a sus hijas y la actriz, todos sonriendo.<\/p>\n<p style=\"text-align: justify\">Otra captura muestra a Demi Moore sosteniendo a Louetta mientras Willis la besa, con Rumer de pie a su lado replicando el gesto. Tambi\u00e9n se incluyeron fotos de Scout abrazando a su padre y de Tallulah sentada en su regazo.<\/p>\n<p style=\"text-align: justify\">En un video capturado por Rumer se observa tambi\u00e9n a la expareja divertirse y bailar juntos. \u201cAl Rey&#8230; Te quiero, Daddio. Feliz 70 cumplea\u00f1os pap\u00e1\u201d, escribi\u00f3 en la leyenda de la publicaci\u00f3n.<\/p>\n<p style=\"text-align: justify\">Scout Willis, por su parte, public\u00f3 un carrusel de fotos y un video en el que su padre le da un beso en la mejilla.<\/p>\n<p style=\"text-align: justify\">\u201cCada d\u00eda agradezco a los dioses que el 50% de mi ADN proviene de \u00e9l. La m\u00fasica que hago, la magia que creo y la energ\u00eda traviesa que incito, ese es el legado de mi padre vivo en el mundo\u201d.<\/p>\n<p style=\"text-align: justify\">Tallulah Willis eligi\u00f3 compartir una imagen de su padre en la pel\u00edcula de 1988, Duro de matar, con el mensaje: \u201c\u00a1Felices 70 a mi amigo favorito! Eres una luz que nunca se apagar\u00e1. Te quiero, tan orgullosa de ser tu beb\u00e9, Tallulah Belle Bruce Willis\u201d.<\/p>\n<p style=\"text-align: justify\">Demi Moore, de 62 a\u00f1os, estuvo casada con Bruce Willis durante 13 a\u00f1os antes de divorciarse en 2000. Desde entonces, han mantenido una relaci\u00f3n cercana, especialmente tras el diagn\u00f3stico del actor.<\/p>\n<p style=\"text-align: justify\">En 2022, Willis se retir\u00f3 de la actuaci\u00f3n despu\u00e9s de ser diagnosticado con afasia, y en 2023 se confirm\u00f3 que padece demencia frontotemporal.<\/p>\n<p style=\"text-align: justify\">Emma Heming Willis, esposa de Bruce Willis desde 2009 y madre de sus hijas Mabel (12) y Evelyn (10), tambi\u00e9n public\u00f3 un mensaje en Instagram en honor al cumplea\u00f1os del c\u00e9lebre artista, en el que inst\u00f3 a los seguidores a enviarle muestras de cari\u00f1o.<\/p>\n<p style=\"text-align: justify\">\u201cEs el cumplea\u00f1os de Bruce, y si hay algo que s\u00e9, es que no hay mayor fan que un fan de Bruce. As\u00ed que ll\u00e9nenlo de amor hoy, lo sentir\u00e1, lo juro\u201d, escribi\u00f3. \u201cSon un grupo poderoso. Me encanta c\u00f3mo se unen por \u00e9l, y estoy muy agradecida de que los tenga\u201d.<\/p>\n<p style=\"text-align: justify\">El mensaje de Heming Willis recibi\u00f3 respuestas de miles de seguidores, incluidas las hijas de Willis y Moore.<\/p>\n<p style=\"text-align: justify\">Tallulah Willis coment\u00f3: \u201c\u00a1\u00a1Lo amamos!!\u201d, mientras que Scout Willis expres\u00f3: \u201c\u00a1Esto es tan hermoso, Emma!\u201d.<\/p>\n<p style=\"text-align: justify\">Desde el diagn\u00f3stico de Bruce Willis, su familia ha sido transparente sobre su estado de salud y ha enfatizado la importancia de la unidad en este proceso.<\/p>\n<p style=\"text-align: justify\">En una reciente entrevista con ITV, Rumer Willis destac\u00f3 que su familia se ha mantenido unida en el cuidado del actor.<\/p>\n<p style=\"text-align: justify\">\u201cCreo que lo m\u00e1s hermoso es la forma en la que nos apoyamos unos a otros. Realmente somos una unidad\u201d, declar\u00f3.<\/p>\n<p style=\"text-align: justify\">Tambi\u00e9n resalt\u00f3 la relaci\u00f3n cercana entre sus padres, incluso despu\u00e9s de su divorcio: \u201cLo que m\u00e1s agradezco es que, aunque se separaron, crearon una base hermosa para priorizarnos. Nunca sent\u00ed que ten\u00eda que elegir entre ellos\u201d.<\/p>\n<p style=\"text-align: justify\">Los parientes de Bruce Willis han se\u00f1alado que el actor siempre utiliz\u00f3 su voz para generar conciencia sobre temas importantes.<\/p>\n<p style=\"text-align: justify\">\u201cSi pudiera hacerlo hoy, estar\u00eda luchando por llevar atenci\u00f3n global a esta enfermedad y a todas las familias que tambi\u00e9n la enfrentan\u201d, expres\u00f3 la familia en un comunicado.<\/p>\n","protected":false},"excerpt":{"rendered":"<p>NOTI-AMERICA.COM | M\u00c9XICO Bruce Willis cumpli\u00f3 70 a\u00f1os el 19 de marzo, y su exesposa, Demi Moore, lo celebr\u00f3 con un mensaje en redes sociales acompa\u00f1ado de una serie de fotograf\u00edas in\u00e9ditas del actor&#46;&#46;&#46;<\/p>\n","protected":false},"author":133,"featured_media":64317,"comment_status":"","ping_status":"open","sticky":false,"template":"","format":"image","meta":{"_acf_changed":false,"rop_custom_images_group":[],"rop_custom_messages_group":[],"rop_publish_now":"initial","rop_publish_now_accounts":{"facebook_10219548024599422_1632221337088128":"","twitter_242054905_242054905":""},"rop_publish_now_history":[],"rop_publish_now_status":"pending","footnotes":""},"categories":[663],"tags":[],"class_list":["post-64316","post","type-post","status-publish","format-image","has-post-thumbnail","hentry","category-actualidad","post_format-post-format-image"],"acf":[],"yoast_head":"<!-- This site is optimized with the Yoast SEO Premium plugin v24.9 (Yoast SEO v27.2) - https:\/\/yoast.com\/product\/yoast-seo-premium-wordpress\/ -->\n<title>Demi Moore se re\u00fane con Bruce Willis para celebrar el cumplea\u00f1os del actor - Noti-America.com<\/title>\n<meta name=\"robots\" content=\"index, follow, max-snippet:-1, max-image-preview:large, max-video-preview:-1\" \/>\n<link rel=\"canonical\" href=\"https:\/\/noti-america.com\/site\/principal\/2025\/03\/21\/demi-moore-se-reune-con-bruce-willis-para-celebrar-el-cumpleanos-del-actor\/\" \/>\n<meta property=\"og:locale\" content=\"es_ES\" \/>\n<meta property=\"og:type\" content=\"article\" \/>\n<meta property=\"og:title\" content=\"Demi Moore se re\u00fane con Bruce Willis para celebrar el cumplea\u00f1os del actor\" \/>\n<meta property=\"og:description\" content=\"NOTI-AMERICA.COM | M\u00c9XICO Bruce Willis cumpli\u00f3 70 a\u00f1os el 19 de marzo, y su exesposa, Demi Moore, lo celebr\u00f3 con un mensaje en redes sociales acompa\u00f1ado de una serie de fotograf\u00edas in\u00e9ditas del actor&#046;&#046;&#046;\" \/>\n<meta property=\"og:url\" content=\"https:\/\/noti-america.com\/site\/principal\/2025\/03\/21\/demi-moore-se-reune-con-bruce-willis-para-celebrar-el-cumpleanos-del-actor\/\" \/>\n<meta property=\"og:site_name\" content=\"Noti-America.com\" \/>\n<meta property=\"article:author\" content=\"Mar\u00eda Valentina Noguera\" \/>\n<meta property=\"article:published_time\" content=\"2025-03-21T19:37:47+00:00\" \/>\n<meta property=\"og:image\" content=\"https:\/\/noti-america.com\/site\/principal\/wp-content\/uploads\/sites\/26\/2025\/03\/happy-birthday-bw-we-love-you-e08204.jpg\" \/>\n\t<meta property=\"og:image:width\" content=\"800\" \/>\n\t<meta property=\"og:image:height\" content=\"500\" \/>\n\t<meta property=\"og:image:type\" content=\"image\/jpeg\" \/>\n<meta name=\"author\" content=\"Maria Valentina Noguera Medina\" \/>\n<meta name=\"twitter:card\" content=\"summary_large_image\" \/>\n<meta name=\"twitter:label1\" content=\"Escrito por\" \/>\n\t<meta name=\"twitter:data1\" content=\"Maria Valentina Noguera Medina\" \/>\n\t<meta name=\"twitter:label2\" content=\"Tiempo estimado de lectura\" \/>\n\t<meta name=\"twitter:data2\" content=\"3 minutos\" \/>\n<script type=\"application\/ld+json\" class=\"yoast-schema-graph\">{\"@context\":\"https:\/\/schema.org\",\"@graph\":[{\"@type\":\"Article\",\"@id\":\"https:\/\/noti-america.com\/site\/principal\/2025\/03\/21\/demi-moore-se-reune-con-bruce-willis-para-celebrar-el-cumpleanos-del-actor\/#article\",\"isPartOf\":{\"@id\":\"https:\/\/noti-america.com\/site\/principal\/2025\/03\/21\/demi-moore-se-reune-con-bruce-willis-para-celebrar-el-cumpleanos-del-actor\/\"},\"author\":{\"name\":\"Maria Valentina Noguera Medina\",\"@id\":\"https:\/\/noti-america.com\/site\/principal\/#\/schema\/person\/22806efcc2cfc4b45efb0e17be210ea8\"},\"headline\":\"Demi Moore se re\u00fane con Bruce Willis para celebrar el cumplea\u00f1os del actor\",\"datePublished\":\"2025-03-21T19:37:47+00:00\",\"mainEntityOfPage\":{\"@id\":\"https:\/\/noti-america.com\/site\/principal\/2025\/03\/21\/demi-moore-se-reune-con-bruce-willis-para-celebrar-el-cumpleanos-del-actor\/\"},\"wordCount\":681,\"image\":{\"@id\":\"https:\/\/noti-america.com\/site\/principal\/2025\/03\/21\/demi-moore-se-reune-con-bruce-willis-para-celebrar-el-cumpleanos-del-actor\/#primaryimage\"},\"thumbnailUrl\":\"https:\/\/noti-america.com\/site\/principal\/wp-content\/uploads\/sites\/26\/2025\/03\/happy-birthday-bw-we-love-you-e08204.jpg\",\"articleSection\":[\"Actualidad\"],\"inLanguage\":\"es\"},{\"@type\":\"WebPage\",\"@id\":\"https:\/\/noti-america.com\/site\/principal\/2025\/03\/21\/demi-moore-se-reune-con-bruce-willis-para-celebrar-el-cumpleanos-del-actor\/\",\"url\":\"https:\/\/noti-america.com\/site\/principal\/2025\/03\/21\/demi-moore-se-reune-con-bruce-willis-para-celebrar-el-cumpleanos-del-actor\/\",\"name\":\"Demi Moore se re\u00fane con Bruce Willis para celebrar el cumplea\u00f1os del actor - Noti-America.com\",\"isPartOf\":{\"@id\":\"https:\/\/noti-america.com\/site\/principal\/#website\"},\"primaryImageOfPage\":{\"@id\":\"https:\/\/noti-america.com\/site\/principal\/2025\/03\/21\/demi-moore-se-reune-con-bruce-willis-para-celebrar-el-cumpleanos-del-actor\/#primaryimage\"},\"image\":{\"@id\":\"https:\/\/noti-america.com\/site\/principal\/2025\/03\/21\/demi-moore-se-reune-con-bruce-willis-para-celebrar-el-cumpleanos-del-actor\/#primaryimage\"},\"thumbnailUrl\":\"https:\/\/noti-america.com\/site\/principal\/wp-content\/uploads\/sites\/26\/2025\/03\/happy-birthday-bw-we-love-you-e08204.jpg\",\"datePublished\":\"2025-03-21T19:37:47+00:00\",\"author\":{\"@id\":\"https:\/\/noti-america.com\/site\/principal\/#\/schema\/person\/22806efcc2cfc4b45efb0e17be210ea8\"},\"breadcrumb\":{\"@id\":\"https:\/\/noti-america.com\/site\/principal\/2025\/03\/21\/demi-moore-se-reune-con-bruce-willis-para-celebrar-el-cumpleanos-del-actor\/#breadcrumb\"},\"inLanguage\":\"es\",\"potentialAction\":[{\"@type\":\"ReadAction\",\"target\":[\"https:\/\/noti-america.com\/site\/principal\/2025\/03\/21\/demi-moore-se-reune-con-bruce-willis-para-celebrar-el-cumpleanos-del-actor\/\"]}]},{\"@type\":\"ImageObject\",\"inLanguage\":\"es\",\"@id\":\"https:\/\/noti-america.com\/site\/principal\/2025\/03\/21\/demi-moore-se-reune-con-bruce-willis-para-celebrar-el-cumpleanos-del-actor\/#primaryimage\",\"url\":\"https:\/\/noti-america.com\/site\/principal\/wp-content\/uploads\/sites\/26\/2025\/03\/happy-birthday-bw-we-love-you-e08204.jpg\",\"contentUrl\":\"https:\/\/noti-america.com\/site\/principal\/wp-content\/uploads\/sites\/26\/2025\/03\/happy-birthday-bw-we-love-you-e08204.jpg\",\"width\":800,\"height\":500},{\"@type\":\"BreadcrumbList\",\"@id\":\"https:\/\/noti-america.com\/site\/principal\/2025\/03\/21\/demi-moore-se-reune-con-bruce-willis-para-celebrar-el-cumpleanos-del-actor\/#breadcrumb\",\"itemListElement\":[{\"@type\":\"ListItem\",\"position\":1,\"name\":\"Portada\",\"item\":\"https:\/\/noti-america.com\/site\/principal\/\"},{\"@type\":\"ListItem\",\"position\":2,\"name\":\"Demi Moore se re\u00fane con Bruce Willis para celebrar el cumplea\u00f1os del actor\"}]},{\"@type\":\"WebSite\",\"@id\":\"https:\/\/noti-america.com\/site\/principal\/#website\",\"url\":\"https:\/\/noti-america.com\/site\/principal\/\",\"name\":\"Noti-America.com\",\"description\":\"El Noticiero Digital M\u00e1s Grande de Am\u00e9rica\",\"potentialAction\":[{\"@type\":\"SearchAction\",\"target\":{\"@type\":\"EntryPoint\",\"urlTemplate\":\"https:\/\/noti-america.com\/site\/principal\/?s={search_term_string}\"},\"query-input\":{\"@type\":\"PropertyValueSpecification\",\"valueRequired\":true,\"valueName\":\"search_term_string\"}}],\"inLanguage\":\"es\"},{\"@type\":\"Person\",\"@id\":\"https:\/\/noti-america.com\/site\/principal\/#\/schema\/person\/22806efcc2cfc4b45efb0e17be210ea8\",\"name\":\"Maria Valentina Noguera Medina\",\"image\":{\"@type\":\"ImageObject\",\"inLanguage\":\"es\",\"@id\":\"https:\/\/secure.gravatar.com\/avatar\/4ec5eb9d099f2608a49c9df6f7341f66f04f819cdffa09d56a7a0e91d2819d56?s=96&d=mm&r=g\",\"url\":\"https:\/\/secure.gravatar.com\/avatar\/4ec5eb9d099f2608a49c9df6f7341f66f04f819cdffa09d56a7a0e91d2819d56?s=96&d=mm&r=g\",\"contentUrl\":\"https:\/\/secure.gravatar.com\/avatar\/4ec5eb9d099f2608a49c9df6f7341f66f04f819cdffa09d56a7a0e91d2819d56?s=96&d=mm&r=g\",\"caption\":\"Maria Valentina Noguera Medina\"},\"description\":\"Periodista - noti-america - Promar Community Manager - Talento Plus Dise\u00f1adora\/ creadora de contenido...\",\"sameAs\":[\"Mar\u00eda Valentina Noguera\",\"https:\/\/www.facebook.com\/mariavalentina.noguera\",\"https:\/\/www.linkedin.com\/in\/mara-valentina-noguera-medina-373075165\/\",\"https:\/\/www.pinterest.es\/valentinanoguera95\/\",\"https:\/\/www.youtube.com\/channel\/UCdek6mbUZ-Tqqw0I63i4nmQ\"],\"url\":\"https:\/\/noti-america.com\/site\/principal\/author\/mnoguera\/\"}]}<\/script>\n<!-- \/ Yoast SEO Premium plugin. -->","yoast_head_json":{"title":"Demi Moore se re\u00fane con Bruce Willis para celebrar el cumplea\u00f1os del actor - Noti-America.com","robots":{"index":"index","follow":"follow","max-snippet":"max-snippet:-1","max-image-preview":"max-image-preview:large","max-video-preview":"max-video-preview:-1"},"canonical":"https:\/\/noti-america.com\/site\/principal\/2025\/03\/21\/demi-moore-se-reune-con-bruce-willis-para-celebrar-el-cumpleanos-del-actor\/","og_locale":"es_ES","og_type":"article","og_title":"Demi Moore se re\u00fane con Bruce Willis para celebrar el cumplea\u00f1os del actor","og_description":"NOTI-AMERICA.COM | M\u00c9XICO Bruce Willis cumpli\u00f3 70 a\u00f1os el 19 de marzo, y su exesposa, Demi Moore, lo celebr\u00f3 con un mensaje en redes sociales acompa\u00f1ado de una serie de fotograf\u00edas in\u00e9ditas del actor&#46;&#46;&#46;","og_url":"https:\/\/noti-america.com\/site\/principal\/2025\/03\/21\/demi-moore-se-reune-con-bruce-willis-para-celebrar-el-cumpleanos-del-actor\/","og_site_name":"Noti-America.com","article_author":"Mar\u00eda Valentina Noguera","article_published_time":"2025-03-21T19:37:47+00:00","og_image":[{"width":800,"height":500,"url":"https:\/\/noti-america.com\/site\/principal\/wp-content\/uploads\/sites\/26\/2025\/03\/happy-birthday-bw-we-love-you-e08204.jpg","type":"image\/jpeg"}],"author":"Maria Valentina Noguera Medina","twitter_card":"summary_large_image","twitter_misc":{"Escrito por":"Maria Valentina Noguera Medina","Tiempo estimado de lectura":"3 minutos"},"schema":{"@context":"https:\/\/schema.org","@graph":[{"@type":"Article","@id":"https:\/\/noti-america.com\/site\/principal\/2025\/03\/21\/demi-moore-se-reune-con-bruce-willis-para-celebrar-el-cumpleanos-del-actor\/#article","isPartOf":{"@id":"https:\/\/noti-america.com\/site\/principal\/2025\/03\/21\/demi-moore-se-reune-con-bruce-willis-para-celebrar-el-cumpleanos-del-actor\/"},"author":{"name":"Maria Valentina Noguera Medina","@id":"https:\/\/noti-america.com\/site\/principal\/#\/schema\/person\/22806efcc2cfc4b45efb0e17be210ea8"},"headline":"Demi Moore se re\u00fane con Bruce Willis para celebrar el cumplea\u00f1os del actor","datePublished":"2025-03-21T19:37:47+00:00","mainEntityOfPage":{"@id":"https:\/\/noti-america.com\/site\/principal\/2025\/03\/21\/demi-moore-se-reune-con-bruce-willis-para-celebrar-el-cumpleanos-del-actor\/"},"wordCount":681,"image":{"@id":"https:\/\/noti-america.com\/site\/principal\/2025\/03\/21\/demi-moore-se-reune-con-bruce-willis-para-celebrar-el-cumpleanos-del-actor\/#primaryimage"},"thumbnailUrl":"https:\/\/noti-america.com\/site\/principal\/wp-content\/uploads\/sites\/26\/2025\/03\/happy-birthday-bw-we-love-you-e08204.jpg","articleSection":["Actualidad"],"inLanguage":"es"},{"@type":"WebPage","@id":"https:\/\/noti-america.com\/site\/principal\/2025\/03\/21\/demi-moore-se-reune-con-bruce-willis-para-celebrar-el-cumpleanos-del-actor\/","url":"https:\/\/noti-america.com\/site\/principal\/2025\/03\/21\/demi-moore-se-reune-con-bruce-willis-para-celebrar-el-cumpleanos-del-actor\/","name":"Demi Moore se re\u00fane con Bruce Willis para celebrar el cumplea\u00f1os del actor - Noti-America.com","isPartOf":{"@id":"https:\/\/noti-america.com\/site\/principal\/#website"},"primaryImageOfPage":{"@id":"https:\/\/noti-america.com\/site\/principal\/2025\/03\/21\/demi-moore-se-reune-con-bruce-willis-para-celebrar-el-cumpleanos-del-actor\/#primaryimage"},"image":{"@id":"https:\/\/noti-america.com\/site\/principal\/2025\/03\/21\/demi-moore-se-reune-con-bruce-willis-para-celebrar-el-cumpleanos-del-actor\/#primaryimage"},"thumbnailUrl":"https:\/\/noti-america.com\/site\/principal\/wp-content\/uploads\/sites\/26\/2025\/03\/happy-birthday-bw-we-love-you-e08204.jpg","datePublished":"2025-03-21T19:37:47+00:00","author":{"@id":"https:\/\/noti-america.com\/site\/principal\/#\/schema\/person\/22806efcc2cfc4b45efb0e17be210ea8"},"breadcrumb":{"@id":"https:\/\/noti-america.com\/site\/principal\/2025\/03\/21\/demi-moore-se-reune-con-bruce-willis-para-celebrar-el-cumpleanos-del-actor\/#breadcrumb"},"inLanguage":"es","potentialAction":[{"@type":"ReadAction","target":["https:\/\/noti-america.com\/site\/principal\/2025\/03\/21\/demi-moore-se-reune-con-bruce-willis-para-celebrar-el-cumpleanos-del-actor\/"]}]},{"@type":"ImageObject","inLanguage":"es","@id":"https:\/\/noti-america.com\/site\/principal\/2025\/03\/21\/demi-moore-se-reune-con-bruce-willis-para-celebrar-el-cumpleanos-del-actor\/#primaryimage","url":"https:\/\/noti-america.com\/site\/principal\/wp-content\/uploads\/sites\/26\/2025\/03\/happy-birthday-bw-we-love-you-e08204.jpg","contentUrl":"https:\/\/noti-america.com\/site\/principal\/wp-content\/uploads\/sites\/26\/2025\/03\/happy-birthday-bw-we-love-you-e08204.jpg","width":800,"height":500},{"@type":"BreadcrumbList","@id":"https:\/\/noti-america.com\/site\/principal\/2025\/03\/21\/demi-moore-se-reune-con-bruce-willis-para-celebrar-el-cumpleanos-del-actor\/#breadcrumb","itemListElement":[{"@type":"ListItem","position":1,"name":"Portada","item":"https:\/\/noti-america.com\/site\/principal\/"},{"@type":"ListItem","position":2,"name":"Demi Moore se re\u00fane con Bruce Willis para celebrar el cumplea\u00f1os del actor"}]},{"@type":"WebSite","@id":"https:\/\/noti-america.com\/site\/principal\/#website","url":"https:\/\/noti-america.com\/site\/principal\/","name":"Noti-America.com","description":"El Noticiero Digital M\u00e1s Grande de Am\u00e9rica","potentialAction":[{"@type":"SearchAction","target":{"@type":"EntryPoint","urlTemplate":"https:\/\/noti-america.com\/site\/principal\/?s={search_term_string}"},"query-input":{"@type":"PropertyValueSpecification","valueRequired":true,"valueName":"search_term_string"}}],"inLanguage":"es"},{"@type":"Person","@id":"https:\/\/noti-america.com\/site\/principal\/#\/schema\/person\/22806efcc2cfc4b45efb0e17be210ea8","name":"Maria Valentina Noguera Medina","image":{"@type":"ImageObject","inLanguage":"es","@id":"https:\/\/secure.gravatar.com\/avatar\/4ec5eb9d099f2608a49c9df6f7341f66f04f819cdffa09d56a7a0e91d2819d56?s=96&d=mm&r=g","url":"https:\/\/secure.gravatar.com\/avatar\/4ec5eb9d099f2608a49c9df6f7341f66f04f819cdffa09d56a7a0e91d2819d56?s=96&d=mm&r=g","contentUrl":"https:\/\/secure.gravatar.com\/avatar\/4ec5eb9d099f2608a49c9df6f7341f66f04f819cdffa09d56a7a0e91d2819d56?s=96&d=mm&r=g","caption":"Maria Valentina Noguera Medina"},"description":"Periodista - noti-america - Promar Community Manager - Talento Plus Dise\u00f1adora\/ creadora de contenido...","sameAs":["Mar\u00eda Valentina Noguera","https:\/\/www.facebook.com\/mariavalentina.noguera","https:\/\/www.linkedin.com\/in\/mara-valentina-noguera-medina-373075165\/","https:\/\/www.pinterest.es\/valentinanoguera95\/","https:\/\/www.youtube.com\/channel\/UCdek6mbUZ-Tqqw0I63i4nmQ"],"url":"https:\/\/noti-america.com\/site\/principal\/author\/mnoguera\/"}]}},"_links":{"self":[{"href":"https:\/\/noti-america.com\/site\/principal\/wp-json\/wp\/v2\/posts\/64316","targetHints":{"allow":["GET"]}}],"collection":[{"href":"https:\/\/noti-america.com\/site\/principal\/wp-json\/wp\/v2\/posts"}],"about":[{"href":"https:\/\/noti-america.com\/site\/principal\/wp-json\/wp\/v2\/types\/post"}],"author":[{"embeddable":true,"href":"https:\/\/noti-america.com\/site\/principal\/wp-json\/wp\/v2\/users\/133"}],"replies":[{"embeddable":true,"href":"https:\/\/noti-america.com\/site\/principal\/wp-json\/wp\/v2\/comments?post=64316"}],"version-history":[{"count":1,"href":"https:\/\/noti-america.com\/site\/principal\/wp-json\/wp\/v2\/posts\/64316\/revisions"}],"predecessor-version":[{"id":64334,"href":"https:\/\/noti-america.com\/site\/principal\/wp-json\/wp\/v2\/posts\/64316\/revisions\/64334"}],"wp:featuredmedia":[{"embeddable":true,"href":"https:\/\/noti-america.com\/site\/principal\/wp-json\/wp\/v2\/media\/64317"}],"wp:attachment":[{"href":"https:\/\/noti-america.com\/site\/principal\/wp-json\/wp\/v2\/media?parent=64316"}],"wp:term":[{"taxonomy":"category","embeddable":true,"href":"https:\/\/noti-america.com\/site\/principal\/wp-json\/wp\/v2\/categories?post=64316"},{"taxonomy":"post_tag","embeddable":true,"href":"https:\/\/noti-america.com\/site\/principal\/wp-json\/wp\/v2\/tags?post=64316"}],"curies":[{"name":"wp","href":"https:\/\/api.w.org\/{rel}","templated":true}]}}