{"id":64314,"date":"2025-03-21T15:35:52","date_gmt":"2025-03-21T19:35:52","guid":{"rendered":"https:\/\/noti-america.com\/site\/principal\/?p=64314"},"modified":"2025-03-21T15:35:52","modified_gmt":"2025-03-21T19:35:52","slug":"gloria-estefan-regresa-a-sus-origenes-con-raices-su-nuevo-sencillo-y-album","status":"publish","type":"post","link":"https:\/\/noti-america.com\/site\/principal\/2025\/03\/21\/gloria-estefan-regresa-a-sus-origenes-con-raices-su-nuevo-sencillo-y-album\/","title":{"rendered":"Gloria Estefan regresa a sus or\u00edgenes con &#8216;Ra\u00edces&#8217;, su nuevo sencillo y \u00e1lbum"},"content":{"rendered":"<p>NOTI-AMERICA.COM | M\u00c9XICO<\/p>\n<p style=\"text-align: justify\">La ic\u00f3nica cantante cubanoestadoundese Gloria Estefan ha lanzado &#8216;Ra\u00edces&#8217;, el primer sencillo de su pr\u00f3ximo \u00e1lbum hom\u00f3nimo y un homenaje a las tradiciones musicales que han definido su carrera de cinco d\u00e9cadas y su sonido.<\/p>\n<p style=\"text-align: justify\">Creada por su esposo y productor Emilio Estefan y grabada en el legendario estudio Crescent Moon de Miami, la canci\u00f3n combina los ritmos de la salsa y los tropicales con una producci\u00f3n moderna y fresca, se\u00f1al\u00f3 en un comunicado.<\/p>\n<p style=\"text-align: justify\">Estefan describe el tema como una met\u00e1fora de la vida y el amor: \u00ab&#8216;Ra\u00edces&#8217; expresa c\u00f3mo el amor y la vida son como la siembra: lo que cultivas con fe, paciencia y entrega, tarde o temprano dar\u00e1 frutos. Nunca pierdas la oportunidad de sembrar cari\u00f1o, porque en cada acto de amor florece la verdadera abundancia\u00bb.<\/p>\n<p style=\"text-align: justify\">El video oficial de &#8216;Ra\u00edces&#8217; refuerza este mensaje de conexi\u00f3n y evoluci\u00f3n, rindiendo tributo a la herencia musical latina con im\u00e1genes emotivas.<\/p>\n<p style=\"text-align: justify\">A medida que se acerca el lanzamiento del \u00e1lbum, Gloria Estefan celebra su aniversario 50 en la m\u00fasica con un proyecto que no s\u00f3lo revive su pasado, sino que reafirma su relevancia en el panorama musical actual, detalla la nota.<\/p>\n<p style=\"text-align: justify\">Fiel a su papel de puente entre generaciones, Estefan entrega una canci\u00f3n que resuena m\u00e1s all\u00e1 de las fronteras, agrega.<\/p>\n","protected":false},"excerpt":{"rendered":"<p>NOTI-AMERICA.COM | M\u00c9XICO La ic\u00f3nica cantante cubanoestadoundese Gloria Estefan ha lanzado &#8216;Ra\u00edces&#8217;, el primer sencillo de su pr\u00f3ximo \u00e1lbum hom\u00f3nimo y un homenaje a las tradiciones musicales que han definido su carrera de cinco&#46;&#46;&#46;<\/p>\n","protected":false},"author":133,"featured_media":64315,"comment_status":"","ping_status":"open","sticky":false,"template":"","format":"image","meta":{"_acf_changed":false,"rop_custom_images_group":[],"rop_custom_messages_group":[],"rop_publish_now":"initial","rop_publish_now_accounts":{"facebook_10219548024599422_1632221337088128":"","twitter_242054905_242054905":""},"rop_publish_now_history":[],"rop_publish_now_status":"pending","footnotes":""},"categories":[663],"tags":[],"class_list":["post-64314","post","type-post","status-publish","format-image","has-post-thumbnail","hentry","category-actualidad","post_format-post-format-image"],"acf":[],"yoast_head":"<!-- This site is optimized with the Yoast SEO Premium plugin v24.9 (Yoast SEO v27.2) - https:\/\/yoast.com\/product\/yoast-seo-premium-wordpress\/ -->\n<title>Gloria Estefan regresa a sus or\u00edgenes con &#8216;Ra\u00edces&#8217;, su nuevo sencillo y \u00e1lbum - Noti-America.com<\/title>\n<meta name=\"robots\" content=\"index, follow, max-snippet:-1, max-image-preview:large, max-video-preview:-1\" \/>\n<link rel=\"canonical\" href=\"https:\/\/noti-america.com\/site\/principal\/2025\/03\/21\/gloria-estefan-regresa-a-sus-origenes-con-raices-su-nuevo-sencillo-y-album\/\" \/>\n<meta property=\"og:locale\" content=\"es_ES\" \/>\n<meta property=\"og:type\" content=\"article\" \/>\n<meta property=\"og:title\" content=\"Gloria Estefan regresa a sus or\u00edgenes con &#8216;Ra\u00edces&#8217;, su nuevo sencillo y \u00e1lbum\" \/>\n<meta property=\"og:description\" content=\"NOTI-AMERICA.COM | M\u00c9XICO La ic\u00f3nica cantante cubanoestadoundese Gloria Estefan ha lanzado &#8216;Ra\u00edces&#8217;, el primer sencillo de su pr\u00f3ximo \u00e1lbum hom\u00f3nimo y un homenaje a las tradiciones musicales que han definido su carrera de cinco&#046;&#046;&#046;\" \/>\n<meta property=\"og:url\" content=\"https:\/\/noti-america.com\/site\/principal\/2025\/03\/21\/gloria-estefan-regresa-a-sus-origenes-con-raices-su-nuevo-sencillo-y-album\/\" \/>\n<meta property=\"og:site_name\" content=\"Noti-America.com\" \/>\n<meta property=\"article:author\" content=\"Mar\u00eda Valentina Noguera\" \/>\n<meta property=\"article:published_time\" content=\"2025-03-21T19:35:52+00:00\" \/>\n<meta property=\"og:image\" content=\"https:\/\/noti-america.com\/site\/principal\/wp-content\/uploads\/sites\/26\/2025\/03\/gloria-esefan-cr-gato-rivero-owned-by-estefan-enterprises-2025-billboard-1548-d0291c.png\" \/>\n\t<meta property=\"og:image:width\" content=\"800\" \/>\n\t<meta property=\"og:image:height\" content=\"500\" \/>\n\t<meta property=\"og:image:type\" content=\"image\/png\" \/>\n<meta name=\"author\" content=\"Maria Valentina Noguera Medina\" \/>\n<meta name=\"twitter:card\" content=\"summary_large_image\" \/>\n<meta name=\"twitter:label1\" content=\"Escrito por\" \/>\n\t<meta name=\"twitter:data1\" content=\"Maria Valentina Noguera Medina\" \/>\n\t<meta name=\"twitter:label2\" content=\"Tiempo estimado de lectura\" \/>\n\t<meta name=\"twitter:data2\" content=\"1 minuto\" \/>\n<script type=\"application\/ld+json\" class=\"yoast-schema-graph\">{\"@context\":\"https:\/\/schema.org\",\"@graph\":[{\"@type\":\"Article\",\"@id\":\"https:\/\/noti-america.com\/site\/principal\/2025\/03\/21\/gloria-estefan-regresa-a-sus-origenes-con-raices-su-nuevo-sencillo-y-album\/#article\",\"isPartOf\":{\"@id\":\"https:\/\/noti-america.com\/site\/principal\/2025\/03\/21\/gloria-estefan-regresa-a-sus-origenes-con-raices-su-nuevo-sencillo-y-album\/\"},\"author\":{\"name\":\"Maria Valentina Noguera Medina\",\"@id\":\"https:\/\/noti-america.com\/site\/principal\/#\/schema\/person\/22806efcc2cfc4b45efb0e17be210ea8\"},\"headline\":\"Gloria Estefan regresa a sus or\u00edgenes con &#8216;Ra\u00edces&#8217;, su nuevo sencillo y \u00e1lbum\",\"datePublished\":\"2025-03-21T19:35:52+00:00\",\"mainEntityOfPage\":{\"@id\":\"https:\/\/noti-america.com\/site\/principal\/2025\/03\/21\/gloria-estefan-regresa-a-sus-origenes-con-raices-su-nuevo-sencillo-y-album\/\"},\"wordCount\":249,\"image\":{\"@id\":\"https:\/\/noti-america.com\/site\/principal\/2025\/03\/21\/gloria-estefan-regresa-a-sus-origenes-con-raices-su-nuevo-sencillo-y-album\/#primaryimage\"},\"thumbnailUrl\":\"https:\/\/noti-america.com\/site\/principal\/wp-content\/uploads\/sites\/26\/2025\/03\/gloria-esefan-cr-gato-rivero-owned-by-estefan-enterprises-2025-billboard-1548-d0291c.png\",\"articleSection\":[\"Actualidad\"],\"inLanguage\":\"es\"},{\"@type\":\"WebPage\",\"@id\":\"https:\/\/noti-america.com\/site\/principal\/2025\/03\/21\/gloria-estefan-regresa-a-sus-origenes-con-raices-su-nuevo-sencillo-y-album\/\",\"url\":\"https:\/\/noti-america.com\/site\/principal\/2025\/03\/21\/gloria-estefan-regresa-a-sus-origenes-con-raices-su-nuevo-sencillo-y-album\/\",\"name\":\"Gloria Estefan regresa a sus or\u00edgenes con &#8216;Ra\u00edces&#8217;, su nuevo sencillo y \u00e1lbum - Noti-America.com\",\"isPartOf\":{\"@id\":\"https:\/\/noti-america.com\/site\/principal\/#website\"},\"primaryImageOfPage\":{\"@id\":\"https:\/\/noti-america.com\/site\/principal\/2025\/03\/21\/gloria-estefan-regresa-a-sus-origenes-con-raices-su-nuevo-sencillo-y-album\/#primaryimage\"},\"image\":{\"@id\":\"https:\/\/noti-america.com\/site\/principal\/2025\/03\/21\/gloria-estefan-regresa-a-sus-origenes-con-raices-su-nuevo-sencillo-y-album\/#primaryimage\"},\"thumbnailUrl\":\"https:\/\/noti-america.com\/site\/principal\/wp-content\/uploads\/sites\/26\/2025\/03\/gloria-esefan-cr-gato-rivero-owned-by-estefan-enterprises-2025-billboard-1548-d0291c.png\",\"datePublished\":\"2025-03-21T19:35:52+00:00\",\"author\":{\"@id\":\"https:\/\/noti-america.com\/site\/principal\/#\/schema\/person\/22806efcc2cfc4b45efb0e17be210ea8\"},\"breadcrumb\":{\"@id\":\"https:\/\/noti-america.com\/site\/principal\/2025\/03\/21\/gloria-estefan-regresa-a-sus-origenes-con-raices-su-nuevo-sencillo-y-album\/#breadcrumb\"},\"inLanguage\":\"es\",\"potentialAction\":[{\"@type\":\"ReadAction\",\"target\":[\"https:\/\/noti-america.com\/site\/principal\/2025\/03\/21\/gloria-estefan-regresa-a-sus-origenes-con-raices-su-nuevo-sencillo-y-album\/\"]}]},{\"@type\":\"ImageObject\",\"inLanguage\":\"es\",\"@id\":\"https:\/\/noti-america.com\/site\/principal\/2025\/03\/21\/gloria-estefan-regresa-a-sus-origenes-con-raices-su-nuevo-sencillo-y-album\/#primaryimage\",\"url\":\"https:\/\/noti-america.com\/site\/principal\/wp-content\/uploads\/sites\/26\/2025\/03\/gloria-esefan-cr-gato-rivero-owned-by-estefan-enterprises-2025-billboard-1548-d0291c.png\",\"contentUrl\":\"https:\/\/noti-america.com\/site\/principal\/wp-content\/uploads\/sites\/26\/2025\/03\/gloria-esefan-cr-gato-rivero-owned-by-estefan-enterprises-2025-billboard-1548-d0291c.png\",\"width\":800,\"height\":500},{\"@type\":\"BreadcrumbList\",\"@id\":\"https:\/\/noti-america.com\/site\/principal\/2025\/03\/21\/gloria-estefan-regresa-a-sus-origenes-con-raices-su-nuevo-sencillo-y-album\/#breadcrumb\",\"itemListElement\":[{\"@type\":\"ListItem\",\"position\":1,\"name\":\"Portada\",\"item\":\"https:\/\/noti-america.com\/site\/principal\/\"},{\"@type\":\"ListItem\",\"position\":2,\"name\":\"Gloria Estefan regresa a sus or\u00edgenes con &#8216;Ra\u00edces&#8217;, su nuevo sencillo y \u00e1lbum\"}]},{\"@type\":\"WebSite\",\"@id\":\"https:\/\/noti-america.com\/site\/principal\/#website\",\"url\":\"https:\/\/noti-america.com\/site\/principal\/\",\"name\":\"Noti-America.com\",\"description\":\"El Noticiero Digital M\u00e1s Grande de Am\u00e9rica\",\"potentialAction\":[{\"@type\":\"SearchAction\",\"target\":{\"@type\":\"EntryPoint\",\"urlTemplate\":\"https:\/\/noti-america.com\/site\/principal\/?s={search_term_string}\"},\"query-input\":{\"@type\":\"PropertyValueSpecification\",\"valueRequired\":true,\"valueName\":\"search_term_string\"}}],\"inLanguage\":\"es\"},{\"@type\":\"Person\",\"@id\":\"https:\/\/noti-america.com\/site\/principal\/#\/schema\/person\/22806efcc2cfc4b45efb0e17be210ea8\",\"name\":\"Maria Valentina Noguera Medina\",\"image\":{\"@type\":\"ImageObject\",\"inLanguage\":\"es\",\"@id\":\"https:\/\/secure.gravatar.com\/avatar\/4ec5eb9d099f2608a49c9df6f7341f66f04f819cdffa09d56a7a0e91d2819d56?s=96&d=mm&r=g\",\"url\":\"https:\/\/secure.gravatar.com\/avatar\/4ec5eb9d099f2608a49c9df6f7341f66f04f819cdffa09d56a7a0e91d2819d56?s=96&d=mm&r=g\",\"contentUrl\":\"https:\/\/secure.gravatar.com\/avatar\/4ec5eb9d099f2608a49c9df6f7341f66f04f819cdffa09d56a7a0e91d2819d56?s=96&d=mm&r=g\",\"caption\":\"Maria Valentina Noguera Medina\"},\"description\":\"Periodista - noti-america - Promar Community Manager - Talento Plus Dise\u00f1adora\/ creadora de contenido...\",\"sameAs\":[\"Mar\u00eda Valentina Noguera\",\"https:\/\/www.facebook.com\/mariavalentina.noguera\",\"https:\/\/www.linkedin.com\/in\/mara-valentina-noguera-medina-373075165\/\",\"https:\/\/www.pinterest.es\/valentinanoguera95\/\",\"https:\/\/www.youtube.com\/channel\/UCdek6mbUZ-Tqqw0I63i4nmQ\"],\"url\":\"https:\/\/noti-america.com\/site\/principal\/author\/mnoguera\/\"}]}<\/script>\n<!-- \/ Yoast SEO Premium plugin. -->","yoast_head_json":{"title":"Gloria Estefan regresa a sus or\u00edgenes con &#8216;Ra\u00edces&#8217;, su nuevo sencillo y \u00e1lbum - Noti-America.com","robots":{"index":"index","follow":"follow","max-snippet":"max-snippet:-1","max-image-preview":"max-image-preview:large","max-video-preview":"max-video-preview:-1"},"canonical":"https:\/\/noti-america.com\/site\/principal\/2025\/03\/21\/gloria-estefan-regresa-a-sus-origenes-con-raices-su-nuevo-sencillo-y-album\/","og_locale":"es_ES","og_type":"article","og_title":"Gloria Estefan regresa a sus or\u00edgenes con &#8216;Ra\u00edces&#8217;, su nuevo sencillo y \u00e1lbum","og_description":"NOTI-AMERICA.COM | M\u00c9XICO La ic\u00f3nica cantante cubanoestadoundese Gloria Estefan ha lanzado &#8216;Ra\u00edces&#8217;, el primer sencillo de su pr\u00f3ximo \u00e1lbum hom\u00f3nimo y un homenaje a las tradiciones musicales que han definido su carrera de cinco&#46;&#46;&#46;","og_url":"https:\/\/noti-america.com\/site\/principal\/2025\/03\/21\/gloria-estefan-regresa-a-sus-origenes-con-raices-su-nuevo-sencillo-y-album\/","og_site_name":"Noti-America.com","article_author":"Mar\u00eda Valentina Noguera","article_published_time":"2025-03-21T19:35:52+00:00","og_image":[{"width":800,"height":500,"url":"https:\/\/noti-america.com\/site\/principal\/wp-content\/uploads\/sites\/26\/2025\/03\/gloria-esefan-cr-gato-rivero-owned-by-estefan-enterprises-2025-billboard-1548-d0291c.png","type":"image\/png"}],"author":"Maria Valentina Noguera Medina","twitter_card":"summary_large_image","twitter_misc":{"Escrito por":"Maria Valentina Noguera Medina","Tiempo estimado de lectura":"1 minuto"},"schema":{"@context":"https:\/\/schema.org","@graph":[{"@type":"Article","@id":"https:\/\/noti-america.com\/site\/principal\/2025\/03\/21\/gloria-estefan-regresa-a-sus-origenes-con-raices-su-nuevo-sencillo-y-album\/#article","isPartOf":{"@id":"https:\/\/noti-america.com\/site\/principal\/2025\/03\/21\/gloria-estefan-regresa-a-sus-origenes-con-raices-su-nuevo-sencillo-y-album\/"},"author":{"name":"Maria Valentina Noguera Medina","@id":"https:\/\/noti-america.com\/site\/principal\/#\/schema\/person\/22806efcc2cfc4b45efb0e17be210ea8"},"headline":"Gloria Estefan regresa a sus or\u00edgenes con &#8216;Ra\u00edces&#8217;, su nuevo sencillo y \u00e1lbum","datePublished":"2025-03-21T19:35:52+00:00","mainEntityOfPage":{"@id":"https:\/\/noti-america.com\/site\/principal\/2025\/03\/21\/gloria-estefan-regresa-a-sus-origenes-con-raices-su-nuevo-sencillo-y-album\/"},"wordCount":249,"image":{"@id":"https:\/\/noti-america.com\/site\/principal\/2025\/03\/21\/gloria-estefan-regresa-a-sus-origenes-con-raices-su-nuevo-sencillo-y-album\/#primaryimage"},"thumbnailUrl":"https:\/\/noti-america.com\/site\/principal\/wp-content\/uploads\/sites\/26\/2025\/03\/gloria-esefan-cr-gato-rivero-owned-by-estefan-enterprises-2025-billboard-1548-d0291c.png","articleSection":["Actualidad"],"inLanguage":"es"},{"@type":"WebPage","@id":"https:\/\/noti-america.com\/site\/principal\/2025\/03\/21\/gloria-estefan-regresa-a-sus-origenes-con-raices-su-nuevo-sencillo-y-album\/","url":"https:\/\/noti-america.com\/site\/principal\/2025\/03\/21\/gloria-estefan-regresa-a-sus-origenes-con-raices-su-nuevo-sencillo-y-album\/","name":"Gloria Estefan regresa a sus or\u00edgenes con &#8216;Ra\u00edces&#8217;, su nuevo sencillo y \u00e1lbum - Noti-America.com","isPartOf":{"@id":"https:\/\/noti-america.com\/site\/principal\/#website"},"primaryImageOfPage":{"@id":"https:\/\/noti-america.com\/site\/principal\/2025\/03\/21\/gloria-estefan-regresa-a-sus-origenes-con-raices-su-nuevo-sencillo-y-album\/#primaryimage"},"image":{"@id":"https:\/\/noti-america.com\/site\/principal\/2025\/03\/21\/gloria-estefan-regresa-a-sus-origenes-con-raices-su-nuevo-sencillo-y-album\/#primaryimage"},"thumbnailUrl":"https:\/\/noti-america.com\/site\/principal\/wp-content\/uploads\/sites\/26\/2025\/03\/gloria-esefan-cr-gato-rivero-owned-by-estefan-enterprises-2025-billboard-1548-d0291c.png","datePublished":"2025-03-21T19:35:52+00:00","author":{"@id":"https:\/\/noti-america.com\/site\/principal\/#\/schema\/person\/22806efcc2cfc4b45efb0e17be210ea8"},"breadcrumb":{"@id":"https:\/\/noti-america.com\/site\/principal\/2025\/03\/21\/gloria-estefan-regresa-a-sus-origenes-con-raices-su-nuevo-sencillo-y-album\/#breadcrumb"},"inLanguage":"es","potentialAction":[{"@type":"ReadAction","target":["https:\/\/noti-america.com\/site\/principal\/2025\/03\/21\/gloria-estefan-regresa-a-sus-origenes-con-raices-su-nuevo-sencillo-y-album\/"]}]},{"@type":"ImageObject","inLanguage":"es","@id":"https:\/\/noti-america.com\/site\/principal\/2025\/03\/21\/gloria-estefan-regresa-a-sus-origenes-con-raices-su-nuevo-sencillo-y-album\/#primaryimage","url":"https:\/\/noti-america.com\/site\/principal\/wp-content\/uploads\/sites\/26\/2025\/03\/gloria-esefan-cr-gato-rivero-owned-by-estefan-enterprises-2025-billboard-1548-d0291c.png","contentUrl":"https:\/\/noti-america.com\/site\/principal\/wp-content\/uploads\/sites\/26\/2025\/03\/gloria-esefan-cr-gato-rivero-owned-by-estefan-enterprises-2025-billboard-1548-d0291c.png","width":800,"height":500},{"@type":"BreadcrumbList","@id":"https:\/\/noti-america.com\/site\/principal\/2025\/03\/21\/gloria-estefan-regresa-a-sus-origenes-con-raices-su-nuevo-sencillo-y-album\/#breadcrumb","itemListElement":[{"@type":"ListItem","position":1,"name":"Portada","item":"https:\/\/noti-america.com\/site\/principal\/"},{"@type":"ListItem","position":2,"name":"Gloria Estefan regresa a sus or\u00edgenes con &#8216;Ra\u00edces&#8217;, su nuevo sencillo y \u00e1lbum"}]},{"@type":"WebSite","@id":"https:\/\/noti-america.com\/site\/principal\/#website","url":"https:\/\/noti-america.com\/site\/principal\/","name":"Noti-America.com","description":"El Noticiero Digital M\u00e1s Grande de Am\u00e9rica","potentialAction":[{"@type":"SearchAction","target":{"@type":"EntryPoint","urlTemplate":"https:\/\/noti-america.com\/site\/principal\/?s={search_term_string}"},"query-input":{"@type":"PropertyValueSpecification","valueRequired":true,"valueName":"search_term_string"}}],"inLanguage":"es"},{"@type":"Person","@id":"https:\/\/noti-america.com\/site\/principal\/#\/schema\/person\/22806efcc2cfc4b45efb0e17be210ea8","name":"Maria Valentina Noguera Medina","image":{"@type":"ImageObject","inLanguage":"es","@id":"https:\/\/secure.gravatar.com\/avatar\/4ec5eb9d099f2608a49c9df6f7341f66f04f819cdffa09d56a7a0e91d2819d56?s=96&d=mm&r=g","url":"https:\/\/secure.gravatar.com\/avatar\/4ec5eb9d099f2608a49c9df6f7341f66f04f819cdffa09d56a7a0e91d2819d56?s=96&d=mm&r=g","contentUrl":"https:\/\/secure.gravatar.com\/avatar\/4ec5eb9d099f2608a49c9df6f7341f66f04f819cdffa09d56a7a0e91d2819d56?s=96&d=mm&r=g","caption":"Maria Valentina Noguera Medina"},"description":"Periodista - noti-america - Promar Community Manager - Talento Plus Dise\u00f1adora\/ creadora de contenido...","sameAs":["Mar\u00eda Valentina Noguera","https:\/\/www.facebook.com\/mariavalentina.noguera","https:\/\/www.linkedin.com\/in\/mara-valentina-noguera-medina-373075165\/","https:\/\/www.pinterest.es\/valentinanoguera95\/","https:\/\/www.youtube.com\/channel\/UCdek6mbUZ-Tqqw0I63i4nmQ"],"url":"https:\/\/noti-america.com\/site\/principal\/author\/mnoguera\/"}]}},"_links":{"self":[{"href":"https:\/\/noti-america.com\/site\/principal\/wp-json\/wp\/v2\/posts\/64314","targetHints":{"allow":["GET"]}}],"collection":[{"href":"https:\/\/noti-america.com\/site\/principal\/wp-json\/wp\/v2\/posts"}],"about":[{"href":"https:\/\/noti-america.com\/site\/principal\/wp-json\/wp\/v2\/types\/post"}],"author":[{"embeddable":true,"href":"https:\/\/noti-america.com\/site\/principal\/wp-json\/wp\/v2\/users\/133"}],"replies":[{"embeddable":true,"href":"https:\/\/noti-america.com\/site\/principal\/wp-json\/wp\/v2\/comments?post=64314"}],"version-history":[{"count":1,"href":"https:\/\/noti-america.com\/site\/principal\/wp-json\/wp\/v2\/posts\/64314\/revisions"}],"predecessor-version":[{"id":64333,"href":"https:\/\/noti-america.com\/site\/principal\/wp-json\/wp\/v2\/posts\/64314\/revisions\/64333"}],"wp:featuredmedia":[{"embeddable":true,"href":"https:\/\/noti-america.com\/site\/principal\/wp-json\/wp\/v2\/media\/64315"}],"wp:attachment":[{"href":"https:\/\/noti-america.com\/site\/principal\/wp-json\/wp\/v2\/media?parent=64314"}],"wp:term":[{"taxonomy":"category","embeddable":true,"href":"https:\/\/noti-america.com\/site\/principal\/wp-json\/wp\/v2\/categories?post=64314"},{"taxonomy":"post_tag","embeddable":true,"href":"https:\/\/noti-america.com\/site\/principal\/wp-json\/wp\/v2\/tags?post=64314"}],"curies":[{"name":"wp","href":"https:\/\/api.w.org\/{rel}","templated":true}]}}