{"id":6431,"date":"2021-10-20T22:46:06","date_gmt":"2021-10-21T02:46:06","guid":{"rendered":"https:\/\/noti-america.com\/site\/principal\/?p=6431"},"modified":"2021-10-20T18:46:11","modified_gmt":"2021-10-20T22:46:11","slug":"volaris-inicia-operaciones-en-honduras-con-vuelos-a-bajo-costo","status":"publish","type":"post","link":"https:\/\/noti-america.com\/site\/principal\/2021\/10\/20\/volaris-inicia-operaciones-en-honduras-con-vuelos-a-bajo-costo\/","title":{"rendered":"Volaris inicia operaciones en Honduras con vuelos a bajo costo."},"content":{"rendered":"<p><strong>SAN PEDRO SULA, HONDURAS.<\/strong><\/p>\n<p>Hoy mi\u00e9rcoles 20 de octubre de 20121, inici\u00f3 operaciones la aerol\u00ednea Volaris en el aeropuerto Ram\u00f3n Villeda Morales, San Pedro Sula.<\/p>\n<p>El presidente y Director General de Volaris, Enrique Beltr\u00e1n, expres\u00f3 la disponibilidad del gobierno hondure\u00f1o en aprobar una l\u00ednea de transporte a\u00e9reo de bajo costo en el pa\u00eds.<\/p>\n<p>La Ministra de Turismo Nicole Marrder, expres\u00f3 que esto ayudar\u00e1 a incrementar la econom\u00eda en esta \u00e1rea para las temporadas navide\u00f1as. Tambi\u00e9n se anunci\u00f3 que cubrir\u00e1n vuelos en palmerola para el pr\u00f3ximo mes<br \/>\nSu vuelo inicial fue desde San Salvador hasta San Pedro Sula.<\/p>\n<p>Por su parte el presidente indic\u00f3 que hay que ir avanzando y que volaris no sea la \u00fanica aerol\u00ednea de bajo costo.<\/p>\n<p>\u00abPara Honduras la conectividad a\u00e9rea es fundamental, tanto como la mar\u00edtima y terrestre, para captar turismo internacional, que representa el incremento en el ingreso de divisas, inversi\u00f3n y generaci\u00f3n de empleo\u00bb, dijo el viceministro de Turismo, Selvin Barralaga.<\/p>\n<p>\u00abHonduras es un pa\u00eds con turismo de aventura, sol y playa, pueblos con encanto, arqueolog\u00eda y fortaleza en la parte cultural y gastron\u00f3mica, y al adaptar las ofertas tur\u00edsticas a las necesidades del mercado, con este tipo de acciones se fortalece el turismo, la econom\u00eda, y la generaci\u00f3n de empleos\u00bb, dijo Barralaga.<\/p>\n<div style=\"width: 640px;\" class=\"wp-video\"><video class=\"wp-video-shortcode\" id=\"video-6431-1\" width=\"640\" height=\"360\" preload=\"metadata\" controls=\"controls\"><source type=\"video\/mp4\" src=\"https:\/\/noti-america.com\/site\/honduras\/wp-content\/uploads\/sites\/14\/2021\/10\/Volaris.mp4?_=1\" \/><a href=\"https:\/\/noti-america.com\/site\/honduras\/wp-content\/uploads\/sites\/14\/2021\/10\/Volaris.mp4\">https:\/\/noti-america.com\/site\/honduras\/wp-content\/uploads\/sites\/14\/2021\/10\/Volaris.mp4<\/a><\/video><\/div>\n<div style=\"width: 640px;\" class=\"wp-video\"><video class=\"wp-video-shortcode\" id=\"video-6431-2\" width=\"640\" height=\"352\" preload=\"metadata\" controls=\"controls\"><source type=\"video\/mp4\" src=\"https:\/\/noti-america.com\/site\/principal\/wp-content\/uploads\/sites\/26\/2021\/10\/Volaris-2.mp4?_=2\" \/><a href=\"https:\/\/noti-america.com\/site\/principal\/wp-content\/uploads\/sites\/26\/2021\/10\/Volaris-2.mp4\">https:\/\/noti-america.com\/site\/principal\/wp-content\/uploads\/sites\/26\/2021\/10\/Volaris-2.mp4<\/a><\/video><\/div>\n<p><img loading=\"lazy\" decoding=\"async\" class=\"alignnone size-medium wp-image-6432\" src=\"https:\/\/noti-america.com\/site\/principal\/wp-content\/uploads\/sites\/26\/2021\/10\/Volaris-2-275x300.jpeg\" alt=\"\" width=\"275\" height=\"300\" srcset=\"https:\/\/noti-america.com\/site\/principal\/wp-content\/uploads\/sites\/26\/2021\/10\/Volaris-2-275x300.jpeg 275w, https:\/\/noti-america.com\/site\/principal\/wp-content\/uploads\/sites\/26\/2021\/10\/Volaris-2-940x1024.jpeg 940w, https:\/\/noti-america.com\/site\/principal\/wp-content\/uploads\/sites\/26\/2021\/10\/Volaris-2-768x837.jpeg 768w, https:\/\/noti-america.com\/site\/principal\/wp-content\/uploads\/sites\/26\/2021\/10\/Volaris-2.jpeg 1175w\" sizes=\"auto, (max-width: 275px) 100vw, 275px\" \/> <img loading=\"lazy\" decoding=\"async\" class=\"alignnone size-medium wp-image-6434\" src=\"https:\/\/noti-america.com\/site\/principal\/wp-content\/uploads\/sites\/26\/2021\/10\/Volaris-3-300x169.jpeg\" alt=\"\" width=\"300\" height=\"169\" srcset=\"https:\/\/noti-america.com\/site\/principal\/wp-content\/uploads\/sites\/26\/2021\/10\/Volaris-3-300x169.jpeg 300w, https:\/\/noti-america.com\/site\/principal\/wp-content\/uploads\/sites\/26\/2021\/10\/Volaris-3-1024x576.jpeg 1024w, https:\/\/noti-america.com\/site\/principal\/wp-content\/uploads\/sites\/26\/2021\/10\/Volaris-3-768x432.jpeg 768w, https:\/\/noti-america.com\/site\/principal\/wp-content\/uploads\/sites\/26\/2021\/10\/Volaris-3.jpeg 1032w\" sizes=\"auto, (max-width: 300px) 100vw, 300px\" \/> <img loading=\"lazy\" decoding=\"async\" class=\"alignnone size-medium wp-image-6436\" src=\"https:\/\/noti-america.com\/site\/principal\/wp-content\/uploads\/sites\/26\/2021\/10\/Volaris-4-300x169.jpeg\" alt=\"\" width=\"300\" height=\"169\" srcset=\"https:\/\/noti-america.com\/site\/principal\/wp-content\/uploads\/sites\/26\/2021\/10\/Volaris-4-300x169.jpeg 300w, https:\/\/noti-america.com\/site\/principal\/wp-content\/uploads\/sites\/26\/2021\/10\/Volaris-4-1024x576.jpeg 1024w, https:\/\/noti-america.com\/site\/principal\/wp-content\/uploads\/sites\/26\/2021\/10\/Volaris-4-768x432.jpeg 768w, https:\/\/noti-america.com\/site\/principal\/wp-content\/uploads\/sites\/26\/2021\/10\/Volaris-4.jpeg 1032w\" sizes=\"auto, (max-width: 300px) 100vw, 300px\" \/> <img loading=\"lazy\" decoding=\"async\" class=\"alignnone size-medium wp-image-6438\" src=\"https:\/\/noti-america.com\/site\/principal\/wp-content\/uploads\/sites\/26\/2021\/10\/volaris-300x150.jpg\" alt=\"\" width=\"300\" height=\"150\" srcset=\"https:\/\/noti-america.com\/site\/principal\/wp-content\/uploads\/sites\/26\/2021\/10\/volaris-300x150.jpg 300w, https:\/\/noti-america.com\/site\/principal\/wp-content\/uploads\/sites\/26\/2021\/10\/volaris.jpg 750w\" sizes=\"auto, (max-width: 300px) 100vw, 300px\" \/><\/p>\n","protected":false},"excerpt":{"rendered":"<p>SAN PEDRO SULA, HONDURAS. Hoy mi\u00e9rcoles 20 de octubre de 20121, inici\u00f3 operaciones la aerol\u00ednea Volaris en el aeropuerto Ram\u00f3n Villeda Morales, San Pedro Sula. El presidente y Director General de Volaris, Enrique Beltr\u00e1n,&#46;&#46;&#46;<\/p>\n","protected":false},"author":110,"featured_media":6438,"comment_status":"open","ping_status":"open","sticky":false,"template":"","format":"video","meta":{"_acf_changed":false,"rop_custom_images_group":[],"rop_custom_messages_group":[],"rop_publish_now":"initial","rop_publish_now_accounts":{"facebook_10219548024599422_1632221337088128":"","twitter_242054905_242054905":""},"rop_publish_now_history":[],"rop_publish_now_status":"pending","footnotes":""},"categories":[663,674],"tags":[],"class_list":["post-6431","post","type-post","status-publish","format-video","has-post-thumbnail","hentry","category-actualidad","category-nacionales","post_format-post-format-video"],"acf":[],"yoast_head":"<!-- This site is optimized with the Yoast SEO Premium plugin v24.9 (Yoast SEO v27.2) - https:\/\/yoast.com\/product\/yoast-seo-premium-wordpress\/ -->\n<title>Volaris inicia operaciones en Honduras con vuelos a bajo costo. - Noti-America.com<\/title>\n<meta name=\"robots\" content=\"index, follow, max-snippet:-1, max-image-preview:large, max-video-preview:-1\" \/>\n<link rel=\"canonical\" href=\"https:\/\/noti-america.com\/site\/principal\/2021\/10\/20\/volaris-inicia-operaciones-en-honduras-con-vuelos-a-bajo-costo\/\" \/>\n<meta property=\"og:locale\" content=\"es_ES\" \/>\n<meta property=\"og:type\" content=\"article\" \/>\n<meta property=\"og:title\" content=\"Volaris inicia operaciones en Honduras con vuelos a bajo costo.\" \/>\n<meta property=\"og:description\" content=\"SAN PEDRO SULA, HONDURAS. Hoy mi\u00e9rcoles 20 de octubre de 20121, inici\u00f3 operaciones la aerol\u00ednea Volaris en el aeropuerto Ram\u00f3n Villeda Morales, San Pedro Sula. El presidente y Director General de Volaris, Enrique Beltr\u00e1n,&#046;&#046;&#046;\" \/>\n<meta property=\"og:url\" content=\"https:\/\/noti-america.com\/site\/principal\/2021\/10\/20\/volaris-inicia-operaciones-en-honduras-con-vuelos-a-bajo-costo\/\" \/>\n<meta property=\"og:site_name\" content=\"Noti-America.com\" \/>\n<meta property=\"article:published_time\" content=\"2021-10-21T02:46:06+00:00\" \/>\n<meta property=\"og:image\" content=\"https:\/\/noti-america.com\/site\/principal\/wp-content\/uploads\/sites\/26\/2021\/10\/volaris.jpg\" \/>\n\t<meta property=\"og:image:width\" content=\"750\" \/>\n\t<meta property=\"og:image:height\" content=\"375\" \/>\n\t<meta property=\"og:image:type\" content=\"image\/jpeg\" \/>\n<meta name=\"author\" content=\"Pedro Suazo\" \/>\n<meta name=\"twitter:card\" content=\"summary_large_image\" \/>\n<meta name=\"twitter:creator\" content=\"@pietrosuazo\" \/>\n<meta name=\"twitter:label1\" content=\"Escrito por\" \/>\n\t<meta name=\"twitter:data1\" content=\"Pedro Suazo\" \/>\n\t<meta name=\"twitter:label2\" content=\"Tiempo estimado de lectura\" \/>\n\t<meta name=\"twitter:data2\" content=\"1 minuto\" \/>\n<script type=\"application\/ld+json\" class=\"yoast-schema-graph\">{\"@context\":\"https:\/\/schema.org\",\"@graph\":[{\"@type\":\"Article\",\"@id\":\"https:\/\/noti-america.com\/site\/principal\/2021\/10\/20\/volaris-inicia-operaciones-en-honduras-con-vuelos-a-bajo-costo\/#article\",\"isPartOf\":{\"@id\":\"https:\/\/noti-america.com\/site\/principal\/2021\/10\/20\/volaris-inicia-operaciones-en-honduras-con-vuelos-a-bajo-costo\/\"},\"author\":{\"name\":\"Pedro Suazo\",\"@id\":\"https:\/\/noti-america.com\/site\/principal\/#\/schema\/person\/9b873cf7fcc4c751d1816d2e4235f9ca\"},\"headline\":\"Volaris inicia operaciones en Honduras con vuelos a bajo costo.\",\"datePublished\":\"2021-10-21T02:46:06+00:00\",\"mainEntityOfPage\":{\"@id\":\"https:\/\/noti-america.com\/site\/principal\/2021\/10\/20\/volaris-inicia-operaciones-en-honduras-con-vuelos-a-bajo-costo\/\"},\"wordCount\":271,\"commentCount\":0,\"image\":{\"@id\":\"https:\/\/noti-america.com\/site\/principal\/2021\/10\/20\/volaris-inicia-operaciones-en-honduras-con-vuelos-a-bajo-costo\/#primaryimage\"},\"thumbnailUrl\":\"https:\/\/noti-america.com\/site\/principal\/wp-content\/uploads\/sites\/26\/2021\/10\/volaris.jpg\",\"articleSection\":[\"Actualidad\",\"Nacionales\"],\"inLanguage\":\"es\",\"potentialAction\":[{\"@type\":\"CommentAction\",\"name\":\"Comment\",\"target\":[\"https:\/\/noti-america.com\/site\/principal\/2021\/10\/20\/volaris-inicia-operaciones-en-honduras-con-vuelos-a-bajo-costo\/#respond\"]}]},{\"@type\":\"WebPage\",\"@id\":\"https:\/\/noti-america.com\/site\/principal\/2021\/10\/20\/volaris-inicia-operaciones-en-honduras-con-vuelos-a-bajo-costo\/\",\"url\":\"https:\/\/noti-america.com\/site\/principal\/2021\/10\/20\/volaris-inicia-operaciones-en-honduras-con-vuelos-a-bajo-costo\/\",\"name\":\"Volaris inicia operaciones en Honduras con vuelos a bajo costo. - Noti-America.com\",\"isPartOf\":{\"@id\":\"https:\/\/noti-america.com\/site\/principal\/#website\"},\"primaryImageOfPage\":{\"@id\":\"https:\/\/noti-america.com\/site\/principal\/2021\/10\/20\/volaris-inicia-operaciones-en-honduras-con-vuelos-a-bajo-costo\/#primaryimage\"},\"image\":{\"@id\":\"https:\/\/noti-america.com\/site\/principal\/2021\/10\/20\/volaris-inicia-operaciones-en-honduras-con-vuelos-a-bajo-costo\/#primaryimage\"},\"thumbnailUrl\":\"https:\/\/noti-america.com\/site\/principal\/wp-content\/uploads\/sites\/26\/2021\/10\/volaris.jpg\",\"datePublished\":\"2021-10-21T02:46:06+00:00\",\"author\":{\"@id\":\"https:\/\/noti-america.com\/site\/principal\/#\/schema\/person\/9b873cf7fcc4c751d1816d2e4235f9ca\"},\"breadcrumb\":{\"@id\":\"https:\/\/noti-america.com\/site\/principal\/2021\/10\/20\/volaris-inicia-operaciones-en-honduras-con-vuelos-a-bajo-costo\/#breadcrumb\"},\"inLanguage\":\"es\",\"potentialAction\":[{\"@type\":\"ReadAction\",\"target\":[\"https:\/\/noti-america.com\/site\/principal\/2021\/10\/20\/volaris-inicia-operaciones-en-honduras-con-vuelos-a-bajo-costo\/\"]}]},{\"@type\":\"ImageObject\",\"inLanguage\":\"es\",\"@id\":\"https:\/\/noti-america.com\/site\/principal\/2021\/10\/20\/volaris-inicia-operaciones-en-honduras-con-vuelos-a-bajo-costo\/#primaryimage\",\"url\":\"https:\/\/noti-america.com\/site\/principal\/wp-content\/uploads\/sites\/26\/2021\/10\/volaris.jpg\",\"contentUrl\":\"https:\/\/noti-america.com\/site\/principal\/wp-content\/uploads\/sites\/26\/2021\/10\/volaris.jpg\",\"width\":750,\"height\":375},{\"@type\":\"BreadcrumbList\",\"@id\":\"https:\/\/noti-america.com\/site\/principal\/2021\/10\/20\/volaris-inicia-operaciones-en-honduras-con-vuelos-a-bajo-costo\/#breadcrumb\",\"itemListElement\":[{\"@type\":\"ListItem\",\"position\":1,\"name\":\"Portada\",\"item\":\"https:\/\/noti-america.com\/site\/principal\/\"},{\"@type\":\"ListItem\",\"position\":2,\"name\":\"Volaris inicia operaciones en Honduras con vuelos a bajo costo.\"}]},{\"@type\":\"WebSite\",\"@id\":\"https:\/\/noti-america.com\/site\/principal\/#website\",\"url\":\"https:\/\/noti-america.com\/site\/principal\/\",\"name\":\"Noti-America.com\",\"description\":\"El Noticiero Digital M\u00e1s Grande de Am\u00e9rica\",\"potentialAction\":[{\"@type\":\"SearchAction\",\"target\":{\"@type\":\"EntryPoint\",\"urlTemplate\":\"https:\/\/noti-america.com\/site\/principal\/?s={search_term_string}\"},\"query-input\":{\"@type\":\"PropertyValueSpecification\",\"valueRequired\":true,\"valueName\":\"search_term_string\"}}],\"inLanguage\":\"es\"},{\"@type\":\"Person\",\"@id\":\"https:\/\/noti-america.com\/site\/principal\/#\/schema\/person\/9b873cf7fcc4c751d1816d2e4235f9ca\",\"name\":\"Pedro Suazo\",\"image\":{\"@type\":\"ImageObject\",\"inLanguage\":\"es\",\"@id\":\"https:\/\/secure.gravatar.com\/avatar\/e46d552e8754c06a5c223a4629954b950dd8c6721a566907dc0566c817fa5cb7?s=96&d=mm&r=g\",\"url\":\"https:\/\/secure.gravatar.com\/avatar\/e46d552e8754c06a5c223a4629954b950dd8c6721a566907dc0566c817fa5cb7?s=96&d=mm&r=g\",\"contentUrl\":\"https:\/\/secure.gravatar.com\/avatar\/e46d552e8754c06a5c223a4629954b950dd8c6721a566907dc0566c817fa5cb7?s=96&d=mm&r=g\",\"caption\":\"Pedro Suazo\"},\"description\":\"Especialista en Informatica Administrativa con experiencia en noticias Deportivas y Desarrollo de P\u00e1ginas Web para Periodicos Digitales, Radios y Tv Online. Webmaster Noti-America Honduras\",\"sameAs\":[\"https:\/\/x.com\/pietrosuazo\"],\"url\":\"https:\/\/noti-america.com\/site\/principal\/author\/psuazo\/\"}]}<\/script>\n<!-- \/ Yoast SEO Premium plugin. -->","yoast_head_json":{"title":"Volaris inicia operaciones en Honduras con vuelos a bajo costo. - Noti-America.com","robots":{"index":"index","follow":"follow","max-snippet":"max-snippet:-1","max-image-preview":"max-image-preview:large","max-video-preview":"max-video-preview:-1"},"canonical":"https:\/\/noti-america.com\/site\/principal\/2021\/10\/20\/volaris-inicia-operaciones-en-honduras-con-vuelos-a-bajo-costo\/","og_locale":"es_ES","og_type":"article","og_title":"Volaris inicia operaciones en Honduras con vuelos a bajo costo.","og_description":"SAN PEDRO SULA, HONDURAS. Hoy mi\u00e9rcoles 20 de octubre de 20121, inici\u00f3 operaciones la aerol\u00ednea Volaris en el aeropuerto Ram\u00f3n Villeda Morales, San Pedro Sula. El presidente y Director General de Volaris, Enrique Beltr\u00e1n,&#46;&#46;&#46;","og_url":"https:\/\/noti-america.com\/site\/principal\/2021\/10\/20\/volaris-inicia-operaciones-en-honduras-con-vuelos-a-bajo-costo\/","og_site_name":"Noti-America.com","article_published_time":"2021-10-21T02:46:06+00:00","og_image":[{"width":750,"height":375,"url":"https:\/\/noti-america.com\/site\/principal\/wp-content\/uploads\/sites\/26\/2021\/10\/volaris.jpg","type":"image\/jpeg"}],"author":"Pedro Suazo","twitter_card":"summary_large_image","twitter_creator":"@pietrosuazo","twitter_misc":{"Escrito por":"Pedro Suazo","Tiempo estimado de lectura":"1 minuto"},"schema":{"@context":"https:\/\/schema.org","@graph":[{"@type":"Article","@id":"https:\/\/noti-america.com\/site\/principal\/2021\/10\/20\/volaris-inicia-operaciones-en-honduras-con-vuelos-a-bajo-costo\/#article","isPartOf":{"@id":"https:\/\/noti-america.com\/site\/principal\/2021\/10\/20\/volaris-inicia-operaciones-en-honduras-con-vuelos-a-bajo-costo\/"},"author":{"name":"Pedro Suazo","@id":"https:\/\/noti-america.com\/site\/principal\/#\/schema\/person\/9b873cf7fcc4c751d1816d2e4235f9ca"},"headline":"Volaris inicia operaciones en Honduras con vuelos a bajo costo.","datePublished":"2021-10-21T02:46:06+00:00","mainEntityOfPage":{"@id":"https:\/\/noti-america.com\/site\/principal\/2021\/10\/20\/volaris-inicia-operaciones-en-honduras-con-vuelos-a-bajo-costo\/"},"wordCount":271,"commentCount":0,"image":{"@id":"https:\/\/noti-america.com\/site\/principal\/2021\/10\/20\/volaris-inicia-operaciones-en-honduras-con-vuelos-a-bajo-costo\/#primaryimage"},"thumbnailUrl":"https:\/\/noti-america.com\/site\/principal\/wp-content\/uploads\/sites\/26\/2021\/10\/volaris.jpg","articleSection":["Actualidad","Nacionales"],"inLanguage":"es","potentialAction":[{"@type":"CommentAction","name":"Comment","target":["https:\/\/noti-america.com\/site\/principal\/2021\/10\/20\/volaris-inicia-operaciones-en-honduras-con-vuelos-a-bajo-costo\/#respond"]}]},{"@type":"WebPage","@id":"https:\/\/noti-america.com\/site\/principal\/2021\/10\/20\/volaris-inicia-operaciones-en-honduras-con-vuelos-a-bajo-costo\/","url":"https:\/\/noti-america.com\/site\/principal\/2021\/10\/20\/volaris-inicia-operaciones-en-honduras-con-vuelos-a-bajo-costo\/","name":"Volaris inicia operaciones en Honduras con vuelos a bajo costo. - Noti-America.com","isPartOf":{"@id":"https:\/\/noti-america.com\/site\/principal\/#website"},"primaryImageOfPage":{"@id":"https:\/\/noti-america.com\/site\/principal\/2021\/10\/20\/volaris-inicia-operaciones-en-honduras-con-vuelos-a-bajo-costo\/#primaryimage"},"image":{"@id":"https:\/\/noti-america.com\/site\/principal\/2021\/10\/20\/volaris-inicia-operaciones-en-honduras-con-vuelos-a-bajo-costo\/#primaryimage"},"thumbnailUrl":"https:\/\/noti-america.com\/site\/principal\/wp-content\/uploads\/sites\/26\/2021\/10\/volaris.jpg","datePublished":"2021-10-21T02:46:06+00:00","author":{"@id":"https:\/\/noti-america.com\/site\/principal\/#\/schema\/person\/9b873cf7fcc4c751d1816d2e4235f9ca"},"breadcrumb":{"@id":"https:\/\/noti-america.com\/site\/principal\/2021\/10\/20\/volaris-inicia-operaciones-en-honduras-con-vuelos-a-bajo-costo\/#breadcrumb"},"inLanguage":"es","potentialAction":[{"@type":"ReadAction","target":["https:\/\/noti-america.com\/site\/principal\/2021\/10\/20\/volaris-inicia-operaciones-en-honduras-con-vuelos-a-bajo-costo\/"]}]},{"@type":"ImageObject","inLanguage":"es","@id":"https:\/\/noti-america.com\/site\/principal\/2021\/10\/20\/volaris-inicia-operaciones-en-honduras-con-vuelos-a-bajo-costo\/#primaryimage","url":"https:\/\/noti-america.com\/site\/principal\/wp-content\/uploads\/sites\/26\/2021\/10\/volaris.jpg","contentUrl":"https:\/\/noti-america.com\/site\/principal\/wp-content\/uploads\/sites\/26\/2021\/10\/volaris.jpg","width":750,"height":375},{"@type":"BreadcrumbList","@id":"https:\/\/noti-america.com\/site\/principal\/2021\/10\/20\/volaris-inicia-operaciones-en-honduras-con-vuelos-a-bajo-costo\/#breadcrumb","itemListElement":[{"@type":"ListItem","position":1,"name":"Portada","item":"https:\/\/noti-america.com\/site\/principal\/"},{"@type":"ListItem","position":2,"name":"Volaris inicia operaciones en Honduras con vuelos a bajo costo."}]},{"@type":"WebSite","@id":"https:\/\/noti-america.com\/site\/principal\/#website","url":"https:\/\/noti-america.com\/site\/principal\/","name":"Noti-America.com","description":"El Noticiero Digital M\u00e1s Grande de Am\u00e9rica","potentialAction":[{"@type":"SearchAction","target":{"@type":"EntryPoint","urlTemplate":"https:\/\/noti-america.com\/site\/principal\/?s={search_term_string}"},"query-input":{"@type":"PropertyValueSpecification","valueRequired":true,"valueName":"search_term_string"}}],"inLanguage":"es"},{"@type":"Person","@id":"https:\/\/noti-america.com\/site\/principal\/#\/schema\/person\/9b873cf7fcc4c751d1816d2e4235f9ca","name":"Pedro Suazo","image":{"@type":"ImageObject","inLanguage":"es","@id":"https:\/\/secure.gravatar.com\/avatar\/e46d552e8754c06a5c223a4629954b950dd8c6721a566907dc0566c817fa5cb7?s=96&d=mm&r=g","url":"https:\/\/secure.gravatar.com\/avatar\/e46d552e8754c06a5c223a4629954b950dd8c6721a566907dc0566c817fa5cb7?s=96&d=mm&r=g","contentUrl":"https:\/\/secure.gravatar.com\/avatar\/e46d552e8754c06a5c223a4629954b950dd8c6721a566907dc0566c817fa5cb7?s=96&d=mm&r=g","caption":"Pedro Suazo"},"description":"Especialista en Informatica Administrativa con experiencia en noticias Deportivas y Desarrollo de P\u00e1ginas Web para Periodicos Digitales, Radios y Tv Online. Webmaster Noti-America Honduras","sameAs":["https:\/\/x.com\/pietrosuazo"],"url":"https:\/\/noti-america.com\/site\/principal\/author\/psuazo\/"}]}},"_links":{"self":[{"href":"https:\/\/noti-america.com\/site\/principal\/wp-json\/wp\/v2\/posts\/6431","targetHints":{"allow":["GET"]}}],"collection":[{"href":"https:\/\/noti-america.com\/site\/principal\/wp-json\/wp\/v2\/posts"}],"about":[{"href":"https:\/\/noti-america.com\/site\/principal\/wp-json\/wp\/v2\/types\/post"}],"author":[{"embeddable":true,"href":"https:\/\/noti-america.com\/site\/principal\/wp-json\/wp\/v2\/users\/110"}],"replies":[{"embeddable":true,"href":"https:\/\/noti-america.com\/site\/principal\/wp-json\/wp\/v2\/comments?post=6431"}],"version-history":[{"count":4,"href":"https:\/\/noti-america.com\/site\/principal\/wp-json\/wp\/v2\/posts\/6431\/revisions"}],"predecessor-version":[{"id":6439,"href":"https:\/\/noti-america.com\/site\/principal\/wp-json\/wp\/v2\/posts\/6431\/revisions\/6439"}],"wp:featuredmedia":[{"embeddable":true,"href":"https:\/\/noti-america.com\/site\/principal\/wp-json\/wp\/v2\/media\/6438"}],"wp:attachment":[{"href":"https:\/\/noti-america.com\/site\/principal\/wp-json\/wp\/v2\/media?parent=6431"}],"wp:term":[{"taxonomy":"category","embeddable":true,"href":"https:\/\/noti-america.com\/site\/principal\/wp-json\/wp\/v2\/categories?post=6431"},{"taxonomy":"post_tag","embeddable":true,"href":"https:\/\/noti-america.com\/site\/principal\/wp-json\/wp\/v2\/tags?post=6431"}],"curies":[{"name":"wp","href":"https:\/\/api.w.org\/{rel}","templated":true}]}}