{"id":62359,"date":"2025-02-18T19:01:12","date_gmt":"2025-02-18T23:01:12","guid":{"rendered":"https:\/\/noti-america.com\/site\/principal\/?p=62359"},"modified":"2025-02-18T15:01:30","modified_gmt":"2025-02-18T19:01:30","slug":"31748","status":"publish","type":"post","link":"https:\/\/noti-america.com\/site\/principal\/2025\/02\/18\/31748\/","title":{"rendered":""},"content":{"rendered":"<p><img loading=\"lazy\" decoding=\"async\" class=\"alignnone size-medium wp-image-62360\" src=\"https:\/\/noti-america.com\/site\/principal\/wp-content\/uploads\/sites\/26\/2025\/02\/7bcb928c-01f2-48c6-9188-a72d4f89f711-214x300.jpeg\" alt=\"\" width=\"214\" height=\"300\" srcset=\"https:\/\/noti-america.com\/site\/principal\/wp-content\/uploads\/sites\/26\/2025\/02\/7bcb928c-01f2-48c6-9188-a72d4f89f711-214x300.jpeg 214w, https:\/\/noti-america.com\/site\/principal\/wp-content\/uploads\/sites\/26\/2025\/02\/7bcb928c-01f2-48c6-9188-a72d4f89f711-731x1024.jpeg 731w, https:\/\/noti-america.com\/site\/principal\/wp-content\/uploads\/sites\/26\/2025\/02\/7bcb928c-01f2-48c6-9188-a72d4f89f711-768x1076.jpeg 768w, https:\/\/noti-america.com\/site\/principal\/wp-content\/uploads\/sites\/26\/2025\/02\/7bcb928c-01f2-48c6-9188-a72d4f89f711-1096x1536.jpeg 1096w, https:\/\/noti-america.com\/site\/principal\/wp-content\/uploads\/sites\/26\/2025\/02\/7bcb928c-01f2-48c6-9188-a72d4f89f711.jpeg 1142w\" sizes=\"auto, (max-width: 214px) 100vw, 214px\" \/><\/p>\n<p>*Comunicado Oficial &#8211; para Publicacion Inmediata*<\/p>\n<p>*Golden Business Awards Colombia 2nda Edicion*<\/p>\n<p>Los pr\u00f3ximos 18 y 19 de marzo de 2025, la ciudad de la eterna primavera ser\u00e1 el escenario de la segunda edici\u00f3n de los Golden Business Awards Colombia, una plataforma dise\u00f1ada para destacar y potenciar el crecimiento de empresas y marcas.<\/p>\n<p>El \u00e9xito es parte fundamental de cualquier negocio, y en esta edici\u00f3n contaremos con la participaci\u00f3n de compa\u00f1\u00edas de Estados Unidos, Europa, Rep\u00fablica Dominicana, Puerto Rico, Chile y muchos otros pa\u00edses. Actualmente, m\u00e1s de 70 empresas ya han confirmado su participaci\u00f3n en este evento, que brindar\u00e1 una oportunidad \u00fanica para dar a conocer sus marcas a nivel internacional.<\/p>\n<p>Sectores como arte, entretenimiento, promoci\u00f3n, gastronom\u00eda, hoteler\u00eda y discograf\u00eda estar\u00e1n representados en este importante encuentro empresarial.<\/p>\n<p>*Agenda del evento*<\/p>\n<p>18 de marzo:<br \/>\nLugar: La Tusa, La 33<br \/>\nHora: 3:00 p. m. &#8211; 6:00 p.m. Rueda de negocios: Un espacio exclusivo para networking y alianzas estrat\u00e9gicas.<br \/>\n7:00 p.m. Showcase y remate.<br \/>\nDireccion: Ave 33 #76-139<br \/>\n19 de marzo:<br \/>\nLugar: Pub Rock Medell\u00edn<br \/>\nReconocimiento a las empresas m\u00e1s destacadas en diferentes categor\u00edas. Gala de premiaci\u00f3n<br \/>\nHora: 5:00 p.m. Alfombra Roja<br \/>\n7:00 p.m. Premiaci\u00f3n<br \/>\nDireccion: Cra 37a # 8 &#8211; 12<\/p>\n<p>A\u00fan hay espacios disponibles. Este a\u00f1o implementaremos una nueva modalidad para quienes no puedan asistir de manera presencial: una opci\u00f3n virtual para que no se pierdan este gran evento en la ciudad de Medell\u00edn.<\/p>\n<p>Si est\u00e1s interesado, comun\u00edcate al<br \/>\n+1 786-318-1772 (EE. UU.)<br \/>\n+57 313-870-9591 (Colombia).<\/p>\n<p>&nbsp;<\/p>\n<p>.<\/p>\n","protected":false},"excerpt":{"rendered":"<p>*Comunicado Oficial &#8211; para Publicacion Inmediata* *Golden Business Awards Colombia 2nda Edicion* Los pr\u00f3ximos 18 y 19 de marzo de 2025, la ciudad de la eterna primavera ser\u00e1 el escenario de la segunda edici\u00f3n&#46;&#46;&#46;<\/p>\n","protected":false},"author":96,"featured_media":62360,"comment_status":"closed","ping_status":"open","sticky":false,"template":"","format":"standard","meta":{"_acf_changed":false,"rop_custom_images_group":[],"rop_custom_messages_group":[],"rop_publish_now":"initial","rop_publish_now_accounts":{"facebook_10219548024599422_1632221337088128":"","twitter_242054905_242054905":""},"rop_publish_now_history":[],"rop_publish_now_status":"pending","footnotes":""},"categories":[8],"tags":[],"class_list":["post-62359","post","type-post","status-publish","format-standard","has-post-thumbnail","hentry","category-arte-y-espectaculos"],"acf":[],"yoast_head":"<!-- This site is optimized with the Yoast SEO Premium plugin v24.9 (Yoast SEO v27.2) - https:\/\/yoast.com\/product\/yoast-seo-premium-wordpress\/ -->\n<title>- Noti-America.com<\/title>\n<meta name=\"robots\" content=\"index, follow, max-snippet:-1, max-image-preview:large, max-video-preview:-1\" \/>\n<link rel=\"canonical\" href=\"https:\/\/noti-america.com\/site\/principal\/2025\/02\/18\/31748\/\" \/>\n<meta property=\"og:locale\" content=\"es_ES\" \/>\n<meta property=\"og:type\" content=\"article\" \/>\n<meta property=\"og:description\" content=\"*Comunicado Oficial &#8211; para Publicacion Inmediata* *Golden Business Awards Colombia 2nda Edicion* Los pr\u00f3ximos 18 y 19 de marzo de 2025, la ciudad de la eterna primavera ser\u00e1 el escenario de la segunda edici\u00f3n&#046;&#046;&#046;\" \/>\n<meta property=\"og:url\" content=\"https:\/\/noti-america.com\/site\/principal\/2025\/02\/18\/31748\/\" \/>\n<meta property=\"og:site_name\" content=\"Noti-America.com\" \/>\n<meta property=\"article:author\" content=\"https:\/\/www.facebook.com\/share\/1HVE1qCqVk\/?mibextid=wwXIfr\" \/>\n<meta property=\"article:published_time\" content=\"2025-02-18T23:01:12+00:00\" \/>\n<meta property=\"og:image\" content=\"https:\/\/noti-america.com\/site\/principal\/wp-content\/uploads\/sites\/26\/2025\/02\/7bcb928c-01f2-48c6-9188-a72d4f89f711.jpeg\" \/>\n\t<meta property=\"og:image:width\" content=\"1142\" \/>\n\t<meta property=\"og:image:height\" content=\"1600\" \/>\n\t<meta property=\"og:image:type\" content=\"image\/jpeg\" \/>\n<meta name=\"author\" content=\"Miguel Ramirez\" \/>\n<meta name=\"twitter:card\" content=\"summary_large_image\" \/>\n<meta name=\"twitter:label1\" content=\"Escrito por\" \/>\n\t<meta name=\"twitter:data1\" content=\"Miguel Ramirez\" \/>\n\t<meta name=\"twitter:label2\" content=\"Tiempo estimado de lectura\" \/>\n\t<meta name=\"twitter:data2\" content=\"1 minuto\" \/>\n<script type=\"application\/ld+json\" class=\"yoast-schema-graph\">{\"@context\":\"https:\/\/schema.org\",\"@graph\":[{\"@type\":\"Article\",\"@id\":\"https:\/\/noti-america.com\/site\/principal\/2025\/02\/18\/31748\/#article\",\"isPartOf\":{\"@id\":\"https:\/\/noti-america.com\/site\/principal\/2025\/02\/18\/31748\/\"},\"author\":{\"name\":\"Miguel Ramirez\",\"@id\":\"https:\/\/noti-america.com\/site\/principal\/#\/schema\/person\/8027db7d71a0328e6e4474fa188c6fb3\"},\"headline\":\"Sin t\u00edtulo\",\"datePublished\":\"2025-02-18T23:01:12+00:00\",\"mainEntityOfPage\":{\"@id\":\"https:\/\/noti-america.com\/site\/principal\/2025\/02\/18\/31748\/\"},\"wordCount\":261,\"image\":{\"@id\":\"https:\/\/noti-america.com\/site\/principal\/2025\/02\/18\/31748\/#primaryimage\"},\"thumbnailUrl\":\"https:\/\/noti-america.com\/site\/principal\/wp-content\/uploads\/sites\/26\/2025\/02\/7bcb928c-01f2-48c6-9188-a72d4f89f711.jpeg\",\"articleSection\":[\"Arte y Espect\u00e1culos\"],\"inLanguage\":\"es\"},{\"@type\":\"WebPage\",\"@id\":\"https:\/\/noti-america.com\/site\/principal\/2025\/02\/18\/31748\/\",\"url\":\"https:\/\/noti-america.com\/site\/principal\/2025\/02\/18\/31748\/\",\"name\":\"- Noti-America.com\",\"isPartOf\":{\"@id\":\"https:\/\/noti-america.com\/site\/principal\/#website\"},\"primaryImageOfPage\":{\"@id\":\"https:\/\/noti-america.com\/site\/principal\/2025\/02\/18\/31748\/#primaryimage\"},\"image\":{\"@id\":\"https:\/\/noti-america.com\/site\/principal\/2025\/02\/18\/31748\/#primaryimage\"},\"thumbnailUrl\":\"https:\/\/noti-america.com\/site\/principal\/wp-content\/uploads\/sites\/26\/2025\/02\/7bcb928c-01f2-48c6-9188-a72d4f89f711.jpeg\",\"datePublished\":\"2025-02-18T23:01:12+00:00\",\"author\":{\"@id\":\"https:\/\/noti-america.com\/site\/principal\/#\/schema\/person\/8027db7d71a0328e6e4474fa188c6fb3\"},\"inLanguage\":\"es\",\"potentialAction\":[{\"@type\":\"ReadAction\",\"target\":[\"https:\/\/noti-america.com\/site\/principal\/2025\/02\/18\/31748\/\"]}]},{\"@type\":\"ImageObject\",\"inLanguage\":\"es\",\"@id\":\"https:\/\/noti-america.com\/site\/principal\/2025\/02\/18\/31748\/#primaryimage\",\"url\":\"https:\/\/noti-america.com\/site\/principal\/wp-content\/uploads\/sites\/26\/2025\/02\/7bcb928c-01f2-48c6-9188-a72d4f89f711.jpeg\",\"contentUrl\":\"https:\/\/noti-america.com\/site\/principal\/wp-content\/uploads\/sites\/26\/2025\/02\/7bcb928c-01f2-48c6-9188-a72d4f89f711.jpeg\",\"width\":1142,\"height\":1600},{\"@type\":\"WebSite\",\"@id\":\"https:\/\/noti-america.com\/site\/principal\/#website\",\"url\":\"https:\/\/noti-america.com\/site\/principal\/\",\"name\":\"Noti-America.com\",\"description\":\"El Noticiero Digital M\u00e1s Grande de Am\u00e9rica\",\"potentialAction\":[{\"@type\":\"SearchAction\",\"target\":{\"@type\":\"EntryPoint\",\"urlTemplate\":\"https:\/\/noti-america.com\/site\/principal\/?s={search_term_string}\"},\"query-input\":{\"@type\":\"PropertyValueSpecification\",\"valueRequired\":true,\"valueName\":\"search_term_string\"}}],\"inLanguage\":\"es\"},{\"@type\":\"Person\",\"@id\":\"https:\/\/noti-america.com\/site\/principal\/#\/schema\/person\/8027db7d71a0328e6e4474fa188c6fb3\",\"name\":\"Miguel Ramirez\",\"image\":{\"@type\":\"ImageObject\",\"inLanguage\":\"es\",\"@id\":\"https:\/\/secure.gravatar.com\/avatar\/41a78fb2cdab3e2dc5831d3591f1dab499ed0c22acc464195b09f37c2b3ac2cf?s=96&d=mm&r=g\",\"url\":\"https:\/\/secure.gravatar.com\/avatar\/41a78fb2cdab3e2dc5831d3591f1dab499ed0c22acc464195b09f37c2b3ac2cf?s=96&d=mm&r=g\",\"contentUrl\":\"https:\/\/secure.gravatar.com\/avatar\/41a78fb2cdab3e2dc5831d3591f1dab499ed0c22acc464195b09f37c2b3ac2cf?s=96&d=mm&r=g\",\"caption\":\"Miguel Ramirez\"},\"description\":\"Locutor y periodista digital y coach comunicaci\u00f3n\",\"sameAs\":[\"https:\/\/www.facebook.com\/share\/1HVE1qCqVk\/?mibextid=wwXIfr\"],\"url\":\"https:\/\/noti-america.com\/site\/principal\/author\/mramirez\/\"}]}<\/script>\n<!-- \/ Yoast SEO Premium plugin. -->","yoast_head_json":{"title":"- Noti-America.com","robots":{"index":"index","follow":"follow","max-snippet":"max-snippet:-1","max-image-preview":"max-image-preview:large","max-video-preview":"max-video-preview:-1"},"canonical":"https:\/\/noti-america.com\/site\/principal\/2025\/02\/18\/31748\/","og_locale":"es_ES","og_type":"article","og_description":"*Comunicado Oficial &#8211; para Publicacion Inmediata* *Golden Business Awards Colombia 2nda Edicion* Los pr\u00f3ximos 18 y 19 de marzo de 2025, la ciudad de la eterna primavera ser\u00e1 el escenario de la segunda edici\u00f3n&#46;&#46;&#46;","og_url":"https:\/\/noti-america.com\/site\/principal\/2025\/02\/18\/31748\/","og_site_name":"Noti-America.com","article_author":"https:\/\/www.facebook.com\/share\/1HVE1qCqVk\/?mibextid=wwXIfr","article_published_time":"2025-02-18T23:01:12+00:00","og_image":[{"width":1142,"height":1600,"url":"https:\/\/noti-america.com\/site\/principal\/wp-content\/uploads\/sites\/26\/2025\/02\/7bcb928c-01f2-48c6-9188-a72d4f89f711.jpeg","type":"image\/jpeg"}],"author":"Miguel Ramirez","twitter_card":"summary_large_image","twitter_misc":{"Escrito por":"Miguel Ramirez","Tiempo estimado de lectura":"1 minuto"},"schema":{"@context":"https:\/\/schema.org","@graph":[{"@type":"Article","@id":"https:\/\/noti-america.com\/site\/principal\/2025\/02\/18\/31748\/#article","isPartOf":{"@id":"https:\/\/noti-america.com\/site\/principal\/2025\/02\/18\/31748\/"},"author":{"name":"Miguel Ramirez","@id":"https:\/\/noti-america.com\/site\/principal\/#\/schema\/person\/8027db7d71a0328e6e4474fa188c6fb3"},"headline":"Sin t\u00edtulo","datePublished":"2025-02-18T23:01:12+00:00","mainEntityOfPage":{"@id":"https:\/\/noti-america.com\/site\/principal\/2025\/02\/18\/31748\/"},"wordCount":261,"image":{"@id":"https:\/\/noti-america.com\/site\/principal\/2025\/02\/18\/31748\/#primaryimage"},"thumbnailUrl":"https:\/\/noti-america.com\/site\/principal\/wp-content\/uploads\/sites\/26\/2025\/02\/7bcb928c-01f2-48c6-9188-a72d4f89f711.jpeg","articleSection":["Arte y Espect\u00e1culos"],"inLanguage":"es"},{"@type":"WebPage","@id":"https:\/\/noti-america.com\/site\/principal\/2025\/02\/18\/31748\/","url":"https:\/\/noti-america.com\/site\/principal\/2025\/02\/18\/31748\/","name":"- Noti-America.com","isPartOf":{"@id":"https:\/\/noti-america.com\/site\/principal\/#website"},"primaryImageOfPage":{"@id":"https:\/\/noti-america.com\/site\/principal\/2025\/02\/18\/31748\/#primaryimage"},"image":{"@id":"https:\/\/noti-america.com\/site\/principal\/2025\/02\/18\/31748\/#primaryimage"},"thumbnailUrl":"https:\/\/noti-america.com\/site\/principal\/wp-content\/uploads\/sites\/26\/2025\/02\/7bcb928c-01f2-48c6-9188-a72d4f89f711.jpeg","datePublished":"2025-02-18T23:01:12+00:00","author":{"@id":"https:\/\/noti-america.com\/site\/principal\/#\/schema\/person\/8027db7d71a0328e6e4474fa188c6fb3"},"inLanguage":"es","potentialAction":[{"@type":"ReadAction","target":["https:\/\/noti-america.com\/site\/principal\/2025\/02\/18\/31748\/"]}]},{"@type":"ImageObject","inLanguage":"es","@id":"https:\/\/noti-america.com\/site\/principal\/2025\/02\/18\/31748\/#primaryimage","url":"https:\/\/noti-america.com\/site\/principal\/wp-content\/uploads\/sites\/26\/2025\/02\/7bcb928c-01f2-48c6-9188-a72d4f89f711.jpeg","contentUrl":"https:\/\/noti-america.com\/site\/principal\/wp-content\/uploads\/sites\/26\/2025\/02\/7bcb928c-01f2-48c6-9188-a72d4f89f711.jpeg","width":1142,"height":1600},{"@type":"WebSite","@id":"https:\/\/noti-america.com\/site\/principal\/#website","url":"https:\/\/noti-america.com\/site\/principal\/","name":"Noti-America.com","description":"El Noticiero Digital M\u00e1s Grande de Am\u00e9rica","potentialAction":[{"@type":"SearchAction","target":{"@type":"EntryPoint","urlTemplate":"https:\/\/noti-america.com\/site\/principal\/?s={search_term_string}"},"query-input":{"@type":"PropertyValueSpecification","valueRequired":true,"valueName":"search_term_string"}}],"inLanguage":"es"},{"@type":"Person","@id":"https:\/\/noti-america.com\/site\/principal\/#\/schema\/person\/8027db7d71a0328e6e4474fa188c6fb3","name":"Miguel Ramirez","image":{"@type":"ImageObject","inLanguage":"es","@id":"https:\/\/secure.gravatar.com\/avatar\/41a78fb2cdab3e2dc5831d3591f1dab499ed0c22acc464195b09f37c2b3ac2cf?s=96&d=mm&r=g","url":"https:\/\/secure.gravatar.com\/avatar\/41a78fb2cdab3e2dc5831d3591f1dab499ed0c22acc464195b09f37c2b3ac2cf?s=96&d=mm&r=g","contentUrl":"https:\/\/secure.gravatar.com\/avatar\/41a78fb2cdab3e2dc5831d3591f1dab499ed0c22acc464195b09f37c2b3ac2cf?s=96&d=mm&r=g","caption":"Miguel Ramirez"},"description":"Locutor y periodista digital y coach comunicaci\u00f3n","sameAs":["https:\/\/www.facebook.com\/share\/1HVE1qCqVk\/?mibextid=wwXIfr"],"url":"https:\/\/noti-america.com\/site\/principal\/author\/mramirez\/"}]}},"_links":{"self":[{"href":"https:\/\/noti-america.com\/site\/principal\/wp-json\/wp\/v2\/posts\/62359","targetHints":{"allow":["GET"]}}],"collection":[{"href":"https:\/\/noti-america.com\/site\/principal\/wp-json\/wp\/v2\/posts"}],"about":[{"href":"https:\/\/noti-america.com\/site\/principal\/wp-json\/wp\/v2\/types\/post"}],"author":[{"embeddable":true,"href":"https:\/\/noti-america.com\/site\/principal\/wp-json\/wp\/v2\/users\/96"}],"replies":[{"embeddable":true,"href":"https:\/\/noti-america.com\/site\/principal\/wp-json\/wp\/v2\/comments?post=62359"}],"version-history":[{"count":1,"href":"https:\/\/noti-america.com\/site\/principal\/wp-json\/wp\/v2\/posts\/62359\/revisions"}],"predecessor-version":[{"id":62361,"href":"https:\/\/noti-america.com\/site\/principal\/wp-json\/wp\/v2\/posts\/62359\/revisions\/62361"}],"wp:featuredmedia":[{"embeddable":true,"href":"https:\/\/noti-america.com\/site\/principal\/wp-json\/wp\/v2\/media\/62360"}],"wp:attachment":[{"href":"https:\/\/noti-america.com\/site\/principal\/wp-json\/wp\/v2\/media?parent=62359"}],"wp:term":[{"taxonomy":"category","embeddable":true,"href":"https:\/\/noti-america.com\/site\/principal\/wp-json\/wp\/v2\/categories?post=62359"},{"taxonomy":"post_tag","embeddable":true,"href":"https:\/\/noti-america.com\/site\/principal\/wp-json\/wp\/v2\/tags?post=62359"}],"curies":[{"name":"wp","href":"https:\/\/api.w.org\/{rel}","templated":true}]}}