{"id":60282,"date":"2025-01-16T12:54:47","date_gmt":"2025-01-16T16:54:47","guid":{"rendered":"https:\/\/noti-america.com\/site\/principal\/?p=60282"},"modified":"2025-01-16T12:54:47","modified_gmt":"2025-01-16T16:54:47","slug":"resiliencia-y-autonomia-como-fortalecer-tu-bienestar-emocional","status":"publish","type":"post","link":"https:\/\/noti-america.com\/site\/principal\/2025\/01\/16\/resiliencia-y-autonomia-como-fortalecer-tu-bienestar-emocional\/","title":{"rendered":"Resiliencia y Autonom\u00eda: C\u00f3mo Fortalecer tu Bienestar Emocional"},"content":{"rendered":"<p>NOTI-AMERICA.COM | ARGENTINA<\/p>\n<p style=\"text-align: justify\">En el coraz\u00f3n de C\u00f3rdoba, donde la vida cotidiana puede ser un desaf\u00edo constante, muchas personas est\u00e1n buscando maneras de fortalecer su bienestar emocional y desarrollar una mayor resiliencia y autonom\u00eda. La creciente preocupaci\u00f3n por la salud mental ha llevado a expertos y profesionales a compartir estrategias pr\u00e1cticas que pueden ayudar a construir una vida emocionalmente s\u00f3lida y autosuficiente.<\/p>\n<p style=\"text-align: justify\">Los expertos en psicolog\u00eda y bienestar destacan varias t\u00e9cnicas que pueden integrarse en la rutina diaria para mejorar la calidad de vida y fomentar la independencia emocional. Estas estrategias incluyen:<\/p>\n<p style=\"text-align: justify\"><strong>Terapia y Apoyo Profesional:<\/strong> Consultar con psic\u00f3logos y terapeutas puede proporcionar herramientas valiosas para manejar las emociones y superar situaciones dif\u00edciles.<\/p>\n<p style=\"text-align: justify\"><strong>Pr\u00e1cticas de Atenci\u00f3n Plena:<\/strong> Dedicar tiempo a la meditaci\u00f3n y la respiraci\u00f3n consciente ayuda a reducir el estr\u00e9s y aumentar la claridad mental.<\/p>\n<p style=\"text-align: justify\"><strong>Ejercicio F\u00edsico Regular:<\/strong> Mantener una rutina de ejercicio libera endorfinas que mejoran el estado de \u00e1nimo y fortalecen la resiliencia.<\/p>\n<p style=\"text-align: justify\"><strong>Desconexi\u00f3n Digital:<\/strong> Reducir el tiempo frente a las pantallas y las redes sociales puede disminuir la ansiedad y mejorar el enfoque en el presente.<\/p>\n<p style=\"text-align: justify\"><strong>Cultivar Relaciones Positivas:<\/strong> Rodearse de personas que aporten apoyo y alegr\u00eda es esencial para mantener un equilibrio emocional.<\/p>\n<p style=\"text-align: justify\"><strong>Habilidades de Resoluci\u00f3n de Problemas:<\/strong> Aprender t\u00e9cnicas para afrontar y resolver conflictos de manera efectiva puede aumentar la autonom\u00eda emocional.<\/p>\n<p style=\"text-align: justify\"><strong>Pr\u00e1cticas de Gratitud:<\/strong> Llevar un diario de gratitud y enfocarse en las cosas positivas de la vida puede mejorar la satisfacci\u00f3n personal.<\/p>\n<p style=\"text-align: justify\"><strong>Cuidado Personal:<\/strong> Establecer h\u00e1bitos de auto-cuidado, como descansar lo suficiente y mantener una dieta equilibrada, es crucial para el bienestar emocional.<\/p>\n<p style=\"text-align: justify\"><strong>Actividades Creativas:<\/strong> Participar en hobbies y actividades que fomenten la creatividad puede ser muy terap\u00e9utico y enriquecedor.<\/p>\n<p style=\"text-align: justify\"><strong>Educaci\u00f3n Continua:<\/strong> Buscar oportunidades para aprender y crecer, tanto a nivel personal como profesional, contribuye a una mayor autonom\u00eda y confianza.<\/p>\n<p style=\"text-align: justify\">La comunidad de C\u00f3rdoba est\u00e1 respondiendo con entusiasmo a estas estrategias, con un aumento en la oferta de talleres, charlas y grupos de apoyo en toda la ciudad. Estas iniciativas est\u00e1n ayudando a muchas personas a encontrar un camino hacia la resiliencia y la independencia emocional.<\/p>\n<p style=\"text-align: justify\"><strong>\u00abFortalecer nuestro bienestar emocional es un proceso continuo,\u00bb<\/strong> comenta Mariana Rodr\u00edguez, psic\u00f3loga y coach de bienestar. <strong>\u00abIncorporar estas estrategias en nuestra rutina diaria puede tener un impacto duradero y positivo en nuestras vidas.\u00bb<\/strong><\/p>\n<p style=\"text-align: justify\">Para aquellos interesados en aprender m\u00e1s, se est\u00e1n organizando eventos y charlas gratuitas en varios centros comunitarios, ofreciendo herramientas y apoyo a todos los que buscan mejorar su bienestar integral.<\/p>\n","protected":false},"excerpt":{"rendered":"<p>NOTI-AMERICA.COM | ARGENTINA En el coraz\u00f3n de C\u00f3rdoba, donde la vida cotidiana puede ser un desaf\u00edo constante, muchas personas est\u00e1n buscando maneras de fortalecer su bienestar emocional y desarrollar una mayor resiliencia y autonom\u00eda.&#46;&#46;&#46;<\/p>\n","protected":false},"author":133,"featured_media":60283,"comment_status":"","ping_status":"open","sticky":false,"template":"","format":"image","meta":{"_acf_changed":false,"rop_custom_images_group":[],"rop_custom_messages_group":[],"rop_publish_now":"initial","rop_publish_now_accounts":{"facebook_10219548024599422_1632221337088128":"","twitter_242054905_242054905":""},"rop_publish_now_history":[],"rop_publish_now_status":"pending","footnotes":""},"categories":[663,71,841],"tags":[],"class_list":["post-60282","post","type-post","status-publish","format-image","has-post-thumbnail","hentry","category-actualidad","category-argentina","category-articulo","post_format-post-format-image"],"acf":[],"yoast_head":"<!-- This site is optimized with the Yoast SEO Premium plugin v24.9 (Yoast SEO v27.2) - https:\/\/yoast.com\/product\/yoast-seo-premium-wordpress\/ -->\n<title>Resiliencia y Autonom\u00eda: C\u00f3mo Fortalecer tu Bienestar Emocional - Noti-America.com<\/title>\n<meta name=\"robots\" content=\"index, follow, max-snippet:-1, max-image-preview:large, max-video-preview:-1\" \/>\n<link rel=\"canonical\" href=\"https:\/\/noti-america.com\/site\/principal\/2025\/01\/16\/resiliencia-y-autonomia-como-fortalecer-tu-bienestar-emocional\/\" \/>\n<meta property=\"og:locale\" content=\"es_ES\" \/>\n<meta property=\"og:type\" content=\"article\" \/>\n<meta property=\"og:title\" content=\"Resiliencia y Autonom\u00eda: C\u00f3mo Fortalecer tu Bienestar Emocional\" \/>\n<meta property=\"og:description\" content=\"NOTI-AMERICA.COM | ARGENTINA En el coraz\u00f3n de C\u00f3rdoba, donde la vida cotidiana puede ser un desaf\u00edo constante, muchas personas est\u00e1n buscando maneras de fortalecer su bienestar emocional y desarrollar una mayor resiliencia y autonom\u00eda.&#046;&#046;&#046;\" \/>\n<meta property=\"og:url\" content=\"https:\/\/noti-america.com\/site\/principal\/2025\/01\/16\/resiliencia-y-autonomia-como-fortalecer-tu-bienestar-emocional\/\" \/>\n<meta property=\"og:site_name\" content=\"Noti-America.com\" \/>\n<meta property=\"article:author\" content=\"Mar\u00eda Valentina Noguera\" \/>\n<meta property=\"article:published_time\" content=\"2025-01-16T16:54:47+00:00\" \/>\n<meta property=\"og:image\" content=\"https:\/\/noti-america.com\/site\/principal\/wp-content\/uploads\/sites\/26\/2025\/01\/f470784b4abba60ed566c0402a46189a.jpeg\" \/>\n\t<meta property=\"og:image:width\" content=\"736\" \/>\n\t<meta property=\"og:image:height\" content=\"1103\" \/>\n\t<meta property=\"og:image:type\" content=\"image\/jpeg\" \/>\n<meta name=\"author\" content=\"Maria Valentina Noguera Medina\" \/>\n<meta name=\"twitter:card\" content=\"summary_large_image\" \/>\n<meta name=\"twitter:label1\" content=\"Escrito por\" \/>\n\t<meta name=\"twitter:data1\" content=\"Maria Valentina Noguera Medina\" \/>\n\t<meta name=\"twitter:label2\" content=\"Tiempo estimado de lectura\" \/>\n\t<meta name=\"twitter:data2\" content=\"2 minutos\" \/>\n<script type=\"application\/ld+json\" class=\"yoast-schema-graph\">{\"@context\":\"https:\/\/schema.org\",\"@graph\":[{\"@type\":\"Article\",\"@id\":\"https:\/\/noti-america.com\/site\/principal\/2025\/01\/16\/resiliencia-y-autonomia-como-fortalecer-tu-bienestar-emocional\/#article\",\"isPartOf\":{\"@id\":\"https:\/\/noti-america.com\/site\/principal\/2025\/01\/16\/resiliencia-y-autonomia-como-fortalecer-tu-bienestar-emocional\/\"},\"author\":{\"name\":\"Maria Valentina Noguera Medina\",\"@id\":\"https:\/\/noti-america.com\/site\/principal\/#\/schema\/person\/22806efcc2cfc4b45efb0e17be210ea8\"},\"headline\":\"Resiliencia y Autonom\u00eda: C\u00f3mo Fortalecer tu Bienestar Emocional\",\"datePublished\":\"2025-01-16T16:54:47+00:00\",\"mainEntityOfPage\":{\"@id\":\"https:\/\/noti-america.com\/site\/principal\/2025\/01\/16\/resiliencia-y-autonomia-como-fortalecer-tu-bienestar-emocional\/\"},\"wordCount\":453,\"image\":{\"@id\":\"https:\/\/noti-america.com\/site\/principal\/2025\/01\/16\/resiliencia-y-autonomia-como-fortalecer-tu-bienestar-emocional\/#primaryimage\"},\"thumbnailUrl\":\"https:\/\/noti-america.com\/site\/principal\/wp-content\/uploads\/sites\/26\/2025\/01\/f470784b4abba60ed566c0402a46189a.jpeg\",\"articleSection\":[\"Actualidad\",\"Argentina\",\"Articulo\"],\"inLanguage\":\"es\"},{\"@type\":\"WebPage\",\"@id\":\"https:\/\/noti-america.com\/site\/principal\/2025\/01\/16\/resiliencia-y-autonomia-como-fortalecer-tu-bienestar-emocional\/\",\"url\":\"https:\/\/noti-america.com\/site\/principal\/2025\/01\/16\/resiliencia-y-autonomia-como-fortalecer-tu-bienestar-emocional\/\",\"name\":\"Resiliencia y Autonom\u00eda: C\u00f3mo Fortalecer tu Bienestar Emocional - Noti-America.com\",\"isPartOf\":{\"@id\":\"https:\/\/noti-america.com\/site\/principal\/#website\"},\"primaryImageOfPage\":{\"@id\":\"https:\/\/noti-america.com\/site\/principal\/2025\/01\/16\/resiliencia-y-autonomia-como-fortalecer-tu-bienestar-emocional\/#primaryimage\"},\"image\":{\"@id\":\"https:\/\/noti-america.com\/site\/principal\/2025\/01\/16\/resiliencia-y-autonomia-como-fortalecer-tu-bienestar-emocional\/#primaryimage\"},\"thumbnailUrl\":\"https:\/\/noti-america.com\/site\/principal\/wp-content\/uploads\/sites\/26\/2025\/01\/f470784b4abba60ed566c0402a46189a.jpeg\",\"datePublished\":\"2025-01-16T16:54:47+00:00\",\"author\":{\"@id\":\"https:\/\/noti-america.com\/site\/principal\/#\/schema\/person\/22806efcc2cfc4b45efb0e17be210ea8\"},\"breadcrumb\":{\"@id\":\"https:\/\/noti-america.com\/site\/principal\/2025\/01\/16\/resiliencia-y-autonomia-como-fortalecer-tu-bienestar-emocional\/#breadcrumb\"},\"inLanguage\":\"es\",\"potentialAction\":[{\"@type\":\"ReadAction\",\"target\":[\"https:\/\/noti-america.com\/site\/principal\/2025\/01\/16\/resiliencia-y-autonomia-como-fortalecer-tu-bienestar-emocional\/\"]}]},{\"@type\":\"ImageObject\",\"inLanguage\":\"es\",\"@id\":\"https:\/\/noti-america.com\/site\/principal\/2025\/01\/16\/resiliencia-y-autonomia-como-fortalecer-tu-bienestar-emocional\/#primaryimage\",\"url\":\"https:\/\/noti-america.com\/site\/principal\/wp-content\/uploads\/sites\/26\/2025\/01\/f470784b4abba60ed566c0402a46189a.jpeg\",\"contentUrl\":\"https:\/\/noti-america.com\/site\/principal\/wp-content\/uploads\/sites\/26\/2025\/01\/f470784b4abba60ed566c0402a46189a.jpeg\",\"width\":736,\"height\":1103},{\"@type\":\"BreadcrumbList\",\"@id\":\"https:\/\/noti-america.com\/site\/principal\/2025\/01\/16\/resiliencia-y-autonomia-como-fortalecer-tu-bienestar-emocional\/#breadcrumb\",\"itemListElement\":[{\"@type\":\"ListItem\",\"position\":1,\"name\":\"Portada\",\"item\":\"https:\/\/noti-america.com\/site\/principal\/\"},{\"@type\":\"ListItem\",\"position\":2,\"name\":\"Resiliencia y Autonom\u00eda: C\u00f3mo Fortalecer tu Bienestar Emocional\"}]},{\"@type\":\"WebSite\",\"@id\":\"https:\/\/noti-america.com\/site\/principal\/#website\",\"url\":\"https:\/\/noti-america.com\/site\/principal\/\",\"name\":\"Noti-America.com\",\"description\":\"El Noticiero Digital M\u00e1s Grande de Am\u00e9rica\",\"potentialAction\":[{\"@type\":\"SearchAction\",\"target\":{\"@type\":\"EntryPoint\",\"urlTemplate\":\"https:\/\/noti-america.com\/site\/principal\/?s={search_term_string}\"},\"query-input\":{\"@type\":\"PropertyValueSpecification\",\"valueRequired\":true,\"valueName\":\"search_term_string\"}}],\"inLanguage\":\"es\"},{\"@type\":\"Person\",\"@id\":\"https:\/\/noti-america.com\/site\/principal\/#\/schema\/person\/22806efcc2cfc4b45efb0e17be210ea8\",\"name\":\"Maria Valentina Noguera Medina\",\"image\":{\"@type\":\"ImageObject\",\"inLanguage\":\"es\",\"@id\":\"https:\/\/secure.gravatar.com\/avatar\/4ec5eb9d099f2608a49c9df6f7341f66f04f819cdffa09d56a7a0e91d2819d56?s=96&d=mm&r=g\",\"url\":\"https:\/\/secure.gravatar.com\/avatar\/4ec5eb9d099f2608a49c9df6f7341f66f04f819cdffa09d56a7a0e91d2819d56?s=96&d=mm&r=g\",\"contentUrl\":\"https:\/\/secure.gravatar.com\/avatar\/4ec5eb9d099f2608a49c9df6f7341f66f04f819cdffa09d56a7a0e91d2819d56?s=96&d=mm&r=g\",\"caption\":\"Maria Valentina Noguera Medina\"},\"description\":\"Periodista - noti-america - Promar Community Manager - Talento Plus Dise\u00f1adora\/ creadora de contenido...\",\"sameAs\":[\"Mar\u00eda Valentina Noguera\",\"https:\/\/www.facebook.com\/mariavalentina.noguera\",\"https:\/\/www.linkedin.com\/in\/mara-valentina-noguera-medina-373075165\/\",\"https:\/\/www.pinterest.es\/valentinanoguera95\/\",\"https:\/\/www.youtube.com\/channel\/UCdek6mbUZ-Tqqw0I63i4nmQ\"],\"url\":\"https:\/\/noti-america.com\/site\/principal\/author\/mnoguera\/\"}]}<\/script>\n<!-- \/ Yoast SEO Premium plugin. -->","yoast_head_json":{"title":"Resiliencia y Autonom\u00eda: C\u00f3mo Fortalecer tu Bienestar Emocional - Noti-America.com","robots":{"index":"index","follow":"follow","max-snippet":"max-snippet:-1","max-image-preview":"max-image-preview:large","max-video-preview":"max-video-preview:-1"},"canonical":"https:\/\/noti-america.com\/site\/principal\/2025\/01\/16\/resiliencia-y-autonomia-como-fortalecer-tu-bienestar-emocional\/","og_locale":"es_ES","og_type":"article","og_title":"Resiliencia y Autonom\u00eda: C\u00f3mo Fortalecer tu Bienestar Emocional","og_description":"NOTI-AMERICA.COM | ARGENTINA En el coraz\u00f3n de C\u00f3rdoba, donde la vida cotidiana puede ser un desaf\u00edo constante, muchas personas est\u00e1n buscando maneras de fortalecer su bienestar emocional y desarrollar una mayor resiliencia y autonom\u00eda.&#46;&#46;&#46;","og_url":"https:\/\/noti-america.com\/site\/principal\/2025\/01\/16\/resiliencia-y-autonomia-como-fortalecer-tu-bienestar-emocional\/","og_site_name":"Noti-America.com","article_author":"Mar\u00eda Valentina Noguera","article_published_time":"2025-01-16T16:54:47+00:00","og_image":[{"width":736,"height":1103,"url":"https:\/\/noti-america.com\/site\/principal\/wp-content\/uploads\/sites\/26\/2025\/01\/f470784b4abba60ed566c0402a46189a.jpeg","type":"image\/jpeg"}],"author":"Maria Valentina Noguera Medina","twitter_card":"summary_large_image","twitter_misc":{"Escrito por":"Maria Valentina Noguera Medina","Tiempo estimado de lectura":"2 minutos"},"schema":{"@context":"https:\/\/schema.org","@graph":[{"@type":"Article","@id":"https:\/\/noti-america.com\/site\/principal\/2025\/01\/16\/resiliencia-y-autonomia-como-fortalecer-tu-bienestar-emocional\/#article","isPartOf":{"@id":"https:\/\/noti-america.com\/site\/principal\/2025\/01\/16\/resiliencia-y-autonomia-como-fortalecer-tu-bienestar-emocional\/"},"author":{"name":"Maria Valentina Noguera Medina","@id":"https:\/\/noti-america.com\/site\/principal\/#\/schema\/person\/22806efcc2cfc4b45efb0e17be210ea8"},"headline":"Resiliencia y Autonom\u00eda: C\u00f3mo Fortalecer tu Bienestar Emocional","datePublished":"2025-01-16T16:54:47+00:00","mainEntityOfPage":{"@id":"https:\/\/noti-america.com\/site\/principal\/2025\/01\/16\/resiliencia-y-autonomia-como-fortalecer-tu-bienestar-emocional\/"},"wordCount":453,"image":{"@id":"https:\/\/noti-america.com\/site\/principal\/2025\/01\/16\/resiliencia-y-autonomia-como-fortalecer-tu-bienestar-emocional\/#primaryimage"},"thumbnailUrl":"https:\/\/noti-america.com\/site\/principal\/wp-content\/uploads\/sites\/26\/2025\/01\/f470784b4abba60ed566c0402a46189a.jpeg","articleSection":["Actualidad","Argentina","Articulo"],"inLanguage":"es"},{"@type":"WebPage","@id":"https:\/\/noti-america.com\/site\/principal\/2025\/01\/16\/resiliencia-y-autonomia-como-fortalecer-tu-bienestar-emocional\/","url":"https:\/\/noti-america.com\/site\/principal\/2025\/01\/16\/resiliencia-y-autonomia-como-fortalecer-tu-bienestar-emocional\/","name":"Resiliencia y Autonom\u00eda: C\u00f3mo Fortalecer tu Bienestar Emocional - Noti-America.com","isPartOf":{"@id":"https:\/\/noti-america.com\/site\/principal\/#website"},"primaryImageOfPage":{"@id":"https:\/\/noti-america.com\/site\/principal\/2025\/01\/16\/resiliencia-y-autonomia-como-fortalecer-tu-bienestar-emocional\/#primaryimage"},"image":{"@id":"https:\/\/noti-america.com\/site\/principal\/2025\/01\/16\/resiliencia-y-autonomia-como-fortalecer-tu-bienestar-emocional\/#primaryimage"},"thumbnailUrl":"https:\/\/noti-america.com\/site\/principal\/wp-content\/uploads\/sites\/26\/2025\/01\/f470784b4abba60ed566c0402a46189a.jpeg","datePublished":"2025-01-16T16:54:47+00:00","author":{"@id":"https:\/\/noti-america.com\/site\/principal\/#\/schema\/person\/22806efcc2cfc4b45efb0e17be210ea8"},"breadcrumb":{"@id":"https:\/\/noti-america.com\/site\/principal\/2025\/01\/16\/resiliencia-y-autonomia-como-fortalecer-tu-bienestar-emocional\/#breadcrumb"},"inLanguage":"es","potentialAction":[{"@type":"ReadAction","target":["https:\/\/noti-america.com\/site\/principal\/2025\/01\/16\/resiliencia-y-autonomia-como-fortalecer-tu-bienestar-emocional\/"]}]},{"@type":"ImageObject","inLanguage":"es","@id":"https:\/\/noti-america.com\/site\/principal\/2025\/01\/16\/resiliencia-y-autonomia-como-fortalecer-tu-bienestar-emocional\/#primaryimage","url":"https:\/\/noti-america.com\/site\/principal\/wp-content\/uploads\/sites\/26\/2025\/01\/f470784b4abba60ed566c0402a46189a.jpeg","contentUrl":"https:\/\/noti-america.com\/site\/principal\/wp-content\/uploads\/sites\/26\/2025\/01\/f470784b4abba60ed566c0402a46189a.jpeg","width":736,"height":1103},{"@type":"BreadcrumbList","@id":"https:\/\/noti-america.com\/site\/principal\/2025\/01\/16\/resiliencia-y-autonomia-como-fortalecer-tu-bienestar-emocional\/#breadcrumb","itemListElement":[{"@type":"ListItem","position":1,"name":"Portada","item":"https:\/\/noti-america.com\/site\/principal\/"},{"@type":"ListItem","position":2,"name":"Resiliencia y Autonom\u00eda: C\u00f3mo Fortalecer tu Bienestar Emocional"}]},{"@type":"WebSite","@id":"https:\/\/noti-america.com\/site\/principal\/#website","url":"https:\/\/noti-america.com\/site\/principal\/","name":"Noti-America.com","description":"El Noticiero Digital M\u00e1s Grande de Am\u00e9rica","potentialAction":[{"@type":"SearchAction","target":{"@type":"EntryPoint","urlTemplate":"https:\/\/noti-america.com\/site\/principal\/?s={search_term_string}"},"query-input":{"@type":"PropertyValueSpecification","valueRequired":true,"valueName":"search_term_string"}}],"inLanguage":"es"},{"@type":"Person","@id":"https:\/\/noti-america.com\/site\/principal\/#\/schema\/person\/22806efcc2cfc4b45efb0e17be210ea8","name":"Maria Valentina Noguera Medina","image":{"@type":"ImageObject","inLanguage":"es","@id":"https:\/\/secure.gravatar.com\/avatar\/4ec5eb9d099f2608a49c9df6f7341f66f04f819cdffa09d56a7a0e91d2819d56?s=96&d=mm&r=g","url":"https:\/\/secure.gravatar.com\/avatar\/4ec5eb9d099f2608a49c9df6f7341f66f04f819cdffa09d56a7a0e91d2819d56?s=96&d=mm&r=g","contentUrl":"https:\/\/secure.gravatar.com\/avatar\/4ec5eb9d099f2608a49c9df6f7341f66f04f819cdffa09d56a7a0e91d2819d56?s=96&d=mm&r=g","caption":"Maria Valentina Noguera Medina"},"description":"Periodista - noti-america - Promar Community Manager - Talento Plus Dise\u00f1adora\/ creadora de contenido...","sameAs":["Mar\u00eda Valentina Noguera","https:\/\/www.facebook.com\/mariavalentina.noguera","https:\/\/www.linkedin.com\/in\/mara-valentina-noguera-medina-373075165\/","https:\/\/www.pinterest.es\/valentinanoguera95\/","https:\/\/www.youtube.com\/channel\/UCdek6mbUZ-Tqqw0I63i4nmQ"],"url":"https:\/\/noti-america.com\/site\/principal\/author\/mnoguera\/"}]}},"_links":{"self":[{"href":"https:\/\/noti-america.com\/site\/principal\/wp-json\/wp\/v2\/posts\/60282","targetHints":{"allow":["GET"]}}],"collection":[{"href":"https:\/\/noti-america.com\/site\/principal\/wp-json\/wp\/v2\/posts"}],"about":[{"href":"https:\/\/noti-america.com\/site\/principal\/wp-json\/wp\/v2\/types\/post"}],"author":[{"embeddable":true,"href":"https:\/\/noti-america.com\/site\/principal\/wp-json\/wp\/v2\/users\/133"}],"replies":[{"embeddable":true,"href":"https:\/\/noti-america.com\/site\/principal\/wp-json\/wp\/v2\/comments?post=60282"}],"version-history":[{"count":1,"href":"https:\/\/noti-america.com\/site\/principal\/wp-json\/wp\/v2\/posts\/60282\/revisions"}],"predecessor-version":[{"id":60287,"href":"https:\/\/noti-america.com\/site\/principal\/wp-json\/wp\/v2\/posts\/60282\/revisions\/60287"}],"wp:featuredmedia":[{"embeddable":true,"href":"https:\/\/noti-america.com\/site\/principal\/wp-json\/wp\/v2\/media\/60283"}],"wp:attachment":[{"href":"https:\/\/noti-america.com\/site\/principal\/wp-json\/wp\/v2\/media?parent=60282"}],"wp:term":[{"taxonomy":"category","embeddable":true,"href":"https:\/\/noti-america.com\/site\/principal\/wp-json\/wp\/v2\/categories?post=60282"},{"taxonomy":"post_tag","embeddable":true,"href":"https:\/\/noti-america.com\/site\/principal\/wp-json\/wp\/v2\/tags?post=60282"}],"curies":[{"name":"wp","href":"https:\/\/api.w.org\/{rel}","templated":true}]}}