{"id":5839,"date":"2019-10-01T19:32:37","date_gmt":"2019-10-01T19:32:37","guid":{"rendered":"http:\/\/noti-america.com\/site\/alemania\/?p=5839"},"modified":"2019-10-01T19:36:47","modified_gmt":"2019-10-01T19:36:47","slug":"informe-de-noticias-en-alemania","status":"publish","type":"post","link":"https:\/\/noti-america.com\/site\/principal\/2019\/10\/01\/informe-de-noticias-en-alemania\/","title":{"rendered":"Informe de noticias en Alemania"},"content":{"rendered":"<div class=\"D_F ek_BB H_6D6F aw_2941hk ba_10I1Qt az_oOItw ay_Z1nkUQx I_kt4zd\">\n<div id=\"app\" class=\"D_F ek_BB H_6D6F cZ1RN91d_n s_1HCsWR aw_Z22yhkg I_kt4zd az_DW ba_Z2gmOa3 ay_Z1cYiMT c2hBT4u_Zm6i39 cZTwBjO_Zdogtk\" data-test-id=\"mail-app\">\n<div class=\"I_ZnwrMC D_F em_N o_h W_6D6F H_6D6F\" data-test-id=\"content-area\">\n<div class=\"D_F em_N o_h s_1HCsWR\" data-test-id=\"content-below-tabs\">\n<div class=\"D_F em_N ej_eUh o_h\">\n<div id=\"mail-app-component\" class=\"em_N gl_C I_52qC j_ZlOSbd o_h p_R D_F s_e5X x_Z14vXdP\" data-yaft-module=\"norrin_main\" data-test-id=\"mail-app-component\">\n<div class=\"W_6D6F D_F\" role=\"main\" data-test-id=\"mail-reader-container\" aria-label=\"Message list. Currently in bottom preview mode. Use Shift + V to switch to another preview mode.\">\n<div class=\"D_F ab_FT em_N ek_BB\" data-test-id=\"mail-reader\" data-test-preview=\"2\">\n<div class=\"D_F H_6D6F ab_FT em_N ek_BB\">\n<div class=\"em_T ej_0 p_R D_F o_h\">\n<div class=\"p_R em_N ac_FT\">\n<div class=\"D_F ek_BB p_a Z_0 L_0 R_0 T_0 B_0 cZ1RN91d_GG I_ZnwrMC\" data-test-id=\"message-group-view\">\n<div class=\"iz_A I_52qC em_0 Z_0\" role=\"main\" data-test-id=\"message-group-view-scroller\" aria-label=\"Conversation View\">\n<div data-test-id=\"focus-group\" aria-label=\"Keyboard navigation group. Use arrow keys to navigate, or tab to the next group.\">\n<ul class=\"hd_n M_0 X_0\" data-test-id=\"cards\">\n<li class=\"m_Z12nDQf D_F ek_BB ir_0\">\n<div class=\"p_R b_2w4l8N I_52qC em_N X_fq7 N_6LEV ir3_Z1tiXR3 it3_689y j_ZlOSbd message-view\" data-test-id=\"message-view\" data-test-expanded=\"true\" data-iskeynav=\"true\">\n<div data-test-id=\"message-body-container\">\n<div class=\"I_52qC D_FY W_6D6F\" data-test-id=\"message-view-body\">\n<div class=\"msg-body P_wpofO iy_A mq_AS\" data-test-id=\"message-view-body-content\">\n<div class=\"jb_0 X_6MGW N_6Fd5\">\n<div id=\"yiv8619458028\">\n<div>Informe de noticias DGAP<\/div>\n<div>\n<p>redactado por DGAP<\/p>\n<table class=\"yiv8619458028newsletter\">\n<tbody>\n<tr>\n<td>\n<table class=\"yiv8619458028newsletter-table\">\n<tbody>\n<tr>\n<td class=\"yiv8619458028text\" colspan=\"2\">\n<h4 class=\"yiv8619458028kicker\">Aeroespacial<\/h4>\n<h3>Maurer ser\u00e1 el pr\u00f3ximo astronauta alem\u00e1n a bordo de la estaci\u00f3n ISS<\/h3>\n<p>Matthias Maurer ser\u00e1 el pr\u00f3ximo astronauta alem\u00e1n a bordo de la estaci\u00f3n internacional ISS, anunci\u00f3 hoy a dpa Jan W\u00f6rner, director general de la Agencia Espacial Europea (ESA). \u00abCon seguridad lo ser\u00e1\u00bb, indic\u00f3 W\u00f6rner en el Congreso Aeroespacial Alem\u00e1n que se celebra en la ciudad de Darmstadt.<\/p>\n<p><a class=\"yiv8619458028btn yiv8619458028btn-primary\" href=\"http:\/\/5w7u.mj.am\/lnk\/AL4AAE82UU0AAcjVue4AAG4Tz_EAAP-IBWcAFyECAAT0uQBdk3gtEQzhedCBQs-FWkJ5fFChIQAEwGY\/1\/Qb4eQrPALsy1p1oSn0528A\/aHR0cHM6Ly93d3cuZHBhLW5ld3MuZGUvbWVkaWFvYmplY3QuanNmP2Zvbz1FUyZndWlkPXVybjpuZXdzbWw6ZHBhLmNvbToyMDA5MDEwMToxOTEwMDEtOTktMTE1OTE3\" target=\"_blank\" rel=\"nofollow noopener noreferrer\">Leer art\u00edculo<\/a><\/td>\n<\/tr>\n<tr>\n<td colspan=\"2\"><\/td>\n<\/tr>\n<tr>\n<td class=\"yiv8619458028text\" colspan=\"2\">\n<h4 class=\"yiv8619458028kicker\">Historia<\/h4>\n<h3>Buscan pasos subterr\u00e1neos en antiguo campo de exterminio en Alemania<\/h3>\n<p>Expertos comenzaron hoy los trabajos de excavaci\u00f3n en busca de galer\u00edas subterr\u00e1neas en el antiguo campo de extermino nazi de Buchenwald, en el este de Alemania. Una portavoz de la oficina regional de conservaci\u00f3n de monumentos y arqueolog\u00eda del estado de Turingia revel\u00f3 que un informe de la cadena de televisi\u00f3n MDR sirvi\u00f3 de impulso para iniciar la b\u00fasqueda.<\/p>\n<p><a class=\"yiv8619458028btn yiv8619458028btn-primary\" href=\"http:\/\/5w7u.mj.am\/lnk\/AL4AAE82UU0AAcjVue4AAG4Tz_EAAP-IBWcAFyECAAT0uQBdk3gtEQzhedCBQs-FWkJ5fFChIQAEwGY\/2\/OZ27CB1OA9zh8P6w4XDvtA\/aHR0cHM6Ly93d3cuZHBhLW5ld3MuZGUvbWVkaWFvYmplY3QuanNmP2Zvbz1FUyZndWlkPXVybjpuZXdzbWw6ZHBhLmNvbToyMDA5MDEwMToxOTEwMDEtOTktMTE1Nzk5\" target=\"_blank\" rel=\"nofollow noopener noreferrer\">Leer art\u00edculo<\/a><\/td>\n<\/tr>\n<tr>\n<td colspan=\"2\"><\/td>\n<\/tr>\n<tr>\n<td class=\"yiv8619458028text\" colspan=\"2\">\n<h4 class=\"yiv8619458028kicker\">Steinmeier<\/h4>\n<h3>Presidente alem\u00e1n Steinmeier viaja a EEUU para cerrar a\u00f1o cultural<\/h3>\n<p>El presidente alem\u00e1n, Frank-Walter Steinmeier, viajar\u00e1 a Estados Unidos para participar en la clausura del \u00abA\u00f1o de Alemania\u00bb, un programa destinado a destacar la importancia de las relaciones transatl\u00e1nticas, inform\u00f3 hoy la Oficina de la Presidencia. El viaje planeado entre el 30 de octubre y el 1 de noviembre no prev\u00e9 un encuentro con el presidente de Estados Unidos, Donald Trump, acot\u00f3 la fuente.<\/p>\n<p><a class=\"yiv8619458028btn yiv8619458028btn-primary\" href=\"http:\/\/5w7u.mj.am\/lnk\/AL4AAE82UU0AAcjVue4AAG4Tz_EAAP-IBWcAFyECAAT0uQBdk3gtEQzhedCBQs-FWkJ5fFChIQAEwGY\/3\/OQKS5dbzEjNniDup-pAxqQ\/aHR0cHM6Ly93d3cuZHBhLW5ld3MuZGUvbWVkaWFvYmplY3QuanNmP2Zvbz1FUyZndWlkPXVybjpuZXdzbWw6ZHBhLmNvbToyMDA5MDEwMToxOTEwMDEtOTktMTE1Nzc4\" target=\"_blank\" rel=\"nofollow noopener noreferrer\">Leer art\u00edculo<\/a><\/td>\n<\/tr>\n<tr>\n<td colspan=\"2\"><\/td>\n<\/tr>\n<tr>\n<td class=\"yiv8619458028text\" colspan=\"2\">\n<h4 class=\"yiv8619458028kicker\">Electricidad verde<\/h4>\n<h3>Alemania reclama cooperaci\u00f3n internacional para transici\u00f3n energ\u00e9tica<\/h3>\n<p>El ministro alem\u00e1n de Econom\u00eda, Peter Altmaier, reclam\u00f3 una mayor cooperaci\u00f3n internacional para expandir el uso de las energ\u00edas renovables, en una conferencia ministerial internacional celebrada hoy en Berl\u00edn. El pol\u00edtico conservador asegur\u00f3 que, dado que el uso de energ\u00edas verdes est\u00e1 aumentando en todo el mundo, en el futuro ser\u00e1 cada vez m\u00e1s importante que los pa\u00edses intercambien ideas y cooperen.<\/p>\n<p><a class=\"yiv8619458028btn yiv8619458028btn-primary\" href=\"http:\/\/5w7u.mj.am\/lnk\/AL4AAE82UU0AAcjVue4AAG4Tz_EAAP-IBWcAFyECAAT0uQBdk3gtEQzhedCBQs-FWkJ5fFChIQAEwGY\/4\/-9l8n9lz73bcoozxRzaOOQ\/aHR0cHM6Ly93d3cuZHBhLW5ld3MuZGUvbWVkaWFvYmplY3QuanNmP2Zvbz1FUyZndWlkPXVybjpuZXdzbWw6ZHBhLmNvbToyMDA5MDEwMToxOTEwMDEtOTktMTE0OTE3\" target=\"_blank\" rel=\"nofollow noopener noreferrer\">Leer art\u00edculo<\/a><\/td>\n<\/tr>\n<tr>\n<td colspan=\"2\"><\/td>\n<\/tr>\n<tr>\n<td class=\"yiv8619458028text\" colspan=\"2\">\n<h4 class=\"yiv8619458028kicker\">Airbus<\/h4>\n<h3>Airbus presenta producci\u00f3n de modelos A320 con robots en Hamburgo<\/h3>\n<p>El fabricante europeo de aviones Airbus planea aumentar la producci\u00f3n de aeronaves modelo A320 mediante el uso de una veintena de robots en su planta de montaje de Hamburgo, inform\u00f3 hoy el jefe de producci\u00f3n del grupo, Michael Sch\u00f6llhorn. Los robots se encargan de 245 fases de trabajo en las secciones del fuselaje que antes eran realizadas de forma manual.<\/p>\n<p><a class=\"yiv8619458028btn yiv8619458028btn-primary\" href=\"http:\/\/5w7u.mj.am\/lnk\/AL4AAE82UU0AAcjVue4AAG4Tz_EAAP-IBWcAFyECAAT0uQBdk3gtEQzhedCBQs-FWkJ5fFChIQAEwGY\/5\/Kr6EuoAFETk3_FzLBZdHQg\/aHR0cHM6Ly93d3cuZHBhLW5ld3MuZGUvbWVkaWFvYmplY3QuanNmP2Zvbz1FUyZndWlkPXVybjpuZXdzbWw6ZHBhLmNvbToyMDA5MDEwMToxOTEwMDEtOTktMTE0NzE4\" target=\"_blank\" rel=\"nofollow noopener noreferrer\">Leer art\u00edculo<\/a><\/td>\n<\/tr>\n<tr>\n<td colspan=\"2\"><\/td>\n<\/tr>\n<tr>\n<td class=\"yiv8619458028text\" colspan=\"2\">\n<h4 class=\"yiv8619458028kicker\">Paqueter\u00eda<\/h4>\n<h3>Deutsche Post invertir\u00e1 2.000 millones de euros en digitalizaci\u00f3n<\/h3>\n<p>La empresa alemana de correos Deutsche Post invertir\u00e1 alrededor de 2.000 millones de euros (2.180 millones de d\u00f3lares) hasta 2025 para acelerar su \u00abtransformaci\u00f3n digital\u00bb, seg\u00fan anunci\u00f3 hoy la compan\u00eda en Fr\u00e1ncfort. Deutsche Post inform\u00f3 que la inversi\u00f3n en nuevas tecnolog\u00edas y en un mejor an\u00e1lisis de datos crecer\u00e1 en forma significativa, a fin de que la automatizaci\u00f3n haga m\u00e1s eficiente el trabajo y mejore los procesos.<\/p>\n<p><a class=\"yiv8619458028btn yiv8619458028btn-primary\" href=\"http:\/\/5w7u.mj.am\/lnk\/AL4AAE82UU0AAcjVue4AAG4Tz_EAAP-IBWcAFyECAAT0uQBdk3gtEQzhedCBQs-FWkJ5fFChIQAEwGY\/6\/ZZerBmNdNLSAS_-m7mpieA\/aHR0cHM6Ly93d3cuZHBhLW5ld3MuZGUvbWVkaWFvYmplY3QuanNmP2Zvbz1FUyZndWlkPXVybjpuZXdzbWw6ZHBhLmNvbToyMDA5MDEwMToxOTEwMDEtOTktMTE0NjIw\" target=\"_blank\" rel=\"nofollow noopener noreferrer\">Leer art\u00edculo<\/a><\/td>\n<\/tr>\n<tr>\n<td colspan=\"2\"><\/td>\n<\/tr>\n<tr>\n<td class=\"yiv8619458028text\" colspan=\"2\">\n<h4 class=\"yiv8619458028kicker\">Encuentro<\/h4>\n<h3>Festival literario lanza preguntas tras la ca\u00edda del Muro de Berl\u00edn<\/h3>\n<p>La d\u00e9cima edici\u00f3n del Festival de literatura de M\u00fanich tratar\u00e1 el tema de las transformaciones mundiales desde 1989, anunci\u00f3 hoy la directora del evento, Tanja Graf. \u00ab\u00bfQu\u00e9 ha pasado desde 1989?<\/p>\n<p><a class=\"yiv8619458028btn yiv8619458028btn-primary\" href=\"http:\/\/5w7u.mj.am\/lnk\/AL4AAE82UU0AAcjVue4AAG4Tz_EAAP-IBWcAFyECAAT0uQBdk3gtEQzhedCBQs-FWkJ5fFChIQAEwGY\/7\/5Gl5vENQprMsk5_rdT0HaQ\/aHR0cHM6Ly93d3cuZHBhLW5ld3MuZGUvbWVkaWFvYmplY3QuanNmP2Zvbz1FUyZndWlkPXVybjpuZXdzbWw6ZHBhLmNvbToyMDA5MDEwMToxOTEwMDEtOTktMTEzOTYw\" target=\"_blank\" rel=\"nofollow noopener noreferrer\">Leer art\u00edculo<\/a><\/td>\n<\/tr>\n<tr>\n<td colspan=\"2\"><\/td>\n<\/tr>\n<tr>\n<td class=\"yiv8619458028text\" colspan=\"2\">\n<h4 class=\"yiv8619458028kicker\">Salarios<\/h4>\n<h3>Estudio: Se mantiene brecha salarial entre este y oeste de Alemania<\/h3>\n<p>La brecha salarial entre los trabajadores de los estados que formaban la extinta Rep\u00fablica Democr\u00e1tica Alemana (RDA) y las regiones del oeste de Alemania es del 16,9 por ciento a 30 a\u00f1os de la reunificaci\u00f3n, indica un estudio publicado hoy por la Fundaci\u00f3n Hans B\u00f6ckler. El an\u00e1lisis revela que los empleados del este ganan mucho menos que los empleados del oeste, incluso teniendo las mismas cualificaciones profesionales.<\/p>\n<p><a class=\"yiv8619458028btn yiv8619458028btn-primary\" href=\"http:\/\/5w7u.mj.am\/lnk\/AL4AAE82UU0AAcjVue4AAG4Tz_EAAP-IBWcAFyECAAT0uQBdk3gtEQzhedCBQs-FWkJ5fFChIQAEwGY\/8\/28SQ2-cfEffLwI0LWpewvA\/aHR0cHM6Ly93d3cuZHBhLW5ld3MuZGUvbWVkaWFvYmplY3QuanNmP2Zvbz1FUyZndWlkPXVybjpuZXdzbWw6ZHBhLmNvbToyMDA5MDEwMToxOTEwMDEtOTktMTEzNzIy\" target=\"_blank\" rel=\"nofollow noopener noreferrer\">Leer art\u00edculo<\/a><\/td>\n<\/tr>\n<tr>\n<td colspan=\"2\"><\/td>\n<\/tr>\n<tr>\n<td class=\"yiv8619458028text\" colspan=\"2\">\n<h4 class=\"yiv8619458028kicker\">WTA<\/h4>\n<h3>Adi\u00f3s de alemanas Kerber y Petkovic en el torneo de tenis de Pek\u00edn<\/h3>\n<p>Pek\u00edn, 1 oct (dpa) \u2013 Las tenistas alemanas Angelique Kerber y Adnrea Petkovic fueron eliminadas hoy en segunda ronda del Torneo femenino de Pek\u00edn, por la eslovena Polona Hercog y la japonesa Naomi Osaka, respectivamente. Kerber, que perdi\u00f3 ante Horcog por 6-4 y 6-2, volvi\u00f3 a mostrar una actuaci\u00f3n decepcionante.<\/p>\n<p><a class=\"yiv8619458028btn yiv8619458028btn-primary\" href=\"http:\/\/5w7u.mj.am\/lnk\/AL4AAE82UU0AAcjVue4AAG4Tz_EAAP-IBWcAFyECAAT0uQBdk3gtEQzhedCBQs-FWkJ5fFChIQAEwGY\/9\/gEleJZI2cJr9iHjLEIF5rw\/aHR0cHM6Ly93d3cuZHBhLW5ld3MuZGUvbWVkaWFvYmplY3QuanNmP2Zvbz1FUyZndWlkPXVybjpuZXdzbWw6ZHBhLmNvbToyMDA5MDEwMToxOTEwMDEtOTktMTEyNzc0\" target=\"_blank\" rel=\"nofollow noopener noreferrer\">Leer art\u00edculo<\/a><\/td>\n<\/tr>\n<tr>\n<td colspan=\"2\"><\/td>\n<\/tr>\n<tr>\n<td class=\"yiv8619458028text\" colspan=\"2\">\n<h4 class=\"yiv8619458028kicker\">Feria del Libro<\/h4>\n<h3>Feria del Libro: Editores y libreros alemanes, \u00abmuy optimistas\u00bb<\/h3>\n<p>La industria editorial alemana se muestra confiada en el futuro del sector unos d\u00edas antes del inicio de la Feria del Libro de Fr\u00e1ncfort, la cita editorial m\u00e1s importante del mundo. Alexander Skipis, gerente de la asociaci\u00f3n de libreros alemanes, dijo a dpa que el mercado del libro \u00abinici\u00f3 el a\u00f1o de forma muy prometedora\u00bb.<\/p>\n<p><a class=\"yiv8619458028btn yiv8619458028btn-primary\" href=\"http:\/\/5w7u.mj.am\/lnk\/AL4AAE82UU0AAcjVue4AAG4Tz_EAAP-IBWcAFyECAAT0uQBdk3gtEQzhedCBQs-FWkJ5fFChIQAEwGY\/10\/4yiTZPpFup_VWRpkS1cz-w\/aHR0cHM6Ly93d3cuZHBhLW5ld3MuZGUvbWVkaWFvYmplY3QuanNmP2Zvbz1FUyZndWlkPXVybjpuZXdzbWw6ZHBhLmNvbToyMDA5MDEwMToxOTEwMDEtOTktMTEyMDc2\" target=\"_blank\" rel=\"nofollow noopener noreferrer\">Leer art\u00edculo<\/a><\/td>\n<\/tr>\n<tr>\n<td colspan=\"2\"><\/td>\n<\/tr>\n<tr>\n<td class=\"yiv8619458028text\" colspan=\"2\">\n<h4 class=\"yiv8619458028kicker\">Finanzas<\/h4>\n<h3>Prensa: Precio al CO2 aportar\u00e1 18.800 millones de euros a Alemania<\/h3>\n<p>El Gobierno de Alemania espera que los ingresos debido al precio previsto para el di\u00f3xido de carbono (CO2) asciendan a 18.800 millones de euros (20.500 millones de d\u00f3lares), seg\u00fan se\u00f1ala un borrador del ministro alem\u00e1n de Finanzas, Olaf Scholz, informaron hoy diarios del grupo Funke. Scholz presentar\u00e1 el documento en la reuni\u00f3n de gabinete del mi\u00e9rcoles, en la que se debatir\u00e1 sobre los efectos financieros en el presupuesto para 2020 del paquete del clima recientemente acordado por el Gobierno germano, agrega el informe.<\/p>\n<p><a class=\"yiv8619458028btn yiv8619458028btn-primary\" href=\"http:\/\/5w7u.mj.am\/lnk\/AL4AAE82UU0AAcjVue4AAG4Tz_EAAP-IBWcAFyECAAT0uQBdk3gtEQzhedCBQs-FWkJ5fFChIQAEwGY\/11\/A_Sju2C1ddwN_8UbqydmJw\/aHR0cHM6Ly93d3cuZHBhLW5ld3MuZGUvbWVkaWFvYmplY3QuanNmP2Zvbz1FUyZndWlkPXVybjpuZXdzbWw6ZHBhLmNvbToyMDA5MDEwMToxOTEwMDEtOTktMTExODgw\" target=\"_blank\" rel=\"nofollow noopener noreferrer\">Leer art\u00edculo<\/a><\/td>\n<\/tr>\n<tr>\n<td colspan=\"2\"><\/td>\n<\/tr>\n<tr>\n<td class=\"yiv8619458028text\" colspan=\"2\">\n<h4 class=\"yiv8619458028kicker\">Bayern M\u00fanich<\/h4>\n<h3>Liga de Campeones: El Bayern M\u00fanich se examina en Londres<\/h3>\n<p>Londres, 1 oct (dpa) \u2013 El Bayern M\u00fanich se enfrenta al Tottenham Hotspur en la segunda jornada de la fase de grupos de la Liga de Campeones, con un Philippe Coutinho que ya sabe lo que es ganar a domicilio en Londres y participar decisivamente en una victoria ante los Spurs. Hace un a\u00f1o, tambi\u00e9n en la segunda jornada de la fase de grupos de la Liga de Campeones, la nueva estrella brasile\u00f1a del equipo b\u00e1varo fue quien inici\u00f3 el camino de la victoria (2-4) del FC Barcelona con un gol en el minuto dos.<\/p>\n<p><a class=\"yiv8619458028btn yiv8619458028btn-primary\" href=\"http:\/\/5w7u.mj.am\/lnk\/AL4AAE82UU0AAcjVue4AAG4Tz_EAAP-IBWcAFyECAAT0uQBdk3gtEQzhedCBQs-FWkJ5fFChIQAEwGY\/12\/adreVKaZ0ES6uPFf3PQ22w\/aHR0cHM6Ly93d3cuZHBhLW5ld3MuZGUvbWVkaWFvYmplY3QuanNmP2Zvbz1FUyZndWlkPXVybjpuZXdzbWw6ZHBhLmNvbToyMDA5MDEwMToxOTEwMDEtOTktMTExMjY3\" target=\"_blank\" rel=\"nofollow noopener noreferrer\">Leer art\u00edculo<\/a><\/td>\n<\/tr>\n<tr>\n<td colspan=\"2\"><\/td>\n<\/tr>\n<tr>\n<td class=\"yiv8619458028text\" colspan=\"2\">\n<h4 class=\"yiv8619458028kicker\">Capital Europea de la Cultura<\/h4>\n<h3>Ocho ciudades alemanas, candidatas para Capital Europea de la Cultura<\/h3>\n<p>Las ciudades alemanas de Chemnitz, Dresde, Gera, Hannover, Hildesheim, N\u00faremberg, Magdeburgo y Zittau se presentan como candidatas para ser Capital Europea de la Cultura 2025, dieron a conocer hoy las autoridades tras cerrarse oficialmente el plazo de solicitud el 30 de septiembre. Cinco de las ocho ciudades que presentaron su candidatura se encuentran en el este de Alemania.<\/p>\n<p><a class=\"yiv8619458028btn yiv8619458028btn-primary\" href=\"http:\/\/5w7u.mj.am\/lnk\/AL4AAE82UU0AAcjVue4AAG4Tz_EAAP-IBWcAFyECAAT0uQBdk3gtEQzhedCBQs-FWkJ5fFChIQAEwGY\/13\/U-X0FpADm2dwlgNpzBnP5w\/aHR0cHM6Ly93d3cuZHBhLW5ld3MuZGUvbWVkaWFvYmplY3QuanNmP2Zvbz1FUyZndWlkPXVybjpuZXdzbWw6ZHBhLmNvbToyMDA5MDEwMToxOTEwMDEtOTktMTEwNzkz\" target=\"_blank\" rel=\"nofollow noopener noreferrer\">Leer art\u00edculo<\/a><\/td>\n<\/tr>\n<tr>\n<td colspan=\"2\"><\/td>\n<\/tr>\n<\/tbody>\n<\/table>\n<\/td>\n<\/tr>\n<\/tbody>\n<\/table>\n<p><img loading=\"lazy\" decoding=\"async\" src=\"https:\/\/ecp.yusercontent.com\/mail?url=http%3A%2F%2F5w7u.mj.am%2Foo%2FAL4AAE82UU0AAcjVue4AAG4Tz_EAAP-IBWcAFyECAAT0uQBdk3gtEQzhedCBQs-FWkJ5fFChIQAEwGY%2Ff20d4c39%2Fe.gif&amp;t=1569956204&amp;ymreqid=4482e6a2-98d6-83b9-1c8d-b100ca01cd00&amp;sig=Jx4B6LXSYJQq96csAYKSPQ--~C\" alt=\"\" width=\"1\" height=\"1\" border=\"0\" \/><\/div>\n<\/div>\n<\/div>\n<\/div>\n<\/div>\n<\/div>\n<\/div>\n<\/li>\n<\/ul>\n<\/div>\n<\/div>\n<\/div>\n<\/div>\n<\/div>\n<\/div>\n<\/div>\n<\/div>\n<\/div>\n<\/div>\n<\/div>\n<\/div>\n<div role=\"alert\"><\/div>\n<\/div>\n<\/div>\n","protected":false},"excerpt":{"rendered":"<p>Informe de noticias DGAP redactado por DGAP Aeroespacial Maurer ser\u00e1 el pr\u00f3ximo astronauta alem\u00e1n a bordo de la estaci\u00f3n ISS Matthias Maurer ser\u00e1 el pr\u00f3ximo astronauta alem\u00e1n a bordo de la estaci\u00f3n internacional ISS,&#46;&#46;&#46;<\/p>\n","protected":false},"author":31,"featured_media":5840,"comment_status":"open","ping_status":"open","sticky":false,"template":"","format":"standard","meta":{"_acf_changed":false,"rop_custom_images_group":[],"rop_custom_messages_group":[],"rop_publish_now":"initial","rop_publish_now_accounts":{"facebook_10219548024599422_1632221337088128":"","twitter_242054905_242054905":""},"rop_publish_now_history":[],"rop_publish_now_status":"pending","footnotes":""},"categories":[4],"tags":[634,412],"class_list":["post-5839","post","type-post","status-publish","format-standard","has-post-thumbnail","hentry","category-internacionales","tag-noticias","tag-alemania"],"acf":[],"yoast_head":"<!-- This site is optimized with the Yoast SEO Premium plugin v24.9 (Yoast SEO v27.2) - https:\/\/yoast.com\/product\/yoast-seo-premium-wordpress\/ -->\n<title>Informe de noticias en Alemania - Noti-America.com<\/title>\n<meta name=\"description\" content=\"DGAP . Maurer ser\u00e1 el pr\u00f3ximo astronauta alem\u00e1n a bordo de la estaci\u00f3n ISS. Buscan pasos subterr\u00e1neos en antiguo campo de exterminio en Alemania.\" \/>\n<meta name=\"robots\" content=\"index, follow, max-snippet:-1, max-image-preview:large, max-video-preview:-1\" \/>\n<link rel=\"canonical\" href=\"https:\/\/noti-america.com\/site\/principal\/2019\/10\/01\/informe-de-noticias-en-alemania\/\" \/>\n<meta property=\"og:locale\" content=\"es_ES\" \/>\n<meta property=\"og:type\" content=\"article\" \/>\n<meta property=\"og:title\" content=\"Informe de noticias en Alemania\" \/>\n<meta property=\"og:description\" content=\"DGAP . Maurer ser\u00e1 el pr\u00f3ximo astronauta alem\u00e1n a bordo de la estaci\u00f3n ISS. Buscan pasos subterr\u00e1neos en antiguo campo de exterminio en Alemania.\" \/>\n<meta property=\"og:url\" content=\"https:\/\/noti-america.com\/site\/principal\/2019\/10\/01\/informe-de-noticias-en-alemania\/\" \/>\n<meta property=\"og:site_name\" content=\"Noti-America.com\" \/>\n<meta property=\"article:published_time\" content=\"2019-10-01T19:32:37+00:00\" \/>\n<meta property=\"article:modified_time\" content=\"2019-10-01T19:36:47+00:00\" \/>\n<meta property=\"og:image\" content=\"https:\/\/noti-america.com\/site\/principal\/wp-content\/uploads\/sites\/26\/2019\/10\/Notiamerica-Alemania.jpeg\" \/>\n\t<meta property=\"og:image:width\" content=\"225\" \/>\n\t<meta property=\"og:image:height\" content=\"225\" \/>\n\t<meta property=\"og:image:type\" content=\"image\/jpeg\" \/>\n<meta name=\"author\" content=\"Ydalith Figueroa Kad-Bay\" \/>\n<meta name=\"twitter:card\" content=\"summary_large_image\" \/>\n<meta name=\"twitter:creator\" content=\"@ydalithkad\" \/>\n<meta name=\"twitter:label1\" content=\"Escrito por\" \/>\n\t<meta name=\"twitter:data1\" content=\"Ydalith Figueroa Kad-Bay\" \/>\n\t<meta name=\"twitter:label2\" content=\"Tiempo estimado de lectura\" \/>\n\t<meta name=\"twitter:data2\" content=\"5 minutos\" \/>\n<script type=\"application\/ld+json\" class=\"yoast-schema-graph\">{\"@context\":\"https:\/\/schema.org\",\"@graph\":[{\"@type\":\"Article\",\"@id\":\"https:\/\/noti-america.com\/site\/principal\/2019\/10\/01\/informe-de-noticias-en-alemania\/#article\",\"isPartOf\":{\"@id\":\"https:\/\/noti-america.com\/site\/principal\/2019\/10\/01\/informe-de-noticias-en-alemania\/\"},\"author\":{\"name\":\"Ydalith Figueroa Kad-Bay\",\"@id\":\"https:\/\/noti-america.com\/site\/principal\/#\/schema\/person\/1a24e37c3c358f389f0a111448ddb870\"},\"headline\":\"Informe de noticias en Alemania\",\"datePublished\":\"2019-10-01T19:32:37+00:00\",\"dateModified\":\"2019-10-01T19:36:47+00:00\",\"mainEntityOfPage\":{\"@id\":\"https:\/\/noti-america.com\/site\/principal\/2019\/10\/01\/informe-de-noticias-en-alemania\/\"},\"wordCount\":1069,\"commentCount\":0,\"image\":{\"@id\":\"https:\/\/noti-america.com\/site\/principal\/2019\/10\/01\/informe-de-noticias-en-alemania\/#primaryimage\"},\"thumbnailUrl\":\"https:\/\/noti-america.com\/site\/principal\/wp-content\/uploads\/sites\/26\/2019\/10\/Notiamerica-Alemania.jpeg\",\"keywords\":[\"#noticias\",\"Alemania\"],\"articleSection\":[\"Internacionales\"],\"inLanguage\":\"es\",\"potentialAction\":[{\"@type\":\"CommentAction\",\"name\":\"Comment\",\"target\":[\"https:\/\/noti-america.com\/site\/principal\/2019\/10\/01\/informe-de-noticias-en-alemania\/#respond\"]}]},{\"@type\":\"WebPage\",\"@id\":\"https:\/\/noti-america.com\/site\/principal\/2019\/10\/01\/informe-de-noticias-en-alemania\/\",\"url\":\"https:\/\/noti-america.com\/site\/principal\/2019\/10\/01\/informe-de-noticias-en-alemania\/\",\"name\":\"Informe de noticias en Alemania - Noti-America.com\",\"isPartOf\":{\"@id\":\"https:\/\/noti-america.com\/site\/principal\/#website\"},\"primaryImageOfPage\":{\"@id\":\"https:\/\/noti-america.com\/site\/principal\/2019\/10\/01\/informe-de-noticias-en-alemania\/#primaryimage\"},\"image\":{\"@id\":\"https:\/\/noti-america.com\/site\/principal\/2019\/10\/01\/informe-de-noticias-en-alemania\/#primaryimage\"},\"thumbnailUrl\":\"https:\/\/noti-america.com\/site\/principal\/wp-content\/uploads\/sites\/26\/2019\/10\/Notiamerica-Alemania.jpeg\",\"datePublished\":\"2019-10-01T19:32:37+00:00\",\"dateModified\":\"2019-10-01T19:36:47+00:00\",\"author\":{\"@id\":\"https:\/\/noti-america.com\/site\/principal\/#\/schema\/person\/1a24e37c3c358f389f0a111448ddb870\"},\"description\":\"DGAP . Maurer ser\u00e1 el pr\u00f3ximo astronauta alem\u00e1n a bordo de la estaci\u00f3n ISS. Buscan pasos subterr\u00e1neos en antiguo campo de exterminio en Alemania.\",\"breadcrumb\":{\"@id\":\"https:\/\/noti-america.com\/site\/principal\/2019\/10\/01\/informe-de-noticias-en-alemania\/#breadcrumb\"},\"inLanguage\":\"es\",\"potentialAction\":[{\"@type\":\"ReadAction\",\"target\":[\"https:\/\/noti-america.com\/site\/principal\/2019\/10\/01\/informe-de-noticias-en-alemania\/\"]}]},{\"@type\":\"ImageObject\",\"inLanguage\":\"es\",\"@id\":\"https:\/\/noti-america.com\/site\/principal\/2019\/10\/01\/informe-de-noticias-en-alemania\/#primaryimage\",\"url\":\"https:\/\/noti-america.com\/site\/principal\/wp-content\/uploads\/sites\/26\/2019\/10\/Notiamerica-Alemania.jpeg\",\"contentUrl\":\"https:\/\/noti-america.com\/site\/principal\/wp-content\/uploads\/sites\/26\/2019\/10\/Notiamerica-Alemania.jpeg\",\"width\":225,\"height\":225},{\"@type\":\"BreadcrumbList\",\"@id\":\"https:\/\/noti-america.com\/site\/principal\/2019\/10\/01\/informe-de-noticias-en-alemania\/#breadcrumb\",\"itemListElement\":[{\"@type\":\"ListItem\",\"position\":1,\"name\":\"Portada\",\"item\":\"https:\/\/noti-america.com\/site\/principal\/\"},{\"@type\":\"ListItem\",\"position\":2,\"name\":\"Informe de noticias en Alemania\"}]},{\"@type\":\"WebSite\",\"@id\":\"https:\/\/noti-america.com\/site\/principal\/#website\",\"url\":\"https:\/\/noti-america.com\/site\/principal\/\",\"name\":\"Noti-America.com\",\"description\":\"El Noticiero Digital M\u00e1s Grande de Am\u00e9rica\",\"potentialAction\":[{\"@type\":\"SearchAction\",\"target\":{\"@type\":\"EntryPoint\",\"urlTemplate\":\"https:\/\/noti-america.com\/site\/principal\/?s={search_term_string}\"},\"query-input\":{\"@type\":\"PropertyValueSpecification\",\"valueRequired\":true,\"valueName\":\"search_term_string\"}}],\"inLanguage\":\"es\"},{\"@type\":\"Person\",\"@id\":\"https:\/\/noti-america.com\/site\/principal\/#\/schema\/person\/1a24e37c3c358f389f0a111448ddb870\",\"name\":\"Ydalith Figueroa Kad-Bay\",\"image\":{\"@type\":\"ImageObject\",\"inLanguage\":\"es\",\"@id\":\"https:\/\/secure.gravatar.com\/avatar\/7d1e350465afd215908c3ed413e32ef600cd41c3c21b95416252432a9f6c219c?s=96&d=mm&r=g\",\"url\":\"https:\/\/secure.gravatar.com\/avatar\/7d1e350465afd215908c3ed413e32ef600cd41c3c21b95416252432a9f6c219c?s=96&d=mm&r=g\",\"contentUrl\":\"https:\/\/secure.gravatar.com\/avatar\/7d1e350465afd215908c3ed413e32ef600cd41c3c21b95416252432a9f6c219c?s=96&d=mm&r=g\",\"caption\":\"Ydalith Figueroa Kad-Bay\"},\"description\":\"CEO Noti-America Alemania Embajadora de Venezuela para el Proyecto de Acci\u00f3n Clim\u00e1tica de la ONU, Embajadora para la ense\u00f1anza de los ODS de la ONU, Amplificador de la Acci\u00f3n de los ODS de la ONU, Profesor Voluntario del Proyecto KAKUMA (Educaci\u00f3n de calidad para refugiados en \u00c1frica) UNHCR \u2013 ACNUR - Agencia para los refugiados de la ONU-, Miembro de la ONG Gente Y Ciudad, Embajador de las Instituciones de Microfinanzas \u201cNo a la pobreza ODS #1 de la ONU\u201d (todos tienen derecho a acceso a un cr\u00e9dito), y Voluntario al di\u00e1logo global de UN75. Twitter @ydalithkad email ydalith@yhaoo.com Locutor Profesional 32931 Universidad Central de Venezuela @ISHannover \\\"Colegio Internacional de Hannover Regi\u00f3n, Alemania\\\" Representante de Aprendizaje Innovaci\u00f3n y Tecnolog\u00eda #LMS (Sistema de Gesti\u00f3n de Aprendizaje) #LMS Gente y Ciudad &amp; Asesores Internacionales ONG Alemania. ONG \\\"Gente y Ciudad, Venezuela\\\" Miembro y Asesor especialista An\u00e1lisis de Pol\u00edtica Internacional Asesor Pol\u00edtico Internacional de Venezuela en la defensa de los Derechos Humanos y el restablecimiento Democr\u00e1tico. Diplomacia positiva y Activa. Pasi\u00f3n por el Golf Proyecto #LMS \\\"Golf para ni\u00f1os y adultos Internacional\\\" Pasi\u00f3n por los Postres Proyecto #LMS \\\"Postres, Que Unen a las Culturas del mundo\\\"\",\"sameAs\":[\"https:\/\/x.com\/ydalithkad\"],\"url\":\"https:\/\/noti-america.com\/site\/principal\/author\/yfigueroa\/\"}]}<\/script>\n<!-- \/ Yoast SEO Premium plugin. -->","yoast_head_json":{"title":"Informe de noticias en Alemania - Noti-America.com","description":"DGAP . Maurer ser\u00e1 el pr\u00f3ximo astronauta alem\u00e1n a bordo de la estaci\u00f3n ISS. Buscan pasos subterr\u00e1neos en antiguo campo de exterminio en Alemania.","robots":{"index":"index","follow":"follow","max-snippet":"max-snippet:-1","max-image-preview":"max-image-preview:large","max-video-preview":"max-video-preview:-1"},"canonical":"https:\/\/noti-america.com\/site\/principal\/2019\/10\/01\/informe-de-noticias-en-alemania\/","og_locale":"es_ES","og_type":"article","og_title":"Informe de noticias en Alemania","og_description":"DGAP . Maurer ser\u00e1 el pr\u00f3ximo astronauta alem\u00e1n a bordo de la estaci\u00f3n ISS. Buscan pasos subterr\u00e1neos en antiguo campo de exterminio en Alemania.","og_url":"https:\/\/noti-america.com\/site\/principal\/2019\/10\/01\/informe-de-noticias-en-alemania\/","og_site_name":"Noti-America.com","article_published_time":"2019-10-01T19:32:37+00:00","article_modified_time":"2019-10-01T19:36:47+00:00","og_image":[{"width":225,"height":225,"url":"https:\/\/noti-america.com\/site\/principal\/wp-content\/uploads\/sites\/26\/2019\/10\/Notiamerica-Alemania.jpeg","type":"image\/jpeg"}],"author":"Ydalith Figueroa Kad-Bay","twitter_card":"summary_large_image","twitter_creator":"@ydalithkad","twitter_misc":{"Escrito por":"Ydalith Figueroa Kad-Bay","Tiempo estimado de lectura":"5 minutos"},"schema":{"@context":"https:\/\/schema.org","@graph":[{"@type":"Article","@id":"https:\/\/noti-america.com\/site\/principal\/2019\/10\/01\/informe-de-noticias-en-alemania\/#article","isPartOf":{"@id":"https:\/\/noti-america.com\/site\/principal\/2019\/10\/01\/informe-de-noticias-en-alemania\/"},"author":{"name":"Ydalith Figueroa Kad-Bay","@id":"https:\/\/noti-america.com\/site\/principal\/#\/schema\/person\/1a24e37c3c358f389f0a111448ddb870"},"headline":"Informe de noticias en Alemania","datePublished":"2019-10-01T19:32:37+00:00","dateModified":"2019-10-01T19:36:47+00:00","mainEntityOfPage":{"@id":"https:\/\/noti-america.com\/site\/principal\/2019\/10\/01\/informe-de-noticias-en-alemania\/"},"wordCount":1069,"commentCount":0,"image":{"@id":"https:\/\/noti-america.com\/site\/principal\/2019\/10\/01\/informe-de-noticias-en-alemania\/#primaryimage"},"thumbnailUrl":"https:\/\/noti-america.com\/site\/principal\/wp-content\/uploads\/sites\/26\/2019\/10\/Notiamerica-Alemania.jpeg","keywords":["#noticias","Alemania"],"articleSection":["Internacionales"],"inLanguage":"es","potentialAction":[{"@type":"CommentAction","name":"Comment","target":["https:\/\/noti-america.com\/site\/principal\/2019\/10\/01\/informe-de-noticias-en-alemania\/#respond"]}]},{"@type":"WebPage","@id":"https:\/\/noti-america.com\/site\/principal\/2019\/10\/01\/informe-de-noticias-en-alemania\/","url":"https:\/\/noti-america.com\/site\/principal\/2019\/10\/01\/informe-de-noticias-en-alemania\/","name":"Informe de noticias en Alemania - Noti-America.com","isPartOf":{"@id":"https:\/\/noti-america.com\/site\/principal\/#website"},"primaryImageOfPage":{"@id":"https:\/\/noti-america.com\/site\/principal\/2019\/10\/01\/informe-de-noticias-en-alemania\/#primaryimage"},"image":{"@id":"https:\/\/noti-america.com\/site\/principal\/2019\/10\/01\/informe-de-noticias-en-alemania\/#primaryimage"},"thumbnailUrl":"https:\/\/noti-america.com\/site\/principal\/wp-content\/uploads\/sites\/26\/2019\/10\/Notiamerica-Alemania.jpeg","datePublished":"2019-10-01T19:32:37+00:00","dateModified":"2019-10-01T19:36:47+00:00","author":{"@id":"https:\/\/noti-america.com\/site\/principal\/#\/schema\/person\/1a24e37c3c358f389f0a111448ddb870"},"description":"DGAP . Maurer ser\u00e1 el pr\u00f3ximo astronauta alem\u00e1n a bordo de la estaci\u00f3n ISS. Buscan pasos subterr\u00e1neos en antiguo campo de exterminio en Alemania.","breadcrumb":{"@id":"https:\/\/noti-america.com\/site\/principal\/2019\/10\/01\/informe-de-noticias-en-alemania\/#breadcrumb"},"inLanguage":"es","potentialAction":[{"@type":"ReadAction","target":["https:\/\/noti-america.com\/site\/principal\/2019\/10\/01\/informe-de-noticias-en-alemania\/"]}]},{"@type":"ImageObject","inLanguage":"es","@id":"https:\/\/noti-america.com\/site\/principal\/2019\/10\/01\/informe-de-noticias-en-alemania\/#primaryimage","url":"https:\/\/noti-america.com\/site\/principal\/wp-content\/uploads\/sites\/26\/2019\/10\/Notiamerica-Alemania.jpeg","contentUrl":"https:\/\/noti-america.com\/site\/principal\/wp-content\/uploads\/sites\/26\/2019\/10\/Notiamerica-Alemania.jpeg","width":225,"height":225},{"@type":"BreadcrumbList","@id":"https:\/\/noti-america.com\/site\/principal\/2019\/10\/01\/informe-de-noticias-en-alemania\/#breadcrumb","itemListElement":[{"@type":"ListItem","position":1,"name":"Portada","item":"https:\/\/noti-america.com\/site\/principal\/"},{"@type":"ListItem","position":2,"name":"Informe de noticias en Alemania"}]},{"@type":"WebSite","@id":"https:\/\/noti-america.com\/site\/principal\/#website","url":"https:\/\/noti-america.com\/site\/principal\/","name":"Noti-America.com","description":"El Noticiero Digital M\u00e1s Grande de Am\u00e9rica","potentialAction":[{"@type":"SearchAction","target":{"@type":"EntryPoint","urlTemplate":"https:\/\/noti-america.com\/site\/principal\/?s={search_term_string}"},"query-input":{"@type":"PropertyValueSpecification","valueRequired":true,"valueName":"search_term_string"}}],"inLanguage":"es"},{"@type":"Person","@id":"https:\/\/noti-america.com\/site\/principal\/#\/schema\/person\/1a24e37c3c358f389f0a111448ddb870","name":"Ydalith Figueroa Kad-Bay","image":{"@type":"ImageObject","inLanguage":"es","@id":"https:\/\/secure.gravatar.com\/avatar\/7d1e350465afd215908c3ed413e32ef600cd41c3c21b95416252432a9f6c219c?s=96&d=mm&r=g","url":"https:\/\/secure.gravatar.com\/avatar\/7d1e350465afd215908c3ed413e32ef600cd41c3c21b95416252432a9f6c219c?s=96&d=mm&r=g","contentUrl":"https:\/\/secure.gravatar.com\/avatar\/7d1e350465afd215908c3ed413e32ef600cd41c3c21b95416252432a9f6c219c?s=96&d=mm&r=g","caption":"Ydalith Figueroa Kad-Bay"},"description":"CEO Noti-America Alemania Embajadora de Venezuela para el Proyecto de Acci\u00f3n Clim\u00e1tica de la ONU, Embajadora para la ense\u00f1anza de los ODS de la ONU, Amplificador de la Acci\u00f3n de los ODS de la ONU, Profesor Voluntario del Proyecto KAKUMA (Educaci\u00f3n de calidad para refugiados en \u00c1frica) UNHCR \u2013 ACNUR - Agencia para los refugiados de la ONU-, Miembro de la ONG Gente Y Ciudad, Embajador de las Instituciones de Microfinanzas \u201cNo a la pobreza ODS #1 de la ONU\u201d (todos tienen derecho a acceso a un cr\u00e9dito), y Voluntario al di\u00e1logo global de UN75. Twitter @ydalithkad email ydalith@yhaoo.com Locutor Profesional 32931 Universidad Central de Venezuela @ISHannover \"Colegio Internacional de Hannover Regi\u00f3n, Alemania\" Representante de Aprendizaje Innovaci\u00f3n y Tecnolog\u00eda #LMS (Sistema de Gesti\u00f3n de Aprendizaje) #LMS Gente y Ciudad &amp; Asesores Internacionales ONG Alemania. ONG \"Gente y Ciudad, Venezuela\" Miembro y Asesor especialista An\u00e1lisis de Pol\u00edtica Internacional Asesor Pol\u00edtico Internacional de Venezuela en la defensa de los Derechos Humanos y el restablecimiento Democr\u00e1tico. Diplomacia positiva y Activa. Pasi\u00f3n por el Golf Proyecto #LMS \"Golf para ni\u00f1os y adultos Internacional\" Pasi\u00f3n por los Postres Proyecto #LMS \"Postres, Que Unen a las Culturas del mundo\"","sameAs":["https:\/\/x.com\/ydalithkad"],"url":"https:\/\/noti-america.com\/site\/principal\/author\/yfigueroa\/"}]}},"_links":{"self":[{"href":"https:\/\/noti-america.com\/site\/principal\/wp-json\/wp\/v2\/posts\/5839","targetHints":{"allow":["GET"]}}],"collection":[{"href":"https:\/\/noti-america.com\/site\/principal\/wp-json\/wp\/v2\/posts"}],"about":[{"href":"https:\/\/noti-america.com\/site\/principal\/wp-json\/wp\/v2\/types\/post"}],"author":[{"embeddable":true,"href":"https:\/\/noti-america.com\/site\/principal\/wp-json\/wp\/v2\/users\/31"}],"replies":[{"embeddable":true,"href":"https:\/\/noti-america.com\/site\/principal\/wp-json\/wp\/v2\/comments?post=5839"}],"version-history":[{"count":1,"href":"https:\/\/noti-america.com\/site\/principal\/wp-json\/wp\/v2\/posts\/5839\/revisions"}],"predecessor-version":[{"id":5841,"href":"https:\/\/noti-america.com\/site\/principal\/wp-json\/wp\/v2\/posts\/5839\/revisions\/5841"}],"wp:featuredmedia":[{"embeddable":true,"href":"https:\/\/noti-america.com\/site\/principal\/wp-json\/wp\/v2\/media\/5840"}],"wp:attachment":[{"href":"https:\/\/noti-america.com\/site\/principal\/wp-json\/wp\/v2\/media?parent=5839"}],"wp:term":[{"taxonomy":"category","embeddable":true,"href":"https:\/\/noti-america.com\/site\/principal\/wp-json\/wp\/v2\/categories?post=5839"},{"taxonomy":"post_tag","embeddable":true,"href":"https:\/\/noti-america.com\/site\/principal\/wp-json\/wp\/v2\/tags?post=5839"}],"curies":[{"name":"wp","href":"https:\/\/api.w.org\/{rel}","templated":true}]}}