{"id":58113,"date":"2024-12-02T13:52:00","date_gmt":"2024-12-02T17:52:00","guid":{"rendered":"https:\/\/noti-america.com\/site\/principal\/?p=58113"},"modified":"2024-12-02T13:52:00","modified_gmt":"2024-12-02T17:52:00","slug":"festividad-y-musica-el-fenomeno-navideno-de-sia","status":"publish","type":"post","link":"https:\/\/noti-america.com\/site\/principal\/2024\/12\/02\/festividad-y-musica-el-fenomeno-navideno-de-sia\/","title":{"rendered":"\u00ab\u00a1Festividad y M\u00fasica: El Fen\u00f3meno Navide\u00f1o de Sia!\u00bb"},"content":{"rendered":"<p>NOTI-AMERICA.COM<\/p>\n<p style=\"text-align: justify\">Cuando las luces de Navidad comienzan a titilar y el aroma a galletas reci\u00e9n horneadas inunda el aire, hay algo que no puede faltar: la m\u00fasica de Sia, que se ha convertido en un cl\u00e1sico indiscutible de la temporada. \u00bfPero qu\u00e9 hace que las canciones de esta talentosa artista resuenen con tanta fuerza cada diciembre? La respuesta yace en la combinaci\u00f3n \u00fanica de su voz emotiva, letras profundas y melod\u00edas pegajosas que capturan la esencia de la Navidad.<\/p>\n<p style=\"text-align: justify\">Desde \u00abChandelier\u00bb hasta \u00abCheap Thrills\u00bb, Sia ha sabido crear \u00e9xitos que trascienden las estaciones, pero es durante las fiestas cuando su m\u00fasica adquiere un nuevo significado. Con su \u00e1lbum \u00abEveryday is Christmas\u00bb, lanzado en 2017, Sia nos regal\u00f3 una colecci\u00f3n de temas originales que r\u00e1pidamente se ganaron un lugar en el coraz\u00f3n de los oyentes. Canciones como \u00abSnowman\u00bb y \u00abSanta&#8217;s Coming for Us\u00bb destacan por su habilidad para evocar la nostalgia y la alegr\u00eda navide\u00f1a, mientras que \u00abUnderneath the Mistletoe\u00bb nos recuerda el calor del amor en tiempos fr\u00edos.<\/p>\n<p style=\"text-align: justify\">La magia de Sia en Navidad tambi\u00e9n se refleja en su compromiso con la generosidad y el esp\u00edritu de dar. A menudo, sus canciones son acompa\u00f1adas de campa\u00f1as ben\u00e9ficas y mensajes de esperanza, resonando con la generosidad que caracteriza la temporada. Adem\u00e1s, la producci\u00f3n musical de Sia para estas fechas se distingue por su calidad y cuidado, asegurando que cada canci\u00f3n sea un regalo para los o\u00eddos.<\/p>\n<p style=\"text-align: justify\">En resumen, las canciones de Sia se han convertido en cl\u00e1sicos navide\u00f1os porque encapsulan todo lo que amamos de esta \u00e9poca: la felicidad, la reflexi\u00f3n, el amor y la esperanza de un mundo mejor. Y as\u00ed, a\u00f1o tras a\u00f1o, la voz de Sia se convierte en la banda sonora de nuestras celebraciones, record\u00e1ndonos que, efectivamente, cada d\u00eda puede ser Navidad.<\/p>\n","protected":false},"excerpt":{"rendered":"<p>NOTI-AMERICA.COM Cuando las luces de Navidad comienzan a titilar y el aroma a galletas reci\u00e9n horneadas inunda el aire, hay algo que no puede faltar: la m\u00fasica de Sia, que se ha convertido en&#46;&#46;&#46;<\/p>\n","protected":false},"author":133,"featured_media":58114,"comment_status":"closed","ping_status":"open","sticky":false,"template":"","format":"image","meta":{"_acf_changed":false,"rop_custom_images_group":[],"rop_custom_messages_group":[],"rop_publish_now":"initial","rop_publish_now_accounts":{"facebook_10219548024599422_1632221337088128":"","twitter_242054905_242054905":""},"rop_publish_now_history":[],"rop_publish_now_status":"pending","footnotes":""},"categories":[663],"tags":[],"class_list":["post-58113","post","type-post","status-publish","format-image","has-post-thumbnail","hentry","category-actualidad","post_format-post-format-image"],"acf":[],"yoast_head":"<!-- This site is optimized with the Yoast SEO Premium plugin v24.9 (Yoast SEO v27.2) - https:\/\/yoast.com\/product\/yoast-seo-premium-wordpress\/ -->\n<title>&quot;\u00a1Festividad y M\u00fasica: El Fen\u00f3meno Navide\u00f1o de Sia!&quot; - Noti-America.com<\/title>\n<meta name=\"robots\" content=\"index, follow, max-snippet:-1, max-image-preview:large, max-video-preview:-1\" \/>\n<link rel=\"canonical\" href=\"https:\/\/noti-america.com\/site\/principal\/2024\/12\/02\/festividad-y-musica-el-fenomeno-navideno-de-sia\/\" \/>\n<meta property=\"og:locale\" content=\"es_ES\" \/>\n<meta property=\"og:type\" content=\"article\" \/>\n<meta property=\"og:title\" content=\"&quot;\u00a1Festividad y M\u00fasica: El Fen\u00f3meno Navide\u00f1o de Sia!&quot;\" \/>\n<meta property=\"og:description\" content=\"NOTI-AMERICA.COM Cuando las luces de Navidad comienzan a titilar y el aroma a galletas reci\u00e9n horneadas inunda el aire, hay algo que no puede faltar: la m\u00fasica de Sia, que se ha convertido en&#046;&#046;&#046;\" \/>\n<meta property=\"og:url\" content=\"https:\/\/noti-america.com\/site\/principal\/2024\/12\/02\/festividad-y-musica-el-fenomeno-navideno-de-sia\/\" \/>\n<meta property=\"og:site_name\" content=\"Noti-America.com\" \/>\n<meta property=\"article:author\" content=\"Mar\u00eda Valentina Noguera\" \/>\n<meta property=\"article:published_time\" content=\"2024-12-02T17:52:00+00:00\" \/>\n<meta property=\"og:image\" content=\"https:\/\/noti-america.com\/site\/principal\/wp-content\/uploads\/sites\/26\/2024\/12\/2d5bd7516200644a3a0fca411a963a3c.jpg\" \/>\n\t<meta property=\"og:image:width\" content=\"735\" \/>\n\t<meta property=\"og:image:height\" content=\"733\" \/>\n\t<meta property=\"og:image:type\" content=\"image\/jpeg\" \/>\n<meta name=\"author\" content=\"Maria Valentina Noguera Medina\" \/>\n<meta name=\"twitter:card\" content=\"summary_large_image\" \/>\n<meta name=\"twitter:label1\" content=\"Escrito por\" \/>\n\t<meta name=\"twitter:data1\" content=\"Maria Valentina Noguera Medina\" \/>\n\t<meta name=\"twitter:label2\" content=\"Tiempo estimado de lectura\" \/>\n\t<meta name=\"twitter:data2\" content=\"2 minutos\" \/>\n<script type=\"application\/ld+json\" class=\"yoast-schema-graph\">{\"@context\":\"https:\/\/schema.org\",\"@graph\":[{\"@type\":\"Article\",\"@id\":\"https:\/\/noti-america.com\/site\/principal\/2024\/12\/02\/festividad-y-musica-el-fenomeno-navideno-de-sia\/#article\",\"isPartOf\":{\"@id\":\"https:\/\/noti-america.com\/site\/principal\/2024\/12\/02\/festividad-y-musica-el-fenomeno-navideno-de-sia\/\"},\"author\":{\"name\":\"Maria Valentina Noguera Medina\",\"@id\":\"https:\/\/noti-america.com\/site\/principal\/#\/schema\/person\/22806efcc2cfc4b45efb0e17be210ea8\"},\"headline\":\"\u00ab\u00a1Festividad y M\u00fasica: El Fen\u00f3meno Navide\u00f1o de Sia!\u00bb\",\"datePublished\":\"2024-12-02T17:52:00+00:00\",\"mainEntityOfPage\":{\"@id\":\"https:\/\/noti-america.com\/site\/principal\/2024\/12\/02\/festividad-y-musica-el-fenomeno-navideno-de-sia\/\"},\"wordCount\":335,\"image\":{\"@id\":\"https:\/\/noti-america.com\/site\/principal\/2024\/12\/02\/festividad-y-musica-el-fenomeno-navideno-de-sia\/#primaryimage\"},\"thumbnailUrl\":\"https:\/\/noti-america.com\/site\/principal\/wp-content\/uploads\/sites\/26\/2024\/12\/2d5bd7516200644a3a0fca411a963a3c.jpg\",\"articleSection\":[\"Actualidad\"],\"inLanguage\":\"es\"},{\"@type\":\"WebPage\",\"@id\":\"https:\/\/noti-america.com\/site\/principal\/2024\/12\/02\/festividad-y-musica-el-fenomeno-navideno-de-sia\/\",\"url\":\"https:\/\/noti-america.com\/site\/principal\/2024\/12\/02\/festividad-y-musica-el-fenomeno-navideno-de-sia\/\",\"name\":\"\\\"\u00a1Festividad y M\u00fasica: El Fen\u00f3meno Navide\u00f1o de Sia!\\\" - Noti-America.com\",\"isPartOf\":{\"@id\":\"https:\/\/noti-america.com\/site\/principal\/#website\"},\"primaryImageOfPage\":{\"@id\":\"https:\/\/noti-america.com\/site\/principal\/2024\/12\/02\/festividad-y-musica-el-fenomeno-navideno-de-sia\/#primaryimage\"},\"image\":{\"@id\":\"https:\/\/noti-america.com\/site\/principal\/2024\/12\/02\/festividad-y-musica-el-fenomeno-navideno-de-sia\/#primaryimage\"},\"thumbnailUrl\":\"https:\/\/noti-america.com\/site\/principal\/wp-content\/uploads\/sites\/26\/2024\/12\/2d5bd7516200644a3a0fca411a963a3c.jpg\",\"datePublished\":\"2024-12-02T17:52:00+00:00\",\"author\":{\"@id\":\"https:\/\/noti-america.com\/site\/principal\/#\/schema\/person\/22806efcc2cfc4b45efb0e17be210ea8\"},\"breadcrumb\":{\"@id\":\"https:\/\/noti-america.com\/site\/principal\/2024\/12\/02\/festividad-y-musica-el-fenomeno-navideno-de-sia\/#breadcrumb\"},\"inLanguage\":\"es\",\"potentialAction\":[{\"@type\":\"ReadAction\",\"target\":[\"https:\/\/noti-america.com\/site\/principal\/2024\/12\/02\/festividad-y-musica-el-fenomeno-navideno-de-sia\/\"]}]},{\"@type\":\"ImageObject\",\"inLanguage\":\"es\",\"@id\":\"https:\/\/noti-america.com\/site\/principal\/2024\/12\/02\/festividad-y-musica-el-fenomeno-navideno-de-sia\/#primaryimage\",\"url\":\"https:\/\/noti-america.com\/site\/principal\/wp-content\/uploads\/sites\/26\/2024\/12\/2d5bd7516200644a3a0fca411a963a3c.jpg\",\"contentUrl\":\"https:\/\/noti-america.com\/site\/principal\/wp-content\/uploads\/sites\/26\/2024\/12\/2d5bd7516200644a3a0fca411a963a3c.jpg\",\"width\":735,\"height\":733},{\"@type\":\"BreadcrumbList\",\"@id\":\"https:\/\/noti-america.com\/site\/principal\/2024\/12\/02\/festividad-y-musica-el-fenomeno-navideno-de-sia\/#breadcrumb\",\"itemListElement\":[{\"@type\":\"ListItem\",\"position\":1,\"name\":\"Portada\",\"item\":\"https:\/\/noti-america.com\/site\/principal\/\"},{\"@type\":\"ListItem\",\"position\":2,\"name\":\"\u00ab\u00a1Festividad y M\u00fasica: El Fen\u00f3meno Navide\u00f1o de Sia!\u00bb\"}]},{\"@type\":\"WebSite\",\"@id\":\"https:\/\/noti-america.com\/site\/principal\/#website\",\"url\":\"https:\/\/noti-america.com\/site\/principal\/\",\"name\":\"Noti-America.com\",\"description\":\"El Noticiero Digital M\u00e1s Grande de Am\u00e9rica\",\"potentialAction\":[{\"@type\":\"SearchAction\",\"target\":{\"@type\":\"EntryPoint\",\"urlTemplate\":\"https:\/\/noti-america.com\/site\/principal\/?s={search_term_string}\"},\"query-input\":{\"@type\":\"PropertyValueSpecification\",\"valueRequired\":true,\"valueName\":\"search_term_string\"}}],\"inLanguage\":\"es\"},{\"@type\":\"Person\",\"@id\":\"https:\/\/noti-america.com\/site\/principal\/#\/schema\/person\/22806efcc2cfc4b45efb0e17be210ea8\",\"name\":\"Maria Valentina Noguera Medina\",\"image\":{\"@type\":\"ImageObject\",\"inLanguage\":\"es\",\"@id\":\"https:\/\/secure.gravatar.com\/avatar\/4ec5eb9d099f2608a49c9df6f7341f66f04f819cdffa09d56a7a0e91d2819d56?s=96&d=mm&r=g\",\"url\":\"https:\/\/secure.gravatar.com\/avatar\/4ec5eb9d099f2608a49c9df6f7341f66f04f819cdffa09d56a7a0e91d2819d56?s=96&d=mm&r=g\",\"contentUrl\":\"https:\/\/secure.gravatar.com\/avatar\/4ec5eb9d099f2608a49c9df6f7341f66f04f819cdffa09d56a7a0e91d2819d56?s=96&d=mm&r=g\",\"caption\":\"Maria Valentina Noguera Medina\"},\"description\":\"Periodista - noti-america - Promar Community Manager - Talento Plus Dise\u00f1adora\/ creadora de contenido...\",\"sameAs\":[\"Mar\u00eda Valentina Noguera\",\"https:\/\/www.facebook.com\/mariavalentina.noguera\",\"https:\/\/www.linkedin.com\/in\/mara-valentina-noguera-medina-373075165\/\",\"https:\/\/www.pinterest.es\/valentinanoguera95\/\",\"https:\/\/www.youtube.com\/channel\/UCdek6mbUZ-Tqqw0I63i4nmQ\"],\"url\":\"https:\/\/noti-america.com\/site\/principal\/author\/mnoguera\/\"}]}<\/script>\n<!-- \/ Yoast SEO Premium plugin. -->","yoast_head_json":{"title":"\"\u00a1Festividad y M\u00fasica: El Fen\u00f3meno Navide\u00f1o de Sia!\" - Noti-America.com","robots":{"index":"index","follow":"follow","max-snippet":"max-snippet:-1","max-image-preview":"max-image-preview:large","max-video-preview":"max-video-preview:-1"},"canonical":"https:\/\/noti-america.com\/site\/principal\/2024\/12\/02\/festividad-y-musica-el-fenomeno-navideno-de-sia\/","og_locale":"es_ES","og_type":"article","og_title":"\"\u00a1Festividad y M\u00fasica: El Fen\u00f3meno Navide\u00f1o de Sia!\"","og_description":"NOTI-AMERICA.COM Cuando las luces de Navidad comienzan a titilar y el aroma a galletas reci\u00e9n horneadas inunda el aire, hay algo que no puede faltar: la m\u00fasica de Sia, que se ha convertido en&#46;&#46;&#46;","og_url":"https:\/\/noti-america.com\/site\/principal\/2024\/12\/02\/festividad-y-musica-el-fenomeno-navideno-de-sia\/","og_site_name":"Noti-America.com","article_author":"Mar\u00eda Valentina Noguera","article_published_time":"2024-12-02T17:52:00+00:00","og_image":[{"width":735,"height":733,"url":"https:\/\/noti-america.com\/site\/principal\/wp-content\/uploads\/sites\/26\/2024\/12\/2d5bd7516200644a3a0fca411a963a3c.jpg","type":"image\/jpeg"}],"author":"Maria Valentina Noguera Medina","twitter_card":"summary_large_image","twitter_misc":{"Escrito por":"Maria Valentina Noguera Medina","Tiempo estimado de lectura":"2 minutos"},"schema":{"@context":"https:\/\/schema.org","@graph":[{"@type":"Article","@id":"https:\/\/noti-america.com\/site\/principal\/2024\/12\/02\/festividad-y-musica-el-fenomeno-navideno-de-sia\/#article","isPartOf":{"@id":"https:\/\/noti-america.com\/site\/principal\/2024\/12\/02\/festividad-y-musica-el-fenomeno-navideno-de-sia\/"},"author":{"name":"Maria Valentina Noguera Medina","@id":"https:\/\/noti-america.com\/site\/principal\/#\/schema\/person\/22806efcc2cfc4b45efb0e17be210ea8"},"headline":"\u00ab\u00a1Festividad y M\u00fasica: El Fen\u00f3meno Navide\u00f1o de Sia!\u00bb","datePublished":"2024-12-02T17:52:00+00:00","mainEntityOfPage":{"@id":"https:\/\/noti-america.com\/site\/principal\/2024\/12\/02\/festividad-y-musica-el-fenomeno-navideno-de-sia\/"},"wordCount":335,"image":{"@id":"https:\/\/noti-america.com\/site\/principal\/2024\/12\/02\/festividad-y-musica-el-fenomeno-navideno-de-sia\/#primaryimage"},"thumbnailUrl":"https:\/\/noti-america.com\/site\/principal\/wp-content\/uploads\/sites\/26\/2024\/12\/2d5bd7516200644a3a0fca411a963a3c.jpg","articleSection":["Actualidad"],"inLanguage":"es"},{"@type":"WebPage","@id":"https:\/\/noti-america.com\/site\/principal\/2024\/12\/02\/festividad-y-musica-el-fenomeno-navideno-de-sia\/","url":"https:\/\/noti-america.com\/site\/principal\/2024\/12\/02\/festividad-y-musica-el-fenomeno-navideno-de-sia\/","name":"\"\u00a1Festividad y M\u00fasica: El Fen\u00f3meno Navide\u00f1o de Sia!\" - Noti-America.com","isPartOf":{"@id":"https:\/\/noti-america.com\/site\/principal\/#website"},"primaryImageOfPage":{"@id":"https:\/\/noti-america.com\/site\/principal\/2024\/12\/02\/festividad-y-musica-el-fenomeno-navideno-de-sia\/#primaryimage"},"image":{"@id":"https:\/\/noti-america.com\/site\/principal\/2024\/12\/02\/festividad-y-musica-el-fenomeno-navideno-de-sia\/#primaryimage"},"thumbnailUrl":"https:\/\/noti-america.com\/site\/principal\/wp-content\/uploads\/sites\/26\/2024\/12\/2d5bd7516200644a3a0fca411a963a3c.jpg","datePublished":"2024-12-02T17:52:00+00:00","author":{"@id":"https:\/\/noti-america.com\/site\/principal\/#\/schema\/person\/22806efcc2cfc4b45efb0e17be210ea8"},"breadcrumb":{"@id":"https:\/\/noti-america.com\/site\/principal\/2024\/12\/02\/festividad-y-musica-el-fenomeno-navideno-de-sia\/#breadcrumb"},"inLanguage":"es","potentialAction":[{"@type":"ReadAction","target":["https:\/\/noti-america.com\/site\/principal\/2024\/12\/02\/festividad-y-musica-el-fenomeno-navideno-de-sia\/"]}]},{"@type":"ImageObject","inLanguage":"es","@id":"https:\/\/noti-america.com\/site\/principal\/2024\/12\/02\/festividad-y-musica-el-fenomeno-navideno-de-sia\/#primaryimage","url":"https:\/\/noti-america.com\/site\/principal\/wp-content\/uploads\/sites\/26\/2024\/12\/2d5bd7516200644a3a0fca411a963a3c.jpg","contentUrl":"https:\/\/noti-america.com\/site\/principal\/wp-content\/uploads\/sites\/26\/2024\/12\/2d5bd7516200644a3a0fca411a963a3c.jpg","width":735,"height":733},{"@type":"BreadcrumbList","@id":"https:\/\/noti-america.com\/site\/principal\/2024\/12\/02\/festividad-y-musica-el-fenomeno-navideno-de-sia\/#breadcrumb","itemListElement":[{"@type":"ListItem","position":1,"name":"Portada","item":"https:\/\/noti-america.com\/site\/principal\/"},{"@type":"ListItem","position":2,"name":"\u00ab\u00a1Festividad y M\u00fasica: El Fen\u00f3meno Navide\u00f1o de Sia!\u00bb"}]},{"@type":"WebSite","@id":"https:\/\/noti-america.com\/site\/principal\/#website","url":"https:\/\/noti-america.com\/site\/principal\/","name":"Noti-America.com","description":"El Noticiero Digital M\u00e1s Grande de Am\u00e9rica","potentialAction":[{"@type":"SearchAction","target":{"@type":"EntryPoint","urlTemplate":"https:\/\/noti-america.com\/site\/principal\/?s={search_term_string}"},"query-input":{"@type":"PropertyValueSpecification","valueRequired":true,"valueName":"search_term_string"}}],"inLanguage":"es"},{"@type":"Person","@id":"https:\/\/noti-america.com\/site\/principal\/#\/schema\/person\/22806efcc2cfc4b45efb0e17be210ea8","name":"Maria Valentina Noguera Medina","image":{"@type":"ImageObject","inLanguage":"es","@id":"https:\/\/secure.gravatar.com\/avatar\/4ec5eb9d099f2608a49c9df6f7341f66f04f819cdffa09d56a7a0e91d2819d56?s=96&d=mm&r=g","url":"https:\/\/secure.gravatar.com\/avatar\/4ec5eb9d099f2608a49c9df6f7341f66f04f819cdffa09d56a7a0e91d2819d56?s=96&d=mm&r=g","contentUrl":"https:\/\/secure.gravatar.com\/avatar\/4ec5eb9d099f2608a49c9df6f7341f66f04f819cdffa09d56a7a0e91d2819d56?s=96&d=mm&r=g","caption":"Maria Valentina Noguera Medina"},"description":"Periodista - noti-america - Promar Community Manager - Talento Plus Dise\u00f1adora\/ creadora de contenido...","sameAs":["Mar\u00eda Valentina Noguera","https:\/\/www.facebook.com\/mariavalentina.noguera","https:\/\/www.linkedin.com\/in\/mara-valentina-noguera-medina-373075165\/","https:\/\/www.pinterest.es\/valentinanoguera95\/","https:\/\/www.youtube.com\/channel\/UCdek6mbUZ-Tqqw0I63i4nmQ"],"url":"https:\/\/noti-america.com\/site\/principal\/author\/mnoguera\/"}]}},"_links":{"self":[{"href":"https:\/\/noti-america.com\/site\/principal\/wp-json\/wp\/v2\/posts\/58113","targetHints":{"allow":["GET"]}}],"collection":[{"href":"https:\/\/noti-america.com\/site\/principal\/wp-json\/wp\/v2\/posts"}],"about":[{"href":"https:\/\/noti-america.com\/site\/principal\/wp-json\/wp\/v2\/types\/post"}],"author":[{"embeddable":true,"href":"https:\/\/noti-america.com\/site\/principal\/wp-json\/wp\/v2\/users\/133"}],"replies":[{"embeddable":true,"href":"https:\/\/noti-america.com\/site\/principal\/wp-json\/wp\/v2\/comments?post=58113"}],"version-history":[{"count":1,"href":"https:\/\/noti-america.com\/site\/principal\/wp-json\/wp\/v2\/posts\/58113\/revisions"}],"predecessor-version":[{"id":58115,"href":"https:\/\/noti-america.com\/site\/principal\/wp-json\/wp\/v2\/posts\/58113\/revisions\/58115"}],"wp:featuredmedia":[{"embeddable":true,"href":"https:\/\/noti-america.com\/site\/principal\/wp-json\/wp\/v2\/media\/58114"}],"wp:attachment":[{"href":"https:\/\/noti-america.com\/site\/principal\/wp-json\/wp\/v2\/media?parent=58113"}],"wp:term":[{"taxonomy":"category","embeddable":true,"href":"https:\/\/noti-america.com\/site\/principal\/wp-json\/wp\/v2\/categories?post=58113"},{"taxonomy":"post_tag","embeddable":true,"href":"https:\/\/noti-america.com\/site\/principal\/wp-json\/wp\/v2\/tags?post=58113"}],"curies":[{"name":"wp","href":"https:\/\/api.w.org\/{rel}","templated":true}]}}