{"id":5786,"date":"2019-07-16T03:05:07","date_gmt":"2019-07-16T03:05:07","guid":{"rendered":"http:\/\/noti-america.com\/site\/alemania\/?p=5786"},"modified":"2019-07-16T03:12:33","modified_gmt":"2019-07-16T03:12:33","slug":"un-adolescente-se-afianzo-como-talento-del-siglo-en-ajedrez-en-alemania","status":"publish","type":"post","link":"https:\/\/noti-america.com\/site\/principal\/2019\/07\/16\/un-adolescente-se-afianzo-como-talento-del-siglo-en-ajedrez-en-alemania\/","title":{"rendered":"Un adolescente se afianz\u00f3 como talento del siglo en ajedrez, en  Alemania."},"content":{"rendered":"<p>Editado por Ydalith Figueroa Kad-Bay. CEO Noti-america Alemania<\/p>\n<p><span class=\"dateline\">Berl\u00edn, seg\u00fan la DPA,\u00a0 <\/span>Vincent Keymer, de solo 14 a\u00f1os, es considerado el mayor talento de ajedrez de Alemania. Keymer empez\u00f3 a jugar a los cinco a\u00f1os y ese deporte le ocupa cada d\u00eda, se\u00f1al\u00f3. Vincent explic\u00f3 a la DPA\u00a0 que \u00abel ajedrez no es lo \u00fanico en mi vida\u00bb, para \u00e9l\u00a0 t\u00e1mbien es importante la escuela, descansar un poco, andar en bicicleta\u00a0 y jugar al f\u00fatbol en el jard\u00edn\u00bb, agreg\u00f3\u00a0el joven ajedrecista, quien con su victoria en el torneo Grenke Open en Karlsruhe se afianz\u00f3 el a\u00f1o pasado como el talento del siglo en su deporte.<\/p>\n<p>Keymer admira al campe\u00f3n mundial Magnus Carlsen. \u00abTiene unos conocimientos enormes. Es muy, muy grande. Y l\u00f3gicamente tiene mucha experiencia\u00bb, subray\u00f3. El noruego Carlsen de 28 a\u00f1os se convirti\u00f3 en campe\u00f3n mundial pocos d\u00edas antes de su cumplea\u00f1os n\u00famero 23. \u00abDe todas maneras, es muy dif\u00edcil decir\u00a0 lo que diferencia a uno de los mejores jugadores (de ajedrez) de otro. Es esa pizquita de mayor conocimiento. A\u00fan tengo que aprender mucho, mucho para poder pensar y ver qu\u00e9 es lo que me falta\u00bb, consider\u00f3 Keymer.<\/p>\n<p>@ydalithkad<br \/>\nydalith@yahoo.com<br \/>\nPhone 004915206034523<\/p>\n<p>&nbsp;<\/p>\n","protected":false},"excerpt":{"rendered":"<p>Editado por Ydalith Figueroa Kad-Bay. CEO Noti-america Alemania Berl\u00edn, seg\u00fan la DPA,\u00a0 Vincent Keymer, de solo 14 a\u00f1os, es considerado el mayor talento de ajedrez de Alemania. Keymer empez\u00f3 a jugar a los cinco&#46;&#46;&#46;<\/p>\n","protected":false},"author":31,"featured_media":5789,"comment_status":"open","ping_status":"open","sticky":false,"template":"","format":"standard","meta":{"_acf_changed":false,"rop_custom_images_group":[],"rop_custom_messages_group":[],"rop_publish_now":"initial","rop_publish_now_accounts":{"facebook_10219548024599422_1632221337088128":"","twitter_242054905_242054905":""},"rop_publish_now_history":[],"rop_publish_now_status":"pending","footnotes":""},"categories":[4],"tags":[630,412],"class_list":["post-5786","post","type-post","status-publish","format-standard","has-post-thumbnail","hentry","category-internacionales","tag-ajedrez","tag-alemania"],"acf":[],"yoast_head":"<!-- This site is optimized with the Yoast SEO Premium plugin v24.9 (Yoast SEO v27.2) - https:\/\/yoast.com\/product\/yoast-seo-premium-wordpress\/ -->\n<title>Un adolescente se afianz\u00f3 como talento del siglo en ajedrez, en Alemania. - Noti-America.com<\/title>\n<meta name=\"robots\" content=\"index, follow, max-snippet:-1, max-image-preview:large, max-video-preview:-1\" \/>\n<link rel=\"canonical\" href=\"https:\/\/noti-america.com\/site\/principal\/2019\/07\/16\/un-adolescente-se-afianzo-como-talento-del-siglo-en-ajedrez-en-alemania\/\" \/>\n<meta property=\"og:locale\" content=\"es_ES\" \/>\n<meta property=\"og:type\" content=\"article\" \/>\n<meta property=\"og:title\" content=\"Un adolescente se afianz\u00f3 como talento del siglo en ajedrez, en Alemania.\" \/>\n<meta property=\"og:description\" content=\"Editado por Ydalith Figueroa Kad-Bay. CEO Noti-america Alemania Berl\u00edn, seg\u00fan la DPA,\u00a0 Vincent Keymer, de solo 14 a\u00f1os, es considerado el mayor talento de ajedrez de Alemania. Keymer empez\u00f3 a jugar a los cinco&#046;&#046;&#046;\" \/>\n<meta property=\"og:url\" content=\"https:\/\/noti-america.com\/site\/principal\/2019\/07\/16\/un-adolescente-se-afianzo-como-talento-del-siglo-en-ajedrez-en-alemania\/\" \/>\n<meta property=\"og:site_name\" content=\"Noti-America.com\" \/>\n<meta property=\"article:published_time\" content=\"2019-07-16T03:05:07+00:00\" \/>\n<meta property=\"article:modified_time\" content=\"2019-07-16T03:12:33+00:00\" \/>\n<meta property=\"og:image\" content=\"https:\/\/noti-america.com\/site\/principal\/wp-content\/uploads\/sites\/26\/2019\/07\/220px-Vincent_Keymer_2017.jpg\" \/>\n\t<meta property=\"og:image:width\" content=\"220\" \/>\n\t<meta property=\"og:image:height\" content=\"355\" \/>\n\t<meta property=\"og:image:type\" content=\"image\/jpeg\" \/>\n<meta name=\"author\" content=\"Ydalith Figueroa Kad-Bay\" \/>\n<meta name=\"twitter:card\" content=\"summary_large_image\" \/>\n<meta name=\"twitter:creator\" content=\"@ydalithkad\" \/>\n<meta name=\"twitter:label1\" content=\"Escrito por\" \/>\n\t<meta name=\"twitter:data1\" content=\"Ydalith Figueroa Kad-Bay\" \/>\n\t<meta name=\"twitter:label2\" content=\"Tiempo estimado de lectura\" \/>\n\t<meta name=\"twitter:data2\" content=\"1 minuto\" \/>\n<script type=\"application\/ld+json\" class=\"yoast-schema-graph\">{\"@context\":\"https:\/\/schema.org\",\"@graph\":[{\"@type\":\"Article\",\"@id\":\"https:\/\/noti-america.com\/site\/principal\/2019\/07\/16\/un-adolescente-se-afianzo-como-talento-del-siglo-en-ajedrez-en-alemania\/#article\",\"isPartOf\":{\"@id\":\"https:\/\/noti-america.com\/site\/principal\/2019\/07\/16\/un-adolescente-se-afianzo-como-talento-del-siglo-en-ajedrez-en-alemania\/\"},\"author\":{\"name\":\"Ydalith Figueroa Kad-Bay\",\"@id\":\"https:\/\/noti-america.com\/site\/principal\/#\/schema\/person\/1a24e37c3c358f389f0a111448ddb870\"},\"headline\":\"Un adolescente se afianz\u00f3 como talento del siglo en ajedrez, en Alemania.\",\"datePublished\":\"2019-07-16T03:05:07+00:00\",\"dateModified\":\"2019-07-16T03:12:33+00:00\",\"mainEntityOfPage\":{\"@id\":\"https:\/\/noti-america.com\/site\/principal\/2019\/07\/16\/un-adolescente-se-afianzo-como-talento-del-siglo-en-ajedrez-en-alemania\/\"},\"wordCount\":225,\"commentCount\":0,\"image\":{\"@id\":\"https:\/\/noti-america.com\/site\/principal\/2019\/07\/16\/un-adolescente-se-afianzo-como-talento-del-siglo-en-ajedrez-en-alemania\/#primaryimage\"},\"thumbnailUrl\":\"https:\/\/noti-america.com\/site\/principal\/wp-content\/uploads\/sites\/26\/2019\/07\/220px-Vincent_Keymer_2017.jpg\",\"keywords\":[\"#Ajedrez\",\"Alemania\"],\"articleSection\":[\"Internacionales\"],\"inLanguage\":\"es\",\"potentialAction\":[{\"@type\":\"CommentAction\",\"name\":\"Comment\",\"target\":[\"https:\/\/noti-america.com\/site\/principal\/2019\/07\/16\/un-adolescente-se-afianzo-como-talento-del-siglo-en-ajedrez-en-alemania\/#respond\"]}]},{\"@type\":\"WebPage\",\"@id\":\"https:\/\/noti-america.com\/site\/principal\/2019\/07\/16\/un-adolescente-se-afianzo-como-talento-del-siglo-en-ajedrez-en-alemania\/\",\"url\":\"https:\/\/noti-america.com\/site\/principal\/2019\/07\/16\/un-adolescente-se-afianzo-como-talento-del-siglo-en-ajedrez-en-alemania\/\",\"name\":\"Un adolescente se afianz\u00f3 como talento del siglo en ajedrez, en Alemania. - Noti-America.com\",\"isPartOf\":{\"@id\":\"https:\/\/noti-america.com\/site\/principal\/#website\"},\"primaryImageOfPage\":{\"@id\":\"https:\/\/noti-america.com\/site\/principal\/2019\/07\/16\/un-adolescente-se-afianzo-como-talento-del-siglo-en-ajedrez-en-alemania\/#primaryimage\"},\"image\":{\"@id\":\"https:\/\/noti-america.com\/site\/principal\/2019\/07\/16\/un-adolescente-se-afianzo-como-talento-del-siglo-en-ajedrez-en-alemania\/#primaryimage\"},\"thumbnailUrl\":\"https:\/\/noti-america.com\/site\/principal\/wp-content\/uploads\/sites\/26\/2019\/07\/220px-Vincent_Keymer_2017.jpg\",\"datePublished\":\"2019-07-16T03:05:07+00:00\",\"dateModified\":\"2019-07-16T03:12:33+00:00\",\"author\":{\"@id\":\"https:\/\/noti-america.com\/site\/principal\/#\/schema\/person\/1a24e37c3c358f389f0a111448ddb870\"},\"breadcrumb\":{\"@id\":\"https:\/\/noti-america.com\/site\/principal\/2019\/07\/16\/un-adolescente-se-afianzo-como-talento-del-siglo-en-ajedrez-en-alemania\/#breadcrumb\"},\"inLanguage\":\"es\",\"potentialAction\":[{\"@type\":\"ReadAction\",\"target\":[\"https:\/\/noti-america.com\/site\/principal\/2019\/07\/16\/un-adolescente-se-afianzo-como-talento-del-siglo-en-ajedrez-en-alemania\/\"]}]},{\"@type\":\"ImageObject\",\"inLanguage\":\"es\",\"@id\":\"https:\/\/noti-america.com\/site\/principal\/2019\/07\/16\/un-adolescente-se-afianzo-como-talento-del-siglo-en-ajedrez-en-alemania\/#primaryimage\",\"url\":\"https:\/\/noti-america.com\/site\/principal\/wp-content\/uploads\/sites\/26\/2019\/07\/220px-Vincent_Keymer_2017.jpg\",\"contentUrl\":\"https:\/\/noti-america.com\/site\/principal\/wp-content\/uploads\/sites\/26\/2019\/07\/220px-Vincent_Keymer_2017.jpg\",\"width\":220,\"height\":355},{\"@type\":\"BreadcrumbList\",\"@id\":\"https:\/\/noti-america.com\/site\/principal\/2019\/07\/16\/un-adolescente-se-afianzo-como-talento-del-siglo-en-ajedrez-en-alemania\/#breadcrumb\",\"itemListElement\":[{\"@type\":\"ListItem\",\"position\":1,\"name\":\"Portada\",\"item\":\"https:\/\/noti-america.com\/site\/principal\/\"},{\"@type\":\"ListItem\",\"position\":2,\"name\":\"Un adolescente se afianz\u00f3 como talento del siglo en ajedrez, en Alemania.\"}]},{\"@type\":\"WebSite\",\"@id\":\"https:\/\/noti-america.com\/site\/principal\/#website\",\"url\":\"https:\/\/noti-america.com\/site\/principal\/\",\"name\":\"Noti-America.com\",\"description\":\"El Noticiero Digital M\u00e1s Grande de Am\u00e9rica\",\"potentialAction\":[{\"@type\":\"SearchAction\",\"target\":{\"@type\":\"EntryPoint\",\"urlTemplate\":\"https:\/\/noti-america.com\/site\/principal\/?s={search_term_string}\"},\"query-input\":{\"@type\":\"PropertyValueSpecification\",\"valueRequired\":true,\"valueName\":\"search_term_string\"}}],\"inLanguage\":\"es\"},{\"@type\":\"Person\",\"@id\":\"https:\/\/noti-america.com\/site\/principal\/#\/schema\/person\/1a24e37c3c358f389f0a111448ddb870\",\"name\":\"Ydalith Figueroa Kad-Bay\",\"image\":{\"@type\":\"ImageObject\",\"inLanguage\":\"es\",\"@id\":\"https:\/\/secure.gravatar.com\/avatar\/7d1e350465afd215908c3ed413e32ef600cd41c3c21b95416252432a9f6c219c?s=96&d=mm&r=g\",\"url\":\"https:\/\/secure.gravatar.com\/avatar\/7d1e350465afd215908c3ed413e32ef600cd41c3c21b95416252432a9f6c219c?s=96&d=mm&r=g\",\"contentUrl\":\"https:\/\/secure.gravatar.com\/avatar\/7d1e350465afd215908c3ed413e32ef600cd41c3c21b95416252432a9f6c219c?s=96&d=mm&r=g\",\"caption\":\"Ydalith Figueroa Kad-Bay\"},\"description\":\"CEO Noti-America Alemania Embajadora de Venezuela para el Proyecto de Acci\u00f3n Clim\u00e1tica de la ONU, Embajadora para la ense\u00f1anza de los ODS de la ONU, Amplificador de la Acci\u00f3n de los ODS de la ONU, Profesor Voluntario del Proyecto KAKUMA (Educaci\u00f3n de calidad para refugiados en \u00c1frica) UNHCR \u2013 ACNUR - Agencia para los refugiados de la ONU-, Miembro de la ONG Gente Y Ciudad, Embajador de las Instituciones de Microfinanzas \u201cNo a la pobreza ODS #1 de la ONU\u201d (todos tienen derecho a acceso a un cr\u00e9dito), y Voluntario al di\u00e1logo global de UN75. Twitter @ydalithkad email ydalith@yhaoo.com Locutor Profesional 32931 Universidad Central de Venezuela @ISHannover \\\"Colegio Internacional de Hannover Regi\u00f3n, Alemania\\\" Representante de Aprendizaje Innovaci\u00f3n y Tecnolog\u00eda #LMS (Sistema de Gesti\u00f3n de Aprendizaje) #LMS Gente y Ciudad &amp; Asesores Internacionales ONG Alemania. ONG \\\"Gente y Ciudad, Venezuela\\\" Miembro y Asesor especialista An\u00e1lisis de Pol\u00edtica Internacional Asesor Pol\u00edtico Internacional de Venezuela en la defensa de los Derechos Humanos y el restablecimiento Democr\u00e1tico. Diplomacia positiva y Activa. Pasi\u00f3n por el Golf Proyecto #LMS \\\"Golf para ni\u00f1os y adultos Internacional\\\" Pasi\u00f3n por los Postres Proyecto #LMS \\\"Postres, Que Unen a las Culturas del mundo\\\"\",\"sameAs\":[\"https:\/\/x.com\/ydalithkad\"],\"url\":\"https:\/\/noti-america.com\/site\/principal\/author\/yfigueroa\/\"}]}<\/script>\n<!-- \/ Yoast SEO Premium plugin. -->","yoast_head_json":{"title":"Un adolescente se afianz\u00f3 como talento del siglo en ajedrez, en Alemania. - Noti-America.com","robots":{"index":"index","follow":"follow","max-snippet":"max-snippet:-1","max-image-preview":"max-image-preview:large","max-video-preview":"max-video-preview:-1"},"canonical":"https:\/\/noti-america.com\/site\/principal\/2019\/07\/16\/un-adolescente-se-afianzo-como-talento-del-siglo-en-ajedrez-en-alemania\/","og_locale":"es_ES","og_type":"article","og_title":"Un adolescente se afianz\u00f3 como talento del siglo en ajedrez, en Alemania.","og_description":"Editado por Ydalith Figueroa Kad-Bay. CEO Noti-america Alemania Berl\u00edn, seg\u00fan la DPA,\u00a0 Vincent Keymer, de solo 14 a\u00f1os, es considerado el mayor talento de ajedrez de Alemania. Keymer empez\u00f3 a jugar a los cinco&#46;&#46;&#46;","og_url":"https:\/\/noti-america.com\/site\/principal\/2019\/07\/16\/un-adolescente-se-afianzo-como-talento-del-siglo-en-ajedrez-en-alemania\/","og_site_name":"Noti-America.com","article_published_time":"2019-07-16T03:05:07+00:00","article_modified_time":"2019-07-16T03:12:33+00:00","og_image":[{"width":220,"height":355,"url":"https:\/\/noti-america.com\/site\/principal\/wp-content\/uploads\/sites\/26\/2019\/07\/220px-Vincent_Keymer_2017.jpg","type":"image\/jpeg"}],"author":"Ydalith Figueroa Kad-Bay","twitter_card":"summary_large_image","twitter_creator":"@ydalithkad","twitter_misc":{"Escrito por":"Ydalith Figueroa Kad-Bay","Tiempo estimado de lectura":"1 minuto"},"schema":{"@context":"https:\/\/schema.org","@graph":[{"@type":"Article","@id":"https:\/\/noti-america.com\/site\/principal\/2019\/07\/16\/un-adolescente-se-afianzo-como-talento-del-siglo-en-ajedrez-en-alemania\/#article","isPartOf":{"@id":"https:\/\/noti-america.com\/site\/principal\/2019\/07\/16\/un-adolescente-se-afianzo-como-talento-del-siglo-en-ajedrez-en-alemania\/"},"author":{"name":"Ydalith Figueroa Kad-Bay","@id":"https:\/\/noti-america.com\/site\/principal\/#\/schema\/person\/1a24e37c3c358f389f0a111448ddb870"},"headline":"Un adolescente se afianz\u00f3 como talento del siglo en ajedrez, en Alemania.","datePublished":"2019-07-16T03:05:07+00:00","dateModified":"2019-07-16T03:12:33+00:00","mainEntityOfPage":{"@id":"https:\/\/noti-america.com\/site\/principal\/2019\/07\/16\/un-adolescente-se-afianzo-como-talento-del-siglo-en-ajedrez-en-alemania\/"},"wordCount":225,"commentCount":0,"image":{"@id":"https:\/\/noti-america.com\/site\/principal\/2019\/07\/16\/un-adolescente-se-afianzo-como-talento-del-siglo-en-ajedrez-en-alemania\/#primaryimage"},"thumbnailUrl":"https:\/\/noti-america.com\/site\/principal\/wp-content\/uploads\/sites\/26\/2019\/07\/220px-Vincent_Keymer_2017.jpg","keywords":["#Ajedrez","Alemania"],"articleSection":["Internacionales"],"inLanguage":"es","potentialAction":[{"@type":"CommentAction","name":"Comment","target":["https:\/\/noti-america.com\/site\/principal\/2019\/07\/16\/un-adolescente-se-afianzo-como-talento-del-siglo-en-ajedrez-en-alemania\/#respond"]}]},{"@type":"WebPage","@id":"https:\/\/noti-america.com\/site\/principal\/2019\/07\/16\/un-adolescente-se-afianzo-como-talento-del-siglo-en-ajedrez-en-alemania\/","url":"https:\/\/noti-america.com\/site\/principal\/2019\/07\/16\/un-adolescente-se-afianzo-como-talento-del-siglo-en-ajedrez-en-alemania\/","name":"Un adolescente se afianz\u00f3 como talento del siglo en ajedrez, en Alemania. - Noti-America.com","isPartOf":{"@id":"https:\/\/noti-america.com\/site\/principal\/#website"},"primaryImageOfPage":{"@id":"https:\/\/noti-america.com\/site\/principal\/2019\/07\/16\/un-adolescente-se-afianzo-como-talento-del-siglo-en-ajedrez-en-alemania\/#primaryimage"},"image":{"@id":"https:\/\/noti-america.com\/site\/principal\/2019\/07\/16\/un-adolescente-se-afianzo-como-talento-del-siglo-en-ajedrez-en-alemania\/#primaryimage"},"thumbnailUrl":"https:\/\/noti-america.com\/site\/principal\/wp-content\/uploads\/sites\/26\/2019\/07\/220px-Vincent_Keymer_2017.jpg","datePublished":"2019-07-16T03:05:07+00:00","dateModified":"2019-07-16T03:12:33+00:00","author":{"@id":"https:\/\/noti-america.com\/site\/principal\/#\/schema\/person\/1a24e37c3c358f389f0a111448ddb870"},"breadcrumb":{"@id":"https:\/\/noti-america.com\/site\/principal\/2019\/07\/16\/un-adolescente-se-afianzo-como-talento-del-siglo-en-ajedrez-en-alemania\/#breadcrumb"},"inLanguage":"es","potentialAction":[{"@type":"ReadAction","target":["https:\/\/noti-america.com\/site\/principal\/2019\/07\/16\/un-adolescente-se-afianzo-como-talento-del-siglo-en-ajedrez-en-alemania\/"]}]},{"@type":"ImageObject","inLanguage":"es","@id":"https:\/\/noti-america.com\/site\/principal\/2019\/07\/16\/un-adolescente-se-afianzo-como-talento-del-siglo-en-ajedrez-en-alemania\/#primaryimage","url":"https:\/\/noti-america.com\/site\/principal\/wp-content\/uploads\/sites\/26\/2019\/07\/220px-Vincent_Keymer_2017.jpg","contentUrl":"https:\/\/noti-america.com\/site\/principal\/wp-content\/uploads\/sites\/26\/2019\/07\/220px-Vincent_Keymer_2017.jpg","width":220,"height":355},{"@type":"BreadcrumbList","@id":"https:\/\/noti-america.com\/site\/principal\/2019\/07\/16\/un-adolescente-se-afianzo-como-talento-del-siglo-en-ajedrez-en-alemania\/#breadcrumb","itemListElement":[{"@type":"ListItem","position":1,"name":"Portada","item":"https:\/\/noti-america.com\/site\/principal\/"},{"@type":"ListItem","position":2,"name":"Un adolescente se afianz\u00f3 como talento del siglo en ajedrez, en Alemania."}]},{"@type":"WebSite","@id":"https:\/\/noti-america.com\/site\/principal\/#website","url":"https:\/\/noti-america.com\/site\/principal\/","name":"Noti-America.com","description":"El Noticiero Digital M\u00e1s Grande de Am\u00e9rica","potentialAction":[{"@type":"SearchAction","target":{"@type":"EntryPoint","urlTemplate":"https:\/\/noti-america.com\/site\/principal\/?s={search_term_string}"},"query-input":{"@type":"PropertyValueSpecification","valueRequired":true,"valueName":"search_term_string"}}],"inLanguage":"es"},{"@type":"Person","@id":"https:\/\/noti-america.com\/site\/principal\/#\/schema\/person\/1a24e37c3c358f389f0a111448ddb870","name":"Ydalith Figueroa Kad-Bay","image":{"@type":"ImageObject","inLanguage":"es","@id":"https:\/\/secure.gravatar.com\/avatar\/7d1e350465afd215908c3ed413e32ef600cd41c3c21b95416252432a9f6c219c?s=96&d=mm&r=g","url":"https:\/\/secure.gravatar.com\/avatar\/7d1e350465afd215908c3ed413e32ef600cd41c3c21b95416252432a9f6c219c?s=96&d=mm&r=g","contentUrl":"https:\/\/secure.gravatar.com\/avatar\/7d1e350465afd215908c3ed413e32ef600cd41c3c21b95416252432a9f6c219c?s=96&d=mm&r=g","caption":"Ydalith Figueroa Kad-Bay"},"description":"CEO Noti-America Alemania Embajadora de Venezuela para el Proyecto de Acci\u00f3n Clim\u00e1tica de la ONU, Embajadora para la ense\u00f1anza de los ODS de la ONU, Amplificador de la Acci\u00f3n de los ODS de la ONU, Profesor Voluntario del Proyecto KAKUMA (Educaci\u00f3n de calidad para refugiados en \u00c1frica) UNHCR \u2013 ACNUR - Agencia para los refugiados de la ONU-, Miembro de la ONG Gente Y Ciudad, Embajador de las Instituciones de Microfinanzas \u201cNo a la pobreza ODS #1 de la ONU\u201d (todos tienen derecho a acceso a un cr\u00e9dito), y Voluntario al di\u00e1logo global de UN75. Twitter @ydalithkad email ydalith@yhaoo.com Locutor Profesional 32931 Universidad Central de Venezuela @ISHannover \"Colegio Internacional de Hannover Regi\u00f3n, Alemania\" Representante de Aprendizaje Innovaci\u00f3n y Tecnolog\u00eda #LMS (Sistema de Gesti\u00f3n de Aprendizaje) #LMS Gente y Ciudad &amp; Asesores Internacionales ONG Alemania. ONG \"Gente y Ciudad, Venezuela\" Miembro y Asesor especialista An\u00e1lisis de Pol\u00edtica Internacional Asesor Pol\u00edtico Internacional de Venezuela en la defensa de los Derechos Humanos y el restablecimiento Democr\u00e1tico. Diplomacia positiva y Activa. Pasi\u00f3n por el Golf Proyecto #LMS \"Golf para ni\u00f1os y adultos Internacional\" Pasi\u00f3n por los Postres Proyecto #LMS \"Postres, Que Unen a las Culturas del mundo\"","sameAs":["https:\/\/x.com\/ydalithkad"],"url":"https:\/\/noti-america.com\/site\/principal\/author\/yfigueroa\/"}]}},"_links":{"self":[{"href":"https:\/\/noti-america.com\/site\/principal\/wp-json\/wp\/v2\/posts\/5786","targetHints":{"allow":["GET"]}}],"collection":[{"href":"https:\/\/noti-america.com\/site\/principal\/wp-json\/wp\/v2\/posts"}],"about":[{"href":"https:\/\/noti-america.com\/site\/principal\/wp-json\/wp\/v2\/types\/post"}],"author":[{"embeddable":true,"href":"https:\/\/noti-america.com\/site\/principal\/wp-json\/wp\/v2\/users\/31"}],"replies":[{"embeddable":true,"href":"https:\/\/noti-america.com\/site\/principal\/wp-json\/wp\/v2\/comments?post=5786"}],"version-history":[{"count":1,"href":"https:\/\/noti-america.com\/site\/principal\/wp-json\/wp\/v2\/posts\/5786\/revisions"}],"predecessor-version":[{"id":5790,"href":"https:\/\/noti-america.com\/site\/principal\/wp-json\/wp\/v2\/posts\/5786\/revisions\/5790"}],"wp:featuredmedia":[{"embeddable":true,"href":"https:\/\/noti-america.com\/site\/principal\/wp-json\/wp\/v2\/media\/5789"}],"wp:attachment":[{"href":"https:\/\/noti-america.com\/site\/principal\/wp-json\/wp\/v2\/media?parent=5786"}],"wp:term":[{"taxonomy":"category","embeddable":true,"href":"https:\/\/noti-america.com\/site\/principal\/wp-json\/wp\/v2\/categories?post=5786"},{"taxonomy":"post_tag","embeddable":true,"href":"https:\/\/noti-america.com\/site\/principal\/wp-json\/wp\/v2\/tags?post=5786"}],"curies":[{"name":"wp","href":"https:\/\/api.w.org\/{rel}","templated":true}]}}