{"id":57298,"date":"2024-11-18T22:34:43","date_gmt":"2024-11-19T02:34:43","guid":{"rendered":"https:\/\/noti-america.com\/site\/principal\/?p=57298"},"modified":"2024-11-18T18:34:46","modified_gmt":"2024-11-18T22:34:46","slug":"medico-guayaquileno-encabeza-lista-de-candidatos-a-asambleistas-por-unidad-popular","status":"publish","type":"post","link":"https:\/\/noti-america.com\/site\/principal\/2024\/11\/18\/medico-guayaquileno-encabeza-lista-de-candidatos-a-asambleistas-por-unidad-popular\/","title":{"rendered":"M\u00e9dico guayaquile\u00f1o encabeza lista de candidatos a asamble\u00edstas por Unidad Popular"},"content":{"rendered":"<p style=\"text-align: justify\"><strong>REDACCI\u00d3N NOTI-AM\u00c9RICA (ECUADOR)<\/strong><\/p>\n<div id=\"attachment_32947\" style=\"width: 1570px\" class=\"wp-caption alignnone\"><img loading=\"lazy\" decoding=\"async\" aria-describedby=\"caption-attachment-32947\" class=\" wp-image-57299\" src=\"https:\/\/noti-america.com\/site\/principal\/wp-content\/uploads\/sites\/26\/2024\/11\/Ecuador_Montenegro-300x169.jpg\" alt=\"\" width=\"1560\" height=\"879\" srcset=\"https:\/\/noti-america.com\/site\/principal\/wp-content\/uploads\/sites\/26\/2024\/11\/Ecuador_Montenegro-300x169.jpg 300w, https:\/\/noti-america.com\/site\/principal\/wp-content\/uploads\/sites\/26\/2024\/11\/Ecuador_Montenegro-1024x576.jpg 1024w, https:\/\/noti-america.com\/site\/principal\/wp-content\/uploads\/sites\/26\/2024\/11\/Ecuador_Montenegro-768x432.jpg 768w, https:\/\/noti-america.com\/site\/principal\/wp-content\/uploads\/sites\/26\/2024\/11\/Ecuador_Montenegro-1536x864.jpg 1536w, https:\/\/noti-america.com\/site\/principal\/wp-content\/uploads\/sites\/26\/2024\/11\/Ecuador_Montenegro.jpg 1920w\" sizes=\"auto, (max-width: 1560px) 100vw, 1560px\" \/><p id=\"caption-attachment-32947\" class=\"wp-caption-text\"><strong>El candidato a asamble\u00edsta nacional del distrito 1 de Guayas por el movimiento Unidad Popular, Ecuador Montenegro, lleg\u00f3 acompa\u00f1ado de cientos de simpatizantes al Club River Oeste de Guayaquil.<\/strong><\/p><\/div>\n<p style=\"text-align: justify\">El destacado m\u00e9dico guayaquile\u00f1o, Ecuador Montenegro Mor\u00e1n, encabeza la lista de candidatos a asamble\u00edstas nacionales por el distrito 1 del Guayas, representado por el movimiento Unidad Popular, Lista 2.<\/p>\n<p style=\"text-align: justify\">El galeno mencion\u00f3 que su trabajo estar\u00e1 enfocado en generar salud, educaci\u00f3n y trabajo, que \u201ccon eso vamos a tener un pa\u00eds libre y alegre, lo que no est\u00e1 pasando hoy\u201d.<\/p>\n<p style=\"text-align: justify\">Al referirse en combatir la delincuencia asegur\u00f3 que \u201ccuando usted le da educaci\u00f3n e invierte en salud esto comienza a desaparecer porque la gente puede ir a las universidades, no abandonan las escuelas y vamos a tener hombre de bien, con deportistas y con gente que quiera trabajar\u201d.<\/p>\n<p style=\"text-align: justify\">\u201cLa gente abandona los colegios por la inseguridad y las madres no llevan a sus ni\u00f1os a las escuelas\u2026 el pueblo necesita tranquilidad, seguridad y a la vez que la inversi\u00f3n sea en salud y educaci\u00f3n\u201d, enfatiz\u00f3 Montenegro.<\/p>\n<p style=\"text-align: justify\">Estas declaraciones las dio durante el evento de presentaci\u00f3n de candidatos a la Asamblea Nacional que se efectu\u00f3 la ma\u00f1ana de este domingo 17 de noviembre en el coliseo River Oeste, ubicado al suroeste de la ciudad de Guayaquil.<\/p>\n<p style=\"text-align: justify\">Cientos de simpatizantes se dieron cita para acompa\u00f1ar tambi\u00e9n al presidenciable Jorge Escala, quien estuvo junto a su binomio Pacha Ter\u00e1n y todo su equipo, conformado por Geovanny Atarihuana, Natasha Rojas, entre otros, Alonso L\u00f3pez, entre otros.<\/p>\n","protected":false},"excerpt":{"rendered":"<p>REDACCI\u00d3N NOTI-AM\u00c9RICA (ECUADOR) El destacado m\u00e9dico guayaquile\u00f1o, Ecuador Montenegro Mor\u00e1n, encabeza la lista de candidatos a asamble\u00edstas nacionales por el distrito 1 del Guayas, representado por el movimiento Unidad Popular, Lista 2. El galeno&#46;&#46;&#46;<\/p>\n","protected":false},"author":54,"featured_media":0,"comment_status":"closed","ping_status":"open","sticky":false,"template":"","format":"standard","meta":{"_acf_changed":false,"rop_custom_images_group":[],"rop_custom_messages_group":[],"rop_publish_now":"initial","rop_publish_now_accounts":{"facebook_10219548024599422_1632221337088128":"","twitter_242054905_242054905":""},"rop_publish_now_history":[],"rop_publish_now_status":"pending","footnotes":""},"categories":[47],"tags":[],"class_list":["post-57298","post","type-post","status-publish","format-standard","hentry","category-politica-opinion"],"acf":[],"yoast_head":"<!-- This site is optimized with the Yoast SEO Premium plugin v24.9 (Yoast SEO v27.2) - https:\/\/yoast.com\/product\/yoast-seo-premium-wordpress\/ -->\n<title>M\u00e9dico guayaquile\u00f1o encabeza lista de candidatos a asamble\u00edstas por Unidad Popular - Noti-America.com<\/title>\n<meta name=\"robots\" content=\"index, follow, max-snippet:-1, max-image-preview:large, max-video-preview:-1\" \/>\n<link rel=\"canonical\" href=\"https:\/\/noti-america.com\/site\/principal\/2024\/11\/18\/medico-guayaquileno-encabeza-lista-de-candidatos-a-asambleistas-por-unidad-popular\/\" \/>\n<meta property=\"og:locale\" content=\"es_ES\" \/>\n<meta property=\"og:type\" content=\"article\" \/>\n<meta property=\"og:title\" content=\"M\u00e9dico guayaquile\u00f1o encabeza lista de candidatos a asamble\u00edstas por Unidad Popular\" \/>\n<meta property=\"og:description\" content=\"REDACCI\u00d3N NOTI-AM\u00c9RICA (ECUADOR) El destacado m\u00e9dico guayaquile\u00f1o, Ecuador Montenegro Mor\u00e1n, encabeza la lista de candidatos a asamble\u00edstas nacionales por el distrito 1 del Guayas, representado por el movimiento Unidad Popular, Lista 2. El galeno&#046;&#046;&#046;\" \/>\n<meta property=\"og:url\" content=\"https:\/\/noti-america.com\/site\/principal\/2024\/11\/18\/medico-guayaquileno-encabeza-lista-de-candidatos-a-asambleistas-por-unidad-popular\/\" \/>\n<meta property=\"og:site_name\" content=\"Noti-America.com\" \/>\n<meta property=\"article:author\" content=\"https:\/\/www.facebook.com\/geojuradopuente\" \/>\n<meta property=\"article:published_time\" content=\"2024-11-19T02:34:43+00:00\" \/>\n<meta property=\"og:image\" content=\"https:\/\/noti-america.com\/site\/principal\/wp-content\/uploads\/sites\/26\/2024\/11\/Ecuador_Montenegro-300x169.jpg\" \/>\n<meta name=\"author\" content=\"Mgtr. Geovanny Jurado Puente\" \/>\n<meta name=\"twitter:card\" content=\"summary_large_image\" \/>\n<meta name=\"twitter:creator\" content=\"@GeoJurado\" \/>\n<meta name=\"twitter:label1\" content=\"Escrito por\" \/>\n\t<meta name=\"twitter:data1\" content=\"Mgtr. Geovanny Jurado Puente\" \/>\n\t<meta name=\"twitter:label2\" content=\"Tiempo estimado de lectura\" \/>\n\t<meta name=\"twitter:data2\" content=\"1 minuto\" \/>\n<script type=\"application\/ld+json\" class=\"yoast-schema-graph\">{\"@context\":\"https:\/\/schema.org\",\"@graph\":[{\"@type\":\"Article\",\"@id\":\"https:\/\/noti-america.com\/site\/principal\/2024\/11\/18\/medico-guayaquileno-encabeza-lista-de-candidatos-a-asambleistas-por-unidad-popular\/#article\",\"isPartOf\":{\"@id\":\"https:\/\/noti-america.com\/site\/principal\/2024\/11\/18\/medico-guayaquileno-encabeza-lista-de-candidatos-a-asambleistas-por-unidad-popular\/\"},\"author\":{\"name\":\"Mgtr. Geovanny Jurado Puente\",\"@id\":\"https:\/\/noti-america.com\/site\/principal\/#\/schema\/person\/eafaa0d78b886269707bbd67c79282d8\"},\"headline\":\"M\u00e9dico guayaquile\u00f1o encabeza lista de candidatos a asamble\u00edstas por Unidad Popular\",\"datePublished\":\"2024-11-19T02:34:43+00:00\",\"mainEntityOfPage\":{\"@id\":\"https:\/\/noti-america.com\/site\/principal\/2024\/11\/18\/medico-guayaquileno-encabeza-lista-de-candidatos-a-asambleistas-por-unidad-popular\/\"},\"wordCount\":291,\"image\":{\"@id\":\"https:\/\/noti-america.com\/site\/principal\/2024\/11\/18\/medico-guayaquileno-encabeza-lista-de-candidatos-a-asambleistas-por-unidad-popular\/#primaryimage\"},\"thumbnailUrl\":\"https:\/\/noti-america.com\/site\/principal\/wp-content\/uploads\/sites\/26\/2024\/11\/Ecuador_Montenegro-300x169.jpg\",\"articleSection\":[\"Pol\u00edtica\"],\"inLanguage\":\"es\"},{\"@type\":\"WebPage\",\"@id\":\"https:\/\/noti-america.com\/site\/principal\/2024\/11\/18\/medico-guayaquileno-encabeza-lista-de-candidatos-a-asambleistas-por-unidad-popular\/\",\"url\":\"https:\/\/noti-america.com\/site\/principal\/2024\/11\/18\/medico-guayaquileno-encabeza-lista-de-candidatos-a-asambleistas-por-unidad-popular\/\",\"name\":\"M\u00e9dico guayaquile\u00f1o encabeza lista de candidatos a asamble\u00edstas por Unidad Popular - Noti-America.com\",\"isPartOf\":{\"@id\":\"https:\/\/noti-america.com\/site\/principal\/#website\"},\"primaryImageOfPage\":{\"@id\":\"https:\/\/noti-america.com\/site\/principal\/2024\/11\/18\/medico-guayaquileno-encabeza-lista-de-candidatos-a-asambleistas-por-unidad-popular\/#primaryimage\"},\"image\":{\"@id\":\"https:\/\/noti-america.com\/site\/principal\/2024\/11\/18\/medico-guayaquileno-encabeza-lista-de-candidatos-a-asambleistas-por-unidad-popular\/#primaryimage\"},\"thumbnailUrl\":\"https:\/\/noti-america.com\/site\/principal\/wp-content\/uploads\/sites\/26\/2024\/11\/Ecuador_Montenegro-300x169.jpg\",\"datePublished\":\"2024-11-19T02:34:43+00:00\",\"author\":{\"@id\":\"https:\/\/noti-america.com\/site\/principal\/#\/schema\/person\/eafaa0d78b886269707bbd67c79282d8\"},\"breadcrumb\":{\"@id\":\"https:\/\/noti-america.com\/site\/principal\/2024\/11\/18\/medico-guayaquileno-encabeza-lista-de-candidatos-a-asambleistas-por-unidad-popular\/#breadcrumb\"},\"inLanguage\":\"es\",\"potentialAction\":[{\"@type\":\"ReadAction\",\"target\":[\"https:\/\/noti-america.com\/site\/principal\/2024\/11\/18\/medico-guayaquileno-encabeza-lista-de-candidatos-a-asambleistas-por-unidad-popular\/\"]}]},{\"@type\":\"ImageObject\",\"inLanguage\":\"es\",\"@id\":\"https:\/\/noti-america.com\/site\/principal\/2024\/11\/18\/medico-guayaquileno-encabeza-lista-de-candidatos-a-asambleistas-por-unidad-popular\/#primaryimage\",\"url\":\"https:\/\/noti-america.com\/site\/principal\/wp-content\/uploads\/sites\/26\/2024\/11\/Ecuador_Montenegro.jpg\",\"contentUrl\":\"https:\/\/noti-america.com\/site\/principal\/wp-content\/uploads\/sites\/26\/2024\/11\/Ecuador_Montenegro.jpg\",\"width\":1920,\"height\":1080,\"caption\":\"El candidato a asamble\u00edsta nacional del distrito 1 de Guayas por el movimiento Unidad Popular, Ecuador Montenegro, lleg\u00f3 acompa\u00f1ado de cientos de simpatizantes al Club River Oeste de Guayaquil.\"},{\"@type\":\"BreadcrumbList\",\"@id\":\"https:\/\/noti-america.com\/site\/principal\/2024\/11\/18\/medico-guayaquileno-encabeza-lista-de-candidatos-a-asambleistas-por-unidad-popular\/#breadcrumb\",\"itemListElement\":[{\"@type\":\"ListItem\",\"position\":1,\"name\":\"Portada\",\"item\":\"https:\/\/noti-america.com\/site\/principal\/\"},{\"@type\":\"ListItem\",\"position\":2,\"name\":\"M\u00e9dico guayaquile\u00f1o encabeza lista de candidatos a asamble\u00edstas por Unidad Popular\"}]},{\"@type\":\"WebSite\",\"@id\":\"https:\/\/noti-america.com\/site\/principal\/#website\",\"url\":\"https:\/\/noti-america.com\/site\/principal\/\",\"name\":\"Noti-America.com\",\"description\":\"El Noticiero Digital M\u00e1s Grande de Am\u00e9rica\",\"potentialAction\":[{\"@type\":\"SearchAction\",\"target\":{\"@type\":\"EntryPoint\",\"urlTemplate\":\"https:\/\/noti-america.com\/site\/principal\/?s={search_term_string}\"},\"query-input\":{\"@type\":\"PropertyValueSpecification\",\"valueRequired\":true,\"valueName\":\"search_term_string\"}}],\"inLanguage\":\"es\"},{\"@type\":\"Person\",\"@id\":\"https:\/\/noti-america.com\/site\/principal\/#\/schema\/person\/eafaa0d78b886269707bbd67c79282d8\",\"name\":\"Mgtr. Geovanny Jurado Puente\",\"image\":{\"@type\":\"ImageObject\",\"inLanguage\":\"es\",\"@id\":\"https:\/\/secure.gravatar.com\/avatar\/f837d50a2ea0d7cba882939210fb03249c2d70cdea88235e685f1a91ced24905?s=96&d=mm&r=g\",\"url\":\"https:\/\/secure.gravatar.com\/avatar\/f837d50a2ea0d7cba882939210fb03249c2d70cdea88235e685f1a91ced24905?s=96&d=mm&r=g\",\"contentUrl\":\"https:\/\/secure.gravatar.com\/avatar\/f837d50a2ea0d7cba882939210fb03249c2d70cdea88235e685f1a91ced24905?s=96&d=mm&r=g\",\"caption\":\"Mgtr. Geovanny Jurado Puente\"},\"description\":\"Mag\u00edster en Comunicaci\u00f3n, Menci\u00f3n Pol\u00edticas de Desarrollo Social; Licenciado en Ciencias de la Comunicaci\u00f3n Social; Docente Universitario; Miembro de la Red de Investigadores en Comunicaci\u00f3n del Ecuador (RICE); Miembro Fundador de la Red de Editoriales Universitarias y Escuelas Polit\u00e9cnicas del Ecuador (Reupde); ecuatoriano de nacimiento, con residencia en Daule.\",\"sameAs\":[\"https:\/\/www.facebook.com\/geojuradopuente\",\"Geo Jurado\",\"https:\/\/x.com\/GeoJurado\"],\"url\":\"https:\/\/noti-america.com\/site\/principal\/author\/gjurado\/\"}]}<\/script>\n<!-- \/ Yoast SEO Premium plugin. -->","yoast_head_json":{"title":"M\u00e9dico guayaquile\u00f1o encabeza lista de candidatos a asamble\u00edstas por Unidad Popular - Noti-America.com","robots":{"index":"index","follow":"follow","max-snippet":"max-snippet:-1","max-image-preview":"max-image-preview:large","max-video-preview":"max-video-preview:-1"},"canonical":"https:\/\/noti-america.com\/site\/principal\/2024\/11\/18\/medico-guayaquileno-encabeza-lista-de-candidatos-a-asambleistas-por-unidad-popular\/","og_locale":"es_ES","og_type":"article","og_title":"M\u00e9dico guayaquile\u00f1o encabeza lista de candidatos a asamble\u00edstas por Unidad Popular","og_description":"REDACCI\u00d3N NOTI-AM\u00c9RICA (ECUADOR) El destacado m\u00e9dico guayaquile\u00f1o, Ecuador Montenegro Mor\u00e1n, encabeza la lista de candidatos a asamble\u00edstas nacionales por el distrito 1 del Guayas, representado por el movimiento Unidad Popular, Lista 2. El galeno&#46;&#46;&#46;","og_url":"https:\/\/noti-america.com\/site\/principal\/2024\/11\/18\/medico-guayaquileno-encabeza-lista-de-candidatos-a-asambleistas-por-unidad-popular\/","og_site_name":"Noti-America.com","article_author":"https:\/\/www.facebook.com\/geojuradopuente","article_published_time":"2024-11-19T02:34:43+00:00","og_image":[{"url":"https:\/\/noti-america.com\/site\/principal\/wp-content\/uploads\/sites\/26\/2024\/11\/Ecuador_Montenegro-300x169.jpg","type":"","width":"","height":""}],"author":"Mgtr. Geovanny Jurado Puente","twitter_card":"summary_large_image","twitter_creator":"@GeoJurado","twitter_misc":{"Escrito por":"Mgtr. Geovanny Jurado Puente","Tiempo estimado de lectura":"1 minuto"},"schema":{"@context":"https:\/\/schema.org","@graph":[{"@type":"Article","@id":"https:\/\/noti-america.com\/site\/principal\/2024\/11\/18\/medico-guayaquileno-encabeza-lista-de-candidatos-a-asambleistas-por-unidad-popular\/#article","isPartOf":{"@id":"https:\/\/noti-america.com\/site\/principal\/2024\/11\/18\/medico-guayaquileno-encabeza-lista-de-candidatos-a-asambleistas-por-unidad-popular\/"},"author":{"name":"Mgtr. Geovanny Jurado Puente","@id":"https:\/\/noti-america.com\/site\/principal\/#\/schema\/person\/eafaa0d78b886269707bbd67c79282d8"},"headline":"M\u00e9dico guayaquile\u00f1o encabeza lista de candidatos a asamble\u00edstas por Unidad Popular","datePublished":"2024-11-19T02:34:43+00:00","mainEntityOfPage":{"@id":"https:\/\/noti-america.com\/site\/principal\/2024\/11\/18\/medico-guayaquileno-encabeza-lista-de-candidatos-a-asambleistas-por-unidad-popular\/"},"wordCount":291,"image":{"@id":"https:\/\/noti-america.com\/site\/principal\/2024\/11\/18\/medico-guayaquileno-encabeza-lista-de-candidatos-a-asambleistas-por-unidad-popular\/#primaryimage"},"thumbnailUrl":"https:\/\/noti-america.com\/site\/principal\/wp-content\/uploads\/sites\/26\/2024\/11\/Ecuador_Montenegro-300x169.jpg","articleSection":["Pol\u00edtica"],"inLanguage":"es"},{"@type":"WebPage","@id":"https:\/\/noti-america.com\/site\/principal\/2024\/11\/18\/medico-guayaquileno-encabeza-lista-de-candidatos-a-asambleistas-por-unidad-popular\/","url":"https:\/\/noti-america.com\/site\/principal\/2024\/11\/18\/medico-guayaquileno-encabeza-lista-de-candidatos-a-asambleistas-por-unidad-popular\/","name":"M\u00e9dico guayaquile\u00f1o encabeza lista de candidatos a asamble\u00edstas por Unidad Popular - Noti-America.com","isPartOf":{"@id":"https:\/\/noti-america.com\/site\/principal\/#website"},"primaryImageOfPage":{"@id":"https:\/\/noti-america.com\/site\/principal\/2024\/11\/18\/medico-guayaquileno-encabeza-lista-de-candidatos-a-asambleistas-por-unidad-popular\/#primaryimage"},"image":{"@id":"https:\/\/noti-america.com\/site\/principal\/2024\/11\/18\/medico-guayaquileno-encabeza-lista-de-candidatos-a-asambleistas-por-unidad-popular\/#primaryimage"},"thumbnailUrl":"https:\/\/noti-america.com\/site\/principal\/wp-content\/uploads\/sites\/26\/2024\/11\/Ecuador_Montenegro-300x169.jpg","datePublished":"2024-11-19T02:34:43+00:00","author":{"@id":"https:\/\/noti-america.com\/site\/principal\/#\/schema\/person\/eafaa0d78b886269707bbd67c79282d8"},"breadcrumb":{"@id":"https:\/\/noti-america.com\/site\/principal\/2024\/11\/18\/medico-guayaquileno-encabeza-lista-de-candidatos-a-asambleistas-por-unidad-popular\/#breadcrumb"},"inLanguage":"es","potentialAction":[{"@type":"ReadAction","target":["https:\/\/noti-america.com\/site\/principal\/2024\/11\/18\/medico-guayaquileno-encabeza-lista-de-candidatos-a-asambleistas-por-unidad-popular\/"]}]},{"@type":"ImageObject","inLanguage":"es","@id":"https:\/\/noti-america.com\/site\/principal\/2024\/11\/18\/medico-guayaquileno-encabeza-lista-de-candidatos-a-asambleistas-por-unidad-popular\/#primaryimage","url":"https:\/\/noti-america.com\/site\/principal\/wp-content\/uploads\/sites\/26\/2024\/11\/Ecuador_Montenegro.jpg","contentUrl":"https:\/\/noti-america.com\/site\/principal\/wp-content\/uploads\/sites\/26\/2024\/11\/Ecuador_Montenegro.jpg","width":1920,"height":1080,"caption":"El candidato a asamble\u00edsta nacional del distrito 1 de Guayas por el movimiento Unidad Popular, Ecuador Montenegro, lleg\u00f3 acompa\u00f1ado de cientos de simpatizantes al Club River Oeste de Guayaquil."},{"@type":"BreadcrumbList","@id":"https:\/\/noti-america.com\/site\/principal\/2024\/11\/18\/medico-guayaquileno-encabeza-lista-de-candidatos-a-asambleistas-por-unidad-popular\/#breadcrumb","itemListElement":[{"@type":"ListItem","position":1,"name":"Portada","item":"https:\/\/noti-america.com\/site\/principal\/"},{"@type":"ListItem","position":2,"name":"M\u00e9dico guayaquile\u00f1o encabeza lista de candidatos a asamble\u00edstas por Unidad Popular"}]},{"@type":"WebSite","@id":"https:\/\/noti-america.com\/site\/principal\/#website","url":"https:\/\/noti-america.com\/site\/principal\/","name":"Noti-America.com","description":"El Noticiero Digital M\u00e1s Grande de Am\u00e9rica","potentialAction":[{"@type":"SearchAction","target":{"@type":"EntryPoint","urlTemplate":"https:\/\/noti-america.com\/site\/principal\/?s={search_term_string}"},"query-input":{"@type":"PropertyValueSpecification","valueRequired":true,"valueName":"search_term_string"}}],"inLanguage":"es"},{"@type":"Person","@id":"https:\/\/noti-america.com\/site\/principal\/#\/schema\/person\/eafaa0d78b886269707bbd67c79282d8","name":"Mgtr. Geovanny Jurado Puente","image":{"@type":"ImageObject","inLanguage":"es","@id":"https:\/\/secure.gravatar.com\/avatar\/f837d50a2ea0d7cba882939210fb03249c2d70cdea88235e685f1a91ced24905?s=96&d=mm&r=g","url":"https:\/\/secure.gravatar.com\/avatar\/f837d50a2ea0d7cba882939210fb03249c2d70cdea88235e685f1a91ced24905?s=96&d=mm&r=g","contentUrl":"https:\/\/secure.gravatar.com\/avatar\/f837d50a2ea0d7cba882939210fb03249c2d70cdea88235e685f1a91ced24905?s=96&d=mm&r=g","caption":"Mgtr. Geovanny Jurado Puente"},"description":"Mag\u00edster en Comunicaci\u00f3n, Menci\u00f3n Pol\u00edticas de Desarrollo Social; Licenciado en Ciencias de la Comunicaci\u00f3n Social; Docente Universitario; Miembro de la Red de Investigadores en Comunicaci\u00f3n del Ecuador (RICE); Miembro Fundador de la Red de Editoriales Universitarias y Escuelas Polit\u00e9cnicas del Ecuador (Reupde); ecuatoriano de nacimiento, con residencia en Daule.","sameAs":["https:\/\/www.facebook.com\/geojuradopuente","Geo Jurado","https:\/\/x.com\/GeoJurado"],"url":"https:\/\/noti-america.com\/site\/principal\/author\/gjurado\/"}]}},"_links":{"self":[{"href":"https:\/\/noti-america.com\/site\/principal\/wp-json\/wp\/v2\/posts\/57298","targetHints":{"allow":["GET"]}}],"collection":[{"href":"https:\/\/noti-america.com\/site\/principal\/wp-json\/wp\/v2\/posts"}],"about":[{"href":"https:\/\/noti-america.com\/site\/principal\/wp-json\/wp\/v2\/types\/post"}],"author":[{"embeddable":true,"href":"https:\/\/noti-america.com\/site\/principal\/wp-json\/wp\/v2\/users\/54"}],"replies":[{"embeddable":true,"href":"https:\/\/noti-america.com\/site\/principal\/wp-json\/wp\/v2\/comments?post=57298"}],"version-history":[{"count":1,"href":"https:\/\/noti-america.com\/site\/principal\/wp-json\/wp\/v2\/posts\/57298\/revisions"}],"predecessor-version":[{"id":57300,"href":"https:\/\/noti-america.com\/site\/principal\/wp-json\/wp\/v2\/posts\/57298\/revisions\/57300"}],"wp:attachment":[{"href":"https:\/\/noti-america.com\/site\/principal\/wp-json\/wp\/v2\/media?parent=57298"}],"wp:term":[{"taxonomy":"category","embeddable":true,"href":"https:\/\/noti-america.com\/site\/principal\/wp-json\/wp\/v2\/categories?post=57298"},{"taxonomy":"post_tag","embeddable":true,"href":"https:\/\/noti-america.com\/site\/principal\/wp-json\/wp\/v2\/tags?post=57298"}],"curies":[{"name":"wp","href":"https:\/\/api.w.org\/{rel}","templated":true}]}}